{"id":12818,"date":"2025-03-15T11:00:53","date_gmt":"2025-03-15T17:00:53","guid":{"rendered":"https:\/\/www.nexoinformativo.mx\/?p=12818"},"modified":"2025-03-15T13:31:37","modified_gmt":"2025-03-15T19:31:37","slug":"empresarias-queretanas-lideran-la-economia-circular-inicia-nueva-cadena-en-sedesu","status":"publish","type":"post","link":"https:\/\/www.nexoinformativo.mx\/index.php\/2025\/03\/15\/empresarias-queretanas-lideran-la-economia-circular-inicia-nueva-cadena-en-sedesu\/","title":{"rendered":"Empresarias queretanas lideran la econom\u00eda circular inicia nueva cadena en SEDESU"},"content":{"rendered":"<p style=\"text-align: justify;\" data-sourcepos=\"13:1-13:309\">Marco Antonio Del Prete, titular de la <strong>Secretar\u00eda de Desarrollo Sustentable<\/strong> (SEDESU), inaugur\u00f3 la primera sesi\u00f3n de la cadena del Consejo Coordinador Empresarial de Mujeres de Quer\u00e9taro enfocada en el Sistema de Econom\u00eda Circular, un proyecto que re\u00fane a 20 empresas.<\/p>\n<\/p>\n<p>&nbsp;<\/p>\n<p style=\"text-align: justify;\" data-sourcepos=\"15:1-15:194\">El objetivo principal de esta iniciativa es fortalecer la competitividad de las empresarias y proveedores locales mediante la implementaci\u00f3n de pr\u00e1cticas de econom\u00eda circular en sus operaciones.<\/p>\n<\/p>\n<p>&nbsp;<\/p>\n<p style=\"text-align: justify;\" data-sourcepos=\"17:1-17:174\">Del Prete destac\u00f3 que esta cadena es pionera al estar integrada por empresas de comercio y servicios, demostrando el liderazgo femenino en la adopci\u00f3n de modelos sostenibles.<\/p>\n<\/p>\n<p>&nbsp;<\/p>\n<p style=\"text-align: justify;\" data-sourcepos=\"19:1-19:244\">&#8220;Buscamos llegar a mil empresas para el final de la administraci\u00f3n con este Sistema de Econom\u00eda Circular que es \u00fanico en el pa\u00eds y dota de competitividad a las empresas queretanas con enfoque del cuidado del medio ambiente&#8221;, concluy\u00f3 Del Prete.<\/p>\n<\/p>\n<p>&nbsp;<\/p>\n<p style=\"text-align: justify;\" data-sourcepos=\"21:1-21:215\">Laura Sep\u00falveda Antuna, presidenta del Consejo Coordinador de Mujeres Empresarias de Quer\u00e9taro, resalt\u00f3 la importancia de la econom\u00eda circular para el estado y el pa\u00eds, y el impacto positivo que tendr\u00e1 en las PyMEs.<\/p>\n<\/p>\n<p>&nbsp;<\/p>\n<p style=\"text-align: justify;\" data-sourcepos=\"23:1-23:231\">Ra\u00fal Lizarrituri Mart\u00ednez, presidente del Cl\u00faster Automotriz, reconoci\u00f3 el liderazgo y compromiso de las participantes, y el potencial de la econom\u00eda circular para aumentar la rentabilidad y fomentar un nuevo paradigma empresarial.<\/p>\n<\/p>\n<p>&nbsp;<\/p>\n<p style=\"text-align: center;\" data-sourcepos=\"23:1-23:231\"><em><strong>\u00a1Informaci\u00f3n que transforma!<\/strong><\/em><\/p>\n","protected":false},"excerpt":{"rendered":"<p>Marco Antonio Del Prete, titular de la Secretar\u00eda de Desarrollo Sustentable (SEDESU), inaugur\u00f3 la primera sesi\u00f3n de la cadena del Consejo Coordinador Empresarial de Mujeres de Quer\u00e9taro enfocada en el Sistema de Econom\u00eda Circular, un proyecto que re\u00fane a 20 empresas.<\/p>\n","protected":false},"author":3,"featured_media":12819,"comment_status":"open","ping_status":"open","sticky":false,"template":"","format":"standard","meta":{"footnotes":""},"categories":[5,42,58],"tags":[2335,3771,994,3772],"class_list":["post-12818","post","type-post","status-publish","format-standard","has-post-thumbnail","hentry","category-economia","category-estado","category-ultima-hora","tag-economiacircular","tag-mujeresempresarias","tag-queretarosostenible","tag-sedesuqueretaro"],"yoast_head":"<!-- This site is optimized with the Yoast SEO plugin v25.0 - https:\/\/yoast.com\/wordpress\/plugins\/seo\/ -->\n<title>Empresarias queretanas lideran la econom\u00eda circular inicia nueva cadena en SEDESU | Nexo Informativo Santiago de Quer\u00e9taro<\/title>\n<meta name=\"robots\" content=\"index, follow, max-snippet:-1, max-image-preview:large, max-video-preview:-1\" \/>\n<link rel=\"canonical\" href=\"https:\/\/www.nexoinformativo.mx\/index.php\/2025\/03\/15\/empresarias-queretanas-lideran-la-economia-circular-inicia-nueva-cadena-en-sedesu\/\" \/>\n<meta property=\"og:locale\" content=\"es_MX\" \/>\n<meta property=\"og:type\" content=\"article\" \/>\n<meta property=\"og:title\" content=\"Empresarias queretanas lideran la econom\u00eda circular inicia nueva cadena en SEDESU | Nexo Informativo Santiago de Quer\u00e9taro\" \/>\n<meta property=\"og:description\" content=\"Marco Antonio Del Prete, titular de la Secretar\u00eda de Desarrollo Sustentable (SEDESU), inaugur\u00f3 la primera sesi\u00f3n de la cadena del Consejo Coordinador Empresarial de Mujeres de Quer\u00e9taro enfocada en el Sistema de Econom\u00eda Circular, un proyecto que re\u00fane a 20 empresas.\" \/>\n<meta property=\"og:url\" content=\"https:\/\/www.nexoinformativo.mx\/index.php\/2025\/03\/15\/empresarias-queretanas-lideran-la-economia-circular-inicia-nueva-cadena-en-sedesu\/\" \/>\n<meta property=\"og:site_name\" content=\"Nexo Informativo Santiago de Quer\u00e9taro\" \/>\n<meta property=\"article:publisher\" content=\"https:\/\/www.facebook.com\/people\/Nexo-Informativo\/61564066885511\/\" \/>\n<meta property=\"article:published_time\" content=\"2025-03-15T17:00:53+00:00\" \/>\n<meta property=\"article:modified_time\" content=\"2025-03-15T19:31:37+00:00\" \/>\n<meta property=\"og:image\" content=\"https:\/\/www.nexoinformativo.mx\/wp-content\/uploads\/2025\/03\/PHOTO-2025-03-15-13-21-46-e1742067012411.jpg\" \/>\n\t<meta property=\"og:image:width\" content=\"800\" \/>\n\t<meta property=\"og:image:height\" content=\"533\" \/>\n\t<meta property=\"og:image:type\" content=\"image\/jpeg\" \/>\n<meta name=\"author\" content=\"Nexo Informativo\" \/>\n<meta name=\"twitter:card\" content=\"summary_large_image\" \/>\n<meta name=\"twitter:label1\" content=\"Escrito por\" \/>\n\t<meta name=\"twitter:data1\" content=\"Nexo Informativo\" \/>\n\t<meta name=\"twitter:label2\" content=\"Tiempo de lectura\" \/>\n\t<meta name=\"twitter:data2\" content=\"2 minutos\" \/>\n<script type=\"application\/ld+json\" class=\"yoast-schema-graph\">{\"@context\":\"https:\/\/schema.org\",\"@graph\":[{\"@type\":\"Article\",\"@id\":\"https:\/\/www.nexoinformativo.mx\/index.php\/2025\/03\/15\/empresarias-queretanas-lideran-la-economia-circular-inicia-nueva-cadena-en-sedesu\/#article\",\"isPartOf\":{\"@id\":\"https:\/\/www.nexoinformativo.mx\/index.php\/2025\/03\/15\/empresarias-queretanas-lideran-la-economia-circular-inicia-nueva-cadena-en-sedesu\/\"},\"author\":{\"name\":\"Nexo Informativo\",\"@id\":\"https:\/\/www.nexoinformativo.mx\/#\/schema\/person\/7749d380ba08c8ca00d7bc76fd907b7d\"},\"headline\":\"Empresarias queretanas lideran la econom\u00eda circular inicia nueva cadena en SEDESU\",\"datePublished\":\"2025-03-15T17:00:53+00:00\",\"dateModified\":\"2025-03-15T19:31:37+00:00\",\"mainEntityOfPage\":{\"@id\":\"https:\/\/www.nexoinformativo.mx\/index.php\/2025\/03\/15\/empresarias-queretanas-lideran-la-economia-circular-inicia-nueva-cadena-en-sedesu\/\"},\"wordCount\":243,\"commentCount\":0,\"publisher\":{\"@id\":\"https:\/\/www.nexoinformativo.mx\/#organization\"},\"image\":{\"@id\":\"https:\/\/www.nexoinformativo.mx\/index.php\/2025\/03\/15\/empresarias-queretanas-lideran-la-economia-circular-inicia-nueva-cadena-en-sedesu\/#primaryimage\"},\"thumbnailUrl\":\"https:\/\/www.nexoinformativo.mx\/wp-content\/uploads\/2025\/03\/PHOTO-2025-03-15-13-21-46-e1742067012411.jpg\",\"keywords\":[\"Econom\u00edaCircular\",\"MujeresEmpresarias\",\"Quer\u00e9taroSostenible\",\"SEDESUQuer\u00e9taro\"],\"articleSection\":[\"Econom\u00eda\",\"Estado\",\"\u00daltima Hora\"],\"inLanguage\":\"es\",\"potentialAction\":[{\"@type\":\"CommentAction\",\"name\":\"Comment\",\"target\":[\"https:\/\/www.nexoinformativo.mx\/index.php\/2025\/03\/15\/empresarias-queretanas-lideran-la-economia-circular-inicia-nueva-cadena-en-sedesu\/#respond\"]}]},{\"@type\":\"WebPage\",\"@id\":\"https:\/\/www.nexoinformativo.mx\/index.php\/2025\/03\/15\/empresarias-queretanas-lideran-la-economia-circular-inicia-nueva-cadena-en-sedesu\/\",\"url\":\"https:\/\/www.nexoinformativo.mx\/index.php\/2025\/03\/15\/empresarias-queretanas-lideran-la-economia-circular-inicia-nueva-cadena-en-sedesu\/\",\"name\":\"Empresarias queretanas lideran la econom\u00eda circular inicia nueva cadena en SEDESU | Nexo Informativo Santiago de Quer\u00e9taro\",\"isPartOf\":{\"@id\":\"https:\/\/www.nexoinformativo.mx\/#website\"},\"primaryImageOfPage\":{\"@id\":\"https:\/\/www.nexoinformativo.mx\/index.php\/2025\/03\/15\/empresarias-queretanas-lideran-la-economia-circular-inicia-nueva-cadena-en-sedesu\/#primaryimage\"},\"image\":{\"@id\":\"https:\/\/www.nexoinformativo.mx\/index.php\/2025\/03\/15\/empresarias-queretanas-lideran-la-economia-circular-inicia-nueva-cadena-en-sedesu\/#primaryimage\"},\"thumbnailUrl\":\"https:\/\/www.nexoinformativo.mx\/wp-content\/uploads\/2025\/03\/PHOTO-2025-03-15-13-21-46-e1742067012411.jpg\",\"datePublished\":\"2025-03-15T17:00:53+00:00\",\"dateModified\":\"2025-03-15T19:31:37+00:00\",\"breadcrumb\":{\"@id\":\"https:\/\/www.nexoinformativo.mx\/index.php\/2025\/03\/15\/empresarias-queretanas-lideran-la-economia-circular-inicia-nueva-cadena-en-sedesu\/#breadcrumb\"},\"inLanguage\":\"es\",\"potentialAction\":[{\"@type\":\"ReadAction\",\"target\":[\"https:\/\/www.nexoinformativo.mx\/index.php\/2025\/03\/15\/empresarias-queretanas-lideran-la-economia-circular-inicia-nueva-cadena-en-sedesu\/\"]}]},{\"@type\":\"ImageObject\",\"inLanguage\":\"es\",\"@id\":\"https:\/\/www.nexoinformativo.mx\/index.php\/2025\/03\/15\/empresarias-queretanas-lideran-la-economia-circular-inicia-nueva-cadena-en-sedesu\/#primaryimage\",\"url\":\"https:\/\/www.nexoinformativo.mx\/wp-content\/uploads\/2025\/03\/PHOTO-2025-03-15-13-21-46-e1742067012411.jpg\",\"contentUrl\":\"https:\/\/www.nexoinformativo.mx\/wp-content\/uploads\/2025\/03\/PHOTO-2025-03-15-13-21-46-e1742067012411.jpg\",\"width\":800,\"height\":533},{\"@type\":\"BreadcrumbList\",\"@id\":\"https:\/\/www.nexoinformativo.mx\/index.php\/2025\/03\/15\/empresarias-queretanas-lideran-la-economia-circular-inicia-nueva-cadena-en-sedesu\/#breadcrumb\",\"itemListElement\":[{\"@type\":\"ListItem\",\"position\":1,\"name\":\"Inicio\",\"item\":\"https:\/\/www.nexoinformativo.mx\/\"},{\"@type\":\"ListItem\",\"position\":2,\"name\":\"Empresarias queretanas lideran la econom\u00eda circular inicia nueva cadena en SEDESU\"}]},{\"@type\":\"WebSite\",\"@id\":\"https:\/\/www.nexoinformativo.mx\/#website\",\"url\":\"https:\/\/www.nexoinformativo.mx\/\",\"name\":\"Nexo Informativo Santiago de Quer\u00e9taro\",\"description\":\"Explora NexoInformativo y convi\u00e9rtete en parte de una comunidad que valora el conocimiento y la verdad. Tu nexoinformativo es tu puente hacia una comprensi\u00f3n m\u00e1s profunda del mundo que te rodea.\",\"publisher\":{\"@id\":\"https:\/\/www.nexoinformativo.mx\/#organization\"},\"potentialAction\":[{\"@type\":\"SearchAction\",\"target\":{\"@type\":\"EntryPoint\",\"urlTemplate\":\"https:\/\/www.nexoinformativo.mx\/?s={search_term_string}\"},\"query-input\":{\"@type\":\"PropertyValueSpecification\",\"valueRequired\":true,\"valueName\":\"search_term_string\"}}],\"inLanguage\":\"es\"},{\"@type\":\"Organization\",\"@id\":\"https:\/\/www.nexoinformativo.mx\/#organization\",\"name\":\"Nexo Informativo Santiago de Quer\u00e9taro\",\"url\":\"https:\/\/www.nexoinformativo.mx\/\",\"logo\":{\"@type\":\"ImageObject\",\"inLanguage\":\"es\",\"@id\":\"https:\/\/www.nexoinformativo.mx\/#\/schema\/logo\/image\/\",\"url\":\"https:\/\/www.nexoinformativo.mx\/wp-content\/uploads\/2024\/07\/nexoi-trasparente-2.png\",\"contentUrl\":\"https:\/\/www.nexoinformativo.mx\/wp-content\/uploads\/2024\/07\/nexoi-trasparente-2.png\",\"width\":816,\"height\":339,\"caption\":\"Nexo Informativo Santiago de Quer\u00e9taro\"},\"image\":{\"@id\":\"https:\/\/www.nexoinformativo.mx\/#\/schema\/logo\/image\/\"},\"sameAs\":[\"https:\/\/www.facebook.com\/people\/Nexo-Informativo\/61564066885511\/\"]},{\"@type\":\"Person\",\"@id\":\"https:\/\/www.nexoinformativo.mx\/#\/schema\/person\/7749d380ba08c8ca00d7bc76fd907b7d\",\"name\":\"Nexo Informativo\",\"image\":{\"@type\":\"ImageObject\",\"inLanguage\":\"es\",\"@id\":\"https:\/\/www.nexoinformativo.mx\/#\/schema\/person\/image\/\",\"url\":\"https:\/\/secure.gravatar.com\/avatar\/dde2928154642a13d95f87ddf1ea9718fe2b46760a005c53e41ff5ad610704e6?s=96&d=mm&r=g\",\"contentUrl\":\"https:\/\/secure.gravatar.com\/avatar\/dde2928154642a13d95f87ddf1ea9718fe2b46760a005c53e41ff5ad610704e6?s=96&d=mm&r=g\",\"caption\":\"Nexo Informativo\"},\"url\":\"https:\/\/www.nexoinformativo.mx\/index.php\/author\/edicion\/\"}]}<\/script>\n<!-- \/ Yoast SEO plugin. -->","yoast_head_json":{"title":"Empresarias queretanas lideran la econom\u00eda circular inicia nueva cadena en SEDESU | Nexo Informativo Santiago de Quer\u00e9taro","robots":{"index":"index","follow":"follow","max-snippet":"max-snippet:-1","max-image-preview":"max-image-preview:large","max-video-preview":"max-video-preview:-1"},"canonical":"https:\/\/www.nexoinformativo.mx\/index.php\/2025\/03\/15\/empresarias-queretanas-lideran-la-economia-circular-inicia-nueva-cadena-en-sedesu\/","og_locale":"es_MX","og_type":"article","og_title":"Empresarias queretanas lideran la econom\u00eda circular inicia nueva cadena en SEDESU | Nexo Informativo Santiago de Quer\u00e9taro","og_description":"Marco Antonio Del Prete, titular de la Secretar\u00eda de Desarrollo Sustentable (SEDESU), inaugur\u00f3 la primera sesi\u00f3n de la cadena del Consejo Coordinador Empresarial de Mujeres de Quer\u00e9taro enfocada en el Sistema de Econom\u00eda Circular, un proyecto que re\u00fane a 20 empresas.","og_url":"https:\/\/www.nexoinformativo.mx\/index.php\/2025\/03\/15\/empresarias-queretanas-lideran-la-economia-circular-inicia-nueva-cadena-en-sedesu\/","og_site_name":"Nexo Informativo Santiago de Quer\u00e9taro","article_publisher":"https:\/\/www.facebook.com\/people\/Nexo-Informativo\/61564066885511\/","article_published_time":"2025-03-15T17:00:53+00:00","article_modified_time":"2025-03-15T19:31:37+00:00","og_image":[{"width":800,"height":533,"url":"https:\/\/www.nexoinformativo.mx\/wp-content\/uploads\/2025\/03\/PHOTO-2025-03-15-13-21-46-e1742067012411.jpg","type":"image\/jpeg"}],"author":"Nexo Informativo","twitter_card":"summary_large_image","twitter_misc":{"Escrito por":"Nexo Informativo","Tiempo de lectura":"2 minutos"},"schema":{"@context":"https:\/\/schema.org","@graph":[{"@type":"Article","@id":"https:\/\/www.nexoinformativo.mx\/index.php\/2025\/03\/15\/empresarias-queretanas-lideran-la-economia-circular-inicia-nueva-cadena-en-sedesu\/#article","isPartOf":{"@id":"https:\/\/www.nexoinformativo.mx\/index.php\/2025\/03\/15\/empresarias-queretanas-lideran-la-economia-circular-inicia-nueva-cadena-en-sedesu\/"},"author":{"name":"Nexo Informativo","@id":"https:\/\/www.nexoinformativo.mx\/#\/schema\/person\/7749d380ba08c8ca00d7bc76fd907b7d"},"headline":"Empresarias queretanas lideran la econom\u00eda circular inicia nueva cadena en SEDESU","datePublished":"2025-03-15T17:00:53+00:00","dateModified":"2025-03-15T19:31:37+00:00","mainEntityOfPage":{"@id":"https:\/\/www.nexoinformativo.mx\/index.php\/2025\/03\/15\/empresarias-queretanas-lideran-la-economia-circular-inicia-nueva-cadena-en-sedesu\/"},"wordCount":243,"commentCount":0,"publisher":{"@id":"https:\/\/www.nexoinformativo.mx\/#organization"},"image":{"@id":"https:\/\/www.nexoinformativo.mx\/index.php\/2025\/03\/15\/empresarias-queretanas-lideran-la-economia-circular-inicia-nueva-cadena-en-sedesu\/#primaryimage"},"thumbnailUrl":"https:\/\/www.nexoinformativo.mx\/wp-content\/uploads\/2025\/03\/PHOTO-2025-03-15-13-21-46-e1742067012411.jpg","keywords":["Econom\u00edaCircular","MujeresEmpresarias","Quer\u00e9taroSostenible","SEDESUQuer\u00e9taro"],"articleSection":["Econom\u00eda","Estado","\u00daltima Hora"],"inLanguage":"es","potentialAction":[{"@type":"CommentAction","name":"Comment","target":["https:\/\/www.nexoinformativo.mx\/index.php\/2025\/03\/15\/empresarias-queretanas-lideran-la-economia-circular-inicia-nueva-cadena-en-sedesu\/#respond"]}]},{"@type":"WebPage","@id":"https:\/\/www.nexoinformativo.mx\/index.php\/2025\/03\/15\/empresarias-queretanas-lideran-la-economia-circular-inicia-nueva-cadena-en-sedesu\/","url":"https:\/\/www.nexoinformativo.mx\/index.php\/2025\/03\/15\/empresarias-queretanas-lideran-la-economia-circular-inicia-nueva-cadena-en-sedesu\/","name":"Empresarias queretanas lideran la econom\u00eda circular inicia nueva cadena en SEDESU | Nexo Informativo Santiago de Quer\u00e9taro","isPartOf":{"@id":"https:\/\/www.nexoinformativo.mx\/#website"},"primaryImageOfPage":{"@id":"https:\/\/www.nexoinformativo.mx\/index.php\/2025\/03\/15\/empresarias-queretanas-lideran-la-economia-circular-inicia-nueva-cadena-en-sedesu\/#primaryimage"},"image":{"@id":"https:\/\/www.nexoinformativo.mx\/index.php\/2025\/03\/15\/empresarias-queretanas-lideran-la-economia-circular-inicia-nueva-cadena-en-sedesu\/#primaryimage"},"thumbnailUrl":"https:\/\/www.nexoinformativo.mx\/wp-content\/uploads\/2025\/03\/PHOTO-2025-03-15-13-21-46-e1742067012411.jpg","datePublished":"2025-03-15T17:00:53+00:00","dateModified":"2025-03-15T19:31:37+00:00","breadcrumb":{"@id":"https:\/\/www.nexoinformativo.mx\/index.php\/2025\/03\/15\/empresarias-queretanas-lideran-la-economia-circular-inicia-nueva-cadena-en-sedesu\/#breadcrumb"},"inLanguage":"es","potentialAction":[{"@type":"ReadAction","target":["https:\/\/www.nexoinformativo.mx\/index.php\/2025\/03\/15\/empresarias-queretanas-lideran-la-economia-circular-inicia-nueva-cadena-en-sedesu\/"]}]},{"@type":"ImageObject","inLanguage":"es","@id":"https:\/\/www.nexoinformativo.mx\/index.php\/2025\/03\/15\/empresarias-queretanas-lideran-la-economia-circular-inicia-nueva-cadena-en-sedesu\/#primaryimage","url":"https:\/\/www.nexoinformativo.mx\/wp-content\/uploads\/2025\/03\/PHOTO-2025-03-15-13-21-46-e1742067012411.jpg","contentUrl":"https:\/\/www.nexoinformativo.mx\/wp-content\/uploads\/2025\/03\/PHOTO-2025-03-15-13-21-46-e1742067012411.jpg","width":800,"height":533},{"@type":"BreadcrumbList","@id":"https:\/\/www.nexoinformativo.mx\/index.php\/2025\/03\/15\/empresarias-queretanas-lideran-la-economia-circular-inicia-nueva-cadena-en-sedesu\/#breadcrumb","itemListElement":[{"@type":"ListItem","position":1,"name":"Inicio","item":"https:\/\/www.nexoinformativo.mx\/"},{"@type":"ListItem","position":2,"name":"Empresarias queretanas lideran la econom\u00eda circular inicia nueva cadena en SEDESU"}]},{"@type":"WebSite","@id":"https:\/\/www.nexoinformativo.mx\/#website","url":"https:\/\/www.nexoinformativo.mx\/","name":"Nexo Informativo Santiago de Quer\u00e9taro","description":"Explora NexoInformativo y convi\u00e9rtete en parte de una comunidad que valora el conocimiento y la verdad. Tu nexoinformativo es tu puente hacia una comprensi\u00f3n m\u00e1s profunda del mundo que te rodea.","publisher":{"@id":"https:\/\/www.nexoinformativo.mx\/#organization"},"potentialAction":[{"@type":"SearchAction","target":{"@type":"EntryPoint","urlTemplate":"https:\/\/www.nexoinformativo.mx\/?s={search_term_string}"},"query-input":{"@type":"PropertyValueSpecification","valueRequired":true,"valueName":"search_term_string"}}],"inLanguage":"es"},{"@type":"Organization","@id":"https:\/\/www.nexoinformativo.mx\/#organization","name":"Nexo Informativo Santiago de Quer\u00e9taro","url":"https:\/\/www.nexoinformativo.mx\/","logo":{"@type":"ImageObject","inLanguage":"es","@id":"https:\/\/www.nexoinformativo.mx\/#\/schema\/logo\/image\/","url":"https:\/\/www.nexoinformativo.mx\/wp-content\/uploads\/2024\/07\/nexoi-trasparente-2.png","contentUrl":"https:\/\/www.nexoinformativo.mx\/wp-content\/uploads\/2024\/07\/nexoi-trasparente-2.png","width":816,"height":339,"caption":"Nexo Informativo Santiago de Quer\u00e9taro"},"image":{"@id":"https:\/\/www.nexoinformativo.mx\/#\/schema\/logo\/image\/"},"sameAs":["https:\/\/www.facebook.com\/people\/Nexo-Informativo\/61564066885511\/"]},{"@type":"Person","@id":"https:\/\/www.nexoinformativo.mx\/#\/schema\/person\/7749d380ba08c8ca00d7bc76fd907b7d","name":"Nexo Informativo","image":{"@type":"ImageObject","inLanguage":"es","@id":"https:\/\/www.nexoinformativo.mx\/#\/schema\/person\/image\/","url":"https:\/\/secure.gravatar.com\/avatar\/dde2928154642a13d95f87ddf1ea9718fe2b46760a005c53e41ff5ad610704e6?s=96&d=mm&r=g","contentUrl":"https:\/\/secure.gravatar.com\/avatar\/dde2928154642a13d95f87ddf1ea9718fe2b46760a005c53e41ff5ad610704e6?s=96&d=mm&r=g","caption":"Nexo Informativo"},"url":"https:\/\/www.nexoinformativo.mx\/index.php\/author\/edicion\/"}]}},"_links":{"self":[{"href":"https:\/\/www.nexoinformativo.mx\/index.php\/wp-json\/wp\/v2\/posts\/12818","targetHints":{"allow":["GET"]}}],"collection":[{"href":"https:\/\/www.nexoinformativo.mx\/index.php\/wp-json\/wp\/v2\/posts"}],"about":[{"href":"https:\/\/www.nexoinformativo.mx\/index.php\/wp-json\/wp\/v2\/types\/post"}],"author":[{"embeddable":true,"href":"https:\/\/www.nexoinformativo.mx\/index.php\/wp-json\/wp\/v2\/users\/3"}],"replies":[{"embeddable":true,"href":"https:\/\/www.nexoinformativo.mx\/index.php\/wp-json\/wp\/v2\/comments?post=12818"}],"version-history":[{"count":3,"href":"https:\/\/www.nexoinformativo.mx\/index.php\/wp-json\/wp\/v2\/posts\/12818\/revisions"}],"predecessor-version":[{"id":12821,"href":"https:\/\/www.nexoinformativo.mx\/index.php\/wp-json\/wp\/v2\/posts\/12818\/revisions\/12821"}],"wp:featuredmedia":[{"embeddable":true,"href":"https:\/\/www.nexoinformativo.mx\/index.php\/wp-json\/wp\/v2\/media\/12819"}],"wp:attachment":[{"href":"https:\/\/www.nexoinformativo.mx\/index.php\/wp-json\/wp\/v2\/media?parent=12818"}],"wp:term":[{"taxonomy":"category","embeddable":true,"href":"https:\/\/www.nexoinformativo.mx\/index.php\/wp-json\/wp\/v2\/categories?post=12818"},{"taxonomy":"post_tag","embeddable":true,"href":"https:\/\/www.nexoinformativo.mx\/index.php\/wp-json\/wp\/v2\/tags?post=12818"}],"curies":[{"name":"wp","href":"https:\/\/api.w.org\/{rel}","templated":true}]}}