{"id":1283,"date":"2024-08-29T09:00:16","date_gmt":"2024-08-29T15:00:16","guid":{"rendered":"https:\/\/www.nexoinformativo.mx\/?p=1283"},"modified":"2024-10-07T12:57:44","modified_gmt":"2024-10-07T18:57:44","slug":"amazon-web-services-mantiene-su-inversion-en-queretaro-a-pesar-de-la-pausa-diplomatica","status":"publish","type":"post","link":"https:\/\/www.nexoinformativo.mx\/index.php\/2024\/08\/29\/amazon-web-services-mantiene-su-inversion-en-queretaro-a-pesar-de-la-pausa-diplomatica\/","title":{"rendered":"Amazon Web Services mantiene su inversi\u00f3n en Quer\u00e9taro a pesar de la pausa diplom\u00e1tica"},"content":{"rendered":"<p style=\"text-align: justify;\">El secretario de Desarrollo Sustentable del Gobierno de Quer\u00e9taro, Marco Del Prete Tercero, inform\u00f3 que el proyecto de Amazon Web Services para instalar un centro de datos en el estado sigue adelante, a pesar de la pausa en las relaciones entre el Gobierno de M\u00e9xico y las embajadas de Estados Unidos y Canad\u00e1.<\/p>\n<p>&nbsp;<\/p>\n<p style=\"text-align: justify;\">Del Prete destac\u00f3 que, aunque Amazon expres\u00f3 preocupaciones sobre la reforma al Poder Judicial, el proyecto avanza como estaba planeado. El funcionario asegur\u00f3 que la pausa diplom\u00e1tica no afecta las inversiones comerciales y que Quer\u00e9taro sigue trabajando para ofrecer un entorno seguro y confiable para los inversores.<\/p>\n<p>&nbsp;<\/p>\n<p style=\"text-align: justify;\">Actualmente, el estado cuenta con 56 proyectos de inversi\u00f3n, de los cuales 12 son de empresas estadounidenses.<\/p>\n","protected":false},"excerpt":{"rendered":"<p>El secretario de Desarrollo Sustentable del Gobierno de Quer\u00e9taro, Marco Del Prete Tercero, inform\u00f3 que el proyecto de Amazon Web Services para instalar un centro de datos en el estado sigue adelante, a pesar de la pausa en las relaciones entre el Gobierno de M\u00e9xico y las embajadas de Estados Unidos y Canad\u00e1. &nbsp; Del [&hellip;]<\/p>\n","protected":false},"author":3,"featured_media":1276,"comment_status":"open","ping_status":"open","sticky":false,"template":"","format":"standard","meta":{"footnotes":""},"categories":[5,42],"tags":[342,339,345,343,344],"class_list":["post-1283","post","type-post","status-publish","format-standard","has-post-thumbnail","hentry","category-economia","category-estado","tag-amazonqueretaro","tag-desarrollosustentable","tag-inversionesglobales","tag-inversionextranjera","tag-queretaro2024"],"yoast_head":"<!-- This site is optimized with the Yoast SEO plugin v25.0 - https:\/\/yoast.com\/wordpress\/plugins\/seo\/ -->\n<title>Amazon Web Services mantiene su inversi\u00f3n en Quer\u00e9taro a pesar de la pausa diplom\u00e1tica | Nexo Informativo Santiago de Quer\u00e9taro<\/title>\n<meta name=\"robots\" content=\"index, follow, max-snippet:-1, max-image-preview:large, max-video-preview:-1\" \/>\n<link rel=\"canonical\" href=\"https:\/\/www.nexoinformativo.mx\/index.php\/2024\/08\/29\/amazon-web-services-mantiene-su-inversion-en-queretaro-a-pesar-de-la-pausa-diplomatica\/\" \/>\n<meta property=\"og:locale\" content=\"es_MX\" \/>\n<meta property=\"og:type\" content=\"article\" \/>\n<meta property=\"og:title\" content=\"Amazon Web Services mantiene su inversi\u00f3n en Quer\u00e9taro a pesar de la pausa diplom\u00e1tica | Nexo Informativo Santiago de Quer\u00e9taro\" \/>\n<meta property=\"og:description\" content=\"El secretario de Desarrollo Sustentable del Gobierno de Quer\u00e9taro, Marco Del Prete Tercero, inform\u00f3 que el proyecto de Amazon Web Services para instalar un centro de datos en el estado sigue adelante, a pesar de la pausa en las relaciones entre el Gobierno de M\u00e9xico y las embajadas de Estados Unidos y Canad\u00e1. &nbsp; Del [&hellip;]\" \/>\n<meta property=\"og:url\" content=\"https:\/\/www.nexoinformativo.mx\/index.php\/2024\/08\/29\/amazon-web-services-mantiene-su-inversion-en-queretaro-a-pesar-de-la-pausa-diplomatica\/\" \/>\n<meta property=\"og:site_name\" content=\"Nexo Informativo Santiago de Quer\u00e9taro\" \/>\n<meta property=\"article:publisher\" content=\"https:\/\/www.facebook.com\/people\/Nexo-Informativo\/61564066885511\/\" \/>\n<meta property=\"article:published_time\" content=\"2024-08-29T15:00:16+00:00\" \/>\n<meta property=\"article:modified_time\" content=\"2024-10-07T18:57:44+00:00\" \/>\n<meta property=\"og:image\" content=\"https:\/\/www.nexoinformativo.mx\/wp-content\/uploads\/2024\/08\/IMG-20240829-WA0040-e1724959130835.jpg\" \/>\n\t<meta property=\"og:image:width\" content=\"800\" \/>\n\t<meta property=\"og:image:height\" content=\"600\" \/>\n\t<meta property=\"og:image:type\" content=\"image\/jpeg\" \/>\n<meta name=\"author\" content=\"Nexo Informativo\" \/>\n<meta name=\"twitter:card\" content=\"summary_large_image\" \/>\n<meta name=\"twitter:label1\" content=\"Escrito por\" \/>\n\t<meta name=\"twitter:data1\" content=\"Nexo Informativo\" \/>\n\t<meta name=\"twitter:label2\" content=\"Tiempo de lectura\" \/>\n\t<meta name=\"twitter:data2\" content=\"1 minuto\" \/>\n<script type=\"application\/ld+json\" class=\"yoast-schema-graph\">{\"@context\":\"https:\/\/schema.org\",\"@graph\":[{\"@type\":\"Article\",\"@id\":\"https:\/\/www.nexoinformativo.mx\/index.php\/2024\/08\/29\/amazon-web-services-mantiene-su-inversion-en-queretaro-a-pesar-de-la-pausa-diplomatica\/#article\",\"isPartOf\":{\"@id\":\"https:\/\/www.nexoinformativo.mx\/index.php\/2024\/08\/29\/amazon-web-services-mantiene-su-inversion-en-queretaro-a-pesar-de-la-pausa-diplomatica\/\"},\"author\":{\"name\":\"Nexo Informativo\",\"@id\":\"https:\/\/www.nexoinformativo.mx\/#\/schema\/person\/7749d380ba08c8ca00d7bc76fd907b7d\"},\"headline\":\"Amazon Web Services mantiene su inversi\u00f3n en Quer\u00e9taro a pesar de la pausa diplom\u00e1tica\",\"datePublished\":\"2024-08-29T15:00:16+00:00\",\"dateModified\":\"2024-10-07T18:57:44+00:00\",\"mainEntityOfPage\":{\"@id\":\"https:\/\/www.nexoinformativo.mx\/index.php\/2024\/08\/29\/amazon-web-services-mantiene-su-inversion-en-queretaro-a-pesar-de-la-pausa-diplomatica\/\"},\"wordCount\":139,\"commentCount\":0,\"publisher\":{\"@id\":\"https:\/\/www.nexoinformativo.mx\/#organization\"},\"image\":{\"@id\":\"https:\/\/www.nexoinformativo.mx\/index.php\/2024\/08\/29\/amazon-web-services-mantiene-su-inversion-en-queretaro-a-pesar-de-la-pausa-diplomatica\/#primaryimage\"},\"thumbnailUrl\":\"https:\/\/www.nexoinformativo.mx\/wp-content\/uploads\/2024\/08\/IMG-20240829-WA0040-e1724959130835.jpg\",\"keywords\":[\"AmazonQuer\u00e9taro\",\"DesarrolloSustentable\",\"InversionesGlobales\",\"Inversi\u00f3nExtranjera\",\"Quer\u00e9taro2024\"],\"articleSection\":[\"Econom\u00eda\",\"Estado\"],\"inLanguage\":\"es\",\"potentialAction\":[{\"@type\":\"CommentAction\",\"name\":\"Comment\",\"target\":[\"https:\/\/www.nexoinformativo.mx\/index.php\/2024\/08\/29\/amazon-web-services-mantiene-su-inversion-en-queretaro-a-pesar-de-la-pausa-diplomatica\/#respond\"]}]},{\"@type\":\"WebPage\",\"@id\":\"https:\/\/www.nexoinformativo.mx\/index.php\/2024\/08\/29\/amazon-web-services-mantiene-su-inversion-en-queretaro-a-pesar-de-la-pausa-diplomatica\/\",\"url\":\"https:\/\/www.nexoinformativo.mx\/index.php\/2024\/08\/29\/amazon-web-services-mantiene-su-inversion-en-queretaro-a-pesar-de-la-pausa-diplomatica\/\",\"name\":\"Amazon Web Services mantiene su inversi\u00f3n en Quer\u00e9taro a pesar de la pausa diplom\u00e1tica | Nexo Informativo Santiago de Quer\u00e9taro\",\"isPartOf\":{\"@id\":\"https:\/\/www.nexoinformativo.mx\/#website\"},\"primaryImageOfPage\":{\"@id\":\"https:\/\/www.nexoinformativo.mx\/index.php\/2024\/08\/29\/amazon-web-services-mantiene-su-inversion-en-queretaro-a-pesar-de-la-pausa-diplomatica\/#primaryimage\"},\"image\":{\"@id\":\"https:\/\/www.nexoinformativo.mx\/index.php\/2024\/08\/29\/amazon-web-services-mantiene-su-inversion-en-queretaro-a-pesar-de-la-pausa-diplomatica\/#primaryimage\"},\"thumbnailUrl\":\"https:\/\/www.nexoinformativo.mx\/wp-content\/uploads\/2024\/08\/IMG-20240829-WA0040-e1724959130835.jpg\",\"datePublished\":\"2024-08-29T15:00:16+00:00\",\"dateModified\":\"2024-10-07T18:57:44+00:00\",\"breadcrumb\":{\"@id\":\"https:\/\/www.nexoinformativo.mx\/index.php\/2024\/08\/29\/amazon-web-services-mantiene-su-inversion-en-queretaro-a-pesar-de-la-pausa-diplomatica\/#breadcrumb\"},\"inLanguage\":\"es\",\"potentialAction\":[{\"@type\":\"ReadAction\",\"target\":[\"https:\/\/www.nexoinformativo.mx\/index.php\/2024\/08\/29\/amazon-web-services-mantiene-su-inversion-en-queretaro-a-pesar-de-la-pausa-diplomatica\/\"]}]},{\"@type\":\"ImageObject\",\"inLanguage\":\"es\",\"@id\":\"https:\/\/www.nexoinformativo.mx\/index.php\/2024\/08\/29\/amazon-web-services-mantiene-su-inversion-en-queretaro-a-pesar-de-la-pausa-diplomatica\/#primaryimage\",\"url\":\"https:\/\/www.nexoinformativo.mx\/wp-content\/uploads\/2024\/08\/IMG-20240829-WA0040-e1724959130835.jpg\",\"contentUrl\":\"https:\/\/www.nexoinformativo.mx\/wp-content\/uploads\/2024\/08\/IMG-20240829-WA0040-e1724959130835.jpg\",\"width\":800,\"height\":600},{\"@type\":\"BreadcrumbList\",\"@id\":\"https:\/\/www.nexoinformativo.mx\/index.php\/2024\/08\/29\/amazon-web-services-mantiene-su-inversion-en-queretaro-a-pesar-de-la-pausa-diplomatica\/#breadcrumb\",\"itemListElement\":[{\"@type\":\"ListItem\",\"position\":1,\"name\":\"Inicio\",\"item\":\"https:\/\/www.nexoinformativo.mx\/\"},{\"@type\":\"ListItem\",\"position\":2,\"name\":\"Amazon Web Services mantiene su inversi\u00f3n en Quer\u00e9taro a pesar de la pausa diplom\u00e1tica\"}]},{\"@type\":\"WebSite\",\"@id\":\"https:\/\/www.nexoinformativo.mx\/#website\",\"url\":\"https:\/\/www.nexoinformativo.mx\/\",\"name\":\"Nexo Informativo Santiago de Quer\u00e9taro\",\"description\":\"Explora NexoInformativo y convi\u00e9rtete en parte de una comunidad que valora el conocimiento y la verdad. Tu nexoinformativo es tu puente hacia una comprensi\u00f3n m\u00e1s profunda del mundo que te rodea.\",\"publisher\":{\"@id\":\"https:\/\/www.nexoinformativo.mx\/#organization\"},\"potentialAction\":[{\"@type\":\"SearchAction\",\"target\":{\"@type\":\"EntryPoint\",\"urlTemplate\":\"https:\/\/www.nexoinformativo.mx\/?s={search_term_string}\"},\"query-input\":{\"@type\":\"PropertyValueSpecification\",\"valueRequired\":true,\"valueName\":\"search_term_string\"}}],\"inLanguage\":\"es\"},{\"@type\":\"Organization\",\"@id\":\"https:\/\/www.nexoinformativo.mx\/#organization\",\"name\":\"Nexo Informativo Santiago de Quer\u00e9taro\",\"url\":\"https:\/\/www.nexoinformativo.mx\/\",\"logo\":{\"@type\":\"ImageObject\",\"inLanguage\":\"es\",\"@id\":\"https:\/\/www.nexoinformativo.mx\/#\/schema\/logo\/image\/\",\"url\":\"https:\/\/www.nexoinformativo.mx\/wp-content\/uploads\/2024\/07\/nexoi-trasparente-2.png\",\"contentUrl\":\"https:\/\/www.nexoinformativo.mx\/wp-content\/uploads\/2024\/07\/nexoi-trasparente-2.png\",\"width\":816,\"height\":339,\"caption\":\"Nexo Informativo Santiago de Quer\u00e9taro\"},\"image\":{\"@id\":\"https:\/\/www.nexoinformativo.mx\/#\/schema\/logo\/image\/\"},\"sameAs\":[\"https:\/\/www.facebook.com\/people\/Nexo-Informativo\/61564066885511\/\"]},{\"@type\":\"Person\",\"@id\":\"https:\/\/www.nexoinformativo.mx\/#\/schema\/person\/7749d380ba08c8ca00d7bc76fd907b7d\",\"name\":\"Nexo Informativo\",\"image\":{\"@type\":\"ImageObject\",\"inLanguage\":\"es\",\"@id\":\"https:\/\/www.nexoinformativo.mx\/#\/schema\/person\/image\/\",\"url\":\"https:\/\/secure.gravatar.com\/avatar\/dde2928154642a13d95f87ddf1ea9718fe2b46760a005c53e41ff5ad610704e6?s=96&d=mm&r=g\",\"contentUrl\":\"https:\/\/secure.gravatar.com\/avatar\/dde2928154642a13d95f87ddf1ea9718fe2b46760a005c53e41ff5ad610704e6?s=96&d=mm&r=g\",\"caption\":\"Nexo Informativo\"},\"url\":\"https:\/\/www.nexoinformativo.mx\/index.php\/author\/edicion\/\"}]}<\/script>\n<!-- \/ Yoast SEO plugin. -->","yoast_head_json":{"title":"Amazon Web Services mantiene su inversi\u00f3n en Quer\u00e9taro a pesar de la pausa diplom\u00e1tica | Nexo Informativo Santiago de Quer\u00e9taro","robots":{"index":"index","follow":"follow","max-snippet":"max-snippet:-1","max-image-preview":"max-image-preview:large","max-video-preview":"max-video-preview:-1"},"canonical":"https:\/\/www.nexoinformativo.mx\/index.php\/2024\/08\/29\/amazon-web-services-mantiene-su-inversion-en-queretaro-a-pesar-de-la-pausa-diplomatica\/","og_locale":"es_MX","og_type":"article","og_title":"Amazon Web Services mantiene su inversi\u00f3n en Quer\u00e9taro a pesar de la pausa diplom\u00e1tica | Nexo Informativo Santiago de Quer\u00e9taro","og_description":"El secretario de Desarrollo Sustentable del Gobierno de Quer\u00e9taro, Marco Del Prete Tercero, inform\u00f3 que el proyecto de Amazon Web Services para instalar un centro de datos en el estado sigue adelante, a pesar de la pausa en las relaciones entre el Gobierno de M\u00e9xico y las embajadas de Estados Unidos y Canad\u00e1. &nbsp; Del [&hellip;]","og_url":"https:\/\/www.nexoinformativo.mx\/index.php\/2024\/08\/29\/amazon-web-services-mantiene-su-inversion-en-queretaro-a-pesar-de-la-pausa-diplomatica\/","og_site_name":"Nexo Informativo Santiago de Quer\u00e9taro","article_publisher":"https:\/\/www.facebook.com\/people\/Nexo-Informativo\/61564066885511\/","article_published_time":"2024-08-29T15:00:16+00:00","article_modified_time":"2024-10-07T18:57:44+00:00","og_image":[{"width":800,"height":600,"url":"https:\/\/www.nexoinformativo.mx\/wp-content\/uploads\/2024\/08\/IMG-20240829-WA0040-e1724959130835.jpg","type":"image\/jpeg"}],"author":"Nexo Informativo","twitter_card":"summary_large_image","twitter_misc":{"Escrito por":"Nexo Informativo","Tiempo de lectura":"1 minuto"},"schema":{"@context":"https:\/\/schema.org","@graph":[{"@type":"Article","@id":"https:\/\/www.nexoinformativo.mx\/index.php\/2024\/08\/29\/amazon-web-services-mantiene-su-inversion-en-queretaro-a-pesar-de-la-pausa-diplomatica\/#article","isPartOf":{"@id":"https:\/\/www.nexoinformativo.mx\/index.php\/2024\/08\/29\/amazon-web-services-mantiene-su-inversion-en-queretaro-a-pesar-de-la-pausa-diplomatica\/"},"author":{"name":"Nexo Informativo","@id":"https:\/\/www.nexoinformativo.mx\/#\/schema\/person\/7749d380ba08c8ca00d7bc76fd907b7d"},"headline":"Amazon Web Services mantiene su inversi\u00f3n en Quer\u00e9taro a pesar de la pausa diplom\u00e1tica","datePublished":"2024-08-29T15:00:16+00:00","dateModified":"2024-10-07T18:57:44+00:00","mainEntityOfPage":{"@id":"https:\/\/www.nexoinformativo.mx\/index.php\/2024\/08\/29\/amazon-web-services-mantiene-su-inversion-en-queretaro-a-pesar-de-la-pausa-diplomatica\/"},"wordCount":139,"commentCount":0,"publisher":{"@id":"https:\/\/www.nexoinformativo.mx\/#organization"},"image":{"@id":"https:\/\/www.nexoinformativo.mx\/index.php\/2024\/08\/29\/amazon-web-services-mantiene-su-inversion-en-queretaro-a-pesar-de-la-pausa-diplomatica\/#primaryimage"},"thumbnailUrl":"https:\/\/www.nexoinformativo.mx\/wp-content\/uploads\/2024\/08\/IMG-20240829-WA0040-e1724959130835.jpg","keywords":["AmazonQuer\u00e9taro","DesarrolloSustentable","InversionesGlobales","Inversi\u00f3nExtranjera","Quer\u00e9taro2024"],"articleSection":["Econom\u00eda","Estado"],"inLanguage":"es","potentialAction":[{"@type":"CommentAction","name":"Comment","target":["https:\/\/www.nexoinformativo.mx\/index.php\/2024\/08\/29\/amazon-web-services-mantiene-su-inversion-en-queretaro-a-pesar-de-la-pausa-diplomatica\/#respond"]}]},{"@type":"WebPage","@id":"https:\/\/www.nexoinformativo.mx\/index.php\/2024\/08\/29\/amazon-web-services-mantiene-su-inversion-en-queretaro-a-pesar-de-la-pausa-diplomatica\/","url":"https:\/\/www.nexoinformativo.mx\/index.php\/2024\/08\/29\/amazon-web-services-mantiene-su-inversion-en-queretaro-a-pesar-de-la-pausa-diplomatica\/","name":"Amazon Web Services mantiene su inversi\u00f3n en Quer\u00e9taro a pesar de la pausa diplom\u00e1tica | Nexo Informativo Santiago de Quer\u00e9taro","isPartOf":{"@id":"https:\/\/www.nexoinformativo.mx\/#website"},"primaryImageOfPage":{"@id":"https:\/\/www.nexoinformativo.mx\/index.php\/2024\/08\/29\/amazon-web-services-mantiene-su-inversion-en-queretaro-a-pesar-de-la-pausa-diplomatica\/#primaryimage"},"image":{"@id":"https:\/\/www.nexoinformativo.mx\/index.php\/2024\/08\/29\/amazon-web-services-mantiene-su-inversion-en-queretaro-a-pesar-de-la-pausa-diplomatica\/#primaryimage"},"thumbnailUrl":"https:\/\/www.nexoinformativo.mx\/wp-content\/uploads\/2024\/08\/IMG-20240829-WA0040-e1724959130835.jpg","datePublished":"2024-08-29T15:00:16+00:00","dateModified":"2024-10-07T18:57:44+00:00","breadcrumb":{"@id":"https:\/\/www.nexoinformativo.mx\/index.php\/2024\/08\/29\/amazon-web-services-mantiene-su-inversion-en-queretaro-a-pesar-de-la-pausa-diplomatica\/#breadcrumb"},"inLanguage":"es","potentialAction":[{"@type":"ReadAction","target":["https:\/\/www.nexoinformativo.mx\/index.php\/2024\/08\/29\/amazon-web-services-mantiene-su-inversion-en-queretaro-a-pesar-de-la-pausa-diplomatica\/"]}]},{"@type":"ImageObject","inLanguage":"es","@id":"https:\/\/www.nexoinformativo.mx\/index.php\/2024\/08\/29\/amazon-web-services-mantiene-su-inversion-en-queretaro-a-pesar-de-la-pausa-diplomatica\/#primaryimage","url":"https:\/\/www.nexoinformativo.mx\/wp-content\/uploads\/2024\/08\/IMG-20240829-WA0040-e1724959130835.jpg","contentUrl":"https:\/\/www.nexoinformativo.mx\/wp-content\/uploads\/2024\/08\/IMG-20240829-WA0040-e1724959130835.jpg","width":800,"height":600},{"@type":"BreadcrumbList","@id":"https:\/\/www.nexoinformativo.mx\/index.php\/2024\/08\/29\/amazon-web-services-mantiene-su-inversion-en-queretaro-a-pesar-de-la-pausa-diplomatica\/#breadcrumb","itemListElement":[{"@type":"ListItem","position":1,"name":"Inicio","item":"https:\/\/www.nexoinformativo.mx\/"},{"@type":"ListItem","position":2,"name":"Amazon Web Services mantiene su inversi\u00f3n en Quer\u00e9taro a pesar de la pausa diplom\u00e1tica"}]},{"@type":"WebSite","@id":"https:\/\/www.nexoinformativo.mx\/#website","url":"https:\/\/www.nexoinformativo.mx\/","name":"Nexo Informativo Santiago de Quer\u00e9taro","description":"Explora NexoInformativo y convi\u00e9rtete en parte de una comunidad que valora el conocimiento y la verdad. Tu nexoinformativo es tu puente hacia una comprensi\u00f3n m\u00e1s profunda del mundo que te rodea.","publisher":{"@id":"https:\/\/www.nexoinformativo.mx\/#organization"},"potentialAction":[{"@type":"SearchAction","target":{"@type":"EntryPoint","urlTemplate":"https:\/\/www.nexoinformativo.mx\/?s={search_term_string}"},"query-input":{"@type":"PropertyValueSpecification","valueRequired":true,"valueName":"search_term_string"}}],"inLanguage":"es"},{"@type":"Organization","@id":"https:\/\/www.nexoinformativo.mx\/#organization","name":"Nexo Informativo Santiago de Quer\u00e9taro","url":"https:\/\/www.nexoinformativo.mx\/","logo":{"@type":"ImageObject","inLanguage":"es","@id":"https:\/\/www.nexoinformativo.mx\/#\/schema\/logo\/image\/","url":"https:\/\/www.nexoinformativo.mx\/wp-content\/uploads\/2024\/07\/nexoi-trasparente-2.png","contentUrl":"https:\/\/www.nexoinformativo.mx\/wp-content\/uploads\/2024\/07\/nexoi-trasparente-2.png","width":816,"height":339,"caption":"Nexo Informativo Santiago de Quer\u00e9taro"},"image":{"@id":"https:\/\/www.nexoinformativo.mx\/#\/schema\/logo\/image\/"},"sameAs":["https:\/\/www.facebook.com\/people\/Nexo-Informativo\/61564066885511\/"]},{"@type":"Person","@id":"https:\/\/www.nexoinformativo.mx\/#\/schema\/person\/7749d380ba08c8ca00d7bc76fd907b7d","name":"Nexo Informativo","image":{"@type":"ImageObject","inLanguage":"es","@id":"https:\/\/www.nexoinformativo.mx\/#\/schema\/person\/image\/","url":"https:\/\/secure.gravatar.com\/avatar\/dde2928154642a13d95f87ddf1ea9718fe2b46760a005c53e41ff5ad610704e6?s=96&d=mm&r=g","contentUrl":"https:\/\/secure.gravatar.com\/avatar\/dde2928154642a13d95f87ddf1ea9718fe2b46760a005c53e41ff5ad610704e6?s=96&d=mm&r=g","caption":"Nexo Informativo"},"url":"https:\/\/www.nexoinformativo.mx\/index.php\/author\/edicion\/"}]}},"_links":{"self":[{"href":"https:\/\/www.nexoinformativo.mx\/index.php\/wp-json\/wp\/v2\/posts\/1283","targetHints":{"allow":["GET"]}}],"collection":[{"href":"https:\/\/www.nexoinformativo.mx\/index.php\/wp-json\/wp\/v2\/posts"}],"about":[{"href":"https:\/\/www.nexoinformativo.mx\/index.php\/wp-json\/wp\/v2\/types\/post"}],"author":[{"embeddable":true,"href":"https:\/\/www.nexoinformativo.mx\/index.php\/wp-json\/wp\/v2\/users\/3"}],"replies":[{"embeddable":true,"href":"https:\/\/www.nexoinformativo.mx\/index.php\/wp-json\/wp\/v2\/comments?post=1283"}],"version-history":[{"count":1,"href":"https:\/\/www.nexoinformativo.mx\/index.php\/wp-json\/wp\/v2\/posts\/1283\/revisions"}],"predecessor-version":[{"id":1284,"href":"https:\/\/www.nexoinformativo.mx\/index.php\/wp-json\/wp\/v2\/posts\/1283\/revisions\/1284"}],"wp:featuredmedia":[{"embeddable":true,"href":"https:\/\/www.nexoinformativo.mx\/index.php\/wp-json\/wp\/v2\/media\/1276"}],"wp:attachment":[{"href":"https:\/\/www.nexoinformativo.mx\/index.php\/wp-json\/wp\/v2\/media?parent=1283"}],"wp:term":[{"taxonomy":"category","embeddable":true,"href":"https:\/\/www.nexoinformativo.mx\/index.php\/wp-json\/wp\/v2\/categories?post=1283"},{"taxonomy":"post_tag","embeddable":true,"href":"https:\/\/www.nexoinformativo.mx\/index.php\/wp-json\/wp\/v2\/tags?post=1283"}],"curies":[{"name":"wp","href":"https:\/\/api.w.org\/{rel}","templated":true}]}}