{"id":12833,"date":"2025-03-16T07:00:41","date_gmt":"2025-03-16T13:00:41","guid":{"rendered":"https:\/\/www.nexoinformativo.mx\/?p=12833"},"modified":"2025-03-16T12:59:42","modified_gmt":"2025-03-16T18:59:42","slug":"el-marques-contra-la-ilegalidad-operativos-frenan-venta-clandestina-de-alcohol-y-eventos-ilegales","status":"publish","type":"post","link":"https:\/\/www.nexoinformativo.mx\/index.php\/2025\/03\/16\/el-marques-contra-la-ilegalidad-operativos-frenan-venta-clandestina-de-alcohol-y-eventos-ilegales\/","title":{"rendered":"El Marqu\u00e9s contra la ilegalidad operativos frenan venta clandestina de alcohol y eventos ilegales"},"content":{"rendered":"<p style=\"text-align: justify;\" data-sourcepos=\"13:1-13:278\">El municipio de El Marqu\u00e9s intensific\u00f3 sus operativos para combatir la venta clandestina de alcohol y la realizaci\u00f3n de eventos ilegales, logrando el decomiso de m\u00e1s de 3,300 latas de cerveza y la clausura de varios eventos este fin de semana.<\/p>\n<p>&nbsp;<\/p>\n<p style=\"text-align: justify;\" data-sourcepos=\"15:1-15:328\">Por \u00f3rdenes del presidente municipal, Rodrigo Monsalvo, la Direcci\u00f3n de Inspecci\u00f3n Municipal (DIM) y la Secretar\u00eda de Seguridad P\u00fablica y Tr\u00e1nsito Municipal (SSPyTM) realizaron operativos en las comunidades de El Carmen, San Isidro Miranda y San Jos\u00e9 Navajas, respondiendo a denuncias ciudadanas y labores de monitoreo.<\/p>\n<p>&nbsp;<\/p>\n<p style=\"text-align: justify;\" data-sourcepos=\"17:1-17:303\">En la comunidad El Carmen, se clausur\u00f3 un sitio donde se realizaban peleas de gallos. En San Jos\u00e9 Navajas, se impidi\u00f3 la realizaci\u00f3n de un baile masivo por carecer de permisos.<\/p>\n<p>&nbsp;<\/p>\n<p style=\"text-align: justify;\" data-sourcepos=\"17:1-17:303\">En la comunidad San Isidro Miranda, se supervis\u00f3 un lugar donde se sospechaba la realizaci\u00f3n de peleas de gallos, pero no se encontr\u00f3 actividad il\u00edcita.<\/p>\n<p>&nbsp;<\/p>\n<p style=\"text-align: justify;\" data-sourcepos=\"19:1-19:171\">Jos\u00e9 Luis Morales Ibarra, director de la DIM, destac\u00f3 que el objetivo es garantizar la seguridad de los habitantes, evitando eventos y negocios que operen fuera de la ley.<\/p>\n<p>&nbsp;<\/p>\n<p style=\"text-align: justify;\" data-sourcepos=\"21:1-21:149\">Ninguno de los eventos clausurados contaba con los permisos municipales, estatales o federales necesarios. Las cervezas decomisadas ser\u00e1n destruidas.<\/p>\n<p>&nbsp;<\/p>\n<p style=\"text-align: center;\" data-sourcepos=\"21:1-21:149\"><em><strong>\u00a1Informaci\u00f3n que transforma!<\/strong><\/em><\/p>\n","protected":false},"excerpt":{"rendered":"<p>El municipio de El Marqu\u00e9s intensific\u00f3 sus operativos para combatir la venta clandestina de alcohol y la realizaci\u00f3n de eventos ilegales, logrando el decomiso de m\u00e1s de 3,300 latas de cerveza y la clausura de varios eventos este fin de semana.<\/p>\n","protected":false},"author":3,"featured_media":12836,"comment_status":"open","ping_status":"open","sticky":false,"template":"","format":"standard","meta":{"footnotes":""},"categories":[65,137,58],"tags":[3779,307,1553,266],"class_list":["post-12833","post","type-post","status-publish","format-standard","has-post-thumbnail","hentry","category-municipios","category-sucesos","category-ultima-hora","tag-clandestinajecero","tag-elmarquesseguro","tag-operativosmunicipales","tag-seguridadqueretaro"],"yoast_head":"<!-- This site is optimized with the Yoast SEO plugin v25.0 - https:\/\/yoast.com\/wordpress\/plugins\/seo\/ -->\n<title>El Marqu\u00e9s contra la ilegalidad operativos frenan venta clandestina de alcohol y eventos ilegales | Nexo Informativo Santiago de Quer\u00e9taro<\/title>\n<meta name=\"description\" content=\"El Marqu\u00e9s contra la ilegalidad operativos frenan venta clandestina de alcohol y eventos ilegales\" \/>\n<meta name=\"robots\" content=\"index, follow, max-snippet:-1, max-image-preview:large, max-video-preview:-1\" \/>\n<link rel=\"canonical\" href=\"https:\/\/www.nexoinformativo.mx\/index.php\/2025\/03\/16\/el-marques-contra-la-ilegalidad-operativos-frenan-venta-clandestina-de-alcohol-y-eventos-ilegales\/\" \/>\n<meta property=\"og:locale\" content=\"es_MX\" \/>\n<meta property=\"og:type\" content=\"article\" \/>\n<meta property=\"og:title\" content=\"El Marqu\u00e9s contra la ilegalidad operativos frenan venta clandestina de alcohol y eventos ilegales | Nexo Informativo Santiago de Quer\u00e9taro\" \/>\n<meta property=\"og:description\" content=\"El Marqu\u00e9s contra la ilegalidad operativos frenan venta clandestina de alcohol y eventos ilegales\" \/>\n<meta property=\"og:url\" content=\"https:\/\/www.nexoinformativo.mx\/index.php\/2025\/03\/16\/el-marques-contra-la-ilegalidad-operativos-frenan-venta-clandestina-de-alcohol-y-eventos-ilegales\/\" \/>\n<meta property=\"og:site_name\" content=\"Nexo Informativo Santiago de Quer\u00e9taro\" \/>\n<meta property=\"article:publisher\" content=\"https:\/\/www.facebook.com\/people\/Nexo-Informativo\/61564066885511\/\" \/>\n<meta property=\"article:published_time\" content=\"2025-03-16T13:00:41+00:00\" \/>\n<meta property=\"article:modified_time\" content=\"2025-03-16T18:59:42+00:00\" \/>\n<meta property=\"og:image\" content=\"https:\/\/www.nexoinformativo.mx\/wp-content\/uploads\/2025\/03\/PHOTO-2025-03-16-12-25-16-e1742151482325.jpg\" \/>\n\t<meta property=\"og:image:width\" content=\"800\" \/>\n\t<meta property=\"og:image:height\" content=\"449\" \/>\n\t<meta property=\"og:image:type\" content=\"image\/jpeg\" \/>\n<meta name=\"author\" content=\"Nexo Informativo\" \/>\n<meta name=\"twitter:card\" content=\"summary_large_image\" \/>\n<meta name=\"twitter:label1\" content=\"Escrito por\" \/>\n\t<meta name=\"twitter:data1\" content=\"Nexo Informativo\" \/>\n\t<meta name=\"twitter:label2\" content=\"Tiempo de lectura\" \/>\n\t<meta name=\"twitter:data2\" content=\"2 minutos\" \/>\n<script type=\"application\/ld+json\" class=\"yoast-schema-graph\">{\"@context\":\"https:\/\/schema.org\",\"@graph\":[{\"@type\":\"Article\",\"@id\":\"https:\/\/www.nexoinformativo.mx\/index.php\/2025\/03\/16\/el-marques-contra-la-ilegalidad-operativos-frenan-venta-clandestina-de-alcohol-y-eventos-ilegales\/#article\",\"isPartOf\":{\"@id\":\"https:\/\/www.nexoinformativo.mx\/index.php\/2025\/03\/16\/el-marques-contra-la-ilegalidad-operativos-frenan-venta-clandestina-de-alcohol-y-eventos-ilegales\/\"},\"author\":{\"name\":\"Nexo Informativo\",\"@id\":\"https:\/\/www.nexoinformativo.mx\/#\/schema\/person\/7749d380ba08c8ca00d7bc76fd907b7d\"},\"headline\":\"El Marqu\u00e9s contra la ilegalidad operativos frenan venta clandestina de alcohol y eventos ilegales\",\"datePublished\":\"2025-03-16T13:00:41+00:00\",\"dateModified\":\"2025-03-16T18:59:42+00:00\",\"mainEntityOfPage\":{\"@id\":\"https:\/\/www.nexoinformativo.mx\/index.php\/2025\/03\/16\/el-marques-contra-la-ilegalidad-operativos-frenan-venta-clandestina-de-alcohol-y-eventos-ilegales\/\"},\"wordCount\":227,\"commentCount\":0,\"publisher\":{\"@id\":\"https:\/\/www.nexoinformativo.mx\/#organization\"},\"image\":{\"@id\":\"https:\/\/www.nexoinformativo.mx\/index.php\/2025\/03\/16\/el-marques-contra-la-ilegalidad-operativos-frenan-venta-clandestina-de-alcohol-y-eventos-ilegales\/#primaryimage\"},\"thumbnailUrl\":\"https:\/\/www.nexoinformativo.mx\/wp-content\/uploads\/2025\/03\/PHOTO-2025-03-16-12-25-16-e1742151482325.jpg\",\"keywords\":[\"ClandestinajeCero\",\"ElMarqu\u00e9sSeguro\",\"OperativosMunicipales\",\"SeguridadQueretaro\"],\"articleSection\":[\"Municipios\",\"Sucesos\",\"\u00daltima Hora\"],\"inLanguage\":\"es\",\"potentialAction\":[{\"@type\":\"CommentAction\",\"name\":\"Comment\",\"target\":[\"https:\/\/www.nexoinformativo.mx\/index.php\/2025\/03\/16\/el-marques-contra-la-ilegalidad-operativos-frenan-venta-clandestina-de-alcohol-y-eventos-ilegales\/#respond\"]}]},{\"@type\":\"WebPage\",\"@id\":\"https:\/\/www.nexoinformativo.mx\/index.php\/2025\/03\/16\/el-marques-contra-la-ilegalidad-operativos-frenan-venta-clandestina-de-alcohol-y-eventos-ilegales\/\",\"url\":\"https:\/\/www.nexoinformativo.mx\/index.php\/2025\/03\/16\/el-marques-contra-la-ilegalidad-operativos-frenan-venta-clandestina-de-alcohol-y-eventos-ilegales\/\",\"name\":\"El Marqu\u00e9s contra la ilegalidad operativos frenan venta clandestina de alcohol y eventos ilegales | Nexo Informativo Santiago de Quer\u00e9taro\",\"isPartOf\":{\"@id\":\"https:\/\/www.nexoinformativo.mx\/#website\"},\"primaryImageOfPage\":{\"@id\":\"https:\/\/www.nexoinformativo.mx\/index.php\/2025\/03\/16\/el-marques-contra-la-ilegalidad-operativos-frenan-venta-clandestina-de-alcohol-y-eventos-ilegales\/#primaryimage\"},\"image\":{\"@id\":\"https:\/\/www.nexoinformativo.mx\/index.php\/2025\/03\/16\/el-marques-contra-la-ilegalidad-operativos-frenan-venta-clandestina-de-alcohol-y-eventos-ilegales\/#primaryimage\"},\"thumbnailUrl\":\"https:\/\/www.nexoinformativo.mx\/wp-content\/uploads\/2025\/03\/PHOTO-2025-03-16-12-25-16-e1742151482325.jpg\",\"datePublished\":\"2025-03-16T13:00:41+00:00\",\"dateModified\":\"2025-03-16T18:59:42+00:00\",\"description\":\"El Marqu\u00e9s contra la ilegalidad operativos frenan venta clandestina de alcohol y eventos ilegales\",\"breadcrumb\":{\"@id\":\"https:\/\/www.nexoinformativo.mx\/index.php\/2025\/03\/16\/el-marques-contra-la-ilegalidad-operativos-frenan-venta-clandestina-de-alcohol-y-eventos-ilegales\/#breadcrumb\"},\"inLanguage\":\"es\",\"potentialAction\":[{\"@type\":\"ReadAction\",\"target\":[\"https:\/\/www.nexoinformativo.mx\/index.php\/2025\/03\/16\/el-marques-contra-la-ilegalidad-operativos-frenan-venta-clandestina-de-alcohol-y-eventos-ilegales\/\"]}]},{\"@type\":\"ImageObject\",\"inLanguage\":\"es\",\"@id\":\"https:\/\/www.nexoinformativo.mx\/index.php\/2025\/03\/16\/el-marques-contra-la-ilegalidad-operativos-frenan-venta-clandestina-de-alcohol-y-eventos-ilegales\/#primaryimage\",\"url\":\"https:\/\/www.nexoinformativo.mx\/wp-content\/uploads\/2025\/03\/PHOTO-2025-03-16-12-25-16-e1742151482325.jpg\",\"contentUrl\":\"https:\/\/www.nexoinformativo.mx\/wp-content\/uploads\/2025\/03\/PHOTO-2025-03-16-12-25-16-e1742151482325.jpg\",\"width\":800,\"height\":449},{\"@type\":\"BreadcrumbList\",\"@id\":\"https:\/\/www.nexoinformativo.mx\/index.php\/2025\/03\/16\/el-marques-contra-la-ilegalidad-operativos-frenan-venta-clandestina-de-alcohol-y-eventos-ilegales\/#breadcrumb\",\"itemListElement\":[{\"@type\":\"ListItem\",\"position\":1,\"name\":\"Inicio\",\"item\":\"https:\/\/www.nexoinformativo.mx\/\"},{\"@type\":\"ListItem\",\"position\":2,\"name\":\"El Marqu\u00e9s contra la ilegalidad operativos frenan venta clandestina de alcohol y eventos ilegales\"}]},{\"@type\":\"WebSite\",\"@id\":\"https:\/\/www.nexoinformativo.mx\/#website\",\"url\":\"https:\/\/www.nexoinformativo.mx\/\",\"name\":\"Nexo Informativo Santiago de Quer\u00e9taro\",\"description\":\"Explora NexoInformativo y convi\u00e9rtete en parte de una comunidad que valora el conocimiento y la verdad. Tu nexoinformativo es tu puente hacia una comprensi\u00f3n m\u00e1s profunda del mundo que te rodea.\",\"publisher\":{\"@id\":\"https:\/\/www.nexoinformativo.mx\/#organization\"},\"potentialAction\":[{\"@type\":\"SearchAction\",\"target\":{\"@type\":\"EntryPoint\",\"urlTemplate\":\"https:\/\/www.nexoinformativo.mx\/?s={search_term_string}\"},\"query-input\":{\"@type\":\"PropertyValueSpecification\",\"valueRequired\":true,\"valueName\":\"search_term_string\"}}],\"inLanguage\":\"es\"},{\"@type\":\"Organization\",\"@id\":\"https:\/\/www.nexoinformativo.mx\/#organization\",\"name\":\"Nexo Informativo Santiago de Quer\u00e9taro\",\"url\":\"https:\/\/www.nexoinformativo.mx\/\",\"logo\":{\"@type\":\"ImageObject\",\"inLanguage\":\"es\",\"@id\":\"https:\/\/www.nexoinformativo.mx\/#\/schema\/logo\/image\/\",\"url\":\"https:\/\/www.nexoinformativo.mx\/wp-content\/uploads\/2024\/07\/nexoi-trasparente-2.png\",\"contentUrl\":\"https:\/\/www.nexoinformativo.mx\/wp-content\/uploads\/2024\/07\/nexoi-trasparente-2.png\",\"width\":816,\"height\":339,\"caption\":\"Nexo Informativo Santiago de Quer\u00e9taro\"},\"image\":{\"@id\":\"https:\/\/www.nexoinformativo.mx\/#\/schema\/logo\/image\/\"},\"sameAs\":[\"https:\/\/www.facebook.com\/people\/Nexo-Informativo\/61564066885511\/\"]},{\"@type\":\"Person\",\"@id\":\"https:\/\/www.nexoinformativo.mx\/#\/schema\/person\/7749d380ba08c8ca00d7bc76fd907b7d\",\"name\":\"Nexo Informativo\",\"image\":{\"@type\":\"ImageObject\",\"inLanguage\":\"es\",\"@id\":\"https:\/\/www.nexoinformativo.mx\/#\/schema\/person\/image\/\",\"url\":\"https:\/\/secure.gravatar.com\/avatar\/dde2928154642a13d95f87ddf1ea9718fe2b46760a005c53e41ff5ad610704e6?s=96&d=mm&r=g\",\"contentUrl\":\"https:\/\/secure.gravatar.com\/avatar\/dde2928154642a13d95f87ddf1ea9718fe2b46760a005c53e41ff5ad610704e6?s=96&d=mm&r=g\",\"caption\":\"Nexo Informativo\"},\"url\":\"https:\/\/www.nexoinformativo.mx\/index.php\/author\/edicion\/\"}]}<\/script>\n<!-- \/ Yoast SEO plugin. -->","yoast_head_json":{"title":"El Marqu\u00e9s contra la ilegalidad operativos frenan venta clandestina de alcohol y eventos ilegales | Nexo Informativo Santiago de Quer\u00e9taro","description":"El Marqu\u00e9s contra la ilegalidad operativos frenan venta clandestina de alcohol y eventos ilegales","robots":{"index":"index","follow":"follow","max-snippet":"max-snippet:-1","max-image-preview":"max-image-preview:large","max-video-preview":"max-video-preview:-1"},"canonical":"https:\/\/www.nexoinformativo.mx\/index.php\/2025\/03\/16\/el-marques-contra-la-ilegalidad-operativos-frenan-venta-clandestina-de-alcohol-y-eventos-ilegales\/","og_locale":"es_MX","og_type":"article","og_title":"El Marqu\u00e9s contra la ilegalidad operativos frenan venta clandestina de alcohol y eventos ilegales | Nexo Informativo Santiago de Quer\u00e9taro","og_description":"El Marqu\u00e9s contra la ilegalidad operativos frenan venta clandestina de alcohol y eventos ilegales","og_url":"https:\/\/www.nexoinformativo.mx\/index.php\/2025\/03\/16\/el-marques-contra-la-ilegalidad-operativos-frenan-venta-clandestina-de-alcohol-y-eventos-ilegales\/","og_site_name":"Nexo Informativo Santiago de Quer\u00e9taro","article_publisher":"https:\/\/www.facebook.com\/people\/Nexo-Informativo\/61564066885511\/","article_published_time":"2025-03-16T13:00:41+00:00","article_modified_time":"2025-03-16T18:59:42+00:00","og_image":[{"width":800,"height":449,"url":"https:\/\/www.nexoinformativo.mx\/wp-content\/uploads\/2025\/03\/PHOTO-2025-03-16-12-25-16-e1742151482325.jpg","type":"image\/jpeg"}],"author":"Nexo Informativo","twitter_card":"summary_large_image","twitter_misc":{"Escrito por":"Nexo Informativo","Tiempo de lectura":"2 minutos"},"schema":{"@context":"https:\/\/schema.org","@graph":[{"@type":"Article","@id":"https:\/\/www.nexoinformativo.mx\/index.php\/2025\/03\/16\/el-marques-contra-la-ilegalidad-operativos-frenan-venta-clandestina-de-alcohol-y-eventos-ilegales\/#article","isPartOf":{"@id":"https:\/\/www.nexoinformativo.mx\/index.php\/2025\/03\/16\/el-marques-contra-la-ilegalidad-operativos-frenan-venta-clandestina-de-alcohol-y-eventos-ilegales\/"},"author":{"name":"Nexo Informativo","@id":"https:\/\/www.nexoinformativo.mx\/#\/schema\/person\/7749d380ba08c8ca00d7bc76fd907b7d"},"headline":"El Marqu\u00e9s contra la ilegalidad operativos frenan venta clandestina de alcohol y eventos ilegales","datePublished":"2025-03-16T13:00:41+00:00","dateModified":"2025-03-16T18:59:42+00:00","mainEntityOfPage":{"@id":"https:\/\/www.nexoinformativo.mx\/index.php\/2025\/03\/16\/el-marques-contra-la-ilegalidad-operativos-frenan-venta-clandestina-de-alcohol-y-eventos-ilegales\/"},"wordCount":227,"commentCount":0,"publisher":{"@id":"https:\/\/www.nexoinformativo.mx\/#organization"},"image":{"@id":"https:\/\/www.nexoinformativo.mx\/index.php\/2025\/03\/16\/el-marques-contra-la-ilegalidad-operativos-frenan-venta-clandestina-de-alcohol-y-eventos-ilegales\/#primaryimage"},"thumbnailUrl":"https:\/\/www.nexoinformativo.mx\/wp-content\/uploads\/2025\/03\/PHOTO-2025-03-16-12-25-16-e1742151482325.jpg","keywords":["ClandestinajeCero","ElMarqu\u00e9sSeguro","OperativosMunicipales","SeguridadQueretaro"],"articleSection":["Municipios","Sucesos","\u00daltima Hora"],"inLanguage":"es","potentialAction":[{"@type":"CommentAction","name":"Comment","target":["https:\/\/www.nexoinformativo.mx\/index.php\/2025\/03\/16\/el-marques-contra-la-ilegalidad-operativos-frenan-venta-clandestina-de-alcohol-y-eventos-ilegales\/#respond"]}]},{"@type":"WebPage","@id":"https:\/\/www.nexoinformativo.mx\/index.php\/2025\/03\/16\/el-marques-contra-la-ilegalidad-operativos-frenan-venta-clandestina-de-alcohol-y-eventos-ilegales\/","url":"https:\/\/www.nexoinformativo.mx\/index.php\/2025\/03\/16\/el-marques-contra-la-ilegalidad-operativos-frenan-venta-clandestina-de-alcohol-y-eventos-ilegales\/","name":"El Marqu\u00e9s contra la ilegalidad operativos frenan venta clandestina de alcohol y eventos ilegales | Nexo Informativo Santiago de Quer\u00e9taro","isPartOf":{"@id":"https:\/\/www.nexoinformativo.mx\/#website"},"primaryImageOfPage":{"@id":"https:\/\/www.nexoinformativo.mx\/index.php\/2025\/03\/16\/el-marques-contra-la-ilegalidad-operativos-frenan-venta-clandestina-de-alcohol-y-eventos-ilegales\/#primaryimage"},"image":{"@id":"https:\/\/www.nexoinformativo.mx\/index.php\/2025\/03\/16\/el-marques-contra-la-ilegalidad-operativos-frenan-venta-clandestina-de-alcohol-y-eventos-ilegales\/#primaryimage"},"thumbnailUrl":"https:\/\/www.nexoinformativo.mx\/wp-content\/uploads\/2025\/03\/PHOTO-2025-03-16-12-25-16-e1742151482325.jpg","datePublished":"2025-03-16T13:00:41+00:00","dateModified":"2025-03-16T18:59:42+00:00","description":"El Marqu\u00e9s contra la ilegalidad operativos frenan venta clandestina de alcohol y eventos ilegales","breadcrumb":{"@id":"https:\/\/www.nexoinformativo.mx\/index.php\/2025\/03\/16\/el-marques-contra-la-ilegalidad-operativos-frenan-venta-clandestina-de-alcohol-y-eventos-ilegales\/#breadcrumb"},"inLanguage":"es","potentialAction":[{"@type":"ReadAction","target":["https:\/\/www.nexoinformativo.mx\/index.php\/2025\/03\/16\/el-marques-contra-la-ilegalidad-operativos-frenan-venta-clandestina-de-alcohol-y-eventos-ilegales\/"]}]},{"@type":"ImageObject","inLanguage":"es","@id":"https:\/\/www.nexoinformativo.mx\/index.php\/2025\/03\/16\/el-marques-contra-la-ilegalidad-operativos-frenan-venta-clandestina-de-alcohol-y-eventos-ilegales\/#primaryimage","url":"https:\/\/www.nexoinformativo.mx\/wp-content\/uploads\/2025\/03\/PHOTO-2025-03-16-12-25-16-e1742151482325.jpg","contentUrl":"https:\/\/www.nexoinformativo.mx\/wp-content\/uploads\/2025\/03\/PHOTO-2025-03-16-12-25-16-e1742151482325.jpg","width":800,"height":449},{"@type":"BreadcrumbList","@id":"https:\/\/www.nexoinformativo.mx\/index.php\/2025\/03\/16\/el-marques-contra-la-ilegalidad-operativos-frenan-venta-clandestina-de-alcohol-y-eventos-ilegales\/#breadcrumb","itemListElement":[{"@type":"ListItem","position":1,"name":"Inicio","item":"https:\/\/www.nexoinformativo.mx\/"},{"@type":"ListItem","position":2,"name":"El Marqu\u00e9s contra la ilegalidad operativos frenan venta clandestina de alcohol y eventos ilegales"}]},{"@type":"WebSite","@id":"https:\/\/www.nexoinformativo.mx\/#website","url":"https:\/\/www.nexoinformativo.mx\/","name":"Nexo Informativo Santiago de Quer\u00e9taro","description":"Explora NexoInformativo y convi\u00e9rtete en parte de una comunidad que valora el conocimiento y la verdad. Tu nexoinformativo es tu puente hacia una comprensi\u00f3n m\u00e1s profunda del mundo que te rodea.","publisher":{"@id":"https:\/\/www.nexoinformativo.mx\/#organization"},"potentialAction":[{"@type":"SearchAction","target":{"@type":"EntryPoint","urlTemplate":"https:\/\/www.nexoinformativo.mx\/?s={search_term_string}"},"query-input":{"@type":"PropertyValueSpecification","valueRequired":true,"valueName":"search_term_string"}}],"inLanguage":"es"},{"@type":"Organization","@id":"https:\/\/www.nexoinformativo.mx\/#organization","name":"Nexo Informativo Santiago de Quer\u00e9taro","url":"https:\/\/www.nexoinformativo.mx\/","logo":{"@type":"ImageObject","inLanguage":"es","@id":"https:\/\/www.nexoinformativo.mx\/#\/schema\/logo\/image\/","url":"https:\/\/www.nexoinformativo.mx\/wp-content\/uploads\/2024\/07\/nexoi-trasparente-2.png","contentUrl":"https:\/\/www.nexoinformativo.mx\/wp-content\/uploads\/2024\/07\/nexoi-trasparente-2.png","width":816,"height":339,"caption":"Nexo Informativo Santiago de Quer\u00e9taro"},"image":{"@id":"https:\/\/www.nexoinformativo.mx\/#\/schema\/logo\/image\/"},"sameAs":["https:\/\/www.facebook.com\/people\/Nexo-Informativo\/61564066885511\/"]},{"@type":"Person","@id":"https:\/\/www.nexoinformativo.mx\/#\/schema\/person\/7749d380ba08c8ca00d7bc76fd907b7d","name":"Nexo Informativo","image":{"@type":"ImageObject","inLanguage":"es","@id":"https:\/\/www.nexoinformativo.mx\/#\/schema\/person\/image\/","url":"https:\/\/secure.gravatar.com\/avatar\/dde2928154642a13d95f87ddf1ea9718fe2b46760a005c53e41ff5ad610704e6?s=96&d=mm&r=g","contentUrl":"https:\/\/secure.gravatar.com\/avatar\/dde2928154642a13d95f87ddf1ea9718fe2b46760a005c53e41ff5ad610704e6?s=96&d=mm&r=g","caption":"Nexo Informativo"},"url":"https:\/\/www.nexoinformativo.mx\/index.php\/author\/edicion\/"}]}},"_links":{"self":[{"href":"https:\/\/www.nexoinformativo.mx\/index.php\/wp-json\/wp\/v2\/posts\/12833","targetHints":{"allow":["GET"]}}],"collection":[{"href":"https:\/\/www.nexoinformativo.mx\/index.php\/wp-json\/wp\/v2\/posts"}],"about":[{"href":"https:\/\/www.nexoinformativo.mx\/index.php\/wp-json\/wp\/v2\/types\/post"}],"author":[{"embeddable":true,"href":"https:\/\/www.nexoinformativo.mx\/index.php\/wp-json\/wp\/v2\/users\/3"}],"replies":[{"embeddable":true,"href":"https:\/\/www.nexoinformativo.mx\/index.php\/wp-json\/wp\/v2\/comments?post=12833"}],"version-history":[{"count":6,"href":"https:\/\/www.nexoinformativo.mx\/index.php\/wp-json\/wp\/v2\/posts\/12833\/revisions"}],"predecessor-version":[{"id":12839,"href":"https:\/\/www.nexoinformativo.mx\/index.php\/wp-json\/wp\/v2\/posts\/12833\/revisions\/12839"}],"wp:featuredmedia":[{"embeddable":true,"href":"https:\/\/www.nexoinformativo.mx\/index.php\/wp-json\/wp\/v2\/media\/12836"}],"wp:attachment":[{"href":"https:\/\/www.nexoinformativo.mx\/index.php\/wp-json\/wp\/v2\/media?parent=12833"}],"wp:term":[{"taxonomy":"category","embeddable":true,"href":"https:\/\/www.nexoinformativo.mx\/index.php\/wp-json\/wp\/v2\/categories?post=12833"},{"taxonomy":"post_tag","embeddable":true,"href":"https:\/\/www.nexoinformativo.mx\/index.php\/wp-json\/wp\/v2\/tags?post=12833"}],"curies":[{"name":"wp","href":"https:\/\/api.w.org\/{rel}","templated":true}]}}