{"id":12841,"date":"2025-03-16T09:00:52","date_gmt":"2025-03-16T15:00:52","guid":{"rendered":"https:\/\/www.nexoinformativo.mx\/?p=12841"},"modified":"2025-03-16T13:04:20","modified_gmt":"2025-03-16T19:04:20","slug":"historico-palacio-de-bellas-artes-abre-sus-puertas-a-las-lenguas-indigenas-por-primera-vez","status":"publish","type":"post","link":"https:\/\/www.nexoinformativo.mx\/index.php\/2025\/03\/16\/historico-palacio-de-bellas-artes-abre-sus-puertas-a-las-lenguas-indigenas-por-primera-vez\/","title":{"rendered":"Hist\u00f3rico Palacio de Bellas Artes abre sus puertas a las lenguas ind\u00edgenas por primera vez"},"content":{"rendered":"<p style=\"text-align: justify;\" data-sourcepos=\"13:1-13:215\">El Palacio de Bellas Artes hizo historia al abrir sus puertas por primera vez a la literatura escrita en lenguas ind\u00edgenas, con un emotivo recital de poes\u00eda que llen\u00f3 la Sala Principal.<\/p>\n<\/p>\n<p>&nbsp;<\/p>\n<p style=\"text-align: justify;\" data-sourcepos=\"15:1-15:252\">Diez mujeres, hablantes de diversas lenguas y provenientes de distintos puntos del pa\u00eds, compartieron su obra en sus idiomas originarios y en espa\u00f1ol, en el marco del Encuentro Nacional de Escritoras en Lenguas Ind\u00edgenas y del A\u00f1o de la Mujer Ind\u00edgena.<\/p>\n<\/p>\n<p>&nbsp;<\/p>\n<p style=\"text-align: justify;\" data-sourcepos=\"17:1-17:543\">El evento, organizado por la Secretar\u00eda de Cultura del Gobierno de M\u00e9xico y el Instituto Nacional de Bellas Artes y Literatura (INBAL), a trav\u00e9s de la Coordinaci\u00f3n Nacional de Literatura (CNL), celebr\u00f3 la diversidad ling\u00fc\u00edstica de M\u00e9xico, a trav\u00e9s de las voces de autoras como Ruperta Bautista (tsotsil), Emilia Buitimea (mayo).<\/p>\n<\/p>\n<p>&nbsp;<\/p>\n<p style=\"text-align: justify;\" data-sourcepos=\"17:1-17:543\">Rub\u00ed Huerta (pur\u00e9pecha), Ateri Miyawatl (n\u00e1huatl), Rosario Patricio (mixe), Juana Karen Pe\u00f1ate (ch&#8217;ol), Celerina Patricia S\u00e1nchez (mixteco), Mikeas S\u00e1nchez (zoque), Sasil S\u00e1nchez (maya) y Natalia Toledo (zapoteco).<\/p>\n<\/p>\n<p>&nbsp;<\/p>\n<p style=\"text-align: justify;\" data-sourcepos=\"19:1-19:102\">Adem\u00e1s, la soprano Mar\u00eda Reyna, acompa\u00f1ada por m\u00fasicos, interpret\u00f3 canciones en lengua mixe y espa\u00f1ol.<\/p>\n<\/p>\n<p>&nbsp;<\/p>\n<p style=\"text-align: justify;\" data-sourcepos=\"21:1-21:264\">Autoridades culturales, como la directora general del INBAL, Alejandra de la Paz N\u00e1jera, y la coordinadora Nacional de Literatura, Nadia L\u00f3pez Garc\u00eda, destacaron la importancia de este evento para reconocer y difundir la riqueza de las lenguas ind\u00edgenas de M\u00e9xico.<\/p>\n<\/p>\n<p>&nbsp;<\/p>\n<p style=\"text-align: justify;\" data-sourcepos=\"23:1-23:168\">El p\u00fablico disfrut\u00f3 de la sonoridad y la belleza de las lenguas originarias, y expres\u00f3 su emoci\u00f3n por presenciar un evento hist\u00f3rico que reivindica la cultura ind\u00edgena.<\/p>\n<\/p>\n<p>&nbsp;<\/p>\n<p style=\"text-align: center;\" data-sourcepos=\"23:1-23:168\"><em><strong>\u00a1Informaci\u00f3n que transforma!<\/strong><\/em><\/p>\n","protected":false},"excerpt":{"rendered":"<p>El Palacio de Bellas Artes hizo historia al abrir sus puertas por primera vez a la literatura escrita en lenguas ind\u00edgenas, con un emotivo recital de poes\u00eda que llen\u00f3 la Sala Principal.<\/p>\n","protected":false},"author":3,"featured_media":12842,"comment_status":"open","ping_status":"open","sticky":false,"template":"","format":"standard","meta":{"footnotes":""},"categories":[88,58],"tags":[3507,3780,3782,3781],"class_list":["post-12841","post","type-post","status-publish","format-standard","has-post-thumbnail","hentry","category-nacional","category-ultima-hora","tag-culturamexico","tag-lenguasindigenas","tag-mujerindigena","tag-palaciodebellasartes"],"yoast_head":"<!-- This site is optimized with the Yoast SEO plugin v25.0 - https:\/\/yoast.com\/wordpress\/plugins\/seo\/ -->\n<title>Hist\u00f3rico Palacio de Bellas Artes abre sus puertas a las lenguas ind\u00edgenas por primera vez | Nexo Informativo Santiago de Quer\u00e9taro<\/title>\n<meta name=\"description\" content=\"Hist\u00f3rico Palacio de Bellas Artes abre sus puertas a las lenguas ind\u00edgenas por primera vez\" \/>\n<meta name=\"robots\" content=\"index, follow, max-snippet:-1, max-image-preview:large, max-video-preview:-1\" \/>\n<link rel=\"canonical\" href=\"https:\/\/www.nexoinformativo.mx\/index.php\/2025\/03\/16\/historico-palacio-de-bellas-artes-abre-sus-puertas-a-las-lenguas-indigenas-por-primera-vez\/\" \/>\n<meta property=\"og:locale\" content=\"es_MX\" \/>\n<meta property=\"og:type\" content=\"article\" \/>\n<meta property=\"og:title\" content=\"Hist\u00f3rico Palacio de Bellas Artes abre sus puertas a las lenguas ind\u00edgenas por primera vez | Nexo Informativo Santiago de Quer\u00e9taro\" \/>\n<meta property=\"og:description\" content=\"Hist\u00f3rico Palacio de Bellas Artes abre sus puertas a las lenguas ind\u00edgenas por primera vez\" \/>\n<meta property=\"og:url\" content=\"https:\/\/www.nexoinformativo.mx\/index.php\/2025\/03\/16\/historico-palacio-de-bellas-artes-abre-sus-puertas-a-las-lenguas-indigenas-por-primera-vez\/\" \/>\n<meta property=\"og:site_name\" content=\"Nexo Informativo Santiago de Quer\u00e9taro\" \/>\n<meta property=\"article:publisher\" content=\"https:\/\/www.facebook.com\/people\/Nexo-Informativo\/61564066885511\/\" \/>\n<meta property=\"article:published_time\" content=\"2025-03-16T15:00:52+00:00\" \/>\n<meta property=\"article:modified_time\" content=\"2025-03-16T19:04:20+00:00\" \/>\n<meta property=\"og:image\" content=\"https:\/\/www.nexoinformativo.mx\/wp-content\/uploads\/2025\/03\/IMG_1726.jpg\" \/>\n\t<meta property=\"og:image:width\" content=\"650\" \/>\n\t<meta property=\"og:image:height\" content=\"380\" \/>\n\t<meta property=\"og:image:type\" content=\"image\/jpeg\" \/>\n<meta name=\"author\" content=\"Nexo Informativo\" \/>\n<meta name=\"twitter:card\" content=\"summary_large_image\" \/>\n<meta name=\"twitter:label1\" content=\"Escrito por\" \/>\n\t<meta name=\"twitter:data1\" content=\"Nexo Informativo\" \/>\n\t<meta name=\"twitter:label2\" content=\"Tiempo de lectura\" \/>\n\t<meta name=\"twitter:data2\" content=\"2 minutos\" \/>\n<script type=\"application\/ld+json\" class=\"yoast-schema-graph\">{\"@context\":\"https:\/\/schema.org\",\"@graph\":[{\"@type\":\"Article\",\"@id\":\"https:\/\/www.nexoinformativo.mx\/index.php\/2025\/03\/16\/historico-palacio-de-bellas-artes-abre-sus-puertas-a-las-lenguas-indigenas-por-primera-vez\/#article\",\"isPartOf\":{\"@id\":\"https:\/\/www.nexoinformativo.mx\/index.php\/2025\/03\/16\/historico-palacio-de-bellas-artes-abre-sus-puertas-a-las-lenguas-indigenas-por-primera-vez\/\"},\"author\":{\"name\":\"Nexo Informativo\",\"@id\":\"https:\/\/www.nexoinformativo.mx\/#\/schema\/person\/7749d380ba08c8ca00d7bc76fd907b7d\"},\"headline\":\"Hist\u00f3rico Palacio de Bellas Artes abre sus puertas a las lenguas ind\u00edgenas por primera vez\",\"datePublished\":\"2025-03-16T15:00:52+00:00\",\"dateModified\":\"2025-03-16T19:04:20+00:00\",\"mainEntityOfPage\":{\"@id\":\"https:\/\/www.nexoinformativo.mx\/index.php\/2025\/03\/16\/historico-palacio-de-bellas-artes-abre-sus-puertas-a-las-lenguas-indigenas-por-primera-vez\/\"},\"wordCount\":296,\"commentCount\":0,\"publisher\":{\"@id\":\"https:\/\/www.nexoinformativo.mx\/#organization\"},\"image\":{\"@id\":\"https:\/\/www.nexoinformativo.mx\/index.php\/2025\/03\/16\/historico-palacio-de-bellas-artes-abre-sus-puertas-a-las-lenguas-indigenas-por-primera-vez\/#primaryimage\"},\"thumbnailUrl\":\"https:\/\/www.nexoinformativo.mx\/wp-content\/uploads\/2025\/03\/IMG_1726.jpg\",\"keywords\":[\"CulturaM\u00e9xico\",\"LenguasInd\u00edgenas\",\"MujerInd\u00edgena\",\"PalacioDeBellasArtes\"],\"articleSection\":[\"Nacional\",\"\u00daltima Hora\"],\"inLanguage\":\"es\",\"potentialAction\":[{\"@type\":\"CommentAction\",\"name\":\"Comment\",\"target\":[\"https:\/\/www.nexoinformativo.mx\/index.php\/2025\/03\/16\/historico-palacio-de-bellas-artes-abre-sus-puertas-a-las-lenguas-indigenas-por-primera-vez\/#respond\"]}]},{\"@type\":\"WebPage\",\"@id\":\"https:\/\/www.nexoinformativo.mx\/index.php\/2025\/03\/16\/historico-palacio-de-bellas-artes-abre-sus-puertas-a-las-lenguas-indigenas-por-primera-vez\/\",\"url\":\"https:\/\/www.nexoinformativo.mx\/index.php\/2025\/03\/16\/historico-palacio-de-bellas-artes-abre-sus-puertas-a-las-lenguas-indigenas-por-primera-vez\/\",\"name\":\"Hist\u00f3rico Palacio de Bellas Artes abre sus puertas a las lenguas ind\u00edgenas por primera vez | Nexo Informativo Santiago de Quer\u00e9taro\",\"isPartOf\":{\"@id\":\"https:\/\/www.nexoinformativo.mx\/#website\"},\"primaryImageOfPage\":{\"@id\":\"https:\/\/www.nexoinformativo.mx\/index.php\/2025\/03\/16\/historico-palacio-de-bellas-artes-abre-sus-puertas-a-las-lenguas-indigenas-por-primera-vez\/#primaryimage\"},\"image\":{\"@id\":\"https:\/\/www.nexoinformativo.mx\/index.php\/2025\/03\/16\/historico-palacio-de-bellas-artes-abre-sus-puertas-a-las-lenguas-indigenas-por-primera-vez\/#primaryimage\"},\"thumbnailUrl\":\"https:\/\/www.nexoinformativo.mx\/wp-content\/uploads\/2025\/03\/IMG_1726.jpg\",\"datePublished\":\"2025-03-16T15:00:52+00:00\",\"dateModified\":\"2025-03-16T19:04:20+00:00\",\"description\":\"Hist\u00f3rico Palacio de Bellas Artes abre sus puertas a las lenguas ind\u00edgenas por primera vez\",\"breadcrumb\":{\"@id\":\"https:\/\/www.nexoinformativo.mx\/index.php\/2025\/03\/16\/historico-palacio-de-bellas-artes-abre-sus-puertas-a-las-lenguas-indigenas-por-primera-vez\/#breadcrumb\"},\"inLanguage\":\"es\",\"potentialAction\":[{\"@type\":\"ReadAction\",\"target\":[\"https:\/\/www.nexoinformativo.mx\/index.php\/2025\/03\/16\/historico-palacio-de-bellas-artes-abre-sus-puertas-a-las-lenguas-indigenas-por-primera-vez\/\"]}]},{\"@type\":\"ImageObject\",\"inLanguage\":\"es\",\"@id\":\"https:\/\/www.nexoinformativo.mx\/index.php\/2025\/03\/16\/historico-palacio-de-bellas-artes-abre-sus-puertas-a-las-lenguas-indigenas-por-primera-vez\/#primaryimage\",\"url\":\"https:\/\/www.nexoinformativo.mx\/wp-content\/uploads\/2025\/03\/IMG_1726.jpg\",\"contentUrl\":\"https:\/\/www.nexoinformativo.mx\/wp-content\/uploads\/2025\/03\/IMG_1726.jpg\",\"width\":650,\"height\":380},{\"@type\":\"BreadcrumbList\",\"@id\":\"https:\/\/www.nexoinformativo.mx\/index.php\/2025\/03\/16\/historico-palacio-de-bellas-artes-abre-sus-puertas-a-las-lenguas-indigenas-por-primera-vez\/#breadcrumb\",\"itemListElement\":[{\"@type\":\"ListItem\",\"position\":1,\"name\":\"Inicio\",\"item\":\"https:\/\/www.nexoinformativo.mx\/\"},{\"@type\":\"ListItem\",\"position\":2,\"name\":\"Hist\u00f3rico Palacio de Bellas Artes abre sus puertas a las lenguas ind\u00edgenas por primera vez\"}]},{\"@type\":\"WebSite\",\"@id\":\"https:\/\/www.nexoinformativo.mx\/#website\",\"url\":\"https:\/\/www.nexoinformativo.mx\/\",\"name\":\"Nexo Informativo Santiago de Quer\u00e9taro\",\"description\":\"Explora NexoInformativo y convi\u00e9rtete en parte de una comunidad que valora el conocimiento y la verdad. Tu nexoinformativo es tu puente hacia una comprensi\u00f3n m\u00e1s profunda del mundo que te rodea.\",\"publisher\":{\"@id\":\"https:\/\/www.nexoinformativo.mx\/#organization\"},\"potentialAction\":[{\"@type\":\"SearchAction\",\"target\":{\"@type\":\"EntryPoint\",\"urlTemplate\":\"https:\/\/www.nexoinformativo.mx\/?s={search_term_string}\"},\"query-input\":{\"@type\":\"PropertyValueSpecification\",\"valueRequired\":true,\"valueName\":\"search_term_string\"}}],\"inLanguage\":\"es\"},{\"@type\":\"Organization\",\"@id\":\"https:\/\/www.nexoinformativo.mx\/#organization\",\"name\":\"Nexo Informativo Santiago de Quer\u00e9taro\",\"url\":\"https:\/\/www.nexoinformativo.mx\/\",\"logo\":{\"@type\":\"ImageObject\",\"inLanguage\":\"es\",\"@id\":\"https:\/\/www.nexoinformativo.mx\/#\/schema\/logo\/image\/\",\"url\":\"https:\/\/www.nexoinformativo.mx\/wp-content\/uploads\/2024\/07\/nexoi-trasparente-2.png\",\"contentUrl\":\"https:\/\/www.nexoinformativo.mx\/wp-content\/uploads\/2024\/07\/nexoi-trasparente-2.png\",\"width\":816,\"height\":339,\"caption\":\"Nexo Informativo Santiago de Quer\u00e9taro\"},\"image\":{\"@id\":\"https:\/\/www.nexoinformativo.mx\/#\/schema\/logo\/image\/\"},\"sameAs\":[\"https:\/\/www.facebook.com\/people\/Nexo-Informativo\/61564066885511\/\"]},{\"@type\":\"Person\",\"@id\":\"https:\/\/www.nexoinformativo.mx\/#\/schema\/person\/7749d380ba08c8ca00d7bc76fd907b7d\",\"name\":\"Nexo Informativo\",\"image\":{\"@type\":\"ImageObject\",\"inLanguage\":\"es\",\"@id\":\"https:\/\/www.nexoinformativo.mx\/#\/schema\/person\/image\/\",\"url\":\"https:\/\/secure.gravatar.com\/avatar\/dde2928154642a13d95f87ddf1ea9718fe2b46760a005c53e41ff5ad610704e6?s=96&d=mm&r=g\",\"contentUrl\":\"https:\/\/secure.gravatar.com\/avatar\/dde2928154642a13d95f87ddf1ea9718fe2b46760a005c53e41ff5ad610704e6?s=96&d=mm&r=g\",\"caption\":\"Nexo Informativo\"},\"url\":\"https:\/\/www.nexoinformativo.mx\/index.php\/author\/edicion\/\"}]}<\/script>\n<!-- \/ Yoast SEO plugin. -->","yoast_head_json":{"title":"Hist\u00f3rico Palacio de Bellas Artes abre sus puertas a las lenguas ind\u00edgenas por primera vez | Nexo Informativo Santiago de Quer\u00e9taro","description":"Hist\u00f3rico Palacio de Bellas Artes abre sus puertas a las lenguas ind\u00edgenas por primera vez","robots":{"index":"index","follow":"follow","max-snippet":"max-snippet:-1","max-image-preview":"max-image-preview:large","max-video-preview":"max-video-preview:-1"},"canonical":"https:\/\/www.nexoinformativo.mx\/index.php\/2025\/03\/16\/historico-palacio-de-bellas-artes-abre-sus-puertas-a-las-lenguas-indigenas-por-primera-vez\/","og_locale":"es_MX","og_type":"article","og_title":"Hist\u00f3rico Palacio de Bellas Artes abre sus puertas a las lenguas ind\u00edgenas por primera vez | Nexo Informativo Santiago de Quer\u00e9taro","og_description":"Hist\u00f3rico Palacio de Bellas Artes abre sus puertas a las lenguas ind\u00edgenas por primera vez","og_url":"https:\/\/www.nexoinformativo.mx\/index.php\/2025\/03\/16\/historico-palacio-de-bellas-artes-abre-sus-puertas-a-las-lenguas-indigenas-por-primera-vez\/","og_site_name":"Nexo Informativo Santiago de Quer\u00e9taro","article_publisher":"https:\/\/www.facebook.com\/people\/Nexo-Informativo\/61564066885511\/","article_published_time":"2025-03-16T15:00:52+00:00","article_modified_time":"2025-03-16T19:04:20+00:00","og_image":[{"width":650,"height":380,"url":"https:\/\/www.nexoinformativo.mx\/wp-content\/uploads\/2025\/03\/IMG_1726.jpg","type":"image\/jpeg"}],"author":"Nexo Informativo","twitter_card":"summary_large_image","twitter_misc":{"Escrito por":"Nexo Informativo","Tiempo de lectura":"2 minutos"},"schema":{"@context":"https:\/\/schema.org","@graph":[{"@type":"Article","@id":"https:\/\/www.nexoinformativo.mx\/index.php\/2025\/03\/16\/historico-palacio-de-bellas-artes-abre-sus-puertas-a-las-lenguas-indigenas-por-primera-vez\/#article","isPartOf":{"@id":"https:\/\/www.nexoinformativo.mx\/index.php\/2025\/03\/16\/historico-palacio-de-bellas-artes-abre-sus-puertas-a-las-lenguas-indigenas-por-primera-vez\/"},"author":{"name":"Nexo Informativo","@id":"https:\/\/www.nexoinformativo.mx\/#\/schema\/person\/7749d380ba08c8ca00d7bc76fd907b7d"},"headline":"Hist\u00f3rico Palacio de Bellas Artes abre sus puertas a las lenguas ind\u00edgenas por primera vez","datePublished":"2025-03-16T15:00:52+00:00","dateModified":"2025-03-16T19:04:20+00:00","mainEntityOfPage":{"@id":"https:\/\/www.nexoinformativo.mx\/index.php\/2025\/03\/16\/historico-palacio-de-bellas-artes-abre-sus-puertas-a-las-lenguas-indigenas-por-primera-vez\/"},"wordCount":296,"commentCount":0,"publisher":{"@id":"https:\/\/www.nexoinformativo.mx\/#organization"},"image":{"@id":"https:\/\/www.nexoinformativo.mx\/index.php\/2025\/03\/16\/historico-palacio-de-bellas-artes-abre-sus-puertas-a-las-lenguas-indigenas-por-primera-vez\/#primaryimage"},"thumbnailUrl":"https:\/\/www.nexoinformativo.mx\/wp-content\/uploads\/2025\/03\/IMG_1726.jpg","keywords":["CulturaM\u00e9xico","LenguasInd\u00edgenas","MujerInd\u00edgena","PalacioDeBellasArtes"],"articleSection":["Nacional","\u00daltima Hora"],"inLanguage":"es","potentialAction":[{"@type":"CommentAction","name":"Comment","target":["https:\/\/www.nexoinformativo.mx\/index.php\/2025\/03\/16\/historico-palacio-de-bellas-artes-abre-sus-puertas-a-las-lenguas-indigenas-por-primera-vez\/#respond"]}]},{"@type":"WebPage","@id":"https:\/\/www.nexoinformativo.mx\/index.php\/2025\/03\/16\/historico-palacio-de-bellas-artes-abre-sus-puertas-a-las-lenguas-indigenas-por-primera-vez\/","url":"https:\/\/www.nexoinformativo.mx\/index.php\/2025\/03\/16\/historico-palacio-de-bellas-artes-abre-sus-puertas-a-las-lenguas-indigenas-por-primera-vez\/","name":"Hist\u00f3rico Palacio de Bellas Artes abre sus puertas a las lenguas ind\u00edgenas por primera vez | Nexo Informativo Santiago de Quer\u00e9taro","isPartOf":{"@id":"https:\/\/www.nexoinformativo.mx\/#website"},"primaryImageOfPage":{"@id":"https:\/\/www.nexoinformativo.mx\/index.php\/2025\/03\/16\/historico-palacio-de-bellas-artes-abre-sus-puertas-a-las-lenguas-indigenas-por-primera-vez\/#primaryimage"},"image":{"@id":"https:\/\/www.nexoinformativo.mx\/index.php\/2025\/03\/16\/historico-palacio-de-bellas-artes-abre-sus-puertas-a-las-lenguas-indigenas-por-primera-vez\/#primaryimage"},"thumbnailUrl":"https:\/\/www.nexoinformativo.mx\/wp-content\/uploads\/2025\/03\/IMG_1726.jpg","datePublished":"2025-03-16T15:00:52+00:00","dateModified":"2025-03-16T19:04:20+00:00","description":"Hist\u00f3rico Palacio de Bellas Artes abre sus puertas a las lenguas ind\u00edgenas por primera vez","breadcrumb":{"@id":"https:\/\/www.nexoinformativo.mx\/index.php\/2025\/03\/16\/historico-palacio-de-bellas-artes-abre-sus-puertas-a-las-lenguas-indigenas-por-primera-vez\/#breadcrumb"},"inLanguage":"es","potentialAction":[{"@type":"ReadAction","target":["https:\/\/www.nexoinformativo.mx\/index.php\/2025\/03\/16\/historico-palacio-de-bellas-artes-abre-sus-puertas-a-las-lenguas-indigenas-por-primera-vez\/"]}]},{"@type":"ImageObject","inLanguage":"es","@id":"https:\/\/www.nexoinformativo.mx\/index.php\/2025\/03\/16\/historico-palacio-de-bellas-artes-abre-sus-puertas-a-las-lenguas-indigenas-por-primera-vez\/#primaryimage","url":"https:\/\/www.nexoinformativo.mx\/wp-content\/uploads\/2025\/03\/IMG_1726.jpg","contentUrl":"https:\/\/www.nexoinformativo.mx\/wp-content\/uploads\/2025\/03\/IMG_1726.jpg","width":650,"height":380},{"@type":"BreadcrumbList","@id":"https:\/\/www.nexoinformativo.mx\/index.php\/2025\/03\/16\/historico-palacio-de-bellas-artes-abre-sus-puertas-a-las-lenguas-indigenas-por-primera-vez\/#breadcrumb","itemListElement":[{"@type":"ListItem","position":1,"name":"Inicio","item":"https:\/\/www.nexoinformativo.mx\/"},{"@type":"ListItem","position":2,"name":"Hist\u00f3rico Palacio de Bellas Artes abre sus puertas a las lenguas ind\u00edgenas por primera vez"}]},{"@type":"WebSite","@id":"https:\/\/www.nexoinformativo.mx\/#website","url":"https:\/\/www.nexoinformativo.mx\/","name":"Nexo Informativo Santiago de Quer\u00e9taro","description":"Explora NexoInformativo y convi\u00e9rtete en parte de una comunidad que valora el conocimiento y la verdad. Tu nexoinformativo es tu puente hacia una comprensi\u00f3n m\u00e1s profunda del mundo que te rodea.","publisher":{"@id":"https:\/\/www.nexoinformativo.mx\/#organization"},"potentialAction":[{"@type":"SearchAction","target":{"@type":"EntryPoint","urlTemplate":"https:\/\/www.nexoinformativo.mx\/?s={search_term_string}"},"query-input":{"@type":"PropertyValueSpecification","valueRequired":true,"valueName":"search_term_string"}}],"inLanguage":"es"},{"@type":"Organization","@id":"https:\/\/www.nexoinformativo.mx\/#organization","name":"Nexo Informativo Santiago de Quer\u00e9taro","url":"https:\/\/www.nexoinformativo.mx\/","logo":{"@type":"ImageObject","inLanguage":"es","@id":"https:\/\/www.nexoinformativo.mx\/#\/schema\/logo\/image\/","url":"https:\/\/www.nexoinformativo.mx\/wp-content\/uploads\/2024\/07\/nexoi-trasparente-2.png","contentUrl":"https:\/\/www.nexoinformativo.mx\/wp-content\/uploads\/2024\/07\/nexoi-trasparente-2.png","width":816,"height":339,"caption":"Nexo Informativo Santiago de Quer\u00e9taro"},"image":{"@id":"https:\/\/www.nexoinformativo.mx\/#\/schema\/logo\/image\/"},"sameAs":["https:\/\/www.facebook.com\/people\/Nexo-Informativo\/61564066885511\/"]},{"@type":"Person","@id":"https:\/\/www.nexoinformativo.mx\/#\/schema\/person\/7749d380ba08c8ca00d7bc76fd907b7d","name":"Nexo Informativo","image":{"@type":"ImageObject","inLanguage":"es","@id":"https:\/\/www.nexoinformativo.mx\/#\/schema\/person\/image\/","url":"https:\/\/secure.gravatar.com\/avatar\/dde2928154642a13d95f87ddf1ea9718fe2b46760a005c53e41ff5ad610704e6?s=96&d=mm&r=g","contentUrl":"https:\/\/secure.gravatar.com\/avatar\/dde2928154642a13d95f87ddf1ea9718fe2b46760a005c53e41ff5ad610704e6?s=96&d=mm&r=g","caption":"Nexo Informativo"},"url":"https:\/\/www.nexoinformativo.mx\/index.php\/author\/edicion\/"}]}},"_links":{"self":[{"href":"https:\/\/www.nexoinformativo.mx\/index.php\/wp-json\/wp\/v2\/posts\/12841","targetHints":{"allow":["GET"]}}],"collection":[{"href":"https:\/\/www.nexoinformativo.mx\/index.php\/wp-json\/wp\/v2\/posts"}],"about":[{"href":"https:\/\/www.nexoinformativo.mx\/index.php\/wp-json\/wp\/v2\/types\/post"}],"author":[{"embeddable":true,"href":"https:\/\/www.nexoinformativo.mx\/index.php\/wp-json\/wp\/v2\/users\/3"}],"replies":[{"embeddable":true,"href":"https:\/\/www.nexoinformativo.mx\/index.php\/wp-json\/wp\/v2\/comments?post=12841"}],"version-history":[{"count":3,"href":"https:\/\/www.nexoinformativo.mx\/index.php\/wp-json\/wp\/v2\/posts\/12841\/revisions"}],"predecessor-version":[{"id":12845,"href":"https:\/\/www.nexoinformativo.mx\/index.php\/wp-json\/wp\/v2\/posts\/12841\/revisions\/12845"}],"wp:featuredmedia":[{"embeddable":true,"href":"https:\/\/www.nexoinformativo.mx\/index.php\/wp-json\/wp\/v2\/media\/12842"}],"wp:attachment":[{"href":"https:\/\/www.nexoinformativo.mx\/index.php\/wp-json\/wp\/v2\/media?parent=12841"}],"wp:term":[{"taxonomy":"category","embeddable":true,"href":"https:\/\/www.nexoinformativo.mx\/index.php\/wp-json\/wp\/v2\/categories?post=12841"},{"taxonomy":"post_tag","embeddable":true,"href":"https:\/\/www.nexoinformativo.mx\/index.php\/wp-json\/wp\/v2\/tags?post=12841"}],"curies":[{"name":"wp","href":"https:\/\/api.w.org\/{rel}","templated":true}]}}