{"id":12857,"date":"2025-03-16T11:00:25","date_gmt":"2025-03-16T17:00:25","guid":{"rendered":"https:\/\/www.nexoinformativo.mx\/?p=12857"},"modified":"2025-03-16T13:21:11","modified_gmt":"2025-03-16T19:21:11","slug":"lucha-contra-el-fuego-el-55-de-control-en-incendio-forestal-de-la-comunidad-la-tinaja-queretaro","status":"publish","type":"post","link":"https:\/\/www.nexoinformativo.mx\/index.php\/2025\/03\/16\/lucha-contra-el-fuego-el-55-de-control-en-incendio-forestal-de-la-comunidad-la-tinaja-queretaro\/","title":{"rendered":"Lucha contra el fuego el 55% de control en incendio forestal de la comunidad La Tinaja Quer\u00e9taro"},"content":{"rendered":"<p style=\"text-align: justify;\" data-sourcepos=\"13:1-13:298\">La Coordinaci\u00f3n Estatal de Protecci\u00f3n Civil de Quer\u00e9taro (CEPCQ) mantiene activo el operativo interinstitucional para sofocar el incendio forestal en la comunidad de La Tinaja, ubicada en la zona boscosa entre los municipios de Pinal de Amoles y Arroyo Seco.<\/p>\n<\/p>\n<p>&nbsp;<\/p>\n<p style=\"text-align: justify;\" data-sourcepos=\"15:1-15:238\">Al momento, se ha logrado controlar el 55% del incendio, que ha afectado aproximadamente 20 hect\u00e1reas de vegetaci\u00f3n, principalmente matorral y encino. Afortunadamente, no se reportan personas lesionadas ni da\u00f1os a viviendas o estructuras.<\/p>\n<\/p>\n<p>&nbsp;<\/p>\n<p style=\"text-align: justify;\" data-sourcepos=\"17:1-17:219\">En las labores de combate participan 221 elementos, incluyendo personal de la CEPCQ, coordinaciones municipales de Protecci\u00f3n Civil, brigadistas forestales de diversas dependencias, elementos de la SEDENA y voluntarios.<\/p>\n<\/p>\n<p>&nbsp;<\/p>\n<p style=\"text-align: justify;\" data-sourcepos=\"19:1-19:188\">Se ha abierto una brecha de 5.6 kil\u00f3metros para contener el avance del fuego, donde a\u00fan persiste un punto de calor. Los trabajos continuar\u00e1n al d\u00eda siguiente con el apoyo de tres brigadas.<\/p>\n<\/p>\n<p>&nbsp;<\/p>\n<p style=\"text-align: justify;\" data-sourcepos=\"21:1-21:141\">La CEPCQ hace un llamado a la poblaci\u00f3n para seguir las recomendaciones de las autoridades y evitar la difusi\u00f3n de informaci\u00f3n no verificada.<\/p>\n<\/p>\n<p>&nbsp;<\/p>\n<p style=\"text-align: center;\" data-sourcepos=\"21:1-21:141\"><em><strong>\u00a1Informaci\u00f3n que transforma!<\/strong><\/em><\/p>\n","protected":false},"excerpt":{"rendered":"<p>La Coordinaci\u00f3n Estatal de Protecci\u00f3n Civil de Quer\u00e9taro (CEPCQ) mantiene activo el operativo interinstitucional para sofocar el incendio forestal en la comunidad de La Tinaja, ubicada en la zona boscosa entre los municipios de Pinal de Amoles y Arroyo Seco.<\/p>\n","protected":false},"author":3,"featured_media":12858,"comment_status":"open","ping_status":"open","sticky":false,"template":"","format":"standard","meta":{"footnotes":""},"categories":[65,58],"tags":[3786,3787,268,133],"class_list":["post-12857","post","type-post","status-publish","format-standard","has-post-thumbnail","hentry","category-municipios","category-ultima-hora","tag-incendioforestal","tag-latinaja","tag-proteccioncivilqro","tag-queretaro"],"yoast_head":"<!-- This site is optimized with the Yoast SEO plugin v25.0 - https:\/\/yoast.com\/wordpress\/plugins\/seo\/ -->\n<title>Lucha contra el fuego el 55% de control en incendio forestal de la comunidad La Tinaja Quer\u00e9taro | Nexo Informativo Santiago de Quer\u00e9taro<\/title>\n<meta name=\"description\" content=\"Lucha contra el fuego el 55% de control en incendio forestal de la comunidad La Tinaja Quer\u00e9taro\" \/>\n<meta name=\"robots\" content=\"index, follow, max-snippet:-1, max-image-preview:large, max-video-preview:-1\" \/>\n<link rel=\"canonical\" href=\"https:\/\/www.nexoinformativo.mx\/index.php\/2025\/03\/16\/lucha-contra-el-fuego-el-55-de-control-en-incendio-forestal-de-la-comunidad-la-tinaja-queretaro\/\" \/>\n<meta property=\"og:locale\" content=\"es_MX\" \/>\n<meta property=\"og:type\" content=\"article\" \/>\n<meta property=\"og:title\" content=\"Lucha contra el fuego el 55% de control en incendio forestal de la comunidad La Tinaja Quer\u00e9taro | Nexo Informativo Santiago de Quer\u00e9taro\" \/>\n<meta property=\"og:description\" content=\"Lucha contra el fuego el 55% de control en incendio forestal de la comunidad La Tinaja Quer\u00e9taro\" \/>\n<meta property=\"og:url\" content=\"https:\/\/www.nexoinformativo.mx\/index.php\/2025\/03\/16\/lucha-contra-el-fuego-el-55-de-control-en-incendio-forestal-de-la-comunidad-la-tinaja-queretaro\/\" \/>\n<meta property=\"og:site_name\" content=\"Nexo Informativo Santiago de Quer\u00e9taro\" \/>\n<meta property=\"article:publisher\" content=\"https:\/\/www.facebook.com\/people\/Nexo-Informativo\/61564066885511\/\" \/>\n<meta property=\"article:published_time\" content=\"2025-03-16T17:00:25+00:00\" \/>\n<meta property=\"article:modified_time\" content=\"2025-03-16T19:21:11+00:00\" \/>\n<meta property=\"og:image\" content=\"https:\/\/www.nexoinformativo.mx\/wp-content\/uploads\/2025\/03\/PHOTO-2025-03-16-12-48-56-e1742152835143.jpg\" \/>\n\t<meta property=\"og:image:width\" content=\"800\" \/>\n\t<meta property=\"og:image:height\" content=\"600\" \/>\n\t<meta property=\"og:image:type\" content=\"image\/jpeg\" \/>\n<meta name=\"author\" content=\"Nexo Informativo\" \/>\n<meta name=\"twitter:card\" content=\"summary_large_image\" \/>\n<meta name=\"twitter:label1\" content=\"Escrito por\" \/>\n\t<meta name=\"twitter:data1\" content=\"Nexo Informativo\" \/>\n\t<meta name=\"twitter:label2\" content=\"Tiempo de lectura\" \/>\n\t<meta name=\"twitter:data2\" content=\"1 minuto\" \/>\n<script type=\"application\/ld+json\" class=\"yoast-schema-graph\">{\"@context\":\"https:\/\/schema.org\",\"@graph\":[{\"@type\":\"Article\",\"@id\":\"https:\/\/www.nexoinformativo.mx\/index.php\/2025\/03\/16\/lucha-contra-el-fuego-el-55-de-control-en-incendio-forestal-de-la-comunidad-la-tinaja-queretaro\/#article\",\"isPartOf\":{\"@id\":\"https:\/\/www.nexoinformativo.mx\/index.php\/2025\/03\/16\/lucha-contra-el-fuego-el-55-de-control-en-incendio-forestal-de-la-comunidad-la-tinaja-queretaro\/\"},\"author\":{\"name\":\"Nexo Informativo\",\"@id\":\"https:\/\/www.nexoinformativo.mx\/#\/schema\/person\/7749d380ba08c8ca00d7bc76fd907b7d\"},\"headline\":\"Lucha contra el fuego el 55% de control en incendio forestal de la comunidad La Tinaja Quer\u00e9taro\",\"datePublished\":\"2025-03-16T17:00:25+00:00\",\"dateModified\":\"2025-03-16T19:21:11+00:00\",\"mainEntityOfPage\":{\"@id\":\"https:\/\/www.nexoinformativo.mx\/index.php\/2025\/03\/16\/lucha-contra-el-fuego-el-55-de-control-en-incendio-forestal-de-la-comunidad-la-tinaja-queretaro\/\"},\"wordCount\":195,\"commentCount\":0,\"publisher\":{\"@id\":\"https:\/\/www.nexoinformativo.mx\/#organization\"},\"image\":{\"@id\":\"https:\/\/www.nexoinformativo.mx\/index.php\/2025\/03\/16\/lucha-contra-el-fuego-el-55-de-control-en-incendio-forestal-de-la-comunidad-la-tinaja-queretaro\/#primaryimage\"},\"thumbnailUrl\":\"https:\/\/www.nexoinformativo.mx\/wp-content\/uploads\/2025\/03\/PHOTO-2025-03-16-12-48-56-e1742152835143.jpg\",\"keywords\":[\"IncendioForestal\",\"LaTinaja\",\"ProteccionCivilQro\",\"Quer\u00e9taro\"],\"articleSection\":[\"Municipios\",\"\u00daltima Hora\"],\"inLanguage\":\"es\",\"potentialAction\":[{\"@type\":\"CommentAction\",\"name\":\"Comment\",\"target\":[\"https:\/\/www.nexoinformativo.mx\/index.php\/2025\/03\/16\/lucha-contra-el-fuego-el-55-de-control-en-incendio-forestal-de-la-comunidad-la-tinaja-queretaro\/#respond\"]}]},{\"@type\":\"WebPage\",\"@id\":\"https:\/\/www.nexoinformativo.mx\/index.php\/2025\/03\/16\/lucha-contra-el-fuego-el-55-de-control-en-incendio-forestal-de-la-comunidad-la-tinaja-queretaro\/\",\"url\":\"https:\/\/www.nexoinformativo.mx\/index.php\/2025\/03\/16\/lucha-contra-el-fuego-el-55-de-control-en-incendio-forestal-de-la-comunidad-la-tinaja-queretaro\/\",\"name\":\"Lucha contra el fuego el 55% de control en incendio forestal de la comunidad La Tinaja Quer\u00e9taro | Nexo Informativo Santiago de Quer\u00e9taro\",\"isPartOf\":{\"@id\":\"https:\/\/www.nexoinformativo.mx\/#website\"},\"primaryImageOfPage\":{\"@id\":\"https:\/\/www.nexoinformativo.mx\/index.php\/2025\/03\/16\/lucha-contra-el-fuego-el-55-de-control-en-incendio-forestal-de-la-comunidad-la-tinaja-queretaro\/#primaryimage\"},\"image\":{\"@id\":\"https:\/\/www.nexoinformativo.mx\/index.php\/2025\/03\/16\/lucha-contra-el-fuego-el-55-de-control-en-incendio-forestal-de-la-comunidad-la-tinaja-queretaro\/#primaryimage\"},\"thumbnailUrl\":\"https:\/\/www.nexoinformativo.mx\/wp-content\/uploads\/2025\/03\/PHOTO-2025-03-16-12-48-56-e1742152835143.jpg\",\"datePublished\":\"2025-03-16T17:00:25+00:00\",\"dateModified\":\"2025-03-16T19:21:11+00:00\",\"description\":\"Lucha contra el fuego el 55% de control en incendio forestal de la comunidad La Tinaja Quer\u00e9taro\",\"breadcrumb\":{\"@id\":\"https:\/\/www.nexoinformativo.mx\/index.php\/2025\/03\/16\/lucha-contra-el-fuego-el-55-de-control-en-incendio-forestal-de-la-comunidad-la-tinaja-queretaro\/#breadcrumb\"},\"inLanguage\":\"es\",\"potentialAction\":[{\"@type\":\"ReadAction\",\"target\":[\"https:\/\/www.nexoinformativo.mx\/index.php\/2025\/03\/16\/lucha-contra-el-fuego-el-55-de-control-en-incendio-forestal-de-la-comunidad-la-tinaja-queretaro\/\"]}]},{\"@type\":\"ImageObject\",\"inLanguage\":\"es\",\"@id\":\"https:\/\/www.nexoinformativo.mx\/index.php\/2025\/03\/16\/lucha-contra-el-fuego-el-55-de-control-en-incendio-forestal-de-la-comunidad-la-tinaja-queretaro\/#primaryimage\",\"url\":\"https:\/\/www.nexoinformativo.mx\/wp-content\/uploads\/2025\/03\/PHOTO-2025-03-16-12-48-56-e1742152835143.jpg\",\"contentUrl\":\"https:\/\/www.nexoinformativo.mx\/wp-content\/uploads\/2025\/03\/PHOTO-2025-03-16-12-48-56-e1742152835143.jpg\",\"width\":800,\"height\":600},{\"@type\":\"BreadcrumbList\",\"@id\":\"https:\/\/www.nexoinformativo.mx\/index.php\/2025\/03\/16\/lucha-contra-el-fuego-el-55-de-control-en-incendio-forestal-de-la-comunidad-la-tinaja-queretaro\/#breadcrumb\",\"itemListElement\":[{\"@type\":\"ListItem\",\"position\":1,\"name\":\"Inicio\",\"item\":\"https:\/\/www.nexoinformativo.mx\/\"},{\"@type\":\"ListItem\",\"position\":2,\"name\":\"Lucha contra el fuego el 55% de control en incendio forestal de la comunidad La Tinaja Quer\u00e9taro\"}]},{\"@type\":\"WebSite\",\"@id\":\"https:\/\/www.nexoinformativo.mx\/#website\",\"url\":\"https:\/\/www.nexoinformativo.mx\/\",\"name\":\"Nexo Informativo Santiago de Quer\u00e9taro\",\"description\":\"Explora NexoInformativo y convi\u00e9rtete en parte de una comunidad que valora el conocimiento y la verdad. Tu nexoinformativo es tu puente hacia una comprensi\u00f3n m\u00e1s profunda del mundo que te rodea.\",\"publisher\":{\"@id\":\"https:\/\/www.nexoinformativo.mx\/#organization\"},\"potentialAction\":[{\"@type\":\"SearchAction\",\"target\":{\"@type\":\"EntryPoint\",\"urlTemplate\":\"https:\/\/www.nexoinformativo.mx\/?s={search_term_string}\"},\"query-input\":{\"@type\":\"PropertyValueSpecification\",\"valueRequired\":true,\"valueName\":\"search_term_string\"}}],\"inLanguage\":\"es\"},{\"@type\":\"Organization\",\"@id\":\"https:\/\/www.nexoinformativo.mx\/#organization\",\"name\":\"Nexo Informativo Santiago de Quer\u00e9taro\",\"url\":\"https:\/\/www.nexoinformativo.mx\/\",\"logo\":{\"@type\":\"ImageObject\",\"inLanguage\":\"es\",\"@id\":\"https:\/\/www.nexoinformativo.mx\/#\/schema\/logo\/image\/\",\"url\":\"https:\/\/www.nexoinformativo.mx\/wp-content\/uploads\/2024\/07\/nexoi-trasparente-2.png\",\"contentUrl\":\"https:\/\/www.nexoinformativo.mx\/wp-content\/uploads\/2024\/07\/nexoi-trasparente-2.png\",\"width\":816,\"height\":339,\"caption\":\"Nexo Informativo Santiago de Quer\u00e9taro\"},\"image\":{\"@id\":\"https:\/\/www.nexoinformativo.mx\/#\/schema\/logo\/image\/\"},\"sameAs\":[\"https:\/\/www.facebook.com\/people\/Nexo-Informativo\/61564066885511\/\"]},{\"@type\":\"Person\",\"@id\":\"https:\/\/www.nexoinformativo.mx\/#\/schema\/person\/7749d380ba08c8ca00d7bc76fd907b7d\",\"name\":\"Nexo Informativo\",\"image\":{\"@type\":\"ImageObject\",\"inLanguage\":\"es\",\"@id\":\"https:\/\/www.nexoinformativo.mx\/#\/schema\/person\/image\/\",\"url\":\"https:\/\/secure.gravatar.com\/avatar\/dde2928154642a13d95f87ddf1ea9718fe2b46760a005c53e41ff5ad610704e6?s=96&d=mm&r=g\",\"contentUrl\":\"https:\/\/secure.gravatar.com\/avatar\/dde2928154642a13d95f87ddf1ea9718fe2b46760a005c53e41ff5ad610704e6?s=96&d=mm&r=g\",\"caption\":\"Nexo Informativo\"},\"url\":\"https:\/\/www.nexoinformativo.mx\/index.php\/author\/edicion\/\"}]}<\/script>\n<!-- \/ Yoast SEO plugin. -->","yoast_head_json":{"title":"Lucha contra el fuego el 55% de control en incendio forestal de la comunidad La Tinaja Quer\u00e9taro | Nexo Informativo Santiago de Quer\u00e9taro","description":"Lucha contra el fuego el 55% de control en incendio forestal de la comunidad La Tinaja Quer\u00e9taro","robots":{"index":"index","follow":"follow","max-snippet":"max-snippet:-1","max-image-preview":"max-image-preview:large","max-video-preview":"max-video-preview:-1"},"canonical":"https:\/\/www.nexoinformativo.mx\/index.php\/2025\/03\/16\/lucha-contra-el-fuego-el-55-de-control-en-incendio-forestal-de-la-comunidad-la-tinaja-queretaro\/","og_locale":"es_MX","og_type":"article","og_title":"Lucha contra el fuego el 55% de control en incendio forestal de la comunidad La Tinaja Quer\u00e9taro | Nexo Informativo Santiago de Quer\u00e9taro","og_description":"Lucha contra el fuego el 55% de control en incendio forestal de la comunidad La Tinaja Quer\u00e9taro","og_url":"https:\/\/www.nexoinformativo.mx\/index.php\/2025\/03\/16\/lucha-contra-el-fuego-el-55-de-control-en-incendio-forestal-de-la-comunidad-la-tinaja-queretaro\/","og_site_name":"Nexo Informativo Santiago de Quer\u00e9taro","article_publisher":"https:\/\/www.facebook.com\/people\/Nexo-Informativo\/61564066885511\/","article_published_time":"2025-03-16T17:00:25+00:00","article_modified_time":"2025-03-16T19:21:11+00:00","og_image":[{"width":800,"height":600,"url":"https:\/\/www.nexoinformativo.mx\/wp-content\/uploads\/2025\/03\/PHOTO-2025-03-16-12-48-56-e1742152835143.jpg","type":"image\/jpeg"}],"author":"Nexo Informativo","twitter_card":"summary_large_image","twitter_misc":{"Escrito por":"Nexo Informativo","Tiempo de lectura":"1 minuto"},"schema":{"@context":"https:\/\/schema.org","@graph":[{"@type":"Article","@id":"https:\/\/www.nexoinformativo.mx\/index.php\/2025\/03\/16\/lucha-contra-el-fuego-el-55-de-control-en-incendio-forestal-de-la-comunidad-la-tinaja-queretaro\/#article","isPartOf":{"@id":"https:\/\/www.nexoinformativo.mx\/index.php\/2025\/03\/16\/lucha-contra-el-fuego-el-55-de-control-en-incendio-forestal-de-la-comunidad-la-tinaja-queretaro\/"},"author":{"name":"Nexo Informativo","@id":"https:\/\/www.nexoinformativo.mx\/#\/schema\/person\/7749d380ba08c8ca00d7bc76fd907b7d"},"headline":"Lucha contra el fuego el 55% de control en incendio forestal de la comunidad La Tinaja Quer\u00e9taro","datePublished":"2025-03-16T17:00:25+00:00","dateModified":"2025-03-16T19:21:11+00:00","mainEntityOfPage":{"@id":"https:\/\/www.nexoinformativo.mx\/index.php\/2025\/03\/16\/lucha-contra-el-fuego-el-55-de-control-en-incendio-forestal-de-la-comunidad-la-tinaja-queretaro\/"},"wordCount":195,"commentCount":0,"publisher":{"@id":"https:\/\/www.nexoinformativo.mx\/#organization"},"image":{"@id":"https:\/\/www.nexoinformativo.mx\/index.php\/2025\/03\/16\/lucha-contra-el-fuego-el-55-de-control-en-incendio-forestal-de-la-comunidad-la-tinaja-queretaro\/#primaryimage"},"thumbnailUrl":"https:\/\/www.nexoinformativo.mx\/wp-content\/uploads\/2025\/03\/PHOTO-2025-03-16-12-48-56-e1742152835143.jpg","keywords":["IncendioForestal","LaTinaja","ProteccionCivilQro","Quer\u00e9taro"],"articleSection":["Municipios","\u00daltima Hora"],"inLanguage":"es","potentialAction":[{"@type":"CommentAction","name":"Comment","target":["https:\/\/www.nexoinformativo.mx\/index.php\/2025\/03\/16\/lucha-contra-el-fuego-el-55-de-control-en-incendio-forestal-de-la-comunidad-la-tinaja-queretaro\/#respond"]}]},{"@type":"WebPage","@id":"https:\/\/www.nexoinformativo.mx\/index.php\/2025\/03\/16\/lucha-contra-el-fuego-el-55-de-control-en-incendio-forestal-de-la-comunidad-la-tinaja-queretaro\/","url":"https:\/\/www.nexoinformativo.mx\/index.php\/2025\/03\/16\/lucha-contra-el-fuego-el-55-de-control-en-incendio-forestal-de-la-comunidad-la-tinaja-queretaro\/","name":"Lucha contra el fuego el 55% de control en incendio forestal de la comunidad La Tinaja Quer\u00e9taro | Nexo Informativo Santiago de Quer\u00e9taro","isPartOf":{"@id":"https:\/\/www.nexoinformativo.mx\/#website"},"primaryImageOfPage":{"@id":"https:\/\/www.nexoinformativo.mx\/index.php\/2025\/03\/16\/lucha-contra-el-fuego-el-55-de-control-en-incendio-forestal-de-la-comunidad-la-tinaja-queretaro\/#primaryimage"},"image":{"@id":"https:\/\/www.nexoinformativo.mx\/index.php\/2025\/03\/16\/lucha-contra-el-fuego-el-55-de-control-en-incendio-forestal-de-la-comunidad-la-tinaja-queretaro\/#primaryimage"},"thumbnailUrl":"https:\/\/www.nexoinformativo.mx\/wp-content\/uploads\/2025\/03\/PHOTO-2025-03-16-12-48-56-e1742152835143.jpg","datePublished":"2025-03-16T17:00:25+00:00","dateModified":"2025-03-16T19:21:11+00:00","description":"Lucha contra el fuego el 55% de control en incendio forestal de la comunidad La Tinaja Quer\u00e9taro","breadcrumb":{"@id":"https:\/\/www.nexoinformativo.mx\/index.php\/2025\/03\/16\/lucha-contra-el-fuego-el-55-de-control-en-incendio-forestal-de-la-comunidad-la-tinaja-queretaro\/#breadcrumb"},"inLanguage":"es","potentialAction":[{"@type":"ReadAction","target":["https:\/\/www.nexoinformativo.mx\/index.php\/2025\/03\/16\/lucha-contra-el-fuego-el-55-de-control-en-incendio-forestal-de-la-comunidad-la-tinaja-queretaro\/"]}]},{"@type":"ImageObject","inLanguage":"es","@id":"https:\/\/www.nexoinformativo.mx\/index.php\/2025\/03\/16\/lucha-contra-el-fuego-el-55-de-control-en-incendio-forestal-de-la-comunidad-la-tinaja-queretaro\/#primaryimage","url":"https:\/\/www.nexoinformativo.mx\/wp-content\/uploads\/2025\/03\/PHOTO-2025-03-16-12-48-56-e1742152835143.jpg","contentUrl":"https:\/\/www.nexoinformativo.mx\/wp-content\/uploads\/2025\/03\/PHOTO-2025-03-16-12-48-56-e1742152835143.jpg","width":800,"height":600},{"@type":"BreadcrumbList","@id":"https:\/\/www.nexoinformativo.mx\/index.php\/2025\/03\/16\/lucha-contra-el-fuego-el-55-de-control-en-incendio-forestal-de-la-comunidad-la-tinaja-queretaro\/#breadcrumb","itemListElement":[{"@type":"ListItem","position":1,"name":"Inicio","item":"https:\/\/www.nexoinformativo.mx\/"},{"@type":"ListItem","position":2,"name":"Lucha contra el fuego el 55% de control en incendio forestal de la comunidad La Tinaja Quer\u00e9taro"}]},{"@type":"WebSite","@id":"https:\/\/www.nexoinformativo.mx\/#website","url":"https:\/\/www.nexoinformativo.mx\/","name":"Nexo Informativo Santiago de Quer\u00e9taro","description":"Explora NexoInformativo y convi\u00e9rtete en parte de una comunidad que valora el conocimiento y la verdad. Tu nexoinformativo es tu puente hacia una comprensi\u00f3n m\u00e1s profunda del mundo que te rodea.","publisher":{"@id":"https:\/\/www.nexoinformativo.mx\/#organization"},"potentialAction":[{"@type":"SearchAction","target":{"@type":"EntryPoint","urlTemplate":"https:\/\/www.nexoinformativo.mx\/?s={search_term_string}"},"query-input":{"@type":"PropertyValueSpecification","valueRequired":true,"valueName":"search_term_string"}}],"inLanguage":"es"},{"@type":"Organization","@id":"https:\/\/www.nexoinformativo.mx\/#organization","name":"Nexo Informativo Santiago de Quer\u00e9taro","url":"https:\/\/www.nexoinformativo.mx\/","logo":{"@type":"ImageObject","inLanguage":"es","@id":"https:\/\/www.nexoinformativo.mx\/#\/schema\/logo\/image\/","url":"https:\/\/www.nexoinformativo.mx\/wp-content\/uploads\/2024\/07\/nexoi-trasparente-2.png","contentUrl":"https:\/\/www.nexoinformativo.mx\/wp-content\/uploads\/2024\/07\/nexoi-trasparente-2.png","width":816,"height":339,"caption":"Nexo Informativo Santiago de Quer\u00e9taro"},"image":{"@id":"https:\/\/www.nexoinformativo.mx\/#\/schema\/logo\/image\/"},"sameAs":["https:\/\/www.facebook.com\/people\/Nexo-Informativo\/61564066885511\/"]},{"@type":"Person","@id":"https:\/\/www.nexoinformativo.mx\/#\/schema\/person\/7749d380ba08c8ca00d7bc76fd907b7d","name":"Nexo Informativo","image":{"@type":"ImageObject","inLanguage":"es","@id":"https:\/\/www.nexoinformativo.mx\/#\/schema\/person\/image\/","url":"https:\/\/secure.gravatar.com\/avatar\/dde2928154642a13d95f87ddf1ea9718fe2b46760a005c53e41ff5ad610704e6?s=96&d=mm&r=g","contentUrl":"https:\/\/secure.gravatar.com\/avatar\/dde2928154642a13d95f87ddf1ea9718fe2b46760a005c53e41ff5ad610704e6?s=96&d=mm&r=g","caption":"Nexo Informativo"},"url":"https:\/\/www.nexoinformativo.mx\/index.php\/author\/edicion\/"}]}},"_links":{"self":[{"href":"https:\/\/www.nexoinformativo.mx\/index.php\/wp-json\/wp\/v2\/posts\/12857","targetHints":{"allow":["GET"]}}],"collection":[{"href":"https:\/\/www.nexoinformativo.mx\/index.php\/wp-json\/wp\/v2\/posts"}],"about":[{"href":"https:\/\/www.nexoinformativo.mx\/index.php\/wp-json\/wp\/v2\/types\/post"}],"author":[{"embeddable":true,"href":"https:\/\/www.nexoinformativo.mx\/index.php\/wp-json\/wp\/v2\/users\/3"}],"replies":[{"embeddable":true,"href":"https:\/\/www.nexoinformativo.mx\/index.php\/wp-json\/wp\/v2\/comments?post=12857"}],"version-history":[{"count":3,"href":"https:\/\/www.nexoinformativo.mx\/index.php\/wp-json\/wp\/v2\/posts\/12857\/revisions"}],"predecessor-version":[{"id":12861,"href":"https:\/\/www.nexoinformativo.mx\/index.php\/wp-json\/wp\/v2\/posts\/12857\/revisions\/12861"}],"wp:featuredmedia":[{"embeddable":true,"href":"https:\/\/www.nexoinformativo.mx\/index.php\/wp-json\/wp\/v2\/media\/12858"}],"wp:attachment":[{"href":"https:\/\/www.nexoinformativo.mx\/index.php\/wp-json\/wp\/v2\/media?parent=12857"}],"wp:term":[{"taxonomy":"category","embeddable":true,"href":"https:\/\/www.nexoinformativo.mx\/index.php\/wp-json\/wp\/v2\/categories?post=12857"},{"taxonomy":"post_tag","embeddable":true,"href":"https:\/\/www.nexoinformativo.mx\/index.php\/wp-json\/wp\/v2\/tags?post=12857"}],"curies":[{"name":"wp","href":"https:\/\/api.w.org\/{rel}","templated":true}]}}