{"id":12862,"date":"2025-03-16T12:00:47","date_gmt":"2025-03-16T18:00:47","guid":{"rendered":"https:\/\/www.nexoinformativo.mx\/?p=12862"},"modified":"2025-03-16T13:28:25","modified_gmt":"2025-03-16T19:28:25","slug":"ezequiel-montes-anuncia-la-gran-feria-del-vino-carne-y-el-ixtle-2025-con-artistas-de-renombre","status":"publish","type":"post","link":"https:\/\/www.nexoinformativo.mx\/index.php\/2025\/03\/16\/ezequiel-montes-anuncia-la-gran-feria-del-vino-carne-y-el-ixtle-2025-con-artistas-de-renombre\/","title":{"rendered":"Ezequiel Montes anuncia la gran Feria del Vino, Carne y el Ixtle 2025 con artistas de renombre"},"content":{"rendered":"<p style=\"text-align: justify;\" data-sourcepos=\"13:1-13:219\">El municipio de Ezequiel Montes se prepara para celebrar su tradicional Feria del Vino, la Carne y el Ixtle en su edici\u00f3n 2025, que se llevar\u00e1 a cabo del 24 de abril al 4 de mayo.<\/p>\n<\/p>\n<p>&nbsp;<\/p>\n<p style=\"text-align: justify;\" data-sourcepos=\"15:1-15:160\">El presidente municipal, Iv\u00e1n Res\u00e9ndiz, anunci\u00f3 en la semana que se espera la asistencia de cerca de 80 mil personas y una derrama econ\u00f3mica de 10 millones de pesos.<\/p>\n<\/p>\n<p>&nbsp;<\/p>\n<p style=\"text-align: justify;\" data-sourcepos=\"17:1-17:142\">La feria contar\u00e1 con una destacada cartelera de artistas, incluyendo a la Sonora Santanera, Edwin Luna, Espinoza Paz, Bronco y La Arrolladora.<\/p>\n<\/p>\n<p>&nbsp;<\/p>\n<p style=\"text-align: justify;\" data-sourcepos=\"19:1-19:153\">Adem\u00e1s de los conciertos, los asistentes podr\u00e1n disfrutar de juegos mec\u00e1nicos, catas de vino, exposiciones ganaderas, corridas de toros y m\u00fasica en vivo.<\/p>\n<\/p>\n<p>&nbsp;<\/p>\n<p style=\"text-align: justify;\" data-sourcepos=\"21:1-21:312\">Una de las novedades de este a\u00f1o ser\u00e1 una consulta ciudadana, gestionada por el Instituto Electoral del Estado de Quer\u00e9taro, para decidir si la feria debe ser gratuita o si los ingresos deben destinarse a la construcci\u00f3n de una universidad en el municipio, bajo la tutela de la Universidad Aut\u00f3noma de Quer\u00e9taro.<\/p>\n<\/p>\n<p>&nbsp;<\/p>\n<p style=\"text-align: center;\" data-sourcepos=\"21:1-21:312\"><em><strong>\u00a1Informaci\u00f3n que transforma!<\/strong><\/em><\/p>\n","protected":false},"excerpt":{"rendered":"<p>El municipio de Ezequiel Montes se prepara para celebrar su tradicional Feria del Vino, la Carne y el Ixtle en su edici\u00f3n 2025, que se llevar\u00e1 a cabo del 24 de abril al 4 de mayo.<\/p>\n","protected":false},"author":3,"featured_media":12863,"comment_status":"open","ping_status":"open","sticky":false,"template":"","format":"standard","meta":{"footnotes":""},"categories":[50,65,58],"tags":[3788,133,3790,3789],"class_list":["post-12862","post","type-post","status-publish","format-standard","has-post-thumbnail","hentry","category-espectaculos","category-municipios","category-ultima-hora","tag-feriaezequielmontes","tag-queretaro","tag-turismoregional","tag-vinocarneixtle"],"yoast_head":"<!-- This site is optimized with the Yoast SEO plugin v25.0 - https:\/\/yoast.com\/wordpress\/plugins\/seo\/ -->\n<title>Ezequiel Montes anuncia la gran Feria del Vino, Carne y el Ixtle 2025 con artistas de renombre | Nexo Informativo Santiago de Quer\u00e9taro<\/title>\n<meta name=\"description\" content=\"Ezequiel Montes anuncia la gran Feria del Vino, Carne y el Ixtle 2025 con artistas de renombre\" \/>\n<meta name=\"robots\" content=\"index, follow, max-snippet:-1, max-image-preview:large, max-video-preview:-1\" \/>\n<link rel=\"canonical\" href=\"https:\/\/www.nexoinformativo.mx\/index.php\/2025\/03\/16\/ezequiel-montes-anuncia-la-gran-feria-del-vino-carne-y-el-ixtle-2025-con-artistas-de-renombre\/\" \/>\n<meta property=\"og:locale\" content=\"es_MX\" \/>\n<meta property=\"og:type\" content=\"article\" \/>\n<meta property=\"og:title\" content=\"Ezequiel Montes anuncia la gran Feria del Vino, Carne y el Ixtle 2025 con artistas de renombre | Nexo Informativo Santiago de Quer\u00e9taro\" \/>\n<meta property=\"og:description\" content=\"Ezequiel Montes anuncia la gran Feria del Vino, Carne y el Ixtle 2025 con artistas de renombre\" \/>\n<meta property=\"og:url\" content=\"https:\/\/www.nexoinformativo.mx\/index.php\/2025\/03\/16\/ezequiel-montes-anuncia-la-gran-feria-del-vino-carne-y-el-ixtle-2025-con-artistas-de-renombre\/\" \/>\n<meta property=\"og:site_name\" content=\"Nexo Informativo Santiago de Quer\u00e9taro\" \/>\n<meta property=\"article:publisher\" content=\"https:\/\/www.facebook.com\/people\/Nexo-Informativo\/61564066885511\/\" \/>\n<meta property=\"article:published_time\" content=\"2025-03-16T18:00:47+00:00\" \/>\n<meta property=\"article:modified_time\" content=\"2025-03-16T19:28:25+00:00\" \/>\n<meta property=\"og:image\" content=\"https:\/\/www.nexoinformativo.mx\/wp-content\/uploads\/2025\/03\/IMG_1711-e1742153268931.jpg\" \/>\n\t<meta property=\"og:image:width\" content=\"650\" \/>\n\t<meta property=\"og:image:height\" content=\"911\" \/>\n\t<meta property=\"og:image:type\" content=\"image\/jpeg\" \/>\n<meta name=\"author\" content=\"Nexo Informativo\" \/>\n<meta name=\"twitter:card\" content=\"summary_large_image\" \/>\n<meta name=\"twitter:label1\" content=\"Escrito por\" \/>\n\t<meta name=\"twitter:data1\" content=\"Nexo Informativo\" \/>\n\t<meta name=\"twitter:label2\" content=\"Tiempo de lectura\" \/>\n\t<meta name=\"twitter:data2\" content=\"1 minuto\" \/>\n<script type=\"application\/ld+json\" class=\"yoast-schema-graph\">{\"@context\":\"https:\/\/schema.org\",\"@graph\":[{\"@type\":\"Article\",\"@id\":\"https:\/\/www.nexoinformativo.mx\/index.php\/2025\/03\/16\/ezequiel-montes-anuncia-la-gran-feria-del-vino-carne-y-el-ixtle-2025-con-artistas-de-renombre\/#article\",\"isPartOf\":{\"@id\":\"https:\/\/www.nexoinformativo.mx\/index.php\/2025\/03\/16\/ezequiel-montes-anuncia-la-gran-feria-del-vino-carne-y-el-ixtle-2025-con-artistas-de-renombre\/\"},\"author\":{\"name\":\"Nexo Informativo\",\"@id\":\"https:\/\/www.nexoinformativo.mx\/#\/schema\/person\/7749d380ba08c8ca00d7bc76fd907b7d\"},\"headline\":\"Ezequiel Montes anuncia la gran Feria del Vino, Carne y el Ixtle 2025 con artistas de renombre\",\"datePublished\":\"2025-03-16T18:00:47+00:00\",\"dateModified\":\"2025-03-16T19:28:25+00:00\",\"mainEntityOfPage\":{\"@id\":\"https:\/\/www.nexoinformativo.mx\/index.php\/2025\/03\/16\/ezequiel-montes-anuncia-la-gran-feria-del-vino-carne-y-el-ixtle-2025-con-artistas-de-renombre\/\"},\"wordCount\":195,\"commentCount\":0,\"publisher\":{\"@id\":\"https:\/\/www.nexoinformativo.mx\/#organization\"},\"image\":{\"@id\":\"https:\/\/www.nexoinformativo.mx\/index.php\/2025\/03\/16\/ezequiel-montes-anuncia-la-gran-feria-del-vino-carne-y-el-ixtle-2025-con-artistas-de-renombre\/#primaryimage\"},\"thumbnailUrl\":\"https:\/\/www.nexoinformativo.mx\/wp-content\/uploads\/2025\/03\/IMG_1711-e1742153268931.jpg\",\"keywords\":[\"FeriaEzequielMontes\",\"Quer\u00e9taro\",\"TurismoRegional\",\"VinoCarneIxtle\"],\"articleSection\":[\"Espect\u00e1culos\",\"Municipios\",\"\u00daltima Hora\"],\"inLanguage\":\"es\",\"potentialAction\":[{\"@type\":\"CommentAction\",\"name\":\"Comment\",\"target\":[\"https:\/\/www.nexoinformativo.mx\/index.php\/2025\/03\/16\/ezequiel-montes-anuncia-la-gran-feria-del-vino-carne-y-el-ixtle-2025-con-artistas-de-renombre\/#respond\"]}]},{\"@type\":\"WebPage\",\"@id\":\"https:\/\/www.nexoinformativo.mx\/index.php\/2025\/03\/16\/ezequiel-montes-anuncia-la-gran-feria-del-vino-carne-y-el-ixtle-2025-con-artistas-de-renombre\/\",\"url\":\"https:\/\/www.nexoinformativo.mx\/index.php\/2025\/03\/16\/ezequiel-montes-anuncia-la-gran-feria-del-vino-carne-y-el-ixtle-2025-con-artistas-de-renombre\/\",\"name\":\"Ezequiel Montes anuncia la gran Feria del Vino, Carne y el Ixtle 2025 con artistas de renombre | Nexo Informativo Santiago de Quer\u00e9taro\",\"isPartOf\":{\"@id\":\"https:\/\/www.nexoinformativo.mx\/#website\"},\"primaryImageOfPage\":{\"@id\":\"https:\/\/www.nexoinformativo.mx\/index.php\/2025\/03\/16\/ezequiel-montes-anuncia-la-gran-feria-del-vino-carne-y-el-ixtle-2025-con-artistas-de-renombre\/#primaryimage\"},\"image\":{\"@id\":\"https:\/\/www.nexoinformativo.mx\/index.php\/2025\/03\/16\/ezequiel-montes-anuncia-la-gran-feria-del-vino-carne-y-el-ixtle-2025-con-artistas-de-renombre\/#primaryimage\"},\"thumbnailUrl\":\"https:\/\/www.nexoinformativo.mx\/wp-content\/uploads\/2025\/03\/IMG_1711-e1742153268931.jpg\",\"datePublished\":\"2025-03-16T18:00:47+00:00\",\"dateModified\":\"2025-03-16T19:28:25+00:00\",\"description\":\"Ezequiel Montes anuncia la gran Feria del Vino, Carne y el Ixtle 2025 con artistas de renombre\",\"breadcrumb\":{\"@id\":\"https:\/\/www.nexoinformativo.mx\/index.php\/2025\/03\/16\/ezequiel-montes-anuncia-la-gran-feria-del-vino-carne-y-el-ixtle-2025-con-artistas-de-renombre\/#breadcrumb\"},\"inLanguage\":\"es\",\"potentialAction\":[{\"@type\":\"ReadAction\",\"target\":[\"https:\/\/www.nexoinformativo.mx\/index.php\/2025\/03\/16\/ezequiel-montes-anuncia-la-gran-feria-del-vino-carne-y-el-ixtle-2025-con-artistas-de-renombre\/\"]}]},{\"@type\":\"ImageObject\",\"inLanguage\":\"es\",\"@id\":\"https:\/\/www.nexoinformativo.mx\/index.php\/2025\/03\/16\/ezequiel-montes-anuncia-la-gran-feria-del-vino-carne-y-el-ixtle-2025-con-artistas-de-renombre\/#primaryimage\",\"url\":\"https:\/\/www.nexoinformativo.mx\/wp-content\/uploads\/2025\/03\/IMG_1711-e1742153268931.jpg\",\"contentUrl\":\"https:\/\/www.nexoinformativo.mx\/wp-content\/uploads\/2025\/03\/IMG_1711-e1742153268931.jpg\",\"width\":650,\"height\":911},{\"@type\":\"BreadcrumbList\",\"@id\":\"https:\/\/www.nexoinformativo.mx\/index.php\/2025\/03\/16\/ezequiel-montes-anuncia-la-gran-feria-del-vino-carne-y-el-ixtle-2025-con-artistas-de-renombre\/#breadcrumb\",\"itemListElement\":[{\"@type\":\"ListItem\",\"position\":1,\"name\":\"Inicio\",\"item\":\"https:\/\/www.nexoinformativo.mx\/\"},{\"@type\":\"ListItem\",\"position\":2,\"name\":\"Ezequiel Montes anuncia la gran Feria del Vino, Carne y el Ixtle 2025 con artistas de renombre\"}]},{\"@type\":\"WebSite\",\"@id\":\"https:\/\/www.nexoinformativo.mx\/#website\",\"url\":\"https:\/\/www.nexoinformativo.mx\/\",\"name\":\"Nexo Informativo Santiago de Quer\u00e9taro\",\"description\":\"Explora NexoInformativo y convi\u00e9rtete en parte de una comunidad que valora el conocimiento y la verdad. Tu nexoinformativo es tu puente hacia una comprensi\u00f3n m\u00e1s profunda del mundo que te rodea.\",\"publisher\":{\"@id\":\"https:\/\/www.nexoinformativo.mx\/#organization\"},\"potentialAction\":[{\"@type\":\"SearchAction\",\"target\":{\"@type\":\"EntryPoint\",\"urlTemplate\":\"https:\/\/www.nexoinformativo.mx\/?s={search_term_string}\"},\"query-input\":{\"@type\":\"PropertyValueSpecification\",\"valueRequired\":true,\"valueName\":\"search_term_string\"}}],\"inLanguage\":\"es\"},{\"@type\":\"Organization\",\"@id\":\"https:\/\/www.nexoinformativo.mx\/#organization\",\"name\":\"Nexo Informativo Santiago de Quer\u00e9taro\",\"url\":\"https:\/\/www.nexoinformativo.mx\/\",\"logo\":{\"@type\":\"ImageObject\",\"inLanguage\":\"es\",\"@id\":\"https:\/\/www.nexoinformativo.mx\/#\/schema\/logo\/image\/\",\"url\":\"https:\/\/www.nexoinformativo.mx\/wp-content\/uploads\/2024\/07\/nexoi-trasparente-2.png\",\"contentUrl\":\"https:\/\/www.nexoinformativo.mx\/wp-content\/uploads\/2024\/07\/nexoi-trasparente-2.png\",\"width\":816,\"height\":339,\"caption\":\"Nexo Informativo Santiago de Quer\u00e9taro\"},\"image\":{\"@id\":\"https:\/\/www.nexoinformativo.mx\/#\/schema\/logo\/image\/\"},\"sameAs\":[\"https:\/\/www.facebook.com\/people\/Nexo-Informativo\/61564066885511\/\"]},{\"@type\":\"Person\",\"@id\":\"https:\/\/www.nexoinformativo.mx\/#\/schema\/person\/7749d380ba08c8ca00d7bc76fd907b7d\",\"name\":\"Nexo Informativo\",\"image\":{\"@type\":\"ImageObject\",\"inLanguage\":\"es\",\"@id\":\"https:\/\/www.nexoinformativo.mx\/#\/schema\/person\/image\/\",\"url\":\"https:\/\/secure.gravatar.com\/avatar\/dde2928154642a13d95f87ddf1ea9718fe2b46760a005c53e41ff5ad610704e6?s=96&d=mm&r=g\",\"contentUrl\":\"https:\/\/secure.gravatar.com\/avatar\/dde2928154642a13d95f87ddf1ea9718fe2b46760a005c53e41ff5ad610704e6?s=96&d=mm&r=g\",\"caption\":\"Nexo Informativo\"},\"url\":\"https:\/\/www.nexoinformativo.mx\/index.php\/author\/edicion\/\"}]}<\/script>\n<!-- \/ Yoast SEO plugin. -->","yoast_head_json":{"title":"Ezequiel Montes anuncia la gran Feria del Vino, Carne y el Ixtle 2025 con artistas de renombre | Nexo Informativo Santiago de Quer\u00e9taro","description":"Ezequiel Montes anuncia la gran Feria del Vino, Carne y el Ixtle 2025 con artistas de renombre","robots":{"index":"index","follow":"follow","max-snippet":"max-snippet:-1","max-image-preview":"max-image-preview:large","max-video-preview":"max-video-preview:-1"},"canonical":"https:\/\/www.nexoinformativo.mx\/index.php\/2025\/03\/16\/ezequiel-montes-anuncia-la-gran-feria-del-vino-carne-y-el-ixtle-2025-con-artistas-de-renombre\/","og_locale":"es_MX","og_type":"article","og_title":"Ezequiel Montes anuncia la gran Feria del Vino, Carne y el Ixtle 2025 con artistas de renombre | Nexo Informativo Santiago de Quer\u00e9taro","og_description":"Ezequiel Montes anuncia la gran Feria del Vino, Carne y el Ixtle 2025 con artistas de renombre","og_url":"https:\/\/www.nexoinformativo.mx\/index.php\/2025\/03\/16\/ezequiel-montes-anuncia-la-gran-feria-del-vino-carne-y-el-ixtle-2025-con-artistas-de-renombre\/","og_site_name":"Nexo Informativo Santiago de Quer\u00e9taro","article_publisher":"https:\/\/www.facebook.com\/people\/Nexo-Informativo\/61564066885511\/","article_published_time":"2025-03-16T18:00:47+00:00","article_modified_time":"2025-03-16T19:28:25+00:00","og_image":[{"width":650,"height":911,"url":"https:\/\/www.nexoinformativo.mx\/wp-content\/uploads\/2025\/03\/IMG_1711-e1742153268931.jpg","type":"image\/jpeg"}],"author":"Nexo Informativo","twitter_card":"summary_large_image","twitter_misc":{"Escrito por":"Nexo Informativo","Tiempo de lectura":"1 minuto"},"schema":{"@context":"https:\/\/schema.org","@graph":[{"@type":"Article","@id":"https:\/\/www.nexoinformativo.mx\/index.php\/2025\/03\/16\/ezequiel-montes-anuncia-la-gran-feria-del-vino-carne-y-el-ixtle-2025-con-artistas-de-renombre\/#article","isPartOf":{"@id":"https:\/\/www.nexoinformativo.mx\/index.php\/2025\/03\/16\/ezequiel-montes-anuncia-la-gran-feria-del-vino-carne-y-el-ixtle-2025-con-artistas-de-renombre\/"},"author":{"name":"Nexo Informativo","@id":"https:\/\/www.nexoinformativo.mx\/#\/schema\/person\/7749d380ba08c8ca00d7bc76fd907b7d"},"headline":"Ezequiel Montes anuncia la gran Feria del Vino, Carne y el Ixtle 2025 con artistas de renombre","datePublished":"2025-03-16T18:00:47+00:00","dateModified":"2025-03-16T19:28:25+00:00","mainEntityOfPage":{"@id":"https:\/\/www.nexoinformativo.mx\/index.php\/2025\/03\/16\/ezequiel-montes-anuncia-la-gran-feria-del-vino-carne-y-el-ixtle-2025-con-artistas-de-renombre\/"},"wordCount":195,"commentCount":0,"publisher":{"@id":"https:\/\/www.nexoinformativo.mx\/#organization"},"image":{"@id":"https:\/\/www.nexoinformativo.mx\/index.php\/2025\/03\/16\/ezequiel-montes-anuncia-la-gran-feria-del-vino-carne-y-el-ixtle-2025-con-artistas-de-renombre\/#primaryimage"},"thumbnailUrl":"https:\/\/www.nexoinformativo.mx\/wp-content\/uploads\/2025\/03\/IMG_1711-e1742153268931.jpg","keywords":["FeriaEzequielMontes","Quer\u00e9taro","TurismoRegional","VinoCarneIxtle"],"articleSection":["Espect\u00e1culos","Municipios","\u00daltima Hora"],"inLanguage":"es","potentialAction":[{"@type":"CommentAction","name":"Comment","target":["https:\/\/www.nexoinformativo.mx\/index.php\/2025\/03\/16\/ezequiel-montes-anuncia-la-gran-feria-del-vino-carne-y-el-ixtle-2025-con-artistas-de-renombre\/#respond"]}]},{"@type":"WebPage","@id":"https:\/\/www.nexoinformativo.mx\/index.php\/2025\/03\/16\/ezequiel-montes-anuncia-la-gran-feria-del-vino-carne-y-el-ixtle-2025-con-artistas-de-renombre\/","url":"https:\/\/www.nexoinformativo.mx\/index.php\/2025\/03\/16\/ezequiel-montes-anuncia-la-gran-feria-del-vino-carne-y-el-ixtle-2025-con-artistas-de-renombre\/","name":"Ezequiel Montes anuncia la gran Feria del Vino, Carne y el Ixtle 2025 con artistas de renombre | Nexo Informativo Santiago de Quer\u00e9taro","isPartOf":{"@id":"https:\/\/www.nexoinformativo.mx\/#website"},"primaryImageOfPage":{"@id":"https:\/\/www.nexoinformativo.mx\/index.php\/2025\/03\/16\/ezequiel-montes-anuncia-la-gran-feria-del-vino-carne-y-el-ixtle-2025-con-artistas-de-renombre\/#primaryimage"},"image":{"@id":"https:\/\/www.nexoinformativo.mx\/index.php\/2025\/03\/16\/ezequiel-montes-anuncia-la-gran-feria-del-vino-carne-y-el-ixtle-2025-con-artistas-de-renombre\/#primaryimage"},"thumbnailUrl":"https:\/\/www.nexoinformativo.mx\/wp-content\/uploads\/2025\/03\/IMG_1711-e1742153268931.jpg","datePublished":"2025-03-16T18:00:47+00:00","dateModified":"2025-03-16T19:28:25+00:00","description":"Ezequiel Montes anuncia la gran Feria del Vino, Carne y el Ixtle 2025 con artistas de renombre","breadcrumb":{"@id":"https:\/\/www.nexoinformativo.mx\/index.php\/2025\/03\/16\/ezequiel-montes-anuncia-la-gran-feria-del-vino-carne-y-el-ixtle-2025-con-artistas-de-renombre\/#breadcrumb"},"inLanguage":"es","potentialAction":[{"@type":"ReadAction","target":["https:\/\/www.nexoinformativo.mx\/index.php\/2025\/03\/16\/ezequiel-montes-anuncia-la-gran-feria-del-vino-carne-y-el-ixtle-2025-con-artistas-de-renombre\/"]}]},{"@type":"ImageObject","inLanguage":"es","@id":"https:\/\/www.nexoinformativo.mx\/index.php\/2025\/03\/16\/ezequiel-montes-anuncia-la-gran-feria-del-vino-carne-y-el-ixtle-2025-con-artistas-de-renombre\/#primaryimage","url":"https:\/\/www.nexoinformativo.mx\/wp-content\/uploads\/2025\/03\/IMG_1711-e1742153268931.jpg","contentUrl":"https:\/\/www.nexoinformativo.mx\/wp-content\/uploads\/2025\/03\/IMG_1711-e1742153268931.jpg","width":650,"height":911},{"@type":"BreadcrumbList","@id":"https:\/\/www.nexoinformativo.mx\/index.php\/2025\/03\/16\/ezequiel-montes-anuncia-la-gran-feria-del-vino-carne-y-el-ixtle-2025-con-artistas-de-renombre\/#breadcrumb","itemListElement":[{"@type":"ListItem","position":1,"name":"Inicio","item":"https:\/\/www.nexoinformativo.mx\/"},{"@type":"ListItem","position":2,"name":"Ezequiel Montes anuncia la gran Feria del Vino, Carne y el Ixtle 2025 con artistas de renombre"}]},{"@type":"WebSite","@id":"https:\/\/www.nexoinformativo.mx\/#website","url":"https:\/\/www.nexoinformativo.mx\/","name":"Nexo Informativo Santiago de Quer\u00e9taro","description":"Explora NexoInformativo y convi\u00e9rtete en parte de una comunidad que valora el conocimiento y la verdad. Tu nexoinformativo es tu puente hacia una comprensi\u00f3n m\u00e1s profunda del mundo que te rodea.","publisher":{"@id":"https:\/\/www.nexoinformativo.mx\/#organization"},"potentialAction":[{"@type":"SearchAction","target":{"@type":"EntryPoint","urlTemplate":"https:\/\/www.nexoinformativo.mx\/?s={search_term_string}"},"query-input":{"@type":"PropertyValueSpecification","valueRequired":true,"valueName":"search_term_string"}}],"inLanguage":"es"},{"@type":"Organization","@id":"https:\/\/www.nexoinformativo.mx\/#organization","name":"Nexo Informativo Santiago de Quer\u00e9taro","url":"https:\/\/www.nexoinformativo.mx\/","logo":{"@type":"ImageObject","inLanguage":"es","@id":"https:\/\/www.nexoinformativo.mx\/#\/schema\/logo\/image\/","url":"https:\/\/www.nexoinformativo.mx\/wp-content\/uploads\/2024\/07\/nexoi-trasparente-2.png","contentUrl":"https:\/\/www.nexoinformativo.mx\/wp-content\/uploads\/2024\/07\/nexoi-trasparente-2.png","width":816,"height":339,"caption":"Nexo Informativo Santiago de Quer\u00e9taro"},"image":{"@id":"https:\/\/www.nexoinformativo.mx\/#\/schema\/logo\/image\/"},"sameAs":["https:\/\/www.facebook.com\/people\/Nexo-Informativo\/61564066885511\/"]},{"@type":"Person","@id":"https:\/\/www.nexoinformativo.mx\/#\/schema\/person\/7749d380ba08c8ca00d7bc76fd907b7d","name":"Nexo Informativo","image":{"@type":"ImageObject","inLanguage":"es","@id":"https:\/\/www.nexoinformativo.mx\/#\/schema\/person\/image\/","url":"https:\/\/secure.gravatar.com\/avatar\/dde2928154642a13d95f87ddf1ea9718fe2b46760a005c53e41ff5ad610704e6?s=96&d=mm&r=g","contentUrl":"https:\/\/secure.gravatar.com\/avatar\/dde2928154642a13d95f87ddf1ea9718fe2b46760a005c53e41ff5ad610704e6?s=96&d=mm&r=g","caption":"Nexo Informativo"},"url":"https:\/\/www.nexoinformativo.mx\/index.php\/author\/edicion\/"}]}},"_links":{"self":[{"href":"https:\/\/www.nexoinformativo.mx\/index.php\/wp-json\/wp\/v2\/posts\/12862","targetHints":{"allow":["GET"]}}],"collection":[{"href":"https:\/\/www.nexoinformativo.mx\/index.php\/wp-json\/wp\/v2\/posts"}],"about":[{"href":"https:\/\/www.nexoinformativo.mx\/index.php\/wp-json\/wp\/v2\/types\/post"}],"author":[{"embeddable":true,"href":"https:\/\/www.nexoinformativo.mx\/index.php\/wp-json\/wp\/v2\/users\/3"}],"replies":[{"embeddable":true,"href":"https:\/\/www.nexoinformativo.mx\/index.php\/wp-json\/wp\/v2\/comments?post=12862"}],"version-history":[{"count":3,"href":"https:\/\/www.nexoinformativo.mx\/index.php\/wp-json\/wp\/v2\/posts\/12862\/revisions"}],"predecessor-version":[{"id":12866,"href":"https:\/\/www.nexoinformativo.mx\/index.php\/wp-json\/wp\/v2\/posts\/12862\/revisions\/12866"}],"wp:featuredmedia":[{"embeddable":true,"href":"https:\/\/www.nexoinformativo.mx\/index.php\/wp-json\/wp\/v2\/media\/12863"}],"wp:attachment":[{"href":"https:\/\/www.nexoinformativo.mx\/index.php\/wp-json\/wp\/v2\/media?parent=12862"}],"wp:term":[{"taxonomy":"category","embeddable":true,"href":"https:\/\/www.nexoinformativo.mx\/index.php\/wp-json\/wp\/v2\/categories?post=12862"},{"taxonomy":"post_tag","embeddable":true,"href":"https:\/\/www.nexoinformativo.mx\/index.php\/wp-json\/wp\/v2\/tags?post=12862"}],"curies":[{"name":"wp","href":"https:\/\/api.w.org\/{rel}","templated":true}]}}