{"id":12907,"date":"2025-03-17T16:00:33","date_gmt":"2025-03-17T22:00:33","guid":{"rendered":"https:\/\/www.nexoinformativo.mx\/?p=12907"},"modified":"2025-03-17T21:03:40","modified_gmt":"2025-03-18T03:03:40","slug":"bubbles-fest-2025-vinedos-sala-vive-te-invita-a-un-fin-de-semana-con-vino-espumoso-musica-y-gastronomia","status":"publish","type":"post","link":"https:\/\/www.nexoinformativo.mx\/index.php\/2025\/03\/17\/bubbles-fest-2025-vinedos-sala-vive-te-invita-a-un-fin-de-semana-con-vino-espumoso-musica-y-gastronomia\/","title":{"rendered":"Bubbles Fest 2025 Vi\u00f1edos Sala Viv\u00e9 te invita a un fin de semana con vino espumoso, m\u00fasica y gastronom\u00eda"},"content":{"rendered":"<p style=\"text-align: justify;\" data-sourcepos=\"13:1-13:235\"><strong>Los Vi\u00f1edos Sala Viv\u00e9<\/strong> se preparan para recibir la edici\u00f3n 2025 del <strong>Bubbles Fest<\/strong>, un evento \u00fanico que celebra la diversidad de vinos espumosos de Grupo Henkell-Freixenet y de otras vin\u00edcolas nacionales.<\/p>\n<\/p>\n<p>&nbsp;<\/p>\n<p style=\"text-align: justify;\" data-sourcepos=\"15:1-15:249\">El 29 y 30 de marzo, los asistentes podr\u00e1n disfrutar de una experiencia sensorial inigualable, con degustaciones de m\u00e1s de 100 etiquetas de vino espumoso, incluyendo las marcas Sala Viv\u00e9, Vi\u00f1a Dolores, Cord\u00f3n Negro, Carta Nevada y Mionetto Prosecco.<\/p>\n<\/p>\n<p>&nbsp;<\/p>\n<p style=\"text-align: justify;\" data-sourcepos=\"17:1-17:270\">El evento contar\u00e1 con un \u00e1rea de degustaci\u00f3n exclusiva, un Food Garden con una selecci\u00f3n gastron\u00f3mica especial, catas especializadas gratuitas a cargo de sommeliers expertos y m\u00fasica en vivo de DJs reconocidos como Bautista, Minow, Brolorizo, Boltron y Cinema Paradisco.<\/p>\n<\/p>\n<p>&nbsp;<\/p>\n<p style=\"text-align: justify;\" data-sourcepos=\"19:1-19:281\">Bubbles Fest es un evento familiar, con precios especiales para ni\u00f1os y acceso gratuito para menores de 12 a\u00f1os. Los boletos ya est\u00e1n a la venta en la p\u00e1gina oficial de Freixenet M\u00e9xico: <strong><a href=\"https:\/\/www.google.com\/search?q=https:\/\/www.freixenetmexico.com\" target=\"_blank\" rel=\"noopener\">www.freixenetmexico.com<\/a>.mx<\/strong><\/p>\n<\/p>\n<p>&nbsp;<\/p>\n<p style=\"text-align: center;\" data-sourcepos=\"19:1-19:281\"><em><strong>\u00a1Informaci\u00f3n que transforma!<\/strong><\/em><\/p>\n<p data-sourcepos=\"19:1-19:281\">\n","protected":false},"excerpt":{"rendered":"<p>Los Vi\u00f1edos Sala Viv\u00e9 se preparan para recibir la edici\u00f3n 2025 del Bubbles Fest, un evento \u00fanico que celebra la diversidad de vinos espumosos de Grupo Henkell-Freixenet y de otras vin\u00edcolas nacionales.<\/p>\n","protected":false},"author":3,"featured_media":12908,"comment_status":"open","ping_status":"open","sticky":false,"template":"","format":"standard","meta":{"footnotes":""},"categories":[50,65,58],"tags":[3803,133,3804,3805],"class_list":["post-12907","post","type-post","status-publish","format-standard","has-post-thumbnail","hentry","category-espectaculos","category-municipios","category-ultima-hora","tag-bubblesfest2025","tag-queretaro","tag-vinedossalavive","tag-vinoespumoso"],"yoast_head":"<!-- This site is optimized with the Yoast SEO plugin v25.0 - https:\/\/yoast.com\/wordpress\/plugins\/seo\/ -->\n<title>Bubbles Fest 2025 Vi\u00f1edos Sala Viv\u00e9 te invita a un fin de semana con vino espumoso, m\u00fasica y gastronom\u00eda | Nexo Informativo Santiago de Quer\u00e9taro<\/title>\n<meta name=\"description\" content=\"Bubbles Fest 2025 Vi\u00f1edos Sala Viv\u00e9 te invita a un fin de semana con vino espumoso, m\u00fasica y gastronom\u00eda\" \/>\n<meta name=\"robots\" content=\"index, follow, max-snippet:-1, max-image-preview:large, max-video-preview:-1\" \/>\n<link rel=\"canonical\" href=\"https:\/\/www.nexoinformativo.mx\/index.php\/2025\/03\/17\/bubbles-fest-2025-vinedos-sala-vive-te-invita-a-un-fin-de-semana-con-vino-espumoso-musica-y-gastronomia\/\" \/>\n<meta property=\"og:locale\" content=\"es_MX\" \/>\n<meta property=\"og:type\" content=\"article\" \/>\n<meta property=\"og:title\" content=\"Bubbles Fest 2025 Vi\u00f1edos Sala Viv\u00e9 te invita a un fin de semana con vino espumoso, m\u00fasica y gastronom\u00eda | Nexo Informativo Santiago de Quer\u00e9taro\" \/>\n<meta property=\"og:description\" content=\"Bubbles Fest 2025 Vi\u00f1edos Sala Viv\u00e9 te invita a un fin de semana con vino espumoso, m\u00fasica y gastronom\u00eda\" \/>\n<meta property=\"og:url\" content=\"https:\/\/www.nexoinformativo.mx\/index.php\/2025\/03\/17\/bubbles-fest-2025-vinedos-sala-vive-te-invita-a-un-fin-de-semana-con-vino-espumoso-musica-y-gastronomia\/\" \/>\n<meta property=\"og:site_name\" content=\"Nexo Informativo Santiago de Quer\u00e9taro\" \/>\n<meta property=\"article:publisher\" content=\"https:\/\/www.facebook.com\/people\/Nexo-Informativo\/61564066885511\/\" \/>\n<meta property=\"article:published_time\" content=\"2025-03-17T22:00:33+00:00\" \/>\n<meta property=\"article:modified_time\" content=\"2025-03-18T03:03:40+00:00\" \/>\n<meta property=\"og:image\" content=\"https:\/\/www.nexoinformativo.mx\/wp-content\/uploads\/2025\/03\/PHOTO-2025-03-17-19-55-47-e1742266964476.jpg\" \/>\n\t<meta property=\"og:image:width\" content=\"500\" \/>\n\t<meta property=\"og:image:height\" content=\"751\" \/>\n\t<meta property=\"og:image:type\" content=\"image\/jpeg\" \/>\n<meta name=\"author\" content=\"Nexo Informativo\" \/>\n<meta name=\"twitter:card\" content=\"summary_large_image\" \/>\n<meta name=\"twitter:label1\" content=\"Escrito por\" \/>\n\t<meta name=\"twitter:data1\" content=\"Nexo Informativo\" \/>\n\t<meta name=\"twitter:label2\" content=\"Tiempo de lectura\" \/>\n\t<meta name=\"twitter:data2\" content=\"1 minuto\" \/>\n<script type=\"application\/ld+json\" class=\"yoast-schema-graph\">{\"@context\":\"https:\/\/schema.org\",\"@graph\":[{\"@type\":\"Article\",\"@id\":\"https:\/\/www.nexoinformativo.mx\/index.php\/2025\/03\/17\/bubbles-fest-2025-vinedos-sala-vive-te-invita-a-un-fin-de-semana-con-vino-espumoso-musica-y-gastronomia\/#article\",\"isPartOf\":{\"@id\":\"https:\/\/www.nexoinformativo.mx\/index.php\/2025\/03\/17\/bubbles-fest-2025-vinedos-sala-vive-te-invita-a-un-fin-de-semana-con-vino-espumoso-musica-y-gastronomia\/\"},\"author\":{\"name\":\"Nexo Informativo\",\"@id\":\"https:\/\/www.nexoinformativo.mx\/#\/schema\/person\/7749d380ba08c8ca00d7bc76fd907b7d\"},\"headline\":\"Bubbles Fest 2025 Vi\u00f1edos Sala Viv\u00e9 te invita a un fin de semana con vino espumoso, m\u00fasica y gastronom\u00eda\",\"datePublished\":\"2025-03-17T22:00:33+00:00\",\"dateModified\":\"2025-03-18T03:03:40+00:00\",\"mainEntityOfPage\":{\"@id\":\"https:\/\/www.nexoinformativo.mx\/index.php\/2025\/03\/17\/bubbles-fest-2025-vinedos-sala-vive-te-invita-a-un-fin-de-semana-con-vino-espumoso-musica-y-gastronomia\/\"},\"wordCount\":188,\"commentCount\":0,\"publisher\":{\"@id\":\"https:\/\/www.nexoinformativo.mx\/#organization\"},\"image\":{\"@id\":\"https:\/\/www.nexoinformativo.mx\/index.php\/2025\/03\/17\/bubbles-fest-2025-vinedos-sala-vive-te-invita-a-un-fin-de-semana-con-vino-espumoso-musica-y-gastronomia\/#primaryimage\"},\"thumbnailUrl\":\"https:\/\/www.nexoinformativo.mx\/wp-content\/uploads\/2025\/03\/PHOTO-2025-03-17-19-55-47-e1742266964476.jpg\",\"keywords\":[\"BubblesFest2025\",\"Quer\u00e9taro\",\"Vi\u00f1edosSalaViv\u00e9\",\"VinoEspumoso\"],\"articleSection\":[\"Espect\u00e1culos\",\"Municipios\",\"\u00daltima Hora\"],\"inLanguage\":\"es\",\"potentialAction\":[{\"@type\":\"CommentAction\",\"name\":\"Comment\",\"target\":[\"https:\/\/www.nexoinformativo.mx\/index.php\/2025\/03\/17\/bubbles-fest-2025-vinedos-sala-vive-te-invita-a-un-fin-de-semana-con-vino-espumoso-musica-y-gastronomia\/#respond\"]}]},{\"@type\":\"WebPage\",\"@id\":\"https:\/\/www.nexoinformativo.mx\/index.php\/2025\/03\/17\/bubbles-fest-2025-vinedos-sala-vive-te-invita-a-un-fin-de-semana-con-vino-espumoso-musica-y-gastronomia\/\",\"url\":\"https:\/\/www.nexoinformativo.mx\/index.php\/2025\/03\/17\/bubbles-fest-2025-vinedos-sala-vive-te-invita-a-un-fin-de-semana-con-vino-espumoso-musica-y-gastronomia\/\",\"name\":\"Bubbles Fest 2025 Vi\u00f1edos Sala Viv\u00e9 te invita a un fin de semana con vino espumoso, m\u00fasica y gastronom\u00eda | Nexo Informativo Santiago de Quer\u00e9taro\",\"isPartOf\":{\"@id\":\"https:\/\/www.nexoinformativo.mx\/#website\"},\"primaryImageOfPage\":{\"@id\":\"https:\/\/www.nexoinformativo.mx\/index.php\/2025\/03\/17\/bubbles-fest-2025-vinedos-sala-vive-te-invita-a-un-fin-de-semana-con-vino-espumoso-musica-y-gastronomia\/#primaryimage\"},\"image\":{\"@id\":\"https:\/\/www.nexoinformativo.mx\/index.php\/2025\/03\/17\/bubbles-fest-2025-vinedos-sala-vive-te-invita-a-un-fin-de-semana-con-vino-espumoso-musica-y-gastronomia\/#primaryimage\"},\"thumbnailUrl\":\"https:\/\/www.nexoinformativo.mx\/wp-content\/uploads\/2025\/03\/PHOTO-2025-03-17-19-55-47-e1742266964476.jpg\",\"datePublished\":\"2025-03-17T22:00:33+00:00\",\"dateModified\":\"2025-03-18T03:03:40+00:00\",\"description\":\"Bubbles Fest 2025 Vi\u00f1edos Sala Viv\u00e9 te invita a un fin de semana con vino espumoso, m\u00fasica y gastronom\u00eda\",\"breadcrumb\":{\"@id\":\"https:\/\/www.nexoinformativo.mx\/index.php\/2025\/03\/17\/bubbles-fest-2025-vinedos-sala-vive-te-invita-a-un-fin-de-semana-con-vino-espumoso-musica-y-gastronomia\/#breadcrumb\"},\"inLanguage\":\"es\",\"potentialAction\":[{\"@type\":\"ReadAction\",\"target\":[\"https:\/\/www.nexoinformativo.mx\/index.php\/2025\/03\/17\/bubbles-fest-2025-vinedos-sala-vive-te-invita-a-un-fin-de-semana-con-vino-espumoso-musica-y-gastronomia\/\"]}]},{\"@type\":\"ImageObject\",\"inLanguage\":\"es\",\"@id\":\"https:\/\/www.nexoinformativo.mx\/index.php\/2025\/03\/17\/bubbles-fest-2025-vinedos-sala-vive-te-invita-a-un-fin-de-semana-con-vino-espumoso-musica-y-gastronomia\/#primaryimage\",\"url\":\"https:\/\/www.nexoinformativo.mx\/wp-content\/uploads\/2025\/03\/PHOTO-2025-03-17-19-55-47-e1742266964476.jpg\",\"contentUrl\":\"https:\/\/www.nexoinformativo.mx\/wp-content\/uploads\/2025\/03\/PHOTO-2025-03-17-19-55-47-e1742266964476.jpg\",\"width\":500,\"height\":751},{\"@type\":\"BreadcrumbList\",\"@id\":\"https:\/\/www.nexoinformativo.mx\/index.php\/2025\/03\/17\/bubbles-fest-2025-vinedos-sala-vive-te-invita-a-un-fin-de-semana-con-vino-espumoso-musica-y-gastronomia\/#breadcrumb\",\"itemListElement\":[{\"@type\":\"ListItem\",\"position\":1,\"name\":\"Inicio\",\"item\":\"https:\/\/www.nexoinformativo.mx\/\"},{\"@type\":\"ListItem\",\"position\":2,\"name\":\"Bubbles Fest 2025 Vi\u00f1edos Sala Viv\u00e9 te invita a un fin de semana con vino espumoso, m\u00fasica y gastronom\u00eda\"}]},{\"@type\":\"WebSite\",\"@id\":\"https:\/\/www.nexoinformativo.mx\/#website\",\"url\":\"https:\/\/www.nexoinformativo.mx\/\",\"name\":\"Nexo Informativo Santiago de Quer\u00e9taro\",\"description\":\"Explora NexoInformativo y convi\u00e9rtete en parte de una comunidad que valora el conocimiento y la verdad. Tu nexoinformativo es tu puente hacia una comprensi\u00f3n m\u00e1s profunda del mundo que te rodea.\",\"publisher\":{\"@id\":\"https:\/\/www.nexoinformativo.mx\/#organization\"},\"potentialAction\":[{\"@type\":\"SearchAction\",\"target\":{\"@type\":\"EntryPoint\",\"urlTemplate\":\"https:\/\/www.nexoinformativo.mx\/?s={search_term_string}\"},\"query-input\":{\"@type\":\"PropertyValueSpecification\",\"valueRequired\":true,\"valueName\":\"search_term_string\"}}],\"inLanguage\":\"es\"},{\"@type\":\"Organization\",\"@id\":\"https:\/\/www.nexoinformativo.mx\/#organization\",\"name\":\"Nexo Informativo Santiago de Quer\u00e9taro\",\"url\":\"https:\/\/www.nexoinformativo.mx\/\",\"logo\":{\"@type\":\"ImageObject\",\"inLanguage\":\"es\",\"@id\":\"https:\/\/www.nexoinformativo.mx\/#\/schema\/logo\/image\/\",\"url\":\"https:\/\/www.nexoinformativo.mx\/wp-content\/uploads\/2024\/07\/nexoi-trasparente-2.png\",\"contentUrl\":\"https:\/\/www.nexoinformativo.mx\/wp-content\/uploads\/2024\/07\/nexoi-trasparente-2.png\",\"width\":816,\"height\":339,\"caption\":\"Nexo Informativo Santiago de Quer\u00e9taro\"},\"image\":{\"@id\":\"https:\/\/www.nexoinformativo.mx\/#\/schema\/logo\/image\/\"},\"sameAs\":[\"https:\/\/www.facebook.com\/people\/Nexo-Informativo\/61564066885511\/\"]},{\"@type\":\"Person\",\"@id\":\"https:\/\/www.nexoinformativo.mx\/#\/schema\/person\/7749d380ba08c8ca00d7bc76fd907b7d\",\"name\":\"Nexo Informativo\",\"image\":{\"@type\":\"ImageObject\",\"inLanguage\":\"es\",\"@id\":\"https:\/\/www.nexoinformativo.mx\/#\/schema\/person\/image\/\",\"url\":\"https:\/\/secure.gravatar.com\/avatar\/dde2928154642a13d95f87ddf1ea9718fe2b46760a005c53e41ff5ad610704e6?s=96&d=mm&r=g\",\"contentUrl\":\"https:\/\/secure.gravatar.com\/avatar\/dde2928154642a13d95f87ddf1ea9718fe2b46760a005c53e41ff5ad610704e6?s=96&d=mm&r=g\",\"caption\":\"Nexo Informativo\"},\"url\":\"https:\/\/www.nexoinformativo.mx\/index.php\/author\/edicion\/\"}]}<\/script>\n<!-- \/ Yoast SEO plugin. -->","yoast_head_json":{"title":"Bubbles Fest 2025 Vi\u00f1edos Sala Viv\u00e9 te invita a un fin de semana con vino espumoso, m\u00fasica y gastronom\u00eda | Nexo Informativo Santiago de Quer\u00e9taro","description":"Bubbles Fest 2025 Vi\u00f1edos Sala Viv\u00e9 te invita a un fin de semana con vino espumoso, m\u00fasica y gastronom\u00eda","robots":{"index":"index","follow":"follow","max-snippet":"max-snippet:-1","max-image-preview":"max-image-preview:large","max-video-preview":"max-video-preview:-1"},"canonical":"https:\/\/www.nexoinformativo.mx\/index.php\/2025\/03\/17\/bubbles-fest-2025-vinedos-sala-vive-te-invita-a-un-fin-de-semana-con-vino-espumoso-musica-y-gastronomia\/","og_locale":"es_MX","og_type":"article","og_title":"Bubbles Fest 2025 Vi\u00f1edos Sala Viv\u00e9 te invita a un fin de semana con vino espumoso, m\u00fasica y gastronom\u00eda | Nexo Informativo Santiago de Quer\u00e9taro","og_description":"Bubbles Fest 2025 Vi\u00f1edos Sala Viv\u00e9 te invita a un fin de semana con vino espumoso, m\u00fasica y gastronom\u00eda","og_url":"https:\/\/www.nexoinformativo.mx\/index.php\/2025\/03\/17\/bubbles-fest-2025-vinedos-sala-vive-te-invita-a-un-fin-de-semana-con-vino-espumoso-musica-y-gastronomia\/","og_site_name":"Nexo Informativo Santiago de Quer\u00e9taro","article_publisher":"https:\/\/www.facebook.com\/people\/Nexo-Informativo\/61564066885511\/","article_published_time":"2025-03-17T22:00:33+00:00","article_modified_time":"2025-03-18T03:03:40+00:00","og_image":[{"width":500,"height":751,"url":"https:\/\/www.nexoinformativo.mx\/wp-content\/uploads\/2025\/03\/PHOTO-2025-03-17-19-55-47-e1742266964476.jpg","type":"image\/jpeg"}],"author":"Nexo Informativo","twitter_card":"summary_large_image","twitter_misc":{"Escrito por":"Nexo Informativo","Tiempo de lectura":"1 minuto"},"schema":{"@context":"https:\/\/schema.org","@graph":[{"@type":"Article","@id":"https:\/\/www.nexoinformativo.mx\/index.php\/2025\/03\/17\/bubbles-fest-2025-vinedos-sala-vive-te-invita-a-un-fin-de-semana-con-vino-espumoso-musica-y-gastronomia\/#article","isPartOf":{"@id":"https:\/\/www.nexoinformativo.mx\/index.php\/2025\/03\/17\/bubbles-fest-2025-vinedos-sala-vive-te-invita-a-un-fin-de-semana-con-vino-espumoso-musica-y-gastronomia\/"},"author":{"name":"Nexo Informativo","@id":"https:\/\/www.nexoinformativo.mx\/#\/schema\/person\/7749d380ba08c8ca00d7bc76fd907b7d"},"headline":"Bubbles Fest 2025 Vi\u00f1edos Sala Viv\u00e9 te invita a un fin de semana con vino espumoso, m\u00fasica y gastronom\u00eda","datePublished":"2025-03-17T22:00:33+00:00","dateModified":"2025-03-18T03:03:40+00:00","mainEntityOfPage":{"@id":"https:\/\/www.nexoinformativo.mx\/index.php\/2025\/03\/17\/bubbles-fest-2025-vinedos-sala-vive-te-invita-a-un-fin-de-semana-con-vino-espumoso-musica-y-gastronomia\/"},"wordCount":188,"commentCount":0,"publisher":{"@id":"https:\/\/www.nexoinformativo.mx\/#organization"},"image":{"@id":"https:\/\/www.nexoinformativo.mx\/index.php\/2025\/03\/17\/bubbles-fest-2025-vinedos-sala-vive-te-invita-a-un-fin-de-semana-con-vino-espumoso-musica-y-gastronomia\/#primaryimage"},"thumbnailUrl":"https:\/\/www.nexoinformativo.mx\/wp-content\/uploads\/2025\/03\/PHOTO-2025-03-17-19-55-47-e1742266964476.jpg","keywords":["BubblesFest2025","Quer\u00e9taro","Vi\u00f1edosSalaViv\u00e9","VinoEspumoso"],"articleSection":["Espect\u00e1culos","Municipios","\u00daltima Hora"],"inLanguage":"es","potentialAction":[{"@type":"CommentAction","name":"Comment","target":["https:\/\/www.nexoinformativo.mx\/index.php\/2025\/03\/17\/bubbles-fest-2025-vinedos-sala-vive-te-invita-a-un-fin-de-semana-con-vino-espumoso-musica-y-gastronomia\/#respond"]}]},{"@type":"WebPage","@id":"https:\/\/www.nexoinformativo.mx\/index.php\/2025\/03\/17\/bubbles-fest-2025-vinedos-sala-vive-te-invita-a-un-fin-de-semana-con-vino-espumoso-musica-y-gastronomia\/","url":"https:\/\/www.nexoinformativo.mx\/index.php\/2025\/03\/17\/bubbles-fest-2025-vinedos-sala-vive-te-invita-a-un-fin-de-semana-con-vino-espumoso-musica-y-gastronomia\/","name":"Bubbles Fest 2025 Vi\u00f1edos Sala Viv\u00e9 te invita a un fin de semana con vino espumoso, m\u00fasica y gastronom\u00eda | Nexo Informativo Santiago de Quer\u00e9taro","isPartOf":{"@id":"https:\/\/www.nexoinformativo.mx\/#website"},"primaryImageOfPage":{"@id":"https:\/\/www.nexoinformativo.mx\/index.php\/2025\/03\/17\/bubbles-fest-2025-vinedos-sala-vive-te-invita-a-un-fin-de-semana-con-vino-espumoso-musica-y-gastronomia\/#primaryimage"},"image":{"@id":"https:\/\/www.nexoinformativo.mx\/index.php\/2025\/03\/17\/bubbles-fest-2025-vinedos-sala-vive-te-invita-a-un-fin-de-semana-con-vino-espumoso-musica-y-gastronomia\/#primaryimage"},"thumbnailUrl":"https:\/\/www.nexoinformativo.mx\/wp-content\/uploads\/2025\/03\/PHOTO-2025-03-17-19-55-47-e1742266964476.jpg","datePublished":"2025-03-17T22:00:33+00:00","dateModified":"2025-03-18T03:03:40+00:00","description":"Bubbles Fest 2025 Vi\u00f1edos Sala Viv\u00e9 te invita a un fin de semana con vino espumoso, m\u00fasica y gastronom\u00eda","breadcrumb":{"@id":"https:\/\/www.nexoinformativo.mx\/index.php\/2025\/03\/17\/bubbles-fest-2025-vinedos-sala-vive-te-invita-a-un-fin-de-semana-con-vino-espumoso-musica-y-gastronomia\/#breadcrumb"},"inLanguage":"es","potentialAction":[{"@type":"ReadAction","target":["https:\/\/www.nexoinformativo.mx\/index.php\/2025\/03\/17\/bubbles-fest-2025-vinedos-sala-vive-te-invita-a-un-fin-de-semana-con-vino-espumoso-musica-y-gastronomia\/"]}]},{"@type":"ImageObject","inLanguage":"es","@id":"https:\/\/www.nexoinformativo.mx\/index.php\/2025\/03\/17\/bubbles-fest-2025-vinedos-sala-vive-te-invita-a-un-fin-de-semana-con-vino-espumoso-musica-y-gastronomia\/#primaryimage","url":"https:\/\/www.nexoinformativo.mx\/wp-content\/uploads\/2025\/03\/PHOTO-2025-03-17-19-55-47-e1742266964476.jpg","contentUrl":"https:\/\/www.nexoinformativo.mx\/wp-content\/uploads\/2025\/03\/PHOTO-2025-03-17-19-55-47-e1742266964476.jpg","width":500,"height":751},{"@type":"BreadcrumbList","@id":"https:\/\/www.nexoinformativo.mx\/index.php\/2025\/03\/17\/bubbles-fest-2025-vinedos-sala-vive-te-invita-a-un-fin-de-semana-con-vino-espumoso-musica-y-gastronomia\/#breadcrumb","itemListElement":[{"@type":"ListItem","position":1,"name":"Inicio","item":"https:\/\/www.nexoinformativo.mx\/"},{"@type":"ListItem","position":2,"name":"Bubbles Fest 2025 Vi\u00f1edos Sala Viv\u00e9 te invita a un fin de semana con vino espumoso, m\u00fasica y gastronom\u00eda"}]},{"@type":"WebSite","@id":"https:\/\/www.nexoinformativo.mx\/#website","url":"https:\/\/www.nexoinformativo.mx\/","name":"Nexo Informativo Santiago de Quer\u00e9taro","description":"Explora NexoInformativo y convi\u00e9rtete en parte de una comunidad que valora el conocimiento y la verdad. Tu nexoinformativo es tu puente hacia una comprensi\u00f3n m\u00e1s profunda del mundo que te rodea.","publisher":{"@id":"https:\/\/www.nexoinformativo.mx\/#organization"},"potentialAction":[{"@type":"SearchAction","target":{"@type":"EntryPoint","urlTemplate":"https:\/\/www.nexoinformativo.mx\/?s={search_term_string}"},"query-input":{"@type":"PropertyValueSpecification","valueRequired":true,"valueName":"search_term_string"}}],"inLanguage":"es"},{"@type":"Organization","@id":"https:\/\/www.nexoinformativo.mx\/#organization","name":"Nexo Informativo Santiago de Quer\u00e9taro","url":"https:\/\/www.nexoinformativo.mx\/","logo":{"@type":"ImageObject","inLanguage":"es","@id":"https:\/\/www.nexoinformativo.mx\/#\/schema\/logo\/image\/","url":"https:\/\/www.nexoinformativo.mx\/wp-content\/uploads\/2024\/07\/nexoi-trasparente-2.png","contentUrl":"https:\/\/www.nexoinformativo.mx\/wp-content\/uploads\/2024\/07\/nexoi-trasparente-2.png","width":816,"height":339,"caption":"Nexo Informativo Santiago de Quer\u00e9taro"},"image":{"@id":"https:\/\/www.nexoinformativo.mx\/#\/schema\/logo\/image\/"},"sameAs":["https:\/\/www.facebook.com\/people\/Nexo-Informativo\/61564066885511\/"]},{"@type":"Person","@id":"https:\/\/www.nexoinformativo.mx\/#\/schema\/person\/7749d380ba08c8ca00d7bc76fd907b7d","name":"Nexo Informativo","image":{"@type":"ImageObject","inLanguage":"es","@id":"https:\/\/www.nexoinformativo.mx\/#\/schema\/person\/image\/","url":"https:\/\/secure.gravatar.com\/avatar\/dde2928154642a13d95f87ddf1ea9718fe2b46760a005c53e41ff5ad610704e6?s=96&d=mm&r=g","contentUrl":"https:\/\/secure.gravatar.com\/avatar\/dde2928154642a13d95f87ddf1ea9718fe2b46760a005c53e41ff5ad610704e6?s=96&d=mm&r=g","caption":"Nexo Informativo"},"url":"https:\/\/www.nexoinformativo.mx\/index.php\/author\/edicion\/"}]}},"_links":{"self":[{"href":"https:\/\/www.nexoinformativo.mx\/index.php\/wp-json\/wp\/v2\/posts\/12907","targetHints":{"allow":["GET"]}}],"collection":[{"href":"https:\/\/www.nexoinformativo.mx\/index.php\/wp-json\/wp\/v2\/posts"}],"about":[{"href":"https:\/\/www.nexoinformativo.mx\/index.php\/wp-json\/wp\/v2\/types\/post"}],"author":[{"embeddable":true,"href":"https:\/\/www.nexoinformativo.mx\/index.php\/wp-json\/wp\/v2\/users\/3"}],"replies":[{"embeddable":true,"href":"https:\/\/www.nexoinformativo.mx\/index.php\/wp-json\/wp\/v2\/comments?post=12907"}],"version-history":[{"count":3,"href":"https:\/\/www.nexoinformativo.mx\/index.php\/wp-json\/wp\/v2\/posts\/12907\/revisions"}],"predecessor-version":[{"id":12911,"href":"https:\/\/www.nexoinformativo.mx\/index.php\/wp-json\/wp\/v2\/posts\/12907\/revisions\/12911"}],"wp:featuredmedia":[{"embeddable":true,"href":"https:\/\/www.nexoinformativo.mx\/index.php\/wp-json\/wp\/v2\/media\/12908"}],"wp:attachment":[{"href":"https:\/\/www.nexoinformativo.mx\/index.php\/wp-json\/wp\/v2\/media?parent=12907"}],"wp:term":[{"taxonomy":"category","embeddable":true,"href":"https:\/\/www.nexoinformativo.mx\/index.php\/wp-json\/wp\/v2\/categories?post=12907"},{"taxonomy":"post_tag","embeddable":true,"href":"https:\/\/www.nexoinformativo.mx\/index.php\/wp-json\/wp\/v2\/tags?post=12907"}],"curies":[{"name":"wp","href":"https:\/\/api.w.org\/{rel}","templated":true}]}}