{"id":12912,"date":"2025-03-17T17:00:54","date_gmt":"2025-03-17T23:00:54","guid":{"rendered":"https:\/\/www.nexoinformativo.mx\/?p=12912"},"modified":"2025-03-17T21:14:24","modified_gmt":"2025-03-18T03:14:24","slug":"movilidad-gratuita-arranca-transporte-comunitario-en-santa-rosa-jauregui","status":"publish","type":"post","link":"https:\/\/www.nexoinformativo.mx\/index.php\/2025\/03\/17\/movilidad-gratuita-arranca-transporte-comunitario-en-santa-rosa-jauregui\/","title":{"rendered":"Movilidad gratuita arranca transporte comunitario en Santa Rosa J\u00e1uregui"},"content":{"rendered":"<p style=\"text-align: justify;\" data-sourcepos=\"13:1-13:262\">El municipio de Quer\u00e9taro ha puesto en marcha el Sistema de Transporte Comunitario Gratuito en la delegaci\u00f3n de Santa Rosa J\u00e1uregui, beneficiando a m\u00e1s de 52 mil habitantes de 19 comunidades y la cabecera delegacional.<\/p>\n<p>&nbsp;<\/p>\n<p style=\"text-align: justify;\" data-sourcepos=\"15:1-15:194\">El presidente municipal, Felifer Mac\u00edas, destac\u00f3 que este sistema permitir\u00e1 trayectos m\u00e1s eficientes y seguros para estudiantes, trabajadores y familias, mejorando su econom\u00eda y calidad de vida.<\/p>\n<p>&nbsp;<\/p>\n<p style=\"text-align: justify;\" data-sourcepos=\"17:1-17:155\">El sistema cuenta con 8 rutas, 30 unidades con GPS y videovigilancia, y opera de lunes a viernes de 6:00 a 20:00 horas, con frecuencias de 20 a 25 minutos.<\/p>\n<p>&nbsp;<\/p>\n<p style=\"text-align: justify;\" data-sourcepos=\"19:1-19:226\">Los usuarios podr\u00e1n utilizar la tarjeta de prepago Qrobus para acceder al servicio, y a partir del segundo mes deber\u00e1n registrarse en el programa de Transporte Comunitario del Municipio de Quer\u00e9taro para mantener la gratuidad.<\/p>\n<p>&nbsp;<\/p>\n<p style=\"text-align: justify;\" data-sourcepos=\"21:1-21:168\">Las rutas troncales y locales facilitar\u00e1n el acceso a las comunidades y permitir\u00e1n transbordos gratuitos con el sistema Qrobus hacia la zona metropolitana de Quer\u00e9taro.<\/p>\n<p>&nbsp;<\/p>\n<p style=\"text-align: justify;\" data-sourcepos=\"23:1-23:126\">Este sistema tambi\u00e9n beneficiar\u00e1 a estudiantes y personal de la Universidad Polit\u00e9cnica, mejorando su acceso a la instituci\u00f3n.<\/p>\n<p>&nbsp;<\/p>\n<p style=\"text-align: center;\" data-sourcepos=\"23:1-23:126\"><em><strong>\u00a1Informaci\u00f3n que transforma!<\/strong><\/em><\/p>\n","protected":false},"excerpt":{"rendered":"<p>El municipio de Quer\u00e9taro ha puesto en marcha el Sistema de Transporte Comunitario Gratuito en la delegaci\u00f3n de Santa Rosa J\u00e1uregui, beneficiando a m\u00e1s de 52 mil habitantes de 19 comunidades y la cabecera delegacional.<\/p>\n","protected":false},"author":3,"featured_media":12914,"comment_status":"open","ping_status":"open","sticky":false,"template":"","format":"standard","meta":{"footnotes":""},"categories":[65,58],"tags":[358,359,575,2194],"class_list":["post-12912","post","type-post","status-publish","format-standard","has-post-thumbnail","hentry","category-municipios","category-ultima-hora","tag-movilidadqueretaro","tag-qrobus","tag-santarosajauregui","tag-transportegratuito"],"yoast_head":"<!-- This site is optimized with the Yoast SEO plugin v25.0 - https:\/\/yoast.com\/wordpress\/plugins\/seo\/ -->\n<title>Movilidad gratuita arranca transporte comunitario en Santa Rosa J\u00e1uregui | Nexo Informativo Santiago de Quer\u00e9taro<\/title>\n<meta name=\"description\" content=\"Movilidad gratuita arranca transporte comunitario en Santa Rosa J\u00e1uregui\" \/>\n<meta name=\"robots\" content=\"index, follow, max-snippet:-1, max-image-preview:large, max-video-preview:-1\" \/>\n<link rel=\"canonical\" href=\"https:\/\/www.nexoinformativo.mx\/index.php\/2025\/03\/17\/movilidad-gratuita-arranca-transporte-comunitario-en-santa-rosa-jauregui\/\" \/>\n<meta property=\"og:locale\" content=\"es_MX\" \/>\n<meta property=\"og:type\" content=\"article\" \/>\n<meta property=\"og:title\" content=\"Movilidad gratuita arranca transporte comunitario en Santa Rosa J\u00e1uregui | Nexo Informativo Santiago de Quer\u00e9taro\" \/>\n<meta property=\"og:description\" content=\"Movilidad gratuita arranca transporte comunitario en Santa Rosa J\u00e1uregui\" \/>\n<meta property=\"og:url\" content=\"https:\/\/www.nexoinformativo.mx\/index.php\/2025\/03\/17\/movilidad-gratuita-arranca-transporte-comunitario-en-santa-rosa-jauregui\/\" \/>\n<meta property=\"og:site_name\" content=\"Nexo Informativo Santiago de Quer\u00e9taro\" \/>\n<meta property=\"article:publisher\" content=\"https:\/\/www.facebook.com\/people\/Nexo-Informativo\/61564066885511\/\" \/>\n<meta property=\"article:published_time\" content=\"2025-03-17T23:00:54+00:00\" \/>\n<meta property=\"article:modified_time\" content=\"2025-03-18T03:14:24+00:00\" \/>\n<meta property=\"og:image\" content=\"https:\/\/www.nexoinformativo.mx\/wp-content\/uploads\/2025\/03\/IMG_1750-e1742267586473.jpg\" \/>\n\t<meta property=\"og:image:width\" content=\"800\" \/>\n\t<meta property=\"og:image:height\" content=\"449\" \/>\n\t<meta property=\"og:image:type\" content=\"image\/jpeg\" \/>\n<meta name=\"author\" content=\"Nexo Informativo\" \/>\n<meta name=\"twitter:card\" content=\"summary_large_image\" \/>\n<meta name=\"twitter:label1\" content=\"Escrito por\" \/>\n\t<meta name=\"twitter:data1\" content=\"Nexo Informativo\" \/>\n\t<meta name=\"twitter:label2\" content=\"Tiempo de lectura\" \/>\n\t<meta name=\"twitter:data2\" content=\"1 minuto\" \/>\n<script type=\"application\/ld+json\" class=\"yoast-schema-graph\">{\"@context\":\"https:\/\/schema.org\",\"@graph\":[{\"@type\":\"Article\",\"@id\":\"https:\/\/www.nexoinformativo.mx\/index.php\/2025\/03\/17\/movilidad-gratuita-arranca-transporte-comunitario-en-santa-rosa-jauregui\/#article\",\"isPartOf\":{\"@id\":\"https:\/\/www.nexoinformativo.mx\/index.php\/2025\/03\/17\/movilidad-gratuita-arranca-transporte-comunitario-en-santa-rosa-jauregui\/\"},\"author\":{\"name\":\"Nexo Informativo\",\"@id\":\"https:\/\/www.nexoinformativo.mx\/#\/schema\/person\/7749d380ba08c8ca00d7bc76fd907b7d\"},\"headline\":\"Movilidad gratuita arranca transporte comunitario en Santa Rosa J\u00e1uregui\",\"datePublished\":\"2025-03-17T23:00:54+00:00\",\"dateModified\":\"2025-03-18T03:14:24+00:00\",\"mainEntityOfPage\":{\"@id\":\"https:\/\/www.nexoinformativo.mx\/index.php\/2025\/03\/17\/movilidad-gratuita-arranca-transporte-comunitario-en-santa-rosa-jauregui\/\"},\"wordCount\":198,\"commentCount\":0,\"publisher\":{\"@id\":\"https:\/\/www.nexoinformativo.mx\/#organization\"},\"image\":{\"@id\":\"https:\/\/www.nexoinformativo.mx\/index.php\/2025\/03\/17\/movilidad-gratuita-arranca-transporte-comunitario-en-santa-rosa-jauregui\/#primaryimage\"},\"thumbnailUrl\":\"https:\/\/www.nexoinformativo.mx\/wp-content\/uploads\/2025\/03\/IMG_1750-e1742267586473.jpg\",\"keywords\":[\"MovilidadQuer\u00e9taro\",\"QroB\u00fas\",\"SantaRosaJ\u00e1uregui\",\"TransporteGratuito\"],\"articleSection\":[\"Municipios\",\"\u00daltima Hora\"],\"inLanguage\":\"es\",\"potentialAction\":[{\"@type\":\"CommentAction\",\"name\":\"Comment\",\"target\":[\"https:\/\/www.nexoinformativo.mx\/index.php\/2025\/03\/17\/movilidad-gratuita-arranca-transporte-comunitario-en-santa-rosa-jauregui\/#respond\"]}]},{\"@type\":\"WebPage\",\"@id\":\"https:\/\/www.nexoinformativo.mx\/index.php\/2025\/03\/17\/movilidad-gratuita-arranca-transporte-comunitario-en-santa-rosa-jauregui\/\",\"url\":\"https:\/\/www.nexoinformativo.mx\/index.php\/2025\/03\/17\/movilidad-gratuita-arranca-transporte-comunitario-en-santa-rosa-jauregui\/\",\"name\":\"Movilidad gratuita arranca transporte comunitario en Santa Rosa J\u00e1uregui | Nexo Informativo Santiago de Quer\u00e9taro\",\"isPartOf\":{\"@id\":\"https:\/\/www.nexoinformativo.mx\/#website\"},\"primaryImageOfPage\":{\"@id\":\"https:\/\/www.nexoinformativo.mx\/index.php\/2025\/03\/17\/movilidad-gratuita-arranca-transporte-comunitario-en-santa-rosa-jauregui\/#primaryimage\"},\"image\":{\"@id\":\"https:\/\/www.nexoinformativo.mx\/index.php\/2025\/03\/17\/movilidad-gratuita-arranca-transporte-comunitario-en-santa-rosa-jauregui\/#primaryimage\"},\"thumbnailUrl\":\"https:\/\/www.nexoinformativo.mx\/wp-content\/uploads\/2025\/03\/IMG_1750-e1742267586473.jpg\",\"datePublished\":\"2025-03-17T23:00:54+00:00\",\"dateModified\":\"2025-03-18T03:14:24+00:00\",\"description\":\"Movilidad gratuita arranca transporte comunitario en Santa Rosa J\u00e1uregui\",\"breadcrumb\":{\"@id\":\"https:\/\/www.nexoinformativo.mx\/index.php\/2025\/03\/17\/movilidad-gratuita-arranca-transporte-comunitario-en-santa-rosa-jauregui\/#breadcrumb\"},\"inLanguage\":\"es\",\"potentialAction\":[{\"@type\":\"ReadAction\",\"target\":[\"https:\/\/www.nexoinformativo.mx\/index.php\/2025\/03\/17\/movilidad-gratuita-arranca-transporte-comunitario-en-santa-rosa-jauregui\/\"]}]},{\"@type\":\"ImageObject\",\"inLanguage\":\"es\",\"@id\":\"https:\/\/www.nexoinformativo.mx\/index.php\/2025\/03\/17\/movilidad-gratuita-arranca-transporte-comunitario-en-santa-rosa-jauregui\/#primaryimage\",\"url\":\"https:\/\/www.nexoinformativo.mx\/wp-content\/uploads\/2025\/03\/IMG_1750-e1742267586473.jpg\",\"contentUrl\":\"https:\/\/www.nexoinformativo.mx\/wp-content\/uploads\/2025\/03\/IMG_1750-e1742267586473.jpg\",\"width\":800,\"height\":449,\"caption\":\"Screenshot\"},{\"@type\":\"BreadcrumbList\",\"@id\":\"https:\/\/www.nexoinformativo.mx\/index.php\/2025\/03\/17\/movilidad-gratuita-arranca-transporte-comunitario-en-santa-rosa-jauregui\/#breadcrumb\",\"itemListElement\":[{\"@type\":\"ListItem\",\"position\":1,\"name\":\"Inicio\",\"item\":\"https:\/\/www.nexoinformativo.mx\/\"},{\"@type\":\"ListItem\",\"position\":2,\"name\":\"Movilidad gratuita arranca transporte comunitario en Santa Rosa J\u00e1uregui\"}]},{\"@type\":\"WebSite\",\"@id\":\"https:\/\/www.nexoinformativo.mx\/#website\",\"url\":\"https:\/\/www.nexoinformativo.mx\/\",\"name\":\"Nexo Informativo Santiago de Quer\u00e9taro\",\"description\":\"Explora NexoInformativo y convi\u00e9rtete en parte de una comunidad que valora el conocimiento y la verdad. Tu nexoinformativo es tu puente hacia una comprensi\u00f3n m\u00e1s profunda del mundo que te rodea.\",\"publisher\":{\"@id\":\"https:\/\/www.nexoinformativo.mx\/#organization\"},\"potentialAction\":[{\"@type\":\"SearchAction\",\"target\":{\"@type\":\"EntryPoint\",\"urlTemplate\":\"https:\/\/www.nexoinformativo.mx\/?s={search_term_string}\"},\"query-input\":{\"@type\":\"PropertyValueSpecification\",\"valueRequired\":true,\"valueName\":\"search_term_string\"}}],\"inLanguage\":\"es\"},{\"@type\":\"Organization\",\"@id\":\"https:\/\/www.nexoinformativo.mx\/#organization\",\"name\":\"Nexo Informativo Santiago de Quer\u00e9taro\",\"url\":\"https:\/\/www.nexoinformativo.mx\/\",\"logo\":{\"@type\":\"ImageObject\",\"inLanguage\":\"es\",\"@id\":\"https:\/\/www.nexoinformativo.mx\/#\/schema\/logo\/image\/\",\"url\":\"https:\/\/www.nexoinformativo.mx\/wp-content\/uploads\/2024\/07\/nexoi-trasparente-2.png\",\"contentUrl\":\"https:\/\/www.nexoinformativo.mx\/wp-content\/uploads\/2024\/07\/nexoi-trasparente-2.png\",\"width\":816,\"height\":339,\"caption\":\"Nexo Informativo Santiago de Quer\u00e9taro\"},\"image\":{\"@id\":\"https:\/\/www.nexoinformativo.mx\/#\/schema\/logo\/image\/\"},\"sameAs\":[\"https:\/\/www.facebook.com\/people\/Nexo-Informativo\/61564066885511\/\"]},{\"@type\":\"Person\",\"@id\":\"https:\/\/www.nexoinformativo.mx\/#\/schema\/person\/7749d380ba08c8ca00d7bc76fd907b7d\",\"name\":\"Nexo Informativo\",\"image\":{\"@type\":\"ImageObject\",\"inLanguage\":\"es\",\"@id\":\"https:\/\/www.nexoinformativo.mx\/#\/schema\/person\/image\/\",\"url\":\"https:\/\/secure.gravatar.com\/avatar\/dde2928154642a13d95f87ddf1ea9718fe2b46760a005c53e41ff5ad610704e6?s=96&d=mm&r=g\",\"contentUrl\":\"https:\/\/secure.gravatar.com\/avatar\/dde2928154642a13d95f87ddf1ea9718fe2b46760a005c53e41ff5ad610704e6?s=96&d=mm&r=g\",\"caption\":\"Nexo Informativo\"},\"url\":\"https:\/\/www.nexoinformativo.mx\/index.php\/author\/edicion\/\"}]}<\/script>\n<!-- \/ Yoast SEO plugin. -->","yoast_head_json":{"title":"Movilidad gratuita arranca transporte comunitario en Santa Rosa J\u00e1uregui | Nexo Informativo Santiago de Quer\u00e9taro","description":"Movilidad gratuita arranca transporte comunitario en Santa Rosa J\u00e1uregui","robots":{"index":"index","follow":"follow","max-snippet":"max-snippet:-1","max-image-preview":"max-image-preview:large","max-video-preview":"max-video-preview:-1"},"canonical":"https:\/\/www.nexoinformativo.mx\/index.php\/2025\/03\/17\/movilidad-gratuita-arranca-transporte-comunitario-en-santa-rosa-jauregui\/","og_locale":"es_MX","og_type":"article","og_title":"Movilidad gratuita arranca transporte comunitario en Santa Rosa J\u00e1uregui | Nexo Informativo Santiago de Quer\u00e9taro","og_description":"Movilidad gratuita arranca transporte comunitario en Santa Rosa J\u00e1uregui","og_url":"https:\/\/www.nexoinformativo.mx\/index.php\/2025\/03\/17\/movilidad-gratuita-arranca-transporte-comunitario-en-santa-rosa-jauregui\/","og_site_name":"Nexo Informativo Santiago de Quer\u00e9taro","article_publisher":"https:\/\/www.facebook.com\/people\/Nexo-Informativo\/61564066885511\/","article_published_time":"2025-03-17T23:00:54+00:00","article_modified_time":"2025-03-18T03:14:24+00:00","og_image":[{"width":800,"height":449,"url":"https:\/\/www.nexoinformativo.mx\/wp-content\/uploads\/2025\/03\/IMG_1750-e1742267586473.jpg","type":"image\/jpeg"}],"author":"Nexo Informativo","twitter_card":"summary_large_image","twitter_misc":{"Escrito por":"Nexo Informativo","Tiempo de lectura":"1 minuto"},"schema":{"@context":"https:\/\/schema.org","@graph":[{"@type":"Article","@id":"https:\/\/www.nexoinformativo.mx\/index.php\/2025\/03\/17\/movilidad-gratuita-arranca-transporte-comunitario-en-santa-rosa-jauregui\/#article","isPartOf":{"@id":"https:\/\/www.nexoinformativo.mx\/index.php\/2025\/03\/17\/movilidad-gratuita-arranca-transporte-comunitario-en-santa-rosa-jauregui\/"},"author":{"name":"Nexo Informativo","@id":"https:\/\/www.nexoinformativo.mx\/#\/schema\/person\/7749d380ba08c8ca00d7bc76fd907b7d"},"headline":"Movilidad gratuita arranca transporte comunitario en Santa Rosa J\u00e1uregui","datePublished":"2025-03-17T23:00:54+00:00","dateModified":"2025-03-18T03:14:24+00:00","mainEntityOfPage":{"@id":"https:\/\/www.nexoinformativo.mx\/index.php\/2025\/03\/17\/movilidad-gratuita-arranca-transporte-comunitario-en-santa-rosa-jauregui\/"},"wordCount":198,"commentCount":0,"publisher":{"@id":"https:\/\/www.nexoinformativo.mx\/#organization"},"image":{"@id":"https:\/\/www.nexoinformativo.mx\/index.php\/2025\/03\/17\/movilidad-gratuita-arranca-transporte-comunitario-en-santa-rosa-jauregui\/#primaryimage"},"thumbnailUrl":"https:\/\/www.nexoinformativo.mx\/wp-content\/uploads\/2025\/03\/IMG_1750-e1742267586473.jpg","keywords":["MovilidadQuer\u00e9taro","QroB\u00fas","SantaRosaJ\u00e1uregui","TransporteGratuito"],"articleSection":["Municipios","\u00daltima Hora"],"inLanguage":"es","potentialAction":[{"@type":"CommentAction","name":"Comment","target":["https:\/\/www.nexoinformativo.mx\/index.php\/2025\/03\/17\/movilidad-gratuita-arranca-transporte-comunitario-en-santa-rosa-jauregui\/#respond"]}]},{"@type":"WebPage","@id":"https:\/\/www.nexoinformativo.mx\/index.php\/2025\/03\/17\/movilidad-gratuita-arranca-transporte-comunitario-en-santa-rosa-jauregui\/","url":"https:\/\/www.nexoinformativo.mx\/index.php\/2025\/03\/17\/movilidad-gratuita-arranca-transporte-comunitario-en-santa-rosa-jauregui\/","name":"Movilidad gratuita arranca transporte comunitario en Santa Rosa J\u00e1uregui | Nexo Informativo Santiago de Quer\u00e9taro","isPartOf":{"@id":"https:\/\/www.nexoinformativo.mx\/#website"},"primaryImageOfPage":{"@id":"https:\/\/www.nexoinformativo.mx\/index.php\/2025\/03\/17\/movilidad-gratuita-arranca-transporte-comunitario-en-santa-rosa-jauregui\/#primaryimage"},"image":{"@id":"https:\/\/www.nexoinformativo.mx\/index.php\/2025\/03\/17\/movilidad-gratuita-arranca-transporte-comunitario-en-santa-rosa-jauregui\/#primaryimage"},"thumbnailUrl":"https:\/\/www.nexoinformativo.mx\/wp-content\/uploads\/2025\/03\/IMG_1750-e1742267586473.jpg","datePublished":"2025-03-17T23:00:54+00:00","dateModified":"2025-03-18T03:14:24+00:00","description":"Movilidad gratuita arranca transporte comunitario en Santa Rosa J\u00e1uregui","breadcrumb":{"@id":"https:\/\/www.nexoinformativo.mx\/index.php\/2025\/03\/17\/movilidad-gratuita-arranca-transporte-comunitario-en-santa-rosa-jauregui\/#breadcrumb"},"inLanguage":"es","potentialAction":[{"@type":"ReadAction","target":["https:\/\/www.nexoinformativo.mx\/index.php\/2025\/03\/17\/movilidad-gratuita-arranca-transporte-comunitario-en-santa-rosa-jauregui\/"]}]},{"@type":"ImageObject","inLanguage":"es","@id":"https:\/\/www.nexoinformativo.mx\/index.php\/2025\/03\/17\/movilidad-gratuita-arranca-transporte-comunitario-en-santa-rosa-jauregui\/#primaryimage","url":"https:\/\/www.nexoinformativo.mx\/wp-content\/uploads\/2025\/03\/IMG_1750-e1742267586473.jpg","contentUrl":"https:\/\/www.nexoinformativo.mx\/wp-content\/uploads\/2025\/03\/IMG_1750-e1742267586473.jpg","width":800,"height":449,"caption":"Screenshot"},{"@type":"BreadcrumbList","@id":"https:\/\/www.nexoinformativo.mx\/index.php\/2025\/03\/17\/movilidad-gratuita-arranca-transporte-comunitario-en-santa-rosa-jauregui\/#breadcrumb","itemListElement":[{"@type":"ListItem","position":1,"name":"Inicio","item":"https:\/\/www.nexoinformativo.mx\/"},{"@type":"ListItem","position":2,"name":"Movilidad gratuita arranca transporte comunitario en Santa Rosa J\u00e1uregui"}]},{"@type":"WebSite","@id":"https:\/\/www.nexoinformativo.mx\/#website","url":"https:\/\/www.nexoinformativo.mx\/","name":"Nexo Informativo Santiago de Quer\u00e9taro","description":"Explora NexoInformativo y convi\u00e9rtete en parte de una comunidad que valora el conocimiento y la verdad. Tu nexoinformativo es tu puente hacia una comprensi\u00f3n m\u00e1s profunda del mundo que te rodea.","publisher":{"@id":"https:\/\/www.nexoinformativo.mx\/#organization"},"potentialAction":[{"@type":"SearchAction","target":{"@type":"EntryPoint","urlTemplate":"https:\/\/www.nexoinformativo.mx\/?s={search_term_string}"},"query-input":{"@type":"PropertyValueSpecification","valueRequired":true,"valueName":"search_term_string"}}],"inLanguage":"es"},{"@type":"Organization","@id":"https:\/\/www.nexoinformativo.mx\/#organization","name":"Nexo Informativo Santiago de Quer\u00e9taro","url":"https:\/\/www.nexoinformativo.mx\/","logo":{"@type":"ImageObject","inLanguage":"es","@id":"https:\/\/www.nexoinformativo.mx\/#\/schema\/logo\/image\/","url":"https:\/\/www.nexoinformativo.mx\/wp-content\/uploads\/2024\/07\/nexoi-trasparente-2.png","contentUrl":"https:\/\/www.nexoinformativo.mx\/wp-content\/uploads\/2024\/07\/nexoi-trasparente-2.png","width":816,"height":339,"caption":"Nexo Informativo Santiago de Quer\u00e9taro"},"image":{"@id":"https:\/\/www.nexoinformativo.mx\/#\/schema\/logo\/image\/"},"sameAs":["https:\/\/www.facebook.com\/people\/Nexo-Informativo\/61564066885511\/"]},{"@type":"Person","@id":"https:\/\/www.nexoinformativo.mx\/#\/schema\/person\/7749d380ba08c8ca00d7bc76fd907b7d","name":"Nexo Informativo","image":{"@type":"ImageObject","inLanguage":"es","@id":"https:\/\/www.nexoinformativo.mx\/#\/schema\/person\/image\/","url":"https:\/\/secure.gravatar.com\/avatar\/dde2928154642a13d95f87ddf1ea9718fe2b46760a005c53e41ff5ad610704e6?s=96&d=mm&r=g","contentUrl":"https:\/\/secure.gravatar.com\/avatar\/dde2928154642a13d95f87ddf1ea9718fe2b46760a005c53e41ff5ad610704e6?s=96&d=mm&r=g","caption":"Nexo Informativo"},"url":"https:\/\/www.nexoinformativo.mx\/index.php\/author\/edicion\/"}]}},"_links":{"self":[{"href":"https:\/\/www.nexoinformativo.mx\/index.php\/wp-json\/wp\/v2\/posts\/12912","targetHints":{"allow":["GET"]}}],"collection":[{"href":"https:\/\/www.nexoinformativo.mx\/index.php\/wp-json\/wp\/v2\/posts"}],"about":[{"href":"https:\/\/www.nexoinformativo.mx\/index.php\/wp-json\/wp\/v2\/types\/post"}],"author":[{"embeddable":true,"href":"https:\/\/www.nexoinformativo.mx\/index.php\/wp-json\/wp\/v2\/users\/3"}],"replies":[{"embeddable":true,"href":"https:\/\/www.nexoinformativo.mx\/index.php\/wp-json\/wp\/v2\/comments?post=12912"}],"version-history":[{"count":6,"href":"https:\/\/www.nexoinformativo.mx\/index.php\/wp-json\/wp\/v2\/posts\/12912\/revisions"}],"predecessor-version":[{"id":12917,"href":"https:\/\/www.nexoinformativo.mx\/index.php\/wp-json\/wp\/v2\/posts\/12912\/revisions\/12917"}],"wp:featuredmedia":[{"embeddable":true,"href":"https:\/\/www.nexoinformativo.mx\/index.php\/wp-json\/wp\/v2\/media\/12914"}],"wp:attachment":[{"href":"https:\/\/www.nexoinformativo.mx\/index.php\/wp-json\/wp\/v2\/media?parent=12912"}],"wp:term":[{"taxonomy":"category","embeddable":true,"href":"https:\/\/www.nexoinformativo.mx\/index.php\/wp-json\/wp\/v2\/categories?post=12912"},{"taxonomy":"post_tag","embeddable":true,"href":"https:\/\/www.nexoinformativo.mx\/index.php\/wp-json\/wp\/v2\/tags?post=12912"}],"curies":[{"name":"wp","href":"https:\/\/api.w.org\/{rel}","templated":true}]}}