{"id":12920,"date":"2025-03-17T18:00:23","date_gmt":"2025-03-18T00:00:23","guid":{"rendered":"https:\/\/www.nexoinformativo.mx\/?p=12920"},"modified":"2025-03-17T21:20:09","modified_gmt":"2025-03-18T03:20:09","slug":"alerta-de-sequia-presas-de-queretaro-por-debajo-del-50-de-su-capacidad-sedea-llama-a-la-prevencion","status":"publish","type":"post","link":"https:\/\/www.nexoinformativo.mx\/index.php\/2025\/03\/17\/alerta-de-sequia-presas-de-queretaro-por-debajo-del-50-de-su-capacidad-sedea-llama-a-la-prevencion\/","title":{"rendered":"Alerta de sequ\u00eda presas de Quer\u00e9taro por debajo del 50% de su capacidad SEDEA llama a la prevenci\u00f3n"},"content":{"rendered":"<p style=\"text-align: justify;\" data-sourcepos=\"13:1-13:273\"><strong>La Secretar\u00eda de Desarrollo Agropecuario<\/strong> (SEDEA) ha informado que las presas y bordos del estado de Quer\u00e9taro se encuentran actualmente por debajo del 50% de su capacidad, una situaci\u00f3n que preocupa ante la temporada de altas temperaturas.<\/p>\n<p>&nbsp;<\/p>\n<p style=\"text-align: justify;\" data-sourcepos=\"15:1-15:221\">El titular de la SEDEA, Rosendo Anaya, explic\u00f3 que la disminuci\u00f3n en los niveles de agua se debe a la evaporaci\u00f3n, el consumo y las filtraciones, y advirti\u00f3 que esta tendencia continuar\u00e1 si no se presentan lluvias pronto.<\/p>\n<p>&nbsp;<\/p>\n<p style=\"text-align: justify;\" data-sourcepos=\"17:1-17:252\">&#8220;Ya est\u00e1n por debajo del 50% y se mantiene por 50 debajo de la mitad, entonces va a seguir disminuyendo por la evaporaci\u00f3n, lo que se consume, que se va filtrando y esperamos que las lluvias puedan llegar pronto para recuperar&#8221;, mencion\u00f3 Rosendo Anaya.<\/p>\n<p>&nbsp;<\/p>\n<p style=\"text-align: justify;\" data-sourcepos=\"19:1-19:182\">Aunque por el momento no se ha identificado un riesgo inmediato para el ganado, la SEDEA cuenta con un presupuesto destinado a apoyar a los productores en caso de una sequ\u00eda extrema.<\/p>\n<p>&nbsp;<\/p>\n<p style=\"text-align: justify;\" data-sourcepos=\"21:1-21:182\"><strong>&#8220;De momento no, de momento no tenemos identificado que exista un tema de riesgo, pero estamos preparados por si de repente se pudiera en un momento dado llegar a presentar&#8221;<\/strong>, detall\u00f3.<\/p>\n<p>&nbsp;<\/p>\n<p style=\"text-align: justify;\" data-sourcepos=\"23:1-23:149\">La SEDEA mantiene un monitoreo constante de la situaci\u00f3n y hace un llamado a la poblaci\u00f3n a tomar medidas preventivas para el uso eficiente del agua.<\/p>\n<p>&nbsp;<\/p>\n<p style=\"text-align: center;\" data-sourcepos=\"23:1-23:149\"><em><strong>\u00a1Informaci\u00f3n que transforma!<\/strong><\/em><\/p>\n","protected":false},"excerpt":{"rendered":"<p>La Secretar\u00eda de Desarrollo Agropecuario (SEDEA) ha informado que las presas y bordos del estado de Quer\u00e9taro se encuentran actualmente por debajo del 50% de su capacidad, una situaci\u00f3n que preocupa ante la temporada de altas temperaturas.<\/p>\n","protected":false},"author":3,"featured_media":12924,"comment_status":"open","ping_status":"open","sticky":false,"template":"","format":"standard","meta":{"footnotes":""},"categories":[65,58],"tags":[736,3806,3294,2656],"class_list":["post-12920","post","type-post","status-publish","format-standard","has-post-thumbnail","hentry","category-municipios","category-ultima-hora","tag-cuidadodelagua","tag-presasqueretaro","tag-sedea","tag-sequiaqueretaro"],"yoast_head":"<!-- This site is optimized with the Yoast SEO plugin v25.0 - https:\/\/yoast.com\/wordpress\/plugins\/seo\/ -->\n<title>Alerta de sequ\u00eda presas de Quer\u00e9taro por debajo del 50% de su capacidad SEDEA llama a la prevenci\u00f3n | Nexo Informativo Santiago de Quer\u00e9taro<\/title>\n<meta name=\"description\" content=\"Alerta de sequ\u00eda presas de Quer\u00e9taro por debajo del 50% de su capacidad SEDEA llama a la prevenci\u00f3n\" \/>\n<meta name=\"robots\" content=\"index, follow, max-snippet:-1, max-image-preview:large, max-video-preview:-1\" \/>\n<link rel=\"canonical\" href=\"https:\/\/www.nexoinformativo.mx\/index.php\/2025\/03\/17\/alerta-de-sequia-presas-de-queretaro-por-debajo-del-50-de-su-capacidad-sedea-llama-a-la-prevencion\/\" \/>\n<meta property=\"og:locale\" content=\"es_MX\" \/>\n<meta property=\"og:type\" content=\"article\" \/>\n<meta property=\"og:title\" content=\"Alerta de sequ\u00eda presas de Quer\u00e9taro por debajo del 50% de su capacidad SEDEA llama a la prevenci\u00f3n | Nexo Informativo Santiago de Quer\u00e9taro\" \/>\n<meta property=\"og:description\" content=\"Alerta de sequ\u00eda presas de Quer\u00e9taro por debajo del 50% de su capacidad SEDEA llama a la prevenci\u00f3n\" \/>\n<meta property=\"og:url\" content=\"https:\/\/www.nexoinformativo.mx\/index.php\/2025\/03\/17\/alerta-de-sequia-presas-de-queretaro-por-debajo-del-50-de-su-capacidad-sedea-llama-a-la-prevencion\/\" \/>\n<meta property=\"og:site_name\" content=\"Nexo Informativo Santiago de Quer\u00e9taro\" \/>\n<meta property=\"article:publisher\" content=\"https:\/\/www.facebook.com\/people\/Nexo-Informativo\/61564066885511\/\" \/>\n<meta property=\"article:published_time\" content=\"2025-03-18T00:00:23+00:00\" \/>\n<meta property=\"article:modified_time\" content=\"2025-03-18T03:20:09+00:00\" \/>\n<meta property=\"og:image\" content=\"https:\/\/www.nexoinformativo.mx\/wp-content\/uploads\/2025\/03\/aaef9ac4-5dc2-4a78-8d0a-dedd313f886c-e1742267995797.jpg\" \/>\n\t<meta property=\"og:image:width\" content=\"800\" \/>\n\t<meta property=\"og:image:height\" content=\"614\" \/>\n\t<meta property=\"og:image:type\" content=\"image\/jpeg\" \/>\n<meta name=\"author\" content=\"Nexo Informativo\" \/>\n<meta name=\"twitter:card\" content=\"summary_large_image\" \/>\n<meta name=\"twitter:label1\" content=\"Escrito por\" \/>\n\t<meta name=\"twitter:data1\" content=\"Nexo Informativo\" \/>\n\t<meta name=\"twitter:label2\" content=\"Tiempo de lectura\" \/>\n\t<meta name=\"twitter:data2\" content=\"2 minutos\" \/>\n<script type=\"application\/ld+json\" class=\"yoast-schema-graph\">{\"@context\":\"https:\/\/schema.org\",\"@graph\":[{\"@type\":\"Article\",\"@id\":\"https:\/\/www.nexoinformativo.mx\/index.php\/2025\/03\/17\/alerta-de-sequia-presas-de-queretaro-por-debajo-del-50-de-su-capacidad-sedea-llama-a-la-prevencion\/#article\",\"isPartOf\":{\"@id\":\"https:\/\/www.nexoinformativo.mx\/index.php\/2025\/03\/17\/alerta-de-sequia-presas-de-queretaro-por-debajo-del-50-de-su-capacidad-sedea-llama-a-la-prevencion\/\"},\"author\":{\"name\":\"Nexo Informativo\",\"@id\":\"https:\/\/www.nexoinformativo.mx\/#\/schema\/person\/7749d380ba08c8ca00d7bc76fd907b7d\"},\"headline\":\"Alerta de sequ\u00eda presas de Quer\u00e9taro por debajo del 50% de su capacidad SEDEA llama a la prevenci\u00f3n\",\"datePublished\":\"2025-03-18T00:00:23+00:00\",\"dateModified\":\"2025-03-18T03:20:09+00:00\",\"mainEntityOfPage\":{\"@id\":\"https:\/\/www.nexoinformativo.mx\/index.php\/2025\/03\/17\/alerta-de-sequia-presas-de-queretaro-por-debajo-del-50-de-su-capacidad-sedea-llama-a-la-prevencion\/\"},\"wordCount\":245,\"commentCount\":0,\"publisher\":{\"@id\":\"https:\/\/www.nexoinformativo.mx\/#organization\"},\"image\":{\"@id\":\"https:\/\/www.nexoinformativo.mx\/index.php\/2025\/03\/17\/alerta-de-sequia-presas-de-queretaro-por-debajo-del-50-de-su-capacidad-sedea-llama-a-la-prevencion\/#primaryimage\"},\"thumbnailUrl\":\"https:\/\/www.nexoinformativo.mx\/wp-content\/uploads\/2025\/03\/aaef9ac4-5dc2-4a78-8d0a-dedd313f886c-e1742267995797.jpg\",\"keywords\":[\"CuidadoDelAgua\",\"PresasQuer\u00e9taro\",\"Sedea\",\"Sequ\u00edaQuer\u00e9taro\"],\"articleSection\":[\"Municipios\",\"\u00daltima Hora\"],\"inLanguage\":\"es\",\"potentialAction\":[{\"@type\":\"CommentAction\",\"name\":\"Comment\",\"target\":[\"https:\/\/www.nexoinformativo.mx\/index.php\/2025\/03\/17\/alerta-de-sequia-presas-de-queretaro-por-debajo-del-50-de-su-capacidad-sedea-llama-a-la-prevencion\/#respond\"]}]},{\"@type\":\"WebPage\",\"@id\":\"https:\/\/www.nexoinformativo.mx\/index.php\/2025\/03\/17\/alerta-de-sequia-presas-de-queretaro-por-debajo-del-50-de-su-capacidad-sedea-llama-a-la-prevencion\/\",\"url\":\"https:\/\/www.nexoinformativo.mx\/index.php\/2025\/03\/17\/alerta-de-sequia-presas-de-queretaro-por-debajo-del-50-de-su-capacidad-sedea-llama-a-la-prevencion\/\",\"name\":\"Alerta de sequ\u00eda presas de Quer\u00e9taro por debajo del 50% de su capacidad SEDEA llama a la prevenci\u00f3n | Nexo Informativo Santiago de Quer\u00e9taro\",\"isPartOf\":{\"@id\":\"https:\/\/www.nexoinformativo.mx\/#website\"},\"primaryImageOfPage\":{\"@id\":\"https:\/\/www.nexoinformativo.mx\/index.php\/2025\/03\/17\/alerta-de-sequia-presas-de-queretaro-por-debajo-del-50-de-su-capacidad-sedea-llama-a-la-prevencion\/#primaryimage\"},\"image\":{\"@id\":\"https:\/\/www.nexoinformativo.mx\/index.php\/2025\/03\/17\/alerta-de-sequia-presas-de-queretaro-por-debajo-del-50-de-su-capacidad-sedea-llama-a-la-prevencion\/#primaryimage\"},\"thumbnailUrl\":\"https:\/\/www.nexoinformativo.mx\/wp-content\/uploads\/2025\/03\/aaef9ac4-5dc2-4a78-8d0a-dedd313f886c-e1742267995797.jpg\",\"datePublished\":\"2025-03-18T00:00:23+00:00\",\"dateModified\":\"2025-03-18T03:20:09+00:00\",\"description\":\"Alerta de sequ\u00eda presas de Quer\u00e9taro por debajo del 50% de su capacidad SEDEA llama a la prevenci\u00f3n\",\"breadcrumb\":{\"@id\":\"https:\/\/www.nexoinformativo.mx\/index.php\/2025\/03\/17\/alerta-de-sequia-presas-de-queretaro-por-debajo-del-50-de-su-capacidad-sedea-llama-a-la-prevencion\/#breadcrumb\"},\"inLanguage\":\"es\",\"potentialAction\":[{\"@type\":\"ReadAction\",\"target\":[\"https:\/\/www.nexoinformativo.mx\/index.php\/2025\/03\/17\/alerta-de-sequia-presas-de-queretaro-por-debajo-del-50-de-su-capacidad-sedea-llama-a-la-prevencion\/\"]}]},{\"@type\":\"ImageObject\",\"inLanguage\":\"es\",\"@id\":\"https:\/\/www.nexoinformativo.mx\/index.php\/2025\/03\/17\/alerta-de-sequia-presas-de-queretaro-por-debajo-del-50-de-su-capacidad-sedea-llama-a-la-prevencion\/#primaryimage\",\"url\":\"https:\/\/www.nexoinformativo.mx\/wp-content\/uploads\/2025\/03\/aaef9ac4-5dc2-4a78-8d0a-dedd313f886c-e1742267995797.jpg\",\"contentUrl\":\"https:\/\/www.nexoinformativo.mx\/wp-content\/uploads\/2025\/03\/aaef9ac4-5dc2-4a78-8d0a-dedd313f886c-e1742267995797.jpg\",\"width\":800,\"height\":614},{\"@type\":\"BreadcrumbList\",\"@id\":\"https:\/\/www.nexoinformativo.mx\/index.php\/2025\/03\/17\/alerta-de-sequia-presas-de-queretaro-por-debajo-del-50-de-su-capacidad-sedea-llama-a-la-prevencion\/#breadcrumb\",\"itemListElement\":[{\"@type\":\"ListItem\",\"position\":1,\"name\":\"Inicio\",\"item\":\"https:\/\/www.nexoinformativo.mx\/\"},{\"@type\":\"ListItem\",\"position\":2,\"name\":\"Alerta de sequ\u00eda presas de Quer\u00e9taro por debajo del 50% de su capacidad SEDEA llama a la prevenci\u00f3n\"}]},{\"@type\":\"WebSite\",\"@id\":\"https:\/\/www.nexoinformativo.mx\/#website\",\"url\":\"https:\/\/www.nexoinformativo.mx\/\",\"name\":\"Nexo Informativo Santiago de Quer\u00e9taro\",\"description\":\"Explora NexoInformativo y convi\u00e9rtete en parte de una comunidad que valora el conocimiento y la verdad. Tu nexoinformativo es tu puente hacia una comprensi\u00f3n m\u00e1s profunda del mundo que te rodea.\",\"publisher\":{\"@id\":\"https:\/\/www.nexoinformativo.mx\/#organization\"},\"potentialAction\":[{\"@type\":\"SearchAction\",\"target\":{\"@type\":\"EntryPoint\",\"urlTemplate\":\"https:\/\/www.nexoinformativo.mx\/?s={search_term_string}\"},\"query-input\":{\"@type\":\"PropertyValueSpecification\",\"valueRequired\":true,\"valueName\":\"search_term_string\"}}],\"inLanguage\":\"es\"},{\"@type\":\"Organization\",\"@id\":\"https:\/\/www.nexoinformativo.mx\/#organization\",\"name\":\"Nexo Informativo Santiago de Quer\u00e9taro\",\"url\":\"https:\/\/www.nexoinformativo.mx\/\",\"logo\":{\"@type\":\"ImageObject\",\"inLanguage\":\"es\",\"@id\":\"https:\/\/www.nexoinformativo.mx\/#\/schema\/logo\/image\/\",\"url\":\"https:\/\/www.nexoinformativo.mx\/wp-content\/uploads\/2024\/07\/nexoi-trasparente-2.png\",\"contentUrl\":\"https:\/\/www.nexoinformativo.mx\/wp-content\/uploads\/2024\/07\/nexoi-trasparente-2.png\",\"width\":816,\"height\":339,\"caption\":\"Nexo Informativo Santiago de Quer\u00e9taro\"},\"image\":{\"@id\":\"https:\/\/www.nexoinformativo.mx\/#\/schema\/logo\/image\/\"},\"sameAs\":[\"https:\/\/www.facebook.com\/people\/Nexo-Informativo\/61564066885511\/\"]},{\"@type\":\"Person\",\"@id\":\"https:\/\/www.nexoinformativo.mx\/#\/schema\/person\/7749d380ba08c8ca00d7bc76fd907b7d\",\"name\":\"Nexo Informativo\",\"image\":{\"@type\":\"ImageObject\",\"inLanguage\":\"es\",\"@id\":\"https:\/\/www.nexoinformativo.mx\/#\/schema\/person\/image\/\",\"url\":\"https:\/\/secure.gravatar.com\/avatar\/dde2928154642a13d95f87ddf1ea9718fe2b46760a005c53e41ff5ad610704e6?s=96&d=mm&r=g\",\"contentUrl\":\"https:\/\/secure.gravatar.com\/avatar\/dde2928154642a13d95f87ddf1ea9718fe2b46760a005c53e41ff5ad610704e6?s=96&d=mm&r=g\",\"caption\":\"Nexo Informativo\"},\"url\":\"https:\/\/www.nexoinformativo.mx\/index.php\/author\/edicion\/\"}]}<\/script>\n<!-- \/ Yoast SEO plugin. -->","yoast_head_json":{"title":"Alerta de sequ\u00eda presas de Quer\u00e9taro por debajo del 50% de su capacidad SEDEA llama a la prevenci\u00f3n | Nexo Informativo Santiago de Quer\u00e9taro","description":"Alerta de sequ\u00eda presas de Quer\u00e9taro por debajo del 50% de su capacidad SEDEA llama a la prevenci\u00f3n","robots":{"index":"index","follow":"follow","max-snippet":"max-snippet:-1","max-image-preview":"max-image-preview:large","max-video-preview":"max-video-preview:-1"},"canonical":"https:\/\/www.nexoinformativo.mx\/index.php\/2025\/03\/17\/alerta-de-sequia-presas-de-queretaro-por-debajo-del-50-de-su-capacidad-sedea-llama-a-la-prevencion\/","og_locale":"es_MX","og_type":"article","og_title":"Alerta de sequ\u00eda presas de Quer\u00e9taro por debajo del 50% de su capacidad SEDEA llama a la prevenci\u00f3n | Nexo Informativo Santiago de Quer\u00e9taro","og_description":"Alerta de sequ\u00eda presas de Quer\u00e9taro por debajo del 50% de su capacidad SEDEA llama a la prevenci\u00f3n","og_url":"https:\/\/www.nexoinformativo.mx\/index.php\/2025\/03\/17\/alerta-de-sequia-presas-de-queretaro-por-debajo-del-50-de-su-capacidad-sedea-llama-a-la-prevencion\/","og_site_name":"Nexo Informativo Santiago de Quer\u00e9taro","article_publisher":"https:\/\/www.facebook.com\/people\/Nexo-Informativo\/61564066885511\/","article_published_time":"2025-03-18T00:00:23+00:00","article_modified_time":"2025-03-18T03:20:09+00:00","og_image":[{"width":800,"height":614,"url":"https:\/\/www.nexoinformativo.mx\/wp-content\/uploads\/2025\/03\/aaef9ac4-5dc2-4a78-8d0a-dedd313f886c-e1742267995797.jpg","type":"image\/jpeg"}],"author":"Nexo Informativo","twitter_card":"summary_large_image","twitter_misc":{"Escrito por":"Nexo Informativo","Tiempo de lectura":"2 minutos"},"schema":{"@context":"https:\/\/schema.org","@graph":[{"@type":"Article","@id":"https:\/\/www.nexoinformativo.mx\/index.php\/2025\/03\/17\/alerta-de-sequia-presas-de-queretaro-por-debajo-del-50-de-su-capacidad-sedea-llama-a-la-prevencion\/#article","isPartOf":{"@id":"https:\/\/www.nexoinformativo.mx\/index.php\/2025\/03\/17\/alerta-de-sequia-presas-de-queretaro-por-debajo-del-50-de-su-capacidad-sedea-llama-a-la-prevencion\/"},"author":{"name":"Nexo Informativo","@id":"https:\/\/www.nexoinformativo.mx\/#\/schema\/person\/7749d380ba08c8ca00d7bc76fd907b7d"},"headline":"Alerta de sequ\u00eda presas de Quer\u00e9taro por debajo del 50% de su capacidad SEDEA llama a la prevenci\u00f3n","datePublished":"2025-03-18T00:00:23+00:00","dateModified":"2025-03-18T03:20:09+00:00","mainEntityOfPage":{"@id":"https:\/\/www.nexoinformativo.mx\/index.php\/2025\/03\/17\/alerta-de-sequia-presas-de-queretaro-por-debajo-del-50-de-su-capacidad-sedea-llama-a-la-prevencion\/"},"wordCount":245,"commentCount":0,"publisher":{"@id":"https:\/\/www.nexoinformativo.mx\/#organization"},"image":{"@id":"https:\/\/www.nexoinformativo.mx\/index.php\/2025\/03\/17\/alerta-de-sequia-presas-de-queretaro-por-debajo-del-50-de-su-capacidad-sedea-llama-a-la-prevencion\/#primaryimage"},"thumbnailUrl":"https:\/\/www.nexoinformativo.mx\/wp-content\/uploads\/2025\/03\/aaef9ac4-5dc2-4a78-8d0a-dedd313f886c-e1742267995797.jpg","keywords":["CuidadoDelAgua","PresasQuer\u00e9taro","Sedea","Sequ\u00edaQuer\u00e9taro"],"articleSection":["Municipios","\u00daltima Hora"],"inLanguage":"es","potentialAction":[{"@type":"CommentAction","name":"Comment","target":["https:\/\/www.nexoinformativo.mx\/index.php\/2025\/03\/17\/alerta-de-sequia-presas-de-queretaro-por-debajo-del-50-de-su-capacidad-sedea-llama-a-la-prevencion\/#respond"]}]},{"@type":"WebPage","@id":"https:\/\/www.nexoinformativo.mx\/index.php\/2025\/03\/17\/alerta-de-sequia-presas-de-queretaro-por-debajo-del-50-de-su-capacidad-sedea-llama-a-la-prevencion\/","url":"https:\/\/www.nexoinformativo.mx\/index.php\/2025\/03\/17\/alerta-de-sequia-presas-de-queretaro-por-debajo-del-50-de-su-capacidad-sedea-llama-a-la-prevencion\/","name":"Alerta de sequ\u00eda presas de Quer\u00e9taro por debajo del 50% de su capacidad SEDEA llama a la prevenci\u00f3n | Nexo Informativo Santiago de Quer\u00e9taro","isPartOf":{"@id":"https:\/\/www.nexoinformativo.mx\/#website"},"primaryImageOfPage":{"@id":"https:\/\/www.nexoinformativo.mx\/index.php\/2025\/03\/17\/alerta-de-sequia-presas-de-queretaro-por-debajo-del-50-de-su-capacidad-sedea-llama-a-la-prevencion\/#primaryimage"},"image":{"@id":"https:\/\/www.nexoinformativo.mx\/index.php\/2025\/03\/17\/alerta-de-sequia-presas-de-queretaro-por-debajo-del-50-de-su-capacidad-sedea-llama-a-la-prevencion\/#primaryimage"},"thumbnailUrl":"https:\/\/www.nexoinformativo.mx\/wp-content\/uploads\/2025\/03\/aaef9ac4-5dc2-4a78-8d0a-dedd313f886c-e1742267995797.jpg","datePublished":"2025-03-18T00:00:23+00:00","dateModified":"2025-03-18T03:20:09+00:00","description":"Alerta de sequ\u00eda presas de Quer\u00e9taro por debajo del 50% de su capacidad SEDEA llama a la prevenci\u00f3n","breadcrumb":{"@id":"https:\/\/www.nexoinformativo.mx\/index.php\/2025\/03\/17\/alerta-de-sequia-presas-de-queretaro-por-debajo-del-50-de-su-capacidad-sedea-llama-a-la-prevencion\/#breadcrumb"},"inLanguage":"es","potentialAction":[{"@type":"ReadAction","target":["https:\/\/www.nexoinformativo.mx\/index.php\/2025\/03\/17\/alerta-de-sequia-presas-de-queretaro-por-debajo-del-50-de-su-capacidad-sedea-llama-a-la-prevencion\/"]}]},{"@type":"ImageObject","inLanguage":"es","@id":"https:\/\/www.nexoinformativo.mx\/index.php\/2025\/03\/17\/alerta-de-sequia-presas-de-queretaro-por-debajo-del-50-de-su-capacidad-sedea-llama-a-la-prevencion\/#primaryimage","url":"https:\/\/www.nexoinformativo.mx\/wp-content\/uploads\/2025\/03\/aaef9ac4-5dc2-4a78-8d0a-dedd313f886c-e1742267995797.jpg","contentUrl":"https:\/\/www.nexoinformativo.mx\/wp-content\/uploads\/2025\/03\/aaef9ac4-5dc2-4a78-8d0a-dedd313f886c-e1742267995797.jpg","width":800,"height":614},{"@type":"BreadcrumbList","@id":"https:\/\/www.nexoinformativo.mx\/index.php\/2025\/03\/17\/alerta-de-sequia-presas-de-queretaro-por-debajo-del-50-de-su-capacidad-sedea-llama-a-la-prevencion\/#breadcrumb","itemListElement":[{"@type":"ListItem","position":1,"name":"Inicio","item":"https:\/\/www.nexoinformativo.mx\/"},{"@type":"ListItem","position":2,"name":"Alerta de sequ\u00eda presas de Quer\u00e9taro por debajo del 50% de su capacidad SEDEA llama a la prevenci\u00f3n"}]},{"@type":"WebSite","@id":"https:\/\/www.nexoinformativo.mx\/#website","url":"https:\/\/www.nexoinformativo.mx\/","name":"Nexo Informativo Santiago de Quer\u00e9taro","description":"Explora NexoInformativo y convi\u00e9rtete en parte de una comunidad que valora el conocimiento y la verdad. Tu nexoinformativo es tu puente hacia una comprensi\u00f3n m\u00e1s profunda del mundo que te rodea.","publisher":{"@id":"https:\/\/www.nexoinformativo.mx\/#organization"},"potentialAction":[{"@type":"SearchAction","target":{"@type":"EntryPoint","urlTemplate":"https:\/\/www.nexoinformativo.mx\/?s={search_term_string}"},"query-input":{"@type":"PropertyValueSpecification","valueRequired":true,"valueName":"search_term_string"}}],"inLanguage":"es"},{"@type":"Organization","@id":"https:\/\/www.nexoinformativo.mx\/#organization","name":"Nexo Informativo Santiago de Quer\u00e9taro","url":"https:\/\/www.nexoinformativo.mx\/","logo":{"@type":"ImageObject","inLanguage":"es","@id":"https:\/\/www.nexoinformativo.mx\/#\/schema\/logo\/image\/","url":"https:\/\/www.nexoinformativo.mx\/wp-content\/uploads\/2024\/07\/nexoi-trasparente-2.png","contentUrl":"https:\/\/www.nexoinformativo.mx\/wp-content\/uploads\/2024\/07\/nexoi-trasparente-2.png","width":816,"height":339,"caption":"Nexo Informativo Santiago de Quer\u00e9taro"},"image":{"@id":"https:\/\/www.nexoinformativo.mx\/#\/schema\/logo\/image\/"},"sameAs":["https:\/\/www.facebook.com\/people\/Nexo-Informativo\/61564066885511\/"]},{"@type":"Person","@id":"https:\/\/www.nexoinformativo.mx\/#\/schema\/person\/7749d380ba08c8ca00d7bc76fd907b7d","name":"Nexo Informativo","image":{"@type":"ImageObject","inLanguage":"es","@id":"https:\/\/www.nexoinformativo.mx\/#\/schema\/person\/image\/","url":"https:\/\/secure.gravatar.com\/avatar\/dde2928154642a13d95f87ddf1ea9718fe2b46760a005c53e41ff5ad610704e6?s=96&d=mm&r=g","contentUrl":"https:\/\/secure.gravatar.com\/avatar\/dde2928154642a13d95f87ddf1ea9718fe2b46760a005c53e41ff5ad610704e6?s=96&d=mm&r=g","caption":"Nexo Informativo"},"url":"https:\/\/www.nexoinformativo.mx\/index.php\/author\/edicion\/"}]}},"_links":{"self":[{"href":"https:\/\/www.nexoinformativo.mx\/index.php\/wp-json\/wp\/v2\/posts\/12920","targetHints":{"allow":["GET"]}}],"collection":[{"href":"https:\/\/www.nexoinformativo.mx\/index.php\/wp-json\/wp\/v2\/posts"}],"about":[{"href":"https:\/\/www.nexoinformativo.mx\/index.php\/wp-json\/wp\/v2\/types\/post"}],"author":[{"embeddable":true,"href":"https:\/\/www.nexoinformativo.mx\/index.php\/wp-json\/wp\/v2\/users\/3"}],"replies":[{"embeddable":true,"href":"https:\/\/www.nexoinformativo.mx\/index.php\/wp-json\/wp\/v2\/comments?post=12920"}],"version-history":[{"count":4,"href":"https:\/\/www.nexoinformativo.mx\/index.php\/wp-json\/wp\/v2\/posts\/12920\/revisions"}],"predecessor-version":[{"id":12926,"href":"https:\/\/www.nexoinformativo.mx\/index.php\/wp-json\/wp\/v2\/posts\/12920\/revisions\/12926"}],"wp:featuredmedia":[{"embeddable":true,"href":"https:\/\/www.nexoinformativo.mx\/index.php\/wp-json\/wp\/v2\/media\/12924"}],"wp:attachment":[{"href":"https:\/\/www.nexoinformativo.mx\/index.php\/wp-json\/wp\/v2\/media?parent=12920"}],"wp:term":[{"taxonomy":"category","embeddable":true,"href":"https:\/\/www.nexoinformativo.mx\/index.php\/wp-json\/wp\/v2\/categories?post=12920"},{"taxonomy":"post_tag","embeddable":true,"href":"https:\/\/www.nexoinformativo.mx\/index.php\/wp-json\/wp\/v2\/tags?post=12920"}],"curies":[{"name":"wp","href":"https:\/\/api.w.org\/{rel}","templated":true}]}}