{"id":12927,"date":"2025-03-17T19:00:26","date_gmt":"2025-03-18T01:00:26","guid":{"rendered":"https:\/\/www.nexoinformativo.mx\/?p=12927"},"modified":"2025-03-17T21:24:21","modified_gmt":"2025-03-18T03:24:21","slug":"el-marques-contra-la-ilegalidad-operativos-frenan-venta-clandestina-de-alcohol-y-eventos-ilegales-2","status":"publish","type":"post","link":"https:\/\/www.nexoinformativo.mx\/index.php\/2025\/03\/17\/el-marques-contra-la-ilegalidad-operativos-frenan-venta-clandestina-de-alcohol-y-eventos-ilegales-2\/","title":{"rendered":"El Marqu\u00e9s contra la ilegalidad operativos frenan venta clandestina de alcohol y eventos ilegales"},"content":{"rendered":"<p style=\"text-align: justify;\" data-sourcepos=\"13:1-13:226\">Con el objetivo de erradicar la venta clandestina de alcohol y evitar la realizaci\u00f3n de eventos ilegales, el municipio de El Marqu\u00e9s ha intensificado sus operativos de inspecci\u00f3n y seguridad.<\/p>\n<\/p>\n<p>&nbsp;<\/p>\n<p style=\"text-align: justify;\" data-sourcepos=\"15:1-15:324\">Por \u00f3rdenes del presidente municipal, Rodrigo Monsalvo, la Direcci\u00f3n de Inspecci\u00f3n Municipal (DIM), en coordinaci\u00f3n con la Secretar\u00eda de Seguridad P\u00fablica y Tr\u00e1nsito Municipal (SSPyTM), realiz\u00f3 diversos operativos el pasado s\u00e1bado 15 de marzo, en las comunidades de El Carmen, San Isidro Miranda y San Jos\u00e9 Navajas.<\/p>\n<\/p>\n<p>&nbsp;<\/p>\n<p style=\"text-align: justify;\" data-sourcepos=\"17:1-17:201\">Como resultado de estas acciones, se decomisaron m\u00e1s de 3,300 latas de cerveza, se clausuraron dos eventos y se impidi\u00f3 la realizaci\u00f3n de uno m\u00e1s, debido a la falta de permisos municipales y estatales.<\/p>\n<\/p>\n<p>&nbsp;<\/p>\n<p style=\"text-align: justify;\" data-sourcepos=\"19:1-19:204\">En la comunidad de El Carmen, se clausur\u00f3 un lugar donde se realizaban peleas de gallos. En San Jos\u00e9 Navajas, se impidi\u00f3 la realizaci\u00f3n de un baile masivo que no contaba con los permisos correspondientes.<\/p>\n<\/p>\n<p>&nbsp;<\/p>\n<p style=\"text-align: justify;\" data-sourcepos=\"21:1-21:190\">El director de Inspecci\u00f3n Municipal de El Marqu\u00e9s, Jos\u00e9 Luis Morales Ibarra, resalt\u00f3 que la indicaci\u00f3n del alcalde es fortalecer los operativos para proteger la integridad de los habitantes.<\/p>\n<\/p>\n<p>&nbsp;<\/p>\n<p style=\"text-align: justify;\" data-sourcepos=\"23:1-23:90\">Las latas de cerveza decomisadas ser\u00e1n destruidas, cumpliendo con las normas establecidas.<\/p>\n<\/p>\n<p>&nbsp;<\/p>\n<p style=\"text-align: center;\" data-sourcepos=\"23:1-23:90\"><em><strong>\u00a1Informaci\u00f3n que transforma!<\/strong><\/em><\/p>\n","protected":false},"excerpt":{"rendered":"<p>Con el objetivo de erradicar la venta clandestina de alcohol y evitar la realizaci\u00f3n de eventos ilegales, el municipio de El Marqu\u00e9s ha intensificado sus operativos de inspecci\u00f3n y seguridad.<\/p>\n","protected":false},"author":3,"featured_media":12928,"comment_status":"open","ping_status":"open","sticky":false,"template":"","format":"standard","meta":{"footnotes":""},"categories":[65,58],"tags":[3807,149,132,131],"class_list":["post-12927","post","type-post","status-publish","format-standard","has-post-thumbnail","hentry","category-municipios","category-ultima-hora","tag-alcoholilegal","tag-elmarques","tag-operativos","tag-seguridad"],"yoast_head":"<!-- This site is optimized with the Yoast SEO plugin v25.0 - https:\/\/yoast.com\/wordpress\/plugins\/seo\/ -->\n<title>El Marqu\u00e9s contra la ilegalidad operativos frenan venta clandestina de alcohol y eventos ilegales | Nexo Informativo Santiago de Quer\u00e9taro<\/title>\n<meta name=\"description\" content=\"El Marqu\u00e9s contra la ilegalidad operativos frenan venta clandestina de alcohol y eventos ilegales\" \/>\n<meta name=\"robots\" content=\"index, follow, max-snippet:-1, max-image-preview:large, max-video-preview:-1\" \/>\n<link rel=\"canonical\" href=\"https:\/\/www.nexoinformativo.mx\/index.php\/2025\/03\/17\/el-marques-contra-la-ilegalidad-operativos-frenan-venta-clandestina-de-alcohol-y-eventos-ilegales-2\/\" \/>\n<meta property=\"og:locale\" content=\"es_MX\" \/>\n<meta property=\"og:type\" content=\"article\" \/>\n<meta property=\"og:title\" content=\"El Marqu\u00e9s contra la ilegalidad operativos frenan venta clandestina de alcohol y eventos ilegales | Nexo Informativo Santiago de Quer\u00e9taro\" \/>\n<meta property=\"og:description\" content=\"El Marqu\u00e9s contra la ilegalidad operativos frenan venta clandestina de alcohol y eventos ilegales\" \/>\n<meta property=\"og:url\" content=\"https:\/\/www.nexoinformativo.mx\/index.php\/2025\/03\/17\/el-marques-contra-la-ilegalidad-operativos-frenan-venta-clandestina-de-alcohol-y-eventos-ilegales-2\/\" \/>\n<meta property=\"og:site_name\" content=\"Nexo Informativo Santiago de Quer\u00e9taro\" \/>\n<meta property=\"article:publisher\" content=\"https:\/\/www.facebook.com\/people\/Nexo-Informativo\/61564066885511\/\" \/>\n<meta property=\"article:published_time\" content=\"2025-03-18T01:00:26+00:00\" \/>\n<meta property=\"article:modified_time\" content=\"2025-03-18T03:24:21+00:00\" \/>\n<meta property=\"og:image\" content=\"https:\/\/www.nexoinformativo.mx\/wp-content\/uploads\/2025\/03\/31b12c4f-64bd-45c0-86f9-095fe9490f8a-scaled-e1742268226756.jpg\" \/>\n\t<meta property=\"og:image:width\" content=\"800\" \/>\n\t<meta property=\"og:image:height\" content=\"533\" \/>\n\t<meta property=\"og:image:type\" content=\"image\/jpeg\" \/>\n<meta name=\"author\" content=\"Nexo Informativo\" \/>\n<meta name=\"twitter:card\" content=\"summary_large_image\" \/>\n<meta name=\"twitter:label1\" content=\"Escrito por\" \/>\n\t<meta name=\"twitter:data1\" content=\"Nexo Informativo\" \/>\n\t<meta name=\"twitter:label2\" content=\"Tiempo de lectura\" \/>\n\t<meta name=\"twitter:data2\" content=\"2 minutos\" \/>\n<script type=\"application\/ld+json\" class=\"yoast-schema-graph\">{\"@context\":\"https:\/\/schema.org\",\"@graph\":[{\"@type\":\"Article\",\"@id\":\"https:\/\/www.nexoinformativo.mx\/index.php\/2025\/03\/17\/el-marques-contra-la-ilegalidad-operativos-frenan-venta-clandestina-de-alcohol-y-eventos-ilegales-2\/#article\",\"isPartOf\":{\"@id\":\"https:\/\/www.nexoinformativo.mx\/index.php\/2025\/03\/17\/el-marques-contra-la-ilegalidad-operativos-frenan-venta-clandestina-de-alcohol-y-eventos-ilegales-2\/\"},\"author\":{\"name\":\"Nexo Informativo\",\"@id\":\"https:\/\/www.nexoinformativo.mx\/#\/schema\/person\/7749d380ba08c8ca00d7bc76fd907b7d\"},\"headline\":\"El Marqu\u00e9s contra la ilegalidad operativos frenan venta clandestina de alcohol y eventos ilegales\",\"datePublished\":\"2025-03-18T01:00:26+00:00\",\"dateModified\":\"2025-03-18T03:24:21+00:00\",\"mainEntityOfPage\":{\"@id\":\"https:\/\/www.nexoinformativo.mx\/index.php\/2025\/03\/17\/el-marques-contra-la-ilegalidad-operativos-frenan-venta-clandestina-de-alcohol-y-eventos-ilegales-2\/\"},\"wordCount\":228,\"commentCount\":0,\"publisher\":{\"@id\":\"https:\/\/www.nexoinformativo.mx\/#organization\"},\"image\":{\"@id\":\"https:\/\/www.nexoinformativo.mx\/index.php\/2025\/03\/17\/el-marques-contra-la-ilegalidad-operativos-frenan-venta-clandestina-de-alcohol-y-eventos-ilegales-2\/#primaryimage\"},\"thumbnailUrl\":\"https:\/\/www.nexoinformativo.mx\/wp-content\/uploads\/2025\/03\/31b12c4f-64bd-45c0-86f9-095fe9490f8a-scaled-e1742268226756.jpg\",\"keywords\":[\"AlcoholIlegal\",\"elmarques\",\"Operativos\",\"Seguridad\"],\"articleSection\":[\"Municipios\",\"\u00daltima Hora\"],\"inLanguage\":\"es\",\"potentialAction\":[{\"@type\":\"CommentAction\",\"name\":\"Comment\",\"target\":[\"https:\/\/www.nexoinformativo.mx\/index.php\/2025\/03\/17\/el-marques-contra-la-ilegalidad-operativos-frenan-venta-clandestina-de-alcohol-y-eventos-ilegales-2\/#respond\"]}]},{\"@type\":\"WebPage\",\"@id\":\"https:\/\/www.nexoinformativo.mx\/index.php\/2025\/03\/17\/el-marques-contra-la-ilegalidad-operativos-frenan-venta-clandestina-de-alcohol-y-eventos-ilegales-2\/\",\"url\":\"https:\/\/www.nexoinformativo.mx\/index.php\/2025\/03\/17\/el-marques-contra-la-ilegalidad-operativos-frenan-venta-clandestina-de-alcohol-y-eventos-ilegales-2\/\",\"name\":\"El Marqu\u00e9s contra la ilegalidad operativos frenan venta clandestina de alcohol y eventos ilegales | Nexo Informativo Santiago de Quer\u00e9taro\",\"isPartOf\":{\"@id\":\"https:\/\/www.nexoinformativo.mx\/#website\"},\"primaryImageOfPage\":{\"@id\":\"https:\/\/www.nexoinformativo.mx\/index.php\/2025\/03\/17\/el-marques-contra-la-ilegalidad-operativos-frenan-venta-clandestina-de-alcohol-y-eventos-ilegales-2\/#primaryimage\"},\"image\":{\"@id\":\"https:\/\/www.nexoinformativo.mx\/index.php\/2025\/03\/17\/el-marques-contra-la-ilegalidad-operativos-frenan-venta-clandestina-de-alcohol-y-eventos-ilegales-2\/#primaryimage\"},\"thumbnailUrl\":\"https:\/\/www.nexoinformativo.mx\/wp-content\/uploads\/2025\/03\/31b12c4f-64bd-45c0-86f9-095fe9490f8a-scaled-e1742268226756.jpg\",\"datePublished\":\"2025-03-18T01:00:26+00:00\",\"dateModified\":\"2025-03-18T03:24:21+00:00\",\"description\":\"El Marqu\u00e9s contra la ilegalidad operativos frenan venta clandestina de alcohol y eventos ilegales\",\"breadcrumb\":{\"@id\":\"https:\/\/www.nexoinformativo.mx\/index.php\/2025\/03\/17\/el-marques-contra-la-ilegalidad-operativos-frenan-venta-clandestina-de-alcohol-y-eventos-ilegales-2\/#breadcrumb\"},\"inLanguage\":\"es\",\"potentialAction\":[{\"@type\":\"ReadAction\",\"target\":[\"https:\/\/www.nexoinformativo.mx\/index.php\/2025\/03\/17\/el-marques-contra-la-ilegalidad-operativos-frenan-venta-clandestina-de-alcohol-y-eventos-ilegales-2\/\"]}]},{\"@type\":\"ImageObject\",\"inLanguage\":\"es\",\"@id\":\"https:\/\/www.nexoinformativo.mx\/index.php\/2025\/03\/17\/el-marques-contra-la-ilegalidad-operativos-frenan-venta-clandestina-de-alcohol-y-eventos-ilegales-2\/#primaryimage\",\"url\":\"https:\/\/www.nexoinformativo.mx\/wp-content\/uploads\/2025\/03\/31b12c4f-64bd-45c0-86f9-095fe9490f8a-scaled-e1742268226756.jpg\",\"contentUrl\":\"https:\/\/www.nexoinformativo.mx\/wp-content\/uploads\/2025\/03\/31b12c4f-64bd-45c0-86f9-095fe9490f8a-scaled-e1742268226756.jpg\",\"width\":800,\"height\":533},{\"@type\":\"BreadcrumbList\",\"@id\":\"https:\/\/www.nexoinformativo.mx\/index.php\/2025\/03\/17\/el-marques-contra-la-ilegalidad-operativos-frenan-venta-clandestina-de-alcohol-y-eventos-ilegales-2\/#breadcrumb\",\"itemListElement\":[{\"@type\":\"ListItem\",\"position\":1,\"name\":\"Inicio\",\"item\":\"https:\/\/www.nexoinformativo.mx\/\"},{\"@type\":\"ListItem\",\"position\":2,\"name\":\"El Marqu\u00e9s contra la ilegalidad operativos frenan venta clandestina de alcohol y eventos ilegales\"}]},{\"@type\":\"WebSite\",\"@id\":\"https:\/\/www.nexoinformativo.mx\/#website\",\"url\":\"https:\/\/www.nexoinformativo.mx\/\",\"name\":\"Nexo Informativo Santiago de Quer\u00e9taro\",\"description\":\"Explora NexoInformativo y convi\u00e9rtete en parte de una comunidad que valora el conocimiento y la verdad. Tu nexoinformativo es tu puente hacia una comprensi\u00f3n m\u00e1s profunda del mundo que te rodea.\",\"publisher\":{\"@id\":\"https:\/\/www.nexoinformativo.mx\/#organization\"},\"potentialAction\":[{\"@type\":\"SearchAction\",\"target\":{\"@type\":\"EntryPoint\",\"urlTemplate\":\"https:\/\/www.nexoinformativo.mx\/?s={search_term_string}\"},\"query-input\":{\"@type\":\"PropertyValueSpecification\",\"valueRequired\":true,\"valueName\":\"search_term_string\"}}],\"inLanguage\":\"es\"},{\"@type\":\"Organization\",\"@id\":\"https:\/\/www.nexoinformativo.mx\/#organization\",\"name\":\"Nexo Informativo Santiago de Quer\u00e9taro\",\"url\":\"https:\/\/www.nexoinformativo.mx\/\",\"logo\":{\"@type\":\"ImageObject\",\"inLanguage\":\"es\",\"@id\":\"https:\/\/www.nexoinformativo.mx\/#\/schema\/logo\/image\/\",\"url\":\"https:\/\/www.nexoinformativo.mx\/wp-content\/uploads\/2024\/07\/nexoi-trasparente-2.png\",\"contentUrl\":\"https:\/\/www.nexoinformativo.mx\/wp-content\/uploads\/2024\/07\/nexoi-trasparente-2.png\",\"width\":816,\"height\":339,\"caption\":\"Nexo Informativo Santiago de Quer\u00e9taro\"},\"image\":{\"@id\":\"https:\/\/www.nexoinformativo.mx\/#\/schema\/logo\/image\/\"},\"sameAs\":[\"https:\/\/www.facebook.com\/people\/Nexo-Informativo\/61564066885511\/\"]},{\"@type\":\"Person\",\"@id\":\"https:\/\/www.nexoinformativo.mx\/#\/schema\/person\/7749d380ba08c8ca00d7bc76fd907b7d\",\"name\":\"Nexo Informativo\",\"image\":{\"@type\":\"ImageObject\",\"inLanguage\":\"es\",\"@id\":\"https:\/\/www.nexoinformativo.mx\/#\/schema\/person\/image\/\",\"url\":\"https:\/\/secure.gravatar.com\/avatar\/dde2928154642a13d95f87ddf1ea9718fe2b46760a005c53e41ff5ad610704e6?s=96&d=mm&r=g\",\"contentUrl\":\"https:\/\/secure.gravatar.com\/avatar\/dde2928154642a13d95f87ddf1ea9718fe2b46760a005c53e41ff5ad610704e6?s=96&d=mm&r=g\",\"caption\":\"Nexo Informativo\"},\"url\":\"https:\/\/www.nexoinformativo.mx\/index.php\/author\/edicion\/\"}]}<\/script>\n<!-- \/ Yoast SEO plugin. -->","yoast_head_json":{"title":"El Marqu\u00e9s contra la ilegalidad operativos frenan venta clandestina de alcohol y eventos ilegales | Nexo Informativo Santiago de Quer\u00e9taro","description":"El Marqu\u00e9s contra la ilegalidad operativos frenan venta clandestina de alcohol y eventos ilegales","robots":{"index":"index","follow":"follow","max-snippet":"max-snippet:-1","max-image-preview":"max-image-preview:large","max-video-preview":"max-video-preview:-1"},"canonical":"https:\/\/www.nexoinformativo.mx\/index.php\/2025\/03\/17\/el-marques-contra-la-ilegalidad-operativos-frenan-venta-clandestina-de-alcohol-y-eventos-ilegales-2\/","og_locale":"es_MX","og_type":"article","og_title":"El Marqu\u00e9s contra la ilegalidad operativos frenan venta clandestina de alcohol y eventos ilegales | Nexo Informativo Santiago de Quer\u00e9taro","og_description":"El Marqu\u00e9s contra la ilegalidad operativos frenan venta clandestina de alcohol y eventos ilegales","og_url":"https:\/\/www.nexoinformativo.mx\/index.php\/2025\/03\/17\/el-marques-contra-la-ilegalidad-operativos-frenan-venta-clandestina-de-alcohol-y-eventos-ilegales-2\/","og_site_name":"Nexo Informativo Santiago de Quer\u00e9taro","article_publisher":"https:\/\/www.facebook.com\/people\/Nexo-Informativo\/61564066885511\/","article_published_time":"2025-03-18T01:00:26+00:00","article_modified_time":"2025-03-18T03:24:21+00:00","og_image":[{"width":800,"height":533,"url":"https:\/\/www.nexoinformativo.mx\/wp-content\/uploads\/2025\/03\/31b12c4f-64bd-45c0-86f9-095fe9490f8a-scaled-e1742268226756.jpg","type":"image\/jpeg"}],"author":"Nexo Informativo","twitter_card":"summary_large_image","twitter_misc":{"Escrito por":"Nexo Informativo","Tiempo de lectura":"2 minutos"},"schema":{"@context":"https:\/\/schema.org","@graph":[{"@type":"Article","@id":"https:\/\/www.nexoinformativo.mx\/index.php\/2025\/03\/17\/el-marques-contra-la-ilegalidad-operativos-frenan-venta-clandestina-de-alcohol-y-eventos-ilegales-2\/#article","isPartOf":{"@id":"https:\/\/www.nexoinformativo.mx\/index.php\/2025\/03\/17\/el-marques-contra-la-ilegalidad-operativos-frenan-venta-clandestina-de-alcohol-y-eventos-ilegales-2\/"},"author":{"name":"Nexo Informativo","@id":"https:\/\/www.nexoinformativo.mx\/#\/schema\/person\/7749d380ba08c8ca00d7bc76fd907b7d"},"headline":"El Marqu\u00e9s contra la ilegalidad operativos frenan venta clandestina de alcohol y eventos ilegales","datePublished":"2025-03-18T01:00:26+00:00","dateModified":"2025-03-18T03:24:21+00:00","mainEntityOfPage":{"@id":"https:\/\/www.nexoinformativo.mx\/index.php\/2025\/03\/17\/el-marques-contra-la-ilegalidad-operativos-frenan-venta-clandestina-de-alcohol-y-eventos-ilegales-2\/"},"wordCount":228,"commentCount":0,"publisher":{"@id":"https:\/\/www.nexoinformativo.mx\/#organization"},"image":{"@id":"https:\/\/www.nexoinformativo.mx\/index.php\/2025\/03\/17\/el-marques-contra-la-ilegalidad-operativos-frenan-venta-clandestina-de-alcohol-y-eventos-ilegales-2\/#primaryimage"},"thumbnailUrl":"https:\/\/www.nexoinformativo.mx\/wp-content\/uploads\/2025\/03\/31b12c4f-64bd-45c0-86f9-095fe9490f8a-scaled-e1742268226756.jpg","keywords":["AlcoholIlegal","elmarques","Operativos","Seguridad"],"articleSection":["Municipios","\u00daltima Hora"],"inLanguage":"es","potentialAction":[{"@type":"CommentAction","name":"Comment","target":["https:\/\/www.nexoinformativo.mx\/index.php\/2025\/03\/17\/el-marques-contra-la-ilegalidad-operativos-frenan-venta-clandestina-de-alcohol-y-eventos-ilegales-2\/#respond"]}]},{"@type":"WebPage","@id":"https:\/\/www.nexoinformativo.mx\/index.php\/2025\/03\/17\/el-marques-contra-la-ilegalidad-operativos-frenan-venta-clandestina-de-alcohol-y-eventos-ilegales-2\/","url":"https:\/\/www.nexoinformativo.mx\/index.php\/2025\/03\/17\/el-marques-contra-la-ilegalidad-operativos-frenan-venta-clandestina-de-alcohol-y-eventos-ilegales-2\/","name":"El Marqu\u00e9s contra la ilegalidad operativos frenan venta clandestina de alcohol y eventos ilegales | Nexo Informativo Santiago de Quer\u00e9taro","isPartOf":{"@id":"https:\/\/www.nexoinformativo.mx\/#website"},"primaryImageOfPage":{"@id":"https:\/\/www.nexoinformativo.mx\/index.php\/2025\/03\/17\/el-marques-contra-la-ilegalidad-operativos-frenan-venta-clandestina-de-alcohol-y-eventos-ilegales-2\/#primaryimage"},"image":{"@id":"https:\/\/www.nexoinformativo.mx\/index.php\/2025\/03\/17\/el-marques-contra-la-ilegalidad-operativos-frenan-venta-clandestina-de-alcohol-y-eventos-ilegales-2\/#primaryimage"},"thumbnailUrl":"https:\/\/www.nexoinformativo.mx\/wp-content\/uploads\/2025\/03\/31b12c4f-64bd-45c0-86f9-095fe9490f8a-scaled-e1742268226756.jpg","datePublished":"2025-03-18T01:00:26+00:00","dateModified":"2025-03-18T03:24:21+00:00","description":"El Marqu\u00e9s contra la ilegalidad operativos frenan venta clandestina de alcohol y eventos ilegales","breadcrumb":{"@id":"https:\/\/www.nexoinformativo.mx\/index.php\/2025\/03\/17\/el-marques-contra-la-ilegalidad-operativos-frenan-venta-clandestina-de-alcohol-y-eventos-ilegales-2\/#breadcrumb"},"inLanguage":"es","potentialAction":[{"@type":"ReadAction","target":["https:\/\/www.nexoinformativo.mx\/index.php\/2025\/03\/17\/el-marques-contra-la-ilegalidad-operativos-frenan-venta-clandestina-de-alcohol-y-eventos-ilegales-2\/"]}]},{"@type":"ImageObject","inLanguage":"es","@id":"https:\/\/www.nexoinformativo.mx\/index.php\/2025\/03\/17\/el-marques-contra-la-ilegalidad-operativos-frenan-venta-clandestina-de-alcohol-y-eventos-ilegales-2\/#primaryimage","url":"https:\/\/www.nexoinformativo.mx\/wp-content\/uploads\/2025\/03\/31b12c4f-64bd-45c0-86f9-095fe9490f8a-scaled-e1742268226756.jpg","contentUrl":"https:\/\/www.nexoinformativo.mx\/wp-content\/uploads\/2025\/03\/31b12c4f-64bd-45c0-86f9-095fe9490f8a-scaled-e1742268226756.jpg","width":800,"height":533},{"@type":"BreadcrumbList","@id":"https:\/\/www.nexoinformativo.mx\/index.php\/2025\/03\/17\/el-marques-contra-la-ilegalidad-operativos-frenan-venta-clandestina-de-alcohol-y-eventos-ilegales-2\/#breadcrumb","itemListElement":[{"@type":"ListItem","position":1,"name":"Inicio","item":"https:\/\/www.nexoinformativo.mx\/"},{"@type":"ListItem","position":2,"name":"El Marqu\u00e9s contra la ilegalidad operativos frenan venta clandestina de alcohol y eventos ilegales"}]},{"@type":"WebSite","@id":"https:\/\/www.nexoinformativo.mx\/#website","url":"https:\/\/www.nexoinformativo.mx\/","name":"Nexo Informativo Santiago de Quer\u00e9taro","description":"Explora NexoInformativo y convi\u00e9rtete en parte de una comunidad que valora el conocimiento y la verdad. Tu nexoinformativo es tu puente hacia una comprensi\u00f3n m\u00e1s profunda del mundo que te rodea.","publisher":{"@id":"https:\/\/www.nexoinformativo.mx\/#organization"},"potentialAction":[{"@type":"SearchAction","target":{"@type":"EntryPoint","urlTemplate":"https:\/\/www.nexoinformativo.mx\/?s={search_term_string}"},"query-input":{"@type":"PropertyValueSpecification","valueRequired":true,"valueName":"search_term_string"}}],"inLanguage":"es"},{"@type":"Organization","@id":"https:\/\/www.nexoinformativo.mx\/#organization","name":"Nexo Informativo Santiago de Quer\u00e9taro","url":"https:\/\/www.nexoinformativo.mx\/","logo":{"@type":"ImageObject","inLanguage":"es","@id":"https:\/\/www.nexoinformativo.mx\/#\/schema\/logo\/image\/","url":"https:\/\/www.nexoinformativo.mx\/wp-content\/uploads\/2024\/07\/nexoi-trasparente-2.png","contentUrl":"https:\/\/www.nexoinformativo.mx\/wp-content\/uploads\/2024\/07\/nexoi-trasparente-2.png","width":816,"height":339,"caption":"Nexo Informativo Santiago de Quer\u00e9taro"},"image":{"@id":"https:\/\/www.nexoinformativo.mx\/#\/schema\/logo\/image\/"},"sameAs":["https:\/\/www.facebook.com\/people\/Nexo-Informativo\/61564066885511\/"]},{"@type":"Person","@id":"https:\/\/www.nexoinformativo.mx\/#\/schema\/person\/7749d380ba08c8ca00d7bc76fd907b7d","name":"Nexo Informativo","image":{"@type":"ImageObject","inLanguage":"es","@id":"https:\/\/www.nexoinformativo.mx\/#\/schema\/person\/image\/","url":"https:\/\/secure.gravatar.com\/avatar\/dde2928154642a13d95f87ddf1ea9718fe2b46760a005c53e41ff5ad610704e6?s=96&d=mm&r=g","contentUrl":"https:\/\/secure.gravatar.com\/avatar\/dde2928154642a13d95f87ddf1ea9718fe2b46760a005c53e41ff5ad610704e6?s=96&d=mm&r=g","caption":"Nexo Informativo"},"url":"https:\/\/www.nexoinformativo.mx\/index.php\/author\/edicion\/"}]}},"_links":{"self":[{"href":"https:\/\/www.nexoinformativo.mx\/index.php\/wp-json\/wp\/v2\/posts\/12927","targetHints":{"allow":["GET"]}}],"collection":[{"href":"https:\/\/www.nexoinformativo.mx\/index.php\/wp-json\/wp\/v2\/posts"}],"about":[{"href":"https:\/\/www.nexoinformativo.mx\/index.php\/wp-json\/wp\/v2\/types\/post"}],"author":[{"embeddable":true,"href":"https:\/\/www.nexoinformativo.mx\/index.php\/wp-json\/wp\/v2\/users\/3"}],"replies":[{"embeddable":true,"href":"https:\/\/www.nexoinformativo.mx\/index.php\/wp-json\/wp\/v2\/comments?post=12927"}],"version-history":[{"count":3,"href":"https:\/\/www.nexoinformativo.mx\/index.php\/wp-json\/wp\/v2\/posts\/12927\/revisions"}],"predecessor-version":[{"id":12931,"href":"https:\/\/www.nexoinformativo.mx\/index.php\/wp-json\/wp\/v2\/posts\/12927\/revisions\/12931"}],"wp:featuredmedia":[{"embeddable":true,"href":"https:\/\/www.nexoinformativo.mx\/index.php\/wp-json\/wp\/v2\/media\/12928"}],"wp:attachment":[{"href":"https:\/\/www.nexoinformativo.mx\/index.php\/wp-json\/wp\/v2\/media?parent=12927"}],"wp:term":[{"taxonomy":"category","embeddable":true,"href":"https:\/\/www.nexoinformativo.mx\/index.php\/wp-json\/wp\/v2\/categories?post=12927"},{"taxonomy":"post_tag","embeddable":true,"href":"https:\/\/www.nexoinformativo.mx\/index.php\/wp-json\/wp\/v2\/tags?post=12927"}],"curies":[{"name":"wp","href":"https:\/\/api.w.org\/{rel}","templated":true}]}}