{"id":12939,"date":"2025-03-18T07:30:50","date_gmt":"2025-03-18T13:30:50","guid":{"rendered":"https:\/\/www.nexoinformativo.mx\/?p=12939"},"modified":"2025-03-18T09:46:56","modified_gmt":"2025-03-18T15:46:56","slug":"salud-casa-por-casa-censo-bienestar-alcanza-a-9-4-millones-de-adultos-mayores-y-personas-con-discapacidad","status":"publish","type":"post","link":"https:\/\/www.nexoinformativo.mx\/index.php\/2025\/03\/18\/salud-casa-por-casa-censo-bienestar-alcanza-a-9-4-millones-de-adultos-mayores-y-personas-con-discapacidad\/","title":{"rendered":"Salud Casa por Casa censo Bienestar alcanza a 9.4 millones de adultos mayores y personas con discapacidad"},"content":{"rendered":"<p style=\"text-align: justify;\" data-sourcepos=\"13:1-13:212\"><strong>La Secretar\u00eda de Bienestar<\/strong> inform\u00f3 sobre el avance del Censo Salud y Bienestar y la dispersi\u00f3n de pagos de pensiones y programas durante la conferencia matutina del gobierno federal.<\/p>\n<p>&nbsp;<\/p>\n<p style=\"text-align: justify;\" data-sourcepos=\"15:1-15:186\">La secretaria Ariadna Montiel Reyes detall\u00f3 que el <strong>Censo Salud Casa por Casa<\/strong> ha visitado y censado a 7 millones 100 mil 558 adultos mayores y personas con discapacidad en sus domicilios.<\/p>\n<p>&nbsp;<\/p>\n<p style=\"text-align: justify;\" data-sourcepos=\"17:1-17:218\">Adem\u00e1s, la dispersi\u00f3n bancaria de las Pensiones y Programas para el Bienestar correspondiente al bimestre marzo-abril ha alcanzado a 9.4 millones de derechohabientes, con una inversi\u00f3n social de 58.5 millones de pesos.<\/p>\n<p>&nbsp;<\/p>\n<p style=\"text-align: justify;\" data-sourcepos=\"19:1-19:196\">El pago se realiza de acuerdo con la letra del primer apellido del derechohabiente, y el calendario de pagos puede consultarse en la p\u00e1gina oficial de la Secretar\u00eda de Bienestar: gob.mx\/bienestar.<\/p>\n<p>&nbsp;<\/p>\n<p style=\"text-align: justify;\" data-sourcepos=\"21:1-21:271\">La dispersi\u00f3n bancaria se realiza de manera directa y sin intermediarios a trav\u00e9s del Banco del Bienestar. Para reponer la Tarjeta de Bienestar por robo o p\u00e9rdida, se puede llamar al n\u00famero 800 900 2000 del Banco del Bienestar o acudir al M\u00f3dulo de Bienestar m\u00e1s cercano.<\/p>\n<p>&nbsp;<\/p>\n<p style=\"text-align: center;\" data-sourcepos=\"21:1-21:271\"><em><strong>\u00a1Informaci\u00f3n que transforma!<\/strong><\/em><\/p>\n","protected":false},"excerpt":{"rendered":"<p>La Secretar\u00eda de Bienestar inform\u00f3 sobre el avance del Censo Salud y Bienestar y la dispersi\u00f3n de pagos de pensiones y programas durante la conferencia matutina del gobierno federal.<\/p>\n","protected":false},"author":3,"featured_media":12940,"comment_status":"open","ping_status":"open","sticky":false,"template":"","format":"standard","meta":{"footnotes":""},"categories":[88,58],"tags":[1420,3502,3810,3658],"class_list":["post-12939","post","type-post","status-publish","format-standard","has-post-thumbnail","hentry","category-nacional","category-ultima-hora","tag-apoyosocial","tag-bienestarmexico","tag-censosalud","tag-pensionesbienestar"],"yoast_head":"<!-- This site is optimized with the Yoast SEO plugin v25.0 - https:\/\/yoast.com\/wordpress\/plugins\/seo\/ -->\n<title>Salud Casa por Casa censo Bienestar alcanza a 9.4 millones de adultos mayores y personas con discapacidad | Nexo Informativo Santiago de Quer\u00e9taro<\/title>\n<meta name=\"description\" content=\"Salud Casa por Casa censo Bienestar alcanza a 9.4 millones de adultos mayores y personas con discapacidad\" \/>\n<meta name=\"robots\" content=\"index, follow, max-snippet:-1, max-image-preview:large, max-video-preview:-1\" \/>\n<link rel=\"canonical\" href=\"https:\/\/www.nexoinformativo.mx\/index.php\/2025\/03\/18\/salud-casa-por-casa-censo-bienestar-alcanza-a-9-4-millones-de-adultos-mayores-y-personas-con-discapacidad\/\" \/>\n<meta property=\"og:locale\" content=\"es_MX\" \/>\n<meta property=\"og:type\" content=\"article\" \/>\n<meta property=\"og:title\" content=\"Salud Casa por Casa censo Bienestar alcanza a 9.4 millones de adultos mayores y personas con discapacidad | Nexo Informativo Santiago de Quer\u00e9taro\" \/>\n<meta property=\"og:description\" content=\"Salud Casa por Casa censo Bienestar alcanza a 9.4 millones de adultos mayores y personas con discapacidad\" \/>\n<meta property=\"og:url\" content=\"https:\/\/www.nexoinformativo.mx\/index.php\/2025\/03\/18\/salud-casa-por-casa-censo-bienestar-alcanza-a-9-4-millones-de-adultos-mayores-y-personas-con-discapacidad\/\" \/>\n<meta property=\"og:site_name\" content=\"Nexo Informativo Santiago de Quer\u00e9taro\" \/>\n<meta property=\"article:publisher\" content=\"https:\/\/www.facebook.com\/people\/Nexo-Informativo\/61564066885511\/\" \/>\n<meta property=\"article:published_time\" content=\"2025-03-18T13:30:50+00:00\" \/>\n<meta property=\"article:modified_time\" content=\"2025-03-18T15:46:56+00:00\" \/>\n<meta property=\"og:image\" content=\"https:\/\/www.nexoinformativo.mx\/wp-content\/uploads\/2025\/03\/IMG_1755.jpg\" \/>\n\t<meta property=\"og:image:width\" content=\"650\" \/>\n\t<meta property=\"og:image:height\" content=\"380\" \/>\n\t<meta property=\"og:image:type\" content=\"image\/jpeg\" \/>\n<meta name=\"author\" content=\"Nexo Informativo\" \/>\n<meta name=\"twitter:card\" content=\"summary_large_image\" \/>\n<meta name=\"twitter:label1\" content=\"Escrito por\" \/>\n\t<meta name=\"twitter:data1\" content=\"Nexo Informativo\" \/>\n\t<meta name=\"twitter:label2\" content=\"Tiempo de lectura\" \/>\n\t<meta name=\"twitter:data2\" content=\"1 minuto\" \/>\n<script type=\"application\/ld+json\" class=\"yoast-schema-graph\">{\"@context\":\"https:\/\/schema.org\",\"@graph\":[{\"@type\":\"Article\",\"@id\":\"https:\/\/www.nexoinformativo.mx\/index.php\/2025\/03\/18\/salud-casa-por-casa-censo-bienestar-alcanza-a-9-4-millones-de-adultos-mayores-y-personas-con-discapacidad\/#article\",\"isPartOf\":{\"@id\":\"https:\/\/www.nexoinformativo.mx\/index.php\/2025\/03\/18\/salud-casa-por-casa-censo-bienestar-alcanza-a-9-4-millones-de-adultos-mayores-y-personas-con-discapacidad\/\"},\"author\":{\"name\":\"Nexo Informativo\",\"@id\":\"https:\/\/www.nexoinformativo.mx\/#\/schema\/person\/7749d380ba08c8ca00d7bc76fd907b7d\"},\"headline\":\"Salud Casa por Casa censo Bienestar alcanza a 9.4 millones de adultos mayores y personas con discapacidad\",\"datePublished\":\"2025-03-18T13:30:50+00:00\",\"dateModified\":\"2025-03-18T15:46:56+00:00\",\"mainEntityOfPage\":{\"@id\":\"https:\/\/www.nexoinformativo.mx\/index.php\/2025\/03\/18\/salud-casa-por-casa-censo-bienestar-alcanza-a-9-4-millones-de-adultos-mayores-y-personas-con-discapacidad\/\"},\"wordCount\":203,\"commentCount\":0,\"publisher\":{\"@id\":\"https:\/\/www.nexoinformativo.mx\/#organization\"},\"image\":{\"@id\":\"https:\/\/www.nexoinformativo.mx\/index.php\/2025\/03\/18\/salud-casa-por-casa-censo-bienestar-alcanza-a-9-4-millones-de-adultos-mayores-y-personas-con-discapacidad\/#primaryimage\"},\"thumbnailUrl\":\"https:\/\/www.nexoinformativo.mx\/wp-content\/uploads\/2025\/03\/IMG_1755.jpg\",\"keywords\":[\"ApoyoSocial\",\"BienestarM\u00e9xico\",\"CensoSalud\",\"PensionesBienestar\"],\"articleSection\":[\"Nacional\",\"\u00daltima Hora\"],\"inLanguage\":\"es\",\"potentialAction\":[{\"@type\":\"CommentAction\",\"name\":\"Comment\",\"target\":[\"https:\/\/www.nexoinformativo.mx\/index.php\/2025\/03\/18\/salud-casa-por-casa-censo-bienestar-alcanza-a-9-4-millones-de-adultos-mayores-y-personas-con-discapacidad\/#respond\"]}]},{\"@type\":\"WebPage\",\"@id\":\"https:\/\/www.nexoinformativo.mx\/index.php\/2025\/03\/18\/salud-casa-por-casa-censo-bienestar-alcanza-a-9-4-millones-de-adultos-mayores-y-personas-con-discapacidad\/\",\"url\":\"https:\/\/www.nexoinformativo.mx\/index.php\/2025\/03\/18\/salud-casa-por-casa-censo-bienestar-alcanza-a-9-4-millones-de-adultos-mayores-y-personas-con-discapacidad\/\",\"name\":\"Salud Casa por Casa censo Bienestar alcanza a 9.4 millones de adultos mayores y personas con discapacidad | Nexo Informativo Santiago de Quer\u00e9taro\",\"isPartOf\":{\"@id\":\"https:\/\/www.nexoinformativo.mx\/#website\"},\"primaryImageOfPage\":{\"@id\":\"https:\/\/www.nexoinformativo.mx\/index.php\/2025\/03\/18\/salud-casa-por-casa-censo-bienestar-alcanza-a-9-4-millones-de-adultos-mayores-y-personas-con-discapacidad\/#primaryimage\"},\"image\":{\"@id\":\"https:\/\/www.nexoinformativo.mx\/index.php\/2025\/03\/18\/salud-casa-por-casa-censo-bienestar-alcanza-a-9-4-millones-de-adultos-mayores-y-personas-con-discapacidad\/#primaryimage\"},\"thumbnailUrl\":\"https:\/\/www.nexoinformativo.mx\/wp-content\/uploads\/2025\/03\/IMG_1755.jpg\",\"datePublished\":\"2025-03-18T13:30:50+00:00\",\"dateModified\":\"2025-03-18T15:46:56+00:00\",\"description\":\"Salud Casa por Casa censo Bienestar alcanza a 9.4 millones de adultos mayores y personas con discapacidad\",\"breadcrumb\":{\"@id\":\"https:\/\/www.nexoinformativo.mx\/index.php\/2025\/03\/18\/salud-casa-por-casa-censo-bienestar-alcanza-a-9-4-millones-de-adultos-mayores-y-personas-con-discapacidad\/#breadcrumb\"},\"inLanguage\":\"es\",\"potentialAction\":[{\"@type\":\"ReadAction\",\"target\":[\"https:\/\/www.nexoinformativo.mx\/index.php\/2025\/03\/18\/salud-casa-por-casa-censo-bienestar-alcanza-a-9-4-millones-de-adultos-mayores-y-personas-con-discapacidad\/\"]}]},{\"@type\":\"ImageObject\",\"inLanguage\":\"es\",\"@id\":\"https:\/\/www.nexoinformativo.mx\/index.php\/2025\/03\/18\/salud-casa-por-casa-censo-bienestar-alcanza-a-9-4-millones-de-adultos-mayores-y-personas-con-discapacidad\/#primaryimage\",\"url\":\"https:\/\/www.nexoinformativo.mx\/wp-content\/uploads\/2025\/03\/IMG_1755.jpg\",\"contentUrl\":\"https:\/\/www.nexoinformativo.mx\/wp-content\/uploads\/2025\/03\/IMG_1755.jpg\",\"width\":650,\"height\":380},{\"@type\":\"BreadcrumbList\",\"@id\":\"https:\/\/www.nexoinformativo.mx\/index.php\/2025\/03\/18\/salud-casa-por-casa-censo-bienestar-alcanza-a-9-4-millones-de-adultos-mayores-y-personas-con-discapacidad\/#breadcrumb\",\"itemListElement\":[{\"@type\":\"ListItem\",\"position\":1,\"name\":\"Inicio\",\"item\":\"https:\/\/www.nexoinformativo.mx\/\"},{\"@type\":\"ListItem\",\"position\":2,\"name\":\"Salud Casa por Casa censo Bienestar alcanza a 9.4 millones de adultos mayores y personas con discapacidad\"}]},{\"@type\":\"WebSite\",\"@id\":\"https:\/\/www.nexoinformativo.mx\/#website\",\"url\":\"https:\/\/www.nexoinformativo.mx\/\",\"name\":\"Nexo Informativo Santiago de Quer\u00e9taro\",\"description\":\"Explora NexoInformativo y convi\u00e9rtete en parte de una comunidad que valora el conocimiento y la verdad. Tu nexoinformativo es tu puente hacia una comprensi\u00f3n m\u00e1s profunda del mundo que te rodea.\",\"publisher\":{\"@id\":\"https:\/\/www.nexoinformativo.mx\/#organization\"},\"potentialAction\":[{\"@type\":\"SearchAction\",\"target\":{\"@type\":\"EntryPoint\",\"urlTemplate\":\"https:\/\/www.nexoinformativo.mx\/?s={search_term_string}\"},\"query-input\":{\"@type\":\"PropertyValueSpecification\",\"valueRequired\":true,\"valueName\":\"search_term_string\"}}],\"inLanguage\":\"es\"},{\"@type\":\"Organization\",\"@id\":\"https:\/\/www.nexoinformativo.mx\/#organization\",\"name\":\"Nexo Informativo Santiago de Quer\u00e9taro\",\"url\":\"https:\/\/www.nexoinformativo.mx\/\",\"logo\":{\"@type\":\"ImageObject\",\"inLanguage\":\"es\",\"@id\":\"https:\/\/www.nexoinformativo.mx\/#\/schema\/logo\/image\/\",\"url\":\"https:\/\/www.nexoinformativo.mx\/wp-content\/uploads\/2024\/07\/nexoi-trasparente-2.png\",\"contentUrl\":\"https:\/\/www.nexoinformativo.mx\/wp-content\/uploads\/2024\/07\/nexoi-trasparente-2.png\",\"width\":816,\"height\":339,\"caption\":\"Nexo Informativo Santiago de Quer\u00e9taro\"},\"image\":{\"@id\":\"https:\/\/www.nexoinformativo.mx\/#\/schema\/logo\/image\/\"},\"sameAs\":[\"https:\/\/www.facebook.com\/people\/Nexo-Informativo\/61564066885511\/\"]},{\"@type\":\"Person\",\"@id\":\"https:\/\/www.nexoinformativo.mx\/#\/schema\/person\/7749d380ba08c8ca00d7bc76fd907b7d\",\"name\":\"Nexo Informativo\",\"image\":{\"@type\":\"ImageObject\",\"inLanguage\":\"es\",\"@id\":\"https:\/\/www.nexoinformativo.mx\/#\/schema\/person\/image\/\",\"url\":\"https:\/\/secure.gravatar.com\/avatar\/dde2928154642a13d95f87ddf1ea9718fe2b46760a005c53e41ff5ad610704e6?s=96&d=mm&r=g\",\"contentUrl\":\"https:\/\/secure.gravatar.com\/avatar\/dde2928154642a13d95f87ddf1ea9718fe2b46760a005c53e41ff5ad610704e6?s=96&d=mm&r=g\",\"caption\":\"Nexo Informativo\"},\"url\":\"https:\/\/www.nexoinformativo.mx\/index.php\/author\/edicion\/\"}]}<\/script>\n<!-- \/ Yoast SEO plugin. -->","yoast_head_json":{"title":"Salud Casa por Casa censo Bienestar alcanza a 9.4 millones de adultos mayores y personas con discapacidad | Nexo Informativo Santiago de Quer\u00e9taro","description":"Salud Casa por Casa censo Bienestar alcanza a 9.4 millones de adultos mayores y personas con discapacidad","robots":{"index":"index","follow":"follow","max-snippet":"max-snippet:-1","max-image-preview":"max-image-preview:large","max-video-preview":"max-video-preview:-1"},"canonical":"https:\/\/www.nexoinformativo.mx\/index.php\/2025\/03\/18\/salud-casa-por-casa-censo-bienestar-alcanza-a-9-4-millones-de-adultos-mayores-y-personas-con-discapacidad\/","og_locale":"es_MX","og_type":"article","og_title":"Salud Casa por Casa censo Bienestar alcanza a 9.4 millones de adultos mayores y personas con discapacidad | Nexo Informativo Santiago de Quer\u00e9taro","og_description":"Salud Casa por Casa censo Bienestar alcanza a 9.4 millones de adultos mayores y personas con discapacidad","og_url":"https:\/\/www.nexoinformativo.mx\/index.php\/2025\/03\/18\/salud-casa-por-casa-censo-bienestar-alcanza-a-9-4-millones-de-adultos-mayores-y-personas-con-discapacidad\/","og_site_name":"Nexo Informativo Santiago de Quer\u00e9taro","article_publisher":"https:\/\/www.facebook.com\/people\/Nexo-Informativo\/61564066885511\/","article_published_time":"2025-03-18T13:30:50+00:00","article_modified_time":"2025-03-18T15:46:56+00:00","og_image":[{"width":650,"height":380,"url":"https:\/\/www.nexoinformativo.mx\/wp-content\/uploads\/2025\/03\/IMG_1755.jpg","type":"image\/jpeg"}],"author":"Nexo Informativo","twitter_card":"summary_large_image","twitter_misc":{"Escrito por":"Nexo Informativo","Tiempo de lectura":"1 minuto"},"schema":{"@context":"https:\/\/schema.org","@graph":[{"@type":"Article","@id":"https:\/\/www.nexoinformativo.mx\/index.php\/2025\/03\/18\/salud-casa-por-casa-censo-bienestar-alcanza-a-9-4-millones-de-adultos-mayores-y-personas-con-discapacidad\/#article","isPartOf":{"@id":"https:\/\/www.nexoinformativo.mx\/index.php\/2025\/03\/18\/salud-casa-por-casa-censo-bienestar-alcanza-a-9-4-millones-de-adultos-mayores-y-personas-con-discapacidad\/"},"author":{"name":"Nexo Informativo","@id":"https:\/\/www.nexoinformativo.mx\/#\/schema\/person\/7749d380ba08c8ca00d7bc76fd907b7d"},"headline":"Salud Casa por Casa censo Bienestar alcanza a 9.4 millones de adultos mayores y personas con discapacidad","datePublished":"2025-03-18T13:30:50+00:00","dateModified":"2025-03-18T15:46:56+00:00","mainEntityOfPage":{"@id":"https:\/\/www.nexoinformativo.mx\/index.php\/2025\/03\/18\/salud-casa-por-casa-censo-bienestar-alcanza-a-9-4-millones-de-adultos-mayores-y-personas-con-discapacidad\/"},"wordCount":203,"commentCount":0,"publisher":{"@id":"https:\/\/www.nexoinformativo.mx\/#organization"},"image":{"@id":"https:\/\/www.nexoinformativo.mx\/index.php\/2025\/03\/18\/salud-casa-por-casa-censo-bienestar-alcanza-a-9-4-millones-de-adultos-mayores-y-personas-con-discapacidad\/#primaryimage"},"thumbnailUrl":"https:\/\/www.nexoinformativo.mx\/wp-content\/uploads\/2025\/03\/IMG_1755.jpg","keywords":["ApoyoSocial","BienestarM\u00e9xico","CensoSalud","PensionesBienestar"],"articleSection":["Nacional","\u00daltima Hora"],"inLanguage":"es","potentialAction":[{"@type":"CommentAction","name":"Comment","target":["https:\/\/www.nexoinformativo.mx\/index.php\/2025\/03\/18\/salud-casa-por-casa-censo-bienestar-alcanza-a-9-4-millones-de-adultos-mayores-y-personas-con-discapacidad\/#respond"]}]},{"@type":"WebPage","@id":"https:\/\/www.nexoinformativo.mx\/index.php\/2025\/03\/18\/salud-casa-por-casa-censo-bienestar-alcanza-a-9-4-millones-de-adultos-mayores-y-personas-con-discapacidad\/","url":"https:\/\/www.nexoinformativo.mx\/index.php\/2025\/03\/18\/salud-casa-por-casa-censo-bienestar-alcanza-a-9-4-millones-de-adultos-mayores-y-personas-con-discapacidad\/","name":"Salud Casa por Casa censo Bienestar alcanza a 9.4 millones de adultos mayores y personas con discapacidad | Nexo Informativo Santiago de Quer\u00e9taro","isPartOf":{"@id":"https:\/\/www.nexoinformativo.mx\/#website"},"primaryImageOfPage":{"@id":"https:\/\/www.nexoinformativo.mx\/index.php\/2025\/03\/18\/salud-casa-por-casa-censo-bienestar-alcanza-a-9-4-millones-de-adultos-mayores-y-personas-con-discapacidad\/#primaryimage"},"image":{"@id":"https:\/\/www.nexoinformativo.mx\/index.php\/2025\/03\/18\/salud-casa-por-casa-censo-bienestar-alcanza-a-9-4-millones-de-adultos-mayores-y-personas-con-discapacidad\/#primaryimage"},"thumbnailUrl":"https:\/\/www.nexoinformativo.mx\/wp-content\/uploads\/2025\/03\/IMG_1755.jpg","datePublished":"2025-03-18T13:30:50+00:00","dateModified":"2025-03-18T15:46:56+00:00","description":"Salud Casa por Casa censo Bienestar alcanza a 9.4 millones de adultos mayores y personas con discapacidad","breadcrumb":{"@id":"https:\/\/www.nexoinformativo.mx\/index.php\/2025\/03\/18\/salud-casa-por-casa-censo-bienestar-alcanza-a-9-4-millones-de-adultos-mayores-y-personas-con-discapacidad\/#breadcrumb"},"inLanguage":"es","potentialAction":[{"@type":"ReadAction","target":["https:\/\/www.nexoinformativo.mx\/index.php\/2025\/03\/18\/salud-casa-por-casa-censo-bienestar-alcanza-a-9-4-millones-de-adultos-mayores-y-personas-con-discapacidad\/"]}]},{"@type":"ImageObject","inLanguage":"es","@id":"https:\/\/www.nexoinformativo.mx\/index.php\/2025\/03\/18\/salud-casa-por-casa-censo-bienestar-alcanza-a-9-4-millones-de-adultos-mayores-y-personas-con-discapacidad\/#primaryimage","url":"https:\/\/www.nexoinformativo.mx\/wp-content\/uploads\/2025\/03\/IMG_1755.jpg","contentUrl":"https:\/\/www.nexoinformativo.mx\/wp-content\/uploads\/2025\/03\/IMG_1755.jpg","width":650,"height":380},{"@type":"BreadcrumbList","@id":"https:\/\/www.nexoinformativo.mx\/index.php\/2025\/03\/18\/salud-casa-por-casa-censo-bienestar-alcanza-a-9-4-millones-de-adultos-mayores-y-personas-con-discapacidad\/#breadcrumb","itemListElement":[{"@type":"ListItem","position":1,"name":"Inicio","item":"https:\/\/www.nexoinformativo.mx\/"},{"@type":"ListItem","position":2,"name":"Salud Casa por Casa censo Bienestar alcanza a 9.4 millones de adultos mayores y personas con discapacidad"}]},{"@type":"WebSite","@id":"https:\/\/www.nexoinformativo.mx\/#website","url":"https:\/\/www.nexoinformativo.mx\/","name":"Nexo Informativo Santiago de Quer\u00e9taro","description":"Explora NexoInformativo y convi\u00e9rtete en parte de una comunidad que valora el conocimiento y la verdad. Tu nexoinformativo es tu puente hacia una comprensi\u00f3n m\u00e1s profunda del mundo que te rodea.","publisher":{"@id":"https:\/\/www.nexoinformativo.mx\/#organization"},"potentialAction":[{"@type":"SearchAction","target":{"@type":"EntryPoint","urlTemplate":"https:\/\/www.nexoinformativo.mx\/?s={search_term_string}"},"query-input":{"@type":"PropertyValueSpecification","valueRequired":true,"valueName":"search_term_string"}}],"inLanguage":"es"},{"@type":"Organization","@id":"https:\/\/www.nexoinformativo.mx\/#organization","name":"Nexo Informativo Santiago de Quer\u00e9taro","url":"https:\/\/www.nexoinformativo.mx\/","logo":{"@type":"ImageObject","inLanguage":"es","@id":"https:\/\/www.nexoinformativo.mx\/#\/schema\/logo\/image\/","url":"https:\/\/www.nexoinformativo.mx\/wp-content\/uploads\/2024\/07\/nexoi-trasparente-2.png","contentUrl":"https:\/\/www.nexoinformativo.mx\/wp-content\/uploads\/2024\/07\/nexoi-trasparente-2.png","width":816,"height":339,"caption":"Nexo Informativo Santiago de Quer\u00e9taro"},"image":{"@id":"https:\/\/www.nexoinformativo.mx\/#\/schema\/logo\/image\/"},"sameAs":["https:\/\/www.facebook.com\/people\/Nexo-Informativo\/61564066885511\/"]},{"@type":"Person","@id":"https:\/\/www.nexoinformativo.mx\/#\/schema\/person\/7749d380ba08c8ca00d7bc76fd907b7d","name":"Nexo Informativo","image":{"@type":"ImageObject","inLanguage":"es","@id":"https:\/\/www.nexoinformativo.mx\/#\/schema\/person\/image\/","url":"https:\/\/secure.gravatar.com\/avatar\/dde2928154642a13d95f87ddf1ea9718fe2b46760a005c53e41ff5ad610704e6?s=96&d=mm&r=g","contentUrl":"https:\/\/secure.gravatar.com\/avatar\/dde2928154642a13d95f87ddf1ea9718fe2b46760a005c53e41ff5ad610704e6?s=96&d=mm&r=g","caption":"Nexo Informativo"},"url":"https:\/\/www.nexoinformativo.mx\/index.php\/author\/edicion\/"}]}},"_links":{"self":[{"href":"https:\/\/www.nexoinformativo.mx\/index.php\/wp-json\/wp\/v2\/posts\/12939","targetHints":{"allow":["GET"]}}],"collection":[{"href":"https:\/\/www.nexoinformativo.mx\/index.php\/wp-json\/wp\/v2\/posts"}],"about":[{"href":"https:\/\/www.nexoinformativo.mx\/index.php\/wp-json\/wp\/v2\/types\/post"}],"author":[{"embeddable":true,"href":"https:\/\/www.nexoinformativo.mx\/index.php\/wp-json\/wp\/v2\/users\/3"}],"replies":[{"embeddable":true,"href":"https:\/\/www.nexoinformativo.mx\/index.php\/wp-json\/wp\/v2\/comments?post=12939"}],"version-history":[{"count":4,"href":"https:\/\/www.nexoinformativo.mx\/index.php\/wp-json\/wp\/v2\/posts\/12939\/revisions"}],"predecessor-version":[{"id":12968,"href":"https:\/\/www.nexoinformativo.mx\/index.php\/wp-json\/wp\/v2\/posts\/12939\/revisions\/12968"}],"wp:featuredmedia":[{"embeddable":true,"href":"https:\/\/www.nexoinformativo.mx\/index.php\/wp-json\/wp\/v2\/media\/12940"}],"wp:attachment":[{"href":"https:\/\/www.nexoinformativo.mx\/index.php\/wp-json\/wp\/v2\/media?parent=12939"}],"wp:term":[{"taxonomy":"category","embeddable":true,"href":"https:\/\/www.nexoinformativo.mx\/index.php\/wp-json\/wp\/v2\/categories?post=12939"},{"taxonomy":"post_tag","embeddable":true,"href":"https:\/\/www.nexoinformativo.mx\/index.php\/wp-json\/wp\/v2\/tags?post=12939"}],"curies":[{"name":"wp","href":"https:\/\/api.w.org\/{rel}","templated":true}]}}