{"id":1295,"date":"2024-08-30T10:00:01","date_gmt":"2024-08-30T16:00:01","guid":{"rendered":"https:\/\/www.nexoinformativo.mx\/?p=1295"},"modified":"2024-10-21T17:46:15","modified_gmt":"2024-10-21T23:46:15","slug":"marco-del-prete-es-reelegido-como-presidente-de-la-amsde-para-el-periodo-2024-2026","status":"publish","type":"post","link":"https:\/\/www.nexoinformativo.mx\/index.php\/2024\/08\/30\/marco-del-prete-es-reelegido-como-presidente-de-la-amsde-para-el-periodo-2024-2026\/","title":{"rendered":"Marco Del Prete es reelegido como presidente de la AMSDE para el periodo 2024-2026"},"content":{"rendered":"<p style=\"text-align: justify;\">Durante la tercera asamblea de la Asociaci\u00f3n Mexicana de Secretarios de Desarrollo Econ\u00f3mico (AMSDE), Marco Antonio Del Prete Tercero, titular de la Secretar\u00eda de Desarrollo Sustentable (SEDESU) de Quer\u00e9taro, fue reelegido por unanimidad como presidente de la asociaci\u00f3n para el periodo 2024-2026. Esta decisi\u00f3n refuerza la confianza que los secretarios de desarrollo econ\u00f3mico de todo el pa\u00eds han depositado en su liderazgo y compromiso con el crecimiento econ\u00f3mico de M\u00e9xico.<\/p>\n<p>&nbsp;<\/p>\n<p style=\"text-align: justify;\">En su discurso de agradecimiento, Del Prete expres\u00f3 su orgullo por representar a la AMSDE y destac\u00f3 la importancia del rol de los servidores p\u00fablicos. &#8220;Ser presidente no solo implica un t\u00edtulo, sino el alt\u00edsimo compromiso de representarlos, de lo que me siento muy orgulloso&#8221;, subray\u00f3. Adem\u00e1s, agradeci\u00f3 a sus colegas por el apoyo recibido y reiter\u00f3 su compromiso de seguir trabajando en conjunto para cumplir los objetivos de la asociaci\u00f3n.<\/p>\n<p>&nbsp;<\/p>\n<p><img loading=\"lazy\" decoding=\"async\" class=\"alignnone size-full wp-image-1302\" src=\"https:\/\/www.nexoinformativo.mx\/wp-content\/uploads\/2024\/08\/PHOTO-2024-08-30-08-29-22-4-e1725034987229.jpg\" alt=\"\" width=\"800\" height=\"533\" \/><\/p>\n<p>&nbsp;<\/p>\n<p style=\"text-align: justify;\">Durante su gesti\u00f3n anterior, Del Prete logr\u00f3 avances significativos en la AMSDE en \u00e1reas como la financiera, legal y la ejecuci\u00f3n de proyectos. Se firmaron 12 convenios de colaboraci\u00f3n que fortalecieron la participaci\u00f3n activa de la AMSDE en diferentes sectores econ\u00f3micos tanto a nivel nacional como internacional. Estos esfuerzos han permitido una mayor vinculaci\u00f3n entre estados, clientes y proveedores, fomentando el crecimiento del mercado interno.<\/p>\n<p>&nbsp;<\/p>\n<p style=\"text-align: justify;\">Como parte de su plan de trabajo para este nuevo periodo, Del Prete se reuni\u00f3 con el pr\u00f3ximo secretario de Econom\u00eda, Marcelo Ebrard Casaub\u00f3n, para analizar el entorno econ\u00f3mico de los estados y explorar oportunidades de colaboraci\u00f3n entre la AMSDE y el gobierno federal. Esta reuni\u00f3n subraya la intenci\u00f3n de la asociaci\u00f3n de seguir siendo un actor clave en el desarrollo econ\u00f3mico del pa\u00eds, buscando sinergias que beneficien a todas las entidades federativas.<\/p>\n<p>&nbsp;<\/p>\n<p><img loading=\"lazy\" decoding=\"async\" class=\"alignnone size-full wp-image-1303\" src=\"https:\/\/www.nexoinformativo.mx\/wp-content\/uploads\/2024\/08\/PHOTO-2024-08-30-08-29-22-2-e1725035041829.jpg\" alt=\"\" width=\"800\" height=\"533\" \/><\/p>\n<p>&nbsp;<\/p>\n<p style=\"text-align: justify;\">La reelecci\u00f3n de Del Prete refleja no solo el reconocimiento a su labor, sino tambi\u00e9n la confianza en su visi\u00f3n para impulsar el desarrollo econ\u00f3mico regional y nacional en los pr\u00f3ximos a\u00f1os.<\/p>\n","protected":false},"excerpt":{"rendered":"<p>Durante la tercera asamblea de la Asociaci\u00f3n Mexicana de Secretarios de Desarrollo Econ\u00f3mico (AMSDE), Marco Antonio Del Prete Tercero, titular de la Secretar\u00eda de Desarrollo Sustentable (SEDESU) de Quer\u00e9taro, fue reelegido por unanimidad como presidente de la asociaci\u00f3n para el periodo 2024-2026. Esta decisi\u00f3n refuerza la confianza que los secretarios de desarrollo econ\u00f3mico de todo [&hellip;]<\/p>\n","protected":false},"author":3,"featured_media":1297,"comment_status":"open","ping_status":"open","sticky":false,"template":"","format":"standard","meta":{"footnotes":""},"categories":[42],"tags":[355,353,352,354,351],"class_list":["post-1295","post","type-post","status-publish","format-standard","has-post-thumbnail","hentry","category-estado","tag-colaboracioneconomica","tag-crecimientoregional","tag-desarrolloeconomico","tag-liderazgoempresarial","tag-reeleccionamsde"],"yoast_head":"<!-- This site is optimized with the Yoast SEO plugin v25.0 - https:\/\/yoast.com\/wordpress\/plugins\/seo\/ -->\n<title>Marco Del Prete es reelegido como presidente de la AMSDE para el periodo 2024-2026 | Nexo Informativo Santiago de Quer\u00e9taro<\/title>\n<meta name=\"robots\" content=\"index, follow, max-snippet:-1, max-image-preview:large, max-video-preview:-1\" \/>\n<link rel=\"canonical\" href=\"https:\/\/www.nexoinformativo.mx\/index.php\/2024\/08\/30\/marco-del-prete-es-reelegido-como-presidente-de-la-amsde-para-el-periodo-2024-2026\/\" \/>\n<meta property=\"og:locale\" content=\"es_MX\" \/>\n<meta property=\"og:type\" content=\"article\" \/>\n<meta property=\"og:title\" content=\"Marco Del Prete es reelegido como presidente de la AMSDE para el periodo 2024-2026 | Nexo Informativo Santiago de Quer\u00e9taro\" \/>\n<meta property=\"og:description\" content=\"Durante la tercera asamblea de la Asociaci\u00f3n Mexicana de Secretarios de Desarrollo Econ\u00f3mico (AMSDE), Marco Antonio Del Prete Tercero, titular de la Secretar\u00eda de Desarrollo Sustentable (SEDESU) de Quer\u00e9taro, fue reelegido por unanimidad como presidente de la asociaci\u00f3n para el periodo 2024-2026. Esta decisi\u00f3n refuerza la confianza que los secretarios de desarrollo econ\u00f3mico de todo [&hellip;]\" \/>\n<meta property=\"og:url\" content=\"https:\/\/www.nexoinformativo.mx\/index.php\/2024\/08\/30\/marco-del-prete-es-reelegido-como-presidente-de-la-amsde-para-el-periodo-2024-2026\/\" \/>\n<meta property=\"og:site_name\" content=\"Nexo Informativo Santiago de Quer\u00e9taro\" \/>\n<meta property=\"article:publisher\" content=\"https:\/\/www.facebook.com\/people\/Nexo-Informativo\/61564066885511\/\" \/>\n<meta property=\"article:published_time\" content=\"2024-08-30T16:00:01+00:00\" \/>\n<meta property=\"article:modified_time\" content=\"2024-10-21T23:46:15+00:00\" \/>\n<meta property=\"og:image\" content=\"https:\/\/www.nexoinformativo.mx\/wp-content\/uploads\/2024\/08\/PHOTO-2024-08-30-08-29-22-3-e1725034652559.jpg\" \/>\n\t<meta property=\"og:image:width\" content=\"800\" \/>\n\t<meta property=\"og:image:height\" content=\"533\" \/>\n\t<meta property=\"og:image:type\" content=\"image\/jpeg\" \/>\n<meta name=\"author\" content=\"Nexo Informativo\" \/>\n<meta name=\"twitter:card\" content=\"summary_large_image\" \/>\n<meta name=\"twitter:label1\" content=\"Escrito por\" \/>\n\t<meta name=\"twitter:data1\" content=\"Nexo Informativo\" \/>\n\t<meta name=\"twitter:label2\" content=\"Tiempo de lectura\" \/>\n\t<meta name=\"twitter:data2\" content=\"3 minutos\" \/>\n<script type=\"application\/ld+json\" class=\"yoast-schema-graph\">{\"@context\":\"https:\/\/schema.org\",\"@graph\":[{\"@type\":\"Article\",\"@id\":\"https:\/\/www.nexoinformativo.mx\/index.php\/2024\/08\/30\/marco-del-prete-es-reelegido-como-presidente-de-la-amsde-para-el-periodo-2024-2026\/#article\",\"isPartOf\":{\"@id\":\"https:\/\/www.nexoinformativo.mx\/index.php\/2024\/08\/30\/marco-del-prete-es-reelegido-como-presidente-de-la-amsde-para-el-periodo-2024-2026\/\"},\"author\":{\"name\":\"Nexo Informativo\",\"@id\":\"https:\/\/www.nexoinformativo.mx\/#\/schema\/person\/7749d380ba08c8ca00d7bc76fd907b7d\"},\"headline\":\"Marco Del Prete es reelegido como presidente de la AMSDE para el periodo 2024-2026\",\"datePublished\":\"2024-08-30T16:00:01+00:00\",\"dateModified\":\"2024-10-21T23:46:15+00:00\",\"mainEntityOfPage\":{\"@id\":\"https:\/\/www.nexoinformativo.mx\/index.php\/2024\/08\/30\/marco-del-prete-es-reelegido-como-presidente-de-la-amsde-para-el-periodo-2024-2026\/\"},\"wordCount\":367,\"commentCount\":0,\"publisher\":{\"@id\":\"https:\/\/www.nexoinformativo.mx\/#organization\"},\"image\":{\"@id\":\"https:\/\/www.nexoinformativo.mx\/index.php\/2024\/08\/30\/marco-del-prete-es-reelegido-como-presidente-de-la-amsde-para-el-periodo-2024-2026\/#primaryimage\"},\"thumbnailUrl\":\"https:\/\/www.nexoinformativo.mx\/wp-content\/uploads\/2024\/08\/PHOTO-2024-08-30-08-29-22-3-e1725034652559.jpg\",\"keywords\":[\"Colaboraci\u00f3nEcon\u00f3mica\",\"CrecimientoRegional\",\"DesarrolloEcon\u00f3mico\",\"LiderazgoEmpresarial\",\"Reelecci\u00f3nAMSDE\"],\"articleSection\":[\"Estado\"],\"inLanguage\":\"es\",\"potentialAction\":[{\"@type\":\"CommentAction\",\"name\":\"Comment\",\"target\":[\"https:\/\/www.nexoinformativo.mx\/index.php\/2024\/08\/30\/marco-del-prete-es-reelegido-como-presidente-de-la-amsde-para-el-periodo-2024-2026\/#respond\"]}]},{\"@type\":\"WebPage\",\"@id\":\"https:\/\/www.nexoinformativo.mx\/index.php\/2024\/08\/30\/marco-del-prete-es-reelegido-como-presidente-de-la-amsde-para-el-periodo-2024-2026\/\",\"url\":\"https:\/\/www.nexoinformativo.mx\/index.php\/2024\/08\/30\/marco-del-prete-es-reelegido-como-presidente-de-la-amsde-para-el-periodo-2024-2026\/\",\"name\":\"Marco Del Prete es reelegido como presidente de la AMSDE para el periodo 2024-2026 | Nexo Informativo Santiago de Quer\u00e9taro\",\"isPartOf\":{\"@id\":\"https:\/\/www.nexoinformativo.mx\/#website\"},\"primaryImageOfPage\":{\"@id\":\"https:\/\/www.nexoinformativo.mx\/index.php\/2024\/08\/30\/marco-del-prete-es-reelegido-como-presidente-de-la-amsde-para-el-periodo-2024-2026\/#primaryimage\"},\"image\":{\"@id\":\"https:\/\/www.nexoinformativo.mx\/index.php\/2024\/08\/30\/marco-del-prete-es-reelegido-como-presidente-de-la-amsde-para-el-periodo-2024-2026\/#primaryimage\"},\"thumbnailUrl\":\"https:\/\/www.nexoinformativo.mx\/wp-content\/uploads\/2024\/08\/PHOTO-2024-08-30-08-29-22-3-e1725034652559.jpg\",\"datePublished\":\"2024-08-30T16:00:01+00:00\",\"dateModified\":\"2024-10-21T23:46:15+00:00\",\"breadcrumb\":{\"@id\":\"https:\/\/www.nexoinformativo.mx\/index.php\/2024\/08\/30\/marco-del-prete-es-reelegido-como-presidente-de-la-amsde-para-el-periodo-2024-2026\/#breadcrumb\"},\"inLanguage\":\"es\",\"potentialAction\":[{\"@type\":\"ReadAction\",\"target\":[\"https:\/\/www.nexoinformativo.mx\/index.php\/2024\/08\/30\/marco-del-prete-es-reelegido-como-presidente-de-la-amsde-para-el-periodo-2024-2026\/\"]}]},{\"@type\":\"ImageObject\",\"inLanguage\":\"es\",\"@id\":\"https:\/\/www.nexoinformativo.mx\/index.php\/2024\/08\/30\/marco-del-prete-es-reelegido-como-presidente-de-la-amsde-para-el-periodo-2024-2026\/#primaryimage\",\"url\":\"https:\/\/www.nexoinformativo.mx\/wp-content\/uploads\/2024\/08\/PHOTO-2024-08-30-08-29-22-3-e1725034652559.jpg\",\"contentUrl\":\"https:\/\/www.nexoinformativo.mx\/wp-content\/uploads\/2024\/08\/PHOTO-2024-08-30-08-29-22-3-e1725034652559.jpg\",\"width\":800,\"height\":533},{\"@type\":\"BreadcrumbList\",\"@id\":\"https:\/\/www.nexoinformativo.mx\/index.php\/2024\/08\/30\/marco-del-prete-es-reelegido-como-presidente-de-la-amsde-para-el-periodo-2024-2026\/#breadcrumb\",\"itemListElement\":[{\"@type\":\"ListItem\",\"position\":1,\"name\":\"Inicio\",\"item\":\"https:\/\/www.nexoinformativo.mx\/\"},{\"@type\":\"ListItem\",\"position\":2,\"name\":\"Marco Del Prete es reelegido como presidente de la AMSDE para el periodo 2024-2026\"}]},{\"@type\":\"WebSite\",\"@id\":\"https:\/\/www.nexoinformativo.mx\/#website\",\"url\":\"https:\/\/www.nexoinformativo.mx\/\",\"name\":\"Nexo Informativo Santiago de Quer\u00e9taro\",\"description\":\"Explora NexoInformativo y convi\u00e9rtete en parte de una comunidad que valora el conocimiento y la verdad. Tu nexoinformativo es tu puente hacia una comprensi\u00f3n m\u00e1s profunda del mundo que te rodea.\",\"publisher\":{\"@id\":\"https:\/\/www.nexoinformativo.mx\/#organization\"},\"potentialAction\":[{\"@type\":\"SearchAction\",\"target\":{\"@type\":\"EntryPoint\",\"urlTemplate\":\"https:\/\/www.nexoinformativo.mx\/?s={search_term_string}\"},\"query-input\":{\"@type\":\"PropertyValueSpecification\",\"valueRequired\":true,\"valueName\":\"search_term_string\"}}],\"inLanguage\":\"es\"},{\"@type\":\"Organization\",\"@id\":\"https:\/\/www.nexoinformativo.mx\/#organization\",\"name\":\"Nexo Informativo Santiago de Quer\u00e9taro\",\"url\":\"https:\/\/www.nexoinformativo.mx\/\",\"logo\":{\"@type\":\"ImageObject\",\"inLanguage\":\"es\",\"@id\":\"https:\/\/www.nexoinformativo.mx\/#\/schema\/logo\/image\/\",\"url\":\"https:\/\/www.nexoinformativo.mx\/wp-content\/uploads\/2024\/07\/nexoi-trasparente-2.png\",\"contentUrl\":\"https:\/\/www.nexoinformativo.mx\/wp-content\/uploads\/2024\/07\/nexoi-trasparente-2.png\",\"width\":816,\"height\":339,\"caption\":\"Nexo Informativo Santiago de Quer\u00e9taro\"},\"image\":{\"@id\":\"https:\/\/www.nexoinformativo.mx\/#\/schema\/logo\/image\/\"},\"sameAs\":[\"https:\/\/www.facebook.com\/people\/Nexo-Informativo\/61564066885511\/\"]},{\"@type\":\"Person\",\"@id\":\"https:\/\/www.nexoinformativo.mx\/#\/schema\/person\/7749d380ba08c8ca00d7bc76fd907b7d\",\"name\":\"Nexo Informativo\",\"image\":{\"@type\":\"ImageObject\",\"inLanguage\":\"es\",\"@id\":\"https:\/\/www.nexoinformativo.mx\/#\/schema\/person\/image\/\",\"url\":\"https:\/\/secure.gravatar.com\/avatar\/dde2928154642a13d95f87ddf1ea9718fe2b46760a005c53e41ff5ad610704e6?s=96&d=mm&r=g\",\"contentUrl\":\"https:\/\/secure.gravatar.com\/avatar\/dde2928154642a13d95f87ddf1ea9718fe2b46760a005c53e41ff5ad610704e6?s=96&d=mm&r=g\",\"caption\":\"Nexo Informativo\"},\"url\":\"https:\/\/www.nexoinformativo.mx\/index.php\/author\/edicion\/\"}]}<\/script>\n<!-- \/ Yoast SEO plugin. -->","yoast_head_json":{"title":"Marco Del Prete es reelegido como presidente de la AMSDE para el periodo 2024-2026 | Nexo Informativo Santiago de Quer\u00e9taro","robots":{"index":"index","follow":"follow","max-snippet":"max-snippet:-1","max-image-preview":"max-image-preview:large","max-video-preview":"max-video-preview:-1"},"canonical":"https:\/\/www.nexoinformativo.mx\/index.php\/2024\/08\/30\/marco-del-prete-es-reelegido-como-presidente-de-la-amsde-para-el-periodo-2024-2026\/","og_locale":"es_MX","og_type":"article","og_title":"Marco Del Prete es reelegido como presidente de la AMSDE para el periodo 2024-2026 | Nexo Informativo Santiago de Quer\u00e9taro","og_description":"Durante la tercera asamblea de la Asociaci\u00f3n Mexicana de Secretarios de Desarrollo Econ\u00f3mico (AMSDE), Marco Antonio Del Prete Tercero, titular de la Secretar\u00eda de Desarrollo Sustentable (SEDESU) de Quer\u00e9taro, fue reelegido por unanimidad como presidente de la asociaci\u00f3n para el periodo 2024-2026. Esta decisi\u00f3n refuerza la confianza que los secretarios de desarrollo econ\u00f3mico de todo [&hellip;]","og_url":"https:\/\/www.nexoinformativo.mx\/index.php\/2024\/08\/30\/marco-del-prete-es-reelegido-como-presidente-de-la-amsde-para-el-periodo-2024-2026\/","og_site_name":"Nexo Informativo Santiago de Quer\u00e9taro","article_publisher":"https:\/\/www.facebook.com\/people\/Nexo-Informativo\/61564066885511\/","article_published_time":"2024-08-30T16:00:01+00:00","article_modified_time":"2024-10-21T23:46:15+00:00","og_image":[{"width":800,"height":533,"url":"https:\/\/www.nexoinformativo.mx\/wp-content\/uploads\/2024\/08\/PHOTO-2024-08-30-08-29-22-3-e1725034652559.jpg","type":"image\/jpeg"}],"author":"Nexo Informativo","twitter_card":"summary_large_image","twitter_misc":{"Escrito por":"Nexo Informativo","Tiempo de lectura":"3 minutos"},"schema":{"@context":"https:\/\/schema.org","@graph":[{"@type":"Article","@id":"https:\/\/www.nexoinformativo.mx\/index.php\/2024\/08\/30\/marco-del-prete-es-reelegido-como-presidente-de-la-amsde-para-el-periodo-2024-2026\/#article","isPartOf":{"@id":"https:\/\/www.nexoinformativo.mx\/index.php\/2024\/08\/30\/marco-del-prete-es-reelegido-como-presidente-de-la-amsde-para-el-periodo-2024-2026\/"},"author":{"name":"Nexo Informativo","@id":"https:\/\/www.nexoinformativo.mx\/#\/schema\/person\/7749d380ba08c8ca00d7bc76fd907b7d"},"headline":"Marco Del Prete es reelegido como presidente de la AMSDE para el periodo 2024-2026","datePublished":"2024-08-30T16:00:01+00:00","dateModified":"2024-10-21T23:46:15+00:00","mainEntityOfPage":{"@id":"https:\/\/www.nexoinformativo.mx\/index.php\/2024\/08\/30\/marco-del-prete-es-reelegido-como-presidente-de-la-amsde-para-el-periodo-2024-2026\/"},"wordCount":367,"commentCount":0,"publisher":{"@id":"https:\/\/www.nexoinformativo.mx\/#organization"},"image":{"@id":"https:\/\/www.nexoinformativo.mx\/index.php\/2024\/08\/30\/marco-del-prete-es-reelegido-como-presidente-de-la-amsde-para-el-periodo-2024-2026\/#primaryimage"},"thumbnailUrl":"https:\/\/www.nexoinformativo.mx\/wp-content\/uploads\/2024\/08\/PHOTO-2024-08-30-08-29-22-3-e1725034652559.jpg","keywords":["Colaboraci\u00f3nEcon\u00f3mica","CrecimientoRegional","DesarrolloEcon\u00f3mico","LiderazgoEmpresarial","Reelecci\u00f3nAMSDE"],"articleSection":["Estado"],"inLanguage":"es","potentialAction":[{"@type":"CommentAction","name":"Comment","target":["https:\/\/www.nexoinformativo.mx\/index.php\/2024\/08\/30\/marco-del-prete-es-reelegido-como-presidente-de-la-amsde-para-el-periodo-2024-2026\/#respond"]}]},{"@type":"WebPage","@id":"https:\/\/www.nexoinformativo.mx\/index.php\/2024\/08\/30\/marco-del-prete-es-reelegido-como-presidente-de-la-amsde-para-el-periodo-2024-2026\/","url":"https:\/\/www.nexoinformativo.mx\/index.php\/2024\/08\/30\/marco-del-prete-es-reelegido-como-presidente-de-la-amsde-para-el-periodo-2024-2026\/","name":"Marco Del Prete es reelegido como presidente de la AMSDE para el periodo 2024-2026 | Nexo Informativo Santiago de Quer\u00e9taro","isPartOf":{"@id":"https:\/\/www.nexoinformativo.mx\/#website"},"primaryImageOfPage":{"@id":"https:\/\/www.nexoinformativo.mx\/index.php\/2024\/08\/30\/marco-del-prete-es-reelegido-como-presidente-de-la-amsde-para-el-periodo-2024-2026\/#primaryimage"},"image":{"@id":"https:\/\/www.nexoinformativo.mx\/index.php\/2024\/08\/30\/marco-del-prete-es-reelegido-como-presidente-de-la-amsde-para-el-periodo-2024-2026\/#primaryimage"},"thumbnailUrl":"https:\/\/www.nexoinformativo.mx\/wp-content\/uploads\/2024\/08\/PHOTO-2024-08-30-08-29-22-3-e1725034652559.jpg","datePublished":"2024-08-30T16:00:01+00:00","dateModified":"2024-10-21T23:46:15+00:00","breadcrumb":{"@id":"https:\/\/www.nexoinformativo.mx\/index.php\/2024\/08\/30\/marco-del-prete-es-reelegido-como-presidente-de-la-amsde-para-el-periodo-2024-2026\/#breadcrumb"},"inLanguage":"es","potentialAction":[{"@type":"ReadAction","target":["https:\/\/www.nexoinformativo.mx\/index.php\/2024\/08\/30\/marco-del-prete-es-reelegido-como-presidente-de-la-amsde-para-el-periodo-2024-2026\/"]}]},{"@type":"ImageObject","inLanguage":"es","@id":"https:\/\/www.nexoinformativo.mx\/index.php\/2024\/08\/30\/marco-del-prete-es-reelegido-como-presidente-de-la-amsde-para-el-periodo-2024-2026\/#primaryimage","url":"https:\/\/www.nexoinformativo.mx\/wp-content\/uploads\/2024\/08\/PHOTO-2024-08-30-08-29-22-3-e1725034652559.jpg","contentUrl":"https:\/\/www.nexoinformativo.mx\/wp-content\/uploads\/2024\/08\/PHOTO-2024-08-30-08-29-22-3-e1725034652559.jpg","width":800,"height":533},{"@type":"BreadcrumbList","@id":"https:\/\/www.nexoinformativo.mx\/index.php\/2024\/08\/30\/marco-del-prete-es-reelegido-como-presidente-de-la-amsde-para-el-periodo-2024-2026\/#breadcrumb","itemListElement":[{"@type":"ListItem","position":1,"name":"Inicio","item":"https:\/\/www.nexoinformativo.mx\/"},{"@type":"ListItem","position":2,"name":"Marco Del Prete es reelegido como presidente de la AMSDE para el periodo 2024-2026"}]},{"@type":"WebSite","@id":"https:\/\/www.nexoinformativo.mx\/#website","url":"https:\/\/www.nexoinformativo.mx\/","name":"Nexo Informativo Santiago de Quer\u00e9taro","description":"Explora NexoInformativo y convi\u00e9rtete en parte de una comunidad que valora el conocimiento y la verdad. Tu nexoinformativo es tu puente hacia una comprensi\u00f3n m\u00e1s profunda del mundo que te rodea.","publisher":{"@id":"https:\/\/www.nexoinformativo.mx\/#organization"},"potentialAction":[{"@type":"SearchAction","target":{"@type":"EntryPoint","urlTemplate":"https:\/\/www.nexoinformativo.mx\/?s={search_term_string}"},"query-input":{"@type":"PropertyValueSpecification","valueRequired":true,"valueName":"search_term_string"}}],"inLanguage":"es"},{"@type":"Organization","@id":"https:\/\/www.nexoinformativo.mx\/#organization","name":"Nexo Informativo Santiago de Quer\u00e9taro","url":"https:\/\/www.nexoinformativo.mx\/","logo":{"@type":"ImageObject","inLanguage":"es","@id":"https:\/\/www.nexoinformativo.mx\/#\/schema\/logo\/image\/","url":"https:\/\/www.nexoinformativo.mx\/wp-content\/uploads\/2024\/07\/nexoi-trasparente-2.png","contentUrl":"https:\/\/www.nexoinformativo.mx\/wp-content\/uploads\/2024\/07\/nexoi-trasparente-2.png","width":816,"height":339,"caption":"Nexo Informativo Santiago de Quer\u00e9taro"},"image":{"@id":"https:\/\/www.nexoinformativo.mx\/#\/schema\/logo\/image\/"},"sameAs":["https:\/\/www.facebook.com\/people\/Nexo-Informativo\/61564066885511\/"]},{"@type":"Person","@id":"https:\/\/www.nexoinformativo.mx\/#\/schema\/person\/7749d380ba08c8ca00d7bc76fd907b7d","name":"Nexo Informativo","image":{"@type":"ImageObject","inLanguage":"es","@id":"https:\/\/www.nexoinformativo.mx\/#\/schema\/person\/image\/","url":"https:\/\/secure.gravatar.com\/avatar\/dde2928154642a13d95f87ddf1ea9718fe2b46760a005c53e41ff5ad610704e6?s=96&d=mm&r=g","contentUrl":"https:\/\/secure.gravatar.com\/avatar\/dde2928154642a13d95f87ddf1ea9718fe2b46760a005c53e41ff5ad610704e6?s=96&d=mm&r=g","caption":"Nexo Informativo"},"url":"https:\/\/www.nexoinformativo.mx\/index.php\/author\/edicion\/"}]}},"_links":{"self":[{"href":"https:\/\/www.nexoinformativo.mx\/index.php\/wp-json\/wp\/v2\/posts\/1295","targetHints":{"allow":["GET"]}}],"collection":[{"href":"https:\/\/www.nexoinformativo.mx\/index.php\/wp-json\/wp\/v2\/posts"}],"about":[{"href":"https:\/\/www.nexoinformativo.mx\/index.php\/wp-json\/wp\/v2\/types\/post"}],"author":[{"embeddable":true,"href":"https:\/\/www.nexoinformativo.mx\/index.php\/wp-json\/wp\/v2\/users\/3"}],"replies":[{"embeddable":true,"href":"https:\/\/www.nexoinformativo.mx\/index.php\/wp-json\/wp\/v2\/comments?post=1295"}],"version-history":[{"count":6,"href":"https:\/\/www.nexoinformativo.mx\/index.php\/wp-json\/wp\/v2\/posts\/1295\/revisions"}],"predecessor-version":[{"id":1305,"href":"https:\/\/www.nexoinformativo.mx\/index.php\/wp-json\/wp\/v2\/posts\/1295\/revisions\/1305"}],"wp:featuredmedia":[{"embeddable":true,"href":"https:\/\/www.nexoinformativo.mx\/index.php\/wp-json\/wp\/v2\/media\/1297"}],"wp:attachment":[{"href":"https:\/\/www.nexoinformativo.mx\/index.php\/wp-json\/wp\/v2\/media?parent=1295"}],"wp:term":[{"taxonomy":"category","embeddable":true,"href":"https:\/\/www.nexoinformativo.mx\/index.php\/wp-json\/wp\/v2\/categories?post=1295"},{"taxonomy":"post_tag","embeddable":true,"href":"https:\/\/www.nexoinformativo.mx\/index.php\/wp-json\/wp\/v2\/tags?post=1295"}],"curies":[{"name":"wp","href":"https:\/\/api.w.org\/{rel}","templated":true}]}}