{"id":12978,"date":"2025-03-18T11:00:45","date_gmt":"2025-03-18T17:00:45","guid":{"rendered":"https:\/\/www.nexoinformativo.mx\/?p=12978"},"modified":"2025-03-18T13:21:11","modified_gmt":"2025-03-18T19:21:11","slug":"acusaciones-graves-exabogado-acusa-a-gilberto-herrera-de-amenazas-y-uso-indebido-de-recursos","status":"publish","type":"post","link":"https:\/\/www.nexoinformativo.mx\/index.php\/2025\/03\/18\/acusaciones-graves-exabogado-acusa-a-gilberto-herrera-de-amenazas-y-uso-indebido-de-recursos\/","title":{"rendered":"Acusaciones graves ex abogado acusa a Gilberto Herrera de amenazas y uso indebido de recursos"},"content":{"rendered":"<p style=\"text-align: justify;\" data-sourcepos=\"13:1-13:261\">Iv\u00e1n Fabela, ex abogado y ex colaborador del diputado federal Gilberto Herrera, ha presentado una denuncia formal en la que acusa al legislador de amenazas de muerte y de manipular situaciones sociales para su beneficio pol\u00edtico.<\/p>\n<p>&nbsp;<\/p>\n<p style=\"text-align: justify;\" data-sourcepos=\"15:1-15:266\">En una rueda de prensa, Fabela detall\u00f3 que Herrera orquesta situaciones de caos social para victimizarse y simula resolver problemas para ganar visibilidad pol\u00edtica dentro de su partido. El abogado tambi\u00e9n acus\u00f3 a Herrera de incumplir promesas y traicionar acuerdos.<\/p>\n<p>&nbsp;<\/p>\n<p style=\"text-align: justify;\" data-sourcepos=\"17:1-17:305\">Fabela relat\u00f3 que Herrera le pidi\u00f3 intervenir en el caso de Cuauht\u00e9moc Galindo, involucrado en disturbios en 2022, y que tras lograr su liberaci\u00f3n, Herrera se apropi\u00f3 del cr\u00e9dito pol\u00edtico. Adem\u00e1s, denunci\u00f3 que Herrera organiz\u00f3 marchas utilizando recursos p\u00fablicos y personal de la Secretar\u00eda de Bienestar.<\/p>\n<p>&nbsp;<\/p>\n<p style=\"text-align: justify;\" data-sourcepos=\"19:1-19:165\">El excolaborador afirm\u00f3 que tiene conocimiento de estos hechos porque trabaj\u00f3 directamente con Herrera como asesor jur\u00eddico, y que renunci\u00f3 al cargo por desacuerdos.<\/p>\n<p>&nbsp;<\/p>\n<p style=\"text-align: justify;\" data-sourcepos=\"21:1-21:346\">Fabela tambi\u00e9n denunci\u00f3 que personas involucradas en estas acciones forman parte de la n\u00f3mina de Herrera.<\/p>\n<p>&nbsp;<\/p>\n<p style=\"text-align: justify;\" data-sourcepos=\"21:1-21:346\">Adem\u00e1s, acus\u00f3 a Herrera y a su equipo de amenazar de muerte a su hermano, lo que ha llevado a la presentaci\u00f3n de denuncias ante la Fiscal\u00eda General del Estado y la Fiscal\u00eda General de la Rep\u00fablica, y a la obtenci\u00f3n de medidas de protecci\u00f3n.<\/p>\n<p>&nbsp;<\/p>\n<p style=\"text-align: center;\" data-sourcepos=\"21:1-21:346\"><em><strong>\u00a1Informaci\u00f3n que transforma!<\/strong><\/em><\/p>\n","protected":false},"excerpt":{"rendered":"<p>Iv\u00e1n Fabela, exabogado y excolaborador del diputado federal Gilberto Herrera, ha presentado una denuncia formal en la que acusa al legislador de amenazas de muerte y de manipular situaciones sociales para su beneficio pol\u00edtico.<\/p>\n","protected":false},"author":3,"featured_media":12979,"comment_status":"open","ping_status":"open","sticky":false,"template":"","format":"standard","meta":{"footnotes":""},"categories":[42,21,58],"tags":[1630,2513,3817,133],"class_list":["post-12978","post","type-post","status-publish","format-standard","has-post-thumbnail","hentry","category-estado","category-politica","category-ultima-hora","tag-corrupcion","tag-denuncia","tag-gilbertoherrera","tag-queretaro"],"yoast_head":"<!-- This site is optimized with the Yoast SEO plugin v25.0 - https:\/\/yoast.com\/wordpress\/plugins\/seo\/ -->\n<title>Acusaciones graves ex abogado acusa a Gilberto Herrera de amenazas y uso indebido de recursos | Nexo Informativo Santiago de Quer\u00e9taro<\/title>\n<meta name=\"description\" content=\"Acusaciones graves Exabogado acusa a Gilberto Herrera de amenazas y uso indebido de recursos\" \/>\n<meta name=\"robots\" content=\"index, follow, max-snippet:-1, max-image-preview:large, max-video-preview:-1\" \/>\n<link rel=\"canonical\" href=\"https:\/\/www.nexoinformativo.mx\/index.php\/2025\/03\/18\/acusaciones-graves-exabogado-acusa-a-gilberto-herrera-de-amenazas-y-uso-indebido-de-recursos\/\" \/>\n<meta property=\"og:locale\" content=\"es_MX\" \/>\n<meta property=\"og:type\" content=\"article\" \/>\n<meta property=\"og:title\" content=\"Acusaciones graves ex abogado acusa a Gilberto Herrera de amenazas y uso indebido de recursos | Nexo Informativo Santiago de Quer\u00e9taro\" \/>\n<meta property=\"og:description\" content=\"Acusaciones graves Exabogado acusa a Gilberto Herrera de amenazas y uso indebido de recursos\" \/>\n<meta property=\"og:url\" content=\"https:\/\/www.nexoinformativo.mx\/index.php\/2025\/03\/18\/acusaciones-graves-exabogado-acusa-a-gilberto-herrera-de-amenazas-y-uso-indebido-de-recursos\/\" \/>\n<meta property=\"og:site_name\" content=\"Nexo Informativo Santiago de Quer\u00e9taro\" \/>\n<meta property=\"article:publisher\" content=\"https:\/\/www.facebook.com\/people\/Nexo-Informativo\/61564066885511\/\" \/>\n<meta property=\"article:published_time\" content=\"2025-03-18T17:00:45+00:00\" \/>\n<meta property=\"article:modified_time\" content=\"2025-03-18T19:21:11+00:00\" \/>\n<meta property=\"og:image\" content=\"https:\/\/www.nexoinformativo.mx\/wp-content\/uploads\/2025\/03\/e996014c-7463-4394-8294-e80b46afc846-e1742325546986.jpg\" \/>\n\t<meta property=\"og:image:width\" content=\"800\" \/>\n\t<meta property=\"og:image:height\" content=\"600\" \/>\n\t<meta property=\"og:image:type\" content=\"image\/jpeg\" \/>\n<meta name=\"author\" content=\"Nexo Informativo\" \/>\n<meta name=\"twitter:card\" content=\"summary_large_image\" \/>\n<meta name=\"twitter:label1\" content=\"Escrito por\" \/>\n\t<meta name=\"twitter:data1\" content=\"Nexo Informativo\" \/>\n\t<meta name=\"twitter:label2\" content=\"Tiempo de lectura\" \/>\n\t<meta name=\"twitter:data2\" content=\"2 minutos\" \/>\n<script type=\"application\/ld+json\" class=\"yoast-schema-graph\">{\"@context\":\"https:\/\/schema.org\",\"@graph\":[{\"@type\":\"Article\",\"@id\":\"https:\/\/www.nexoinformativo.mx\/index.php\/2025\/03\/18\/acusaciones-graves-exabogado-acusa-a-gilberto-herrera-de-amenazas-y-uso-indebido-de-recursos\/#article\",\"isPartOf\":{\"@id\":\"https:\/\/www.nexoinformativo.mx\/index.php\/2025\/03\/18\/acusaciones-graves-exabogado-acusa-a-gilberto-herrera-de-amenazas-y-uso-indebido-de-recursos\/\"},\"author\":{\"name\":\"Nexo Informativo\",\"@id\":\"https:\/\/www.nexoinformativo.mx\/#\/schema\/person\/7749d380ba08c8ca00d7bc76fd907b7d\"},\"headline\":\"Acusaciones graves ex abogado acusa a Gilberto Herrera de amenazas y uso indebido de recursos\",\"datePublished\":\"2025-03-18T17:00:45+00:00\",\"dateModified\":\"2025-03-18T19:21:11+00:00\",\"mainEntityOfPage\":{\"@id\":\"https:\/\/www.nexoinformativo.mx\/index.php\/2025\/03\/18\/acusaciones-graves-exabogado-acusa-a-gilberto-herrera-de-amenazas-y-uso-indebido-de-recursos\/\"},\"wordCount\":252,\"commentCount\":0,\"publisher\":{\"@id\":\"https:\/\/www.nexoinformativo.mx\/#organization\"},\"image\":{\"@id\":\"https:\/\/www.nexoinformativo.mx\/index.php\/2025\/03\/18\/acusaciones-graves-exabogado-acusa-a-gilberto-herrera-de-amenazas-y-uso-indebido-de-recursos\/#primaryimage\"},\"thumbnailUrl\":\"https:\/\/www.nexoinformativo.mx\/wp-content\/uploads\/2025\/03\/e996014c-7463-4394-8294-e80b46afc846-e1742325546986.jpg\",\"keywords\":[\"Corrupci\u00f3n\",\"Denuncia\",\"GilbertoHerrera\",\"Quer\u00e9taro\"],\"articleSection\":[\"Estado\",\"Pol\u00edtica\",\"\u00daltima Hora\"],\"inLanguage\":\"es\",\"potentialAction\":[{\"@type\":\"CommentAction\",\"name\":\"Comment\",\"target\":[\"https:\/\/www.nexoinformativo.mx\/index.php\/2025\/03\/18\/acusaciones-graves-exabogado-acusa-a-gilberto-herrera-de-amenazas-y-uso-indebido-de-recursos\/#respond\"]}]},{\"@type\":\"WebPage\",\"@id\":\"https:\/\/www.nexoinformativo.mx\/index.php\/2025\/03\/18\/acusaciones-graves-exabogado-acusa-a-gilberto-herrera-de-amenazas-y-uso-indebido-de-recursos\/\",\"url\":\"https:\/\/www.nexoinformativo.mx\/index.php\/2025\/03\/18\/acusaciones-graves-exabogado-acusa-a-gilberto-herrera-de-amenazas-y-uso-indebido-de-recursos\/\",\"name\":\"Acusaciones graves ex abogado acusa a Gilberto Herrera de amenazas y uso indebido de recursos | Nexo Informativo Santiago de Quer\u00e9taro\",\"isPartOf\":{\"@id\":\"https:\/\/www.nexoinformativo.mx\/#website\"},\"primaryImageOfPage\":{\"@id\":\"https:\/\/www.nexoinformativo.mx\/index.php\/2025\/03\/18\/acusaciones-graves-exabogado-acusa-a-gilberto-herrera-de-amenazas-y-uso-indebido-de-recursos\/#primaryimage\"},\"image\":{\"@id\":\"https:\/\/www.nexoinformativo.mx\/index.php\/2025\/03\/18\/acusaciones-graves-exabogado-acusa-a-gilberto-herrera-de-amenazas-y-uso-indebido-de-recursos\/#primaryimage\"},\"thumbnailUrl\":\"https:\/\/www.nexoinformativo.mx\/wp-content\/uploads\/2025\/03\/e996014c-7463-4394-8294-e80b46afc846-e1742325546986.jpg\",\"datePublished\":\"2025-03-18T17:00:45+00:00\",\"dateModified\":\"2025-03-18T19:21:11+00:00\",\"description\":\"Acusaciones graves Exabogado acusa a Gilberto Herrera de amenazas y uso indebido de recursos\",\"breadcrumb\":{\"@id\":\"https:\/\/www.nexoinformativo.mx\/index.php\/2025\/03\/18\/acusaciones-graves-exabogado-acusa-a-gilberto-herrera-de-amenazas-y-uso-indebido-de-recursos\/#breadcrumb\"},\"inLanguage\":\"es\",\"potentialAction\":[{\"@type\":\"ReadAction\",\"target\":[\"https:\/\/www.nexoinformativo.mx\/index.php\/2025\/03\/18\/acusaciones-graves-exabogado-acusa-a-gilberto-herrera-de-amenazas-y-uso-indebido-de-recursos\/\"]}]},{\"@type\":\"ImageObject\",\"inLanguage\":\"es\",\"@id\":\"https:\/\/www.nexoinformativo.mx\/index.php\/2025\/03\/18\/acusaciones-graves-exabogado-acusa-a-gilberto-herrera-de-amenazas-y-uso-indebido-de-recursos\/#primaryimage\",\"url\":\"https:\/\/www.nexoinformativo.mx\/wp-content\/uploads\/2025\/03\/e996014c-7463-4394-8294-e80b46afc846-e1742325546986.jpg\",\"contentUrl\":\"https:\/\/www.nexoinformativo.mx\/wp-content\/uploads\/2025\/03\/e996014c-7463-4394-8294-e80b46afc846-e1742325546986.jpg\",\"width\":800,\"height\":600},{\"@type\":\"BreadcrumbList\",\"@id\":\"https:\/\/www.nexoinformativo.mx\/index.php\/2025\/03\/18\/acusaciones-graves-exabogado-acusa-a-gilberto-herrera-de-amenazas-y-uso-indebido-de-recursos\/#breadcrumb\",\"itemListElement\":[{\"@type\":\"ListItem\",\"position\":1,\"name\":\"Inicio\",\"item\":\"https:\/\/www.nexoinformativo.mx\/\"},{\"@type\":\"ListItem\",\"position\":2,\"name\":\"Acusaciones graves ex abogado acusa a Gilberto Herrera de amenazas y uso indebido de recursos\"}]},{\"@type\":\"WebSite\",\"@id\":\"https:\/\/www.nexoinformativo.mx\/#website\",\"url\":\"https:\/\/www.nexoinformativo.mx\/\",\"name\":\"Nexo Informativo Santiago de Quer\u00e9taro\",\"description\":\"Explora NexoInformativo y convi\u00e9rtete en parte de una comunidad que valora el conocimiento y la verdad. Tu nexoinformativo es tu puente hacia una comprensi\u00f3n m\u00e1s profunda del mundo que te rodea.\",\"publisher\":{\"@id\":\"https:\/\/www.nexoinformativo.mx\/#organization\"},\"potentialAction\":[{\"@type\":\"SearchAction\",\"target\":{\"@type\":\"EntryPoint\",\"urlTemplate\":\"https:\/\/www.nexoinformativo.mx\/?s={search_term_string}\"},\"query-input\":{\"@type\":\"PropertyValueSpecification\",\"valueRequired\":true,\"valueName\":\"search_term_string\"}}],\"inLanguage\":\"es\"},{\"@type\":\"Organization\",\"@id\":\"https:\/\/www.nexoinformativo.mx\/#organization\",\"name\":\"Nexo Informativo Santiago de Quer\u00e9taro\",\"url\":\"https:\/\/www.nexoinformativo.mx\/\",\"logo\":{\"@type\":\"ImageObject\",\"inLanguage\":\"es\",\"@id\":\"https:\/\/www.nexoinformativo.mx\/#\/schema\/logo\/image\/\",\"url\":\"https:\/\/www.nexoinformativo.mx\/wp-content\/uploads\/2024\/07\/nexoi-trasparente-2.png\",\"contentUrl\":\"https:\/\/www.nexoinformativo.mx\/wp-content\/uploads\/2024\/07\/nexoi-trasparente-2.png\",\"width\":816,\"height\":339,\"caption\":\"Nexo Informativo Santiago de Quer\u00e9taro\"},\"image\":{\"@id\":\"https:\/\/www.nexoinformativo.mx\/#\/schema\/logo\/image\/\"},\"sameAs\":[\"https:\/\/www.facebook.com\/people\/Nexo-Informativo\/61564066885511\/\"]},{\"@type\":\"Person\",\"@id\":\"https:\/\/www.nexoinformativo.mx\/#\/schema\/person\/7749d380ba08c8ca00d7bc76fd907b7d\",\"name\":\"Nexo Informativo\",\"image\":{\"@type\":\"ImageObject\",\"inLanguage\":\"es\",\"@id\":\"https:\/\/www.nexoinformativo.mx\/#\/schema\/person\/image\/\",\"url\":\"https:\/\/secure.gravatar.com\/avatar\/dde2928154642a13d95f87ddf1ea9718fe2b46760a005c53e41ff5ad610704e6?s=96&d=mm&r=g\",\"contentUrl\":\"https:\/\/secure.gravatar.com\/avatar\/dde2928154642a13d95f87ddf1ea9718fe2b46760a005c53e41ff5ad610704e6?s=96&d=mm&r=g\",\"caption\":\"Nexo Informativo\"},\"url\":\"https:\/\/www.nexoinformativo.mx\/index.php\/author\/edicion\/\"}]}<\/script>\n<!-- \/ Yoast SEO plugin. -->","yoast_head_json":{"title":"Acusaciones graves ex abogado acusa a Gilberto Herrera de amenazas y uso indebido de recursos | Nexo Informativo Santiago de Quer\u00e9taro","description":"Acusaciones graves Exabogado acusa a Gilberto Herrera de amenazas y uso indebido de recursos","robots":{"index":"index","follow":"follow","max-snippet":"max-snippet:-1","max-image-preview":"max-image-preview:large","max-video-preview":"max-video-preview:-1"},"canonical":"https:\/\/www.nexoinformativo.mx\/index.php\/2025\/03\/18\/acusaciones-graves-exabogado-acusa-a-gilberto-herrera-de-amenazas-y-uso-indebido-de-recursos\/","og_locale":"es_MX","og_type":"article","og_title":"Acusaciones graves ex abogado acusa a Gilberto Herrera de amenazas y uso indebido de recursos | Nexo Informativo Santiago de Quer\u00e9taro","og_description":"Acusaciones graves Exabogado acusa a Gilberto Herrera de amenazas y uso indebido de recursos","og_url":"https:\/\/www.nexoinformativo.mx\/index.php\/2025\/03\/18\/acusaciones-graves-exabogado-acusa-a-gilberto-herrera-de-amenazas-y-uso-indebido-de-recursos\/","og_site_name":"Nexo Informativo Santiago de Quer\u00e9taro","article_publisher":"https:\/\/www.facebook.com\/people\/Nexo-Informativo\/61564066885511\/","article_published_time":"2025-03-18T17:00:45+00:00","article_modified_time":"2025-03-18T19:21:11+00:00","og_image":[{"width":800,"height":600,"url":"https:\/\/www.nexoinformativo.mx\/wp-content\/uploads\/2025\/03\/e996014c-7463-4394-8294-e80b46afc846-e1742325546986.jpg","type":"image\/jpeg"}],"author":"Nexo Informativo","twitter_card":"summary_large_image","twitter_misc":{"Escrito por":"Nexo Informativo","Tiempo de lectura":"2 minutos"},"schema":{"@context":"https:\/\/schema.org","@graph":[{"@type":"Article","@id":"https:\/\/www.nexoinformativo.mx\/index.php\/2025\/03\/18\/acusaciones-graves-exabogado-acusa-a-gilberto-herrera-de-amenazas-y-uso-indebido-de-recursos\/#article","isPartOf":{"@id":"https:\/\/www.nexoinformativo.mx\/index.php\/2025\/03\/18\/acusaciones-graves-exabogado-acusa-a-gilberto-herrera-de-amenazas-y-uso-indebido-de-recursos\/"},"author":{"name":"Nexo Informativo","@id":"https:\/\/www.nexoinformativo.mx\/#\/schema\/person\/7749d380ba08c8ca00d7bc76fd907b7d"},"headline":"Acusaciones graves ex abogado acusa a Gilberto Herrera de amenazas y uso indebido de recursos","datePublished":"2025-03-18T17:00:45+00:00","dateModified":"2025-03-18T19:21:11+00:00","mainEntityOfPage":{"@id":"https:\/\/www.nexoinformativo.mx\/index.php\/2025\/03\/18\/acusaciones-graves-exabogado-acusa-a-gilberto-herrera-de-amenazas-y-uso-indebido-de-recursos\/"},"wordCount":252,"commentCount":0,"publisher":{"@id":"https:\/\/www.nexoinformativo.mx\/#organization"},"image":{"@id":"https:\/\/www.nexoinformativo.mx\/index.php\/2025\/03\/18\/acusaciones-graves-exabogado-acusa-a-gilberto-herrera-de-amenazas-y-uso-indebido-de-recursos\/#primaryimage"},"thumbnailUrl":"https:\/\/www.nexoinformativo.mx\/wp-content\/uploads\/2025\/03\/e996014c-7463-4394-8294-e80b46afc846-e1742325546986.jpg","keywords":["Corrupci\u00f3n","Denuncia","GilbertoHerrera","Quer\u00e9taro"],"articleSection":["Estado","Pol\u00edtica","\u00daltima Hora"],"inLanguage":"es","potentialAction":[{"@type":"CommentAction","name":"Comment","target":["https:\/\/www.nexoinformativo.mx\/index.php\/2025\/03\/18\/acusaciones-graves-exabogado-acusa-a-gilberto-herrera-de-amenazas-y-uso-indebido-de-recursos\/#respond"]}]},{"@type":"WebPage","@id":"https:\/\/www.nexoinformativo.mx\/index.php\/2025\/03\/18\/acusaciones-graves-exabogado-acusa-a-gilberto-herrera-de-amenazas-y-uso-indebido-de-recursos\/","url":"https:\/\/www.nexoinformativo.mx\/index.php\/2025\/03\/18\/acusaciones-graves-exabogado-acusa-a-gilberto-herrera-de-amenazas-y-uso-indebido-de-recursos\/","name":"Acusaciones graves ex abogado acusa a Gilberto Herrera de amenazas y uso indebido de recursos | Nexo Informativo Santiago de Quer\u00e9taro","isPartOf":{"@id":"https:\/\/www.nexoinformativo.mx\/#website"},"primaryImageOfPage":{"@id":"https:\/\/www.nexoinformativo.mx\/index.php\/2025\/03\/18\/acusaciones-graves-exabogado-acusa-a-gilberto-herrera-de-amenazas-y-uso-indebido-de-recursos\/#primaryimage"},"image":{"@id":"https:\/\/www.nexoinformativo.mx\/index.php\/2025\/03\/18\/acusaciones-graves-exabogado-acusa-a-gilberto-herrera-de-amenazas-y-uso-indebido-de-recursos\/#primaryimage"},"thumbnailUrl":"https:\/\/www.nexoinformativo.mx\/wp-content\/uploads\/2025\/03\/e996014c-7463-4394-8294-e80b46afc846-e1742325546986.jpg","datePublished":"2025-03-18T17:00:45+00:00","dateModified":"2025-03-18T19:21:11+00:00","description":"Acusaciones graves Exabogado acusa a Gilberto Herrera de amenazas y uso indebido de recursos","breadcrumb":{"@id":"https:\/\/www.nexoinformativo.mx\/index.php\/2025\/03\/18\/acusaciones-graves-exabogado-acusa-a-gilberto-herrera-de-amenazas-y-uso-indebido-de-recursos\/#breadcrumb"},"inLanguage":"es","potentialAction":[{"@type":"ReadAction","target":["https:\/\/www.nexoinformativo.mx\/index.php\/2025\/03\/18\/acusaciones-graves-exabogado-acusa-a-gilberto-herrera-de-amenazas-y-uso-indebido-de-recursos\/"]}]},{"@type":"ImageObject","inLanguage":"es","@id":"https:\/\/www.nexoinformativo.mx\/index.php\/2025\/03\/18\/acusaciones-graves-exabogado-acusa-a-gilberto-herrera-de-amenazas-y-uso-indebido-de-recursos\/#primaryimage","url":"https:\/\/www.nexoinformativo.mx\/wp-content\/uploads\/2025\/03\/e996014c-7463-4394-8294-e80b46afc846-e1742325546986.jpg","contentUrl":"https:\/\/www.nexoinformativo.mx\/wp-content\/uploads\/2025\/03\/e996014c-7463-4394-8294-e80b46afc846-e1742325546986.jpg","width":800,"height":600},{"@type":"BreadcrumbList","@id":"https:\/\/www.nexoinformativo.mx\/index.php\/2025\/03\/18\/acusaciones-graves-exabogado-acusa-a-gilberto-herrera-de-amenazas-y-uso-indebido-de-recursos\/#breadcrumb","itemListElement":[{"@type":"ListItem","position":1,"name":"Inicio","item":"https:\/\/www.nexoinformativo.mx\/"},{"@type":"ListItem","position":2,"name":"Acusaciones graves ex abogado acusa a Gilberto Herrera de amenazas y uso indebido de recursos"}]},{"@type":"WebSite","@id":"https:\/\/www.nexoinformativo.mx\/#website","url":"https:\/\/www.nexoinformativo.mx\/","name":"Nexo Informativo Santiago de Quer\u00e9taro","description":"Explora NexoInformativo y convi\u00e9rtete en parte de una comunidad que valora el conocimiento y la verdad. Tu nexoinformativo es tu puente hacia una comprensi\u00f3n m\u00e1s profunda del mundo que te rodea.","publisher":{"@id":"https:\/\/www.nexoinformativo.mx\/#organization"},"potentialAction":[{"@type":"SearchAction","target":{"@type":"EntryPoint","urlTemplate":"https:\/\/www.nexoinformativo.mx\/?s={search_term_string}"},"query-input":{"@type":"PropertyValueSpecification","valueRequired":true,"valueName":"search_term_string"}}],"inLanguage":"es"},{"@type":"Organization","@id":"https:\/\/www.nexoinformativo.mx\/#organization","name":"Nexo Informativo Santiago de Quer\u00e9taro","url":"https:\/\/www.nexoinformativo.mx\/","logo":{"@type":"ImageObject","inLanguage":"es","@id":"https:\/\/www.nexoinformativo.mx\/#\/schema\/logo\/image\/","url":"https:\/\/www.nexoinformativo.mx\/wp-content\/uploads\/2024\/07\/nexoi-trasparente-2.png","contentUrl":"https:\/\/www.nexoinformativo.mx\/wp-content\/uploads\/2024\/07\/nexoi-trasparente-2.png","width":816,"height":339,"caption":"Nexo Informativo Santiago de Quer\u00e9taro"},"image":{"@id":"https:\/\/www.nexoinformativo.mx\/#\/schema\/logo\/image\/"},"sameAs":["https:\/\/www.facebook.com\/people\/Nexo-Informativo\/61564066885511\/"]},{"@type":"Person","@id":"https:\/\/www.nexoinformativo.mx\/#\/schema\/person\/7749d380ba08c8ca00d7bc76fd907b7d","name":"Nexo Informativo","image":{"@type":"ImageObject","inLanguage":"es","@id":"https:\/\/www.nexoinformativo.mx\/#\/schema\/person\/image\/","url":"https:\/\/secure.gravatar.com\/avatar\/dde2928154642a13d95f87ddf1ea9718fe2b46760a005c53e41ff5ad610704e6?s=96&d=mm&r=g","contentUrl":"https:\/\/secure.gravatar.com\/avatar\/dde2928154642a13d95f87ddf1ea9718fe2b46760a005c53e41ff5ad610704e6?s=96&d=mm&r=g","caption":"Nexo Informativo"},"url":"https:\/\/www.nexoinformativo.mx\/index.php\/author\/edicion\/"}]}},"_links":{"self":[{"href":"https:\/\/www.nexoinformativo.mx\/index.php\/wp-json\/wp\/v2\/posts\/12978","targetHints":{"allow":["GET"]}}],"collection":[{"href":"https:\/\/www.nexoinformativo.mx\/index.php\/wp-json\/wp\/v2\/posts"}],"about":[{"href":"https:\/\/www.nexoinformativo.mx\/index.php\/wp-json\/wp\/v2\/types\/post"}],"author":[{"embeddable":true,"href":"https:\/\/www.nexoinformativo.mx\/index.php\/wp-json\/wp\/v2\/users\/3"}],"replies":[{"embeddable":true,"href":"https:\/\/www.nexoinformativo.mx\/index.php\/wp-json\/wp\/v2\/comments?post=12978"}],"version-history":[{"count":5,"href":"https:\/\/www.nexoinformativo.mx\/index.php\/wp-json\/wp\/v2\/posts\/12978\/revisions"}],"predecessor-version":[{"id":12984,"href":"https:\/\/www.nexoinformativo.mx\/index.php\/wp-json\/wp\/v2\/posts\/12978\/revisions\/12984"}],"wp:featuredmedia":[{"embeddable":true,"href":"https:\/\/www.nexoinformativo.mx\/index.php\/wp-json\/wp\/v2\/media\/12979"}],"wp:attachment":[{"href":"https:\/\/www.nexoinformativo.mx\/index.php\/wp-json\/wp\/v2\/media?parent=12978"}],"wp:term":[{"taxonomy":"category","embeddable":true,"href":"https:\/\/www.nexoinformativo.mx\/index.php\/wp-json\/wp\/v2\/categories?post=12978"},{"taxonomy":"post_tag","embeddable":true,"href":"https:\/\/www.nexoinformativo.mx\/index.php\/wp-json\/wp\/v2\/tags?post=12978"}],"curies":[{"name":"wp","href":"https:\/\/api.w.org\/{rel}","templated":true}]}}