{"id":12985,"date":"2025-03-18T12:00:02","date_gmt":"2025-03-18T18:00:02","guid":{"rendered":"https:\/\/www.nexoinformativo.mx\/?p=12985"},"modified":"2025-03-18T13:29:24","modified_gmt":"2025-03-18T19:29:24","slug":"norona-acusa-la-oposicion-usa-tragedia-de-desaparecidos-para-atacar-a-sheinbaum","status":"publish","type":"post","link":"https:\/\/www.nexoinformativo.mx\/index.php\/2025\/03\/18\/norona-acusa-la-oposicion-usa-tragedia-de-desaparecidos-para-atacar-a-sheinbaum\/","title":{"rendered":"Noro\u00f1a acusa la oposici\u00f3n usa tragedia de desaparecidos para atacar a Sheinbaum"},"content":{"rendered":"<p style=\"text-align: justify;\" data-sourcepos=\"13:1-13:234\">El presidente del Senado, Gerardo Fern\u00e1ndez Noro\u00f1a, denunci\u00f3 que la oposici\u00f3n pol\u00edtica est\u00e1 utilizando la tragedia de las personas desaparecidas para atacar al gobierno de la presidenta Claudia Sheinbaum.<\/p>\n<p>&nbsp;<\/p>\n<p style=\"text-align: justify;\" data-sourcepos=\"15:1-15:185\">En un mensaje difundido en redes sociales, Fern\u00e1ndez Noro\u00f1a calific\u00f3 de <strong>&#8220;perverso&#8221;<\/strong> el uso pol\u00edtico del caso del rancho Izaguirre en Teuchitl\u00e1n, Jalisco, y otros casos de desapariciones.<\/p>\n<p>&nbsp;<\/p>\n<p style=\"text-align: justify;\" data-sourcepos=\"17:1-17:168\">El senador expres\u00f3 su solidaridad con las familias de las personas desaparecidas y reiter\u00f3 su compromiso para que se aclaren los casos y se frene este tipo de cr\u00edmenes.<\/p>\n<p>&nbsp;<\/p>\n<p style=\"text-align: justify;\" data-sourcepos=\"19:1-19:200\">Fern\u00e1ndez Noro\u00f1a respald\u00f3 la solicitud de la presidenta Sheinbaum para que la Fiscal\u00eda General de la Rep\u00fablica atraiga el caso Teuchitl\u00e1n, y asegur\u00f3 que la verdad saldr\u00e1 a la luz y no habr\u00e1 impunidad.<\/p>\n<p>&nbsp;<\/p>\n<p style=\"text-align: justify;\" data-sourcepos=\"21:1-21:169\">El legislador se\u00f1al\u00f3 que existe una diferencia entre la desaparici\u00f3n forzada, cometida por el Estado, y las desapariciones probablemente vinculadas al crimen organizado.<\/p>\n<p>&nbsp;<\/p>\n<p style=\"text-align: justify;\" data-sourcepos=\"23:1-23:164\">Fern\u00e1ndez Noro\u00f1a acus\u00f3 a la &#8220;derecha&#8221; de intentar utilizar el dolor y el sufrimiento de las familias para atacar al gobierno, y asegur\u00f3 que no lograr\u00e1n su objetivo.<\/p>\n<p>&nbsp;<\/p>\n<p style=\"text-align: center;\" data-sourcepos=\"23:1-23:164\"><em><strong>\u00a1Informaci\u00f3n que transforma!<\/strong><\/em><\/p>\n","protected":false},"excerpt":{"rendered":"<p>El presidente del Senado, Gerardo Fern\u00e1ndez Noro\u00f1a, denunci\u00f3 que la oposici\u00f3n pol\u00edtica est\u00e1 utilizando la tragedia de las personas desaparecidas para atacar al gobierno de la presidenta Claudia Sheinbaum.<\/p>\n","protected":false},"author":3,"featured_media":12989,"comment_status":"open","ping_status":"open","sticky":false,"template":"","format":"standard","meta":{"footnotes":""},"categories":[88,21,58],"tags":[967,3818,3819,663],"class_list":["post-12985","post","type-post","status-publish","format-standard","has-post-thumbnail","hentry","category-nacional","category-politica","category-ultima-hora","tag-claudiasheinbaum","tag-desaparecidosmexico","tag-fernandeznorona","tag-politicamexicana"],"yoast_head":"<!-- This site is optimized with the Yoast SEO plugin v25.0 - https:\/\/yoast.com\/wordpress\/plugins\/seo\/ -->\n<title>Noro\u00f1a acusa la oposici\u00f3n usa tragedia de desaparecidos para atacar a Sheinbaum | Nexo Informativo Santiago de Quer\u00e9taro<\/title>\n<meta name=\"description\" content=\"Noro\u00f1a acusa la oposici\u00f3n usa tragedia de desaparecidos para atacar a Sheinbaum\" \/>\n<meta name=\"robots\" content=\"index, follow, max-snippet:-1, max-image-preview:large, max-video-preview:-1\" \/>\n<link rel=\"canonical\" href=\"https:\/\/www.nexoinformativo.mx\/index.php\/2025\/03\/18\/norona-acusa-la-oposicion-usa-tragedia-de-desaparecidos-para-atacar-a-sheinbaum\/\" \/>\n<meta property=\"og:locale\" content=\"es_MX\" \/>\n<meta property=\"og:type\" content=\"article\" \/>\n<meta property=\"og:title\" content=\"Noro\u00f1a acusa la oposici\u00f3n usa tragedia de desaparecidos para atacar a Sheinbaum | Nexo Informativo Santiago de Quer\u00e9taro\" \/>\n<meta property=\"og:description\" content=\"Noro\u00f1a acusa la oposici\u00f3n usa tragedia de desaparecidos para atacar a Sheinbaum\" \/>\n<meta property=\"og:url\" content=\"https:\/\/www.nexoinformativo.mx\/index.php\/2025\/03\/18\/norona-acusa-la-oposicion-usa-tragedia-de-desaparecidos-para-atacar-a-sheinbaum\/\" \/>\n<meta property=\"og:site_name\" content=\"Nexo Informativo Santiago de Quer\u00e9taro\" \/>\n<meta property=\"article:publisher\" content=\"https:\/\/www.facebook.com\/people\/Nexo-Informativo\/61564066885511\/\" \/>\n<meta property=\"article:published_time\" content=\"2025-03-18T18:00:02+00:00\" \/>\n<meta property=\"article:modified_time\" content=\"2025-03-18T19:29:24+00:00\" \/>\n<meta property=\"og:image\" content=\"https:\/\/www.nexoinformativo.mx\/wp-content\/uploads\/2025\/03\/IMG_1770-e1742326157922.jpg\" \/>\n\t<meta property=\"og:image:width\" content=\"800\" \/>\n\t<meta property=\"og:image:height\" content=\"532\" \/>\n\t<meta property=\"og:image:type\" content=\"image\/jpeg\" \/>\n<meta name=\"author\" content=\"Nexo Informativo\" \/>\n<meta name=\"twitter:card\" content=\"summary_large_image\" \/>\n<meta name=\"twitter:label1\" content=\"Escrito por\" \/>\n\t<meta name=\"twitter:data1\" content=\"Nexo Informativo\" \/>\n\t<meta name=\"twitter:label2\" content=\"Tiempo de lectura\" \/>\n\t<meta name=\"twitter:data2\" content=\"1 minuto\" \/>\n<script type=\"application\/ld+json\" class=\"yoast-schema-graph\">{\"@context\":\"https:\/\/schema.org\",\"@graph\":[{\"@type\":\"Article\",\"@id\":\"https:\/\/www.nexoinformativo.mx\/index.php\/2025\/03\/18\/norona-acusa-la-oposicion-usa-tragedia-de-desaparecidos-para-atacar-a-sheinbaum\/#article\",\"isPartOf\":{\"@id\":\"https:\/\/www.nexoinformativo.mx\/index.php\/2025\/03\/18\/norona-acusa-la-oposicion-usa-tragedia-de-desaparecidos-para-atacar-a-sheinbaum\/\"},\"author\":{\"name\":\"Nexo Informativo\",\"@id\":\"https:\/\/www.nexoinformativo.mx\/#\/schema\/person\/7749d380ba08c8ca00d7bc76fd907b7d\"},\"headline\":\"Noro\u00f1a acusa la oposici\u00f3n usa tragedia de desaparecidos para atacar a Sheinbaum\",\"datePublished\":\"2025-03-18T18:00:02+00:00\",\"dateModified\":\"2025-03-18T19:29:24+00:00\",\"mainEntityOfPage\":{\"@id\":\"https:\/\/www.nexoinformativo.mx\/index.php\/2025\/03\/18\/norona-acusa-la-oposicion-usa-tragedia-de-desaparecidos-para-atacar-a-sheinbaum\/\"},\"wordCount\":214,\"commentCount\":0,\"publisher\":{\"@id\":\"https:\/\/www.nexoinformativo.mx\/#organization\"},\"image\":{\"@id\":\"https:\/\/www.nexoinformativo.mx\/index.php\/2025\/03\/18\/norona-acusa-la-oposicion-usa-tragedia-de-desaparecidos-para-atacar-a-sheinbaum\/#primaryimage\"},\"thumbnailUrl\":\"https:\/\/www.nexoinformativo.mx\/wp-content\/uploads\/2025\/03\/IMG_1770-e1742326157922.jpg\",\"keywords\":[\"ClaudiaSheinbaum\",\"DesaparecidosM\u00e9xico\",\"Fern\u00e1ndezNoro\u00f1a\",\"Pol\u00edticaMexicana\"],\"articleSection\":[\"Nacional\",\"Pol\u00edtica\",\"\u00daltima Hora\"],\"inLanguage\":\"es\",\"potentialAction\":[{\"@type\":\"CommentAction\",\"name\":\"Comment\",\"target\":[\"https:\/\/www.nexoinformativo.mx\/index.php\/2025\/03\/18\/norona-acusa-la-oposicion-usa-tragedia-de-desaparecidos-para-atacar-a-sheinbaum\/#respond\"]}]},{\"@type\":\"WebPage\",\"@id\":\"https:\/\/www.nexoinformativo.mx\/index.php\/2025\/03\/18\/norona-acusa-la-oposicion-usa-tragedia-de-desaparecidos-para-atacar-a-sheinbaum\/\",\"url\":\"https:\/\/www.nexoinformativo.mx\/index.php\/2025\/03\/18\/norona-acusa-la-oposicion-usa-tragedia-de-desaparecidos-para-atacar-a-sheinbaum\/\",\"name\":\"Noro\u00f1a acusa la oposici\u00f3n usa tragedia de desaparecidos para atacar a Sheinbaum | Nexo Informativo Santiago de Quer\u00e9taro\",\"isPartOf\":{\"@id\":\"https:\/\/www.nexoinformativo.mx\/#website\"},\"primaryImageOfPage\":{\"@id\":\"https:\/\/www.nexoinformativo.mx\/index.php\/2025\/03\/18\/norona-acusa-la-oposicion-usa-tragedia-de-desaparecidos-para-atacar-a-sheinbaum\/#primaryimage\"},\"image\":{\"@id\":\"https:\/\/www.nexoinformativo.mx\/index.php\/2025\/03\/18\/norona-acusa-la-oposicion-usa-tragedia-de-desaparecidos-para-atacar-a-sheinbaum\/#primaryimage\"},\"thumbnailUrl\":\"https:\/\/www.nexoinformativo.mx\/wp-content\/uploads\/2025\/03\/IMG_1770-e1742326157922.jpg\",\"datePublished\":\"2025-03-18T18:00:02+00:00\",\"dateModified\":\"2025-03-18T19:29:24+00:00\",\"description\":\"Noro\u00f1a acusa la oposici\u00f3n usa tragedia de desaparecidos para atacar a Sheinbaum\",\"breadcrumb\":{\"@id\":\"https:\/\/www.nexoinformativo.mx\/index.php\/2025\/03\/18\/norona-acusa-la-oposicion-usa-tragedia-de-desaparecidos-para-atacar-a-sheinbaum\/#breadcrumb\"},\"inLanguage\":\"es\",\"potentialAction\":[{\"@type\":\"ReadAction\",\"target\":[\"https:\/\/www.nexoinformativo.mx\/index.php\/2025\/03\/18\/norona-acusa-la-oposicion-usa-tragedia-de-desaparecidos-para-atacar-a-sheinbaum\/\"]}]},{\"@type\":\"ImageObject\",\"inLanguage\":\"es\",\"@id\":\"https:\/\/www.nexoinformativo.mx\/index.php\/2025\/03\/18\/norona-acusa-la-oposicion-usa-tragedia-de-desaparecidos-para-atacar-a-sheinbaum\/#primaryimage\",\"url\":\"https:\/\/www.nexoinformativo.mx\/wp-content\/uploads\/2025\/03\/IMG_1770-e1742326157922.jpg\",\"contentUrl\":\"https:\/\/www.nexoinformativo.mx\/wp-content\/uploads\/2025\/03\/IMG_1770-e1742326157922.jpg\",\"width\":800,\"height\":532},{\"@type\":\"BreadcrumbList\",\"@id\":\"https:\/\/www.nexoinformativo.mx\/index.php\/2025\/03\/18\/norona-acusa-la-oposicion-usa-tragedia-de-desaparecidos-para-atacar-a-sheinbaum\/#breadcrumb\",\"itemListElement\":[{\"@type\":\"ListItem\",\"position\":1,\"name\":\"Inicio\",\"item\":\"https:\/\/www.nexoinformativo.mx\/\"},{\"@type\":\"ListItem\",\"position\":2,\"name\":\"Noro\u00f1a acusa la oposici\u00f3n usa tragedia de desaparecidos para atacar a Sheinbaum\"}]},{\"@type\":\"WebSite\",\"@id\":\"https:\/\/www.nexoinformativo.mx\/#website\",\"url\":\"https:\/\/www.nexoinformativo.mx\/\",\"name\":\"Nexo Informativo Santiago de Quer\u00e9taro\",\"description\":\"Explora NexoInformativo y convi\u00e9rtete en parte de una comunidad que valora el conocimiento y la verdad. Tu nexoinformativo es tu puente hacia una comprensi\u00f3n m\u00e1s profunda del mundo que te rodea.\",\"publisher\":{\"@id\":\"https:\/\/www.nexoinformativo.mx\/#organization\"},\"potentialAction\":[{\"@type\":\"SearchAction\",\"target\":{\"@type\":\"EntryPoint\",\"urlTemplate\":\"https:\/\/www.nexoinformativo.mx\/?s={search_term_string}\"},\"query-input\":{\"@type\":\"PropertyValueSpecification\",\"valueRequired\":true,\"valueName\":\"search_term_string\"}}],\"inLanguage\":\"es\"},{\"@type\":\"Organization\",\"@id\":\"https:\/\/www.nexoinformativo.mx\/#organization\",\"name\":\"Nexo Informativo Santiago de Quer\u00e9taro\",\"url\":\"https:\/\/www.nexoinformativo.mx\/\",\"logo\":{\"@type\":\"ImageObject\",\"inLanguage\":\"es\",\"@id\":\"https:\/\/www.nexoinformativo.mx\/#\/schema\/logo\/image\/\",\"url\":\"https:\/\/www.nexoinformativo.mx\/wp-content\/uploads\/2024\/07\/nexoi-trasparente-2.png\",\"contentUrl\":\"https:\/\/www.nexoinformativo.mx\/wp-content\/uploads\/2024\/07\/nexoi-trasparente-2.png\",\"width\":816,\"height\":339,\"caption\":\"Nexo Informativo Santiago de Quer\u00e9taro\"},\"image\":{\"@id\":\"https:\/\/www.nexoinformativo.mx\/#\/schema\/logo\/image\/\"},\"sameAs\":[\"https:\/\/www.facebook.com\/people\/Nexo-Informativo\/61564066885511\/\"]},{\"@type\":\"Person\",\"@id\":\"https:\/\/www.nexoinformativo.mx\/#\/schema\/person\/7749d380ba08c8ca00d7bc76fd907b7d\",\"name\":\"Nexo Informativo\",\"image\":{\"@type\":\"ImageObject\",\"inLanguage\":\"es\",\"@id\":\"https:\/\/www.nexoinformativo.mx\/#\/schema\/person\/image\/\",\"url\":\"https:\/\/secure.gravatar.com\/avatar\/dde2928154642a13d95f87ddf1ea9718fe2b46760a005c53e41ff5ad610704e6?s=96&d=mm&r=g\",\"contentUrl\":\"https:\/\/secure.gravatar.com\/avatar\/dde2928154642a13d95f87ddf1ea9718fe2b46760a005c53e41ff5ad610704e6?s=96&d=mm&r=g\",\"caption\":\"Nexo Informativo\"},\"url\":\"https:\/\/www.nexoinformativo.mx\/index.php\/author\/edicion\/\"}]}<\/script>\n<!-- \/ Yoast SEO plugin. -->","yoast_head_json":{"title":"Noro\u00f1a acusa la oposici\u00f3n usa tragedia de desaparecidos para atacar a Sheinbaum | Nexo Informativo Santiago de Quer\u00e9taro","description":"Noro\u00f1a acusa la oposici\u00f3n usa tragedia de desaparecidos para atacar a Sheinbaum","robots":{"index":"index","follow":"follow","max-snippet":"max-snippet:-1","max-image-preview":"max-image-preview:large","max-video-preview":"max-video-preview:-1"},"canonical":"https:\/\/www.nexoinformativo.mx\/index.php\/2025\/03\/18\/norona-acusa-la-oposicion-usa-tragedia-de-desaparecidos-para-atacar-a-sheinbaum\/","og_locale":"es_MX","og_type":"article","og_title":"Noro\u00f1a acusa la oposici\u00f3n usa tragedia de desaparecidos para atacar a Sheinbaum | Nexo Informativo Santiago de Quer\u00e9taro","og_description":"Noro\u00f1a acusa la oposici\u00f3n usa tragedia de desaparecidos para atacar a Sheinbaum","og_url":"https:\/\/www.nexoinformativo.mx\/index.php\/2025\/03\/18\/norona-acusa-la-oposicion-usa-tragedia-de-desaparecidos-para-atacar-a-sheinbaum\/","og_site_name":"Nexo Informativo Santiago de Quer\u00e9taro","article_publisher":"https:\/\/www.facebook.com\/people\/Nexo-Informativo\/61564066885511\/","article_published_time":"2025-03-18T18:00:02+00:00","article_modified_time":"2025-03-18T19:29:24+00:00","og_image":[{"width":800,"height":532,"url":"https:\/\/www.nexoinformativo.mx\/wp-content\/uploads\/2025\/03\/IMG_1770-e1742326157922.jpg","type":"image\/jpeg"}],"author":"Nexo Informativo","twitter_card":"summary_large_image","twitter_misc":{"Escrito por":"Nexo Informativo","Tiempo de lectura":"1 minuto"},"schema":{"@context":"https:\/\/schema.org","@graph":[{"@type":"Article","@id":"https:\/\/www.nexoinformativo.mx\/index.php\/2025\/03\/18\/norona-acusa-la-oposicion-usa-tragedia-de-desaparecidos-para-atacar-a-sheinbaum\/#article","isPartOf":{"@id":"https:\/\/www.nexoinformativo.mx\/index.php\/2025\/03\/18\/norona-acusa-la-oposicion-usa-tragedia-de-desaparecidos-para-atacar-a-sheinbaum\/"},"author":{"name":"Nexo Informativo","@id":"https:\/\/www.nexoinformativo.mx\/#\/schema\/person\/7749d380ba08c8ca00d7bc76fd907b7d"},"headline":"Noro\u00f1a acusa la oposici\u00f3n usa tragedia de desaparecidos para atacar a Sheinbaum","datePublished":"2025-03-18T18:00:02+00:00","dateModified":"2025-03-18T19:29:24+00:00","mainEntityOfPage":{"@id":"https:\/\/www.nexoinformativo.mx\/index.php\/2025\/03\/18\/norona-acusa-la-oposicion-usa-tragedia-de-desaparecidos-para-atacar-a-sheinbaum\/"},"wordCount":214,"commentCount":0,"publisher":{"@id":"https:\/\/www.nexoinformativo.mx\/#organization"},"image":{"@id":"https:\/\/www.nexoinformativo.mx\/index.php\/2025\/03\/18\/norona-acusa-la-oposicion-usa-tragedia-de-desaparecidos-para-atacar-a-sheinbaum\/#primaryimage"},"thumbnailUrl":"https:\/\/www.nexoinformativo.mx\/wp-content\/uploads\/2025\/03\/IMG_1770-e1742326157922.jpg","keywords":["ClaudiaSheinbaum","DesaparecidosM\u00e9xico","Fern\u00e1ndezNoro\u00f1a","Pol\u00edticaMexicana"],"articleSection":["Nacional","Pol\u00edtica","\u00daltima Hora"],"inLanguage":"es","potentialAction":[{"@type":"CommentAction","name":"Comment","target":["https:\/\/www.nexoinformativo.mx\/index.php\/2025\/03\/18\/norona-acusa-la-oposicion-usa-tragedia-de-desaparecidos-para-atacar-a-sheinbaum\/#respond"]}]},{"@type":"WebPage","@id":"https:\/\/www.nexoinformativo.mx\/index.php\/2025\/03\/18\/norona-acusa-la-oposicion-usa-tragedia-de-desaparecidos-para-atacar-a-sheinbaum\/","url":"https:\/\/www.nexoinformativo.mx\/index.php\/2025\/03\/18\/norona-acusa-la-oposicion-usa-tragedia-de-desaparecidos-para-atacar-a-sheinbaum\/","name":"Noro\u00f1a acusa la oposici\u00f3n usa tragedia de desaparecidos para atacar a Sheinbaum | Nexo Informativo Santiago de Quer\u00e9taro","isPartOf":{"@id":"https:\/\/www.nexoinformativo.mx\/#website"},"primaryImageOfPage":{"@id":"https:\/\/www.nexoinformativo.mx\/index.php\/2025\/03\/18\/norona-acusa-la-oposicion-usa-tragedia-de-desaparecidos-para-atacar-a-sheinbaum\/#primaryimage"},"image":{"@id":"https:\/\/www.nexoinformativo.mx\/index.php\/2025\/03\/18\/norona-acusa-la-oposicion-usa-tragedia-de-desaparecidos-para-atacar-a-sheinbaum\/#primaryimage"},"thumbnailUrl":"https:\/\/www.nexoinformativo.mx\/wp-content\/uploads\/2025\/03\/IMG_1770-e1742326157922.jpg","datePublished":"2025-03-18T18:00:02+00:00","dateModified":"2025-03-18T19:29:24+00:00","description":"Noro\u00f1a acusa la oposici\u00f3n usa tragedia de desaparecidos para atacar a Sheinbaum","breadcrumb":{"@id":"https:\/\/www.nexoinformativo.mx\/index.php\/2025\/03\/18\/norona-acusa-la-oposicion-usa-tragedia-de-desaparecidos-para-atacar-a-sheinbaum\/#breadcrumb"},"inLanguage":"es","potentialAction":[{"@type":"ReadAction","target":["https:\/\/www.nexoinformativo.mx\/index.php\/2025\/03\/18\/norona-acusa-la-oposicion-usa-tragedia-de-desaparecidos-para-atacar-a-sheinbaum\/"]}]},{"@type":"ImageObject","inLanguage":"es","@id":"https:\/\/www.nexoinformativo.mx\/index.php\/2025\/03\/18\/norona-acusa-la-oposicion-usa-tragedia-de-desaparecidos-para-atacar-a-sheinbaum\/#primaryimage","url":"https:\/\/www.nexoinformativo.mx\/wp-content\/uploads\/2025\/03\/IMG_1770-e1742326157922.jpg","contentUrl":"https:\/\/www.nexoinformativo.mx\/wp-content\/uploads\/2025\/03\/IMG_1770-e1742326157922.jpg","width":800,"height":532},{"@type":"BreadcrumbList","@id":"https:\/\/www.nexoinformativo.mx\/index.php\/2025\/03\/18\/norona-acusa-la-oposicion-usa-tragedia-de-desaparecidos-para-atacar-a-sheinbaum\/#breadcrumb","itemListElement":[{"@type":"ListItem","position":1,"name":"Inicio","item":"https:\/\/www.nexoinformativo.mx\/"},{"@type":"ListItem","position":2,"name":"Noro\u00f1a acusa la oposici\u00f3n usa tragedia de desaparecidos para atacar a Sheinbaum"}]},{"@type":"WebSite","@id":"https:\/\/www.nexoinformativo.mx\/#website","url":"https:\/\/www.nexoinformativo.mx\/","name":"Nexo Informativo Santiago de Quer\u00e9taro","description":"Explora NexoInformativo y convi\u00e9rtete en parte de una comunidad que valora el conocimiento y la verdad. Tu nexoinformativo es tu puente hacia una comprensi\u00f3n m\u00e1s profunda del mundo que te rodea.","publisher":{"@id":"https:\/\/www.nexoinformativo.mx\/#organization"},"potentialAction":[{"@type":"SearchAction","target":{"@type":"EntryPoint","urlTemplate":"https:\/\/www.nexoinformativo.mx\/?s={search_term_string}"},"query-input":{"@type":"PropertyValueSpecification","valueRequired":true,"valueName":"search_term_string"}}],"inLanguage":"es"},{"@type":"Organization","@id":"https:\/\/www.nexoinformativo.mx\/#organization","name":"Nexo Informativo Santiago de Quer\u00e9taro","url":"https:\/\/www.nexoinformativo.mx\/","logo":{"@type":"ImageObject","inLanguage":"es","@id":"https:\/\/www.nexoinformativo.mx\/#\/schema\/logo\/image\/","url":"https:\/\/www.nexoinformativo.mx\/wp-content\/uploads\/2024\/07\/nexoi-trasparente-2.png","contentUrl":"https:\/\/www.nexoinformativo.mx\/wp-content\/uploads\/2024\/07\/nexoi-trasparente-2.png","width":816,"height":339,"caption":"Nexo Informativo Santiago de Quer\u00e9taro"},"image":{"@id":"https:\/\/www.nexoinformativo.mx\/#\/schema\/logo\/image\/"},"sameAs":["https:\/\/www.facebook.com\/people\/Nexo-Informativo\/61564066885511\/"]},{"@type":"Person","@id":"https:\/\/www.nexoinformativo.mx\/#\/schema\/person\/7749d380ba08c8ca00d7bc76fd907b7d","name":"Nexo Informativo","image":{"@type":"ImageObject","inLanguage":"es","@id":"https:\/\/www.nexoinformativo.mx\/#\/schema\/person\/image\/","url":"https:\/\/secure.gravatar.com\/avatar\/dde2928154642a13d95f87ddf1ea9718fe2b46760a005c53e41ff5ad610704e6?s=96&d=mm&r=g","contentUrl":"https:\/\/secure.gravatar.com\/avatar\/dde2928154642a13d95f87ddf1ea9718fe2b46760a005c53e41ff5ad610704e6?s=96&d=mm&r=g","caption":"Nexo Informativo"},"url":"https:\/\/www.nexoinformativo.mx\/index.php\/author\/edicion\/"}]}},"_links":{"self":[{"href":"https:\/\/www.nexoinformativo.mx\/index.php\/wp-json\/wp\/v2\/posts\/12985","targetHints":{"allow":["GET"]}}],"collection":[{"href":"https:\/\/www.nexoinformativo.mx\/index.php\/wp-json\/wp\/v2\/posts"}],"about":[{"href":"https:\/\/www.nexoinformativo.mx\/index.php\/wp-json\/wp\/v2\/types\/post"}],"author":[{"embeddable":true,"href":"https:\/\/www.nexoinformativo.mx\/index.php\/wp-json\/wp\/v2\/users\/3"}],"replies":[{"embeddable":true,"href":"https:\/\/www.nexoinformativo.mx\/index.php\/wp-json\/wp\/v2\/comments?post=12985"}],"version-history":[{"count":4,"href":"https:\/\/www.nexoinformativo.mx\/index.php\/wp-json\/wp\/v2\/posts\/12985\/revisions"}],"predecessor-version":[{"id":12988,"href":"https:\/\/www.nexoinformativo.mx\/index.php\/wp-json\/wp\/v2\/posts\/12985\/revisions\/12988"}],"wp:featuredmedia":[{"embeddable":true,"href":"https:\/\/www.nexoinformativo.mx\/index.php\/wp-json\/wp\/v2\/media\/12989"}],"wp:attachment":[{"href":"https:\/\/www.nexoinformativo.mx\/index.php\/wp-json\/wp\/v2\/media?parent=12985"}],"wp:term":[{"taxonomy":"category","embeddable":true,"href":"https:\/\/www.nexoinformativo.mx\/index.php\/wp-json\/wp\/v2\/categories?post=12985"},{"taxonomy":"post_tag","embeddable":true,"href":"https:\/\/www.nexoinformativo.mx\/index.php\/wp-json\/wp\/v2\/tags?post=12985"}],"curies":[{"name":"wp","href":"https:\/\/api.w.org\/{rel}","templated":true}]}}