{"id":12991,"date":"2025-03-18T14:00:10","date_gmt":"2025-03-18T20:00:10","guid":{"rendered":"https:\/\/www.nexoinformativo.mx\/?p=12991"},"modified":"2025-03-18T17:30:33","modified_gmt":"2025-03-18T23:30:33","slug":"mas-espacios-seguros-felifer-macias-entrega-rehabilitacion-del-parque-la-pena-ctm","status":"publish","type":"post","link":"https:\/\/www.nexoinformativo.mx\/index.php\/2025\/03\/18\/mas-espacios-seguros-felifer-macias-entrega-rehabilitacion-del-parque-la-pena-ctm\/","title":{"rendered":"M\u00e1s espacios seguros Felifer Mac\u00edas entrega rehabilitaci\u00f3n del Parque La Pe\u00f1a CTM"},"content":{"rendered":"<p style=\"text-align: justify;\" data-sourcepos=\"13:1-13:321\">El presidente municipal, Felifer Mac\u00edas, entreg\u00f3 la rehabilitaci\u00f3n del Parque <strong>&#8220;La Pe\u00f1a CTM&#8221;<\/strong> en la delegaci\u00f3n F\u00e9lix Osores Sotomayor, con una inversi\u00f3n superior a 2.5 millones de pesos, para brindar a las familias queretanas un espacio renovado para la recreaci\u00f3n y el sano esparcimiento.<\/p>\n<p>&nbsp;<\/p>\n<p style=\"text-align: justify;\" data-sourcepos=\"15:1-15:305\">Felifer Mac\u00edas destac\u00f3 que, a trav\u00e9s de las estrategias del &#8220;Plan Orden&#8221;, se realizan obras que mejoran la calidad de vida de los queretanos y ofrecen espacios m\u00e1s seguros para la convivencia. Adem\u00e1s, invit\u00f3 a la ciudadan\u00eda a denunciar cualquier acto que afecte el orden y la tranquilidad de las familias.<\/p>\n<p>&nbsp;<\/p>\n<p style=\"text-align: justify;\" data-sourcepos=\"17:1-17:204\">Reconoci\u00f3 la labor del personal de Servicios P\u00fablicos Municipales, encargado de la rehabilitaci\u00f3n del parque, y resalt\u00f3 que su trabajo permiti\u00f3 optimizar recursos y hacer un uso eficiente del presupuesto.<\/p>\n<p>&nbsp;<\/p>\n<p style=\"text-align: justify;\" data-sourcepos=\"19:1-19:376\">El secretario de Servicios P\u00fablicos Municipales, Jos\u00e9 Armando Presa Ortega, inform\u00f3 que se intervinieron m\u00e1s de 2,400 metros cuadrados con la instalaci\u00f3n de juegos infantiles, aparatos de ejercicio, una velar\u00eda, luminarias y un refugio para perros. Tambi\u00e9n se reforest\u00f3 el parque con 40 \u00e1rboles y se rehabilitaron la pista perimetral de trote y el andador central de concreto.<\/p>\n<p>&nbsp;<\/p>\n<p style=\"text-align: justify;\" data-sourcepos=\"21:1-21:320\"><strong>&#8220;Este va a ser un espacio para las familias, para sus hijos, para sus ni\u00f1as, ni\u00f1os, para los chavos, para que se apropien de \u00e9l. Y eso, un espacio digno, bien cuidado, se transforma y se convierte en un escudo contra la delincuencia, contra los vicios, contra las cosas nocivas para la comunidad&#8221;<\/strong>, indic\u00f3 Felifer Mac\u00edas.<\/p>\n<p>&nbsp;<\/p>\n<p style=\"text-align: center;\" data-sourcepos=\"21:1-21:320\"><em><strong>\u00a1Informaci\u00f3n que transforma!<\/strong><\/em><\/p>\n","protected":false},"excerpt":{"rendered":"<p>El presidente municipal, Felifer Mac\u00edas, entreg\u00f3 la rehabilitaci\u00f3n del Parque &#8220;La Pe\u00f1a CTM&#8221; en la delegaci\u00f3n F\u00e9lix Osores Sotomayor, con una inversi\u00f3n superior a 2.5 millones de pesos, para brindar a las familias queretanas un espacio renovado para la recreaci\u00f3n y el sano esparcimiento.<\/p>\n","protected":false},"author":3,"featured_media":12992,"comment_status":"open","ping_status":"open","sticky":false,"template":"","format":"standard","meta":{"footnotes":""},"categories":[65,58],"tags":[688,1000,3820,133],"class_list":["post-12991","post","type-post","status-publish","format-standard","has-post-thumbnail","hentry","category-municipios","category-ultima-hora","tag-espaciospublicos","tag-felifermacias","tag-parquelapena","tag-queretaro"],"yoast_head":"<!-- This site is optimized with the Yoast SEO plugin v25.0 - https:\/\/yoast.com\/wordpress\/plugins\/seo\/ -->\n<title>M\u00e1s espacios seguros Felifer Mac\u00edas entrega rehabilitaci\u00f3n del Parque La Pe\u00f1a CTM | Nexo Informativo Santiago de Quer\u00e9taro<\/title>\n<meta name=\"description\" content=\"M\u00e1s espacios seguros: Felifer Mac\u00edas entrega rehabilitaci\u00f3n del Parque La Pe\u00f1a CTM\" \/>\n<meta name=\"robots\" content=\"index, follow, max-snippet:-1, max-image-preview:large, max-video-preview:-1\" \/>\n<link rel=\"canonical\" href=\"https:\/\/www.nexoinformativo.mx\/index.php\/2025\/03\/18\/mas-espacios-seguros-felifer-macias-entrega-rehabilitacion-del-parque-la-pena-ctm\/\" \/>\n<meta property=\"og:locale\" content=\"es_MX\" \/>\n<meta property=\"og:type\" content=\"article\" \/>\n<meta property=\"og:title\" content=\"M\u00e1s espacios seguros Felifer Mac\u00edas entrega rehabilitaci\u00f3n del Parque La Pe\u00f1a CTM | Nexo Informativo Santiago de Quer\u00e9taro\" \/>\n<meta property=\"og:description\" content=\"M\u00e1s espacios seguros: Felifer Mac\u00edas entrega rehabilitaci\u00f3n del Parque La Pe\u00f1a CTM\" \/>\n<meta property=\"og:url\" content=\"https:\/\/www.nexoinformativo.mx\/index.php\/2025\/03\/18\/mas-espacios-seguros-felifer-macias-entrega-rehabilitacion-del-parque-la-pena-ctm\/\" \/>\n<meta property=\"og:site_name\" content=\"Nexo Informativo Santiago de Quer\u00e9taro\" \/>\n<meta property=\"article:publisher\" content=\"https:\/\/www.facebook.com\/people\/Nexo-Informativo\/61564066885511\/\" \/>\n<meta property=\"article:published_time\" content=\"2025-03-18T20:00:10+00:00\" \/>\n<meta property=\"article:modified_time\" content=\"2025-03-18T23:30:33+00:00\" \/>\n<meta property=\"og:image\" content=\"https:\/\/www.nexoinformativo.mx\/wp-content\/uploads\/2025\/03\/PHOTO-2025-03-18-14-43-14-e1742340541730.jpg\" \/>\n\t<meta property=\"og:image:width\" content=\"800\" \/>\n\t<meta property=\"og:image:height\" content=\"533\" \/>\n\t<meta property=\"og:image:type\" content=\"image\/jpeg\" \/>\n<meta name=\"author\" content=\"Nexo Informativo\" \/>\n<meta name=\"twitter:card\" content=\"summary_large_image\" \/>\n<meta name=\"twitter:label1\" content=\"Escrito por\" \/>\n\t<meta name=\"twitter:data1\" content=\"Nexo Informativo\" \/>\n\t<meta name=\"twitter:label2\" content=\"Tiempo de lectura\" \/>\n\t<meta name=\"twitter:data2\" content=\"2 minutos\" \/>\n<script type=\"application\/ld+json\" class=\"yoast-schema-graph\">{\"@context\":\"https:\/\/schema.org\",\"@graph\":[{\"@type\":\"Article\",\"@id\":\"https:\/\/www.nexoinformativo.mx\/index.php\/2025\/03\/18\/mas-espacios-seguros-felifer-macias-entrega-rehabilitacion-del-parque-la-pena-ctm\/#article\",\"isPartOf\":{\"@id\":\"https:\/\/www.nexoinformativo.mx\/index.php\/2025\/03\/18\/mas-espacios-seguros-felifer-macias-entrega-rehabilitacion-del-parque-la-pena-ctm\/\"},\"author\":{\"name\":\"Nexo Informativo\",\"@id\":\"https:\/\/www.nexoinformativo.mx\/#\/schema\/person\/7749d380ba08c8ca00d7bc76fd907b7d\"},\"headline\":\"M\u00e1s espacios seguros Felifer Mac\u00edas entrega rehabilitaci\u00f3n del Parque La Pe\u00f1a CTM\",\"datePublished\":\"2025-03-18T20:00:10+00:00\",\"dateModified\":\"2025-03-18T23:30:33+00:00\",\"mainEntityOfPage\":{\"@id\":\"https:\/\/www.nexoinformativo.mx\/index.php\/2025\/03\/18\/mas-espacios-seguros-felifer-macias-entrega-rehabilitacion-del-parque-la-pena-ctm\/\"},\"wordCount\":283,\"commentCount\":0,\"publisher\":{\"@id\":\"https:\/\/www.nexoinformativo.mx\/#organization\"},\"image\":{\"@id\":\"https:\/\/www.nexoinformativo.mx\/index.php\/2025\/03\/18\/mas-espacios-seguros-felifer-macias-entrega-rehabilitacion-del-parque-la-pena-ctm\/#primaryimage\"},\"thumbnailUrl\":\"https:\/\/www.nexoinformativo.mx\/wp-content\/uploads\/2025\/03\/PHOTO-2025-03-18-14-43-14-e1742340541730.jpg\",\"keywords\":[\"EspaciosP\u00fablicos\",\"FeliferMac\u00edas\",\"ParqueLaPe\u00f1a\",\"Quer\u00e9taro\"],\"articleSection\":[\"Municipios\",\"\u00daltima Hora\"],\"inLanguage\":\"es\",\"potentialAction\":[{\"@type\":\"CommentAction\",\"name\":\"Comment\",\"target\":[\"https:\/\/www.nexoinformativo.mx\/index.php\/2025\/03\/18\/mas-espacios-seguros-felifer-macias-entrega-rehabilitacion-del-parque-la-pena-ctm\/#respond\"]}]},{\"@type\":\"WebPage\",\"@id\":\"https:\/\/www.nexoinformativo.mx\/index.php\/2025\/03\/18\/mas-espacios-seguros-felifer-macias-entrega-rehabilitacion-del-parque-la-pena-ctm\/\",\"url\":\"https:\/\/www.nexoinformativo.mx\/index.php\/2025\/03\/18\/mas-espacios-seguros-felifer-macias-entrega-rehabilitacion-del-parque-la-pena-ctm\/\",\"name\":\"M\u00e1s espacios seguros Felifer Mac\u00edas entrega rehabilitaci\u00f3n del Parque La Pe\u00f1a CTM | Nexo Informativo Santiago de Quer\u00e9taro\",\"isPartOf\":{\"@id\":\"https:\/\/www.nexoinformativo.mx\/#website\"},\"primaryImageOfPage\":{\"@id\":\"https:\/\/www.nexoinformativo.mx\/index.php\/2025\/03\/18\/mas-espacios-seguros-felifer-macias-entrega-rehabilitacion-del-parque-la-pena-ctm\/#primaryimage\"},\"image\":{\"@id\":\"https:\/\/www.nexoinformativo.mx\/index.php\/2025\/03\/18\/mas-espacios-seguros-felifer-macias-entrega-rehabilitacion-del-parque-la-pena-ctm\/#primaryimage\"},\"thumbnailUrl\":\"https:\/\/www.nexoinformativo.mx\/wp-content\/uploads\/2025\/03\/PHOTO-2025-03-18-14-43-14-e1742340541730.jpg\",\"datePublished\":\"2025-03-18T20:00:10+00:00\",\"dateModified\":\"2025-03-18T23:30:33+00:00\",\"description\":\"M\u00e1s espacios seguros: Felifer Mac\u00edas entrega rehabilitaci\u00f3n del Parque La Pe\u00f1a CTM\",\"breadcrumb\":{\"@id\":\"https:\/\/www.nexoinformativo.mx\/index.php\/2025\/03\/18\/mas-espacios-seguros-felifer-macias-entrega-rehabilitacion-del-parque-la-pena-ctm\/#breadcrumb\"},\"inLanguage\":\"es\",\"potentialAction\":[{\"@type\":\"ReadAction\",\"target\":[\"https:\/\/www.nexoinformativo.mx\/index.php\/2025\/03\/18\/mas-espacios-seguros-felifer-macias-entrega-rehabilitacion-del-parque-la-pena-ctm\/\"]}]},{\"@type\":\"ImageObject\",\"inLanguage\":\"es\",\"@id\":\"https:\/\/www.nexoinformativo.mx\/index.php\/2025\/03\/18\/mas-espacios-seguros-felifer-macias-entrega-rehabilitacion-del-parque-la-pena-ctm\/#primaryimage\",\"url\":\"https:\/\/www.nexoinformativo.mx\/wp-content\/uploads\/2025\/03\/PHOTO-2025-03-18-14-43-14-e1742340541730.jpg\",\"contentUrl\":\"https:\/\/www.nexoinformativo.mx\/wp-content\/uploads\/2025\/03\/PHOTO-2025-03-18-14-43-14-e1742340541730.jpg\",\"width\":800,\"height\":533},{\"@type\":\"BreadcrumbList\",\"@id\":\"https:\/\/www.nexoinformativo.mx\/index.php\/2025\/03\/18\/mas-espacios-seguros-felifer-macias-entrega-rehabilitacion-del-parque-la-pena-ctm\/#breadcrumb\",\"itemListElement\":[{\"@type\":\"ListItem\",\"position\":1,\"name\":\"Inicio\",\"item\":\"https:\/\/www.nexoinformativo.mx\/\"},{\"@type\":\"ListItem\",\"position\":2,\"name\":\"M\u00e1s espacios seguros Felifer Mac\u00edas entrega rehabilitaci\u00f3n del Parque La Pe\u00f1a CTM\"}]},{\"@type\":\"WebSite\",\"@id\":\"https:\/\/www.nexoinformativo.mx\/#website\",\"url\":\"https:\/\/www.nexoinformativo.mx\/\",\"name\":\"Nexo Informativo Santiago de Quer\u00e9taro\",\"description\":\"Explora NexoInformativo y convi\u00e9rtete en parte de una comunidad que valora el conocimiento y la verdad. Tu nexoinformativo es tu puente hacia una comprensi\u00f3n m\u00e1s profunda del mundo que te rodea.\",\"publisher\":{\"@id\":\"https:\/\/www.nexoinformativo.mx\/#organization\"},\"potentialAction\":[{\"@type\":\"SearchAction\",\"target\":{\"@type\":\"EntryPoint\",\"urlTemplate\":\"https:\/\/www.nexoinformativo.mx\/?s={search_term_string}\"},\"query-input\":{\"@type\":\"PropertyValueSpecification\",\"valueRequired\":true,\"valueName\":\"search_term_string\"}}],\"inLanguage\":\"es\"},{\"@type\":\"Organization\",\"@id\":\"https:\/\/www.nexoinformativo.mx\/#organization\",\"name\":\"Nexo Informativo Santiago de Quer\u00e9taro\",\"url\":\"https:\/\/www.nexoinformativo.mx\/\",\"logo\":{\"@type\":\"ImageObject\",\"inLanguage\":\"es\",\"@id\":\"https:\/\/www.nexoinformativo.mx\/#\/schema\/logo\/image\/\",\"url\":\"https:\/\/www.nexoinformativo.mx\/wp-content\/uploads\/2024\/07\/nexoi-trasparente-2.png\",\"contentUrl\":\"https:\/\/www.nexoinformativo.mx\/wp-content\/uploads\/2024\/07\/nexoi-trasparente-2.png\",\"width\":816,\"height\":339,\"caption\":\"Nexo Informativo Santiago de Quer\u00e9taro\"},\"image\":{\"@id\":\"https:\/\/www.nexoinformativo.mx\/#\/schema\/logo\/image\/\"},\"sameAs\":[\"https:\/\/www.facebook.com\/people\/Nexo-Informativo\/61564066885511\/\"]},{\"@type\":\"Person\",\"@id\":\"https:\/\/www.nexoinformativo.mx\/#\/schema\/person\/7749d380ba08c8ca00d7bc76fd907b7d\",\"name\":\"Nexo Informativo\",\"image\":{\"@type\":\"ImageObject\",\"inLanguage\":\"es\",\"@id\":\"https:\/\/www.nexoinformativo.mx\/#\/schema\/person\/image\/\",\"url\":\"https:\/\/secure.gravatar.com\/avatar\/dde2928154642a13d95f87ddf1ea9718fe2b46760a005c53e41ff5ad610704e6?s=96&d=mm&r=g\",\"contentUrl\":\"https:\/\/secure.gravatar.com\/avatar\/dde2928154642a13d95f87ddf1ea9718fe2b46760a005c53e41ff5ad610704e6?s=96&d=mm&r=g\",\"caption\":\"Nexo Informativo\"},\"url\":\"https:\/\/www.nexoinformativo.mx\/index.php\/author\/edicion\/\"}]}<\/script>\n<!-- \/ Yoast SEO plugin. -->","yoast_head_json":{"title":"M\u00e1s espacios seguros Felifer Mac\u00edas entrega rehabilitaci\u00f3n del Parque La Pe\u00f1a CTM | Nexo Informativo Santiago de Quer\u00e9taro","description":"M\u00e1s espacios seguros: Felifer Mac\u00edas entrega rehabilitaci\u00f3n del Parque La Pe\u00f1a CTM","robots":{"index":"index","follow":"follow","max-snippet":"max-snippet:-1","max-image-preview":"max-image-preview:large","max-video-preview":"max-video-preview:-1"},"canonical":"https:\/\/www.nexoinformativo.mx\/index.php\/2025\/03\/18\/mas-espacios-seguros-felifer-macias-entrega-rehabilitacion-del-parque-la-pena-ctm\/","og_locale":"es_MX","og_type":"article","og_title":"M\u00e1s espacios seguros Felifer Mac\u00edas entrega rehabilitaci\u00f3n del Parque La Pe\u00f1a CTM | Nexo Informativo Santiago de Quer\u00e9taro","og_description":"M\u00e1s espacios seguros: Felifer Mac\u00edas entrega rehabilitaci\u00f3n del Parque La Pe\u00f1a CTM","og_url":"https:\/\/www.nexoinformativo.mx\/index.php\/2025\/03\/18\/mas-espacios-seguros-felifer-macias-entrega-rehabilitacion-del-parque-la-pena-ctm\/","og_site_name":"Nexo Informativo Santiago de Quer\u00e9taro","article_publisher":"https:\/\/www.facebook.com\/people\/Nexo-Informativo\/61564066885511\/","article_published_time":"2025-03-18T20:00:10+00:00","article_modified_time":"2025-03-18T23:30:33+00:00","og_image":[{"width":800,"height":533,"url":"https:\/\/www.nexoinformativo.mx\/wp-content\/uploads\/2025\/03\/PHOTO-2025-03-18-14-43-14-e1742340541730.jpg","type":"image\/jpeg"}],"author":"Nexo Informativo","twitter_card":"summary_large_image","twitter_misc":{"Escrito por":"Nexo Informativo","Tiempo de lectura":"2 minutos"},"schema":{"@context":"https:\/\/schema.org","@graph":[{"@type":"Article","@id":"https:\/\/www.nexoinformativo.mx\/index.php\/2025\/03\/18\/mas-espacios-seguros-felifer-macias-entrega-rehabilitacion-del-parque-la-pena-ctm\/#article","isPartOf":{"@id":"https:\/\/www.nexoinformativo.mx\/index.php\/2025\/03\/18\/mas-espacios-seguros-felifer-macias-entrega-rehabilitacion-del-parque-la-pena-ctm\/"},"author":{"name":"Nexo Informativo","@id":"https:\/\/www.nexoinformativo.mx\/#\/schema\/person\/7749d380ba08c8ca00d7bc76fd907b7d"},"headline":"M\u00e1s espacios seguros Felifer Mac\u00edas entrega rehabilitaci\u00f3n del Parque La Pe\u00f1a CTM","datePublished":"2025-03-18T20:00:10+00:00","dateModified":"2025-03-18T23:30:33+00:00","mainEntityOfPage":{"@id":"https:\/\/www.nexoinformativo.mx\/index.php\/2025\/03\/18\/mas-espacios-seguros-felifer-macias-entrega-rehabilitacion-del-parque-la-pena-ctm\/"},"wordCount":283,"commentCount":0,"publisher":{"@id":"https:\/\/www.nexoinformativo.mx\/#organization"},"image":{"@id":"https:\/\/www.nexoinformativo.mx\/index.php\/2025\/03\/18\/mas-espacios-seguros-felifer-macias-entrega-rehabilitacion-del-parque-la-pena-ctm\/#primaryimage"},"thumbnailUrl":"https:\/\/www.nexoinformativo.mx\/wp-content\/uploads\/2025\/03\/PHOTO-2025-03-18-14-43-14-e1742340541730.jpg","keywords":["EspaciosP\u00fablicos","FeliferMac\u00edas","ParqueLaPe\u00f1a","Quer\u00e9taro"],"articleSection":["Municipios","\u00daltima Hora"],"inLanguage":"es","potentialAction":[{"@type":"CommentAction","name":"Comment","target":["https:\/\/www.nexoinformativo.mx\/index.php\/2025\/03\/18\/mas-espacios-seguros-felifer-macias-entrega-rehabilitacion-del-parque-la-pena-ctm\/#respond"]}]},{"@type":"WebPage","@id":"https:\/\/www.nexoinformativo.mx\/index.php\/2025\/03\/18\/mas-espacios-seguros-felifer-macias-entrega-rehabilitacion-del-parque-la-pena-ctm\/","url":"https:\/\/www.nexoinformativo.mx\/index.php\/2025\/03\/18\/mas-espacios-seguros-felifer-macias-entrega-rehabilitacion-del-parque-la-pena-ctm\/","name":"M\u00e1s espacios seguros Felifer Mac\u00edas entrega rehabilitaci\u00f3n del Parque La Pe\u00f1a CTM | Nexo Informativo Santiago de Quer\u00e9taro","isPartOf":{"@id":"https:\/\/www.nexoinformativo.mx\/#website"},"primaryImageOfPage":{"@id":"https:\/\/www.nexoinformativo.mx\/index.php\/2025\/03\/18\/mas-espacios-seguros-felifer-macias-entrega-rehabilitacion-del-parque-la-pena-ctm\/#primaryimage"},"image":{"@id":"https:\/\/www.nexoinformativo.mx\/index.php\/2025\/03\/18\/mas-espacios-seguros-felifer-macias-entrega-rehabilitacion-del-parque-la-pena-ctm\/#primaryimage"},"thumbnailUrl":"https:\/\/www.nexoinformativo.mx\/wp-content\/uploads\/2025\/03\/PHOTO-2025-03-18-14-43-14-e1742340541730.jpg","datePublished":"2025-03-18T20:00:10+00:00","dateModified":"2025-03-18T23:30:33+00:00","description":"M\u00e1s espacios seguros: Felifer Mac\u00edas entrega rehabilitaci\u00f3n del Parque La Pe\u00f1a CTM","breadcrumb":{"@id":"https:\/\/www.nexoinformativo.mx\/index.php\/2025\/03\/18\/mas-espacios-seguros-felifer-macias-entrega-rehabilitacion-del-parque-la-pena-ctm\/#breadcrumb"},"inLanguage":"es","potentialAction":[{"@type":"ReadAction","target":["https:\/\/www.nexoinformativo.mx\/index.php\/2025\/03\/18\/mas-espacios-seguros-felifer-macias-entrega-rehabilitacion-del-parque-la-pena-ctm\/"]}]},{"@type":"ImageObject","inLanguage":"es","@id":"https:\/\/www.nexoinformativo.mx\/index.php\/2025\/03\/18\/mas-espacios-seguros-felifer-macias-entrega-rehabilitacion-del-parque-la-pena-ctm\/#primaryimage","url":"https:\/\/www.nexoinformativo.mx\/wp-content\/uploads\/2025\/03\/PHOTO-2025-03-18-14-43-14-e1742340541730.jpg","contentUrl":"https:\/\/www.nexoinformativo.mx\/wp-content\/uploads\/2025\/03\/PHOTO-2025-03-18-14-43-14-e1742340541730.jpg","width":800,"height":533},{"@type":"BreadcrumbList","@id":"https:\/\/www.nexoinformativo.mx\/index.php\/2025\/03\/18\/mas-espacios-seguros-felifer-macias-entrega-rehabilitacion-del-parque-la-pena-ctm\/#breadcrumb","itemListElement":[{"@type":"ListItem","position":1,"name":"Inicio","item":"https:\/\/www.nexoinformativo.mx\/"},{"@type":"ListItem","position":2,"name":"M\u00e1s espacios seguros Felifer Mac\u00edas entrega rehabilitaci\u00f3n del Parque La Pe\u00f1a CTM"}]},{"@type":"WebSite","@id":"https:\/\/www.nexoinformativo.mx\/#website","url":"https:\/\/www.nexoinformativo.mx\/","name":"Nexo Informativo Santiago de Quer\u00e9taro","description":"Explora NexoInformativo y convi\u00e9rtete en parte de una comunidad que valora el conocimiento y la verdad. Tu nexoinformativo es tu puente hacia una comprensi\u00f3n m\u00e1s profunda del mundo que te rodea.","publisher":{"@id":"https:\/\/www.nexoinformativo.mx\/#organization"},"potentialAction":[{"@type":"SearchAction","target":{"@type":"EntryPoint","urlTemplate":"https:\/\/www.nexoinformativo.mx\/?s={search_term_string}"},"query-input":{"@type":"PropertyValueSpecification","valueRequired":true,"valueName":"search_term_string"}}],"inLanguage":"es"},{"@type":"Organization","@id":"https:\/\/www.nexoinformativo.mx\/#organization","name":"Nexo Informativo Santiago de Quer\u00e9taro","url":"https:\/\/www.nexoinformativo.mx\/","logo":{"@type":"ImageObject","inLanguage":"es","@id":"https:\/\/www.nexoinformativo.mx\/#\/schema\/logo\/image\/","url":"https:\/\/www.nexoinformativo.mx\/wp-content\/uploads\/2024\/07\/nexoi-trasparente-2.png","contentUrl":"https:\/\/www.nexoinformativo.mx\/wp-content\/uploads\/2024\/07\/nexoi-trasparente-2.png","width":816,"height":339,"caption":"Nexo Informativo Santiago de Quer\u00e9taro"},"image":{"@id":"https:\/\/www.nexoinformativo.mx\/#\/schema\/logo\/image\/"},"sameAs":["https:\/\/www.facebook.com\/people\/Nexo-Informativo\/61564066885511\/"]},{"@type":"Person","@id":"https:\/\/www.nexoinformativo.mx\/#\/schema\/person\/7749d380ba08c8ca00d7bc76fd907b7d","name":"Nexo Informativo","image":{"@type":"ImageObject","inLanguage":"es","@id":"https:\/\/www.nexoinformativo.mx\/#\/schema\/person\/image\/","url":"https:\/\/secure.gravatar.com\/avatar\/dde2928154642a13d95f87ddf1ea9718fe2b46760a005c53e41ff5ad610704e6?s=96&d=mm&r=g","contentUrl":"https:\/\/secure.gravatar.com\/avatar\/dde2928154642a13d95f87ddf1ea9718fe2b46760a005c53e41ff5ad610704e6?s=96&d=mm&r=g","caption":"Nexo Informativo"},"url":"https:\/\/www.nexoinformativo.mx\/index.php\/author\/edicion\/"}]}},"_links":{"self":[{"href":"https:\/\/www.nexoinformativo.mx\/index.php\/wp-json\/wp\/v2\/posts\/12991","targetHints":{"allow":["GET"]}}],"collection":[{"href":"https:\/\/www.nexoinformativo.mx\/index.php\/wp-json\/wp\/v2\/posts"}],"about":[{"href":"https:\/\/www.nexoinformativo.mx\/index.php\/wp-json\/wp\/v2\/types\/post"}],"author":[{"embeddable":true,"href":"https:\/\/www.nexoinformativo.mx\/index.php\/wp-json\/wp\/v2\/users\/3"}],"replies":[{"embeddable":true,"href":"https:\/\/www.nexoinformativo.mx\/index.php\/wp-json\/wp\/v2\/comments?post=12991"}],"version-history":[{"count":6,"href":"https:\/\/www.nexoinformativo.mx\/index.php\/wp-json\/wp\/v2\/posts\/12991\/revisions"}],"predecessor-version":[{"id":12998,"href":"https:\/\/www.nexoinformativo.mx\/index.php\/wp-json\/wp\/v2\/posts\/12991\/revisions\/12998"}],"wp:featuredmedia":[{"embeddable":true,"href":"https:\/\/www.nexoinformativo.mx\/index.php\/wp-json\/wp\/v2\/media\/12992"}],"wp:attachment":[{"href":"https:\/\/www.nexoinformativo.mx\/index.php\/wp-json\/wp\/v2\/media?parent=12991"}],"wp:term":[{"taxonomy":"category","embeddable":true,"href":"https:\/\/www.nexoinformativo.mx\/index.php\/wp-json\/wp\/v2\/categories?post=12991"},{"taxonomy":"post_tag","embeddable":true,"href":"https:\/\/www.nexoinformativo.mx\/index.php\/wp-json\/wp\/v2\/tags?post=12991"}],"curies":[{"name":"wp","href":"https:\/\/api.w.org\/{rel}","templated":true}]}}