{"id":12999,"date":"2025-03-18T15:00:37","date_gmt":"2025-03-18T21:00:37","guid":{"rendered":"https:\/\/www.nexoinformativo.mx\/?p=12999"},"modified":"2025-03-18T17:35:07","modified_gmt":"2025-03-18T23:35:07","slug":"la-policia-de-san-juan-del-rio-recupera-motocicletas-robadas-una-con-reporte-desde-el-2020","status":"publish","type":"post","link":"https:\/\/www.nexoinformativo.mx\/index.php\/2025\/03\/18\/la-policia-de-san-juan-del-rio-recupera-motocicletas-robadas-una-con-reporte-desde-el-2020\/","title":{"rendered":"La Polic\u00eda de San Juan del R\u00edo recupera motocicletas robadas una con reporte desde el 2020"},"content":{"rendered":"<p style=\"text-align: justify;\" data-sourcepos=\"13:1-13:220\">La Polic\u00eda Municipal de San Juan del R\u00edo logr\u00f3 recuperar dos motocicletas con reporte de robo, en acciones de patrullaje preventivo realizadas en distintas colonias del municipio.<\/p>\n<p>&nbsp;<\/p>\n<p style=\"text-align: justify;\" data-sourcepos=\"15:1-15:364\">El primer aseguramiento se llev\u00f3 a cabo en la colonia Granjas Banth\u00ed, donde los oficiales detuvieron a un motociclista que circulaba sin espejos retrovisores.<\/p>\n<\/p>\n<p>&nbsp;<\/p>\n<p style=\"text-align: justify;\" data-sourcepos=\"15:1-15:364\">Tras una revisi\u00f3n, se confirm\u00f3 que la unidad contaba con un reporte de robo desde 2020 en el estado de Quer\u00e9taro. El conductor fue detenido y la motocicleta puesta a disposici\u00f3n de la autoridad competente.<\/p>\n<p>&nbsp;<\/p>\n<p style=\"text-align: justify;\" data-sourcepos=\"17:1-17:275\">El segundo caso se registr\u00f3 en la colonia Nuevo San Juan, donde las c\u00e1maras del C4 detectaron una motocicleta con reporte de robo vigente. Al verificar la unidad, se corrobor\u00f3 la informaci\u00f3n en la base de datos policial. La motocicleta fue asegurada y trasladada al corral\u00f3n.<\/p>\n<p>&nbsp;<\/p>\n<p style=\"text-align: justify;\" data-sourcepos=\"19:1-19:117\">Ambos casos fueron turnados a la Fiscal\u00eda General del Estado para continuar con las investigaciones correspondientes.<\/p>\n<p>&nbsp;<\/p>\n<p style=\"text-align: center;\" data-sourcepos=\"19:1-19:117\"><em><strong>\u00a1Informaci\u00f3n que transforma!<\/strong><\/em><\/p>\n","protected":false},"excerpt":{"rendered":"<p>La Polic\u00eda Municipal de San Juan del R\u00edo logr\u00f3 recuperar dos motocicletas con reporte de robo, en acciones de patrullaje preventivo realizadas en distintas colonias del municipio.<\/p>\n","protected":false},"author":3,"featured_media":13003,"comment_status":"open","ping_status":"open","sticky":false,"template":"","format":"standard","meta":{"footnotes":""},"categories":[65,58],"tags":[302,3821,382,207],"class_list":["post-12999","post","type-post","status-publish","format-standard","has-post-thumbnail","hentry","category-municipios","category-ultima-hora","tag-policiamunicipal","tag-robodemotos","tag-sanjuandelrio","tag-seguridadpublica"],"yoast_head":"<!-- This site is optimized with the Yoast SEO plugin v25.0 - https:\/\/yoast.com\/wordpress\/plugins\/seo\/ -->\n<title>La Polic\u00eda de San Juan del R\u00edo recupera motocicletas robadas una con reporte desde el 2020 | Nexo Informativo Santiago de Quer\u00e9taro<\/title>\n<meta name=\"description\" content=\"La Polic\u00eda de San Juan del R\u00edo recupera motocicletas robadas una con reporte desde el 2020\" \/>\n<meta name=\"robots\" content=\"index, follow, max-snippet:-1, max-image-preview:large, max-video-preview:-1\" \/>\n<link rel=\"canonical\" href=\"https:\/\/www.nexoinformativo.mx\/index.php\/2025\/03\/18\/la-policia-de-san-juan-del-rio-recupera-motocicletas-robadas-una-con-reporte-desde-el-2020\/\" \/>\n<meta property=\"og:locale\" content=\"es_MX\" \/>\n<meta property=\"og:type\" content=\"article\" \/>\n<meta property=\"og:title\" content=\"La Polic\u00eda de San Juan del R\u00edo recupera motocicletas robadas una con reporte desde el 2020 | Nexo Informativo Santiago de Quer\u00e9taro\" \/>\n<meta property=\"og:description\" content=\"La Polic\u00eda de San Juan del R\u00edo recupera motocicletas robadas una con reporte desde el 2020\" \/>\n<meta property=\"og:url\" content=\"https:\/\/www.nexoinformativo.mx\/index.php\/2025\/03\/18\/la-policia-de-san-juan-del-rio-recupera-motocicletas-robadas-una-con-reporte-desde-el-2020\/\" \/>\n<meta property=\"og:site_name\" content=\"Nexo Informativo Santiago de Quer\u00e9taro\" \/>\n<meta property=\"article:publisher\" content=\"https:\/\/www.facebook.com\/people\/Nexo-Informativo\/61564066885511\/\" \/>\n<meta property=\"article:published_time\" content=\"2025-03-18T21:00:37+00:00\" \/>\n<meta property=\"article:modified_time\" content=\"2025-03-18T23:35:07+00:00\" \/>\n<meta property=\"og:image\" content=\"https:\/\/www.nexoinformativo.mx\/wp-content\/uploads\/2025\/03\/PHOTO-2025-03-18-14-43-39-e1742340884509.jpg\" \/>\n\t<meta property=\"og:image:width\" content=\"800\" \/>\n\t<meta property=\"og:image:height\" content=\"671\" \/>\n\t<meta property=\"og:image:type\" content=\"image\/jpeg\" \/>\n<meta name=\"author\" content=\"Nexo Informativo\" \/>\n<meta name=\"twitter:card\" content=\"summary_large_image\" \/>\n<meta name=\"twitter:label1\" content=\"Escrito por\" \/>\n\t<meta name=\"twitter:data1\" content=\"Nexo Informativo\" \/>\n\t<meta name=\"twitter:label2\" content=\"Tiempo de lectura\" \/>\n\t<meta name=\"twitter:data2\" content=\"1 minuto\" \/>\n<script type=\"application\/ld+json\" class=\"yoast-schema-graph\">{\"@context\":\"https:\/\/schema.org\",\"@graph\":[{\"@type\":\"Article\",\"@id\":\"https:\/\/www.nexoinformativo.mx\/index.php\/2025\/03\/18\/la-policia-de-san-juan-del-rio-recupera-motocicletas-robadas-una-con-reporte-desde-el-2020\/#article\",\"isPartOf\":{\"@id\":\"https:\/\/www.nexoinformativo.mx\/index.php\/2025\/03\/18\/la-policia-de-san-juan-del-rio-recupera-motocicletas-robadas-una-con-reporte-desde-el-2020\/\"},\"author\":{\"name\":\"Nexo Informativo\",\"@id\":\"https:\/\/www.nexoinformativo.mx\/#\/schema\/person\/7749d380ba08c8ca00d7bc76fd907b7d\"},\"headline\":\"La Polic\u00eda de San Juan del R\u00edo recupera motocicletas robadas una con reporte desde el 2020\",\"datePublished\":\"2025-03-18T21:00:37+00:00\",\"dateModified\":\"2025-03-18T23:35:07+00:00\",\"mainEntityOfPage\":{\"@id\":\"https:\/\/www.nexoinformativo.mx\/index.php\/2025\/03\/18\/la-policia-de-san-juan-del-rio-recupera-motocicletas-robadas-una-con-reporte-desde-el-2020\/\"},\"wordCount\":182,\"commentCount\":0,\"publisher\":{\"@id\":\"https:\/\/www.nexoinformativo.mx\/#organization\"},\"image\":{\"@id\":\"https:\/\/www.nexoinformativo.mx\/index.php\/2025\/03\/18\/la-policia-de-san-juan-del-rio-recupera-motocicletas-robadas-una-con-reporte-desde-el-2020\/#primaryimage\"},\"thumbnailUrl\":\"https:\/\/www.nexoinformativo.mx\/wp-content\/uploads\/2025\/03\/PHOTO-2025-03-18-14-43-39-e1742340884509.jpg\",\"keywords\":[\"Polic\u00edamunicipal\",\"RoboDeMotos\",\"SanJuanDelR\u00edo\",\"SeguridadP\u00fablica\"],\"articleSection\":[\"Municipios\",\"\u00daltima Hora\"],\"inLanguage\":\"es\",\"potentialAction\":[{\"@type\":\"CommentAction\",\"name\":\"Comment\",\"target\":[\"https:\/\/www.nexoinformativo.mx\/index.php\/2025\/03\/18\/la-policia-de-san-juan-del-rio-recupera-motocicletas-robadas-una-con-reporte-desde-el-2020\/#respond\"]}]},{\"@type\":\"WebPage\",\"@id\":\"https:\/\/www.nexoinformativo.mx\/index.php\/2025\/03\/18\/la-policia-de-san-juan-del-rio-recupera-motocicletas-robadas-una-con-reporte-desde-el-2020\/\",\"url\":\"https:\/\/www.nexoinformativo.mx\/index.php\/2025\/03\/18\/la-policia-de-san-juan-del-rio-recupera-motocicletas-robadas-una-con-reporte-desde-el-2020\/\",\"name\":\"La Polic\u00eda de San Juan del R\u00edo recupera motocicletas robadas una con reporte desde el 2020 | Nexo Informativo Santiago de Quer\u00e9taro\",\"isPartOf\":{\"@id\":\"https:\/\/www.nexoinformativo.mx\/#website\"},\"primaryImageOfPage\":{\"@id\":\"https:\/\/www.nexoinformativo.mx\/index.php\/2025\/03\/18\/la-policia-de-san-juan-del-rio-recupera-motocicletas-robadas-una-con-reporte-desde-el-2020\/#primaryimage\"},\"image\":{\"@id\":\"https:\/\/www.nexoinformativo.mx\/index.php\/2025\/03\/18\/la-policia-de-san-juan-del-rio-recupera-motocicletas-robadas-una-con-reporte-desde-el-2020\/#primaryimage\"},\"thumbnailUrl\":\"https:\/\/www.nexoinformativo.mx\/wp-content\/uploads\/2025\/03\/PHOTO-2025-03-18-14-43-39-e1742340884509.jpg\",\"datePublished\":\"2025-03-18T21:00:37+00:00\",\"dateModified\":\"2025-03-18T23:35:07+00:00\",\"description\":\"La Polic\u00eda de San Juan del R\u00edo recupera motocicletas robadas una con reporte desde el 2020\",\"breadcrumb\":{\"@id\":\"https:\/\/www.nexoinformativo.mx\/index.php\/2025\/03\/18\/la-policia-de-san-juan-del-rio-recupera-motocicletas-robadas-una-con-reporte-desde-el-2020\/#breadcrumb\"},\"inLanguage\":\"es\",\"potentialAction\":[{\"@type\":\"ReadAction\",\"target\":[\"https:\/\/www.nexoinformativo.mx\/index.php\/2025\/03\/18\/la-policia-de-san-juan-del-rio-recupera-motocicletas-robadas-una-con-reporte-desde-el-2020\/\"]}]},{\"@type\":\"ImageObject\",\"inLanguage\":\"es\",\"@id\":\"https:\/\/www.nexoinformativo.mx\/index.php\/2025\/03\/18\/la-policia-de-san-juan-del-rio-recupera-motocicletas-robadas-una-con-reporte-desde-el-2020\/#primaryimage\",\"url\":\"https:\/\/www.nexoinformativo.mx\/wp-content\/uploads\/2025\/03\/PHOTO-2025-03-18-14-43-39-e1742340884509.jpg\",\"contentUrl\":\"https:\/\/www.nexoinformativo.mx\/wp-content\/uploads\/2025\/03\/PHOTO-2025-03-18-14-43-39-e1742340884509.jpg\",\"width\":800,\"height\":671},{\"@type\":\"BreadcrumbList\",\"@id\":\"https:\/\/www.nexoinformativo.mx\/index.php\/2025\/03\/18\/la-policia-de-san-juan-del-rio-recupera-motocicletas-robadas-una-con-reporte-desde-el-2020\/#breadcrumb\",\"itemListElement\":[{\"@type\":\"ListItem\",\"position\":1,\"name\":\"Inicio\",\"item\":\"https:\/\/www.nexoinformativo.mx\/\"},{\"@type\":\"ListItem\",\"position\":2,\"name\":\"La Polic\u00eda de San Juan del R\u00edo recupera motocicletas robadas una con reporte desde el 2020\"}]},{\"@type\":\"WebSite\",\"@id\":\"https:\/\/www.nexoinformativo.mx\/#website\",\"url\":\"https:\/\/www.nexoinformativo.mx\/\",\"name\":\"Nexo Informativo Santiago de Quer\u00e9taro\",\"description\":\"Explora NexoInformativo y convi\u00e9rtete en parte de una comunidad que valora el conocimiento y la verdad. Tu nexoinformativo es tu puente hacia una comprensi\u00f3n m\u00e1s profunda del mundo que te rodea.\",\"publisher\":{\"@id\":\"https:\/\/www.nexoinformativo.mx\/#organization\"},\"potentialAction\":[{\"@type\":\"SearchAction\",\"target\":{\"@type\":\"EntryPoint\",\"urlTemplate\":\"https:\/\/www.nexoinformativo.mx\/?s={search_term_string}\"},\"query-input\":{\"@type\":\"PropertyValueSpecification\",\"valueRequired\":true,\"valueName\":\"search_term_string\"}}],\"inLanguage\":\"es\"},{\"@type\":\"Organization\",\"@id\":\"https:\/\/www.nexoinformativo.mx\/#organization\",\"name\":\"Nexo Informativo Santiago de Quer\u00e9taro\",\"url\":\"https:\/\/www.nexoinformativo.mx\/\",\"logo\":{\"@type\":\"ImageObject\",\"inLanguage\":\"es\",\"@id\":\"https:\/\/www.nexoinformativo.mx\/#\/schema\/logo\/image\/\",\"url\":\"https:\/\/www.nexoinformativo.mx\/wp-content\/uploads\/2024\/07\/nexoi-trasparente-2.png\",\"contentUrl\":\"https:\/\/www.nexoinformativo.mx\/wp-content\/uploads\/2024\/07\/nexoi-trasparente-2.png\",\"width\":816,\"height\":339,\"caption\":\"Nexo Informativo Santiago de Quer\u00e9taro\"},\"image\":{\"@id\":\"https:\/\/www.nexoinformativo.mx\/#\/schema\/logo\/image\/\"},\"sameAs\":[\"https:\/\/www.facebook.com\/people\/Nexo-Informativo\/61564066885511\/\"]},{\"@type\":\"Person\",\"@id\":\"https:\/\/www.nexoinformativo.mx\/#\/schema\/person\/7749d380ba08c8ca00d7bc76fd907b7d\",\"name\":\"Nexo Informativo\",\"image\":{\"@type\":\"ImageObject\",\"inLanguage\":\"es\",\"@id\":\"https:\/\/www.nexoinformativo.mx\/#\/schema\/person\/image\/\",\"url\":\"https:\/\/secure.gravatar.com\/avatar\/dde2928154642a13d95f87ddf1ea9718fe2b46760a005c53e41ff5ad610704e6?s=96&d=mm&r=g\",\"contentUrl\":\"https:\/\/secure.gravatar.com\/avatar\/dde2928154642a13d95f87ddf1ea9718fe2b46760a005c53e41ff5ad610704e6?s=96&d=mm&r=g\",\"caption\":\"Nexo Informativo\"},\"url\":\"https:\/\/www.nexoinformativo.mx\/index.php\/author\/edicion\/\"}]}<\/script>\n<!-- \/ Yoast SEO plugin. -->","yoast_head_json":{"title":"La Polic\u00eda de San Juan del R\u00edo recupera motocicletas robadas una con reporte desde el 2020 | Nexo Informativo Santiago de Quer\u00e9taro","description":"La Polic\u00eda de San Juan del R\u00edo recupera motocicletas robadas una con reporte desde el 2020","robots":{"index":"index","follow":"follow","max-snippet":"max-snippet:-1","max-image-preview":"max-image-preview:large","max-video-preview":"max-video-preview:-1"},"canonical":"https:\/\/www.nexoinformativo.mx\/index.php\/2025\/03\/18\/la-policia-de-san-juan-del-rio-recupera-motocicletas-robadas-una-con-reporte-desde-el-2020\/","og_locale":"es_MX","og_type":"article","og_title":"La Polic\u00eda de San Juan del R\u00edo recupera motocicletas robadas una con reporte desde el 2020 | Nexo Informativo Santiago de Quer\u00e9taro","og_description":"La Polic\u00eda de San Juan del R\u00edo recupera motocicletas robadas una con reporte desde el 2020","og_url":"https:\/\/www.nexoinformativo.mx\/index.php\/2025\/03\/18\/la-policia-de-san-juan-del-rio-recupera-motocicletas-robadas-una-con-reporte-desde-el-2020\/","og_site_name":"Nexo Informativo Santiago de Quer\u00e9taro","article_publisher":"https:\/\/www.facebook.com\/people\/Nexo-Informativo\/61564066885511\/","article_published_time":"2025-03-18T21:00:37+00:00","article_modified_time":"2025-03-18T23:35:07+00:00","og_image":[{"width":800,"height":671,"url":"https:\/\/www.nexoinformativo.mx\/wp-content\/uploads\/2025\/03\/PHOTO-2025-03-18-14-43-39-e1742340884509.jpg","type":"image\/jpeg"}],"author":"Nexo Informativo","twitter_card":"summary_large_image","twitter_misc":{"Escrito por":"Nexo Informativo","Tiempo de lectura":"1 minuto"},"schema":{"@context":"https:\/\/schema.org","@graph":[{"@type":"Article","@id":"https:\/\/www.nexoinformativo.mx\/index.php\/2025\/03\/18\/la-policia-de-san-juan-del-rio-recupera-motocicletas-robadas-una-con-reporte-desde-el-2020\/#article","isPartOf":{"@id":"https:\/\/www.nexoinformativo.mx\/index.php\/2025\/03\/18\/la-policia-de-san-juan-del-rio-recupera-motocicletas-robadas-una-con-reporte-desde-el-2020\/"},"author":{"name":"Nexo Informativo","@id":"https:\/\/www.nexoinformativo.mx\/#\/schema\/person\/7749d380ba08c8ca00d7bc76fd907b7d"},"headline":"La Polic\u00eda de San Juan del R\u00edo recupera motocicletas robadas una con reporte desde el 2020","datePublished":"2025-03-18T21:00:37+00:00","dateModified":"2025-03-18T23:35:07+00:00","mainEntityOfPage":{"@id":"https:\/\/www.nexoinformativo.mx\/index.php\/2025\/03\/18\/la-policia-de-san-juan-del-rio-recupera-motocicletas-robadas-una-con-reporte-desde-el-2020\/"},"wordCount":182,"commentCount":0,"publisher":{"@id":"https:\/\/www.nexoinformativo.mx\/#organization"},"image":{"@id":"https:\/\/www.nexoinformativo.mx\/index.php\/2025\/03\/18\/la-policia-de-san-juan-del-rio-recupera-motocicletas-robadas-una-con-reporte-desde-el-2020\/#primaryimage"},"thumbnailUrl":"https:\/\/www.nexoinformativo.mx\/wp-content\/uploads\/2025\/03\/PHOTO-2025-03-18-14-43-39-e1742340884509.jpg","keywords":["Polic\u00edamunicipal","RoboDeMotos","SanJuanDelR\u00edo","SeguridadP\u00fablica"],"articleSection":["Municipios","\u00daltima Hora"],"inLanguage":"es","potentialAction":[{"@type":"CommentAction","name":"Comment","target":["https:\/\/www.nexoinformativo.mx\/index.php\/2025\/03\/18\/la-policia-de-san-juan-del-rio-recupera-motocicletas-robadas-una-con-reporte-desde-el-2020\/#respond"]}]},{"@type":"WebPage","@id":"https:\/\/www.nexoinformativo.mx\/index.php\/2025\/03\/18\/la-policia-de-san-juan-del-rio-recupera-motocicletas-robadas-una-con-reporte-desde-el-2020\/","url":"https:\/\/www.nexoinformativo.mx\/index.php\/2025\/03\/18\/la-policia-de-san-juan-del-rio-recupera-motocicletas-robadas-una-con-reporte-desde-el-2020\/","name":"La Polic\u00eda de San Juan del R\u00edo recupera motocicletas robadas una con reporte desde el 2020 | Nexo Informativo Santiago de Quer\u00e9taro","isPartOf":{"@id":"https:\/\/www.nexoinformativo.mx\/#website"},"primaryImageOfPage":{"@id":"https:\/\/www.nexoinformativo.mx\/index.php\/2025\/03\/18\/la-policia-de-san-juan-del-rio-recupera-motocicletas-robadas-una-con-reporte-desde-el-2020\/#primaryimage"},"image":{"@id":"https:\/\/www.nexoinformativo.mx\/index.php\/2025\/03\/18\/la-policia-de-san-juan-del-rio-recupera-motocicletas-robadas-una-con-reporte-desde-el-2020\/#primaryimage"},"thumbnailUrl":"https:\/\/www.nexoinformativo.mx\/wp-content\/uploads\/2025\/03\/PHOTO-2025-03-18-14-43-39-e1742340884509.jpg","datePublished":"2025-03-18T21:00:37+00:00","dateModified":"2025-03-18T23:35:07+00:00","description":"La Polic\u00eda de San Juan del R\u00edo recupera motocicletas robadas una con reporte desde el 2020","breadcrumb":{"@id":"https:\/\/www.nexoinformativo.mx\/index.php\/2025\/03\/18\/la-policia-de-san-juan-del-rio-recupera-motocicletas-robadas-una-con-reporte-desde-el-2020\/#breadcrumb"},"inLanguage":"es","potentialAction":[{"@type":"ReadAction","target":["https:\/\/www.nexoinformativo.mx\/index.php\/2025\/03\/18\/la-policia-de-san-juan-del-rio-recupera-motocicletas-robadas-una-con-reporte-desde-el-2020\/"]}]},{"@type":"ImageObject","inLanguage":"es","@id":"https:\/\/www.nexoinformativo.mx\/index.php\/2025\/03\/18\/la-policia-de-san-juan-del-rio-recupera-motocicletas-robadas-una-con-reporte-desde-el-2020\/#primaryimage","url":"https:\/\/www.nexoinformativo.mx\/wp-content\/uploads\/2025\/03\/PHOTO-2025-03-18-14-43-39-e1742340884509.jpg","contentUrl":"https:\/\/www.nexoinformativo.mx\/wp-content\/uploads\/2025\/03\/PHOTO-2025-03-18-14-43-39-e1742340884509.jpg","width":800,"height":671},{"@type":"BreadcrumbList","@id":"https:\/\/www.nexoinformativo.mx\/index.php\/2025\/03\/18\/la-policia-de-san-juan-del-rio-recupera-motocicletas-robadas-una-con-reporte-desde-el-2020\/#breadcrumb","itemListElement":[{"@type":"ListItem","position":1,"name":"Inicio","item":"https:\/\/www.nexoinformativo.mx\/"},{"@type":"ListItem","position":2,"name":"La Polic\u00eda de San Juan del R\u00edo recupera motocicletas robadas una con reporte desde el 2020"}]},{"@type":"WebSite","@id":"https:\/\/www.nexoinformativo.mx\/#website","url":"https:\/\/www.nexoinformativo.mx\/","name":"Nexo Informativo Santiago de Quer\u00e9taro","description":"Explora NexoInformativo y convi\u00e9rtete en parte de una comunidad que valora el conocimiento y la verdad. Tu nexoinformativo es tu puente hacia una comprensi\u00f3n m\u00e1s profunda del mundo que te rodea.","publisher":{"@id":"https:\/\/www.nexoinformativo.mx\/#organization"},"potentialAction":[{"@type":"SearchAction","target":{"@type":"EntryPoint","urlTemplate":"https:\/\/www.nexoinformativo.mx\/?s={search_term_string}"},"query-input":{"@type":"PropertyValueSpecification","valueRequired":true,"valueName":"search_term_string"}}],"inLanguage":"es"},{"@type":"Organization","@id":"https:\/\/www.nexoinformativo.mx\/#organization","name":"Nexo Informativo Santiago de Quer\u00e9taro","url":"https:\/\/www.nexoinformativo.mx\/","logo":{"@type":"ImageObject","inLanguage":"es","@id":"https:\/\/www.nexoinformativo.mx\/#\/schema\/logo\/image\/","url":"https:\/\/www.nexoinformativo.mx\/wp-content\/uploads\/2024\/07\/nexoi-trasparente-2.png","contentUrl":"https:\/\/www.nexoinformativo.mx\/wp-content\/uploads\/2024\/07\/nexoi-trasparente-2.png","width":816,"height":339,"caption":"Nexo Informativo Santiago de Quer\u00e9taro"},"image":{"@id":"https:\/\/www.nexoinformativo.mx\/#\/schema\/logo\/image\/"},"sameAs":["https:\/\/www.facebook.com\/people\/Nexo-Informativo\/61564066885511\/"]},{"@type":"Person","@id":"https:\/\/www.nexoinformativo.mx\/#\/schema\/person\/7749d380ba08c8ca00d7bc76fd907b7d","name":"Nexo Informativo","image":{"@type":"ImageObject","inLanguage":"es","@id":"https:\/\/www.nexoinformativo.mx\/#\/schema\/person\/image\/","url":"https:\/\/secure.gravatar.com\/avatar\/dde2928154642a13d95f87ddf1ea9718fe2b46760a005c53e41ff5ad610704e6?s=96&d=mm&r=g","contentUrl":"https:\/\/secure.gravatar.com\/avatar\/dde2928154642a13d95f87ddf1ea9718fe2b46760a005c53e41ff5ad610704e6?s=96&d=mm&r=g","caption":"Nexo Informativo"},"url":"https:\/\/www.nexoinformativo.mx\/index.php\/author\/edicion\/"}]}},"_links":{"self":[{"href":"https:\/\/www.nexoinformativo.mx\/index.php\/wp-json\/wp\/v2\/posts\/12999","targetHints":{"allow":["GET"]}}],"collection":[{"href":"https:\/\/www.nexoinformativo.mx\/index.php\/wp-json\/wp\/v2\/posts"}],"about":[{"href":"https:\/\/www.nexoinformativo.mx\/index.php\/wp-json\/wp\/v2\/types\/post"}],"author":[{"embeddable":true,"href":"https:\/\/www.nexoinformativo.mx\/index.php\/wp-json\/wp\/v2\/users\/3"}],"replies":[{"embeddable":true,"href":"https:\/\/www.nexoinformativo.mx\/index.php\/wp-json\/wp\/v2\/comments?post=12999"}],"version-history":[{"count":6,"href":"https:\/\/www.nexoinformativo.mx\/index.php\/wp-json\/wp\/v2\/posts\/12999\/revisions"}],"predecessor-version":[{"id":13005,"href":"https:\/\/www.nexoinformativo.mx\/index.php\/wp-json\/wp\/v2\/posts\/12999\/revisions\/13005"}],"wp:featuredmedia":[{"embeddable":true,"href":"https:\/\/www.nexoinformativo.mx\/index.php\/wp-json\/wp\/v2\/media\/13003"}],"wp:attachment":[{"href":"https:\/\/www.nexoinformativo.mx\/index.php\/wp-json\/wp\/v2\/media?parent=12999"}],"wp:term":[{"taxonomy":"category","embeddable":true,"href":"https:\/\/www.nexoinformativo.mx\/index.php\/wp-json\/wp\/v2\/categories?post=12999"},{"taxonomy":"post_tag","embeddable":true,"href":"https:\/\/www.nexoinformativo.mx\/index.php\/wp-json\/wp\/v2\/tags?post=12999"}],"curies":[{"name":"wp","href":"https:\/\/api.w.org\/{rel}","templated":true}]}}