{"id":13018,"date":"2025-03-19T08:00:13","date_gmt":"2025-03-19T14:00:13","guid":{"rendered":"https:\/\/www.nexoinformativo.mx\/?p=13018"},"modified":"2025-03-19T11:04:35","modified_gmt":"2025-03-19T17:04:35","slug":"queretaro-lider-en-educacion-kuri-impulsa-innovacion-con-congreso-nacional-para-17-mil-docentes","status":"publish","type":"post","link":"https:\/\/www.nexoinformativo.mx\/index.php\/2025\/03\/19\/queretaro-lider-en-educacion-kuri-impulsa-innovacion-con-congreso-nacional-para-17-mil-docentes\/","title":{"rendered":"Quer\u00e9taro l\u00edder en educaci\u00f3n Kuri impulsa innovaci\u00f3n con congreso nacional para 17 mil docentes"},"content":{"rendered":"<p style=\"text-align: justify;\" data-sourcepos=\"13:1-13:322\">El gobernador Mauricio Kuri encabez\u00f3 el Primer Congreso Nacional de Innovaci\u00f3n y Gesti\u00f3n Educativa, un evento que busca fortalecer la calidad educativa en el estado, capacitando a 17 mil docentes y directivos de educaci\u00f3n b\u00e1sica p\u00fablica en el uso de una nueva plataforma digital.<\/p>\n<p>&nbsp;<\/p>\n<p style=\"text-align: justify;\" data-sourcepos=\"15:1-15:186\">Durante el congreso, Kuri Gonz\u00e1lez resalt\u00f3 la importancia de los maestros como gu\u00edas para los ni\u00f1os y ni\u00f1as, y los invit\u00f3 a aprovechar las conferencias y herramientas que se presentaron.<\/p>\n<p>&nbsp;<\/p>\n<p style=\"text-align: justify;\" data-sourcepos=\"17:1-17:248\">La coordinadora general de la USEBEQ, Irene Quintanar Mej\u00eda, destac\u00f3 que la nueva plataforma digital permitir\u00e1 a los docentes acceder a contenido formativo de manera continua, facilitando la actualizaci\u00f3n de conocimientos y el aprendizaje aut\u00f3nomo.<\/p>\n<p>&nbsp;<\/p>\n<p style=\"text-align: justify;\" data-sourcepos=\"19:1-19:194\">Adem\u00e1s, se inform\u00f3 que se est\u00e1 capacitando al magisterio en el idioma ingl\u00e9s y en el \u00e1mbito socioemocional, como parte de una estrategia integral para el desarrollo formativo de los estudiantes.<\/p>\n<p>&nbsp;<\/p>\n<p style=\"text-align: justify;\" data-sourcepos=\"21:1-21:156\">Quintanar Mej\u00eda agradeci\u00f3 el apoyo del gobernador Kuri Gonz\u00e1lez, quien ha demostrado su confianza en el magisterio y su compromiso con la educaci\u00f3n digital.<\/p>\n<p>&nbsp;<\/p>\n<p style=\"text-align: center;\" data-sourcepos=\"21:1-21:156\"><em><strong>\u00a1Informaci\u00f3n que transforma!<\/strong><\/em><\/p>\n","protected":false},"excerpt":{"rendered":"<p>El gobernador Mauricio Kuri encabez\u00f3 el Primer Congreso Nacional de Innovaci\u00f3n y Gesti\u00f3n Educativa, un evento que busca fortalecer la calidad educativa en el estado, capacitando a 17 mil docentes y directivos de educaci\u00f3n b\u00e1sica p\u00fablica en el uso de una nueva plataforma digital<\/p>\n","protected":false},"author":3,"featured_media":13020,"comment_status":"open","ping_status":"open","sticky":false,"template":"","format":"standard","meta":{"footnotes":""},"categories":[42,58],"tags":[495,221,661,254],"class_list":["post-13018","post","type-post","status-publish","format-standard","has-post-thumbnail","hentry","category-estado","category-ultima-hora","tag-educacionqueretaro","tag-innovacioneducativa","tag-mauriciokuri","tag-usebeq"],"yoast_head":"<!-- This site is optimized with the Yoast SEO plugin v25.0 - https:\/\/yoast.com\/wordpress\/plugins\/seo\/ -->\n<title>Quer\u00e9taro l\u00edder en educaci\u00f3n Kuri impulsa innovaci\u00f3n con congreso nacional para 17 mil docentes | Nexo Informativo Santiago de Quer\u00e9taro<\/title>\n<meta name=\"description\" content=\"Quer\u00e9taro l\u00edder en educaci\u00f3n Kuri impulsa innovaci\u00f3n con congreso nacional para 17 mil docentes\" \/>\n<meta name=\"robots\" content=\"index, follow, max-snippet:-1, max-image-preview:large, max-video-preview:-1\" \/>\n<link rel=\"canonical\" href=\"https:\/\/www.nexoinformativo.mx\/index.php\/2025\/03\/19\/queretaro-lider-en-educacion-kuri-impulsa-innovacion-con-congreso-nacional-para-17-mil-docentes\/\" \/>\n<meta property=\"og:locale\" content=\"es_MX\" \/>\n<meta property=\"og:type\" content=\"article\" \/>\n<meta property=\"og:title\" content=\"Quer\u00e9taro l\u00edder en educaci\u00f3n Kuri impulsa innovaci\u00f3n con congreso nacional para 17 mil docentes | Nexo Informativo Santiago de Quer\u00e9taro\" \/>\n<meta property=\"og:description\" content=\"Quer\u00e9taro l\u00edder en educaci\u00f3n Kuri impulsa innovaci\u00f3n con congreso nacional para 17 mil docentes\" \/>\n<meta property=\"og:url\" content=\"https:\/\/www.nexoinformativo.mx\/index.php\/2025\/03\/19\/queretaro-lider-en-educacion-kuri-impulsa-innovacion-con-congreso-nacional-para-17-mil-docentes\/\" \/>\n<meta property=\"og:site_name\" content=\"Nexo Informativo Santiago de Quer\u00e9taro\" \/>\n<meta property=\"article:publisher\" content=\"https:\/\/www.facebook.com\/people\/Nexo-Informativo\/61564066885511\/\" \/>\n<meta property=\"article:published_time\" content=\"2025-03-19T14:00:13+00:00\" \/>\n<meta property=\"article:modified_time\" content=\"2025-03-19T17:04:35+00:00\" \/>\n<meta property=\"og:image\" content=\"https:\/\/www.nexoinformativo.mx\/wp-content\/uploads\/2025\/03\/PHOTO-2025-03-19-09-18-00-e1742403749754.jpg\" \/>\n\t<meta property=\"og:image:width\" content=\"800\" \/>\n\t<meta property=\"og:image:height\" content=\"534\" \/>\n\t<meta property=\"og:image:type\" content=\"image\/jpeg\" \/>\n<meta name=\"author\" content=\"Nexo Informativo\" \/>\n<meta name=\"twitter:card\" content=\"summary_large_image\" \/>\n<meta name=\"twitter:label1\" content=\"Escrito por\" \/>\n\t<meta name=\"twitter:data1\" content=\"Nexo Informativo\" \/>\n\t<meta name=\"twitter:label2\" content=\"Tiempo de lectura\" \/>\n\t<meta name=\"twitter:data2\" content=\"1 minuto\" \/>\n<script type=\"application\/ld+json\" class=\"yoast-schema-graph\">{\"@context\":\"https:\/\/schema.org\",\"@graph\":[{\"@type\":\"Article\",\"@id\":\"https:\/\/www.nexoinformativo.mx\/index.php\/2025\/03\/19\/queretaro-lider-en-educacion-kuri-impulsa-innovacion-con-congreso-nacional-para-17-mil-docentes\/#article\",\"isPartOf\":{\"@id\":\"https:\/\/www.nexoinformativo.mx\/index.php\/2025\/03\/19\/queretaro-lider-en-educacion-kuri-impulsa-innovacion-con-congreso-nacional-para-17-mil-docentes\/\"},\"author\":{\"name\":\"Nexo Informativo\",\"@id\":\"https:\/\/www.nexoinformativo.mx\/#\/schema\/person\/7749d380ba08c8ca00d7bc76fd907b7d\"},\"headline\":\"Quer\u00e9taro l\u00edder en educaci\u00f3n Kuri impulsa innovaci\u00f3n con congreso nacional para 17 mil docentes\",\"datePublished\":\"2025-03-19T14:00:13+00:00\",\"dateModified\":\"2025-03-19T17:04:35+00:00\",\"mainEntityOfPage\":{\"@id\":\"https:\/\/www.nexoinformativo.mx\/index.php\/2025\/03\/19\/queretaro-lider-en-educacion-kuri-impulsa-innovacion-con-congreso-nacional-para-17-mil-docentes\/\"},\"wordCount\":206,\"commentCount\":0,\"publisher\":{\"@id\":\"https:\/\/www.nexoinformativo.mx\/#organization\"},\"image\":{\"@id\":\"https:\/\/www.nexoinformativo.mx\/index.php\/2025\/03\/19\/queretaro-lider-en-educacion-kuri-impulsa-innovacion-con-congreso-nacional-para-17-mil-docentes\/#primaryimage\"},\"thumbnailUrl\":\"https:\/\/www.nexoinformativo.mx\/wp-content\/uploads\/2025\/03\/PHOTO-2025-03-19-09-18-00-e1742403749754.jpg\",\"keywords\":[\"Educaci\u00f3nQuer\u00e9taro\",\"Innovaci\u00f3nEducativa\",\"MauricioKuri\",\"USEBEQ\"],\"articleSection\":[\"Estado\",\"\u00daltima Hora\"],\"inLanguage\":\"es\",\"potentialAction\":[{\"@type\":\"CommentAction\",\"name\":\"Comment\",\"target\":[\"https:\/\/www.nexoinformativo.mx\/index.php\/2025\/03\/19\/queretaro-lider-en-educacion-kuri-impulsa-innovacion-con-congreso-nacional-para-17-mil-docentes\/#respond\"]}]},{\"@type\":\"WebPage\",\"@id\":\"https:\/\/www.nexoinformativo.mx\/index.php\/2025\/03\/19\/queretaro-lider-en-educacion-kuri-impulsa-innovacion-con-congreso-nacional-para-17-mil-docentes\/\",\"url\":\"https:\/\/www.nexoinformativo.mx\/index.php\/2025\/03\/19\/queretaro-lider-en-educacion-kuri-impulsa-innovacion-con-congreso-nacional-para-17-mil-docentes\/\",\"name\":\"Quer\u00e9taro l\u00edder en educaci\u00f3n Kuri impulsa innovaci\u00f3n con congreso nacional para 17 mil docentes | Nexo Informativo Santiago de Quer\u00e9taro\",\"isPartOf\":{\"@id\":\"https:\/\/www.nexoinformativo.mx\/#website\"},\"primaryImageOfPage\":{\"@id\":\"https:\/\/www.nexoinformativo.mx\/index.php\/2025\/03\/19\/queretaro-lider-en-educacion-kuri-impulsa-innovacion-con-congreso-nacional-para-17-mil-docentes\/#primaryimage\"},\"image\":{\"@id\":\"https:\/\/www.nexoinformativo.mx\/index.php\/2025\/03\/19\/queretaro-lider-en-educacion-kuri-impulsa-innovacion-con-congreso-nacional-para-17-mil-docentes\/#primaryimage\"},\"thumbnailUrl\":\"https:\/\/www.nexoinformativo.mx\/wp-content\/uploads\/2025\/03\/PHOTO-2025-03-19-09-18-00-e1742403749754.jpg\",\"datePublished\":\"2025-03-19T14:00:13+00:00\",\"dateModified\":\"2025-03-19T17:04:35+00:00\",\"description\":\"Quer\u00e9taro l\u00edder en educaci\u00f3n Kuri impulsa innovaci\u00f3n con congreso nacional para 17 mil docentes\",\"breadcrumb\":{\"@id\":\"https:\/\/www.nexoinformativo.mx\/index.php\/2025\/03\/19\/queretaro-lider-en-educacion-kuri-impulsa-innovacion-con-congreso-nacional-para-17-mil-docentes\/#breadcrumb\"},\"inLanguage\":\"es\",\"potentialAction\":[{\"@type\":\"ReadAction\",\"target\":[\"https:\/\/www.nexoinformativo.mx\/index.php\/2025\/03\/19\/queretaro-lider-en-educacion-kuri-impulsa-innovacion-con-congreso-nacional-para-17-mil-docentes\/\"]}]},{\"@type\":\"ImageObject\",\"inLanguage\":\"es\",\"@id\":\"https:\/\/www.nexoinformativo.mx\/index.php\/2025\/03\/19\/queretaro-lider-en-educacion-kuri-impulsa-innovacion-con-congreso-nacional-para-17-mil-docentes\/#primaryimage\",\"url\":\"https:\/\/www.nexoinformativo.mx\/wp-content\/uploads\/2025\/03\/PHOTO-2025-03-19-09-18-00-e1742403749754.jpg\",\"contentUrl\":\"https:\/\/www.nexoinformativo.mx\/wp-content\/uploads\/2025\/03\/PHOTO-2025-03-19-09-18-00-e1742403749754.jpg\",\"width\":800,\"height\":534},{\"@type\":\"BreadcrumbList\",\"@id\":\"https:\/\/www.nexoinformativo.mx\/index.php\/2025\/03\/19\/queretaro-lider-en-educacion-kuri-impulsa-innovacion-con-congreso-nacional-para-17-mil-docentes\/#breadcrumb\",\"itemListElement\":[{\"@type\":\"ListItem\",\"position\":1,\"name\":\"Inicio\",\"item\":\"https:\/\/www.nexoinformativo.mx\/\"},{\"@type\":\"ListItem\",\"position\":2,\"name\":\"Quer\u00e9taro l\u00edder en educaci\u00f3n Kuri impulsa innovaci\u00f3n con congreso nacional para 17 mil docentes\"}]},{\"@type\":\"WebSite\",\"@id\":\"https:\/\/www.nexoinformativo.mx\/#website\",\"url\":\"https:\/\/www.nexoinformativo.mx\/\",\"name\":\"Nexo Informativo Santiago de Quer\u00e9taro\",\"description\":\"Explora NexoInformativo y convi\u00e9rtete en parte de una comunidad que valora el conocimiento y la verdad. Tu nexoinformativo es tu puente hacia una comprensi\u00f3n m\u00e1s profunda del mundo que te rodea.\",\"publisher\":{\"@id\":\"https:\/\/www.nexoinformativo.mx\/#organization\"},\"potentialAction\":[{\"@type\":\"SearchAction\",\"target\":{\"@type\":\"EntryPoint\",\"urlTemplate\":\"https:\/\/www.nexoinformativo.mx\/?s={search_term_string}\"},\"query-input\":{\"@type\":\"PropertyValueSpecification\",\"valueRequired\":true,\"valueName\":\"search_term_string\"}}],\"inLanguage\":\"es\"},{\"@type\":\"Organization\",\"@id\":\"https:\/\/www.nexoinformativo.mx\/#organization\",\"name\":\"Nexo Informativo Santiago de Quer\u00e9taro\",\"url\":\"https:\/\/www.nexoinformativo.mx\/\",\"logo\":{\"@type\":\"ImageObject\",\"inLanguage\":\"es\",\"@id\":\"https:\/\/www.nexoinformativo.mx\/#\/schema\/logo\/image\/\",\"url\":\"https:\/\/www.nexoinformativo.mx\/wp-content\/uploads\/2024\/07\/nexoi-trasparente-2.png\",\"contentUrl\":\"https:\/\/www.nexoinformativo.mx\/wp-content\/uploads\/2024\/07\/nexoi-trasparente-2.png\",\"width\":816,\"height\":339,\"caption\":\"Nexo Informativo Santiago de Quer\u00e9taro\"},\"image\":{\"@id\":\"https:\/\/www.nexoinformativo.mx\/#\/schema\/logo\/image\/\"},\"sameAs\":[\"https:\/\/www.facebook.com\/people\/Nexo-Informativo\/61564066885511\/\"]},{\"@type\":\"Person\",\"@id\":\"https:\/\/www.nexoinformativo.mx\/#\/schema\/person\/7749d380ba08c8ca00d7bc76fd907b7d\",\"name\":\"Nexo Informativo\",\"image\":{\"@type\":\"ImageObject\",\"inLanguage\":\"es\",\"@id\":\"https:\/\/www.nexoinformativo.mx\/#\/schema\/person\/image\/\",\"url\":\"https:\/\/secure.gravatar.com\/avatar\/dde2928154642a13d95f87ddf1ea9718fe2b46760a005c53e41ff5ad610704e6?s=96&d=mm&r=g\",\"contentUrl\":\"https:\/\/secure.gravatar.com\/avatar\/dde2928154642a13d95f87ddf1ea9718fe2b46760a005c53e41ff5ad610704e6?s=96&d=mm&r=g\",\"caption\":\"Nexo Informativo\"},\"url\":\"https:\/\/www.nexoinformativo.mx\/index.php\/author\/edicion\/\"}]}<\/script>\n<!-- \/ Yoast SEO plugin. -->","yoast_head_json":{"title":"Quer\u00e9taro l\u00edder en educaci\u00f3n Kuri impulsa innovaci\u00f3n con congreso nacional para 17 mil docentes | Nexo Informativo Santiago de Quer\u00e9taro","description":"Quer\u00e9taro l\u00edder en educaci\u00f3n Kuri impulsa innovaci\u00f3n con congreso nacional para 17 mil docentes","robots":{"index":"index","follow":"follow","max-snippet":"max-snippet:-1","max-image-preview":"max-image-preview:large","max-video-preview":"max-video-preview:-1"},"canonical":"https:\/\/www.nexoinformativo.mx\/index.php\/2025\/03\/19\/queretaro-lider-en-educacion-kuri-impulsa-innovacion-con-congreso-nacional-para-17-mil-docentes\/","og_locale":"es_MX","og_type":"article","og_title":"Quer\u00e9taro l\u00edder en educaci\u00f3n Kuri impulsa innovaci\u00f3n con congreso nacional para 17 mil docentes | Nexo Informativo Santiago de Quer\u00e9taro","og_description":"Quer\u00e9taro l\u00edder en educaci\u00f3n Kuri impulsa innovaci\u00f3n con congreso nacional para 17 mil docentes","og_url":"https:\/\/www.nexoinformativo.mx\/index.php\/2025\/03\/19\/queretaro-lider-en-educacion-kuri-impulsa-innovacion-con-congreso-nacional-para-17-mil-docentes\/","og_site_name":"Nexo Informativo Santiago de Quer\u00e9taro","article_publisher":"https:\/\/www.facebook.com\/people\/Nexo-Informativo\/61564066885511\/","article_published_time":"2025-03-19T14:00:13+00:00","article_modified_time":"2025-03-19T17:04:35+00:00","og_image":[{"width":800,"height":534,"url":"https:\/\/www.nexoinformativo.mx\/wp-content\/uploads\/2025\/03\/PHOTO-2025-03-19-09-18-00-e1742403749754.jpg","type":"image\/jpeg"}],"author":"Nexo Informativo","twitter_card":"summary_large_image","twitter_misc":{"Escrito por":"Nexo Informativo","Tiempo de lectura":"1 minuto"},"schema":{"@context":"https:\/\/schema.org","@graph":[{"@type":"Article","@id":"https:\/\/www.nexoinformativo.mx\/index.php\/2025\/03\/19\/queretaro-lider-en-educacion-kuri-impulsa-innovacion-con-congreso-nacional-para-17-mil-docentes\/#article","isPartOf":{"@id":"https:\/\/www.nexoinformativo.mx\/index.php\/2025\/03\/19\/queretaro-lider-en-educacion-kuri-impulsa-innovacion-con-congreso-nacional-para-17-mil-docentes\/"},"author":{"name":"Nexo Informativo","@id":"https:\/\/www.nexoinformativo.mx\/#\/schema\/person\/7749d380ba08c8ca00d7bc76fd907b7d"},"headline":"Quer\u00e9taro l\u00edder en educaci\u00f3n Kuri impulsa innovaci\u00f3n con congreso nacional para 17 mil docentes","datePublished":"2025-03-19T14:00:13+00:00","dateModified":"2025-03-19T17:04:35+00:00","mainEntityOfPage":{"@id":"https:\/\/www.nexoinformativo.mx\/index.php\/2025\/03\/19\/queretaro-lider-en-educacion-kuri-impulsa-innovacion-con-congreso-nacional-para-17-mil-docentes\/"},"wordCount":206,"commentCount":0,"publisher":{"@id":"https:\/\/www.nexoinformativo.mx\/#organization"},"image":{"@id":"https:\/\/www.nexoinformativo.mx\/index.php\/2025\/03\/19\/queretaro-lider-en-educacion-kuri-impulsa-innovacion-con-congreso-nacional-para-17-mil-docentes\/#primaryimage"},"thumbnailUrl":"https:\/\/www.nexoinformativo.mx\/wp-content\/uploads\/2025\/03\/PHOTO-2025-03-19-09-18-00-e1742403749754.jpg","keywords":["Educaci\u00f3nQuer\u00e9taro","Innovaci\u00f3nEducativa","MauricioKuri","USEBEQ"],"articleSection":["Estado","\u00daltima Hora"],"inLanguage":"es","potentialAction":[{"@type":"CommentAction","name":"Comment","target":["https:\/\/www.nexoinformativo.mx\/index.php\/2025\/03\/19\/queretaro-lider-en-educacion-kuri-impulsa-innovacion-con-congreso-nacional-para-17-mil-docentes\/#respond"]}]},{"@type":"WebPage","@id":"https:\/\/www.nexoinformativo.mx\/index.php\/2025\/03\/19\/queretaro-lider-en-educacion-kuri-impulsa-innovacion-con-congreso-nacional-para-17-mil-docentes\/","url":"https:\/\/www.nexoinformativo.mx\/index.php\/2025\/03\/19\/queretaro-lider-en-educacion-kuri-impulsa-innovacion-con-congreso-nacional-para-17-mil-docentes\/","name":"Quer\u00e9taro l\u00edder en educaci\u00f3n Kuri impulsa innovaci\u00f3n con congreso nacional para 17 mil docentes | Nexo Informativo Santiago de Quer\u00e9taro","isPartOf":{"@id":"https:\/\/www.nexoinformativo.mx\/#website"},"primaryImageOfPage":{"@id":"https:\/\/www.nexoinformativo.mx\/index.php\/2025\/03\/19\/queretaro-lider-en-educacion-kuri-impulsa-innovacion-con-congreso-nacional-para-17-mil-docentes\/#primaryimage"},"image":{"@id":"https:\/\/www.nexoinformativo.mx\/index.php\/2025\/03\/19\/queretaro-lider-en-educacion-kuri-impulsa-innovacion-con-congreso-nacional-para-17-mil-docentes\/#primaryimage"},"thumbnailUrl":"https:\/\/www.nexoinformativo.mx\/wp-content\/uploads\/2025\/03\/PHOTO-2025-03-19-09-18-00-e1742403749754.jpg","datePublished":"2025-03-19T14:00:13+00:00","dateModified":"2025-03-19T17:04:35+00:00","description":"Quer\u00e9taro l\u00edder en educaci\u00f3n Kuri impulsa innovaci\u00f3n con congreso nacional para 17 mil docentes","breadcrumb":{"@id":"https:\/\/www.nexoinformativo.mx\/index.php\/2025\/03\/19\/queretaro-lider-en-educacion-kuri-impulsa-innovacion-con-congreso-nacional-para-17-mil-docentes\/#breadcrumb"},"inLanguage":"es","potentialAction":[{"@type":"ReadAction","target":["https:\/\/www.nexoinformativo.mx\/index.php\/2025\/03\/19\/queretaro-lider-en-educacion-kuri-impulsa-innovacion-con-congreso-nacional-para-17-mil-docentes\/"]}]},{"@type":"ImageObject","inLanguage":"es","@id":"https:\/\/www.nexoinformativo.mx\/index.php\/2025\/03\/19\/queretaro-lider-en-educacion-kuri-impulsa-innovacion-con-congreso-nacional-para-17-mil-docentes\/#primaryimage","url":"https:\/\/www.nexoinformativo.mx\/wp-content\/uploads\/2025\/03\/PHOTO-2025-03-19-09-18-00-e1742403749754.jpg","contentUrl":"https:\/\/www.nexoinformativo.mx\/wp-content\/uploads\/2025\/03\/PHOTO-2025-03-19-09-18-00-e1742403749754.jpg","width":800,"height":534},{"@type":"BreadcrumbList","@id":"https:\/\/www.nexoinformativo.mx\/index.php\/2025\/03\/19\/queretaro-lider-en-educacion-kuri-impulsa-innovacion-con-congreso-nacional-para-17-mil-docentes\/#breadcrumb","itemListElement":[{"@type":"ListItem","position":1,"name":"Inicio","item":"https:\/\/www.nexoinformativo.mx\/"},{"@type":"ListItem","position":2,"name":"Quer\u00e9taro l\u00edder en educaci\u00f3n Kuri impulsa innovaci\u00f3n con congreso nacional para 17 mil docentes"}]},{"@type":"WebSite","@id":"https:\/\/www.nexoinformativo.mx\/#website","url":"https:\/\/www.nexoinformativo.mx\/","name":"Nexo Informativo Santiago de Quer\u00e9taro","description":"Explora NexoInformativo y convi\u00e9rtete en parte de una comunidad que valora el conocimiento y la verdad. Tu nexoinformativo es tu puente hacia una comprensi\u00f3n m\u00e1s profunda del mundo que te rodea.","publisher":{"@id":"https:\/\/www.nexoinformativo.mx\/#organization"},"potentialAction":[{"@type":"SearchAction","target":{"@type":"EntryPoint","urlTemplate":"https:\/\/www.nexoinformativo.mx\/?s={search_term_string}"},"query-input":{"@type":"PropertyValueSpecification","valueRequired":true,"valueName":"search_term_string"}}],"inLanguage":"es"},{"@type":"Organization","@id":"https:\/\/www.nexoinformativo.mx\/#organization","name":"Nexo Informativo Santiago de Quer\u00e9taro","url":"https:\/\/www.nexoinformativo.mx\/","logo":{"@type":"ImageObject","inLanguage":"es","@id":"https:\/\/www.nexoinformativo.mx\/#\/schema\/logo\/image\/","url":"https:\/\/www.nexoinformativo.mx\/wp-content\/uploads\/2024\/07\/nexoi-trasparente-2.png","contentUrl":"https:\/\/www.nexoinformativo.mx\/wp-content\/uploads\/2024\/07\/nexoi-trasparente-2.png","width":816,"height":339,"caption":"Nexo Informativo Santiago de Quer\u00e9taro"},"image":{"@id":"https:\/\/www.nexoinformativo.mx\/#\/schema\/logo\/image\/"},"sameAs":["https:\/\/www.facebook.com\/people\/Nexo-Informativo\/61564066885511\/"]},{"@type":"Person","@id":"https:\/\/www.nexoinformativo.mx\/#\/schema\/person\/7749d380ba08c8ca00d7bc76fd907b7d","name":"Nexo Informativo","image":{"@type":"ImageObject","inLanguage":"es","@id":"https:\/\/www.nexoinformativo.mx\/#\/schema\/person\/image\/","url":"https:\/\/secure.gravatar.com\/avatar\/dde2928154642a13d95f87ddf1ea9718fe2b46760a005c53e41ff5ad610704e6?s=96&d=mm&r=g","contentUrl":"https:\/\/secure.gravatar.com\/avatar\/dde2928154642a13d95f87ddf1ea9718fe2b46760a005c53e41ff5ad610704e6?s=96&d=mm&r=g","caption":"Nexo Informativo"},"url":"https:\/\/www.nexoinformativo.mx\/index.php\/author\/edicion\/"}]}},"_links":{"self":[{"href":"https:\/\/www.nexoinformativo.mx\/index.php\/wp-json\/wp\/v2\/posts\/13018","targetHints":{"allow":["GET"]}}],"collection":[{"href":"https:\/\/www.nexoinformativo.mx\/index.php\/wp-json\/wp\/v2\/posts"}],"about":[{"href":"https:\/\/www.nexoinformativo.mx\/index.php\/wp-json\/wp\/v2\/types\/post"}],"author":[{"embeddable":true,"href":"https:\/\/www.nexoinformativo.mx\/index.php\/wp-json\/wp\/v2\/users\/3"}],"replies":[{"embeddable":true,"href":"https:\/\/www.nexoinformativo.mx\/index.php\/wp-json\/wp\/v2\/comments?post=13018"}],"version-history":[{"count":5,"href":"https:\/\/www.nexoinformativo.mx\/index.php\/wp-json\/wp\/v2\/posts\/13018\/revisions"}],"predecessor-version":[{"id":13024,"href":"https:\/\/www.nexoinformativo.mx\/index.php\/wp-json\/wp\/v2\/posts\/13018\/revisions\/13024"}],"wp:featuredmedia":[{"embeddable":true,"href":"https:\/\/www.nexoinformativo.mx\/index.php\/wp-json\/wp\/v2\/media\/13020"}],"wp:attachment":[{"href":"https:\/\/www.nexoinformativo.mx\/index.php\/wp-json\/wp\/v2\/media?parent=13018"}],"wp:term":[{"taxonomy":"category","embeddable":true,"href":"https:\/\/www.nexoinformativo.mx\/index.php\/wp-json\/wp\/v2\/categories?post=13018"},{"taxonomy":"post_tag","embeddable":true,"href":"https:\/\/www.nexoinformativo.mx\/index.php\/wp-json\/wp\/v2\/tags?post=13018"}],"curies":[{"name":"wp","href":"https:\/\/api.w.org\/{rel}","templated":true}]}}