{"id":13044,"date":"2025-03-19T11:00:05","date_gmt":"2025-03-19T17:00:05","guid":{"rendered":"https:\/\/www.nexoinformativo.mx\/?p=13044"},"modified":"2025-03-19T14:21:37","modified_gmt":"2025-03-19T20:21:37","slug":"vacunate-y-protege-a-tu-familia-secretaria-de-salud-refuerza-campana-ante-casos-de-sarampion-y-tosferina","status":"publish","type":"post","link":"https:\/\/www.nexoinformativo.mx\/index.php\/2025\/03\/19\/vacunate-y-protege-a-tu-familia-secretaria-de-salud-refuerza-campana-ante-casos-de-sarampion-y-tosferina\/","title":{"rendered":"Vac\u00fanate y protege a tu familia Secretar\u00eda de Salud refuerza campa\u00f1a ante casos de sarampi\u00f3n y tosferina"},"content":{"rendered":"<p style=\"text-align: justify;\" data-sourcepos=\"13:1-13:266\">Ante la detecci\u00f3n de brotes de sarampi\u00f3n y tosferina en el pa\u00eds, el secretario de Salud, David Kershenobich, hizo un llamado urgente a la poblaci\u00f3n, especialmente a los grupos de riesgo, para que acudan a vacunarse y prevenir contagios.<\/p>\n<p>&nbsp;<\/p>\n<p style=\"text-align: justify;\" data-sourcepos=\"15:1-15:171\">Durante la conferencia matutina &#8220;La ma\u00f1anera del pueblo&#8221;, el secretario asegur\u00f3 que se cuenta con suficientes dosis de vacunas para cubrir las necesidades de todo el pa\u00eds.<\/p>\n<p>&nbsp;<\/p>\n<p style=\"text-align: justify;\" data-sourcepos=\"17:1-17:309\">Kershenobich detall\u00f3 que la <strong>vacuna triple viral<\/strong> (SRP) y la doble viral (SR) son fundamentales para prevenir el sarampi\u00f3n, y que es crucial que ni\u00f1os y adultos completen sus esquemas de vacunaci\u00f3n. En cuanto a la tosferina, record\u00f3 que la vacuna hexavalente y la DPT protegen a los ni\u00f1os y mujeres embarazadas.<\/p>\n<p>&nbsp;<\/p>\n<p style=\"text-align: justify;\" data-sourcepos=\"19:1-19:171\">Adem\u00e1s, anunci\u00f3 que del <strong>26 de abril al 3 de mayo<\/strong> se llevar\u00e1 a cabo la <strong>Semana Nacional de Vacunaci\u00f3n<\/strong>, donde se aplicar\u00e1n 14 biol\u00f3gicos para controlar diversas enfermedades.<\/p>\n<p>&nbsp;<\/p>\n<p style=\"text-align: justify;\" data-sourcepos=\"21:1-21:226\">El subsecretario Eduardo Clark inform\u00f3 sobre el avance en la compra y distribuci\u00f3n de medicamentos e insumos, destacando la adquisici\u00f3n de 4.7 mil millones de piezas y el ahorro significativo logrado en los procesos de compra.<\/p>\n<p>&nbsp;<\/p>\n<p style=\"text-align: center;\" data-sourcepos=\"21:1-21:226\"><em><strong>\u00a1Informaci\u00f3n que transforma!<\/strong><\/em><\/p>\n<p data-sourcepos=\"21:1-21:226\">\n","protected":false},"excerpt":{"rendered":"<p>Ante la detecci\u00f3n de brotes de sarampi\u00f3n y tosferina en el pa\u00eds, el secretario de Salud, David Kershenobich, hizo un llamado urgente a la poblaci\u00f3n, especialmente a los grupos de riesgo, para que acudan a vacunarse y prevenir contagios.<\/p>\n","protected":false},"author":3,"featured_media":13055,"comment_status":"open","ping_status":"open","sticky":false,"template":"","format":"standard","meta":{"footnotes":""},"categories":[88,58],"tags":[884,3829,3815,3816],"class_list":["post-13044","post","type-post","status-publish","format-standard","has-post-thumbnail","hentry","category-nacional","category-ultima-hora","tag-saludmexico","tag-sarampion","tag-tosferina","tag-vacunacion"],"yoast_head":"<!-- This site is optimized with the Yoast SEO plugin v25.0 - https:\/\/yoast.com\/wordpress\/plugins\/seo\/ -->\n<title>Vac\u00fanate y protege a tu familia Secretar\u00eda de Salud refuerza campa\u00f1a ante casos de sarampi\u00f3n y tosferina | Nexo Informativo Santiago de Quer\u00e9taro<\/title>\n<meta name=\"description\" content=\"Vac\u00fanate y protege a tu familia Secretar\u00eda de Salud refuerza campa\u00f1a ante casos de sarampi\u00f3n y tosferina\" \/>\n<meta name=\"robots\" content=\"index, follow, max-snippet:-1, max-image-preview:large, max-video-preview:-1\" \/>\n<link rel=\"canonical\" href=\"https:\/\/www.nexoinformativo.mx\/index.php\/2025\/03\/19\/vacunate-y-protege-a-tu-familia-secretaria-de-salud-refuerza-campana-ante-casos-de-sarampion-y-tosferina\/\" \/>\n<meta property=\"og:locale\" content=\"es_MX\" \/>\n<meta property=\"og:type\" content=\"article\" \/>\n<meta property=\"og:title\" content=\"Vac\u00fanate y protege a tu familia Secretar\u00eda de Salud refuerza campa\u00f1a ante casos de sarampi\u00f3n y tosferina | Nexo Informativo Santiago de Quer\u00e9taro\" \/>\n<meta property=\"og:description\" content=\"Vac\u00fanate y protege a tu familia Secretar\u00eda de Salud refuerza campa\u00f1a ante casos de sarampi\u00f3n y tosferina\" \/>\n<meta property=\"og:url\" content=\"https:\/\/www.nexoinformativo.mx\/index.php\/2025\/03\/19\/vacunate-y-protege-a-tu-familia-secretaria-de-salud-refuerza-campana-ante-casos-de-sarampion-y-tosferina\/\" \/>\n<meta property=\"og:site_name\" content=\"Nexo Informativo Santiago de Quer\u00e9taro\" \/>\n<meta property=\"article:publisher\" content=\"https:\/\/www.facebook.com\/people\/Nexo-Informativo\/61564066885511\/\" \/>\n<meta property=\"article:published_time\" content=\"2025-03-19T17:00:05+00:00\" \/>\n<meta property=\"article:modified_time\" content=\"2025-03-19T20:21:37+00:00\" \/>\n<meta property=\"og:image\" content=\"https:\/\/www.nexoinformativo.mx\/wp-content\/uploads\/2025\/03\/PHOTO-2025-03-19-13-38-57.jpg\" \/>\n\t<meta property=\"og:image:width\" content=\"615\" \/>\n\t<meta property=\"og:image:height\" content=\"384\" \/>\n\t<meta property=\"og:image:type\" content=\"image\/jpeg\" \/>\n<meta name=\"author\" content=\"Nexo Informativo\" \/>\n<meta name=\"twitter:card\" content=\"summary_large_image\" \/>\n<meta name=\"twitter:label1\" content=\"Escrito por\" \/>\n\t<meta name=\"twitter:data1\" content=\"Nexo Informativo\" \/>\n\t<meta name=\"twitter:label2\" content=\"Tiempo de lectura\" \/>\n\t<meta name=\"twitter:data2\" content=\"2 minutos\" \/>\n<script type=\"application\/ld+json\" class=\"yoast-schema-graph\">{\"@context\":\"https:\/\/schema.org\",\"@graph\":[{\"@type\":\"Article\",\"@id\":\"https:\/\/www.nexoinformativo.mx\/index.php\/2025\/03\/19\/vacunate-y-protege-a-tu-familia-secretaria-de-salud-refuerza-campana-ante-casos-de-sarampion-y-tosferina\/#article\",\"isPartOf\":{\"@id\":\"https:\/\/www.nexoinformativo.mx\/index.php\/2025\/03\/19\/vacunate-y-protege-a-tu-familia-secretaria-de-salud-refuerza-campana-ante-casos-de-sarampion-y-tosferina\/\"},\"author\":{\"name\":\"Nexo Informativo\",\"@id\":\"https:\/\/www.nexoinformativo.mx\/#\/schema\/person\/7749d380ba08c8ca00d7bc76fd907b7d\"},\"headline\":\"Vac\u00fanate y protege a tu familia Secretar\u00eda de Salud refuerza campa\u00f1a ante casos de sarampi\u00f3n y tosferina\",\"datePublished\":\"2025-03-19T17:00:05+00:00\",\"dateModified\":\"2025-03-19T20:21:37+00:00\",\"mainEntityOfPage\":{\"@id\":\"https:\/\/www.nexoinformativo.mx\/index.php\/2025\/03\/19\/vacunate-y-protege-a-tu-familia-secretaria-de-salud-refuerza-campana-ante-casos-de-sarampion-y-tosferina\/\"},\"wordCount\":225,\"commentCount\":0,\"publisher\":{\"@id\":\"https:\/\/www.nexoinformativo.mx\/#organization\"},\"image\":{\"@id\":\"https:\/\/www.nexoinformativo.mx\/index.php\/2025\/03\/19\/vacunate-y-protege-a-tu-familia-secretaria-de-salud-refuerza-campana-ante-casos-de-sarampion-y-tosferina\/#primaryimage\"},\"thumbnailUrl\":\"https:\/\/www.nexoinformativo.mx\/wp-content\/uploads\/2025\/03\/PHOTO-2025-03-19-13-38-57.jpg\",\"keywords\":[\"SaludM\u00e9xico\",\"Sarampi\u00f3n\",\"TosFerina\",\"Vacunaci\u00f3n\"],\"articleSection\":[\"Nacional\",\"\u00daltima Hora\"],\"inLanguage\":\"es\",\"potentialAction\":[{\"@type\":\"CommentAction\",\"name\":\"Comment\",\"target\":[\"https:\/\/www.nexoinformativo.mx\/index.php\/2025\/03\/19\/vacunate-y-protege-a-tu-familia-secretaria-de-salud-refuerza-campana-ante-casos-de-sarampion-y-tosferina\/#respond\"]}]},{\"@type\":\"WebPage\",\"@id\":\"https:\/\/www.nexoinformativo.mx\/index.php\/2025\/03\/19\/vacunate-y-protege-a-tu-familia-secretaria-de-salud-refuerza-campana-ante-casos-de-sarampion-y-tosferina\/\",\"url\":\"https:\/\/www.nexoinformativo.mx\/index.php\/2025\/03\/19\/vacunate-y-protege-a-tu-familia-secretaria-de-salud-refuerza-campana-ante-casos-de-sarampion-y-tosferina\/\",\"name\":\"Vac\u00fanate y protege a tu familia Secretar\u00eda de Salud refuerza campa\u00f1a ante casos de sarampi\u00f3n y tosferina | Nexo Informativo Santiago de Quer\u00e9taro\",\"isPartOf\":{\"@id\":\"https:\/\/www.nexoinformativo.mx\/#website\"},\"primaryImageOfPage\":{\"@id\":\"https:\/\/www.nexoinformativo.mx\/index.php\/2025\/03\/19\/vacunate-y-protege-a-tu-familia-secretaria-de-salud-refuerza-campana-ante-casos-de-sarampion-y-tosferina\/#primaryimage\"},\"image\":{\"@id\":\"https:\/\/www.nexoinformativo.mx\/index.php\/2025\/03\/19\/vacunate-y-protege-a-tu-familia-secretaria-de-salud-refuerza-campana-ante-casos-de-sarampion-y-tosferina\/#primaryimage\"},\"thumbnailUrl\":\"https:\/\/www.nexoinformativo.mx\/wp-content\/uploads\/2025\/03\/PHOTO-2025-03-19-13-38-57.jpg\",\"datePublished\":\"2025-03-19T17:00:05+00:00\",\"dateModified\":\"2025-03-19T20:21:37+00:00\",\"description\":\"Vac\u00fanate y protege a tu familia Secretar\u00eda de Salud refuerza campa\u00f1a ante casos de sarampi\u00f3n y tosferina\",\"breadcrumb\":{\"@id\":\"https:\/\/www.nexoinformativo.mx\/index.php\/2025\/03\/19\/vacunate-y-protege-a-tu-familia-secretaria-de-salud-refuerza-campana-ante-casos-de-sarampion-y-tosferina\/#breadcrumb\"},\"inLanguage\":\"es\",\"potentialAction\":[{\"@type\":\"ReadAction\",\"target\":[\"https:\/\/www.nexoinformativo.mx\/index.php\/2025\/03\/19\/vacunate-y-protege-a-tu-familia-secretaria-de-salud-refuerza-campana-ante-casos-de-sarampion-y-tosferina\/\"]}]},{\"@type\":\"ImageObject\",\"inLanguage\":\"es\",\"@id\":\"https:\/\/www.nexoinformativo.mx\/index.php\/2025\/03\/19\/vacunate-y-protege-a-tu-familia-secretaria-de-salud-refuerza-campana-ante-casos-de-sarampion-y-tosferina\/#primaryimage\",\"url\":\"https:\/\/www.nexoinformativo.mx\/wp-content\/uploads\/2025\/03\/PHOTO-2025-03-19-13-38-57.jpg\",\"contentUrl\":\"https:\/\/www.nexoinformativo.mx\/wp-content\/uploads\/2025\/03\/PHOTO-2025-03-19-13-38-57.jpg\",\"width\":615,\"height\":384},{\"@type\":\"BreadcrumbList\",\"@id\":\"https:\/\/www.nexoinformativo.mx\/index.php\/2025\/03\/19\/vacunate-y-protege-a-tu-familia-secretaria-de-salud-refuerza-campana-ante-casos-de-sarampion-y-tosferina\/#breadcrumb\",\"itemListElement\":[{\"@type\":\"ListItem\",\"position\":1,\"name\":\"Inicio\",\"item\":\"https:\/\/www.nexoinformativo.mx\/\"},{\"@type\":\"ListItem\",\"position\":2,\"name\":\"Vac\u00fanate y protege a tu familia Secretar\u00eda de Salud refuerza campa\u00f1a ante casos de sarampi\u00f3n y tosferina\"}]},{\"@type\":\"WebSite\",\"@id\":\"https:\/\/www.nexoinformativo.mx\/#website\",\"url\":\"https:\/\/www.nexoinformativo.mx\/\",\"name\":\"Nexo Informativo Santiago de Quer\u00e9taro\",\"description\":\"Explora NexoInformativo y convi\u00e9rtete en parte de una comunidad que valora el conocimiento y la verdad. Tu nexoinformativo es tu puente hacia una comprensi\u00f3n m\u00e1s profunda del mundo que te rodea.\",\"publisher\":{\"@id\":\"https:\/\/www.nexoinformativo.mx\/#organization\"},\"potentialAction\":[{\"@type\":\"SearchAction\",\"target\":{\"@type\":\"EntryPoint\",\"urlTemplate\":\"https:\/\/www.nexoinformativo.mx\/?s={search_term_string}\"},\"query-input\":{\"@type\":\"PropertyValueSpecification\",\"valueRequired\":true,\"valueName\":\"search_term_string\"}}],\"inLanguage\":\"es\"},{\"@type\":\"Organization\",\"@id\":\"https:\/\/www.nexoinformativo.mx\/#organization\",\"name\":\"Nexo Informativo Santiago de Quer\u00e9taro\",\"url\":\"https:\/\/www.nexoinformativo.mx\/\",\"logo\":{\"@type\":\"ImageObject\",\"inLanguage\":\"es\",\"@id\":\"https:\/\/www.nexoinformativo.mx\/#\/schema\/logo\/image\/\",\"url\":\"https:\/\/www.nexoinformativo.mx\/wp-content\/uploads\/2024\/07\/nexoi-trasparente-2.png\",\"contentUrl\":\"https:\/\/www.nexoinformativo.mx\/wp-content\/uploads\/2024\/07\/nexoi-trasparente-2.png\",\"width\":816,\"height\":339,\"caption\":\"Nexo Informativo Santiago de Quer\u00e9taro\"},\"image\":{\"@id\":\"https:\/\/www.nexoinformativo.mx\/#\/schema\/logo\/image\/\"},\"sameAs\":[\"https:\/\/www.facebook.com\/people\/Nexo-Informativo\/61564066885511\/\"]},{\"@type\":\"Person\",\"@id\":\"https:\/\/www.nexoinformativo.mx\/#\/schema\/person\/7749d380ba08c8ca00d7bc76fd907b7d\",\"name\":\"Nexo Informativo\",\"image\":{\"@type\":\"ImageObject\",\"inLanguage\":\"es\",\"@id\":\"https:\/\/www.nexoinformativo.mx\/#\/schema\/person\/image\/\",\"url\":\"https:\/\/secure.gravatar.com\/avatar\/dde2928154642a13d95f87ddf1ea9718fe2b46760a005c53e41ff5ad610704e6?s=96&d=mm&r=g\",\"contentUrl\":\"https:\/\/secure.gravatar.com\/avatar\/dde2928154642a13d95f87ddf1ea9718fe2b46760a005c53e41ff5ad610704e6?s=96&d=mm&r=g\",\"caption\":\"Nexo Informativo\"},\"url\":\"https:\/\/www.nexoinformativo.mx\/index.php\/author\/edicion\/\"}]}<\/script>\n<!-- \/ Yoast SEO plugin. -->","yoast_head_json":{"title":"Vac\u00fanate y protege a tu familia Secretar\u00eda de Salud refuerza campa\u00f1a ante casos de sarampi\u00f3n y tosferina | Nexo Informativo Santiago de Quer\u00e9taro","description":"Vac\u00fanate y protege a tu familia Secretar\u00eda de Salud refuerza campa\u00f1a ante casos de sarampi\u00f3n y tosferina","robots":{"index":"index","follow":"follow","max-snippet":"max-snippet:-1","max-image-preview":"max-image-preview:large","max-video-preview":"max-video-preview:-1"},"canonical":"https:\/\/www.nexoinformativo.mx\/index.php\/2025\/03\/19\/vacunate-y-protege-a-tu-familia-secretaria-de-salud-refuerza-campana-ante-casos-de-sarampion-y-tosferina\/","og_locale":"es_MX","og_type":"article","og_title":"Vac\u00fanate y protege a tu familia Secretar\u00eda de Salud refuerza campa\u00f1a ante casos de sarampi\u00f3n y tosferina | Nexo Informativo Santiago de Quer\u00e9taro","og_description":"Vac\u00fanate y protege a tu familia Secretar\u00eda de Salud refuerza campa\u00f1a ante casos de sarampi\u00f3n y tosferina","og_url":"https:\/\/www.nexoinformativo.mx\/index.php\/2025\/03\/19\/vacunate-y-protege-a-tu-familia-secretaria-de-salud-refuerza-campana-ante-casos-de-sarampion-y-tosferina\/","og_site_name":"Nexo Informativo Santiago de Quer\u00e9taro","article_publisher":"https:\/\/www.facebook.com\/people\/Nexo-Informativo\/61564066885511\/","article_published_time":"2025-03-19T17:00:05+00:00","article_modified_time":"2025-03-19T20:21:37+00:00","og_image":[{"width":615,"height":384,"url":"https:\/\/www.nexoinformativo.mx\/wp-content\/uploads\/2025\/03\/PHOTO-2025-03-19-13-38-57.jpg","type":"image\/jpeg"}],"author":"Nexo Informativo","twitter_card":"summary_large_image","twitter_misc":{"Escrito por":"Nexo Informativo","Tiempo de lectura":"2 minutos"},"schema":{"@context":"https:\/\/schema.org","@graph":[{"@type":"Article","@id":"https:\/\/www.nexoinformativo.mx\/index.php\/2025\/03\/19\/vacunate-y-protege-a-tu-familia-secretaria-de-salud-refuerza-campana-ante-casos-de-sarampion-y-tosferina\/#article","isPartOf":{"@id":"https:\/\/www.nexoinformativo.mx\/index.php\/2025\/03\/19\/vacunate-y-protege-a-tu-familia-secretaria-de-salud-refuerza-campana-ante-casos-de-sarampion-y-tosferina\/"},"author":{"name":"Nexo Informativo","@id":"https:\/\/www.nexoinformativo.mx\/#\/schema\/person\/7749d380ba08c8ca00d7bc76fd907b7d"},"headline":"Vac\u00fanate y protege a tu familia Secretar\u00eda de Salud refuerza campa\u00f1a ante casos de sarampi\u00f3n y tosferina","datePublished":"2025-03-19T17:00:05+00:00","dateModified":"2025-03-19T20:21:37+00:00","mainEntityOfPage":{"@id":"https:\/\/www.nexoinformativo.mx\/index.php\/2025\/03\/19\/vacunate-y-protege-a-tu-familia-secretaria-de-salud-refuerza-campana-ante-casos-de-sarampion-y-tosferina\/"},"wordCount":225,"commentCount":0,"publisher":{"@id":"https:\/\/www.nexoinformativo.mx\/#organization"},"image":{"@id":"https:\/\/www.nexoinformativo.mx\/index.php\/2025\/03\/19\/vacunate-y-protege-a-tu-familia-secretaria-de-salud-refuerza-campana-ante-casos-de-sarampion-y-tosferina\/#primaryimage"},"thumbnailUrl":"https:\/\/www.nexoinformativo.mx\/wp-content\/uploads\/2025\/03\/PHOTO-2025-03-19-13-38-57.jpg","keywords":["SaludM\u00e9xico","Sarampi\u00f3n","TosFerina","Vacunaci\u00f3n"],"articleSection":["Nacional","\u00daltima Hora"],"inLanguage":"es","potentialAction":[{"@type":"CommentAction","name":"Comment","target":["https:\/\/www.nexoinformativo.mx\/index.php\/2025\/03\/19\/vacunate-y-protege-a-tu-familia-secretaria-de-salud-refuerza-campana-ante-casos-de-sarampion-y-tosferina\/#respond"]}]},{"@type":"WebPage","@id":"https:\/\/www.nexoinformativo.mx\/index.php\/2025\/03\/19\/vacunate-y-protege-a-tu-familia-secretaria-de-salud-refuerza-campana-ante-casos-de-sarampion-y-tosferina\/","url":"https:\/\/www.nexoinformativo.mx\/index.php\/2025\/03\/19\/vacunate-y-protege-a-tu-familia-secretaria-de-salud-refuerza-campana-ante-casos-de-sarampion-y-tosferina\/","name":"Vac\u00fanate y protege a tu familia Secretar\u00eda de Salud refuerza campa\u00f1a ante casos de sarampi\u00f3n y tosferina | Nexo Informativo Santiago de Quer\u00e9taro","isPartOf":{"@id":"https:\/\/www.nexoinformativo.mx\/#website"},"primaryImageOfPage":{"@id":"https:\/\/www.nexoinformativo.mx\/index.php\/2025\/03\/19\/vacunate-y-protege-a-tu-familia-secretaria-de-salud-refuerza-campana-ante-casos-de-sarampion-y-tosferina\/#primaryimage"},"image":{"@id":"https:\/\/www.nexoinformativo.mx\/index.php\/2025\/03\/19\/vacunate-y-protege-a-tu-familia-secretaria-de-salud-refuerza-campana-ante-casos-de-sarampion-y-tosferina\/#primaryimage"},"thumbnailUrl":"https:\/\/www.nexoinformativo.mx\/wp-content\/uploads\/2025\/03\/PHOTO-2025-03-19-13-38-57.jpg","datePublished":"2025-03-19T17:00:05+00:00","dateModified":"2025-03-19T20:21:37+00:00","description":"Vac\u00fanate y protege a tu familia Secretar\u00eda de Salud refuerza campa\u00f1a ante casos de sarampi\u00f3n y tosferina","breadcrumb":{"@id":"https:\/\/www.nexoinformativo.mx\/index.php\/2025\/03\/19\/vacunate-y-protege-a-tu-familia-secretaria-de-salud-refuerza-campana-ante-casos-de-sarampion-y-tosferina\/#breadcrumb"},"inLanguage":"es","potentialAction":[{"@type":"ReadAction","target":["https:\/\/www.nexoinformativo.mx\/index.php\/2025\/03\/19\/vacunate-y-protege-a-tu-familia-secretaria-de-salud-refuerza-campana-ante-casos-de-sarampion-y-tosferina\/"]}]},{"@type":"ImageObject","inLanguage":"es","@id":"https:\/\/www.nexoinformativo.mx\/index.php\/2025\/03\/19\/vacunate-y-protege-a-tu-familia-secretaria-de-salud-refuerza-campana-ante-casos-de-sarampion-y-tosferina\/#primaryimage","url":"https:\/\/www.nexoinformativo.mx\/wp-content\/uploads\/2025\/03\/PHOTO-2025-03-19-13-38-57.jpg","contentUrl":"https:\/\/www.nexoinformativo.mx\/wp-content\/uploads\/2025\/03\/PHOTO-2025-03-19-13-38-57.jpg","width":615,"height":384},{"@type":"BreadcrumbList","@id":"https:\/\/www.nexoinformativo.mx\/index.php\/2025\/03\/19\/vacunate-y-protege-a-tu-familia-secretaria-de-salud-refuerza-campana-ante-casos-de-sarampion-y-tosferina\/#breadcrumb","itemListElement":[{"@type":"ListItem","position":1,"name":"Inicio","item":"https:\/\/www.nexoinformativo.mx\/"},{"@type":"ListItem","position":2,"name":"Vac\u00fanate y protege a tu familia Secretar\u00eda de Salud refuerza campa\u00f1a ante casos de sarampi\u00f3n y tosferina"}]},{"@type":"WebSite","@id":"https:\/\/www.nexoinformativo.mx\/#website","url":"https:\/\/www.nexoinformativo.mx\/","name":"Nexo Informativo Santiago de Quer\u00e9taro","description":"Explora NexoInformativo y convi\u00e9rtete en parte de una comunidad que valora el conocimiento y la verdad. Tu nexoinformativo es tu puente hacia una comprensi\u00f3n m\u00e1s profunda del mundo que te rodea.","publisher":{"@id":"https:\/\/www.nexoinformativo.mx\/#organization"},"potentialAction":[{"@type":"SearchAction","target":{"@type":"EntryPoint","urlTemplate":"https:\/\/www.nexoinformativo.mx\/?s={search_term_string}"},"query-input":{"@type":"PropertyValueSpecification","valueRequired":true,"valueName":"search_term_string"}}],"inLanguage":"es"},{"@type":"Organization","@id":"https:\/\/www.nexoinformativo.mx\/#organization","name":"Nexo Informativo Santiago de Quer\u00e9taro","url":"https:\/\/www.nexoinformativo.mx\/","logo":{"@type":"ImageObject","inLanguage":"es","@id":"https:\/\/www.nexoinformativo.mx\/#\/schema\/logo\/image\/","url":"https:\/\/www.nexoinformativo.mx\/wp-content\/uploads\/2024\/07\/nexoi-trasparente-2.png","contentUrl":"https:\/\/www.nexoinformativo.mx\/wp-content\/uploads\/2024\/07\/nexoi-trasparente-2.png","width":816,"height":339,"caption":"Nexo Informativo Santiago de Quer\u00e9taro"},"image":{"@id":"https:\/\/www.nexoinformativo.mx\/#\/schema\/logo\/image\/"},"sameAs":["https:\/\/www.facebook.com\/people\/Nexo-Informativo\/61564066885511\/"]},{"@type":"Person","@id":"https:\/\/www.nexoinformativo.mx\/#\/schema\/person\/7749d380ba08c8ca00d7bc76fd907b7d","name":"Nexo Informativo","image":{"@type":"ImageObject","inLanguage":"es","@id":"https:\/\/www.nexoinformativo.mx\/#\/schema\/person\/image\/","url":"https:\/\/secure.gravatar.com\/avatar\/dde2928154642a13d95f87ddf1ea9718fe2b46760a005c53e41ff5ad610704e6?s=96&d=mm&r=g","contentUrl":"https:\/\/secure.gravatar.com\/avatar\/dde2928154642a13d95f87ddf1ea9718fe2b46760a005c53e41ff5ad610704e6?s=96&d=mm&r=g","caption":"Nexo Informativo"},"url":"https:\/\/www.nexoinformativo.mx\/index.php\/author\/edicion\/"}]}},"_links":{"self":[{"href":"https:\/\/www.nexoinformativo.mx\/index.php\/wp-json\/wp\/v2\/posts\/13044","targetHints":{"allow":["GET"]}}],"collection":[{"href":"https:\/\/www.nexoinformativo.mx\/index.php\/wp-json\/wp\/v2\/posts"}],"about":[{"href":"https:\/\/www.nexoinformativo.mx\/index.php\/wp-json\/wp\/v2\/types\/post"}],"author":[{"embeddable":true,"href":"https:\/\/www.nexoinformativo.mx\/index.php\/wp-json\/wp\/v2\/users\/3"}],"replies":[{"embeddable":true,"href":"https:\/\/www.nexoinformativo.mx\/index.php\/wp-json\/wp\/v2\/comments?post=13044"}],"version-history":[{"count":4,"href":"https:\/\/www.nexoinformativo.mx\/index.php\/wp-json\/wp\/v2\/posts\/13044\/revisions"}],"predecessor-version":[{"id":13056,"href":"https:\/\/www.nexoinformativo.mx\/index.php\/wp-json\/wp\/v2\/posts\/13044\/revisions\/13056"}],"wp:featuredmedia":[{"embeddable":true,"href":"https:\/\/www.nexoinformativo.mx\/index.php\/wp-json\/wp\/v2\/media\/13055"}],"wp:attachment":[{"href":"https:\/\/www.nexoinformativo.mx\/index.php\/wp-json\/wp\/v2\/media?parent=13044"}],"wp:term":[{"taxonomy":"category","embeddable":true,"href":"https:\/\/www.nexoinformativo.mx\/index.php\/wp-json\/wp\/v2\/categories?post=13044"},{"taxonomy":"post_tag","embeddable":true,"href":"https:\/\/www.nexoinformativo.mx\/index.php\/wp-json\/wp\/v2\/tags?post=13044"}],"curies":[{"name":"wp","href":"https:\/\/api.w.org\/{rel}","templated":true}]}}