{"id":13057,"date":"2025-03-19T14:00:16","date_gmt":"2025-03-19T20:00:16","guid":{"rendered":"https:\/\/www.nexoinformativo.mx\/?p=13057"},"modified":"2025-03-19T19:10:49","modified_gmt":"2025-03-20T01:10:49","slug":"13-casos-de-tosferina-en-queretaro-autoridades-sanitarias-piden-reforzar-la-vacunacion-infantil","status":"publish","type":"post","link":"https:\/\/www.nexoinformativo.mx\/index.php\/2025\/03\/19\/13-casos-de-tosferina-en-queretaro-autoridades-sanitarias-piden-reforzar-la-vacunacion-infantil\/","title":{"rendered":"13 casos de Tosferina en Quer\u00e9taro autoridades sanitarias piden reforzar la vacunaci\u00f3n infantil"},"content":{"rendered":"<p style=\"text-align: justify;\" data-sourcepos=\"13:1-13:178\">La Secretar\u00eda de Salud del Estado de Quer\u00e9taro ha reportado un aumento en los casos de tosferina, con 13 casos registrados en lo que va del a\u00f1o.<\/p>\n<p>&nbsp;<\/p>\n<p style=\"text-align: justify;\" data-sourcepos=\"15:1-15:253\">Mar\u00eda Martina P\u00e9rez Rend\u00f3n, titular de la Secretar\u00eda de Salud, inform\u00f3 que este incremento se debe a la disminuci\u00f3n en la cobertura de vacunaci\u00f3n, un problema que se intensific\u00f3 durante la pandemia de COVID-19 y que a\u00fan no se ha recuperado por completo.<\/p>\n<p>&nbsp;<\/p>\n<p style=\"text-align: justify;\" data-sourcepos=\"17:1-17:311\">&#8220;Aunque es un padecimiento controlado, se ha empezado a presentar y formar parte de un aviso epidemiol\u00f3gico de la Direcci\u00f3n General de Epidemiolog\u00eda, debido a la disminuci\u00f3n de la cobertura de la vacunaci\u00f3n, a ra\u00edz de la pandemia de la COVID-19, que no se ha recuperado al 100 por ciento&#8221;, indic\u00f3 la secretaria.<\/p>\n<p>&nbsp;<\/p>\n<p style=\"text-align: justify;\" data-sourcepos=\"19:1-19:290\">La mayor\u00eda de los casos se han registrado en la zona conurbada de Quer\u00e9taro. Ante esta situaci\u00f3n, la Secretar\u00eda de Salud hace un llamado a los padres de familia para que lleven a sus hijos a vacunar y completar sus esquemas de vacunaci\u00f3n, tanto contra la tosferina como contra el sarampi\u00f3n.<\/p>\n<\/p>\n<p>&nbsp;<\/p>\n<p style=\"text-align: justify;\" data-sourcepos=\"21:1-21:174\">&#8220;No se debe generar p\u00e1nico, pero s\u00ed solicitar a los adultos a llevar a sus hijos a vacunarlos, ya que esta enfermedad se puede prevenir con la vacuna&#8221;, enfatiz\u00f3 P\u00e9rez Rend\u00f3n.<\/p>\n<p>&nbsp;<\/p>\n<p style=\"text-align: justify;\" data-sourcepos=\"23:1-23:92\">La secretaria asegur\u00f3 que se cuenta con suficientes dosis de vacunas para cubrir la demanda.<\/p>\n<p>&nbsp;<\/p>\n<p style=\"text-align: center;\" data-sourcepos=\"23:1-23:92\"><em><strong>\u00a1Informaci\u00f3n que transforma!<\/strong><\/em><\/p>\n","protected":false},"excerpt":{"rendered":"<p>La Secretar\u00eda de Salud del Estado de Quer\u00e9taro ha reportado un aumento en los casos de tosferina, con 13 casos registrados en lo que va del a\u00f1o.<\/p>\n","protected":false},"author":3,"featured_media":13058,"comment_status":"open","ping_status":"open","sticky":false,"template":"","format":"standard","meta":{"footnotes":""},"categories":[42,58],"tags":[133,1054,3815,3830],"class_list":["post-13057","post","type-post","status-publish","format-standard","has-post-thumbnail","hentry","category-estado","category-ultima-hora","tag-queretaro","tag-saludqueretaro","tag-tosferina","tag-vacunacioninfantil"],"yoast_head":"<!-- This site is optimized with the Yoast SEO plugin v25.0 - https:\/\/yoast.com\/wordpress\/plugins\/seo\/ -->\n<title>13 casos de Tosferina en Quer\u00e9taro autoridades sanitarias piden reforzar la vacunaci\u00f3n infantil | Nexo Informativo Santiago de Quer\u00e9taro<\/title>\n<meta name=\"description\" content=\"13 casos de Tosferina en Quer\u00e9taro autoridades sanitarias piden reforzar la vacunaci\u00f3n infantil\" \/>\n<meta name=\"robots\" content=\"index, follow, max-snippet:-1, max-image-preview:large, max-video-preview:-1\" \/>\n<link rel=\"canonical\" href=\"https:\/\/www.nexoinformativo.mx\/index.php\/2025\/03\/19\/13-casos-de-tosferina-en-queretaro-autoridades-sanitarias-piden-reforzar-la-vacunacion-infantil\/\" \/>\n<meta property=\"og:locale\" content=\"es_MX\" \/>\n<meta property=\"og:type\" content=\"article\" \/>\n<meta property=\"og:title\" content=\"13 casos de Tosferina en Quer\u00e9taro autoridades sanitarias piden reforzar la vacunaci\u00f3n infantil | Nexo Informativo Santiago de Quer\u00e9taro\" \/>\n<meta property=\"og:description\" content=\"13 casos de Tosferina en Quer\u00e9taro autoridades sanitarias piden reforzar la vacunaci\u00f3n infantil\" \/>\n<meta property=\"og:url\" content=\"https:\/\/www.nexoinformativo.mx\/index.php\/2025\/03\/19\/13-casos-de-tosferina-en-queretaro-autoridades-sanitarias-piden-reforzar-la-vacunacion-infantil\/\" \/>\n<meta property=\"og:site_name\" content=\"Nexo Informativo Santiago de Quer\u00e9taro\" \/>\n<meta property=\"article:publisher\" content=\"https:\/\/www.facebook.com\/people\/Nexo-Informativo\/61564066885511\/\" \/>\n<meta property=\"article:published_time\" content=\"2025-03-19T20:00:16+00:00\" \/>\n<meta property=\"article:modified_time\" content=\"2025-03-20T01:10:49+00:00\" \/>\n<meta property=\"og:image\" content=\"https:\/\/www.nexoinformativo.mx\/wp-content\/uploads\/2025\/03\/PHOTO-2025-03-19-13-53-55-e1742432891166.jpg\" \/>\n\t<meta property=\"og:image:width\" content=\"800\" \/>\n\t<meta property=\"og:image:height\" content=\"533\" \/>\n\t<meta property=\"og:image:type\" content=\"image\/jpeg\" \/>\n<meta name=\"author\" content=\"Nexo Informativo\" \/>\n<meta name=\"twitter:card\" content=\"summary_large_image\" \/>\n<meta name=\"twitter:label1\" content=\"Escrito por\" \/>\n\t<meta name=\"twitter:data1\" content=\"Nexo Informativo\" \/>\n\t<meta name=\"twitter:label2\" content=\"Tiempo de lectura\" \/>\n\t<meta name=\"twitter:data2\" content=\"2 minutos\" \/>\n<script type=\"application\/ld+json\" class=\"yoast-schema-graph\">{\"@context\":\"https:\/\/schema.org\",\"@graph\":[{\"@type\":\"Article\",\"@id\":\"https:\/\/www.nexoinformativo.mx\/index.php\/2025\/03\/19\/13-casos-de-tosferina-en-queretaro-autoridades-sanitarias-piden-reforzar-la-vacunacion-infantil\/#article\",\"isPartOf\":{\"@id\":\"https:\/\/www.nexoinformativo.mx\/index.php\/2025\/03\/19\/13-casos-de-tosferina-en-queretaro-autoridades-sanitarias-piden-reforzar-la-vacunacion-infantil\/\"},\"author\":{\"name\":\"Nexo Informativo\",\"@id\":\"https:\/\/www.nexoinformativo.mx\/#\/schema\/person\/7749d380ba08c8ca00d7bc76fd907b7d\"},\"headline\":\"13 casos de Tosferina en Quer\u00e9taro autoridades sanitarias piden reforzar la vacunaci\u00f3n infantil\",\"datePublished\":\"2025-03-19T20:00:16+00:00\",\"dateModified\":\"2025-03-20T01:10:49+00:00\",\"mainEntityOfPage\":{\"@id\":\"https:\/\/www.nexoinformativo.mx\/index.php\/2025\/03\/19\/13-casos-de-tosferina-en-queretaro-autoridades-sanitarias-piden-reforzar-la-vacunacion-infantil\/\"},\"wordCount\":267,\"commentCount\":0,\"publisher\":{\"@id\":\"https:\/\/www.nexoinformativo.mx\/#organization\"},\"image\":{\"@id\":\"https:\/\/www.nexoinformativo.mx\/index.php\/2025\/03\/19\/13-casos-de-tosferina-en-queretaro-autoridades-sanitarias-piden-reforzar-la-vacunacion-infantil\/#primaryimage\"},\"thumbnailUrl\":\"https:\/\/www.nexoinformativo.mx\/wp-content\/uploads\/2025\/03\/PHOTO-2025-03-19-13-53-55-e1742432891166.jpg\",\"keywords\":[\"Quer\u00e9taro\",\"SaludQuer\u00e9taro\",\"TosFerina\",\"Vacunaci\u00f3nInfantil\"],\"articleSection\":[\"Estado\",\"\u00daltima Hora\"],\"inLanguage\":\"es\",\"potentialAction\":[{\"@type\":\"CommentAction\",\"name\":\"Comment\",\"target\":[\"https:\/\/www.nexoinformativo.mx\/index.php\/2025\/03\/19\/13-casos-de-tosferina-en-queretaro-autoridades-sanitarias-piden-reforzar-la-vacunacion-infantil\/#respond\"]}]},{\"@type\":\"WebPage\",\"@id\":\"https:\/\/www.nexoinformativo.mx\/index.php\/2025\/03\/19\/13-casos-de-tosferina-en-queretaro-autoridades-sanitarias-piden-reforzar-la-vacunacion-infantil\/\",\"url\":\"https:\/\/www.nexoinformativo.mx\/index.php\/2025\/03\/19\/13-casos-de-tosferina-en-queretaro-autoridades-sanitarias-piden-reforzar-la-vacunacion-infantil\/\",\"name\":\"13 casos de Tosferina en Quer\u00e9taro autoridades sanitarias piden reforzar la vacunaci\u00f3n infantil | Nexo Informativo Santiago de Quer\u00e9taro\",\"isPartOf\":{\"@id\":\"https:\/\/www.nexoinformativo.mx\/#website\"},\"primaryImageOfPage\":{\"@id\":\"https:\/\/www.nexoinformativo.mx\/index.php\/2025\/03\/19\/13-casos-de-tosferina-en-queretaro-autoridades-sanitarias-piden-reforzar-la-vacunacion-infantil\/#primaryimage\"},\"image\":{\"@id\":\"https:\/\/www.nexoinformativo.mx\/index.php\/2025\/03\/19\/13-casos-de-tosferina-en-queretaro-autoridades-sanitarias-piden-reforzar-la-vacunacion-infantil\/#primaryimage\"},\"thumbnailUrl\":\"https:\/\/www.nexoinformativo.mx\/wp-content\/uploads\/2025\/03\/PHOTO-2025-03-19-13-53-55-e1742432891166.jpg\",\"datePublished\":\"2025-03-19T20:00:16+00:00\",\"dateModified\":\"2025-03-20T01:10:49+00:00\",\"description\":\"13 casos de Tosferina en Quer\u00e9taro autoridades sanitarias piden reforzar la vacunaci\u00f3n infantil\",\"breadcrumb\":{\"@id\":\"https:\/\/www.nexoinformativo.mx\/index.php\/2025\/03\/19\/13-casos-de-tosferina-en-queretaro-autoridades-sanitarias-piden-reforzar-la-vacunacion-infantil\/#breadcrumb\"},\"inLanguage\":\"es\",\"potentialAction\":[{\"@type\":\"ReadAction\",\"target\":[\"https:\/\/www.nexoinformativo.mx\/index.php\/2025\/03\/19\/13-casos-de-tosferina-en-queretaro-autoridades-sanitarias-piden-reforzar-la-vacunacion-infantil\/\"]}]},{\"@type\":\"ImageObject\",\"inLanguage\":\"es\",\"@id\":\"https:\/\/www.nexoinformativo.mx\/index.php\/2025\/03\/19\/13-casos-de-tosferina-en-queretaro-autoridades-sanitarias-piden-reforzar-la-vacunacion-infantil\/#primaryimage\",\"url\":\"https:\/\/www.nexoinformativo.mx\/wp-content\/uploads\/2025\/03\/PHOTO-2025-03-19-13-53-55-e1742432891166.jpg\",\"contentUrl\":\"https:\/\/www.nexoinformativo.mx\/wp-content\/uploads\/2025\/03\/PHOTO-2025-03-19-13-53-55-e1742432891166.jpg\",\"width\":800,\"height\":533},{\"@type\":\"BreadcrumbList\",\"@id\":\"https:\/\/www.nexoinformativo.mx\/index.php\/2025\/03\/19\/13-casos-de-tosferina-en-queretaro-autoridades-sanitarias-piden-reforzar-la-vacunacion-infantil\/#breadcrumb\",\"itemListElement\":[{\"@type\":\"ListItem\",\"position\":1,\"name\":\"Inicio\",\"item\":\"https:\/\/www.nexoinformativo.mx\/\"},{\"@type\":\"ListItem\",\"position\":2,\"name\":\"13 casos de Tosferina en Quer\u00e9taro autoridades sanitarias piden reforzar la vacunaci\u00f3n infantil\"}]},{\"@type\":\"WebSite\",\"@id\":\"https:\/\/www.nexoinformativo.mx\/#website\",\"url\":\"https:\/\/www.nexoinformativo.mx\/\",\"name\":\"Nexo Informativo Santiago de Quer\u00e9taro\",\"description\":\"Explora NexoInformativo y convi\u00e9rtete en parte de una comunidad que valora el conocimiento y la verdad. Tu nexoinformativo es tu puente hacia una comprensi\u00f3n m\u00e1s profunda del mundo que te rodea.\",\"publisher\":{\"@id\":\"https:\/\/www.nexoinformativo.mx\/#organization\"},\"potentialAction\":[{\"@type\":\"SearchAction\",\"target\":{\"@type\":\"EntryPoint\",\"urlTemplate\":\"https:\/\/www.nexoinformativo.mx\/?s={search_term_string}\"},\"query-input\":{\"@type\":\"PropertyValueSpecification\",\"valueRequired\":true,\"valueName\":\"search_term_string\"}}],\"inLanguage\":\"es\"},{\"@type\":\"Organization\",\"@id\":\"https:\/\/www.nexoinformativo.mx\/#organization\",\"name\":\"Nexo Informativo Santiago de Quer\u00e9taro\",\"url\":\"https:\/\/www.nexoinformativo.mx\/\",\"logo\":{\"@type\":\"ImageObject\",\"inLanguage\":\"es\",\"@id\":\"https:\/\/www.nexoinformativo.mx\/#\/schema\/logo\/image\/\",\"url\":\"https:\/\/www.nexoinformativo.mx\/wp-content\/uploads\/2024\/07\/nexoi-trasparente-2.png\",\"contentUrl\":\"https:\/\/www.nexoinformativo.mx\/wp-content\/uploads\/2024\/07\/nexoi-trasparente-2.png\",\"width\":816,\"height\":339,\"caption\":\"Nexo Informativo Santiago de Quer\u00e9taro\"},\"image\":{\"@id\":\"https:\/\/www.nexoinformativo.mx\/#\/schema\/logo\/image\/\"},\"sameAs\":[\"https:\/\/www.facebook.com\/people\/Nexo-Informativo\/61564066885511\/\"]},{\"@type\":\"Person\",\"@id\":\"https:\/\/www.nexoinformativo.mx\/#\/schema\/person\/7749d380ba08c8ca00d7bc76fd907b7d\",\"name\":\"Nexo Informativo\",\"image\":{\"@type\":\"ImageObject\",\"inLanguage\":\"es\",\"@id\":\"https:\/\/www.nexoinformativo.mx\/#\/schema\/person\/image\/\",\"url\":\"https:\/\/secure.gravatar.com\/avatar\/dde2928154642a13d95f87ddf1ea9718fe2b46760a005c53e41ff5ad610704e6?s=96&d=mm&r=g\",\"contentUrl\":\"https:\/\/secure.gravatar.com\/avatar\/dde2928154642a13d95f87ddf1ea9718fe2b46760a005c53e41ff5ad610704e6?s=96&d=mm&r=g\",\"caption\":\"Nexo Informativo\"},\"url\":\"https:\/\/www.nexoinformativo.mx\/index.php\/author\/edicion\/\"}]}<\/script>\n<!-- \/ Yoast SEO plugin. -->","yoast_head_json":{"title":"13 casos de Tosferina en Quer\u00e9taro autoridades sanitarias piden reforzar la vacunaci\u00f3n infantil | Nexo Informativo Santiago de Quer\u00e9taro","description":"13 casos de Tosferina en Quer\u00e9taro autoridades sanitarias piden reforzar la vacunaci\u00f3n infantil","robots":{"index":"index","follow":"follow","max-snippet":"max-snippet:-1","max-image-preview":"max-image-preview:large","max-video-preview":"max-video-preview:-1"},"canonical":"https:\/\/www.nexoinformativo.mx\/index.php\/2025\/03\/19\/13-casos-de-tosferina-en-queretaro-autoridades-sanitarias-piden-reforzar-la-vacunacion-infantil\/","og_locale":"es_MX","og_type":"article","og_title":"13 casos de Tosferina en Quer\u00e9taro autoridades sanitarias piden reforzar la vacunaci\u00f3n infantil | Nexo Informativo Santiago de Quer\u00e9taro","og_description":"13 casos de Tosferina en Quer\u00e9taro autoridades sanitarias piden reforzar la vacunaci\u00f3n infantil","og_url":"https:\/\/www.nexoinformativo.mx\/index.php\/2025\/03\/19\/13-casos-de-tosferina-en-queretaro-autoridades-sanitarias-piden-reforzar-la-vacunacion-infantil\/","og_site_name":"Nexo Informativo Santiago de Quer\u00e9taro","article_publisher":"https:\/\/www.facebook.com\/people\/Nexo-Informativo\/61564066885511\/","article_published_time":"2025-03-19T20:00:16+00:00","article_modified_time":"2025-03-20T01:10:49+00:00","og_image":[{"width":800,"height":533,"url":"https:\/\/www.nexoinformativo.mx\/wp-content\/uploads\/2025\/03\/PHOTO-2025-03-19-13-53-55-e1742432891166.jpg","type":"image\/jpeg"}],"author":"Nexo Informativo","twitter_card":"summary_large_image","twitter_misc":{"Escrito por":"Nexo Informativo","Tiempo de lectura":"2 minutos"},"schema":{"@context":"https:\/\/schema.org","@graph":[{"@type":"Article","@id":"https:\/\/www.nexoinformativo.mx\/index.php\/2025\/03\/19\/13-casos-de-tosferina-en-queretaro-autoridades-sanitarias-piden-reforzar-la-vacunacion-infantil\/#article","isPartOf":{"@id":"https:\/\/www.nexoinformativo.mx\/index.php\/2025\/03\/19\/13-casos-de-tosferina-en-queretaro-autoridades-sanitarias-piden-reforzar-la-vacunacion-infantil\/"},"author":{"name":"Nexo Informativo","@id":"https:\/\/www.nexoinformativo.mx\/#\/schema\/person\/7749d380ba08c8ca00d7bc76fd907b7d"},"headline":"13 casos de Tosferina en Quer\u00e9taro autoridades sanitarias piden reforzar la vacunaci\u00f3n infantil","datePublished":"2025-03-19T20:00:16+00:00","dateModified":"2025-03-20T01:10:49+00:00","mainEntityOfPage":{"@id":"https:\/\/www.nexoinformativo.mx\/index.php\/2025\/03\/19\/13-casos-de-tosferina-en-queretaro-autoridades-sanitarias-piden-reforzar-la-vacunacion-infantil\/"},"wordCount":267,"commentCount":0,"publisher":{"@id":"https:\/\/www.nexoinformativo.mx\/#organization"},"image":{"@id":"https:\/\/www.nexoinformativo.mx\/index.php\/2025\/03\/19\/13-casos-de-tosferina-en-queretaro-autoridades-sanitarias-piden-reforzar-la-vacunacion-infantil\/#primaryimage"},"thumbnailUrl":"https:\/\/www.nexoinformativo.mx\/wp-content\/uploads\/2025\/03\/PHOTO-2025-03-19-13-53-55-e1742432891166.jpg","keywords":["Quer\u00e9taro","SaludQuer\u00e9taro","TosFerina","Vacunaci\u00f3nInfantil"],"articleSection":["Estado","\u00daltima Hora"],"inLanguage":"es","potentialAction":[{"@type":"CommentAction","name":"Comment","target":["https:\/\/www.nexoinformativo.mx\/index.php\/2025\/03\/19\/13-casos-de-tosferina-en-queretaro-autoridades-sanitarias-piden-reforzar-la-vacunacion-infantil\/#respond"]}]},{"@type":"WebPage","@id":"https:\/\/www.nexoinformativo.mx\/index.php\/2025\/03\/19\/13-casos-de-tosferina-en-queretaro-autoridades-sanitarias-piden-reforzar-la-vacunacion-infantil\/","url":"https:\/\/www.nexoinformativo.mx\/index.php\/2025\/03\/19\/13-casos-de-tosferina-en-queretaro-autoridades-sanitarias-piden-reforzar-la-vacunacion-infantil\/","name":"13 casos de Tosferina en Quer\u00e9taro autoridades sanitarias piden reforzar la vacunaci\u00f3n infantil | Nexo Informativo Santiago de Quer\u00e9taro","isPartOf":{"@id":"https:\/\/www.nexoinformativo.mx\/#website"},"primaryImageOfPage":{"@id":"https:\/\/www.nexoinformativo.mx\/index.php\/2025\/03\/19\/13-casos-de-tosferina-en-queretaro-autoridades-sanitarias-piden-reforzar-la-vacunacion-infantil\/#primaryimage"},"image":{"@id":"https:\/\/www.nexoinformativo.mx\/index.php\/2025\/03\/19\/13-casos-de-tosferina-en-queretaro-autoridades-sanitarias-piden-reforzar-la-vacunacion-infantil\/#primaryimage"},"thumbnailUrl":"https:\/\/www.nexoinformativo.mx\/wp-content\/uploads\/2025\/03\/PHOTO-2025-03-19-13-53-55-e1742432891166.jpg","datePublished":"2025-03-19T20:00:16+00:00","dateModified":"2025-03-20T01:10:49+00:00","description":"13 casos de Tosferina en Quer\u00e9taro autoridades sanitarias piden reforzar la vacunaci\u00f3n infantil","breadcrumb":{"@id":"https:\/\/www.nexoinformativo.mx\/index.php\/2025\/03\/19\/13-casos-de-tosferina-en-queretaro-autoridades-sanitarias-piden-reforzar-la-vacunacion-infantil\/#breadcrumb"},"inLanguage":"es","potentialAction":[{"@type":"ReadAction","target":["https:\/\/www.nexoinformativo.mx\/index.php\/2025\/03\/19\/13-casos-de-tosferina-en-queretaro-autoridades-sanitarias-piden-reforzar-la-vacunacion-infantil\/"]}]},{"@type":"ImageObject","inLanguage":"es","@id":"https:\/\/www.nexoinformativo.mx\/index.php\/2025\/03\/19\/13-casos-de-tosferina-en-queretaro-autoridades-sanitarias-piden-reforzar-la-vacunacion-infantil\/#primaryimage","url":"https:\/\/www.nexoinformativo.mx\/wp-content\/uploads\/2025\/03\/PHOTO-2025-03-19-13-53-55-e1742432891166.jpg","contentUrl":"https:\/\/www.nexoinformativo.mx\/wp-content\/uploads\/2025\/03\/PHOTO-2025-03-19-13-53-55-e1742432891166.jpg","width":800,"height":533},{"@type":"BreadcrumbList","@id":"https:\/\/www.nexoinformativo.mx\/index.php\/2025\/03\/19\/13-casos-de-tosferina-en-queretaro-autoridades-sanitarias-piden-reforzar-la-vacunacion-infantil\/#breadcrumb","itemListElement":[{"@type":"ListItem","position":1,"name":"Inicio","item":"https:\/\/www.nexoinformativo.mx\/"},{"@type":"ListItem","position":2,"name":"13 casos de Tosferina en Quer\u00e9taro autoridades sanitarias piden reforzar la vacunaci\u00f3n infantil"}]},{"@type":"WebSite","@id":"https:\/\/www.nexoinformativo.mx\/#website","url":"https:\/\/www.nexoinformativo.mx\/","name":"Nexo Informativo Santiago de Quer\u00e9taro","description":"Explora NexoInformativo y convi\u00e9rtete en parte de una comunidad que valora el conocimiento y la verdad. Tu nexoinformativo es tu puente hacia una comprensi\u00f3n m\u00e1s profunda del mundo que te rodea.","publisher":{"@id":"https:\/\/www.nexoinformativo.mx\/#organization"},"potentialAction":[{"@type":"SearchAction","target":{"@type":"EntryPoint","urlTemplate":"https:\/\/www.nexoinformativo.mx\/?s={search_term_string}"},"query-input":{"@type":"PropertyValueSpecification","valueRequired":true,"valueName":"search_term_string"}}],"inLanguage":"es"},{"@type":"Organization","@id":"https:\/\/www.nexoinformativo.mx\/#organization","name":"Nexo Informativo Santiago de Quer\u00e9taro","url":"https:\/\/www.nexoinformativo.mx\/","logo":{"@type":"ImageObject","inLanguage":"es","@id":"https:\/\/www.nexoinformativo.mx\/#\/schema\/logo\/image\/","url":"https:\/\/www.nexoinformativo.mx\/wp-content\/uploads\/2024\/07\/nexoi-trasparente-2.png","contentUrl":"https:\/\/www.nexoinformativo.mx\/wp-content\/uploads\/2024\/07\/nexoi-trasparente-2.png","width":816,"height":339,"caption":"Nexo Informativo Santiago de Quer\u00e9taro"},"image":{"@id":"https:\/\/www.nexoinformativo.mx\/#\/schema\/logo\/image\/"},"sameAs":["https:\/\/www.facebook.com\/people\/Nexo-Informativo\/61564066885511\/"]},{"@type":"Person","@id":"https:\/\/www.nexoinformativo.mx\/#\/schema\/person\/7749d380ba08c8ca00d7bc76fd907b7d","name":"Nexo Informativo","image":{"@type":"ImageObject","inLanguage":"es","@id":"https:\/\/www.nexoinformativo.mx\/#\/schema\/person\/image\/","url":"https:\/\/secure.gravatar.com\/avatar\/dde2928154642a13d95f87ddf1ea9718fe2b46760a005c53e41ff5ad610704e6?s=96&d=mm&r=g","contentUrl":"https:\/\/secure.gravatar.com\/avatar\/dde2928154642a13d95f87ddf1ea9718fe2b46760a005c53e41ff5ad610704e6?s=96&d=mm&r=g","caption":"Nexo Informativo"},"url":"https:\/\/www.nexoinformativo.mx\/index.php\/author\/edicion\/"}]}},"_links":{"self":[{"href":"https:\/\/www.nexoinformativo.mx\/index.php\/wp-json\/wp\/v2\/posts\/13057","targetHints":{"allow":["GET"]}}],"collection":[{"href":"https:\/\/www.nexoinformativo.mx\/index.php\/wp-json\/wp\/v2\/posts"}],"about":[{"href":"https:\/\/www.nexoinformativo.mx\/index.php\/wp-json\/wp\/v2\/types\/post"}],"author":[{"embeddable":true,"href":"https:\/\/www.nexoinformativo.mx\/index.php\/wp-json\/wp\/v2\/users\/3"}],"replies":[{"embeddable":true,"href":"https:\/\/www.nexoinformativo.mx\/index.php\/wp-json\/wp\/v2\/comments?post=13057"}],"version-history":[{"count":5,"href":"https:\/\/www.nexoinformativo.mx\/index.php\/wp-json\/wp\/v2\/posts\/13057\/revisions"}],"predecessor-version":[{"id":13062,"href":"https:\/\/www.nexoinformativo.mx\/index.php\/wp-json\/wp\/v2\/posts\/13057\/revisions\/13062"}],"wp:featuredmedia":[{"embeddable":true,"href":"https:\/\/www.nexoinformativo.mx\/index.php\/wp-json\/wp\/v2\/media\/13058"}],"wp:attachment":[{"href":"https:\/\/www.nexoinformativo.mx\/index.php\/wp-json\/wp\/v2\/media?parent=13057"}],"wp:term":[{"taxonomy":"category","embeddable":true,"href":"https:\/\/www.nexoinformativo.mx\/index.php\/wp-json\/wp\/v2\/categories?post=13057"},{"taxonomy":"post_tag","embeddable":true,"href":"https:\/\/www.nexoinformativo.mx\/index.php\/wp-json\/wp\/v2\/tags?post=13057"}],"curies":[{"name":"wp","href":"https:\/\/api.w.org\/{rel}","templated":true}]}}