{"id":1306,"date":"2024-08-30T10:00:36","date_gmt":"2024-08-30T16:00:36","guid":{"rendered":"https:\/\/www.nexoinformativo.mx\/?p=1306"},"modified":"2024-08-30T16:06:33","modified_gmt":"2024-08-30T22:06:33","slug":"conductor-de-qrobus-invade-ciclovia-y-pone-en-riesgo-a-ciclistas-en-queretaro","status":"publish","type":"post","link":"https:\/\/www.nexoinformativo.mx\/index.php\/2024\/08\/30\/conductor-de-qrobus-invade-ciclovia-y-pone-en-riesgo-a-ciclistas-en-queretaro\/","title":{"rendered":"Conductor de QroB\u00fas invade ciclov\u00eda y pone en riesgo a ciclistas en Quer\u00e9taro"},"content":{"rendered":"<p style=\"text-align: justify;\">Un conductor de la ruta C-52 de QroB\u00fas fue captado invadiendo una ciclov\u00eda a la altura de Patinerama, generando preocupaci\u00f3n entre los usuarios de bicicleta y peatones. Se observa c\u00f3mo el autob\u00fas circula por la ciclov\u00eda, un \u00e1rea destinada exclusivamente para ciclistas, lo que representa un grave riesgo para la seguridad vial.<\/p>\n<p>&nbsp;<\/p>\n<p style=\"text-align: justify;\">El incidente tom\u00f3 un giro m\u00e1s preocupante cuando un ciudadano, testigo de los hechos, confront\u00f3 al operador del autob\u00fas. En lugar de disculparse o corregir su acci\u00f3n, el conductor respondi\u00f3 de manera agresiva, lo que gener\u00f3 una mayor indignaci\u00f3n entre los testigos.<\/p>\n<p>&nbsp;<\/p>\n<p style=\"text-align: justify;\">Este tipo de comportamiento no solo viola las normas de tr\u00e1nsito establecidas en Quer\u00e9taro, sino que tambi\u00e9n pone en peligro la integridad de los ciclistas que utilizan estas v\u00edas para moverse de manera segura por la ciudad. La invasi\u00f3n de ciclov\u00edas por parte de veh\u00edculos motorizados es una pr\u00e1ctica que ha sido recurrentemente denunciada por colectivos ciclistas y ciudadanos que piden un mayor respeto a las normas de tr\u00e1nsito y la aplicaci\u00f3n de sanciones m\u00e1s estrictas para quienes las infringen.<\/p>\n<p>&nbsp;<\/p>\n<p style=\"text-align: justify;\">En este contexto, los usuarios y colectivos ciclistas de Quer\u00e9taro exigen a las autoridades correspondientes, as\u00ed como a la empresa QroB\u00fas, que tomen medidas para garantizar que los conductores respeten las ciclov\u00edas y se comporten de manera adecuada en situaciones de confrontaci\u00f3n. La seguridad de todos los usuarios de la v\u00eda p\u00fablica debe ser una prioridad para mejorar la movilidad urbana y evitar accidentes.<\/p>\n<p>La empresa QroB\u00fas a\u00fan no ha emitido un comunicado oficial respecto a este incidente, pero los ciudadanos esperan que se tomen las medidas correctivas necesarias para prevenir futuros incidentes de este tipo.<\/p>\n","protected":false},"excerpt":{"rendered":"<p>Un conductor de la ruta C-52 de QroB\u00fas fue captado invadiendo una ciclov\u00eda a la altura de Patinerama, generando preocupaci\u00f3n entre los usuarios de bicicleta y peatones. Se observa c\u00f3mo el autob\u00fas circula por la ciclov\u00eda, un \u00e1rea destinada exclusivamente para ciclistas, lo que representa un grave riesgo para la seguridad vial. &nbsp; El incidente [&hellip;]<\/p>\n","protected":false},"author":3,"featured_media":0,"comment_status":"open","ping_status":"open","sticky":false,"template":"","format":"standard","meta":{"footnotes":""},"categories":[137],"tags":[357,358,359,356,151],"class_list":["post-1306","post","type-post","status-publish","format-standard","hentry","category-sucesos","tag-cicloviasseguras","tag-movilidadqueretaro","tag-qrobus","tag-respetoalciclista","tag-seguridadvial"],"yoast_head":"<!-- This site is optimized with the Yoast SEO plugin v25.0 - https:\/\/yoast.com\/wordpress\/plugins\/seo\/ -->\n<title>Conductor de QroB\u00fas invade ciclov\u00eda y pone en riesgo a ciclistas en Quer\u00e9taro | Nexo Informativo Santiago de Quer\u00e9taro<\/title>\n<meta name=\"robots\" content=\"index, follow, max-snippet:-1, max-image-preview:large, max-video-preview:-1\" \/>\n<link rel=\"canonical\" href=\"https:\/\/www.nexoinformativo.mx\/index.php\/2024\/08\/30\/conductor-de-qrobus-invade-ciclovia-y-pone-en-riesgo-a-ciclistas-en-queretaro\/\" \/>\n<meta property=\"og:locale\" content=\"es_MX\" \/>\n<meta property=\"og:type\" content=\"article\" \/>\n<meta property=\"og:title\" content=\"Conductor de QroB\u00fas invade ciclov\u00eda y pone en riesgo a ciclistas en Quer\u00e9taro | Nexo Informativo Santiago de Quer\u00e9taro\" \/>\n<meta property=\"og:description\" content=\"Un conductor de la ruta C-52 de QroB\u00fas fue captado invadiendo una ciclov\u00eda a la altura de Patinerama, generando preocupaci\u00f3n entre los usuarios de bicicleta y peatones. Se observa c\u00f3mo el autob\u00fas circula por la ciclov\u00eda, un \u00e1rea destinada exclusivamente para ciclistas, lo que representa un grave riesgo para la seguridad vial. &nbsp; El incidente [&hellip;]\" \/>\n<meta property=\"og:url\" content=\"https:\/\/www.nexoinformativo.mx\/index.php\/2024\/08\/30\/conductor-de-qrobus-invade-ciclovia-y-pone-en-riesgo-a-ciclistas-en-queretaro\/\" \/>\n<meta property=\"og:site_name\" content=\"Nexo Informativo Santiago de Quer\u00e9taro\" \/>\n<meta property=\"article:publisher\" content=\"https:\/\/www.facebook.com\/people\/Nexo-Informativo\/61564066885511\/\" \/>\n<meta property=\"article:published_time\" content=\"2024-08-30T16:00:36+00:00\" \/>\n<meta property=\"article:modified_time\" content=\"2024-08-30T22:06:33+00:00\" \/>\n<meta name=\"author\" content=\"Nexo Informativo\" \/>\n<meta name=\"twitter:card\" content=\"summary_large_image\" \/>\n<meta name=\"twitter:label1\" content=\"Escrito por\" \/>\n\t<meta name=\"twitter:data1\" content=\"Nexo Informativo\" \/>\n\t<meta name=\"twitter:label2\" content=\"Tiempo de lectura\" \/>\n\t<meta name=\"twitter:data2\" content=\"2 minutos\" \/>\n<script type=\"application\/ld+json\" class=\"yoast-schema-graph\">{\"@context\":\"https:\/\/schema.org\",\"@graph\":[{\"@type\":\"Article\",\"@id\":\"https:\/\/www.nexoinformativo.mx\/index.php\/2024\/08\/30\/conductor-de-qrobus-invade-ciclovia-y-pone-en-riesgo-a-ciclistas-en-queretaro\/#article\",\"isPartOf\":{\"@id\":\"https:\/\/www.nexoinformativo.mx\/index.php\/2024\/08\/30\/conductor-de-qrobus-invade-ciclovia-y-pone-en-riesgo-a-ciclistas-en-queretaro\/\"},\"author\":{\"name\":\"Nexo Informativo\",\"@id\":\"https:\/\/www.nexoinformativo.mx\/#\/schema\/person\/7749d380ba08c8ca00d7bc76fd907b7d\"},\"headline\":\"Conductor de QroB\u00fas invade ciclov\u00eda y pone en riesgo a ciclistas en Quer\u00e9taro\",\"datePublished\":\"2024-08-30T16:00:36+00:00\",\"dateModified\":\"2024-08-30T22:06:33+00:00\",\"mainEntityOfPage\":{\"@id\":\"https:\/\/www.nexoinformativo.mx\/index.php\/2024\/08\/30\/conductor-de-qrobus-invade-ciclovia-y-pone-en-riesgo-a-ciclistas-en-queretaro\/\"},\"wordCount\":318,\"commentCount\":0,\"publisher\":{\"@id\":\"https:\/\/www.nexoinformativo.mx\/#organization\"},\"keywords\":[\"Ciclov\u00edasSeguras\",\"MovilidadQuer\u00e9taro\",\"QroB\u00fas\",\"RespetoAlCiclista\",\"seguridadvial\"],\"articleSection\":[\"Sucesos\"],\"inLanguage\":\"es\",\"potentialAction\":[{\"@type\":\"CommentAction\",\"name\":\"Comment\",\"target\":[\"https:\/\/www.nexoinformativo.mx\/index.php\/2024\/08\/30\/conductor-de-qrobus-invade-ciclovia-y-pone-en-riesgo-a-ciclistas-en-queretaro\/#respond\"]}]},{\"@type\":\"WebPage\",\"@id\":\"https:\/\/www.nexoinformativo.mx\/index.php\/2024\/08\/30\/conductor-de-qrobus-invade-ciclovia-y-pone-en-riesgo-a-ciclistas-en-queretaro\/\",\"url\":\"https:\/\/www.nexoinformativo.mx\/index.php\/2024\/08\/30\/conductor-de-qrobus-invade-ciclovia-y-pone-en-riesgo-a-ciclistas-en-queretaro\/\",\"name\":\"Conductor de QroB\u00fas invade ciclov\u00eda y pone en riesgo a ciclistas en Quer\u00e9taro | Nexo Informativo Santiago de Quer\u00e9taro\",\"isPartOf\":{\"@id\":\"https:\/\/www.nexoinformativo.mx\/#website\"},\"datePublished\":\"2024-08-30T16:00:36+00:00\",\"dateModified\":\"2024-08-30T22:06:33+00:00\",\"breadcrumb\":{\"@id\":\"https:\/\/www.nexoinformativo.mx\/index.php\/2024\/08\/30\/conductor-de-qrobus-invade-ciclovia-y-pone-en-riesgo-a-ciclistas-en-queretaro\/#breadcrumb\"},\"inLanguage\":\"es\",\"potentialAction\":[{\"@type\":\"ReadAction\",\"target\":[\"https:\/\/www.nexoinformativo.mx\/index.php\/2024\/08\/30\/conductor-de-qrobus-invade-ciclovia-y-pone-en-riesgo-a-ciclistas-en-queretaro\/\"]}]},{\"@type\":\"BreadcrumbList\",\"@id\":\"https:\/\/www.nexoinformativo.mx\/index.php\/2024\/08\/30\/conductor-de-qrobus-invade-ciclovia-y-pone-en-riesgo-a-ciclistas-en-queretaro\/#breadcrumb\",\"itemListElement\":[{\"@type\":\"ListItem\",\"position\":1,\"name\":\"Inicio\",\"item\":\"https:\/\/www.nexoinformativo.mx\/\"},{\"@type\":\"ListItem\",\"position\":2,\"name\":\"Conductor de QroB\u00fas invade ciclov\u00eda y pone en riesgo a ciclistas en Quer\u00e9taro\"}]},{\"@type\":\"WebSite\",\"@id\":\"https:\/\/www.nexoinformativo.mx\/#website\",\"url\":\"https:\/\/www.nexoinformativo.mx\/\",\"name\":\"Nexo Informativo Santiago de Quer\u00e9taro\",\"description\":\"Explora NexoInformativo y convi\u00e9rtete en parte de una comunidad que valora el conocimiento y la verdad. Tu nexoinformativo es tu puente hacia una comprensi\u00f3n m\u00e1s profunda del mundo que te rodea.\",\"publisher\":{\"@id\":\"https:\/\/www.nexoinformativo.mx\/#organization\"},\"potentialAction\":[{\"@type\":\"SearchAction\",\"target\":{\"@type\":\"EntryPoint\",\"urlTemplate\":\"https:\/\/www.nexoinformativo.mx\/?s={search_term_string}\"},\"query-input\":{\"@type\":\"PropertyValueSpecification\",\"valueRequired\":true,\"valueName\":\"search_term_string\"}}],\"inLanguage\":\"es\"},{\"@type\":\"Organization\",\"@id\":\"https:\/\/www.nexoinformativo.mx\/#organization\",\"name\":\"Nexo Informativo Santiago de Quer\u00e9taro\",\"url\":\"https:\/\/www.nexoinformativo.mx\/\",\"logo\":{\"@type\":\"ImageObject\",\"inLanguage\":\"es\",\"@id\":\"https:\/\/www.nexoinformativo.mx\/#\/schema\/logo\/image\/\",\"url\":\"https:\/\/www.nexoinformativo.mx\/wp-content\/uploads\/2024\/07\/nexoi-trasparente-2.png\",\"contentUrl\":\"https:\/\/www.nexoinformativo.mx\/wp-content\/uploads\/2024\/07\/nexoi-trasparente-2.png\",\"width\":816,\"height\":339,\"caption\":\"Nexo Informativo Santiago de Quer\u00e9taro\"},\"image\":{\"@id\":\"https:\/\/www.nexoinformativo.mx\/#\/schema\/logo\/image\/\"},\"sameAs\":[\"https:\/\/www.facebook.com\/people\/Nexo-Informativo\/61564066885511\/\"]},{\"@type\":\"Person\",\"@id\":\"https:\/\/www.nexoinformativo.mx\/#\/schema\/person\/7749d380ba08c8ca00d7bc76fd907b7d\",\"name\":\"Nexo Informativo\",\"image\":{\"@type\":\"ImageObject\",\"inLanguage\":\"es\",\"@id\":\"https:\/\/www.nexoinformativo.mx\/#\/schema\/person\/image\/\",\"url\":\"https:\/\/secure.gravatar.com\/avatar\/dde2928154642a13d95f87ddf1ea9718fe2b46760a005c53e41ff5ad610704e6?s=96&d=mm&r=g\",\"contentUrl\":\"https:\/\/secure.gravatar.com\/avatar\/dde2928154642a13d95f87ddf1ea9718fe2b46760a005c53e41ff5ad610704e6?s=96&d=mm&r=g\",\"caption\":\"Nexo Informativo\"},\"url\":\"https:\/\/www.nexoinformativo.mx\/index.php\/author\/edicion\/\"}]}<\/script>\n<!-- \/ Yoast SEO plugin. -->","yoast_head_json":{"title":"Conductor de QroB\u00fas invade ciclov\u00eda y pone en riesgo a ciclistas en Quer\u00e9taro | Nexo Informativo Santiago de Quer\u00e9taro","robots":{"index":"index","follow":"follow","max-snippet":"max-snippet:-1","max-image-preview":"max-image-preview:large","max-video-preview":"max-video-preview:-1"},"canonical":"https:\/\/www.nexoinformativo.mx\/index.php\/2024\/08\/30\/conductor-de-qrobus-invade-ciclovia-y-pone-en-riesgo-a-ciclistas-en-queretaro\/","og_locale":"es_MX","og_type":"article","og_title":"Conductor de QroB\u00fas invade ciclov\u00eda y pone en riesgo a ciclistas en Quer\u00e9taro | Nexo Informativo Santiago de Quer\u00e9taro","og_description":"Un conductor de la ruta C-52 de QroB\u00fas fue captado invadiendo una ciclov\u00eda a la altura de Patinerama, generando preocupaci\u00f3n entre los usuarios de bicicleta y peatones. Se observa c\u00f3mo el autob\u00fas circula por la ciclov\u00eda, un \u00e1rea destinada exclusivamente para ciclistas, lo que representa un grave riesgo para la seguridad vial. &nbsp; El incidente [&hellip;]","og_url":"https:\/\/www.nexoinformativo.mx\/index.php\/2024\/08\/30\/conductor-de-qrobus-invade-ciclovia-y-pone-en-riesgo-a-ciclistas-en-queretaro\/","og_site_name":"Nexo Informativo Santiago de Quer\u00e9taro","article_publisher":"https:\/\/www.facebook.com\/people\/Nexo-Informativo\/61564066885511\/","article_published_time":"2024-08-30T16:00:36+00:00","article_modified_time":"2024-08-30T22:06:33+00:00","author":"Nexo Informativo","twitter_card":"summary_large_image","twitter_misc":{"Escrito por":"Nexo Informativo","Tiempo de lectura":"2 minutos"},"schema":{"@context":"https:\/\/schema.org","@graph":[{"@type":"Article","@id":"https:\/\/www.nexoinformativo.mx\/index.php\/2024\/08\/30\/conductor-de-qrobus-invade-ciclovia-y-pone-en-riesgo-a-ciclistas-en-queretaro\/#article","isPartOf":{"@id":"https:\/\/www.nexoinformativo.mx\/index.php\/2024\/08\/30\/conductor-de-qrobus-invade-ciclovia-y-pone-en-riesgo-a-ciclistas-en-queretaro\/"},"author":{"name":"Nexo Informativo","@id":"https:\/\/www.nexoinformativo.mx\/#\/schema\/person\/7749d380ba08c8ca00d7bc76fd907b7d"},"headline":"Conductor de QroB\u00fas invade ciclov\u00eda y pone en riesgo a ciclistas en Quer\u00e9taro","datePublished":"2024-08-30T16:00:36+00:00","dateModified":"2024-08-30T22:06:33+00:00","mainEntityOfPage":{"@id":"https:\/\/www.nexoinformativo.mx\/index.php\/2024\/08\/30\/conductor-de-qrobus-invade-ciclovia-y-pone-en-riesgo-a-ciclistas-en-queretaro\/"},"wordCount":318,"commentCount":0,"publisher":{"@id":"https:\/\/www.nexoinformativo.mx\/#organization"},"keywords":["Ciclov\u00edasSeguras","MovilidadQuer\u00e9taro","QroB\u00fas","RespetoAlCiclista","seguridadvial"],"articleSection":["Sucesos"],"inLanguage":"es","potentialAction":[{"@type":"CommentAction","name":"Comment","target":["https:\/\/www.nexoinformativo.mx\/index.php\/2024\/08\/30\/conductor-de-qrobus-invade-ciclovia-y-pone-en-riesgo-a-ciclistas-en-queretaro\/#respond"]}]},{"@type":"WebPage","@id":"https:\/\/www.nexoinformativo.mx\/index.php\/2024\/08\/30\/conductor-de-qrobus-invade-ciclovia-y-pone-en-riesgo-a-ciclistas-en-queretaro\/","url":"https:\/\/www.nexoinformativo.mx\/index.php\/2024\/08\/30\/conductor-de-qrobus-invade-ciclovia-y-pone-en-riesgo-a-ciclistas-en-queretaro\/","name":"Conductor de QroB\u00fas invade ciclov\u00eda y pone en riesgo a ciclistas en Quer\u00e9taro | Nexo Informativo Santiago de Quer\u00e9taro","isPartOf":{"@id":"https:\/\/www.nexoinformativo.mx\/#website"},"datePublished":"2024-08-30T16:00:36+00:00","dateModified":"2024-08-30T22:06:33+00:00","breadcrumb":{"@id":"https:\/\/www.nexoinformativo.mx\/index.php\/2024\/08\/30\/conductor-de-qrobus-invade-ciclovia-y-pone-en-riesgo-a-ciclistas-en-queretaro\/#breadcrumb"},"inLanguage":"es","potentialAction":[{"@type":"ReadAction","target":["https:\/\/www.nexoinformativo.mx\/index.php\/2024\/08\/30\/conductor-de-qrobus-invade-ciclovia-y-pone-en-riesgo-a-ciclistas-en-queretaro\/"]}]},{"@type":"BreadcrumbList","@id":"https:\/\/www.nexoinformativo.mx\/index.php\/2024\/08\/30\/conductor-de-qrobus-invade-ciclovia-y-pone-en-riesgo-a-ciclistas-en-queretaro\/#breadcrumb","itemListElement":[{"@type":"ListItem","position":1,"name":"Inicio","item":"https:\/\/www.nexoinformativo.mx\/"},{"@type":"ListItem","position":2,"name":"Conductor de QroB\u00fas invade ciclov\u00eda y pone en riesgo a ciclistas en Quer\u00e9taro"}]},{"@type":"WebSite","@id":"https:\/\/www.nexoinformativo.mx\/#website","url":"https:\/\/www.nexoinformativo.mx\/","name":"Nexo Informativo Santiago de Quer\u00e9taro","description":"Explora NexoInformativo y convi\u00e9rtete en parte de una comunidad que valora el conocimiento y la verdad. Tu nexoinformativo es tu puente hacia una comprensi\u00f3n m\u00e1s profunda del mundo que te rodea.","publisher":{"@id":"https:\/\/www.nexoinformativo.mx\/#organization"},"potentialAction":[{"@type":"SearchAction","target":{"@type":"EntryPoint","urlTemplate":"https:\/\/www.nexoinformativo.mx\/?s={search_term_string}"},"query-input":{"@type":"PropertyValueSpecification","valueRequired":true,"valueName":"search_term_string"}}],"inLanguage":"es"},{"@type":"Organization","@id":"https:\/\/www.nexoinformativo.mx\/#organization","name":"Nexo Informativo Santiago de Quer\u00e9taro","url":"https:\/\/www.nexoinformativo.mx\/","logo":{"@type":"ImageObject","inLanguage":"es","@id":"https:\/\/www.nexoinformativo.mx\/#\/schema\/logo\/image\/","url":"https:\/\/www.nexoinformativo.mx\/wp-content\/uploads\/2024\/07\/nexoi-trasparente-2.png","contentUrl":"https:\/\/www.nexoinformativo.mx\/wp-content\/uploads\/2024\/07\/nexoi-trasparente-2.png","width":816,"height":339,"caption":"Nexo Informativo Santiago de Quer\u00e9taro"},"image":{"@id":"https:\/\/www.nexoinformativo.mx\/#\/schema\/logo\/image\/"},"sameAs":["https:\/\/www.facebook.com\/people\/Nexo-Informativo\/61564066885511\/"]},{"@type":"Person","@id":"https:\/\/www.nexoinformativo.mx\/#\/schema\/person\/7749d380ba08c8ca00d7bc76fd907b7d","name":"Nexo Informativo","image":{"@type":"ImageObject","inLanguage":"es","@id":"https:\/\/www.nexoinformativo.mx\/#\/schema\/person\/image\/","url":"https:\/\/secure.gravatar.com\/avatar\/dde2928154642a13d95f87ddf1ea9718fe2b46760a005c53e41ff5ad610704e6?s=96&d=mm&r=g","contentUrl":"https:\/\/secure.gravatar.com\/avatar\/dde2928154642a13d95f87ddf1ea9718fe2b46760a005c53e41ff5ad610704e6?s=96&d=mm&r=g","caption":"Nexo Informativo"},"url":"https:\/\/www.nexoinformativo.mx\/index.php\/author\/edicion\/"}]}},"_links":{"self":[{"href":"https:\/\/www.nexoinformativo.mx\/index.php\/wp-json\/wp\/v2\/posts\/1306","targetHints":{"allow":["GET"]}}],"collection":[{"href":"https:\/\/www.nexoinformativo.mx\/index.php\/wp-json\/wp\/v2\/posts"}],"about":[{"href":"https:\/\/www.nexoinformativo.mx\/index.php\/wp-json\/wp\/v2\/types\/post"}],"author":[{"embeddable":true,"href":"https:\/\/www.nexoinformativo.mx\/index.php\/wp-json\/wp\/v2\/users\/3"}],"replies":[{"embeddable":true,"href":"https:\/\/www.nexoinformativo.mx\/index.php\/wp-json\/wp\/v2\/comments?post=1306"}],"version-history":[{"count":4,"href":"https:\/\/www.nexoinformativo.mx\/index.php\/wp-json\/wp\/v2\/posts\/1306\/revisions"}],"predecessor-version":[{"id":1321,"href":"https:\/\/www.nexoinformativo.mx\/index.php\/wp-json\/wp\/v2\/posts\/1306\/revisions\/1321"}],"wp:attachment":[{"href":"https:\/\/www.nexoinformativo.mx\/index.php\/wp-json\/wp\/v2\/media?parent=1306"}],"wp:term":[{"taxonomy":"category","embeddable":true,"href":"https:\/\/www.nexoinformativo.mx\/index.php\/wp-json\/wp\/v2\/categories?post=1306"},{"taxonomy":"post_tag","embeddable":true,"href":"https:\/\/www.nexoinformativo.mx\/index.php\/wp-json\/wp\/v2\/tags?post=1306"}],"curies":[{"name":"wp","href":"https:\/\/api.w.org\/{rel}","templated":true}]}}