{"id":13064,"date":"2025-03-19T15:00:01","date_gmt":"2025-03-19T21:00:01","guid":{"rendered":"https:\/\/www.nexoinformativo.mx\/?p=13064"},"modified":"2025-03-19T19:15:29","modified_gmt":"2025-03-20T01:15:29","slug":"restos-humanos-en-plaza-del-parque-bomberos-localizan-osamenta-en-dren-pluvial","status":"publish","type":"post","link":"https:\/\/www.nexoinformativo.mx\/index.php\/2025\/03\/19\/restos-humanos-en-plaza-del-parque-bomberos-localizan-osamenta-en-dren-pluvial\/","title":{"rendered":"Restos humanos en Plaza del Parque bomberos localizan osamenta en dren pluvial"},"content":{"rendered":"<p style=\"text-align: justify;\" data-sourcepos=\"13:1-13:226\">Restos \u00f3seos fueron localizados al interior de un dren pluvial ubicado en la Avenida Epigmenio Gonz\u00e1les esquina con Corregidora Norte, a la altura de Plaza del Parque, en la capital queretana.<\/p>\n<\/p>\n<p>&nbsp;<\/p>\n<p style=\"text-align: justify;\" data-sourcepos=\"15:1-15:233\">El hallazgo se produjo cuando bomberos de Quer\u00e9taro acudieron a la zona para sofocar un incendio dentro del dren. Al revisar el \u00e1rea bajo el puente de la estructura pluvial, encontraron los restos \u00f3seos y alertaron a las autoridades.<\/p>\n<\/p>\n<p>&nbsp;<\/p>\n<p style=\"text-align: justify;\" data-sourcepos=\"17:1-17:227\">Elementos de la Polic\u00eda Estatal (PoEs) llegaron al lugar y confirmaron la presencia de los restos, procediendo a acordonar y asegurar la zona. Posteriormente, se solicit\u00f3 la intervenci\u00f3n de la Fiscal\u00eda General del Estado (FGE).<\/p>\n<\/p>\n<p>&nbsp;<\/p>\n<p style=\"text-align: justify;\" data-sourcepos=\"19:1-19:265\">Personal de la Direcci\u00f3n de Servicios Periciales de la FGE ingres\u00f3 al dren para llevar a cabo las investigaciones pertinentes. M\u00e9dicos forenses realizaron la recolecci\u00f3n y embalaje de los restos, que fueron trasladados a la morgue para realizar la necropsia de ley.<\/p>\n<\/p>\n<p>&nbsp;<\/p>\n<p style=\"text-align: center;\" data-sourcepos=\"19:1-19:265\"><em><strong>\u00a1Informaci\u00f3n que transforma!<\/strong><\/em><\/p>\n","protected":false},"excerpt":{"rendered":"<p>Restos \u00f3seos fueron localizados al interior de un dren pluvial ubicado en la Avenida Epigmenio Gonz\u00e1les esquina con Corregidora Norte, a la altura de Plaza del Parque, en la capital queretana.<\/p>\n","protected":false},"author":3,"featured_media":13066,"comment_status":"open","ping_status":"open","sticky":false,"template":"","format":"standard","meta":{"footnotes":""},"categories":[137,58],"tags":[3831,1540,133,266],"class_list":["post-13064","post","type-post","status-publish","format-standard","has-post-thumbnail","hentry","category-sucesos","category-ultima-hora","tag-hallazgooseo","tag-investigacion","tag-queretaro","tag-seguridadqueretaro"],"yoast_head":"<!-- This site is optimized with the Yoast SEO plugin v25.0 - https:\/\/yoast.com\/wordpress\/plugins\/seo\/ -->\n<title>Restos humanos en Plaza del Parque bomberos localizan osamenta en dren pluvial | Nexo Informativo Santiago de Quer\u00e9taro<\/title>\n<meta name=\"description\" content=\"Restos humanos en Plaza del Parque bomberos localizan osamenta en dren pluvial\" \/>\n<meta name=\"robots\" content=\"index, follow, max-snippet:-1, max-image-preview:large, max-video-preview:-1\" \/>\n<link rel=\"canonical\" href=\"https:\/\/www.nexoinformativo.mx\/index.php\/2025\/03\/19\/restos-humanos-en-plaza-del-parque-bomberos-localizan-osamenta-en-dren-pluvial\/\" \/>\n<meta property=\"og:locale\" content=\"es_MX\" \/>\n<meta property=\"og:type\" content=\"article\" \/>\n<meta property=\"og:title\" content=\"Restos humanos en Plaza del Parque bomberos localizan osamenta en dren pluvial | Nexo Informativo Santiago de Quer\u00e9taro\" \/>\n<meta property=\"og:description\" content=\"Restos humanos en Plaza del Parque bomberos localizan osamenta en dren pluvial\" \/>\n<meta property=\"og:url\" content=\"https:\/\/www.nexoinformativo.mx\/index.php\/2025\/03\/19\/restos-humanos-en-plaza-del-parque-bomberos-localizan-osamenta-en-dren-pluvial\/\" \/>\n<meta property=\"og:site_name\" content=\"Nexo Informativo Santiago de Quer\u00e9taro\" \/>\n<meta property=\"article:publisher\" content=\"https:\/\/www.facebook.com\/people\/Nexo-Informativo\/61564066885511\/\" \/>\n<meta property=\"article:published_time\" content=\"2025-03-19T21:00:01+00:00\" \/>\n<meta property=\"article:modified_time\" content=\"2025-03-20T01:15:29+00:00\" \/>\n<meta property=\"og:image\" content=\"https:\/\/www.nexoinformativo.mx\/wp-content\/uploads\/2025\/03\/PHOTO-2025-03-19-13-54-19-e1742433307872.jpg\" \/>\n\t<meta property=\"og:image:width\" content=\"800\" \/>\n\t<meta property=\"og:image:height\" content=\"450\" \/>\n\t<meta property=\"og:image:type\" content=\"image\/jpeg\" \/>\n<meta name=\"author\" content=\"Nexo Informativo\" \/>\n<meta name=\"twitter:card\" content=\"summary_large_image\" \/>\n<meta name=\"twitter:label1\" content=\"Escrito por\" \/>\n\t<meta name=\"twitter:data1\" content=\"Nexo Informativo\" \/>\n\t<meta name=\"twitter:label2\" content=\"Tiempo de lectura\" \/>\n\t<meta name=\"twitter:data2\" content=\"1 minuto\" \/>\n<script type=\"application\/ld+json\" class=\"yoast-schema-graph\">{\"@context\":\"https:\/\/schema.org\",\"@graph\":[{\"@type\":\"Article\",\"@id\":\"https:\/\/www.nexoinformativo.mx\/index.php\/2025\/03\/19\/restos-humanos-en-plaza-del-parque-bomberos-localizan-osamenta-en-dren-pluvial\/#article\",\"isPartOf\":{\"@id\":\"https:\/\/www.nexoinformativo.mx\/index.php\/2025\/03\/19\/restos-humanos-en-plaza-del-parque-bomberos-localizan-osamenta-en-dren-pluvial\/\"},\"author\":{\"name\":\"Nexo Informativo\",\"@id\":\"https:\/\/www.nexoinformativo.mx\/#\/schema\/person\/7749d380ba08c8ca00d7bc76fd907b7d\"},\"headline\":\"Restos humanos en Plaza del Parque bomberos localizan osamenta en dren pluvial\",\"datePublished\":\"2025-03-19T21:00:01+00:00\",\"dateModified\":\"2025-03-20T01:15:29+00:00\",\"mainEntityOfPage\":{\"@id\":\"https:\/\/www.nexoinformativo.mx\/index.php\/2025\/03\/19\/restos-humanos-en-plaza-del-parque-bomberos-localizan-osamenta-en-dren-pluvial\/\"},\"wordCount\":175,\"commentCount\":0,\"publisher\":{\"@id\":\"https:\/\/www.nexoinformativo.mx\/#organization\"},\"image\":{\"@id\":\"https:\/\/www.nexoinformativo.mx\/index.php\/2025\/03\/19\/restos-humanos-en-plaza-del-parque-bomberos-localizan-osamenta-en-dren-pluvial\/#primaryimage\"},\"thumbnailUrl\":\"https:\/\/www.nexoinformativo.mx\/wp-content\/uploads\/2025\/03\/PHOTO-2025-03-19-13-54-19-e1742433307872.jpg\",\"keywords\":[\"Hallazgo\u00d3seo\",\"Investigaci\u00f3n\",\"Quer\u00e9taro\",\"SeguridadQueretaro\"],\"articleSection\":[\"Sucesos\",\"\u00daltima Hora\"],\"inLanguage\":\"es\",\"potentialAction\":[{\"@type\":\"CommentAction\",\"name\":\"Comment\",\"target\":[\"https:\/\/www.nexoinformativo.mx\/index.php\/2025\/03\/19\/restos-humanos-en-plaza-del-parque-bomberos-localizan-osamenta-en-dren-pluvial\/#respond\"]}]},{\"@type\":\"WebPage\",\"@id\":\"https:\/\/www.nexoinformativo.mx\/index.php\/2025\/03\/19\/restos-humanos-en-plaza-del-parque-bomberos-localizan-osamenta-en-dren-pluvial\/\",\"url\":\"https:\/\/www.nexoinformativo.mx\/index.php\/2025\/03\/19\/restos-humanos-en-plaza-del-parque-bomberos-localizan-osamenta-en-dren-pluvial\/\",\"name\":\"Restos humanos en Plaza del Parque bomberos localizan osamenta en dren pluvial | Nexo Informativo Santiago de Quer\u00e9taro\",\"isPartOf\":{\"@id\":\"https:\/\/www.nexoinformativo.mx\/#website\"},\"primaryImageOfPage\":{\"@id\":\"https:\/\/www.nexoinformativo.mx\/index.php\/2025\/03\/19\/restos-humanos-en-plaza-del-parque-bomberos-localizan-osamenta-en-dren-pluvial\/#primaryimage\"},\"image\":{\"@id\":\"https:\/\/www.nexoinformativo.mx\/index.php\/2025\/03\/19\/restos-humanos-en-plaza-del-parque-bomberos-localizan-osamenta-en-dren-pluvial\/#primaryimage\"},\"thumbnailUrl\":\"https:\/\/www.nexoinformativo.mx\/wp-content\/uploads\/2025\/03\/PHOTO-2025-03-19-13-54-19-e1742433307872.jpg\",\"datePublished\":\"2025-03-19T21:00:01+00:00\",\"dateModified\":\"2025-03-20T01:15:29+00:00\",\"description\":\"Restos humanos en Plaza del Parque bomberos localizan osamenta en dren pluvial\",\"breadcrumb\":{\"@id\":\"https:\/\/www.nexoinformativo.mx\/index.php\/2025\/03\/19\/restos-humanos-en-plaza-del-parque-bomberos-localizan-osamenta-en-dren-pluvial\/#breadcrumb\"},\"inLanguage\":\"es\",\"potentialAction\":[{\"@type\":\"ReadAction\",\"target\":[\"https:\/\/www.nexoinformativo.mx\/index.php\/2025\/03\/19\/restos-humanos-en-plaza-del-parque-bomberos-localizan-osamenta-en-dren-pluvial\/\"]}]},{\"@type\":\"ImageObject\",\"inLanguage\":\"es\",\"@id\":\"https:\/\/www.nexoinformativo.mx\/index.php\/2025\/03\/19\/restos-humanos-en-plaza-del-parque-bomberos-localizan-osamenta-en-dren-pluvial\/#primaryimage\",\"url\":\"https:\/\/www.nexoinformativo.mx\/wp-content\/uploads\/2025\/03\/PHOTO-2025-03-19-13-54-19-e1742433307872.jpg\",\"contentUrl\":\"https:\/\/www.nexoinformativo.mx\/wp-content\/uploads\/2025\/03\/PHOTO-2025-03-19-13-54-19-e1742433307872.jpg\",\"width\":800,\"height\":450},{\"@type\":\"BreadcrumbList\",\"@id\":\"https:\/\/www.nexoinformativo.mx\/index.php\/2025\/03\/19\/restos-humanos-en-plaza-del-parque-bomberos-localizan-osamenta-en-dren-pluvial\/#breadcrumb\",\"itemListElement\":[{\"@type\":\"ListItem\",\"position\":1,\"name\":\"Inicio\",\"item\":\"https:\/\/www.nexoinformativo.mx\/\"},{\"@type\":\"ListItem\",\"position\":2,\"name\":\"Restos humanos en Plaza del Parque bomberos localizan osamenta en dren pluvial\"}]},{\"@type\":\"WebSite\",\"@id\":\"https:\/\/www.nexoinformativo.mx\/#website\",\"url\":\"https:\/\/www.nexoinformativo.mx\/\",\"name\":\"Nexo Informativo Santiago de Quer\u00e9taro\",\"description\":\"Explora NexoInformativo y convi\u00e9rtete en parte de una comunidad que valora el conocimiento y la verdad. Tu nexoinformativo es tu puente hacia una comprensi\u00f3n m\u00e1s profunda del mundo que te rodea.\",\"publisher\":{\"@id\":\"https:\/\/www.nexoinformativo.mx\/#organization\"},\"potentialAction\":[{\"@type\":\"SearchAction\",\"target\":{\"@type\":\"EntryPoint\",\"urlTemplate\":\"https:\/\/www.nexoinformativo.mx\/?s={search_term_string}\"},\"query-input\":{\"@type\":\"PropertyValueSpecification\",\"valueRequired\":true,\"valueName\":\"search_term_string\"}}],\"inLanguage\":\"es\"},{\"@type\":\"Organization\",\"@id\":\"https:\/\/www.nexoinformativo.mx\/#organization\",\"name\":\"Nexo Informativo Santiago de Quer\u00e9taro\",\"url\":\"https:\/\/www.nexoinformativo.mx\/\",\"logo\":{\"@type\":\"ImageObject\",\"inLanguage\":\"es\",\"@id\":\"https:\/\/www.nexoinformativo.mx\/#\/schema\/logo\/image\/\",\"url\":\"https:\/\/www.nexoinformativo.mx\/wp-content\/uploads\/2024\/07\/nexoi-trasparente-2.png\",\"contentUrl\":\"https:\/\/www.nexoinformativo.mx\/wp-content\/uploads\/2024\/07\/nexoi-trasparente-2.png\",\"width\":816,\"height\":339,\"caption\":\"Nexo Informativo Santiago de Quer\u00e9taro\"},\"image\":{\"@id\":\"https:\/\/www.nexoinformativo.mx\/#\/schema\/logo\/image\/\"},\"sameAs\":[\"https:\/\/www.facebook.com\/people\/Nexo-Informativo\/61564066885511\/\"]},{\"@type\":\"Person\",\"@id\":\"https:\/\/www.nexoinformativo.mx\/#\/schema\/person\/7749d380ba08c8ca00d7bc76fd907b7d\",\"name\":\"Nexo Informativo\",\"image\":{\"@type\":\"ImageObject\",\"inLanguage\":\"es\",\"@id\":\"https:\/\/www.nexoinformativo.mx\/#\/schema\/person\/image\/\",\"url\":\"https:\/\/secure.gravatar.com\/avatar\/dde2928154642a13d95f87ddf1ea9718fe2b46760a005c53e41ff5ad610704e6?s=96&d=mm&r=g\",\"contentUrl\":\"https:\/\/secure.gravatar.com\/avatar\/dde2928154642a13d95f87ddf1ea9718fe2b46760a005c53e41ff5ad610704e6?s=96&d=mm&r=g\",\"caption\":\"Nexo Informativo\"},\"url\":\"https:\/\/www.nexoinformativo.mx\/index.php\/author\/edicion\/\"}]}<\/script>\n<!-- \/ Yoast SEO plugin. -->","yoast_head_json":{"title":"Restos humanos en Plaza del Parque bomberos localizan osamenta en dren pluvial | Nexo Informativo Santiago de Quer\u00e9taro","description":"Restos humanos en Plaza del Parque bomberos localizan osamenta en dren pluvial","robots":{"index":"index","follow":"follow","max-snippet":"max-snippet:-1","max-image-preview":"max-image-preview:large","max-video-preview":"max-video-preview:-1"},"canonical":"https:\/\/www.nexoinformativo.mx\/index.php\/2025\/03\/19\/restos-humanos-en-plaza-del-parque-bomberos-localizan-osamenta-en-dren-pluvial\/","og_locale":"es_MX","og_type":"article","og_title":"Restos humanos en Plaza del Parque bomberos localizan osamenta en dren pluvial | Nexo Informativo Santiago de Quer\u00e9taro","og_description":"Restos humanos en Plaza del Parque bomberos localizan osamenta en dren pluvial","og_url":"https:\/\/www.nexoinformativo.mx\/index.php\/2025\/03\/19\/restos-humanos-en-plaza-del-parque-bomberos-localizan-osamenta-en-dren-pluvial\/","og_site_name":"Nexo Informativo Santiago de Quer\u00e9taro","article_publisher":"https:\/\/www.facebook.com\/people\/Nexo-Informativo\/61564066885511\/","article_published_time":"2025-03-19T21:00:01+00:00","article_modified_time":"2025-03-20T01:15:29+00:00","og_image":[{"width":800,"height":450,"url":"https:\/\/www.nexoinformativo.mx\/wp-content\/uploads\/2025\/03\/PHOTO-2025-03-19-13-54-19-e1742433307872.jpg","type":"image\/jpeg"}],"author":"Nexo Informativo","twitter_card":"summary_large_image","twitter_misc":{"Escrito por":"Nexo Informativo","Tiempo de lectura":"1 minuto"},"schema":{"@context":"https:\/\/schema.org","@graph":[{"@type":"Article","@id":"https:\/\/www.nexoinformativo.mx\/index.php\/2025\/03\/19\/restos-humanos-en-plaza-del-parque-bomberos-localizan-osamenta-en-dren-pluvial\/#article","isPartOf":{"@id":"https:\/\/www.nexoinformativo.mx\/index.php\/2025\/03\/19\/restos-humanos-en-plaza-del-parque-bomberos-localizan-osamenta-en-dren-pluvial\/"},"author":{"name":"Nexo Informativo","@id":"https:\/\/www.nexoinformativo.mx\/#\/schema\/person\/7749d380ba08c8ca00d7bc76fd907b7d"},"headline":"Restos humanos en Plaza del Parque bomberos localizan osamenta en dren pluvial","datePublished":"2025-03-19T21:00:01+00:00","dateModified":"2025-03-20T01:15:29+00:00","mainEntityOfPage":{"@id":"https:\/\/www.nexoinformativo.mx\/index.php\/2025\/03\/19\/restos-humanos-en-plaza-del-parque-bomberos-localizan-osamenta-en-dren-pluvial\/"},"wordCount":175,"commentCount":0,"publisher":{"@id":"https:\/\/www.nexoinformativo.mx\/#organization"},"image":{"@id":"https:\/\/www.nexoinformativo.mx\/index.php\/2025\/03\/19\/restos-humanos-en-plaza-del-parque-bomberos-localizan-osamenta-en-dren-pluvial\/#primaryimage"},"thumbnailUrl":"https:\/\/www.nexoinformativo.mx\/wp-content\/uploads\/2025\/03\/PHOTO-2025-03-19-13-54-19-e1742433307872.jpg","keywords":["Hallazgo\u00d3seo","Investigaci\u00f3n","Quer\u00e9taro","SeguridadQueretaro"],"articleSection":["Sucesos","\u00daltima Hora"],"inLanguage":"es","potentialAction":[{"@type":"CommentAction","name":"Comment","target":["https:\/\/www.nexoinformativo.mx\/index.php\/2025\/03\/19\/restos-humanos-en-plaza-del-parque-bomberos-localizan-osamenta-en-dren-pluvial\/#respond"]}]},{"@type":"WebPage","@id":"https:\/\/www.nexoinformativo.mx\/index.php\/2025\/03\/19\/restos-humanos-en-plaza-del-parque-bomberos-localizan-osamenta-en-dren-pluvial\/","url":"https:\/\/www.nexoinformativo.mx\/index.php\/2025\/03\/19\/restos-humanos-en-plaza-del-parque-bomberos-localizan-osamenta-en-dren-pluvial\/","name":"Restos humanos en Plaza del Parque bomberos localizan osamenta en dren pluvial | Nexo Informativo Santiago de Quer\u00e9taro","isPartOf":{"@id":"https:\/\/www.nexoinformativo.mx\/#website"},"primaryImageOfPage":{"@id":"https:\/\/www.nexoinformativo.mx\/index.php\/2025\/03\/19\/restos-humanos-en-plaza-del-parque-bomberos-localizan-osamenta-en-dren-pluvial\/#primaryimage"},"image":{"@id":"https:\/\/www.nexoinformativo.mx\/index.php\/2025\/03\/19\/restos-humanos-en-plaza-del-parque-bomberos-localizan-osamenta-en-dren-pluvial\/#primaryimage"},"thumbnailUrl":"https:\/\/www.nexoinformativo.mx\/wp-content\/uploads\/2025\/03\/PHOTO-2025-03-19-13-54-19-e1742433307872.jpg","datePublished":"2025-03-19T21:00:01+00:00","dateModified":"2025-03-20T01:15:29+00:00","description":"Restos humanos en Plaza del Parque bomberos localizan osamenta en dren pluvial","breadcrumb":{"@id":"https:\/\/www.nexoinformativo.mx\/index.php\/2025\/03\/19\/restos-humanos-en-plaza-del-parque-bomberos-localizan-osamenta-en-dren-pluvial\/#breadcrumb"},"inLanguage":"es","potentialAction":[{"@type":"ReadAction","target":["https:\/\/www.nexoinformativo.mx\/index.php\/2025\/03\/19\/restos-humanos-en-plaza-del-parque-bomberos-localizan-osamenta-en-dren-pluvial\/"]}]},{"@type":"ImageObject","inLanguage":"es","@id":"https:\/\/www.nexoinformativo.mx\/index.php\/2025\/03\/19\/restos-humanos-en-plaza-del-parque-bomberos-localizan-osamenta-en-dren-pluvial\/#primaryimage","url":"https:\/\/www.nexoinformativo.mx\/wp-content\/uploads\/2025\/03\/PHOTO-2025-03-19-13-54-19-e1742433307872.jpg","contentUrl":"https:\/\/www.nexoinformativo.mx\/wp-content\/uploads\/2025\/03\/PHOTO-2025-03-19-13-54-19-e1742433307872.jpg","width":800,"height":450},{"@type":"BreadcrumbList","@id":"https:\/\/www.nexoinformativo.mx\/index.php\/2025\/03\/19\/restos-humanos-en-plaza-del-parque-bomberos-localizan-osamenta-en-dren-pluvial\/#breadcrumb","itemListElement":[{"@type":"ListItem","position":1,"name":"Inicio","item":"https:\/\/www.nexoinformativo.mx\/"},{"@type":"ListItem","position":2,"name":"Restos humanos en Plaza del Parque bomberos localizan osamenta en dren pluvial"}]},{"@type":"WebSite","@id":"https:\/\/www.nexoinformativo.mx\/#website","url":"https:\/\/www.nexoinformativo.mx\/","name":"Nexo Informativo Santiago de Quer\u00e9taro","description":"Explora NexoInformativo y convi\u00e9rtete en parte de una comunidad que valora el conocimiento y la verdad. Tu nexoinformativo es tu puente hacia una comprensi\u00f3n m\u00e1s profunda del mundo que te rodea.","publisher":{"@id":"https:\/\/www.nexoinformativo.mx\/#organization"},"potentialAction":[{"@type":"SearchAction","target":{"@type":"EntryPoint","urlTemplate":"https:\/\/www.nexoinformativo.mx\/?s={search_term_string}"},"query-input":{"@type":"PropertyValueSpecification","valueRequired":true,"valueName":"search_term_string"}}],"inLanguage":"es"},{"@type":"Organization","@id":"https:\/\/www.nexoinformativo.mx\/#organization","name":"Nexo Informativo Santiago de Quer\u00e9taro","url":"https:\/\/www.nexoinformativo.mx\/","logo":{"@type":"ImageObject","inLanguage":"es","@id":"https:\/\/www.nexoinformativo.mx\/#\/schema\/logo\/image\/","url":"https:\/\/www.nexoinformativo.mx\/wp-content\/uploads\/2024\/07\/nexoi-trasparente-2.png","contentUrl":"https:\/\/www.nexoinformativo.mx\/wp-content\/uploads\/2024\/07\/nexoi-trasparente-2.png","width":816,"height":339,"caption":"Nexo Informativo Santiago de Quer\u00e9taro"},"image":{"@id":"https:\/\/www.nexoinformativo.mx\/#\/schema\/logo\/image\/"},"sameAs":["https:\/\/www.facebook.com\/people\/Nexo-Informativo\/61564066885511\/"]},{"@type":"Person","@id":"https:\/\/www.nexoinformativo.mx\/#\/schema\/person\/7749d380ba08c8ca00d7bc76fd907b7d","name":"Nexo Informativo","image":{"@type":"ImageObject","inLanguage":"es","@id":"https:\/\/www.nexoinformativo.mx\/#\/schema\/person\/image\/","url":"https:\/\/secure.gravatar.com\/avatar\/dde2928154642a13d95f87ddf1ea9718fe2b46760a005c53e41ff5ad610704e6?s=96&d=mm&r=g","contentUrl":"https:\/\/secure.gravatar.com\/avatar\/dde2928154642a13d95f87ddf1ea9718fe2b46760a005c53e41ff5ad610704e6?s=96&d=mm&r=g","caption":"Nexo Informativo"},"url":"https:\/\/www.nexoinformativo.mx\/index.php\/author\/edicion\/"}]}},"_links":{"self":[{"href":"https:\/\/www.nexoinformativo.mx\/index.php\/wp-json\/wp\/v2\/posts\/13064","targetHints":{"allow":["GET"]}}],"collection":[{"href":"https:\/\/www.nexoinformativo.mx\/index.php\/wp-json\/wp\/v2\/posts"}],"about":[{"href":"https:\/\/www.nexoinformativo.mx\/index.php\/wp-json\/wp\/v2\/types\/post"}],"author":[{"embeddable":true,"href":"https:\/\/www.nexoinformativo.mx\/index.php\/wp-json\/wp\/v2\/users\/3"}],"replies":[{"embeddable":true,"href":"https:\/\/www.nexoinformativo.mx\/index.php\/wp-json\/wp\/v2\/comments?post=13064"}],"version-history":[{"count":3,"href":"https:\/\/www.nexoinformativo.mx\/index.php\/wp-json\/wp\/v2\/posts\/13064\/revisions"}],"predecessor-version":[{"id":13068,"href":"https:\/\/www.nexoinformativo.mx\/index.php\/wp-json\/wp\/v2\/posts\/13064\/revisions\/13068"}],"wp:featuredmedia":[{"embeddable":true,"href":"https:\/\/www.nexoinformativo.mx\/index.php\/wp-json\/wp\/v2\/media\/13066"}],"wp:attachment":[{"href":"https:\/\/www.nexoinformativo.mx\/index.php\/wp-json\/wp\/v2\/media?parent=13064"}],"wp:term":[{"taxonomy":"category","embeddable":true,"href":"https:\/\/www.nexoinformativo.mx\/index.php\/wp-json\/wp\/v2\/categories?post=13064"},{"taxonomy":"post_tag","embeddable":true,"href":"https:\/\/www.nexoinformativo.mx\/index.php\/wp-json\/wp\/v2\/tags?post=13064"}],"curies":[{"name":"wp","href":"https:\/\/api.w.org\/{rel}","templated":true}]}}