{"id":13069,"date":"2025-03-19T16:00:54","date_gmt":"2025-03-19T22:00:54","guid":{"rendered":"https:\/\/www.nexoinformativo.mx\/?p=13069"},"modified":"2025-03-19T19:21:17","modified_gmt":"2025-03-20T01:21:17","slug":"intento-de-robo-en-las-palomas-la-policia-de-san-juan-del-rio-asegura-a-presunto-responsable","status":"publish","type":"post","link":"https:\/\/www.nexoinformativo.mx\/index.php\/2025\/03\/19\/intento-de-robo-en-las-palomas-la-policia-de-san-juan-del-rio-asegura-a-presunto-responsable\/","title":{"rendered":"Intento de robo en Las Palomas la polic\u00eda de San Juan del R\u00edo asegura a presunto responsable"},"content":{"rendered":"<p style=\"text-align: justify;\" data-sourcepos=\"13:1-13:256\">Un hombre fue detenido por elementos de la Secretar\u00eda de Seguridad P\u00fablica Municipal de San Juan del R\u00edo, tras ser se\u00f1alado por el delito de robo en grado de tentativa en un comercio del fraccionamiento Las Palomas.<\/p>\n<\/p>\n<p>&nbsp;<\/p>\n<p style=\"text-align: justify;\" data-sourcepos=\"15:1-15:324\">La detenci\u00f3n se produjo gracias a un reporte ciudadano, en el que una mujer originaria del Estado de M\u00e9xico inform\u00f3 sobre la presencia de un individuo desconocido dentro de su negocio. Seg\u00fan su testimonio, el sujeto cerr\u00f3 la cortina del establecimiento y la amenaz\u00f3, lo que la oblig\u00f3 a resguardarse en el ba\u00f1o y pedir ayuda.<\/p>\n<\/p>\n<p>&nbsp;<\/p>\n<p style=\"text-align: justify;\" data-sourcepos=\"17:1-17:177\">Al llegar al lugar, los oficiales realizaron una inspecci\u00f3n y localizaron al presunto responsable, identificado como Sergio &#8220;N.&#8221;, de 35 a\u00f1os y originario de P\u00e9njamo, Guanajuato.<\/p>\n<\/p>\n<p>&nbsp;<\/p>\n<p style=\"text-align: justify;\" data-sourcepos=\"19:1-19:179\">Tras el se\u00f1alamiento directo de la v\u00edctima, el hombre fue detenido y puesto a disposici\u00f3n de la Fiscal\u00eda General del Estado de Quer\u00e9taro para las investigaciones correspondientes.<\/p>\n<\/p>\n<p>&nbsp;<\/p>\n<p style=\"text-align: center;\" data-sourcepos=\"19:1-19:179\"><em><strong>\u00a1Informaci\u00f3n que transforma!<\/strong><\/em><\/p>\n","protected":false},"excerpt":{"rendered":"<p>Un hombre fue detenido por elementos de la Secretar\u00eda de Seguridad P\u00fablica Municipal de San Juan del R\u00edo, tras ser se\u00f1alado por el delito de robo en grado de tentativa en un comercio del fraccionamiento Las Palomas.<\/p>\n","protected":false},"author":3,"featured_media":13070,"comment_status":"open","ping_status":"open","sticky":false,"template":"","format":"standard","meta":{"footnotes":""},"categories":[65,137,58],"tags":[155,2350,382,207],"class_list":["post-13069","post","type-post","status-publish","format-standard","has-post-thumbnail","hentry","category-municipios","category-sucesos","category-ultima-hora","tag-detencion","tag-robo","tag-sanjuandelrio","tag-seguridadpublica"],"yoast_head":"<!-- This site is optimized with the Yoast SEO plugin v25.0 - https:\/\/yoast.com\/wordpress\/plugins\/seo\/ -->\n<title>Intento de robo en Las Palomas la polic\u00eda de San Juan del R\u00edo asegura a presunto responsable | Nexo Informativo Santiago de Quer\u00e9taro<\/title>\n<meta name=\"description\" content=\"Intento de robo en Las Palomas la polic\u00eda de San Juan del R\u00edo asegura a presunto responsable\" \/>\n<meta name=\"robots\" content=\"index, follow, max-snippet:-1, max-image-preview:large, max-video-preview:-1\" \/>\n<link rel=\"canonical\" href=\"https:\/\/www.nexoinformativo.mx\/index.php\/2025\/03\/19\/intento-de-robo-en-las-palomas-la-policia-de-san-juan-del-rio-asegura-a-presunto-responsable\/\" \/>\n<meta property=\"og:locale\" content=\"es_MX\" \/>\n<meta property=\"og:type\" content=\"article\" \/>\n<meta property=\"og:title\" content=\"Intento de robo en Las Palomas la polic\u00eda de San Juan del R\u00edo asegura a presunto responsable | Nexo Informativo Santiago de Quer\u00e9taro\" \/>\n<meta property=\"og:description\" content=\"Intento de robo en Las Palomas la polic\u00eda de San Juan del R\u00edo asegura a presunto responsable\" \/>\n<meta property=\"og:url\" content=\"https:\/\/www.nexoinformativo.mx\/index.php\/2025\/03\/19\/intento-de-robo-en-las-palomas-la-policia-de-san-juan-del-rio-asegura-a-presunto-responsable\/\" \/>\n<meta property=\"og:site_name\" content=\"Nexo Informativo Santiago de Quer\u00e9taro\" \/>\n<meta property=\"article:publisher\" content=\"https:\/\/www.facebook.com\/people\/Nexo-Informativo\/61564066885511\/\" \/>\n<meta property=\"article:published_time\" content=\"2025-03-19T22:00:54+00:00\" \/>\n<meta property=\"article:modified_time\" content=\"2025-03-20T01:21:17+00:00\" \/>\n<meta property=\"og:image\" content=\"https:\/\/www.nexoinformativo.mx\/wp-content\/uploads\/2025\/03\/2c068854-93d4-44ca-b228-12383fbf5584-e1742433617977.jpg\" \/>\n\t<meta property=\"og:image:width\" content=\"800\" \/>\n\t<meta property=\"og:image:height\" content=\"671\" \/>\n\t<meta property=\"og:image:type\" content=\"image\/jpeg\" \/>\n<meta name=\"author\" content=\"Nexo Informativo\" \/>\n<meta name=\"twitter:card\" content=\"summary_large_image\" \/>\n<meta name=\"twitter:label1\" content=\"Escrito por\" \/>\n\t<meta name=\"twitter:data1\" content=\"Nexo Informativo\" \/>\n\t<meta name=\"twitter:label2\" content=\"Tiempo de lectura\" \/>\n\t<meta name=\"twitter:data2\" content=\"1 minuto\" \/>\n<script type=\"application\/ld+json\" class=\"yoast-schema-graph\">{\"@context\":\"https:\/\/schema.org\",\"@graph\":[{\"@type\":\"Article\",\"@id\":\"https:\/\/www.nexoinformativo.mx\/index.php\/2025\/03\/19\/intento-de-robo-en-las-palomas-la-policia-de-san-juan-del-rio-asegura-a-presunto-responsable\/#article\",\"isPartOf\":{\"@id\":\"https:\/\/www.nexoinformativo.mx\/index.php\/2025\/03\/19\/intento-de-robo-en-las-palomas-la-policia-de-san-juan-del-rio-asegura-a-presunto-responsable\/\"},\"author\":{\"name\":\"Nexo Informativo\",\"@id\":\"https:\/\/www.nexoinformativo.mx\/#\/schema\/person\/7749d380ba08c8ca00d7bc76fd907b7d\"},\"headline\":\"Intento de robo en Las Palomas la polic\u00eda de San Juan del R\u00edo asegura a presunto responsable\",\"datePublished\":\"2025-03-19T22:00:54+00:00\",\"dateModified\":\"2025-03-20T01:21:17+00:00\",\"mainEntityOfPage\":{\"@id\":\"https:\/\/www.nexoinformativo.mx\/index.php\/2025\/03\/19\/intento-de-robo-en-las-palomas-la-policia-de-san-juan-del-rio-asegura-a-presunto-responsable\/\"},\"wordCount\":188,\"commentCount\":0,\"publisher\":{\"@id\":\"https:\/\/www.nexoinformativo.mx\/#organization\"},\"image\":{\"@id\":\"https:\/\/www.nexoinformativo.mx\/index.php\/2025\/03\/19\/intento-de-robo-en-las-palomas-la-policia-de-san-juan-del-rio-asegura-a-presunto-responsable\/#primaryimage\"},\"thumbnailUrl\":\"https:\/\/www.nexoinformativo.mx\/wp-content\/uploads\/2025\/03\/2c068854-93d4-44ca-b228-12383fbf5584-e1742433617977.jpg\",\"keywords\":[\"Detenci\u00f3n\",\"Robo\",\"SanJuanDelR\u00edo\",\"SeguridadP\u00fablica\"],\"articleSection\":[\"Municipios\",\"Sucesos\",\"\u00daltima Hora\"],\"inLanguage\":\"es\",\"potentialAction\":[{\"@type\":\"CommentAction\",\"name\":\"Comment\",\"target\":[\"https:\/\/www.nexoinformativo.mx\/index.php\/2025\/03\/19\/intento-de-robo-en-las-palomas-la-policia-de-san-juan-del-rio-asegura-a-presunto-responsable\/#respond\"]}]},{\"@type\":\"WebPage\",\"@id\":\"https:\/\/www.nexoinformativo.mx\/index.php\/2025\/03\/19\/intento-de-robo-en-las-palomas-la-policia-de-san-juan-del-rio-asegura-a-presunto-responsable\/\",\"url\":\"https:\/\/www.nexoinformativo.mx\/index.php\/2025\/03\/19\/intento-de-robo-en-las-palomas-la-policia-de-san-juan-del-rio-asegura-a-presunto-responsable\/\",\"name\":\"Intento de robo en Las Palomas la polic\u00eda de San Juan del R\u00edo asegura a presunto responsable | Nexo Informativo Santiago de Quer\u00e9taro\",\"isPartOf\":{\"@id\":\"https:\/\/www.nexoinformativo.mx\/#website\"},\"primaryImageOfPage\":{\"@id\":\"https:\/\/www.nexoinformativo.mx\/index.php\/2025\/03\/19\/intento-de-robo-en-las-palomas-la-policia-de-san-juan-del-rio-asegura-a-presunto-responsable\/#primaryimage\"},\"image\":{\"@id\":\"https:\/\/www.nexoinformativo.mx\/index.php\/2025\/03\/19\/intento-de-robo-en-las-palomas-la-policia-de-san-juan-del-rio-asegura-a-presunto-responsable\/#primaryimage\"},\"thumbnailUrl\":\"https:\/\/www.nexoinformativo.mx\/wp-content\/uploads\/2025\/03\/2c068854-93d4-44ca-b228-12383fbf5584-e1742433617977.jpg\",\"datePublished\":\"2025-03-19T22:00:54+00:00\",\"dateModified\":\"2025-03-20T01:21:17+00:00\",\"description\":\"Intento de robo en Las Palomas la polic\u00eda de San Juan del R\u00edo asegura a presunto responsable\",\"breadcrumb\":{\"@id\":\"https:\/\/www.nexoinformativo.mx\/index.php\/2025\/03\/19\/intento-de-robo-en-las-palomas-la-policia-de-san-juan-del-rio-asegura-a-presunto-responsable\/#breadcrumb\"},\"inLanguage\":\"es\",\"potentialAction\":[{\"@type\":\"ReadAction\",\"target\":[\"https:\/\/www.nexoinformativo.mx\/index.php\/2025\/03\/19\/intento-de-robo-en-las-palomas-la-policia-de-san-juan-del-rio-asegura-a-presunto-responsable\/\"]}]},{\"@type\":\"ImageObject\",\"inLanguage\":\"es\",\"@id\":\"https:\/\/www.nexoinformativo.mx\/index.php\/2025\/03\/19\/intento-de-robo-en-las-palomas-la-policia-de-san-juan-del-rio-asegura-a-presunto-responsable\/#primaryimage\",\"url\":\"https:\/\/www.nexoinformativo.mx\/wp-content\/uploads\/2025\/03\/2c068854-93d4-44ca-b228-12383fbf5584-e1742433617977.jpg\",\"contentUrl\":\"https:\/\/www.nexoinformativo.mx\/wp-content\/uploads\/2025\/03\/2c068854-93d4-44ca-b228-12383fbf5584-e1742433617977.jpg\",\"width\":800,\"height\":671},{\"@type\":\"BreadcrumbList\",\"@id\":\"https:\/\/www.nexoinformativo.mx\/index.php\/2025\/03\/19\/intento-de-robo-en-las-palomas-la-policia-de-san-juan-del-rio-asegura-a-presunto-responsable\/#breadcrumb\",\"itemListElement\":[{\"@type\":\"ListItem\",\"position\":1,\"name\":\"Inicio\",\"item\":\"https:\/\/www.nexoinformativo.mx\/\"},{\"@type\":\"ListItem\",\"position\":2,\"name\":\"Intento de robo en Las Palomas la polic\u00eda de San Juan del R\u00edo asegura a presunto responsable\"}]},{\"@type\":\"WebSite\",\"@id\":\"https:\/\/www.nexoinformativo.mx\/#website\",\"url\":\"https:\/\/www.nexoinformativo.mx\/\",\"name\":\"Nexo Informativo Santiago de Quer\u00e9taro\",\"description\":\"Explora NexoInformativo y convi\u00e9rtete en parte de una comunidad que valora el conocimiento y la verdad. Tu nexoinformativo es tu puente hacia una comprensi\u00f3n m\u00e1s profunda del mundo que te rodea.\",\"publisher\":{\"@id\":\"https:\/\/www.nexoinformativo.mx\/#organization\"},\"potentialAction\":[{\"@type\":\"SearchAction\",\"target\":{\"@type\":\"EntryPoint\",\"urlTemplate\":\"https:\/\/www.nexoinformativo.mx\/?s={search_term_string}\"},\"query-input\":{\"@type\":\"PropertyValueSpecification\",\"valueRequired\":true,\"valueName\":\"search_term_string\"}}],\"inLanguage\":\"es\"},{\"@type\":\"Organization\",\"@id\":\"https:\/\/www.nexoinformativo.mx\/#organization\",\"name\":\"Nexo Informativo Santiago de Quer\u00e9taro\",\"url\":\"https:\/\/www.nexoinformativo.mx\/\",\"logo\":{\"@type\":\"ImageObject\",\"inLanguage\":\"es\",\"@id\":\"https:\/\/www.nexoinformativo.mx\/#\/schema\/logo\/image\/\",\"url\":\"https:\/\/www.nexoinformativo.mx\/wp-content\/uploads\/2024\/07\/nexoi-trasparente-2.png\",\"contentUrl\":\"https:\/\/www.nexoinformativo.mx\/wp-content\/uploads\/2024\/07\/nexoi-trasparente-2.png\",\"width\":816,\"height\":339,\"caption\":\"Nexo Informativo Santiago de Quer\u00e9taro\"},\"image\":{\"@id\":\"https:\/\/www.nexoinformativo.mx\/#\/schema\/logo\/image\/\"},\"sameAs\":[\"https:\/\/www.facebook.com\/people\/Nexo-Informativo\/61564066885511\/\"]},{\"@type\":\"Person\",\"@id\":\"https:\/\/www.nexoinformativo.mx\/#\/schema\/person\/7749d380ba08c8ca00d7bc76fd907b7d\",\"name\":\"Nexo Informativo\",\"image\":{\"@type\":\"ImageObject\",\"inLanguage\":\"es\",\"@id\":\"https:\/\/www.nexoinformativo.mx\/#\/schema\/person\/image\/\",\"url\":\"https:\/\/secure.gravatar.com\/avatar\/dde2928154642a13d95f87ddf1ea9718fe2b46760a005c53e41ff5ad610704e6?s=96&d=mm&r=g\",\"contentUrl\":\"https:\/\/secure.gravatar.com\/avatar\/dde2928154642a13d95f87ddf1ea9718fe2b46760a005c53e41ff5ad610704e6?s=96&d=mm&r=g\",\"caption\":\"Nexo Informativo\"},\"url\":\"https:\/\/www.nexoinformativo.mx\/index.php\/author\/edicion\/\"}]}<\/script>\n<!-- \/ Yoast SEO plugin. -->","yoast_head_json":{"title":"Intento de robo en Las Palomas la polic\u00eda de San Juan del R\u00edo asegura a presunto responsable | Nexo Informativo Santiago de Quer\u00e9taro","description":"Intento de robo en Las Palomas la polic\u00eda de San Juan del R\u00edo asegura a presunto responsable","robots":{"index":"index","follow":"follow","max-snippet":"max-snippet:-1","max-image-preview":"max-image-preview:large","max-video-preview":"max-video-preview:-1"},"canonical":"https:\/\/www.nexoinformativo.mx\/index.php\/2025\/03\/19\/intento-de-robo-en-las-palomas-la-policia-de-san-juan-del-rio-asegura-a-presunto-responsable\/","og_locale":"es_MX","og_type":"article","og_title":"Intento de robo en Las Palomas la polic\u00eda de San Juan del R\u00edo asegura a presunto responsable | Nexo Informativo Santiago de Quer\u00e9taro","og_description":"Intento de robo en Las Palomas la polic\u00eda de San Juan del R\u00edo asegura a presunto responsable","og_url":"https:\/\/www.nexoinformativo.mx\/index.php\/2025\/03\/19\/intento-de-robo-en-las-palomas-la-policia-de-san-juan-del-rio-asegura-a-presunto-responsable\/","og_site_name":"Nexo Informativo Santiago de Quer\u00e9taro","article_publisher":"https:\/\/www.facebook.com\/people\/Nexo-Informativo\/61564066885511\/","article_published_time":"2025-03-19T22:00:54+00:00","article_modified_time":"2025-03-20T01:21:17+00:00","og_image":[{"width":800,"height":671,"url":"https:\/\/www.nexoinformativo.mx\/wp-content\/uploads\/2025\/03\/2c068854-93d4-44ca-b228-12383fbf5584-e1742433617977.jpg","type":"image\/jpeg"}],"author":"Nexo Informativo","twitter_card":"summary_large_image","twitter_misc":{"Escrito por":"Nexo Informativo","Tiempo de lectura":"1 minuto"},"schema":{"@context":"https:\/\/schema.org","@graph":[{"@type":"Article","@id":"https:\/\/www.nexoinformativo.mx\/index.php\/2025\/03\/19\/intento-de-robo-en-las-palomas-la-policia-de-san-juan-del-rio-asegura-a-presunto-responsable\/#article","isPartOf":{"@id":"https:\/\/www.nexoinformativo.mx\/index.php\/2025\/03\/19\/intento-de-robo-en-las-palomas-la-policia-de-san-juan-del-rio-asegura-a-presunto-responsable\/"},"author":{"name":"Nexo Informativo","@id":"https:\/\/www.nexoinformativo.mx\/#\/schema\/person\/7749d380ba08c8ca00d7bc76fd907b7d"},"headline":"Intento de robo en Las Palomas la polic\u00eda de San Juan del R\u00edo asegura a presunto responsable","datePublished":"2025-03-19T22:00:54+00:00","dateModified":"2025-03-20T01:21:17+00:00","mainEntityOfPage":{"@id":"https:\/\/www.nexoinformativo.mx\/index.php\/2025\/03\/19\/intento-de-robo-en-las-palomas-la-policia-de-san-juan-del-rio-asegura-a-presunto-responsable\/"},"wordCount":188,"commentCount":0,"publisher":{"@id":"https:\/\/www.nexoinformativo.mx\/#organization"},"image":{"@id":"https:\/\/www.nexoinformativo.mx\/index.php\/2025\/03\/19\/intento-de-robo-en-las-palomas-la-policia-de-san-juan-del-rio-asegura-a-presunto-responsable\/#primaryimage"},"thumbnailUrl":"https:\/\/www.nexoinformativo.mx\/wp-content\/uploads\/2025\/03\/2c068854-93d4-44ca-b228-12383fbf5584-e1742433617977.jpg","keywords":["Detenci\u00f3n","Robo","SanJuanDelR\u00edo","SeguridadP\u00fablica"],"articleSection":["Municipios","Sucesos","\u00daltima Hora"],"inLanguage":"es","potentialAction":[{"@type":"CommentAction","name":"Comment","target":["https:\/\/www.nexoinformativo.mx\/index.php\/2025\/03\/19\/intento-de-robo-en-las-palomas-la-policia-de-san-juan-del-rio-asegura-a-presunto-responsable\/#respond"]}]},{"@type":"WebPage","@id":"https:\/\/www.nexoinformativo.mx\/index.php\/2025\/03\/19\/intento-de-robo-en-las-palomas-la-policia-de-san-juan-del-rio-asegura-a-presunto-responsable\/","url":"https:\/\/www.nexoinformativo.mx\/index.php\/2025\/03\/19\/intento-de-robo-en-las-palomas-la-policia-de-san-juan-del-rio-asegura-a-presunto-responsable\/","name":"Intento de robo en Las Palomas la polic\u00eda de San Juan del R\u00edo asegura a presunto responsable | Nexo Informativo Santiago de Quer\u00e9taro","isPartOf":{"@id":"https:\/\/www.nexoinformativo.mx\/#website"},"primaryImageOfPage":{"@id":"https:\/\/www.nexoinformativo.mx\/index.php\/2025\/03\/19\/intento-de-robo-en-las-palomas-la-policia-de-san-juan-del-rio-asegura-a-presunto-responsable\/#primaryimage"},"image":{"@id":"https:\/\/www.nexoinformativo.mx\/index.php\/2025\/03\/19\/intento-de-robo-en-las-palomas-la-policia-de-san-juan-del-rio-asegura-a-presunto-responsable\/#primaryimage"},"thumbnailUrl":"https:\/\/www.nexoinformativo.mx\/wp-content\/uploads\/2025\/03\/2c068854-93d4-44ca-b228-12383fbf5584-e1742433617977.jpg","datePublished":"2025-03-19T22:00:54+00:00","dateModified":"2025-03-20T01:21:17+00:00","description":"Intento de robo en Las Palomas la polic\u00eda de San Juan del R\u00edo asegura a presunto responsable","breadcrumb":{"@id":"https:\/\/www.nexoinformativo.mx\/index.php\/2025\/03\/19\/intento-de-robo-en-las-palomas-la-policia-de-san-juan-del-rio-asegura-a-presunto-responsable\/#breadcrumb"},"inLanguage":"es","potentialAction":[{"@type":"ReadAction","target":["https:\/\/www.nexoinformativo.mx\/index.php\/2025\/03\/19\/intento-de-robo-en-las-palomas-la-policia-de-san-juan-del-rio-asegura-a-presunto-responsable\/"]}]},{"@type":"ImageObject","inLanguage":"es","@id":"https:\/\/www.nexoinformativo.mx\/index.php\/2025\/03\/19\/intento-de-robo-en-las-palomas-la-policia-de-san-juan-del-rio-asegura-a-presunto-responsable\/#primaryimage","url":"https:\/\/www.nexoinformativo.mx\/wp-content\/uploads\/2025\/03\/2c068854-93d4-44ca-b228-12383fbf5584-e1742433617977.jpg","contentUrl":"https:\/\/www.nexoinformativo.mx\/wp-content\/uploads\/2025\/03\/2c068854-93d4-44ca-b228-12383fbf5584-e1742433617977.jpg","width":800,"height":671},{"@type":"BreadcrumbList","@id":"https:\/\/www.nexoinformativo.mx\/index.php\/2025\/03\/19\/intento-de-robo-en-las-palomas-la-policia-de-san-juan-del-rio-asegura-a-presunto-responsable\/#breadcrumb","itemListElement":[{"@type":"ListItem","position":1,"name":"Inicio","item":"https:\/\/www.nexoinformativo.mx\/"},{"@type":"ListItem","position":2,"name":"Intento de robo en Las Palomas la polic\u00eda de San Juan del R\u00edo asegura a presunto responsable"}]},{"@type":"WebSite","@id":"https:\/\/www.nexoinformativo.mx\/#website","url":"https:\/\/www.nexoinformativo.mx\/","name":"Nexo Informativo Santiago de Quer\u00e9taro","description":"Explora NexoInformativo y convi\u00e9rtete en parte de una comunidad que valora el conocimiento y la verdad. Tu nexoinformativo es tu puente hacia una comprensi\u00f3n m\u00e1s profunda del mundo que te rodea.","publisher":{"@id":"https:\/\/www.nexoinformativo.mx\/#organization"},"potentialAction":[{"@type":"SearchAction","target":{"@type":"EntryPoint","urlTemplate":"https:\/\/www.nexoinformativo.mx\/?s={search_term_string}"},"query-input":{"@type":"PropertyValueSpecification","valueRequired":true,"valueName":"search_term_string"}}],"inLanguage":"es"},{"@type":"Organization","@id":"https:\/\/www.nexoinformativo.mx\/#organization","name":"Nexo Informativo Santiago de Quer\u00e9taro","url":"https:\/\/www.nexoinformativo.mx\/","logo":{"@type":"ImageObject","inLanguage":"es","@id":"https:\/\/www.nexoinformativo.mx\/#\/schema\/logo\/image\/","url":"https:\/\/www.nexoinformativo.mx\/wp-content\/uploads\/2024\/07\/nexoi-trasparente-2.png","contentUrl":"https:\/\/www.nexoinformativo.mx\/wp-content\/uploads\/2024\/07\/nexoi-trasparente-2.png","width":816,"height":339,"caption":"Nexo Informativo Santiago de Quer\u00e9taro"},"image":{"@id":"https:\/\/www.nexoinformativo.mx\/#\/schema\/logo\/image\/"},"sameAs":["https:\/\/www.facebook.com\/people\/Nexo-Informativo\/61564066885511\/"]},{"@type":"Person","@id":"https:\/\/www.nexoinformativo.mx\/#\/schema\/person\/7749d380ba08c8ca00d7bc76fd907b7d","name":"Nexo Informativo","image":{"@type":"ImageObject","inLanguage":"es","@id":"https:\/\/www.nexoinformativo.mx\/#\/schema\/person\/image\/","url":"https:\/\/secure.gravatar.com\/avatar\/dde2928154642a13d95f87ddf1ea9718fe2b46760a005c53e41ff5ad610704e6?s=96&d=mm&r=g","contentUrl":"https:\/\/secure.gravatar.com\/avatar\/dde2928154642a13d95f87ddf1ea9718fe2b46760a005c53e41ff5ad610704e6?s=96&d=mm&r=g","caption":"Nexo Informativo"},"url":"https:\/\/www.nexoinformativo.mx\/index.php\/author\/edicion\/"}]}},"_links":{"self":[{"href":"https:\/\/www.nexoinformativo.mx\/index.php\/wp-json\/wp\/v2\/posts\/13069","targetHints":{"allow":["GET"]}}],"collection":[{"href":"https:\/\/www.nexoinformativo.mx\/index.php\/wp-json\/wp\/v2\/posts"}],"about":[{"href":"https:\/\/www.nexoinformativo.mx\/index.php\/wp-json\/wp\/v2\/types\/post"}],"author":[{"embeddable":true,"href":"https:\/\/www.nexoinformativo.mx\/index.php\/wp-json\/wp\/v2\/users\/3"}],"replies":[{"embeddable":true,"href":"https:\/\/www.nexoinformativo.mx\/index.php\/wp-json\/wp\/v2\/comments?post=13069"}],"version-history":[{"count":3,"href":"https:\/\/www.nexoinformativo.mx\/index.php\/wp-json\/wp\/v2\/posts\/13069\/revisions"}],"predecessor-version":[{"id":13073,"href":"https:\/\/www.nexoinformativo.mx\/index.php\/wp-json\/wp\/v2\/posts\/13069\/revisions\/13073"}],"wp:featuredmedia":[{"embeddable":true,"href":"https:\/\/www.nexoinformativo.mx\/index.php\/wp-json\/wp\/v2\/media\/13070"}],"wp:attachment":[{"href":"https:\/\/www.nexoinformativo.mx\/index.php\/wp-json\/wp\/v2\/media?parent=13069"}],"wp:term":[{"taxonomy":"category","embeddable":true,"href":"https:\/\/www.nexoinformativo.mx\/index.php\/wp-json\/wp\/v2\/categories?post=13069"},{"taxonomy":"post_tag","embeddable":true,"href":"https:\/\/www.nexoinformativo.mx\/index.php\/wp-json\/wp\/v2\/tags?post=13069"}],"curies":[{"name":"wp","href":"https:\/\/api.w.org\/{rel}","templated":true}]}}