{"id":13074,"date":"2025-03-19T17:00:16","date_gmt":"2025-03-19T23:00:16","guid":{"rendered":"https:\/\/www.nexoinformativo.mx\/?p=13074"},"modified":"2025-03-19T19:52:14","modified_gmt":"2025-03-20T01:52:14","slug":"queretaro-blindado-antros-y-bares-conectaran-sus-camaras-a-la-vigilancia-estatal","status":"publish","type":"post","link":"https:\/\/www.nexoinformativo.mx\/index.php\/2025\/03\/19\/queretaro-blindado-antros-y-bares-conectaran-sus-camaras-a-la-vigilancia-estatal\/","title":{"rendered":"Quer\u00e9taro blindado antros y bares conectar\u00e1n sus c\u00e1maras a la vigilancia estatal"},"content":{"rendered":"<p style=\"text-align: justify;\" data-sourcepos=\"13:1-13:291\">Con el objetivo de reforzar la seguridad en la vida nocturna, antros, bares, cantinas y restaurantes de Quer\u00e9taro vincular\u00e1n sus sistemas de videovigilancia, reconocimiento facial y control de accesos a los sistemas de las autoridades estatal y municipales.<\/p>\n<p>&nbsp;<\/p>\n<p style=\"text-align: justify;\" data-sourcepos=\"15:1-15:232\">El secretario de gobierno del estado, Carlos Alcaraz, inform\u00f3 que esta medida forma parte de un acuerdo alcanzado con el sector desde noviembre y que busca fortalecer la prevenci\u00f3n y atenci\u00f3n de incidentes en estos establecimientos.<\/p>\n<p>&nbsp;<\/p>\n<p style=\"text-align: justify;\" data-sourcepos=\"17:1-17:203\">Los establecimientos tuvieron un plazo de dos semanas para realizar la vinculaci\u00f3n, el cual termina esta semana. Sin embargo, el proceso de integraci\u00f3n tecnol\u00f3gica podr\u00eda extenderse por algunos d\u00edas m\u00e1s.<\/p>\n<p>&nbsp;<\/p>\n<p style=\"text-align: justify;\" data-sourcepos=\"19:1-19:181\">Adem\u00e1s, se record\u00f3 que los establecimientos deben reportar sus cierres en tiempo real a la autoridad, y aquellos que no lo han hecho ya han recibido visitas de personal de gobierno.<\/p>\n<p>&nbsp;<\/p>\n<p style=\"text-align: justify;\" data-sourcepos=\"21:1-21:82\"><strong>&#8220;Es un tema de voluntad y de proteger a su establecimiento&#8221;<\/strong>, se\u00f1al\u00f3 el secretario. Esta medida ha sido acordada con las autoridades de 17 municipios, con la excepci\u00f3n de Cadereyta.<\/p>\n<p>&nbsp;<\/p>\n<p style=\"text-align: center;\" data-sourcepos=\"23:1-23:97\"><em><strong>\u00a1Informaci\u00f3n que transforma!<\/strong><\/em><\/p>\n","protected":false},"excerpt":{"rendered":"<p>Con el objetivo de reforzar la seguridad en la vida nocturna, antros, bares, cantinas y restaurantes de Quer\u00e9taro vincular\u00e1n sus sistemas de videovigilancia, reconocimiento facial y control de accesos a los sistemas de las autoridades estatal y municipales.<\/p>\n","protected":false},"author":3,"featured_media":13081,"comment_status":"open","ping_status":"open","sticky":false,"template":"","format":"standard","meta":{"footnotes":""},"categories":[42,58],"tags":[3833,242,3028,3664],"class_list":["post-13074","post","type-post","status-publish","format-standard","has-post-thumbnail","hentry","category-estado","category-ultima-hora","tag-antrosqueretaro","tag-queretaroseguro","tag-seguridadnocturna","tag-videovigilancia"],"yoast_head":"<!-- This site is optimized with the Yoast SEO plugin v25.0 - https:\/\/yoast.com\/wordpress\/plugins\/seo\/ -->\n<title>Quer\u00e9taro blindado antros y bares conectar\u00e1n sus c\u00e1maras a la vigilancia estatal | Nexo Informativo Santiago de Quer\u00e9taro<\/title>\n<meta name=\"description\" content=\"Quer\u00e9taro blindado antros y bares conectar\u00e1n sus c\u00e1maras a la vigilancia estatal\" \/>\n<meta name=\"robots\" content=\"index, follow, max-snippet:-1, max-image-preview:large, max-video-preview:-1\" \/>\n<link rel=\"canonical\" href=\"https:\/\/www.nexoinformativo.mx\/index.php\/2025\/03\/19\/queretaro-blindado-antros-y-bares-conectaran-sus-camaras-a-la-vigilancia-estatal\/\" \/>\n<meta property=\"og:locale\" content=\"es_MX\" \/>\n<meta property=\"og:type\" content=\"article\" \/>\n<meta property=\"og:title\" content=\"Quer\u00e9taro blindado antros y bares conectar\u00e1n sus c\u00e1maras a la vigilancia estatal | Nexo Informativo Santiago de Quer\u00e9taro\" \/>\n<meta property=\"og:description\" content=\"Quer\u00e9taro blindado antros y bares conectar\u00e1n sus c\u00e1maras a la vigilancia estatal\" \/>\n<meta property=\"og:url\" content=\"https:\/\/www.nexoinformativo.mx\/index.php\/2025\/03\/19\/queretaro-blindado-antros-y-bares-conectaran-sus-camaras-a-la-vigilancia-estatal\/\" \/>\n<meta property=\"og:site_name\" content=\"Nexo Informativo Santiago de Quer\u00e9taro\" \/>\n<meta property=\"article:publisher\" content=\"https:\/\/www.facebook.com\/people\/Nexo-Informativo\/61564066885511\/\" \/>\n<meta property=\"article:published_time\" content=\"2025-03-19T23:00:16+00:00\" \/>\n<meta property=\"article:modified_time\" content=\"2025-03-20T01:52:14+00:00\" \/>\n<meta property=\"og:image\" content=\"https:\/\/www.nexoinformativo.mx\/wp-content\/uploads\/2025\/03\/pexels-chanwalrus-941864-e1742435448407.jpeg\" \/>\n\t<meta property=\"og:image:width\" content=\"800\" \/>\n\t<meta property=\"og:image:height\" content=\"450\" \/>\n\t<meta property=\"og:image:type\" content=\"image\/jpeg\" \/>\n<meta name=\"author\" content=\"Nexo Informativo\" \/>\n<meta name=\"twitter:card\" content=\"summary_large_image\" \/>\n<meta name=\"twitter:label1\" content=\"Escrito por\" \/>\n\t<meta name=\"twitter:data1\" content=\"Nexo Informativo\" \/>\n\t<meta name=\"twitter:label2\" content=\"Tiempo de lectura\" \/>\n\t<meta name=\"twitter:data2\" content=\"1 minuto\" \/>\n<script type=\"application\/ld+json\" class=\"yoast-schema-graph\">{\"@context\":\"https:\/\/schema.org\",\"@graph\":[{\"@type\":\"Article\",\"@id\":\"https:\/\/www.nexoinformativo.mx\/index.php\/2025\/03\/19\/queretaro-blindado-antros-y-bares-conectaran-sus-camaras-a-la-vigilancia-estatal\/#article\",\"isPartOf\":{\"@id\":\"https:\/\/www.nexoinformativo.mx\/index.php\/2025\/03\/19\/queretaro-blindado-antros-y-bares-conectaran-sus-camaras-a-la-vigilancia-estatal\/\"},\"author\":{\"name\":\"Nexo Informativo\",\"@id\":\"https:\/\/www.nexoinformativo.mx\/#\/schema\/person\/7749d380ba08c8ca00d7bc76fd907b7d\"},\"headline\":\"Quer\u00e9taro blindado antros y bares conectar\u00e1n sus c\u00e1maras a la vigilancia estatal\",\"datePublished\":\"2025-03-19T23:00:16+00:00\",\"dateModified\":\"2025-03-20T01:52:14+00:00\",\"mainEntityOfPage\":{\"@id\":\"https:\/\/www.nexoinformativo.mx\/index.php\/2025\/03\/19\/queretaro-blindado-antros-y-bares-conectaran-sus-camaras-a-la-vigilancia-estatal\/\"},\"wordCount\":201,\"commentCount\":0,\"publisher\":{\"@id\":\"https:\/\/www.nexoinformativo.mx\/#organization\"},\"image\":{\"@id\":\"https:\/\/www.nexoinformativo.mx\/index.php\/2025\/03\/19\/queretaro-blindado-antros-y-bares-conectaran-sus-camaras-a-la-vigilancia-estatal\/#primaryimage\"},\"thumbnailUrl\":\"https:\/\/www.nexoinformativo.mx\/wp-content\/uploads\/2025\/03\/pexels-chanwalrus-941864-e1742435448407.jpeg\",\"keywords\":[\"AntrosQuer\u00e9taro\",\"QueretaroSeguro\",\"SeguridadNocturna\",\"VideoVigilancia\"],\"articleSection\":[\"Estado\",\"\u00daltima Hora\"],\"inLanguage\":\"es\",\"potentialAction\":[{\"@type\":\"CommentAction\",\"name\":\"Comment\",\"target\":[\"https:\/\/www.nexoinformativo.mx\/index.php\/2025\/03\/19\/queretaro-blindado-antros-y-bares-conectaran-sus-camaras-a-la-vigilancia-estatal\/#respond\"]}]},{\"@type\":\"WebPage\",\"@id\":\"https:\/\/www.nexoinformativo.mx\/index.php\/2025\/03\/19\/queretaro-blindado-antros-y-bares-conectaran-sus-camaras-a-la-vigilancia-estatal\/\",\"url\":\"https:\/\/www.nexoinformativo.mx\/index.php\/2025\/03\/19\/queretaro-blindado-antros-y-bares-conectaran-sus-camaras-a-la-vigilancia-estatal\/\",\"name\":\"Quer\u00e9taro blindado antros y bares conectar\u00e1n sus c\u00e1maras a la vigilancia estatal | Nexo Informativo Santiago de Quer\u00e9taro\",\"isPartOf\":{\"@id\":\"https:\/\/www.nexoinformativo.mx\/#website\"},\"primaryImageOfPage\":{\"@id\":\"https:\/\/www.nexoinformativo.mx\/index.php\/2025\/03\/19\/queretaro-blindado-antros-y-bares-conectaran-sus-camaras-a-la-vigilancia-estatal\/#primaryimage\"},\"image\":{\"@id\":\"https:\/\/www.nexoinformativo.mx\/index.php\/2025\/03\/19\/queretaro-blindado-antros-y-bares-conectaran-sus-camaras-a-la-vigilancia-estatal\/#primaryimage\"},\"thumbnailUrl\":\"https:\/\/www.nexoinformativo.mx\/wp-content\/uploads\/2025\/03\/pexels-chanwalrus-941864-e1742435448407.jpeg\",\"datePublished\":\"2025-03-19T23:00:16+00:00\",\"dateModified\":\"2025-03-20T01:52:14+00:00\",\"description\":\"Quer\u00e9taro blindado antros y bares conectar\u00e1n sus c\u00e1maras a la vigilancia estatal\",\"breadcrumb\":{\"@id\":\"https:\/\/www.nexoinformativo.mx\/index.php\/2025\/03\/19\/queretaro-blindado-antros-y-bares-conectaran-sus-camaras-a-la-vigilancia-estatal\/#breadcrumb\"},\"inLanguage\":\"es\",\"potentialAction\":[{\"@type\":\"ReadAction\",\"target\":[\"https:\/\/www.nexoinformativo.mx\/index.php\/2025\/03\/19\/queretaro-blindado-antros-y-bares-conectaran-sus-camaras-a-la-vigilancia-estatal\/\"]}]},{\"@type\":\"ImageObject\",\"inLanguage\":\"es\",\"@id\":\"https:\/\/www.nexoinformativo.mx\/index.php\/2025\/03\/19\/queretaro-blindado-antros-y-bares-conectaran-sus-camaras-a-la-vigilancia-estatal\/#primaryimage\",\"url\":\"https:\/\/www.nexoinformativo.mx\/wp-content\/uploads\/2025\/03\/pexels-chanwalrus-941864-e1742435448407.jpeg\",\"contentUrl\":\"https:\/\/www.nexoinformativo.mx\/wp-content\/uploads\/2025\/03\/pexels-chanwalrus-941864-e1742435448407.jpeg\",\"width\":800,\"height\":450},{\"@type\":\"BreadcrumbList\",\"@id\":\"https:\/\/www.nexoinformativo.mx\/index.php\/2025\/03\/19\/queretaro-blindado-antros-y-bares-conectaran-sus-camaras-a-la-vigilancia-estatal\/#breadcrumb\",\"itemListElement\":[{\"@type\":\"ListItem\",\"position\":1,\"name\":\"Inicio\",\"item\":\"https:\/\/www.nexoinformativo.mx\/\"},{\"@type\":\"ListItem\",\"position\":2,\"name\":\"Quer\u00e9taro blindado antros y bares conectar\u00e1n sus c\u00e1maras a la vigilancia estatal\"}]},{\"@type\":\"WebSite\",\"@id\":\"https:\/\/www.nexoinformativo.mx\/#website\",\"url\":\"https:\/\/www.nexoinformativo.mx\/\",\"name\":\"Nexo Informativo Santiago de Quer\u00e9taro\",\"description\":\"Explora NexoInformativo y convi\u00e9rtete en parte de una comunidad que valora el conocimiento y la verdad. Tu nexoinformativo es tu puente hacia una comprensi\u00f3n m\u00e1s profunda del mundo que te rodea.\",\"publisher\":{\"@id\":\"https:\/\/www.nexoinformativo.mx\/#organization\"},\"potentialAction\":[{\"@type\":\"SearchAction\",\"target\":{\"@type\":\"EntryPoint\",\"urlTemplate\":\"https:\/\/www.nexoinformativo.mx\/?s={search_term_string}\"},\"query-input\":{\"@type\":\"PropertyValueSpecification\",\"valueRequired\":true,\"valueName\":\"search_term_string\"}}],\"inLanguage\":\"es\"},{\"@type\":\"Organization\",\"@id\":\"https:\/\/www.nexoinformativo.mx\/#organization\",\"name\":\"Nexo Informativo Santiago de Quer\u00e9taro\",\"url\":\"https:\/\/www.nexoinformativo.mx\/\",\"logo\":{\"@type\":\"ImageObject\",\"inLanguage\":\"es\",\"@id\":\"https:\/\/www.nexoinformativo.mx\/#\/schema\/logo\/image\/\",\"url\":\"https:\/\/www.nexoinformativo.mx\/wp-content\/uploads\/2024\/07\/nexoi-trasparente-2.png\",\"contentUrl\":\"https:\/\/www.nexoinformativo.mx\/wp-content\/uploads\/2024\/07\/nexoi-trasparente-2.png\",\"width\":816,\"height\":339,\"caption\":\"Nexo Informativo Santiago de Quer\u00e9taro\"},\"image\":{\"@id\":\"https:\/\/www.nexoinformativo.mx\/#\/schema\/logo\/image\/\"},\"sameAs\":[\"https:\/\/www.facebook.com\/people\/Nexo-Informativo\/61564066885511\/\"]},{\"@type\":\"Person\",\"@id\":\"https:\/\/www.nexoinformativo.mx\/#\/schema\/person\/7749d380ba08c8ca00d7bc76fd907b7d\",\"name\":\"Nexo Informativo\",\"image\":{\"@type\":\"ImageObject\",\"inLanguage\":\"es\",\"@id\":\"https:\/\/www.nexoinformativo.mx\/#\/schema\/person\/image\/\",\"url\":\"https:\/\/secure.gravatar.com\/avatar\/dde2928154642a13d95f87ddf1ea9718fe2b46760a005c53e41ff5ad610704e6?s=96&d=mm&r=g\",\"contentUrl\":\"https:\/\/secure.gravatar.com\/avatar\/dde2928154642a13d95f87ddf1ea9718fe2b46760a005c53e41ff5ad610704e6?s=96&d=mm&r=g\",\"caption\":\"Nexo Informativo\"},\"url\":\"https:\/\/www.nexoinformativo.mx\/index.php\/author\/edicion\/\"}]}<\/script>\n<!-- \/ Yoast SEO plugin. -->","yoast_head_json":{"title":"Quer\u00e9taro blindado antros y bares conectar\u00e1n sus c\u00e1maras a la vigilancia estatal | Nexo Informativo Santiago de Quer\u00e9taro","description":"Quer\u00e9taro blindado antros y bares conectar\u00e1n sus c\u00e1maras a la vigilancia estatal","robots":{"index":"index","follow":"follow","max-snippet":"max-snippet:-1","max-image-preview":"max-image-preview:large","max-video-preview":"max-video-preview:-1"},"canonical":"https:\/\/www.nexoinformativo.mx\/index.php\/2025\/03\/19\/queretaro-blindado-antros-y-bares-conectaran-sus-camaras-a-la-vigilancia-estatal\/","og_locale":"es_MX","og_type":"article","og_title":"Quer\u00e9taro blindado antros y bares conectar\u00e1n sus c\u00e1maras a la vigilancia estatal | Nexo Informativo Santiago de Quer\u00e9taro","og_description":"Quer\u00e9taro blindado antros y bares conectar\u00e1n sus c\u00e1maras a la vigilancia estatal","og_url":"https:\/\/www.nexoinformativo.mx\/index.php\/2025\/03\/19\/queretaro-blindado-antros-y-bares-conectaran-sus-camaras-a-la-vigilancia-estatal\/","og_site_name":"Nexo Informativo Santiago de Quer\u00e9taro","article_publisher":"https:\/\/www.facebook.com\/people\/Nexo-Informativo\/61564066885511\/","article_published_time":"2025-03-19T23:00:16+00:00","article_modified_time":"2025-03-20T01:52:14+00:00","og_image":[{"width":800,"height":450,"url":"https:\/\/www.nexoinformativo.mx\/wp-content\/uploads\/2025\/03\/pexels-chanwalrus-941864-e1742435448407.jpeg","type":"image\/jpeg"}],"author":"Nexo Informativo","twitter_card":"summary_large_image","twitter_misc":{"Escrito por":"Nexo Informativo","Tiempo de lectura":"1 minuto"},"schema":{"@context":"https:\/\/schema.org","@graph":[{"@type":"Article","@id":"https:\/\/www.nexoinformativo.mx\/index.php\/2025\/03\/19\/queretaro-blindado-antros-y-bares-conectaran-sus-camaras-a-la-vigilancia-estatal\/#article","isPartOf":{"@id":"https:\/\/www.nexoinformativo.mx\/index.php\/2025\/03\/19\/queretaro-blindado-antros-y-bares-conectaran-sus-camaras-a-la-vigilancia-estatal\/"},"author":{"name":"Nexo Informativo","@id":"https:\/\/www.nexoinformativo.mx\/#\/schema\/person\/7749d380ba08c8ca00d7bc76fd907b7d"},"headline":"Quer\u00e9taro blindado antros y bares conectar\u00e1n sus c\u00e1maras a la vigilancia estatal","datePublished":"2025-03-19T23:00:16+00:00","dateModified":"2025-03-20T01:52:14+00:00","mainEntityOfPage":{"@id":"https:\/\/www.nexoinformativo.mx\/index.php\/2025\/03\/19\/queretaro-blindado-antros-y-bares-conectaran-sus-camaras-a-la-vigilancia-estatal\/"},"wordCount":201,"commentCount":0,"publisher":{"@id":"https:\/\/www.nexoinformativo.mx\/#organization"},"image":{"@id":"https:\/\/www.nexoinformativo.mx\/index.php\/2025\/03\/19\/queretaro-blindado-antros-y-bares-conectaran-sus-camaras-a-la-vigilancia-estatal\/#primaryimage"},"thumbnailUrl":"https:\/\/www.nexoinformativo.mx\/wp-content\/uploads\/2025\/03\/pexels-chanwalrus-941864-e1742435448407.jpeg","keywords":["AntrosQuer\u00e9taro","QueretaroSeguro","SeguridadNocturna","VideoVigilancia"],"articleSection":["Estado","\u00daltima Hora"],"inLanguage":"es","potentialAction":[{"@type":"CommentAction","name":"Comment","target":["https:\/\/www.nexoinformativo.mx\/index.php\/2025\/03\/19\/queretaro-blindado-antros-y-bares-conectaran-sus-camaras-a-la-vigilancia-estatal\/#respond"]}]},{"@type":"WebPage","@id":"https:\/\/www.nexoinformativo.mx\/index.php\/2025\/03\/19\/queretaro-blindado-antros-y-bares-conectaran-sus-camaras-a-la-vigilancia-estatal\/","url":"https:\/\/www.nexoinformativo.mx\/index.php\/2025\/03\/19\/queretaro-blindado-antros-y-bares-conectaran-sus-camaras-a-la-vigilancia-estatal\/","name":"Quer\u00e9taro blindado antros y bares conectar\u00e1n sus c\u00e1maras a la vigilancia estatal | Nexo Informativo Santiago de Quer\u00e9taro","isPartOf":{"@id":"https:\/\/www.nexoinformativo.mx\/#website"},"primaryImageOfPage":{"@id":"https:\/\/www.nexoinformativo.mx\/index.php\/2025\/03\/19\/queretaro-blindado-antros-y-bares-conectaran-sus-camaras-a-la-vigilancia-estatal\/#primaryimage"},"image":{"@id":"https:\/\/www.nexoinformativo.mx\/index.php\/2025\/03\/19\/queretaro-blindado-antros-y-bares-conectaran-sus-camaras-a-la-vigilancia-estatal\/#primaryimage"},"thumbnailUrl":"https:\/\/www.nexoinformativo.mx\/wp-content\/uploads\/2025\/03\/pexels-chanwalrus-941864-e1742435448407.jpeg","datePublished":"2025-03-19T23:00:16+00:00","dateModified":"2025-03-20T01:52:14+00:00","description":"Quer\u00e9taro blindado antros y bares conectar\u00e1n sus c\u00e1maras a la vigilancia estatal","breadcrumb":{"@id":"https:\/\/www.nexoinformativo.mx\/index.php\/2025\/03\/19\/queretaro-blindado-antros-y-bares-conectaran-sus-camaras-a-la-vigilancia-estatal\/#breadcrumb"},"inLanguage":"es","potentialAction":[{"@type":"ReadAction","target":["https:\/\/www.nexoinformativo.mx\/index.php\/2025\/03\/19\/queretaro-blindado-antros-y-bares-conectaran-sus-camaras-a-la-vigilancia-estatal\/"]}]},{"@type":"ImageObject","inLanguage":"es","@id":"https:\/\/www.nexoinformativo.mx\/index.php\/2025\/03\/19\/queretaro-blindado-antros-y-bares-conectaran-sus-camaras-a-la-vigilancia-estatal\/#primaryimage","url":"https:\/\/www.nexoinformativo.mx\/wp-content\/uploads\/2025\/03\/pexels-chanwalrus-941864-e1742435448407.jpeg","contentUrl":"https:\/\/www.nexoinformativo.mx\/wp-content\/uploads\/2025\/03\/pexels-chanwalrus-941864-e1742435448407.jpeg","width":800,"height":450},{"@type":"BreadcrumbList","@id":"https:\/\/www.nexoinformativo.mx\/index.php\/2025\/03\/19\/queretaro-blindado-antros-y-bares-conectaran-sus-camaras-a-la-vigilancia-estatal\/#breadcrumb","itemListElement":[{"@type":"ListItem","position":1,"name":"Inicio","item":"https:\/\/www.nexoinformativo.mx\/"},{"@type":"ListItem","position":2,"name":"Quer\u00e9taro blindado antros y bares conectar\u00e1n sus c\u00e1maras a la vigilancia estatal"}]},{"@type":"WebSite","@id":"https:\/\/www.nexoinformativo.mx\/#website","url":"https:\/\/www.nexoinformativo.mx\/","name":"Nexo Informativo Santiago de Quer\u00e9taro","description":"Explora NexoInformativo y convi\u00e9rtete en parte de una comunidad que valora el conocimiento y la verdad. Tu nexoinformativo es tu puente hacia una comprensi\u00f3n m\u00e1s profunda del mundo que te rodea.","publisher":{"@id":"https:\/\/www.nexoinformativo.mx\/#organization"},"potentialAction":[{"@type":"SearchAction","target":{"@type":"EntryPoint","urlTemplate":"https:\/\/www.nexoinformativo.mx\/?s={search_term_string}"},"query-input":{"@type":"PropertyValueSpecification","valueRequired":true,"valueName":"search_term_string"}}],"inLanguage":"es"},{"@type":"Organization","@id":"https:\/\/www.nexoinformativo.mx\/#organization","name":"Nexo Informativo Santiago de Quer\u00e9taro","url":"https:\/\/www.nexoinformativo.mx\/","logo":{"@type":"ImageObject","inLanguage":"es","@id":"https:\/\/www.nexoinformativo.mx\/#\/schema\/logo\/image\/","url":"https:\/\/www.nexoinformativo.mx\/wp-content\/uploads\/2024\/07\/nexoi-trasparente-2.png","contentUrl":"https:\/\/www.nexoinformativo.mx\/wp-content\/uploads\/2024\/07\/nexoi-trasparente-2.png","width":816,"height":339,"caption":"Nexo Informativo Santiago de Quer\u00e9taro"},"image":{"@id":"https:\/\/www.nexoinformativo.mx\/#\/schema\/logo\/image\/"},"sameAs":["https:\/\/www.facebook.com\/people\/Nexo-Informativo\/61564066885511\/"]},{"@type":"Person","@id":"https:\/\/www.nexoinformativo.mx\/#\/schema\/person\/7749d380ba08c8ca00d7bc76fd907b7d","name":"Nexo Informativo","image":{"@type":"ImageObject","inLanguage":"es","@id":"https:\/\/www.nexoinformativo.mx\/#\/schema\/person\/image\/","url":"https:\/\/secure.gravatar.com\/avatar\/dde2928154642a13d95f87ddf1ea9718fe2b46760a005c53e41ff5ad610704e6?s=96&d=mm&r=g","contentUrl":"https:\/\/secure.gravatar.com\/avatar\/dde2928154642a13d95f87ddf1ea9718fe2b46760a005c53e41ff5ad610704e6?s=96&d=mm&r=g","caption":"Nexo Informativo"},"url":"https:\/\/www.nexoinformativo.mx\/index.php\/author\/edicion\/"}]}},"_links":{"self":[{"href":"https:\/\/www.nexoinformativo.mx\/index.php\/wp-json\/wp\/v2\/posts\/13074","targetHints":{"allow":["GET"]}}],"collection":[{"href":"https:\/\/www.nexoinformativo.mx\/index.php\/wp-json\/wp\/v2\/posts"}],"about":[{"href":"https:\/\/www.nexoinformativo.mx\/index.php\/wp-json\/wp\/v2\/types\/post"}],"author":[{"embeddable":true,"href":"https:\/\/www.nexoinformativo.mx\/index.php\/wp-json\/wp\/v2\/users\/3"}],"replies":[{"embeddable":true,"href":"https:\/\/www.nexoinformativo.mx\/index.php\/wp-json\/wp\/v2\/comments?post=13074"}],"version-history":[{"count":4,"href":"https:\/\/www.nexoinformativo.mx\/index.php\/wp-json\/wp\/v2\/posts\/13074\/revisions"}],"predecessor-version":[{"id":13080,"href":"https:\/\/www.nexoinformativo.mx\/index.php\/wp-json\/wp\/v2\/posts\/13074\/revisions\/13080"}],"wp:featuredmedia":[{"embeddable":true,"href":"https:\/\/www.nexoinformativo.mx\/index.php\/wp-json\/wp\/v2\/media\/13081"}],"wp:attachment":[{"href":"https:\/\/www.nexoinformativo.mx\/index.php\/wp-json\/wp\/v2\/media?parent=13074"}],"wp:term":[{"taxonomy":"category","embeddable":true,"href":"https:\/\/www.nexoinformativo.mx\/index.php\/wp-json\/wp\/v2\/categories?post=13074"},{"taxonomy":"post_tag","embeddable":true,"href":"https:\/\/www.nexoinformativo.mx\/index.php\/wp-json\/wp\/v2\/tags?post=13074"}],"curies":[{"name":"wp","href":"https:\/\/api.w.org\/{rel}","templated":true}]}}