{"id":13082,"date":"2025-03-20T07:00:43","date_gmt":"2025-03-20T13:00:43","guid":{"rendered":"https:\/\/www.nexoinformativo.mx\/?p=13082"},"modified":"2025-03-20T10:33:27","modified_gmt":"2025-03-20T16:33:27","slug":"puerta-real-renovada-kuri-y-chepe-entregan-vialidades-rehabilitadas-para-mas-de-6-mil-habitantes","status":"publish","type":"post","link":"https:\/\/www.nexoinformativo.mx\/index.php\/2025\/03\/20\/puerta-real-renovada-kuri-y-chepe-entregan-vialidades-rehabilitadas-para-mas-de-6-mil-habitantes\/","title":{"rendered":"Puerta Real renovada Kuri y Chepe entregan vialidades rehabilitadas para m\u00e1s de 6 mil habitantes"},"content":{"rendered":"<p style=\"text-align: justify;\" data-sourcepos=\"13:1-13:293\">El presidente municipal de Corregidora, Chepe Guerrero, y el gobernador del Estado de Quer\u00e9taro, Mauricio Kuri, inauguraron la rehabilitaci\u00f3n de vialidades en el fraccionamiento Puerta Real, una obra que beneficia directamente a m\u00e1s de 6 mil 200 habitantes.<\/p>\n<\/p>\n<p>&nbsp;<\/p>\n<p style=\"text-align: justify;\" data-sourcepos=\"15:1-15:238\">La rehabilitaci\u00f3n, que tuvo una inversi\u00f3n cercana a los 8 millones de pesos, incluy\u00f3 la mejora de 1.7 kil\u00f3metros de vialidades, con trabajos de escarificado, colocaci\u00f3n de carpeta asf\u00e1ltica, se\u00f1alizaci\u00f3n y renivelaci\u00f3n de pozos de visita.<\/p>\n<\/p>\n<p>&nbsp;<\/p>\n<p style=\"text-align: justify;\" data-sourcepos=\"17:1-17:254\">Chepe Guerrero agradeci\u00f3 al gobernador Kuri por el apoyo financiero, destacando que los recursos extraordinarios permitieron atender diversas zonas del municipio. Adem\u00e1s, reiter\u00f3 el compromiso de seguir trabajando para que Corregidora contin\u00fae avanzando.<\/p>\n<\/p>\n<p>&nbsp;<\/p>\n<p style=\"text-align: justify;\" data-sourcepos=\"19:1-19:220\">Por su parte, el gobernador Kuri invit\u00f3 a los vecinos a participar activamente en las decisiones del gobierno y a exigir resultados a los funcionarios p\u00fablicos. Tambi\u00e9n destac\u00f3 el buen trabajo del alcalde Chepe Guerrero.<\/p>\n<\/p>\n<p>&nbsp;<\/p>\n<p style=\"text-align: justify;\" data-sourcepos=\"21:1-21:211\">Viridiana Nava, titular de la Secretar\u00eda de Obras P\u00fablicas del Municipio de Corregidora, detall\u00f3 los trabajos realizados en la rehabilitaci\u00f3n, resaltando la mejora en la seguridad vial y la movilidad en la zona.<\/p>\n<\/p>\n<p>&nbsp;<\/p>\n<p style=\"text-align: center;\" data-sourcepos=\"21:1-21:211\"><em><strong>\u00a1Informaci\u00f3n que transforma!<\/strong><\/em><\/p>\n","protected":false},"excerpt":{"rendered":"<p>El presidente municipal de Corregidora, Chepe Guerrero, y el gobernador del Estado de Quer\u00e9taro, Mauricio Kuri, inauguraron la rehabilitaci\u00f3n de vialidades en el fraccionamiento Puerta Real, una obra que beneficia directamente a m\u00e1s de 6 mil 200 habitantes.<\/p>\n","protected":false},"author":3,"featured_media":13083,"comment_status":"open","ping_status":"open","sticky":false,"template":"","format":"standard","meta":{"footnotes":""},"categories":[65,58],"tags":[237,233,661,644],"class_list":["post-13082","post","type-post","status-publish","format-standard","has-post-thumbnail","hentry","category-municipios","category-ultima-hora","tag-chepeguerrero","tag-corregidora","tag-mauriciokuri","tag-obraspublicas"],"yoast_head":"<!-- This site is optimized with the Yoast SEO plugin v25.0 - https:\/\/yoast.com\/wordpress\/plugins\/seo\/ -->\n<title>Puerta Real renovada Kuri y Chepe entregan vialidades rehabilitadas para m\u00e1s de 6 mil habitantes | Nexo Informativo Santiago de Quer\u00e9taro<\/title>\n<meta name=\"description\" content=\"Puerta Real renovada Kuri y Chepe entregan vialidades rehabilitadas para m\u00e1s de 6 mil habitantes\" \/>\n<meta name=\"robots\" content=\"index, follow, max-snippet:-1, max-image-preview:large, max-video-preview:-1\" \/>\n<link rel=\"canonical\" href=\"https:\/\/www.nexoinformativo.mx\/index.php\/2025\/03\/20\/puerta-real-renovada-kuri-y-chepe-entregan-vialidades-rehabilitadas-para-mas-de-6-mil-habitantes\/\" \/>\n<meta property=\"og:locale\" content=\"es_MX\" \/>\n<meta property=\"og:type\" content=\"article\" \/>\n<meta property=\"og:title\" content=\"Puerta Real renovada Kuri y Chepe entregan vialidades rehabilitadas para m\u00e1s de 6 mil habitantes | Nexo Informativo Santiago de Quer\u00e9taro\" \/>\n<meta property=\"og:description\" content=\"Puerta Real renovada Kuri y Chepe entregan vialidades rehabilitadas para m\u00e1s de 6 mil habitantes\" \/>\n<meta property=\"og:url\" content=\"https:\/\/www.nexoinformativo.mx\/index.php\/2025\/03\/20\/puerta-real-renovada-kuri-y-chepe-entregan-vialidades-rehabilitadas-para-mas-de-6-mil-habitantes\/\" \/>\n<meta property=\"og:site_name\" content=\"Nexo Informativo Santiago de Quer\u00e9taro\" \/>\n<meta property=\"article:publisher\" content=\"https:\/\/www.facebook.com\/people\/Nexo-Informativo\/61564066885511\/\" \/>\n<meta property=\"article:published_time\" content=\"2025-03-20T13:00:43+00:00\" \/>\n<meta property=\"article:modified_time\" content=\"2025-03-20T16:33:27+00:00\" \/>\n<meta property=\"og:image\" content=\"https:\/\/www.nexoinformativo.mx\/wp-content\/uploads\/2025\/03\/770dac2f-7225-4535-9a17-ac8b1c04b458-e1742488366407.jpg\" \/>\n\t<meta property=\"og:image:width\" content=\"800\" \/>\n\t<meta property=\"og:image:height\" content=\"449\" \/>\n\t<meta property=\"og:image:type\" content=\"image\/jpeg\" \/>\n<meta name=\"author\" content=\"Nexo Informativo\" \/>\n<meta name=\"twitter:card\" content=\"summary_large_image\" \/>\n<meta name=\"twitter:label1\" content=\"Escrito por\" \/>\n\t<meta name=\"twitter:data1\" content=\"Nexo Informativo\" \/>\n\t<meta name=\"twitter:label2\" content=\"Tiempo de lectura\" \/>\n\t<meta name=\"twitter:data2\" content=\"2 minutos\" \/>\n<script type=\"application\/ld+json\" class=\"yoast-schema-graph\">{\"@context\":\"https:\/\/schema.org\",\"@graph\":[{\"@type\":\"Article\",\"@id\":\"https:\/\/www.nexoinformativo.mx\/index.php\/2025\/03\/20\/puerta-real-renovada-kuri-y-chepe-entregan-vialidades-rehabilitadas-para-mas-de-6-mil-habitantes\/#article\",\"isPartOf\":{\"@id\":\"https:\/\/www.nexoinformativo.mx\/index.php\/2025\/03\/20\/puerta-real-renovada-kuri-y-chepe-entregan-vialidades-rehabilitadas-para-mas-de-6-mil-habitantes\/\"},\"author\":{\"name\":\"Nexo Informativo\",\"@id\":\"https:\/\/www.nexoinformativo.mx\/#\/schema\/person\/7749d380ba08c8ca00d7bc76fd907b7d\"},\"headline\":\"Puerta Real renovada Kuri y Chepe entregan vialidades rehabilitadas para m\u00e1s de 6 mil habitantes\",\"datePublished\":\"2025-03-20T13:00:43+00:00\",\"dateModified\":\"2025-03-20T16:33:27+00:00\",\"mainEntityOfPage\":{\"@id\":\"https:\/\/www.nexoinformativo.mx\/index.php\/2025\/03\/20\/puerta-real-renovada-kuri-y-chepe-entregan-vialidades-rehabilitadas-para-mas-de-6-mil-habitantes\/\"},\"wordCount\":213,\"commentCount\":0,\"publisher\":{\"@id\":\"https:\/\/www.nexoinformativo.mx\/#organization\"},\"image\":{\"@id\":\"https:\/\/www.nexoinformativo.mx\/index.php\/2025\/03\/20\/puerta-real-renovada-kuri-y-chepe-entregan-vialidades-rehabilitadas-para-mas-de-6-mil-habitantes\/#primaryimage\"},\"thumbnailUrl\":\"https:\/\/www.nexoinformativo.mx\/wp-content\/uploads\/2025\/03\/770dac2f-7225-4535-9a17-ac8b1c04b458-e1742488366407.jpg\",\"keywords\":[\"ChepeGuerrero\",\"Corregidora\",\"MauricioKuri\",\"ObrasP\u00fablicas\"],\"articleSection\":[\"Municipios\",\"\u00daltima Hora\"],\"inLanguage\":\"es\",\"potentialAction\":[{\"@type\":\"CommentAction\",\"name\":\"Comment\",\"target\":[\"https:\/\/www.nexoinformativo.mx\/index.php\/2025\/03\/20\/puerta-real-renovada-kuri-y-chepe-entregan-vialidades-rehabilitadas-para-mas-de-6-mil-habitantes\/#respond\"]}]},{\"@type\":\"WebPage\",\"@id\":\"https:\/\/www.nexoinformativo.mx\/index.php\/2025\/03\/20\/puerta-real-renovada-kuri-y-chepe-entregan-vialidades-rehabilitadas-para-mas-de-6-mil-habitantes\/\",\"url\":\"https:\/\/www.nexoinformativo.mx\/index.php\/2025\/03\/20\/puerta-real-renovada-kuri-y-chepe-entregan-vialidades-rehabilitadas-para-mas-de-6-mil-habitantes\/\",\"name\":\"Puerta Real renovada Kuri y Chepe entregan vialidades rehabilitadas para m\u00e1s de 6 mil habitantes | Nexo Informativo Santiago de Quer\u00e9taro\",\"isPartOf\":{\"@id\":\"https:\/\/www.nexoinformativo.mx\/#website\"},\"primaryImageOfPage\":{\"@id\":\"https:\/\/www.nexoinformativo.mx\/index.php\/2025\/03\/20\/puerta-real-renovada-kuri-y-chepe-entregan-vialidades-rehabilitadas-para-mas-de-6-mil-habitantes\/#primaryimage\"},\"image\":{\"@id\":\"https:\/\/www.nexoinformativo.mx\/index.php\/2025\/03\/20\/puerta-real-renovada-kuri-y-chepe-entregan-vialidades-rehabilitadas-para-mas-de-6-mil-habitantes\/#primaryimage\"},\"thumbnailUrl\":\"https:\/\/www.nexoinformativo.mx\/wp-content\/uploads\/2025\/03\/770dac2f-7225-4535-9a17-ac8b1c04b458-e1742488366407.jpg\",\"datePublished\":\"2025-03-20T13:00:43+00:00\",\"dateModified\":\"2025-03-20T16:33:27+00:00\",\"description\":\"Puerta Real renovada Kuri y Chepe entregan vialidades rehabilitadas para m\u00e1s de 6 mil habitantes\",\"breadcrumb\":{\"@id\":\"https:\/\/www.nexoinformativo.mx\/index.php\/2025\/03\/20\/puerta-real-renovada-kuri-y-chepe-entregan-vialidades-rehabilitadas-para-mas-de-6-mil-habitantes\/#breadcrumb\"},\"inLanguage\":\"es\",\"potentialAction\":[{\"@type\":\"ReadAction\",\"target\":[\"https:\/\/www.nexoinformativo.mx\/index.php\/2025\/03\/20\/puerta-real-renovada-kuri-y-chepe-entregan-vialidades-rehabilitadas-para-mas-de-6-mil-habitantes\/\"]}]},{\"@type\":\"ImageObject\",\"inLanguage\":\"es\",\"@id\":\"https:\/\/www.nexoinformativo.mx\/index.php\/2025\/03\/20\/puerta-real-renovada-kuri-y-chepe-entregan-vialidades-rehabilitadas-para-mas-de-6-mil-habitantes\/#primaryimage\",\"url\":\"https:\/\/www.nexoinformativo.mx\/wp-content\/uploads\/2025\/03\/770dac2f-7225-4535-9a17-ac8b1c04b458-e1742488366407.jpg\",\"contentUrl\":\"https:\/\/www.nexoinformativo.mx\/wp-content\/uploads\/2025\/03\/770dac2f-7225-4535-9a17-ac8b1c04b458-e1742488366407.jpg\",\"width\":800,\"height\":449},{\"@type\":\"BreadcrumbList\",\"@id\":\"https:\/\/www.nexoinformativo.mx\/index.php\/2025\/03\/20\/puerta-real-renovada-kuri-y-chepe-entregan-vialidades-rehabilitadas-para-mas-de-6-mil-habitantes\/#breadcrumb\",\"itemListElement\":[{\"@type\":\"ListItem\",\"position\":1,\"name\":\"Inicio\",\"item\":\"https:\/\/www.nexoinformativo.mx\/\"},{\"@type\":\"ListItem\",\"position\":2,\"name\":\"Puerta Real renovada Kuri y Chepe entregan vialidades rehabilitadas para m\u00e1s de 6 mil habitantes\"}]},{\"@type\":\"WebSite\",\"@id\":\"https:\/\/www.nexoinformativo.mx\/#website\",\"url\":\"https:\/\/www.nexoinformativo.mx\/\",\"name\":\"Nexo Informativo Santiago de Quer\u00e9taro\",\"description\":\"Explora NexoInformativo y convi\u00e9rtete en parte de una comunidad que valora el conocimiento y la verdad. Tu nexoinformativo es tu puente hacia una comprensi\u00f3n m\u00e1s profunda del mundo que te rodea.\",\"publisher\":{\"@id\":\"https:\/\/www.nexoinformativo.mx\/#organization\"},\"potentialAction\":[{\"@type\":\"SearchAction\",\"target\":{\"@type\":\"EntryPoint\",\"urlTemplate\":\"https:\/\/www.nexoinformativo.mx\/?s={search_term_string}\"},\"query-input\":{\"@type\":\"PropertyValueSpecification\",\"valueRequired\":true,\"valueName\":\"search_term_string\"}}],\"inLanguage\":\"es\"},{\"@type\":\"Organization\",\"@id\":\"https:\/\/www.nexoinformativo.mx\/#organization\",\"name\":\"Nexo Informativo Santiago de Quer\u00e9taro\",\"url\":\"https:\/\/www.nexoinformativo.mx\/\",\"logo\":{\"@type\":\"ImageObject\",\"inLanguage\":\"es\",\"@id\":\"https:\/\/www.nexoinformativo.mx\/#\/schema\/logo\/image\/\",\"url\":\"https:\/\/www.nexoinformativo.mx\/wp-content\/uploads\/2024\/07\/nexoi-trasparente-2.png\",\"contentUrl\":\"https:\/\/www.nexoinformativo.mx\/wp-content\/uploads\/2024\/07\/nexoi-trasparente-2.png\",\"width\":816,\"height\":339,\"caption\":\"Nexo Informativo Santiago de Quer\u00e9taro\"},\"image\":{\"@id\":\"https:\/\/www.nexoinformativo.mx\/#\/schema\/logo\/image\/\"},\"sameAs\":[\"https:\/\/www.facebook.com\/people\/Nexo-Informativo\/61564066885511\/\"]},{\"@type\":\"Person\",\"@id\":\"https:\/\/www.nexoinformativo.mx\/#\/schema\/person\/7749d380ba08c8ca00d7bc76fd907b7d\",\"name\":\"Nexo Informativo\",\"image\":{\"@type\":\"ImageObject\",\"inLanguage\":\"es\",\"@id\":\"https:\/\/www.nexoinformativo.mx\/#\/schema\/person\/image\/\",\"url\":\"https:\/\/secure.gravatar.com\/avatar\/dde2928154642a13d95f87ddf1ea9718fe2b46760a005c53e41ff5ad610704e6?s=96&d=mm&r=g\",\"contentUrl\":\"https:\/\/secure.gravatar.com\/avatar\/dde2928154642a13d95f87ddf1ea9718fe2b46760a005c53e41ff5ad610704e6?s=96&d=mm&r=g\",\"caption\":\"Nexo Informativo\"},\"url\":\"https:\/\/www.nexoinformativo.mx\/index.php\/author\/edicion\/\"}]}<\/script>\n<!-- \/ Yoast SEO plugin. -->","yoast_head_json":{"title":"Puerta Real renovada Kuri y Chepe entregan vialidades rehabilitadas para m\u00e1s de 6 mil habitantes | Nexo Informativo Santiago de Quer\u00e9taro","description":"Puerta Real renovada Kuri y Chepe entregan vialidades rehabilitadas para m\u00e1s de 6 mil habitantes","robots":{"index":"index","follow":"follow","max-snippet":"max-snippet:-1","max-image-preview":"max-image-preview:large","max-video-preview":"max-video-preview:-1"},"canonical":"https:\/\/www.nexoinformativo.mx\/index.php\/2025\/03\/20\/puerta-real-renovada-kuri-y-chepe-entregan-vialidades-rehabilitadas-para-mas-de-6-mil-habitantes\/","og_locale":"es_MX","og_type":"article","og_title":"Puerta Real renovada Kuri y Chepe entregan vialidades rehabilitadas para m\u00e1s de 6 mil habitantes | Nexo Informativo Santiago de Quer\u00e9taro","og_description":"Puerta Real renovada Kuri y Chepe entregan vialidades rehabilitadas para m\u00e1s de 6 mil habitantes","og_url":"https:\/\/www.nexoinformativo.mx\/index.php\/2025\/03\/20\/puerta-real-renovada-kuri-y-chepe-entregan-vialidades-rehabilitadas-para-mas-de-6-mil-habitantes\/","og_site_name":"Nexo Informativo Santiago de Quer\u00e9taro","article_publisher":"https:\/\/www.facebook.com\/people\/Nexo-Informativo\/61564066885511\/","article_published_time":"2025-03-20T13:00:43+00:00","article_modified_time":"2025-03-20T16:33:27+00:00","og_image":[{"width":800,"height":449,"url":"https:\/\/www.nexoinformativo.mx\/wp-content\/uploads\/2025\/03\/770dac2f-7225-4535-9a17-ac8b1c04b458-e1742488366407.jpg","type":"image\/jpeg"}],"author":"Nexo Informativo","twitter_card":"summary_large_image","twitter_misc":{"Escrito por":"Nexo Informativo","Tiempo de lectura":"2 minutos"},"schema":{"@context":"https:\/\/schema.org","@graph":[{"@type":"Article","@id":"https:\/\/www.nexoinformativo.mx\/index.php\/2025\/03\/20\/puerta-real-renovada-kuri-y-chepe-entregan-vialidades-rehabilitadas-para-mas-de-6-mil-habitantes\/#article","isPartOf":{"@id":"https:\/\/www.nexoinformativo.mx\/index.php\/2025\/03\/20\/puerta-real-renovada-kuri-y-chepe-entregan-vialidades-rehabilitadas-para-mas-de-6-mil-habitantes\/"},"author":{"name":"Nexo Informativo","@id":"https:\/\/www.nexoinformativo.mx\/#\/schema\/person\/7749d380ba08c8ca00d7bc76fd907b7d"},"headline":"Puerta Real renovada Kuri y Chepe entregan vialidades rehabilitadas para m\u00e1s de 6 mil habitantes","datePublished":"2025-03-20T13:00:43+00:00","dateModified":"2025-03-20T16:33:27+00:00","mainEntityOfPage":{"@id":"https:\/\/www.nexoinformativo.mx\/index.php\/2025\/03\/20\/puerta-real-renovada-kuri-y-chepe-entregan-vialidades-rehabilitadas-para-mas-de-6-mil-habitantes\/"},"wordCount":213,"commentCount":0,"publisher":{"@id":"https:\/\/www.nexoinformativo.mx\/#organization"},"image":{"@id":"https:\/\/www.nexoinformativo.mx\/index.php\/2025\/03\/20\/puerta-real-renovada-kuri-y-chepe-entregan-vialidades-rehabilitadas-para-mas-de-6-mil-habitantes\/#primaryimage"},"thumbnailUrl":"https:\/\/www.nexoinformativo.mx\/wp-content\/uploads\/2025\/03\/770dac2f-7225-4535-9a17-ac8b1c04b458-e1742488366407.jpg","keywords":["ChepeGuerrero","Corregidora","MauricioKuri","ObrasP\u00fablicas"],"articleSection":["Municipios","\u00daltima Hora"],"inLanguage":"es","potentialAction":[{"@type":"CommentAction","name":"Comment","target":["https:\/\/www.nexoinformativo.mx\/index.php\/2025\/03\/20\/puerta-real-renovada-kuri-y-chepe-entregan-vialidades-rehabilitadas-para-mas-de-6-mil-habitantes\/#respond"]}]},{"@type":"WebPage","@id":"https:\/\/www.nexoinformativo.mx\/index.php\/2025\/03\/20\/puerta-real-renovada-kuri-y-chepe-entregan-vialidades-rehabilitadas-para-mas-de-6-mil-habitantes\/","url":"https:\/\/www.nexoinformativo.mx\/index.php\/2025\/03\/20\/puerta-real-renovada-kuri-y-chepe-entregan-vialidades-rehabilitadas-para-mas-de-6-mil-habitantes\/","name":"Puerta Real renovada Kuri y Chepe entregan vialidades rehabilitadas para m\u00e1s de 6 mil habitantes | Nexo Informativo Santiago de Quer\u00e9taro","isPartOf":{"@id":"https:\/\/www.nexoinformativo.mx\/#website"},"primaryImageOfPage":{"@id":"https:\/\/www.nexoinformativo.mx\/index.php\/2025\/03\/20\/puerta-real-renovada-kuri-y-chepe-entregan-vialidades-rehabilitadas-para-mas-de-6-mil-habitantes\/#primaryimage"},"image":{"@id":"https:\/\/www.nexoinformativo.mx\/index.php\/2025\/03\/20\/puerta-real-renovada-kuri-y-chepe-entregan-vialidades-rehabilitadas-para-mas-de-6-mil-habitantes\/#primaryimage"},"thumbnailUrl":"https:\/\/www.nexoinformativo.mx\/wp-content\/uploads\/2025\/03\/770dac2f-7225-4535-9a17-ac8b1c04b458-e1742488366407.jpg","datePublished":"2025-03-20T13:00:43+00:00","dateModified":"2025-03-20T16:33:27+00:00","description":"Puerta Real renovada Kuri y Chepe entregan vialidades rehabilitadas para m\u00e1s de 6 mil habitantes","breadcrumb":{"@id":"https:\/\/www.nexoinformativo.mx\/index.php\/2025\/03\/20\/puerta-real-renovada-kuri-y-chepe-entregan-vialidades-rehabilitadas-para-mas-de-6-mil-habitantes\/#breadcrumb"},"inLanguage":"es","potentialAction":[{"@type":"ReadAction","target":["https:\/\/www.nexoinformativo.mx\/index.php\/2025\/03\/20\/puerta-real-renovada-kuri-y-chepe-entregan-vialidades-rehabilitadas-para-mas-de-6-mil-habitantes\/"]}]},{"@type":"ImageObject","inLanguage":"es","@id":"https:\/\/www.nexoinformativo.mx\/index.php\/2025\/03\/20\/puerta-real-renovada-kuri-y-chepe-entregan-vialidades-rehabilitadas-para-mas-de-6-mil-habitantes\/#primaryimage","url":"https:\/\/www.nexoinformativo.mx\/wp-content\/uploads\/2025\/03\/770dac2f-7225-4535-9a17-ac8b1c04b458-e1742488366407.jpg","contentUrl":"https:\/\/www.nexoinformativo.mx\/wp-content\/uploads\/2025\/03\/770dac2f-7225-4535-9a17-ac8b1c04b458-e1742488366407.jpg","width":800,"height":449},{"@type":"BreadcrumbList","@id":"https:\/\/www.nexoinformativo.mx\/index.php\/2025\/03\/20\/puerta-real-renovada-kuri-y-chepe-entregan-vialidades-rehabilitadas-para-mas-de-6-mil-habitantes\/#breadcrumb","itemListElement":[{"@type":"ListItem","position":1,"name":"Inicio","item":"https:\/\/www.nexoinformativo.mx\/"},{"@type":"ListItem","position":2,"name":"Puerta Real renovada Kuri y Chepe entregan vialidades rehabilitadas para m\u00e1s de 6 mil habitantes"}]},{"@type":"WebSite","@id":"https:\/\/www.nexoinformativo.mx\/#website","url":"https:\/\/www.nexoinformativo.mx\/","name":"Nexo Informativo Santiago de Quer\u00e9taro","description":"Explora NexoInformativo y convi\u00e9rtete en parte de una comunidad que valora el conocimiento y la verdad. Tu nexoinformativo es tu puente hacia una comprensi\u00f3n m\u00e1s profunda del mundo que te rodea.","publisher":{"@id":"https:\/\/www.nexoinformativo.mx\/#organization"},"potentialAction":[{"@type":"SearchAction","target":{"@type":"EntryPoint","urlTemplate":"https:\/\/www.nexoinformativo.mx\/?s={search_term_string}"},"query-input":{"@type":"PropertyValueSpecification","valueRequired":true,"valueName":"search_term_string"}}],"inLanguage":"es"},{"@type":"Organization","@id":"https:\/\/www.nexoinformativo.mx\/#organization","name":"Nexo Informativo Santiago de Quer\u00e9taro","url":"https:\/\/www.nexoinformativo.mx\/","logo":{"@type":"ImageObject","inLanguage":"es","@id":"https:\/\/www.nexoinformativo.mx\/#\/schema\/logo\/image\/","url":"https:\/\/www.nexoinformativo.mx\/wp-content\/uploads\/2024\/07\/nexoi-trasparente-2.png","contentUrl":"https:\/\/www.nexoinformativo.mx\/wp-content\/uploads\/2024\/07\/nexoi-trasparente-2.png","width":816,"height":339,"caption":"Nexo Informativo Santiago de Quer\u00e9taro"},"image":{"@id":"https:\/\/www.nexoinformativo.mx\/#\/schema\/logo\/image\/"},"sameAs":["https:\/\/www.facebook.com\/people\/Nexo-Informativo\/61564066885511\/"]},{"@type":"Person","@id":"https:\/\/www.nexoinformativo.mx\/#\/schema\/person\/7749d380ba08c8ca00d7bc76fd907b7d","name":"Nexo Informativo","image":{"@type":"ImageObject","inLanguage":"es","@id":"https:\/\/www.nexoinformativo.mx\/#\/schema\/person\/image\/","url":"https:\/\/secure.gravatar.com\/avatar\/dde2928154642a13d95f87ddf1ea9718fe2b46760a005c53e41ff5ad610704e6?s=96&d=mm&r=g","contentUrl":"https:\/\/secure.gravatar.com\/avatar\/dde2928154642a13d95f87ddf1ea9718fe2b46760a005c53e41ff5ad610704e6?s=96&d=mm&r=g","caption":"Nexo Informativo"},"url":"https:\/\/www.nexoinformativo.mx\/index.php\/author\/edicion\/"}]}},"_links":{"self":[{"href":"https:\/\/www.nexoinformativo.mx\/index.php\/wp-json\/wp\/v2\/posts\/13082","targetHints":{"allow":["GET"]}}],"collection":[{"href":"https:\/\/www.nexoinformativo.mx\/index.php\/wp-json\/wp\/v2\/posts"}],"about":[{"href":"https:\/\/www.nexoinformativo.mx\/index.php\/wp-json\/wp\/v2\/types\/post"}],"author":[{"embeddable":true,"href":"https:\/\/www.nexoinformativo.mx\/index.php\/wp-json\/wp\/v2\/users\/3"}],"replies":[{"embeddable":true,"href":"https:\/\/www.nexoinformativo.mx\/index.php\/wp-json\/wp\/v2\/comments?post=13082"}],"version-history":[{"count":3,"href":"https:\/\/www.nexoinformativo.mx\/index.php\/wp-json\/wp\/v2\/posts\/13082\/revisions"}],"predecessor-version":[{"id":13086,"href":"https:\/\/www.nexoinformativo.mx\/index.php\/wp-json\/wp\/v2\/posts\/13082\/revisions\/13086"}],"wp:featuredmedia":[{"embeddable":true,"href":"https:\/\/www.nexoinformativo.mx\/index.php\/wp-json\/wp\/v2\/media\/13083"}],"wp:attachment":[{"href":"https:\/\/www.nexoinformativo.mx\/index.php\/wp-json\/wp\/v2\/media?parent=13082"}],"wp:term":[{"taxonomy":"category","embeddable":true,"href":"https:\/\/www.nexoinformativo.mx\/index.php\/wp-json\/wp\/v2\/categories?post=13082"},{"taxonomy":"post_tag","embeddable":true,"href":"https:\/\/www.nexoinformativo.mx\/index.php\/wp-json\/wp\/v2\/tags?post=13082"}],"curies":[{"name":"wp","href":"https:\/\/api.w.org\/{rel}","templated":true}]}}