{"id":13087,"date":"2025-03-20T06:30:40","date_gmt":"2025-03-20T12:30:40","guid":{"rendered":"https:\/\/www.nexoinformativo.mx\/?p=13087"},"modified":"2025-03-20T11:30:46","modified_gmt":"2025-03-20T17:30:46","slug":"justicia-para-victimas-de-los-cantaritos-detienen-a-9-implicados-en-multihomicidio-y-otros-delitos-en-operativo","status":"publish","type":"post","link":"https:\/\/www.nexoinformativo.mx\/index.php\/2025\/03\/20\/justicia-para-victimas-de-los-cantaritos-detienen-a-9-implicados-en-multihomicidio-y-otros-delitos-en-operativo\/","title":{"rendered":"Justicia para v\u00edctimas de &#8220;Los Cantaritos&#8221; detienen a 9 implicados en multihomicidio y otros delitos en operativo"},"content":{"rendered":"<p style=\"text-align: justify;\" data-sourcepos=\"13:1-13:291\">En un operativo coordinado en Quer\u00e9taro, Guanajuato y Yucat\u00e1n, fuerzas federales y estatales detuvieron a 9 integrantes de un grupo delictivo vinculado con la masacre en el bar &#8220;Los Cantaritos&#8221; de Quer\u00e9taro, donde 10 personas perdieron la vida.<\/p>\n<p>&nbsp;<\/p>\n<p style=\"text-align: justify;\" data-sourcepos=\"15:1-15:390\">El secretario de Seguridad Ciudadana del Gobierno de M\u00e9xico, Omar Garc\u00eda Harfuch, inform\u00f3 que entre los detenidos se encuentran Jos\u00e9 Francisco \u201cN\u201d, alias \u201cAlfa 1\u201d, l\u00edder de la c\u00e9lula delictiva responsable del ataque al bar y de ordenar agresiones a grupos rivales y autoridades; y Sandra \u201cN\u201d, alias \u201cLa Patrona\u201d, enlace operativo y l\u00edder de c\u00e9lula, vinculada con la compra y venta de droga.<\/p>\n<p>v<\/p>\n<p style=\"text-align: justify;\" data-sourcepos=\"17:1-17:295\">La operaci\u00f3n, que incluy\u00f3 6 acciones simult\u00e1neas, fue resultado de trabajos de investigaci\u00f3n e inteligencia, y cont\u00f3 con la participaci\u00f3n de la Secretar\u00eda de la Defensa Nacional, la Secretar\u00eda de Marina, la Fiscal\u00eda General de la Rep\u00fablica, la Guardia Nacional y la Polic\u00eda Estatal de Quer\u00e9taro.<\/p>\n<p>&nbsp;<\/p>\n<p style=\"text-align: justify;\" data-sourcepos=\"19:1-19:151\">Las personas detenidas est\u00e1n vinculados con delitos como delincuencia organizada, secuestro, robo de hidrocarburo, venta de droga, ataques armados y homicidios.<\/p>\n<p>&nbsp;<\/p>\n<p style=\"text-align: justify;\" data-sourcepos=\"21:1-21:206\">Las detenciones se realizaron en cateos en domicilios ubicados en Quer\u00e9taro y Guanajuato, y en una acci\u00f3n operativa en Yucat\u00e1n. En los operativos se aseguraron drogas, armas, veh\u00edculos y dinero en efectivo.<\/p>\n<p>&nbsp;<\/p>\n<p style=\"text-align: center;\" data-sourcepos=\"21:1-21:206\"><em><strong>\u00a1Informaci\u00f3n que transforma!<\/strong><\/em><\/p>\n","protected":false},"excerpt":{"rendered":"<p>En un operativo coordinado y simult\u00e1neo en Quer\u00e9taro, Guanajuato y Yucat\u00e1n, fuerzas federales y estatales detuvieron a 9 integrantes de un grupo delictivo vinculado con la masacre en el bar &#8220;Los Cantaritos&#8221; de Quer\u00e9taro, donde 10 personas perdieron la vida.<\/p>\n","protected":false},"author":3,"featured_media":13113,"comment_status":"open","ping_status":"open","sticky":false,"template":"","format":"standard","meta":{"footnotes":""},"categories":[137,58],"tags":[1196,2154,242,1175],"class_list":["post-13087","post","type-post","status-publish","format-standard","has-post-thumbnail","hentry","category-sucesos","category-ultima-hora","tag-crimenorganizado","tag-loscantaritos","tag-queretaroseguro","tag-seguridadmexico"],"yoast_head":"<!-- This site is optimized with the Yoast SEO plugin v25.0 - https:\/\/yoast.com\/wordpress\/plugins\/seo\/ -->\n<title>Justicia para v\u00edctimas de &quot;Los Cantaritos&quot; detienen a 9 implicados en multihomicidio y otros delitos en operativo | Nexo Informativo Santiago de Quer\u00e9taro<\/title>\n<meta name=\"description\" content=\"Justicia para v\u00edctimas de &quot;Los Cantaritos&quot; detienen a 9 implicados en multihomicidio y otros delitos en operativo\" \/>\n<meta name=\"robots\" content=\"index, follow, max-snippet:-1, max-image-preview:large, max-video-preview:-1\" \/>\n<link rel=\"canonical\" href=\"https:\/\/www.nexoinformativo.mx\/index.php\/2025\/03\/20\/justicia-para-victimas-de-los-cantaritos-detienen-a-9-implicados-en-multihomicidio-y-otros-delitos-en-operativo\/\" \/>\n<meta property=\"og:locale\" content=\"es_MX\" \/>\n<meta property=\"og:type\" content=\"article\" \/>\n<meta property=\"og:title\" content=\"Justicia para v\u00edctimas de &quot;Los Cantaritos&quot; detienen a 9 implicados en multihomicidio y otros delitos en operativo | Nexo Informativo Santiago de Quer\u00e9taro\" \/>\n<meta property=\"og:description\" content=\"Justicia para v\u00edctimas de &quot;Los Cantaritos&quot; detienen a 9 implicados en multihomicidio y otros delitos en operativo\" \/>\n<meta property=\"og:url\" content=\"https:\/\/www.nexoinformativo.mx\/index.php\/2025\/03\/20\/justicia-para-victimas-de-los-cantaritos-detienen-a-9-implicados-en-multihomicidio-y-otros-delitos-en-operativo\/\" \/>\n<meta property=\"og:site_name\" content=\"Nexo Informativo Santiago de Quer\u00e9taro\" \/>\n<meta property=\"article:publisher\" content=\"https:\/\/www.facebook.com\/people\/Nexo-Informativo\/61564066885511\/\" \/>\n<meta property=\"article:published_time\" content=\"2025-03-20T12:30:40+00:00\" \/>\n<meta property=\"article:modified_time\" content=\"2025-03-20T17:30:46+00:00\" \/>\n<meta property=\"og:image\" content=\"https:\/\/www.nexoinformativo.mx\/wp-content\/uploads\/2025\/03\/IMG_1799.jpg\" \/>\n\t<meta property=\"og:image:width\" content=\"1170\" \/>\n\t<meta property=\"og:image:height\" content=\"652\" \/>\n\t<meta property=\"og:image:type\" content=\"image\/jpeg\" \/>\n<meta name=\"author\" content=\"Nexo Informativo\" \/>\n<meta name=\"twitter:card\" content=\"summary_large_image\" \/>\n<meta name=\"twitter:label1\" content=\"Escrito por\" \/>\n\t<meta name=\"twitter:data1\" content=\"Nexo Informativo\" \/>\n\t<meta name=\"twitter:label2\" content=\"Tiempo de lectura\" \/>\n\t<meta name=\"twitter:data2\" content=\"2 minutos\" \/>\n<script type=\"application\/ld+json\" class=\"yoast-schema-graph\">{\"@context\":\"https:\/\/schema.org\",\"@graph\":[{\"@type\":\"Article\",\"@id\":\"https:\/\/www.nexoinformativo.mx\/index.php\/2025\/03\/20\/justicia-para-victimas-de-los-cantaritos-detienen-a-9-implicados-en-multihomicidio-y-otros-delitos-en-operativo\/#article\",\"isPartOf\":{\"@id\":\"https:\/\/www.nexoinformativo.mx\/index.php\/2025\/03\/20\/justicia-para-victimas-de-los-cantaritos-detienen-a-9-implicados-en-multihomicidio-y-otros-delitos-en-operativo\/\"},\"author\":{\"name\":\"Nexo Informativo\",\"@id\":\"https:\/\/www.nexoinformativo.mx\/#\/schema\/person\/7749d380ba08c8ca00d7bc76fd907b7d\"},\"headline\":\"Justicia para v\u00edctimas de &#8220;Los Cantaritos&#8221; detienen a 9 implicados en multihomicidio y otros delitos en operativo\",\"datePublished\":\"2025-03-20T12:30:40+00:00\",\"dateModified\":\"2025-03-20T17:30:46+00:00\",\"mainEntityOfPage\":{\"@id\":\"https:\/\/www.nexoinformativo.mx\/index.php\/2025\/03\/20\/justicia-para-victimas-de-los-cantaritos-detienen-a-9-implicados-en-multihomicidio-y-otros-delitos-en-operativo\/\"},\"wordCount\":247,\"commentCount\":0,\"publisher\":{\"@id\":\"https:\/\/www.nexoinformativo.mx\/#organization\"},\"image\":{\"@id\":\"https:\/\/www.nexoinformativo.mx\/index.php\/2025\/03\/20\/justicia-para-victimas-de-los-cantaritos-detienen-a-9-implicados-en-multihomicidio-y-otros-delitos-en-operativo\/#primaryimage\"},\"thumbnailUrl\":\"https:\/\/www.nexoinformativo.mx\/wp-content\/uploads\/2025\/03\/IMG_1799.jpg\",\"keywords\":[\"CrimenOrganizado\",\"LosCantaritos\",\"QueretaroSeguro\",\"SeguridadM\u00e9xico\"],\"articleSection\":[\"Sucesos\",\"\u00daltima Hora\"],\"inLanguage\":\"es\",\"potentialAction\":[{\"@type\":\"CommentAction\",\"name\":\"Comment\",\"target\":[\"https:\/\/www.nexoinformativo.mx\/index.php\/2025\/03\/20\/justicia-para-victimas-de-los-cantaritos-detienen-a-9-implicados-en-multihomicidio-y-otros-delitos-en-operativo\/#respond\"]}]},{\"@type\":\"WebPage\",\"@id\":\"https:\/\/www.nexoinformativo.mx\/index.php\/2025\/03\/20\/justicia-para-victimas-de-los-cantaritos-detienen-a-9-implicados-en-multihomicidio-y-otros-delitos-en-operativo\/\",\"url\":\"https:\/\/www.nexoinformativo.mx\/index.php\/2025\/03\/20\/justicia-para-victimas-de-los-cantaritos-detienen-a-9-implicados-en-multihomicidio-y-otros-delitos-en-operativo\/\",\"name\":\"Justicia para v\u00edctimas de \\\"Los Cantaritos\\\" detienen a 9 implicados en multihomicidio y otros delitos en operativo | Nexo Informativo Santiago de Quer\u00e9taro\",\"isPartOf\":{\"@id\":\"https:\/\/www.nexoinformativo.mx\/#website\"},\"primaryImageOfPage\":{\"@id\":\"https:\/\/www.nexoinformativo.mx\/index.php\/2025\/03\/20\/justicia-para-victimas-de-los-cantaritos-detienen-a-9-implicados-en-multihomicidio-y-otros-delitos-en-operativo\/#primaryimage\"},\"image\":{\"@id\":\"https:\/\/www.nexoinformativo.mx\/index.php\/2025\/03\/20\/justicia-para-victimas-de-los-cantaritos-detienen-a-9-implicados-en-multihomicidio-y-otros-delitos-en-operativo\/#primaryimage\"},\"thumbnailUrl\":\"https:\/\/www.nexoinformativo.mx\/wp-content\/uploads\/2025\/03\/IMG_1799.jpg\",\"datePublished\":\"2025-03-20T12:30:40+00:00\",\"dateModified\":\"2025-03-20T17:30:46+00:00\",\"description\":\"Justicia para v\u00edctimas de \\\"Los Cantaritos\\\" detienen a 9 implicados en multihomicidio y otros delitos en operativo\",\"breadcrumb\":{\"@id\":\"https:\/\/www.nexoinformativo.mx\/index.php\/2025\/03\/20\/justicia-para-victimas-de-los-cantaritos-detienen-a-9-implicados-en-multihomicidio-y-otros-delitos-en-operativo\/#breadcrumb\"},\"inLanguage\":\"es\",\"potentialAction\":[{\"@type\":\"ReadAction\",\"target\":[\"https:\/\/www.nexoinformativo.mx\/index.php\/2025\/03\/20\/justicia-para-victimas-de-los-cantaritos-detienen-a-9-implicados-en-multihomicidio-y-otros-delitos-en-operativo\/\"]}]},{\"@type\":\"ImageObject\",\"inLanguage\":\"es\",\"@id\":\"https:\/\/www.nexoinformativo.mx\/index.php\/2025\/03\/20\/justicia-para-victimas-de-los-cantaritos-detienen-a-9-implicados-en-multihomicidio-y-otros-delitos-en-operativo\/#primaryimage\",\"url\":\"https:\/\/www.nexoinformativo.mx\/wp-content\/uploads\/2025\/03\/IMG_1799.jpg\",\"contentUrl\":\"https:\/\/www.nexoinformativo.mx\/wp-content\/uploads\/2025\/03\/IMG_1799.jpg\",\"width\":1170,\"height\":652,\"caption\":\"Screenshot\"},{\"@type\":\"BreadcrumbList\",\"@id\":\"https:\/\/www.nexoinformativo.mx\/index.php\/2025\/03\/20\/justicia-para-victimas-de-los-cantaritos-detienen-a-9-implicados-en-multihomicidio-y-otros-delitos-en-operativo\/#breadcrumb\",\"itemListElement\":[{\"@type\":\"ListItem\",\"position\":1,\"name\":\"Inicio\",\"item\":\"https:\/\/www.nexoinformativo.mx\/\"},{\"@type\":\"ListItem\",\"position\":2,\"name\":\"Justicia para v\u00edctimas de &#8220;Los Cantaritos&#8221; detienen a 9 implicados en multihomicidio y otros delitos en operativo\"}]},{\"@type\":\"WebSite\",\"@id\":\"https:\/\/www.nexoinformativo.mx\/#website\",\"url\":\"https:\/\/www.nexoinformativo.mx\/\",\"name\":\"Nexo Informativo Santiago de Quer\u00e9taro\",\"description\":\"Explora NexoInformativo y convi\u00e9rtete en parte de una comunidad que valora el conocimiento y la verdad. Tu nexoinformativo es tu puente hacia una comprensi\u00f3n m\u00e1s profunda del mundo que te rodea.\",\"publisher\":{\"@id\":\"https:\/\/www.nexoinformativo.mx\/#organization\"},\"potentialAction\":[{\"@type\":\"SearchAction\",\"target\":{\"@type\":\"EntryPoint\",\"urlTemplate\":\"https:\/\/www.nexoinformativo.mx\/?s={search_term_string}\"},\"query-input\":{\"@type\":\"PropertyValueSpecification\",\"valueRequired\":true,\"valueName\":\"search_term_string\"}}],\"inLanguage\":\"es\"},{\"@type\":\"Organization\",\"@id\":\"https:\/\/www.nexoinformativo.mx\/#organization\",\"name\":\"Nexo Informativo Santiago de Quer\u00e9taro\",\"url\":\"https:\/\/www.nexoinformativo.mx\/\",\"logo\":{\"@type\":\"ImageObject\",\"inLanguage\":\"es\",\"@id\":\"https:\/\/www.nexoinformativo.mx\/#\/schema\/logo\/image\/\",\"url\":\"https:\/\/www.nexoinformativo.mx\/wp-content\/uploads\/2024\/07\/nexoi-trasparente-2.png\",\"contentUrl\":\"https:\/\/www.nexoinformativo.mx\/wp-content\/uploads\/2024\/07\/nexoi-trasparente-2.png\",\"width\":816,\"height\":339,\"caption\":\"Nexo Informativo Santiago de Quer\u00e9taro\"},\"image\":{\"@id\":\"https:\/\/www.nexoinformativo.mx\/#\/schema\/logo\/image\/\"},\"sameAs\":[\"https:\/\/www.facebook.com\/people\/Nexo-Informativo\/61564066885511\/\"]},{\"@type\":\"Person\",\"@id\":\"https:\/\/www.nexoinformativo.mx\/#\/schema\/person\/7749d380ba08c8ca00d7bc76fd907b7d\",\"name\":\"Nexo Informativo\",\"image\":{\"@type\":\"ImageObject\",\"inLanguage\":\"es\",\"@id\":\"https:\/\/www.nexoinformativo.mx\/#\/schema\/person\/image\/\",\"url\":\"https:\/\/secure.gravatar.com\/avatar\/dde2928154642a13d95f87ddf1ea9718fe2b46760a005c53e41ff5ad610704e6?s=96&d=mm&r=g\",\"contentUrl\":\"https:\/\/secure.gravatar.com\/avatar\/dde2928154642a13d95f87ddf1ea9718fe2b46760a005c53e41ff5ad610704e6?s=96&d=mm&r=g\",\"caption\":\"Nexo Informativo\"},\"url\":\"https:\/\/www.nexoinformativo.mx\/index.php\/author\/edicion\/\"}]}<\/script>\n<!-- \/ Yoast SEO plugin. -->","yoast_head_json":{"title":"Justicia para v\u00edctimas de \"Los Cantaritos\" detienen a 9 implicados en multihomicidio y otros delitos en operativo | Nexo Informativo Santiago de Quer\u00e9taro","description":"Justicia para v\u00edctimas de \"Los Cantaritos\" detienen a 9 implicados en multihomicidio y otros delitos en operativo","robots":{"index":"index","follow":"follow","max-snippet":"max-snippet:-1","max-image-preview":"max-image-preview:large","max-video-preview":"max-video-preview:-1"},"canonical":"https:\/\/www.nexoinformativo.mx\/index.php\/2025\/03\/20\/justicia-para-victimas-de-los-cantaritos-detienen-a-9-implicados-en-multihomicidio-y-otros-delitos-en-operativo\/","og_locale":"es_MX","og_type":"article","og_title":"Justicia para v\u00edctimas de \"Los Cantaritos\" detienen a 9 implicados en multihomicidio y otros delitos en operativo | Nexo Informativo Santiago de Quer\u00e9taro","og_description":"Justicia para v\u00edctimas de \"Los Cantaritos\" detienen a 9 implicados en multihomicidio y otros delitos en operativo","og_url":"https:\/\/www.nexoinformativo.mx\/index.php\/2025\/03\/20\/justicia-para-victimas-de-los-cantaritos-detienen-a-9-implicados-en-multihomicidio-y-otros-delitos-en-operativo\/","og_site_name":"Nexo Informativo Santiago de Quer\u00e9taro","article_publisher":"https:\/\/www.facebook.com\/people\/Nexo-Informativo\/61564066885511\/","article_published_time":"2025-03-20T12:30:40+00:00","article_modified_time":"2025-03-20T17:30:46+00:00","og_image":[{"width":1170,"height":652,"url":"https:\/\/www.nexoinformativo.mx\/wp-content\/uploads\/2025\/03\/IMG_1799.jpg","type":"image\/jpeg"}],"author":"Nexo Informativo","twitter_card":"summary_large_image","twitter_misc":{"Escrito por":"Nexo Informativo","Tiempo de lectura":"2 minutos"},"schema":{"@context":"https:\/\/schema.org","@graph":[{"@type":"Article","@id":"https:\/\/www.nexoinformativo.mx\/index.php\/2025\/03\/20\/justicia-para-victimas-de-los-cantaritos-detienen-a-9-implicados-en-multihomicidio-y-otros-delitos-en-operativo\/#article","isPartOf":{"@id":"https:\/\/www.nexoinformativo.mx\/index.php\/2025\/03\/20\/justicia-para-victimas-de-los-cantaritos-detienen-a-9-implicados-en-multihomicidio-y-otros-delitos-en-operativo\/"},"author":{"name":"Nexo Informativo","@id":"https:\/\/www.nexoinformativo.mx\/#\/schema\/person\/7749d380ba08c8ca00d7bc76fd907b7d"},"headline":"Justicia para v\u00edctimas de &#8220;Los Cantaritos&#8221; detienen a 9 implicados en multihomicidio y otros delitos en operativo","datePublished":"2025-03-20T12:30:40+00:00","dateModified":"2025-03-20T17:30:46+00:00","mainEntityOfPage":{"@id":"https:\/\/www.nexoinformativo.mx\/index.php\/2025\/03\/20\/justicia-para-victimas-de-los-cantaritos-detienen-a-9-implicados-en-multihomicidio-y-otros-delitos-en-operativo\/"},"wordCount":247,"commentCount":0,"publisher":{"@id":"https:\/\/www.nexoinformativo.mx\/#organization"},"image":{"@id":"https:\/\/www.nexoinformativo.mx\/index.php\/2025\/03\/20\/justicia-para-victimas-de-los-cantaritos-detienen-a-9-implicados-en-multihomicidio-y-otros-delitos-en-operativo\/#primaryimage"},"thumbnailUrl":"https:\/\/www.nexoinformativo.mx\/wp-content\/uploads\/2025\/03\/IMG_1799.jpg","keywords":["CrimenOrganizado","LosCantaritos","QueretaroSeguro","SeguridadM\u00e9xico"],"articleSection":["Sucesos","\u00daltima Hora"],"inLanguage":"es","potentialAction":[{"@type":"CommentAction","name":"Comment","target":["https:\/\/www.nexoinformativo.mx\/index.php\/2025\/03\/20\/justicia-para-victimas-de-los-cantaritos-detienen-a-9-implicados-en-multihomicidio-y-otros-delitos-en-operativo\/#respond"]}]},{"@type":"WebPage","@id":"https:\/\/www.nexoinformativo.mx\/index.php\/2025\/03\/20\/justicia-para-victimas-de-los-cantaritos-detienen-a-9-implicados-en-multihomicidio-y-otros-delitos-en-operativo\/","url":"https:\/\/www.nexoinformativo.mx\/index.php\/2025\/03\/20\/justicia-para-victimas-de-los-cantaritos-detienen-a-9-implicados-en-multihomicidio-y-otros-delitos-en-operativo\/","name":"Justicia para v\u00edctimas de \"Los Cantaritos\" detienen a 9 implicados en multihomicidio y otros delitos en operativo | Nexo Informativo Santiago de Quer\u00e9taro","isPartOf":{"@id":"https:\/\/www.nexoinformativo.mx\/#website"},"primaryImageOfPage":{"@id":"https:\/\/www.nexoinformativo.mx\/index.php\/2025\/03\/20\/justicia-para-victimas-de-los-cantaritos-detienen-a-9-implicados-en-multihomicidio-y-otros-delitos-en-operativo\/#primaryimage"},"image":{"@id":"https:\/\/www.nexoinformativo.mx\/index.php\/2025\/03\/20\/justicia-para-victimas-de-los-cantaritos-detienen-a-9-implicados-en-multihomicidio-y-otros-delitos-en-operativo\/#primaryimage"},"thumbnailUrl":"https:\/\/www.nexoinformativo.mx\/wp-content\/uploads\/2025\/03\/IMG_1799.jpg","datePublished":"2025-03-20T12:30:40+00:00","dateModified":"2025-03-20T17:30:46+00:00","description":"Justicia para v\u00edctimas de \"Los Cantaritos\" detienen a 9 implicados en multihomicidio y otros delitos en operativo","breadcrumb":{"@id":"https:\/\/www.nexoinformativo.mx\/index.php\/2025\/03\/20\/justicia-para-victimas-de-los-cantaritos-detienen-a-9-implicados-en-multihomicidio-y-otros-delitos-en-operativo\/#breadcrumb"},"inLanguage":"es","potentialAction":[{"@type":"ReadAction","target":["https:\/\/www.nexoinformativo.mx\/index.php\/2025\/03\/20\/justicia-para-victimas-de-los-cantaritos-detienen-a-9-implicados-en-multihomicidio-y-otros-delitos-en-operativo\/"]}]},{"@type":"ImageObject","inLanguage":"es","@id":"https:\/\/www.nexoinformativo.mx\/index.php\/2025\/03\/20\/justicia-para-victimas-de-los-cantaritos-detienen-a-9-implicados-en-multihomicidio-y-otros-delitos-en-operativo\/#primaryimage","url":"https:\/\/www.nexoinformativo.mx\/wp-content\/uploads\/2025\/03\/IMG_1799.jpg","contentUrl":"https:\/\/www.nexoinformativo.mx\/wp-content\/uploads\/2025\/03\/IMG_1799.jpg","width":1170,"height":652,"caption":"Screenshot"},{"@type":"BreadcrumbList","@id":"https:\/\/www.nexoinformativo.mx\/index.php\/2025\/03\/20\/justicia-para-victimas-de-los-cantaritos-detienen-a-9-implicados-en-multihomicidio-y-otros-delitos-en-operativo\/#breadcrumb","itemListElement":[{"@type":"ListItem","position":1,"name":"Inicio","item":"https:\/\/www.nexoinformativo.mx\/"},{"@type":"ListItem","position":2,"name":"Justicia para v\u00edctimas de &#8220;Los Cantaritos&#8221; detienen a 9 implicados en multihomicidio y otros delitos en operativo"}]},{"@type":"WebSite","@id":"https:\/\/www.nexoinformativo.mx\/#website","url":"https:\/\/www.nexoinformativo.mx\/","name":"Nexo Informativo Santiago de Quer\u00e9taro","description":"Explora NexoInformativo y convi\u00e9rtete en parte de una comunidad que valora el conocimiento y la verdad. Tu nexoinformativo es tu puente hacia una comprensi\u00f3n m\u00e1s profunda del mundo que te rodea.","publisher":{"@id":"https:\/\/www.nexoinformativo.mx\/#organization"},"potentialAction":[{"@type":"SearchAction","target":{"@type":"EntryPoint","urlTemplate":"https:\/\/www.nexoinformativo.mx\/?s={search_term_string}"},"query-input":{"@type":"PropertyValueSpecification","valueRequired":true,"valueName":"search_term_string"}}],"inLanguage":"es"},{"@type":"Organization","@id":"https:\/\/www.nexoinformativo.mx\/#organization","name":"Nexo Informativo Santiago de Quer\u00e9taro","url":"https:\/\/www.nexoinformativo.mx\/","logo":{"@type":"ImageObject","inLanguage":"es","@id":"https:\/\/www.nexoinformativo.mx\/#\/schema\/logo\/image\/","url":"https:\/\/www.nexoinformativo.mx\/wp-content\/uploads\/2024\/07\/nexoi-trasparente-2.png","contentUrl":"https:\/\/www.nexoinformativo.mx\/wp-content\/uploads\/2024\/07\/nexoi-trasparente-2.png","width":816,"height":339,"caption":"Nexo Informativo Santiago de Quer\u00e9taro"},"image":{"@id":"https:\/\/www.nexoinformativo.mx\/#\/schema\/logo\/image\/"},"sameAs":["https:\/\/www.facebook.com\/people\/Nexo-Informativo\/61564066885511\/"]},{"@type":"Person","@id":"https:\/\/www.nexoinformativo.mx\/#\/schema\/person\/7749d380ba08c8ca00d7bc76fd907b7d","name":"Nexo Informativo","image":{"@type":"ImageObject","inLanguage":"es","@id":"https:\/\/www.nexoinformativo.mx\/#\/schema\/person\/image\/","url":"https:\/\/secure.gravatar.com\/avatar\/dde2928154642a13d95f87ddf1ea9718fe2b46760a005c53e41ff5ad610704e6?s=96&d=mm&r=g","contentUrl":"https:\/\/secure.gravatar.com\/avatar\/dde2928154642a13d95f87ddf1ea9718fe2b46760a005c53e41ff5ad610704e6?s=96&d=mm&r=g","caption":"Nexo Informativo"},"url":"https:\/\/www.nexoinformativo.mx\/index.php\/author\/edicion\/"}]}},"_links":{"self":[{"href":"https:\/\/www.nexoinformativo.mx\/index.php\/wp-json\/wp\/v2\/posts\/13087","targetHints":{"allow":["GET"]}}],"collection":[{"href":"https:\/\/www.nexoinformativo.mx\/index.php\/wp-json\/wp\/v2\/posts"}],"about":[{"href":"https:\/\/www.nexoinformativo.mx\/index.php\/wp-json\/wp\/v2\/types\/post"}],"author":[{"embeddable":true,"href":"https:\/\/www.nexoinformativo.mx\/index.php\/wp-json\/wp\/v2\/users\/3"}],"replies":[{"embeddable":true,"href":"https:\/\/www.nexoinformativo.mx\/index.php\/wp-json\/wp\/v2\/comments?post=13087"}],"version-history":[{"count":5,"href":"https:\/\/www.nexoinformativo.mx\/index.php\/wp-json\/wp\/v2\/posts\/13087\/revisions"}],"predecessor-version":[{"id":13090,"href":"https:\/\/www.nexoinformativo.mx\/index.php\/wp-json\/wp\/v2\/posts\/13087\/revisions\/13090"}],"wp:featuredmedia":[{"embeddable":true,"href":"https:\/\/www.nexoinformativo.mx\/index.php\/wp-json\/wp\/v2\/media\/13113"}],"wp:attachment":[{"href":"https:\/\/www.nexoinformativo.mx\/index.php\/wp-json\/wp\/v2\/media?parent=13087"}],"wp:term":[{"taxonomy":"category","embeddable":true,"href":"https:\/\/www.nexoinformativo.mx\/index.php\/wp-json\/wp\/v2\/categories?post=13087"},{"taxonomy":"post_tag","embeddable":true,"href":"https:\/\/www.nexoinformativo.mx\/index.php\/wp-json\/wp\/v2\/tags?post=13087"}],"curies":[{"name":"wp","href":"https:\/\/api.w.org\/{rel}","templated":true}]}}