{"id":13094,"date":"2025-03-20T07:30:19","date_gmt":"2025-03-20T13:30:19","guid":{"rendered":"https:\/\/www.nexoinformativo.mx\/?p=13094"},"modified":"2025-03-20T10:50:49","modified_gmt":"2025-03-20T16:50:49","slug":"se-traza-la-ruta-del-camaron-mexicano-en-el-foro-nacional-debate-el-presente-y-futuro-de-la-industria","status":"publish","type":"post","link":"https:\/\/www.nexoinformativo.mx\/index.php\/2025\/03\/20\/se-traza-la-ruta-del-camaron-mexicano-en-el-foro-nacional-debate-el-presente-y-futuro-de-la-industria\/","title":{"rendered":"Se traza la ruta del camar\u00f3n mexicano en el Foro nacional debate el presente y futuro de la industria"},"content":{"rendered":"<p style=\"text-align: justify;\" data-sourcepos=\"13:1-13:248\">Con el objetivo de analizar la situaci\u00f3n actual y los desaf\u00edos futuros de la industria camaronera en M\u00e9xico, especialistas de la pesca y la acuacultura se reunieron en el foro nacional &#8220;<strong>El futuro del Camar\u00f3n Mexicano&#8221;<\/strong>.<\/p>\n<p>&nbsp;<\/p>\n<p style=\"text-align: justify;\" data-sourcepos=\"15:1-15:332\">El evento, organizado por la Secretar\u00eda de Agricultura y Desarrollo Rural (AGRICULTURA) a trav\u00e9s de la Comisi\u00f3n Nacional de Acuacultura y Pesca (Conapesca), busc\u00f3 establecer una ruta de trabajo que permita fortalecer la soberan\u00eda alimentaria del pa\u00eds y mejorar las condiciones de las comunidades costeras dedicadas a esta actividad.<\/p>\n<p>&nbsp;<\/p>\n<p style=\"text-align: justify;\" data-sourcepos=\"17:1-17:219\">Durante dos d\u00edas, representantes de organizaciones de pescadores y acuicultores, instituciones gubernamentales, el poder Legislativo, empresarios e investigadores analizaron la situaci\u00f3n del sector camaronero en M\u00e9xico.<\/p>\n<p>&nbsp;<\/p>\n<p style=\"text-align: justify;\" data-sourcepos=\"19:1-19:267\">Entre los temas abordados, destacaron la importancia del camar\u00f3n mexicano por su calidad y su contribuci\u00f3n a la econom\u00eda nacional, as\u00ed como los desaf\u00edos que enfrenta la industria, como la falta de organizaci\u00f3n, la pesca no regulada y los efectos del cambio clim\u00e1tico.<\/p>\n<p>&nbsp;<\/p>\n<p style=\"text-align: justify;\" data-sourcepos=\"21:1-21:228\">Como resultado del foro, se propusieron diversas medidas para fortalecer el sector, como la creaci\u00f3n de comit\u00e9s consultivos de pesca por regi\u00f3n, la creaci\u00f3n de una red nacional de investigaci\u00f3n y la revisi\u00f3n del marco normativo.<\/p>\n<p>&nbsp;<\/p>\n<p style=\"text-align: center;\" data-sourcepos=\"21:1-21:228\"><em><strong>\u00a1Informaci\u00f3n que transforma!<\/strong><\/em><\/p>\n","protected":false},"excerpt":{"rendered":"<p>Con el objetivo de analizar la situaci\u00f3n actual y los desaf\u00edos futuros de la industria camaronera en M\u00e9xico, especialistas de la pesca y la acuacultura se reunieron en el foro nacional &#8220;El futuro del Camar\u00f3n Mexicano&#8221;.<\/p>\n","protected":false},"author":3,"featured_media":13096,"comment_status":"open","ping_status":"open","sticky":false,"template":"","format":"standard","meta":{"footnotes":""},"categories":[5,88,58],"tags":[3546,3834,3835,1206],"class_list":["post-13094","post","type-post","status-publish","format-standard","has-post-thumbnail","hentry","category-economia","category-nacional","category-ultima-hora","tag-agriculturamexico","tag-camaronmexicano","tag-pescasustentable","tag-soberaniaalimentaria"],"yoast_head":"<!-- This site is optimized with the Yoast SEO plugin v25.0 - https:\/\/yoast.com\/wordpress\/plugins\/seo\/ -->\n<title>Se traza la ruta del camar\u00f3n mexicano en el Foro nacional debate el presente y futuro de la industria | Nexo Informativo Santiago de Quer\u00e9taro<\/title>\n<meta name=\"description\" content=\"Se traza la ruta del camar\u00f3n mexicano en el Foro nacional debate el presente y futuro de la industria\" \/>\n<meta name=\"robots\" content=\"index, follow, max-snippet:-1, max-image-preview:large, max-video-preview:-1\" \/>\n<link rel=\"canonical\" href=\"https:\/\/www.nexoinformativo.mx\/index.php\/2025\/03\/20\/se-traza-la-ruta-del-camaron-mexicano-en-el-foro-nacional-debate-el-presente-y-futuro-de-la-industria\/\" \/>\n<meta property=\"og:locale\" content=\"es_MX\" \/>\n<meta property=\"og:type\" content=\"article\" \/>\n<meta property=\"og:title\" content=\"Se traza la ruta del camar\u00f3n mexicano en el Foro nacional debate el presente y futuro de la industria | Nexo Informativo Santiago de Quer\u00e9taro\" \/>\n<meta property=\"og:description\" content=\"Se traza la ruta del camar\u00f3n mexicano en el Foro nacional debate el presente y futuro de la industria\" \/>\n<meta property=\"og:url\" content=\"https:\/\/www.nexoinformativo.mx\/index.php\/2025\/03\/20\/se-traza-la-ruta-del-camaron-mexicano-en-el-foro-nacional-debate-el-presente-y-futuro-de-la-industria\/\" \/>\n<meta property=\"og:site_name\" content=\"Nexo Informativo Santiago de Quer\u00e9taro\" \/>\n<meta property=\"article:publisher\" content=\"https:\/\/www.facebook.com\/people\/Nexo-Informativo\/61564066885511\/\" \/>\n<meta property=\"article:published_time\" content=\"2025-03-20T13:30:19+00:00\" \/>\n<meta property=\"article:modified_time\" content=\"2025-03-20T16:50:49+00:00\" \/>\n<meta property=\"og:image\" content=\"https:\/\/www.nexoinformativo.mx\/wp-content\/uploads\/2025\/03\/IMG_1794-e1742489394314.jpg\" \/>\n\t<meta property=\"og:image:width\" content=\"800\" \/>\n\t<meta property=\"og:image:height\" content=\"626\" \/>\n\t<meta property=\"og:image:type\" content=\"image\/jpeg\" \/>\n<meta name=\"author\" content=\"Nexo Informativo\" \/>\n<meta name=\"twitter:card\" content=\"summary_large_image\" \/>\n<meta name=\"twitter:label1\" content=\"Escrito por\" \/>\n\t<meta name=\"twitter:data1\" content=\"Nexo Informativo\" \/>\n\t<meta name=\"twitter:label2\" content=\"Tiempo de lectura\" \/>\n\t<meta name=\"twitter:data2\" content=\"2 minutos\" \/>\n<script type=\"application\/ld+json\" class=\"yoast-schema-graph\">{\"@context\":\"https:\/\/schema.org\",\"@graph\":[{\"@type\":\"Article\",\"@id\":\"https:\/\/www.nexoinformativo.mx\/index.php\/2025\/03\/20\/se-traza-la-ruta-del-camaron-mexicano-en-el-foro-nacional-debate-el-presente-y-futuro-de-la-industria\/#article\",\"isPartOf\":{\"@id\":\"https:\/\/www.nexoinformativo.mx\/index.php\/2025\/03\/20\/se-traza-la-ruta-del-camaron-mexicano-en-el-foro-nacional-debate-el-presente-y-futuro-de-la-industria\/\"},\"author\":{\"name\":\"Nexo Informativo\",\"@id\":\"https:\/\/www.nexoinformativo.mx\/#\/schema\/person\/7749d380ba08c8ca00d7bc76fd907b7d\"},\"headline\":\"Se traza la ruta del camar\u00f3n mexicano en el Foro nacional debate el presente y futuro de la industria\",\"datePublished\":\"2025-03-20T13:30:19+00:00\",\"dateModified\":\"2025-03-20T16:50:49+00:00\",\"mainEntityOfPage\":{\"@id\":\"https:\/\/www.nexoinformativo.mx\/index.php\/2025\/03\/20\/se-traza-la-ruta-del-camaron-mexicano-en-el-foro-nacional-debate-el-presente-y-futuro-de-la-industria\/\"},\"wordCount\":243,\"commentCount\":0,\"publisher\":{\"@id\":\"https:\/\/www.nexoinformativo.mx\/#organization\"},\"image\":{\"@id\":\"https:\/\/www.nexoinformativo.mx\/index.php\/2025\/03\/20\/se-traza-la-ruta-del-camaron-mexicano-en-el-foro-nacional-debate-el-presente-y-futuro-de-la-industria\/#primaryimage\"},\"thumbnailUrl\":\"https:\/\/www.nexoinformativo.mx\/wp-content\/uploads\/2025\/03\/IMG_1794-e1742489394314.jpg\",\"keywords\":[\"AgriculturaM\u00e9xico\",\"Camar\u00f3nMexicano\",\"PescaSustentable\",\"SoberaniaAlimentaria\"],\"articleSection\":[\"Econom\u00eda\",\"Nacional\",\"\u00daltima Hora\"],\"inLanguage\":\"es\",\"potentialAction\":[{\"@type\":\"CommentAction\",\"name\":\"Comment\",\"target\":[\"https:\/\/www.nexoinformativo.mx\/index.php\/2025\/03\/20\/se-traza-la-ruta-del-camaron-mexicano-en-el-foro-nacional-debate-el-presente-y-futuro-de-la-industria\/#respond\"]}]},{\"@type\":\"WebPage\",\"@id\":\"https:\/\/www.nexoinformativo.mx\/index.php\/2025\/03\/20\/se-traza-la-ruta-del-camaron-mexicano-en-el-foro-nacional-debate-el-presente-y-futuro-de-la-industria\/\",\"url\":\"https:\/\/www.nexoinformativo.mx\/index.php\/2025\/03\/20\/se-traza-la-ruta-del-camaron-mexicano-en-el-foro-nacional-debate-el-presente-y-futuro-de-la-industria\/\",\"name\":\"Se traza la ruta del camar\u00f3n mexicano en el Foro nacional debate el presente y futuro de la industria | Nexo Informativo Santiago de Quer\u00e9taro\",\"isPartOf\":{\"@id\":\"https:\/\/www.nexoinformativo.mx\/#website\"},\"primaryImageOfPage\":{\"@id\":\"https:\/\/www.nexoinformativo.mx\/index.php\/2025\/03\/20\/se-traza-la-ruta-del-camaron-mexicano-en-el-foro-nacional-debate-el-presente-y-futuro-de-la-industria\/#primaryimage\"},\"image\":{\"@id\":\"https:\/\/www.nexoinformativo.mx\/index.php\/2025\/03\/20\/se-traza-la-ruta-del-camaron-mexicano-en-el-foro-nacional-debate-el-presente-y-futuro-de-la-industria\/#primaryimage\"},\"thumbnailUrl\":\"https:\/\/www.nexoinformativo.mx\/wp-content\/uploads\/2025\/03\/IMG_1794-e1742489394314.jpg\",\"datePublished\":\"2025-03-20T13:30:19+00:00\",\"dateModified\":\"2025-03-20T16:50:49+00:00\",\"description\":\"Se traza la ruta del camar\u00f3n mexicano en el Foro nacional debate el presente y futuro de la industria\",\"breadcrumb\":{\"@id\":\"https:\/\/www.nexoinformativo.mx\/index.php\/2025\/03\/20\/se-traza-la-ruta-del-camaron-mexicano-en-el-foro-nacional-debate-el-presente-y-futuro-de-la-industria\/#breadcrumb\"},\"inLanguage\":\"es\",\"potentialAction\":[{\"@type\":\"ReadAction\",\"target\":[\"https:\/\/www.nexoinformativo.mx\/index.php\/2025\/03\/20\/se-traza-la-ruta-del-camaron-mexicano-en-el-foro-nacional-debate-el-presente-y-futuro-de-la-industria\/\"]}]},{\"@type\":\"ImageObject\",\"inLanguage\":\"es\",\"@id\":\"https:\/\/www.nexoinformativo.mx\/index.php\/2025\/03\/20\/se-traza-la-ruta-del-camaron-mexicano-en-el-foro-nacional-debate-el-presente-y-futuro-de-la-industria\/#primaryimage\",\"url\":\"https:\/\/www.nexoinformativo.mx\/wp-content\/uploads\/2025\/03\/IMG_1794-e1742489394314.jpg\",\"contentUrl\":\"https:\/\/www.nexoinformativo.mx\/wp-content\/uploads\/2025\/03\/IMG_1794-e1742489394314.jpg\",\"width\":800,\"height\":626},{\"@type\":\"BreadcrumbList\",\"@id\":\"https:\/\/www.nexoinformativo.mx\/index.php\/2025\/03\/20\/se-traza-la-ruta-del-camaron-mexicano-en-el-foro-nacional-debate-el-presente-y-futuro-de-la-industria\/#breadcrumb\",\"itemListElement\":[{\"@type\":\"ListItem\",\"position\":1,\"name\":\"Inicio\",\"item\":\"https:\/\/www.nexoinformativo.mx\/\"},{\"@type\":\"ListItem\",\"position\":2,\"name\":\"Se traza la ruta del camar\u00f3n mexicano en el Foro nacional debate el presente y futuro de la industria\"}]},{\"@type\":\"WebSite\",\"@id\":\"https:\/\/www.nexoinformativo.mx\/#website\",\"url\":\"https:\/\/www.nexoinformativo.mx\/\",\"name\":\"Nexo Informativo Santiago de Quer\u00e9taro\",\"description\":\"Explora NexoInformativo y convi\u00e9rtete en parte de una comunidad que valora el conocimiento y la verdad. Tu nexoinformativo es tu puente hacia una comprensi\u00f3n m\u00e1s profunda del mundo que te rodea.\",\"publisher\":{\"@id\":\"https:\/\/www.nexoinformativo.mx\/#organization\"},\"potentialAction\":[{\"@type\":\"SearchAction\",\"target\":{\"@type\":\"EntryPoint\",\"urlTemplate\":\"https:\/\/www.nexoinformativo.mx\/?s={search_term_string}\"},\"query-input\":{\"@type\":\"PropertyValueSpecification\",\"valueRequired\":true,\"valueName\":\"search_term_string\"}}],\"inLanguage\":\"es\"},{\"@type\":\"Organization\",\"@id\":\"https:\/\/www.nexoinformativo.mx\/#organization\",\"name\":\"Nexo Informativo Santiago de Quer\u00e9taro\",\"url\":\"https:\/\/www.nexoinformativo.mx\/\",\"logo\":{\"@type\":\"ImageObject\",\"inLanguage\":\"es\",\"@id\":\"https:\/\/www.nexoinformativo.mx\/#\/schema\/logo\/image\/\",\"url\":\"https:\/\/www.nexoinformativo.mx\/wp-content\/uploads\/2024\/07\/nexoi-trasparente-2.png\",\"contentUrl\":\"https:\/\/www.nexoinformativo.mx\/wp-content\/uploads\/2024\/07\/nexoi-trasparente-2.png\",\"width\":816,\"height\":339,\"caption\":\"Nexo Informativo Santiago de Quer\u00e9taro\"},\"image\":{\"@id\":\"https:\/\/www.nexoinformativo.mx\/#\/schema\/logo\/image\/\"},\"sameAs\":[\"https:\/\/www.facebook.com\/people\/Nexo-Informativo\/61564066885511\/\"]},{\"@type\":\"Person\",\"@id\":\"https:\/\/www.nexoinformativo.mx\/#\/schema\/person\/7749d380ba08c8ca00d7bc76fd907b7d\",\"name\":\"Nexo Informativo\",\"image\":{\"@type\":\"ImageObject\",\"inLanguage\":\"es\",\"@id\":\"https:\/\/www.nexoinformativo.mx\/#\/schema\/person\/image\/\",\"url\":\"https:\/\/secure.gravatar.com\/avatar\/dde2928154642a13d95f87ddf1ea9718fe2b46760a005c53e41ff5ad610704e6?s=96&d=mm&r=g\",\"contentUrl\":\"https:\/\/secure.gravatar.com\/avatar\/dde2928154642a13d95f87ddf1ea9718fe2b46760a005c53e41ff5ad610704e6?s=96&d=mm&r=g\",\"caption\":\"Nexo Informativo\"},\"url\":\"https:\/\/www.nexoinformativo.mx\/index.php\/author\/edicion\/\"}]}<\/script>\n<!-- \/ Yoast SEO plugin. -->","yoast_head_json":{"title":"Se traza la ruta del camar\u00f3n mexicano en el Foro nacional debate el presente y futuro de la industria | Nexo Informativo Santiago de Quer\u00e9taro","description":"Se traza la ruta del camar\u00f3n mexicano en el Foro nacional debate el presente y futuro de la industria","robots":{"index":"index","follow":"follow","max-snippet":"max-snippet:-1","max-image-preview":"max-image-preview:large","max-video-preview":"max-video-preview:-1"},"canonical":"https:\/\/www.nexoinformativo.mx\/index.php\/2025\/03\/20\/se-traza-la-ruta-del-camaron-mexicano-en-el-foro-nacional-debate-el-presente-y-futuro-de-la-industria\/","og_locale":"es_MX","og_type":"article","og_title":"Se traza la ruta del camar\u00f3n mexicano en el Foro nacional debate el presente y futuro de la industria | Nexo Informativo Santiago de Quer\u00e9taro","og_description":"Se traza la ruta del camar\u00f3n mexicano en el Foro nacional debate el presente y futuro de la industria","og_url":"https:\/\/www.nexoinformativo.mx\/index.php\/2025\/03\/20\/se-traza-la-ruta-del-camaron-mexicano-en-el-foro-nacional-debate-el-presente-y-futuro-de-la-industria\/","og_site_name":"Nexo Informativo Santiago de Quer\u00e9taro","article_publisher":"https:\/\/www.facebook.com\/people\/Nexo-Informativo\/61564066885511\/","article_published_time":"2025-03-20T13:30:19+00:00","article_modified_time":"2025-03-20T16:50:49+00:00","og_image":[{"width":800,"height":626,"url":"https:\/\/www.nexoinformativo.mx\/wp-content\/uploads\/2025\/03\/IMG_1794-e1742489394314.jpg","type":"image\/jpeg"}],"author":"Nexo Informativo","twitter_card":"summary_large_image","twitter_misc":{"Escrito por":"Nexo Informativo","Tiempo de lectura":"2 minutos"},"schema":{"@context":"https:\/\/schema.org","@graph":[{"@type":"Article","@id":"https:\/\/www.nexoinformativo.mx\/index.php\/2025\/03\/20\/se-traza-la-ruta-del-camaron-mexicano-en-el-foro-nacional-debate-el-presente-y-futuro-de-la-industria\/#article","isPartOf":{"@id":"https:\/\/www.nexoinformativo.mx\/index.php\/2025\/03\/20\/se-traza-la-ruta-del-camaron-mexicano-en-el-foro-nacional-debate-el-presente-y-futuro-de-la-industria\/"},"author":{"name":"Nexo Informativo","@id":"https:\/\/www.nexoinformativo.mx\/#\/schema\/person\/7749d380ba08c8ca00d7bc76fd907b7d"},"headline":"Se traza la ruta del camar\u00f3n mexicano en el Foro nacional debate el presente y futuro de la industria","datePublished":"2025-03-20T13:30:19+00:00","dateModified":"2025-03-20T16:50:49+00:00","mainEntityOfPage":{"@id":"https:\/\/www.nexoinformativo.mx\/index.php\/2025\/03\/20\/se-traza-la-ruta-del-camaron-mexicano-en-el-foro-nacional-debate-el-presente-y-futuro-de-la-industria\/"},"wordCount":243,"commentCount":0,"publisher":{"@id":"https:\/\/www.nexoinformativo.mx\/#organization"},"image":{"@id":"https:\/\/www.nexoinformativo.mx\/index.php\/2025\/03\/20\/se-traza-la-ruta-del-camaron-mexicano-en-el-foro-nacional-debate-el-presente-y-futuro-de-la-industria\/#primaryimage"},"thumbnailUrl":"https:\/\/www.nexoinformativo.mx\/wp-content\/uploads\/2025\/03\/IMG_1794-e1742489394314.jpg","keywords":["AgriculturaM\u00e9xico","Camar\u00f3nMexicano","PescaSustentable","SoberaniaAlimentaria"],"articleSection":["Econom\u00eda","Nacional","\u00daltima Hora"],"inLanguage":"es","potentialAction":[{"@type":"CommentAction","name":"Comment","target":["https:\/\/www.nexoinformativo.mx\/index.php\/2025\/03\/20\/se-traza-la-ruta-del-camaron-mexicano-en-el-foro-nacional-debate-el-presente-y-futuro-de-la-industria\/#respond"]}]},{"@type":"WebPage","@id":"https:\/\/www.nexoinformativo.mx\/index.php\/2025\/03\/20\/se-traza-la-ruta-del-camaron-mexicano-en-el-foro-nacional-debate-el-presente-y-futuro-de-la-industria\/","url":"https:\/\/www.nexoinformativo.mx\/index.php\/2025\/03\/20\/se-traza-la-ruta-del-camaron-mexicano-en-el-foro-nacional-debate-el-presente-y-futuro-de-la-industria\/","name":"Se traza la ruta del camar\u00f3n mexicano en el Foro nacional debate el presente y futuro de la industria | Nexo Informativo Santiago de Quer\u00e9taro","isPartOf":{"@id":"https:\/\/www.nexoinformativo.mx\/#website"},"primaryImageOfPage":{"@id":"https:\/\/www.nexoinformativo.mx\/index.php\/2025\/03\/20\/se-traza-la-ruta-del-camaron-mexicano-en-el-foro-nacional-debate-el-presente-y-futuro-de-la-industria\/#primaryimage"},"image":{"@id":"https:\/\/www.nexoinformativo.mx\/index.php\/2025\/03\/20\/se-traza-la-ruta-del-camaron-mexicano-en-el-foro-nacional-debate-el-presente-y-futuro-de-la-industria\/#primaryimage"},"thumbnailUrl":"https:\/\/www.nexoinformativo.mx\/wp-content\/uploads\/2025\/03\/IMG_1794-e1742489394314.jpg","datePublished":"2025-03-20T13:30:19+00:00","dateModified":"2025-03-20T16:50:49+00:00","description":"Se traza la ruta del camar\u00f3n mexicano en el Foro nacional debate el presente y futuro de la industria","breadcrumb":{"@id":"https:\/\/www.nexoinformativo.mx\/index.php\/2025\/03\/20\/se-traza-la-ruta-del-camaron-mexicano-en-el-foro-nacional-debate-el-presente-y-futuro-de-la-industria\/#breadcrumb"},"inLanguage":"es","potentialAction":[{"@type":"ReadAction","target":["https:\/\/www.nexoinformativo.mx\/index.php\/2025\/03\/20\/se-traza-la-ruta-del-camaron-mexicano-en-el-foro-nacional-debate-el-presente-y-futuro-de-la-industria\/"]}]},{"@type":"ImageObject","inLanguage":"es","@id":"https:\/\/www.nexoinformativo.mx\/index.php\/2025\/03\/20\/se-traza-la-ruta-del-camaron-mexicano-en-el-foro-nacional-debate-el-presente-y-futuro-de-la-industria\/#primaryimage","url":"https:\/\/www.nexoinformativo.mx\/wp-content\/uploads\/2025\/03\/IMG_1794-e1742489394314.jpg","contentUrl":"https:\/\/www.nexoinformativo.mx\/wp-content\/uploads\/2025\/03\/IMG_1794-e1742489394314.jpg","width":800,"height":626},{"@type":"BreadcrumbList","@id":"https:\/\/www.nexoinformativo.mx\/index.php\/2025\/03\/20\/se-traza-la-ruta-del-camaron-mexicano-en-el-foro-nacional-debate-el-presente-y-futuro-de-la-industria\/#breadcrumb","itemListElement":[{"@type":"ListItem","position":1,"name":"Inicio","item":"https:\/\/www.nexoinformativo.mx\/"},{"@type":"ListItem","position":2,"name":"Se traza la ruta del camar\u00f3n mexicano en el Foro nacional debate el presente y futuro de la industria"}]},{"@type":"WebSite","@id":"https:\/\/www.nexoinformativo.mx\/#website","url":"https:\/\/www.nexoinformativo.mx\/","name":"Nexo Informativo Santiago de Quer\u00e9taro","description":"Explora NexoInformativo y convi\u00e9rtete en parte de una comunidad que valora el conocimiento y la verdad. Tu nexoinformativo es tu puente hacia una comprensi\u00f3n m\u00e1s profunda del mundo que te rodea.","publisher":{"@id":"https:\/\/www.nexoinformativo.mx\/#organization"},"potentialAction":[{"@type":"SearchAction","target":{"@type":"EntryPoint","urlTemplate":"https:\/\/www.nexoinformativo.mx\/?s={search_term_string}"},"query-input":{"@type":"PropertyValueSpecification","valueRequired":true,"valueName":"search_term_string"}}],"inLanguage":"es"},{"@type":"Organization","@id":"https:\/\/www.nexoinformativo.mx\/#organization","name":"Nexo Informativo Santiago de Quer\u00e9taro","url":"https:\/\/www.nexoinformativo.mx\/","logo":{"@type":"ImageObject","inLanguage":"es","@id":"https:\/\/www.nexoinformativo.mx\/#\/schema\/logo\/image\/","url":"https:\/\/www.nexoinformativo.mx\/wp-content\/uploads\/2024\/07\/nexoi-trasparente-2.png","contentUrl":"https:\/\/www.nexoinformativo.mx\/wp-content\/uploads\/2024\/07\/nexoi-trasparente-2.png","width":816,"height":339,"caption":"Nexo Informativo Santiago de Quer\u00e9taro"},"image":{"@id":"https:\/\/www.nexoinformativo.mx\/#\/schema\/logo\/image\/"},"sameAs":["https:\/\/www.facebook.com\/people\/Nexo-Informativo\/61564066885511\/"]},{"@type":"Person","@id":"https:\/\/www.nexoinformativo.mx\/#\/schema\/person\/7749d380ba08c8ca00d7bc76fd907b7d","name":"Nexo Informativo","image":{"@type":"ImageObject","inLanguage":"es","@id":"https:\/\/www.nexoinformativo.mx\/#\/schema\/person\/image\/","url":"https:\/\/secure.gravatar.com\/avatar\/dde2928154642a13d95f87ddf1ea9718fe2b46760a005c53e41ff5ad610704e6?s=96&d=mm&r=g","contentUrl":"https:\/\/secure.gravatar.com\/avatar\/dde2928154642a13d95f87ddf1ea9718fe2b46760a005c53e41ff5ad610704e6?s=96&d=mm&r=g","caption":"Nexo Informativo"},"url":"https:\/\/www.nexoinformativo.mx\/index.php\/author\/edicion\/"}]}},"_links":{"self":[{"href":"https:\/\/www.nexoinformativo.mx\/index.php\/wp-json\/wp\/v2\/posts\/13094","targetHints":{"allow":["GET"]}}],"collection":[{"href":"https:\/\/www.nexoinformativo.mx\/index.php\/wp-json\/wp\/v2\/posts"}],"about":[{"href":"https:\/\/www.nexoinformativo.mx\/index.php\/wp-json\/wp\/v2\/types\/post"}],"author":[{"embeddable":true,"href":"https:\/\/www.nexoinformativo.mx\/index.php\/wp-json\/wp\/v2\/users\/3"}],"replies":[{"embeddable":true,"href":"https:\/\/www.nexoinformativo.mx\/index.php\/wp-json\/wp\/v2\/comments?post=13094"}],"version-history":[{"count":4,"href":"https:\/\/www.nexoinformativo.mx\/index.php\/wp-json\/wp\/v2\/posts\/13094\/revisions"}],"predecessor-version":[{"id":13099,"href":"https:\/\/www.nexoinformativo.mx\/index.php\/wp-json\/wp\/v2\/posts\/13094\/revisions\/13099"}],"wp:featuredmedia":[{"embeddable":true,"href":"https:\/\/www.nexoinformativo.mx\/index.php\/wp-json\/wp\/v2\/media\/13096"}],"wp:attachment":[{"href":"https:\/\/www.nexoinformativo.mx\/index.php\/wp-json\/wp\/v2\/media?parent=13094"}],"wp:term":[{"taxonomy":"category","embeddable":true,"href":"https:\/\/www.nexoinformativo.mx\/index.php\/wp-json\/wp\/v2\/categories?post=13094"},{"taxonomy":"post_tag","embeddable":true,"href":"https:\/\/www.nexoinformativo.mx\/index.php\/wp-json\/wp\/v2\/tags?post=13094"}],"curies":[{"name":"wp","href":"https:\/\/api.w.org\/{rel}","templated":true}]}}