{"id":13100,"date":"2025-03-20T08:00:24","date_gmt":"2025-03-20T14:00:24","guid":{"rendered":"https:\/\/www.nexoinformativo.mx\/?p=13100"},"modified":"2025-03-20T10:56:42","modified_gmt":"2025-03-20T16:56:42","slug":"actua-ahora-impacta-siempre-sep-impulsa-a-jovenes-a-transformar-el-futuro-con-adaptabilidad-y-aprendizaje","status":"publish","type":"post","link":"https:\/\/www.nexoinformativo.mx\/index.php\/2025\/03\/20\/actua-ahora-impacta-siempre-sep-impulsa-a-jovenes-a-transformar-el-futuro-con-adaptabilidad-y-aprendizaje\/","title":{"rendered":"&#8220;Act\u00faa ahora, impacta siempre&#8221; SEP impulsa a j\u00f3venes a transformar el futuro con adaptabilidad y aprendizaje"},"content":{"rendered":"<p style=\"text-align: justify;\" data-sourcepos=\"13:1-13:322\">El secretario de Educaci\u00f3n P\u00fablica, Mario Delgado, inaugur\u00f3 el 16\u00ba Congreso de los J\u00f3venes <strong>\u201cAct\u00faa ahora, impacta siempre\u201d<\/strong>, organizado por la Universidad Panamericana, donde destac\u00f3 la importancia de la capacidad de adaptaci\u00f3n y el aprendizaje continuo para el \u00e9xito en la era actual.<\/p>\n<\/p>\n<p>&nbsp;<\/p>\n<p style=\"text-align: justify;\" data-sourcepos=\"15:1-15:256\">Delgado Carrillo exhort\u00f3 a los mil 200 estudiantes presentes a actuar con determinaci\u00f3n, valores arraigados y la convicci\u00f3n de que cada esfuerzo cuenta. Les recomend\u00f3 so\u00f1ar en grande, trabajar con pasi\u00f3n y nunca subestimar el poder de sus voces y acciones.<\/p>\n<\/p>\n<p>&nbsp;<\/p>\n<p style=\"text-align: justify;\" data-sourcepos=\"17:1-17:214\">El secretario subray\u00f3 que el liderazgo implica avanzar junto a los dem\u00e1s y pensar en las generaciones futuras. Record\u00f3 la trayectoria de la Presidenta Claudia Sheinbaum como ejemplo de lucha por la educaci\u00f3n.<\/p>\n<\/p>\n<p>&nbsp;<\/p>\n<p style=\"text-align: justify;\" data-sourcepos=\"19:1-19:150\"><strong>&#8220;Ded\u00edquense a lo que realmente deseen, a aquello que han so\u00f1ado ser. H\u00e1ganlo, atr\u00e9vanse a hacerlo con pasi\u00f3n y convicci\u00f3n&#8221;<\/strong>, enfatiz\u00f3 Delgado Carrillo.<\/p>\n<\/p>\n<p>&nbsp;<\/p>\n<p style=\"text-align: justify;\" data-sourcepos=\"21:1-21:163\">Adem\u00e1s, les record\u00f3 a los j\u00f3venes que son constructores de su realidad y que tienen el poder de enfrentar los retos con soluciones innovadoras y compromiso social.<\/p>\n<\/p>\n<p>&nbsp;<\/p>\n<p style=\"text-align: justify;\" data-sourcepos=\"23:1-23:164\">El evento cont\u00f3 con la presencia de autoridades de la Universidad Panamericana y el secretario de Seguridad Ciudadana de la Ciudad de M\u00e9xico, Pablo V\u00e1zquez Camacho.<\/p>\n<\/p>\n<p>&nbsp;<\/p>\n<p style=\"text-align: center;\" data-sourcepos=\"23:1-23:164\"><em><strong>\u00a1Informaci\u00f3n que transforma!<\/strong><\/em><\/p>\n","protected":false},"excerpt":{"rendered":"<p>El secretario de Educaci\u00f3n P\u00fablica, Mario Delgado, inaugur\u00f3 el 16\u00ba Congreso de los J\u00f3venes \u201cAct\u00faa ahora, impacta siempre\u201d, organizado por la Universidad Panamericana, donde destac\u00f3 la importancia de la capacidad de adaptaci\u00f3n y el aprendizaje continuo para el \u00e9xito en la era actual.<\/p>\n","protected":false},"author":3,"featured_media":13101,"comment_status":"open","ping_status":"open","sticky":false,"template":"","format":"standard","meta":{"footnotes":""},"categories":[88,58],"tags":[173,3297,3837,538],"class_list":["post-13100","post","type-post","status-publish","format-standard","has-post-thumbnail","hentry","category-nacional","category-ultima-hora","tag-educacion","tag-jovenes","tag-liderazgo","tag-sep"],"yoast_head":"<!-- This site is optimized with the Yoast SEO plugin v25.0 - https:\/\/yoast.com\/wordpress\/plugins\/seo\/ -->\n<title>&quot;Act\u00faa ahora, impacta siempre&quot; SEP impulsa a j\u00f3venes a transformar el futuro con adaptabilidad y aprendizaje | Nexo Informativo Santiago de Quer\u00e9taro<\/title>\n<meta name=\"description\" content=\"&quot;Act\u00faa ahora, impacta siempre&quot; SEP impulsa a j\u00f3venes a transformar el futuro con adaptabilidad y aprendizaje\" \/>\n<meta name=\"robots\" content=\"index, follow, max-snippet:-1, max-image-preview:large, max-video-preview:-1\" \/>\n<link rel=\"canonical\" href=\"https:\/\/www.nexoinformativo.mx\/index.php\/2025\/03\/20\/actua-ahora-impacta-siempre-sep-impulsa-a-jovenes-a-transformar-el-futuro-con-adaptabilidad-y-aprendizaje\/\" \/>\n<meta property=\"og:locale\" content=\"es_MX\" \/>\n<meta property=\"og:type\" content=\"article\" \/>\n<meta property=\"og:title\" content=\"&quot;Act\u00faa ahora, impacta siempre&quot; SEP impulsa a j\u00f3venes a transformar el futuro con adaptabilidad y aprendizaje | Nexo Informativo Santiago de Quer\u00e9taro\" \/>\n<meta property=\"og:description\" content=\"&quot;Act\u00faa ahora, impacta siempre&quot; SEP impulsa a j\u00f3venes a transformar el futuro con adaptabilidad y aprendizaje\" \/>\n<meta property=\"og:url\" content=\"https:\/\/www.nexoinformativo.mx\/index.php\/2025\/03\/20\/actua-ahora-impacta-siempre-sep-impulsa-a-jovenes-a-transformar-el-futuro-con-adaptabilidad-y-aprendizaje\/\" \/>\n<meta property=\"og:site_name\" content=\"Nexo Informativo Santiago de Quer\u00e9taro\" \/>\n<meta property=\"article:publisher\" content=\"https:\/\/www.facebook.com\/people\/Nexo-Informativo\/61564066885511\/\" \/>\n<meta property=\"article:published_time\" content=\"2025-03-20T14:00:24+00:00\" \/>\n<meta property=\"article:modified_time\" content=\"2025-03-20T16:56:42+00:00\" \/>\n<meta property=\"og:image\" content=\"https:\/\/www.nexoinformativo.mx\/wp-content\/uploads\/2025\/03\/IMG_1795.jpeg\" \/>\n\t<meta property=\"og:image:width\" content=\"650\" \/>\n\t<meta property=\"og:image:height\" content=\"380\" \/>\n\t<meta property=\"og:image:type\" content=\"image\/jpeg\" \/>\n<meta name=\"author\" content=\"Nexo Informativo\" \/>\n<meta name=\"twitter:card\" content=\"summary_large_image\" \/>\n<meta name=\"twitter:label1\" content=\"Escrito por\" \/>\n\t<meta name=\"twitter:data1\" content=\"Nexo Informativo\" \/>\n\t<meta name=\"twitter:label2\" content=\"Tiempo de lectura\" \/>\n\t<meta name=\"twitter:data2\" content=\"2 minutos\" \/>\n<script type=\"application\/ld+json\" class=\"yoast-schema-graph\">{\"@context\":\"https:\/\/schema.org\",\"@graph\":[{\"@type\":\"Article\",\"@id\":\"https:\/\/www.nexoinformativo.mx\/index.php\/2025\/03\/20\/actua-ahora-impacta-siempre-sep-impulsa-a-jovenes-a-transformar-el-futuro-con-adaptabilidad-y-aprendizaje\/#article\",\"isPartOf\":{\"@id\":\"https:\/\/www.nexoinformativo.mx\/index.php\/2025\/03\/20\/actua-ahora-impacta-siempre-sep-impulsa-a-jovenes-a-transformar-el-futuro-con-adaptabilidad-y-aprendizaje\/\"},\"author\":{\"name\":\"Nexo Informativo\",\"@id\":\"https:\/\/www.nexoinformativo.mx\/#\/schema\/person\/7749d380ba08c8ca00d7bc76fd907b7d\"},\"headline\":\"&#8220;Act\u00faa ahora, impacta siempre&#8221; SEP impulsa a j\u00f3venes a transformar el futuro con adaptabilidad y aprendizaje\",\"datePublished\":\"2025-03-20T14:00:24+00:00\",\"dateModified\":\"2025-03-20T16:56:42+00:00\",\"mainEntityOfPage\":{\"@id\":\"https:\/\/www.nexoinformativo.mx\/index.php\/2025\/03\/20\/actua-ahora-impacta-siempre-sep-impulsa-a-jovenes-a-transformar-el-futuro-con-adaptabilidad-y-aprendizaje\/\"},\"wordCount\":240,\"commentCount\":0,\"publisher\":{\"@id\":\"https:\/\/www.nexoinformativo.mx\/#organization\"},\"image\":{\"@id\":\"https:\/\/www.nexoinformativo.mx\/index.php\/2025\/03\/20\/actua-ahora-impacta-siempre-sep-impulsa-a-jovenes-a-transformar-el-futuro-con-adaptabilidad-y-aprendizaje\/#primaryimage\"},\"thumbnailUrl\":\"https:\/\/www.nexoinformativo.mx\/wp-content\/uploads\/2025\/03\/IMG_1795.jpeg\",\"keywords\":[\"educacion\",\"J\u00f3venes\",\"Liderazgo\",\"SEP\"],\"articleSection\":[\"Nacional\",\"\u00daltima Hora\"],\"inLanguage\":\"es\",\"potentialAction\":[{\"@type\":\"CommentAction\",\"name\":\"Comment\",\"target\":[\"https:\/\/www.nexoinformativo.mx\/index.php\/2025\/03\/20\/actua-ahora-impacta-siempre-sep-impulsa-a-jovenes-a-transformar-el-futuro-con-adaptabilidad-y-aprendizaje\/#respond\"]}]},{\"@type\":\"WebPage\",\"@id\":\"https:\/\/www.nexoinformativo.mx\/index.php\/2025\/03\/20\/actua-ahora-impacta-siempre-sep-impulsa-a-jovenes-a-transformar-el-futuro-con-adaptabilidad-y-aprendizaje\/\",\"url\":\"https:\/\/www.nexoinformativo.mx\/index.php\/2025\/03\/20\/actua-ahora-impacta-siempre-sep-impulsa-a-jovenes-a-transformar-el-futuro-con-adaptabilidad-y-aprendizaje\/\",\"name\":\"\\\"Act\u00faa ahora, impacta siempre\\\" SEP impulsa a j\u00f3venes a transformar el futuro con adaptabilidad y aprendizaje | Nexo Informativo Santiago de Quer\u00e9taro\",\"isPartOf\":{\"@id\":\"https:\/\/www.nexoinformativo.mx\/#website\"},\"primaryImageOfPage\":{\"@id\":\"https:\/\/www.nexoinformativo.mx\/index.php\/2025\/03\/20\/actua-ahora-impacta-siempre-sep-impulsa-a-jovenes-a-transformar-el-futuro-con-adaptabilidad-y-aprendizaje\/#primaryimage\"},\"image\":{\"@id\":\"https:\/\/www.nexoinformativo.mx\/index.php\/2025\/03\/20\/actua-ahora-impacta-siempre-sep-impulsa-a-jovenes-a-transformar-el-futuro-con-adaptabilidad-y-aprendizaje\/#primaryimage\"},\"thumbnailUrl\":\"https:\/\/www.nexoinformativo.mx\/wp-content\/uploads\/2025\/03\/IMG_1795.jpeg\",\"datePublished\":\"2025-03-20T14:00:24+00:00\",\"dateModified\":\"2025-03-20T16:56:42+00:00\",\"description\":\"\\\"Act\u00faa ahora, impacta siempre\\\" SEP impulsa a j\u00f3venes a transformar el futuro con adaptabilidad y aprendizaje\",\"breadcrumb\":{\"@id\":\"https:\/\/www.nexoinformativo.mx\/index.php\/2025\/03\/20\/actua-ahora-impacta-siempre-sep-impulsa-a-jovenes-a-transformar-el-futuro-con-adaptabilidad-y-aprendizaje\/#breadcrumb\"},\"inLanguage\":\"es\",\"potentialAction\":[{\"@type\":\"ReadAction\",\"target\":[\"https:\/\/www.nexoinformativo.mx\/index.php\/2025\/03\/20\/actua-ahora-impacta-siempre-sep-impulsa-a-jovenes-a-transformar-el-futuro-con-adaptabilidad-y-aprendizaje\/\"]}]},{\"@type\":\"ImageObject\",\"inLanguage\":\"es\",\"@id\":\"https:\/\/www.nexoinformativo.mx\/index.php\/2025\/03\/20\/actua-ahora-impacta-siempre-sep-impulsa-a-jovenes-a-transformar-el-futuro-con-adaptabilidad-y-aprendizaje\/#primaryimage\",\"url\":\"https:\/\/www.nexoinformativo.mx\/wp-content\/uploads\/2025\/03\/IMG_1795.jpeg\",\"contentUrl\":\"https:\/\/www.nexoinformativo.mx\/wp-content\/uploads\/2025\/03\/IMG_1795.jpeg\",\"width\":650,\"height\":380},{\"@type\":\"BreadcrumbList\",\"@id\":\"https:\/\/www.nexoinformativo.mx\/index.php\/2025\/03\/20\/actua-ahora-impacta-siempre-sep-impulsa-a-jovenes-a-transformar-el-futuro-con-adaptabilidad-y-aprendizaje\/#breadcrumb\",\"itemListElement\":[{\"@type\":\"ListItem\",\"position\":1,\"name\":\"Inicio\",\"item\":\"https:\/\/www.nexoinformativo.mx\/\"},{\"@type\":\"ListItem\",\"position\":2,\"name\":\"&#8220;Act\u00faa ahora, impacta siempre&#8221; SEP impulsa a j\u00f3venes a transformar el futuro con adaptabilidad y aprendizaje\"}]},{\"@type\":\"WebSite\",\"@id\":\"https:\/\/www.nexoinformativo.mx\/#website\",\"url\":\"https:\/\/www.nexoinformativo.mx\/\",\"name\":\"Nexo Informativo Santiago de Quer\u00e9taro\",\"description\":\"Explora NexoInformativo y convi\u00e9rtete en parte de una comunidad que valora el conocimiento y la verdad. Tu nexoinformativo es tu puente hacia una comprensi\u00f3n m\u00e1s profunda del mundo que te rodea.\",\"publisher\":{\"@id\":\"https:\/\/www.nexoinformativo.mx\/#organization\"},\"potentialAction\":[{\"@type\":\"SearchAction\",\"target\":{\"@type\":\"EntryPoint\",\"urlTemplate\":\"https:\/\/www.nexoinformativo.mx\/?s={search_term_string}\"},\"query-input\":{\"@type\":\"PropertyValueSpecification\",\"valueRequired\":true,\"valueName\":\"search_term_string\"}}],\"inLanguage\":\"es\"},{\"@type\":\"Organization\",\"@id\":\"https:\/\/www.nexoinformativo.mx\/#organization\",\"name\":\"Nexo Informativo Santiago de Quer\u00e9taro\",\"url\":\"https:\/\/www.nexoinformativo.mx\/\",\"logo\":{\"@type\":\"ImageObject\",\"inLanguage\":\"es\",\"@id\":\"https:\/\/www.nexoinformativo.mx\/#\/schema\/logo\/image\/\",\"url\":\"https:\/\/www.nexoinformativo.mx\/wp-content\/uploads\/2024\/07\/nexoi-trasparente-2.png\",\"contentUrl\":\"https:\/\/www.nexoinformativo.mx\/wp-content\/uploads\/2024\/07\/nexoi-trasparente-2.png\",\"width\":816,\"height\":339,\"caption\":\"Nexo Informativo Santiago de Quer\u00e9taro\"},\"image\":{\"@id\":\"https:\/\/www.nexoinformativo.mx\/#\/schema\/logo\/image\/\"},\"sameAs\":[\"https:\/\/www.facebook.com\/people\/Nexo-Informativo\/61564066885511\/\"]},{\"@type\":\"Person\",\"@id\":\"https:\/\/www.nexoinformativo.mx\/#\/schema\/person\/7749d380ba08c8ca00d7bc76fd907b7d\",\"name\":\"Nexo Informativo\",\"image\":{\"@type\":\"ImageObject\",\"inLanguage\":\"es\",\"@id\":\"https:\/\/www.nexoinformativo.mx\/#\/schema\/person\/image\/\",\"url\":\"https:\/\/secure.gravatar.com\/avatar\/dde2928154642a13d95f87ddf1ea9718fe2b46760a005c53e41ff5ad610704e6?s=96&d=mm&r=g\",\"contentUrl\":\"https:\/\/secure.gravatar.com\/avatar\/dde2928154642a13d95f87ddf1ea9718fe2b46760a005c53e41ff5ad610704e6?s=96&d=mm&r=g\",\"caption\":\"Nexo Informativo\"},\"url\":\"https:\/\/www.nexoinformativo.mx\/index.php\/author\/edicion\/\"}]}<\/script>\n<!-- \/ Yoast SEO plugin. -->","yoast_head_json":{"title":"\"Act\u00faa ahora, impacta siempre\" SEP impulsa a j\u00f3venes a transformar el futuro con adaptabilidad y aprendizaje | Nexo Informativo Santiago de Quer\u00e9taro","description":"\"Act\u00faa ahora, impacta siempre\" SEP impulsa a j\u00f3venes a transformar el futuro con adaptabilidad y aprendizaje","robots":{"index":"index","follow":"follow","max-snippet":"max-snippet:-1","max-image-preview":"max-image-preview:large","max-video-preview":"max-video-preview:-1"},"canonical":"https:\/\/www.nexoinformativo.mx\/index.php\/2025\/03\/20\/actua-ahora-impacta-siempre-sep-impulsa-a-jovenes-a-transformar-el-futuro-con-adaptabilidad-y-aprendizaje\/","og_locale":"es_MX","og_type":"article","og_title":"\"Act\u00faa ahora, impacta siempre\" SEP impulsa a j\u00f3venes a transformar el futuro con adaptabilidad y aprendizaje | Nexo Informativo Santiago de Quer\u00e9taro","og_description":"\"Act\u00faa ahora, impacta siempre\" SEP impulsa a j\u00f3venes a transformar el futuro con adaptabilidad y aprendizaje","og_url":"https:\/\/www.nexoinformativo.mx\/index.php\/2025\/03\/20\/actua-ahora-impacta-siempre-sep-impulsa-a-jovenes-a-transformar-el-futuro-con-adaptabilidad-y-aprendizaje\/","og_site_name":"Nexo Informativo Santiago de Quer\u00e9taro","article_publisher":"https:\/\/www.facebook.com\/people\/Nexo-Informativo\/61564066885511\/","article_published_time":"2025-03-20T14:00:24+00:00","article_modified_time":"2025-03-20T16:56:42+00:00","og_image":[{"width":650,"height":380,"url":"https:\/\/www.nexoinformativo.mx\/wp-content\/uploads\/2025\/03\/IMG_1795.jpeg","type":"image\/jpeg"}],"author":"Nexo Informativo","twitter_card":"summary_large_image","twitter_misc":{"Escrito por":"Nexo Informativo","Tiempo de lectura":"2 minutos"},"schema":{"@context":"https:\/\/schema.org","@graph":[{"@type":"Article","@id":"https:\/\/www.nexoinformativo.mx\/index.php\/2025\/03\/20\/actua-ahora-impacta-siempre-sep-impulsa-a-jovenes-a-transformar-el-futuro-con-adaptabilidad-y-aprendizaje\/#article","isPartOf":{"@id":"https:\/\/www.nexoinformativo.mx\/index.php\/2025\/03\/20\/actua-ahora-impacta-siempre-sep-impulsa-a-jovenes-a-transformar-el-futuro-con-adaptabilidad-y-aprendizaje\/"},"author":{"name":"Nexo Informativo","@id":"https:\/\/www.nexoinformativo.mx\/#\/schema\/person\/7749d380ba08c8ca00d7bc76fd907b7d"},"headline":"&#8220;Act\u00faa ahora, impacta siempre&#8221; SEP impulsa a j\u00f3venes a transformar el futuro con adaptabilidad y aprendizaje","datePublished":"2025-03-20T14:00:24+00:00","dateModified":"2025-03-20T16:56:42+00:00","mainEntityOfPage":{"@id":"https:\/\/www.nexoinformativo.mx\/index.php\/2025\/03\/20\/actua-ahora-impacta-siempre-sep-impulsa-a-jovenes-a-transformar-el-futuro-con-adaptabilidad-y-aprendizaje\/"},"wordCount":240,"commentCount":0,"publisher":{"@id":"https:\/\/www.nexoinformativo.mx\/#organization"},"image":{"@id":"https:\/\/www.nexoinformativo.mx\/index.php\/2025\/03\/20\/actua-ahora-impacta-siempre-sep-impulsa-a-jovenes-a-transformar-el-futuro-con-adaptabilidad-y-aprendizaje\/#primaryimage"},"thumbnailUrl":"https:\/\/www.nexoinformativo.mx\/wp-content\/uploads\/2025\/03\/IMG_1795.jpeg","keywords":["educacion","J\u00f3venes","Liderazgo","SEP"],"articleSection":["Nacional","\u00daltima Hora"],"inLanguage":"es","potentialAction":[{"@type":"CommentAction","name":"Comment","target":["https:\/\/www.nexoinformativo.mx\/index.php\/2025\/03\/20\/actua-ahora-impacta-siempre-sep-impulsa-a-jovenes-a-transformar-el-futuro-con-adaptabilidad-y-aprendizaje\/#respond"]}]},{"@type":"WebPage","@id":"https:\/\/www.nexoinformativo.mx\/index.php\/2025\/03\/20\/actua-ahora-impacta-siempre-sep-impulsa-a-jovenes-a-transformar-el-futuro-con-adaptabilidad-y-aprendizaje\/","url":"https:\/\/www.nexoinformativo.mx\/index.php\/2025\/03\/20\/actua-ahora-impacta-siempre-sep-impulsa-a-jovenes-a-transformar-el-futuro-con-adaptabilidad-y-aprendizaje\/","name":"\"Act\u00faa ahora, impacta siempre\" SEP impulsa a j\u00f3venes a transformar el futuro con adaptabilidad y aprendizaje | Nexo Informativo Santiago de Quer\u00e9taro","isPartOf":{"@id":"https:\/\/www.nexoinformativo.mx\/#website"},"primaryImageOfPage":{"@id":"https:\/\/www.nexoinformativo.mx\/index.php\/2025\/03\/20\/actua-ahora-impacta-siempre-sep-impulsa-a-jovenes-a-transformar-el-futuro-con-adaptabilidad-y-aprendizaje\/#primaryimage"},"image":{"@id":"https:\/\/www.nexoinformativo.mx\/index.php\/2025\/03\/20\/actua-ahora-impacta-siempre-sep-impulsa-a-jovenes-a-transformar-el-futuro-con-adaptabilidad-y-aprendizaje\/#primaryimage"},"thumbnailUrl":"https:\/\/www.nexoinformativo.mx\/wp-content\/uploads\/2025\/03\/IMG_1795.jpeg","datePublished":"2025-03-20T14:00:24+00:00","dateModified":"2025-03-20T16:56:42+00:00","description":"\"Act\u00faa ahora, impacta siempre\" SEP impulsa a j\u00f3venes a transformar el futuro con adaptabilidad y aprendizaje","breadcrumb":{"@id":"https:\/\/www.nexoinformativo.mx\/index.php\/2025\/03\/20\/actua-ahora-impacta-siempre-sep-impulsa-a-jovenes-a-transformar-el-futuro-con-adaptabilidad-y-aprendizaje\/#breadcrumb"},"inLanguage":"es","potentialAction":[{"@type":"ReadAction","target":["https:\/\/www.nexoinformativo.mx\/index.php\/2025\/03\/20\/actua-ahora-impacta-siempre-sep-impulsa-a-jovenes-a-transformar-el-futuro-con-adaptabilidad-y-aprendizaje\/"]}]},{"@type":"ImageObject","inLanguage":"es","@id":"https:\/\/www.nexoinformativo.mx\/index.php\/2025\/03\/20\/actua-ahora-impacta-siempre-sep-impulsa-a-jovenes-a-transformar-el-futuro-con-adaptabilidad-y-aprendizaje\/#primaryimage","url":"https:\/\/www.nexoinformativo.mx\/wp-content\/uploads\/2025\/03\/IMG_1795.jpeg","contentUrl":"https:\/\/www.nexoinformativo.mx\/wp-content\/uploads\/2025\/03\/IMG_1795.jpeg","width":650,"height":380},{"@type":"BreadcrumbList","@id":"https:\/\/www.nexoinformativo.mx\/index.php\/2025\/03\/20\/actua-ahora-impacta-siempre-sep-impulsa-a-jovenes-a-transformar-el-futuro-con-adaptabilidad-y-aprendizaje\/#breadcrumb","itemListElement":[{"@type":"ListItem","position":1,"name":"Inicio","item":"https:\/\/www.nexoinformativo.mx\/"},{"@type":"ListItem","position":2,"name":"&#8220;Act\u00faa ahora, impacta siempre&#8221; SEP impulsa a j\u00f3venes a transformar el futuro con adaptabilidad y aprendizaje"}]},{"@type":"WebSite","@id":"https:\/\/www.nexoinformativo.mx\/#website","url":"https:\/\/www.nexoinformativo.mx\/","name":"Nexo Informativo Santiago de Quer\u00e9taro","description":"Explora NexoInformativo y convi\u00e9rtete en parte de una comunidad que valora el conocimiento y la verdad. Tu nexoinformativo es tu puente hacia una comprensi\u00f3n m\u00e1s profunda del mundo que te rodea.","publisher":{"@id":"https:\/\/www.nexoinformativo.mx\/#organization"},"potentialAction":[{"@type":"SearchAction","target":{"@type":"EntryPoint","urlTemplate":"https:\/\/www.nexoinformativo.mx\/?s={search_term_string}"},"query-input":{"@type":"PropertyValueSpecification","valueRequired":true,"valueName":"search_term_string"}}],"inLanguage":"es"},{"@type":"Organization","@id":"https:\/\/www.nexoinformativo.mx\/#organization","name":"Nexo Informativo Santiago de Quer\u00e9taro","url":"https:\/\/www.nexoinformativo.mx\/","logo":{"@type":"ImageObject","inLanguage":"es","@id":"https:\/\/www.nexoinformativo.mx\/#\/schema\/logo\/image\/","url":"https:\/\/www.nexoinformativo.mx\/wp-content\/uploads\/2024\/07\/nexoi-trasparente-2.png","contentUrl":"https:\/\/www.nexoinformativo.mx\/wp-content\/uploads\/2024\/07\/nexoi-trasparente-2.png","width":816,"height":339,"caption":"Nexo Informativo Santiago de Quer\u00e9taro"},"image":{"@id":"https:\/\/www.nexoinformativo.mx\/#\/schema\/logo\/image\/"},"sameAs":["https:\/\/www.facebook.com\/people\/Nexo-Informativo\/61564066885511\/"]},{"@type":"Person","@id":"https:\/\/www.nexoinformativo.mx\/#\/schema\/person\/7749d380ba08c8ca00d7bc76fd907b7d","name":"Nexo Informativo","image":{"@type":"ImageObject","inLanguage":"es","@id":"https:\/\/www.nexoinformativo.mx\/#\/schema\/person\/image\/","url":"https:\/\/secure.gravatar.com\/avatar\/dde2928154642a13d95f87ddf1ea9718fe2b46760a005c53e41ff5ad610704e6?s=96&d=mm&r=g","contentUrl":"https:\/\/secure.gravatar.com\/avatar\/dde2928154642a13d95f87ddf1ea9718fe2b46760a005c53e41ff5ad610704e6?s=96&d=mm&r=g","caption":"Nexo Informativo"},"url":"https:\/\/www.nexoinformativo.mx\/index.php\/author\/edicion\/"}]}},"_links":{"self":[{"href":"https:\/\/www.nexoinformativo.mx\/index.php\/wp-json\/wp\/v2\/posts\/13100","targetHints":{"allow":["GET"]}}],"collection":[{"href":"https:\/\/www.nexoinformativo.mx\/index.php\/wp-json\/wp\/v2\/posts"}],"about":[{"href":"https:\/\/www.nexoinformativo.mx\/index.php\/wp-json\/wp\/v2\/types\/post"}],"author":[{"embeddable":true,"href":"https:\/\/www.nexoinformativo.mx\/index.php\/wp-json\/wp\/v2\/users\/3"}],"replies":[{"embeddable":true,"href":"https:\/\/www.nexoinformativo.mx\/index.php\/wp-json\/wp\/v2\/comments?post=13100"}],"version-history":[{"count":3,"href":"https:\/\/www.nexoinformativo.mx\/index.php\/wp-json\/wp\/v2\/posts\/13100\/revisions"}],"predecessor-version":[{"id":13103,"href":"https:\/\/www.nexoinformativo.mx\/index.php\/wp-json\/wp\/v2\/posts\/13100\/revisions\/13103"}],"wp:featuredmedia":[{"embeddable":true,"href":"https:\/\/www.nexoinformativo.mx\/index.php\/wp-json\/wp\/v2\/media\/13101"}],"wp:attachment":[{"href":"https:\/\/www.nexoinformativo.mx\/index.php\/wp-json\/wp\/v2\/media?parent=13100"}],"wp:term":[{"taxonomy":"category","embeddable":true,"href":"https:\/\/www.nexoinformativo.mx\/index.php\/wp-json\/wp\/v2\/categories?post=13100"},{"taxonomy":"post_tag","embeddable":true,"href":"https:\/\/www.nexoinformativo.mx\/index.php\/wp-json\/wp\/v2\/tags?post=13100"}],"curies":[{"name":"wp","href":"https:\/\/api.w.org\/{rel}","templated":true}]}}