{"id":1311,"date":"2024-08-30T08:00:07","date_gmt":"2024-08-30T14:00:07","guid":{"rendered":"https:\/\/www.nexoinformativo.mx\/?p=1311"},"modified":"2024-08-30T10:50:01","modified_gmt":"2024-08-30T16:50:01","slug":"policia-estatal-de-queretaro-localiza-a-mujer-con-protocolo-alba-activo-y-la-entrega-a-su-familia","status":"publish","type":"post","link":"https:\/\/www.nexoinformativo.mx\/index.php\/2024\/08\/30\/policia-estatal-de-queretaro-localiza-a-mujer-con-protocolo-alba-activo-y-la-entrega-a-su-familia\/","title":{"rendered":"Polic\u00eda Estatal de Quer\u00e9taro localiza a mujer con Protocolo Alba activo y la entrega a su familia"},"content":{"rendered":"<p style=\"text-align: justify;\">Elementos de la Polic\u00eda Estatal de Quer\u00e9taro (POES) localizaron a una mujer con un Protocolo Alba activo mientras deambulaba desorientada por el Anillo Vial Fray Jun\u00edpero Serra, a la altura de Paseos del Pedregal. La mujer se encontraba en una situaci\u00f3n vulnerable que pon\u00eda en riesgo tanto su integridad f\u00edsica como la de los automovilistas que circulaban por la zona.<\/p>\n<p>&nbsp;<\/p>\n<p><img loading=\"lazy\" decoding=\"async\" class=\"alignnone size-full wp-image-1316\" src=\"https:\/\/www.nexoinformativo.mx\/wp-content\/uploads\/2024\/08\/PHOTO-2024-08-30-10-19-08-2-e1725036380372.jpg\" alt=\"\" width=\"800\" height=\"644\" \/><\/p>\n<p>&nbsp;<\/p>\n<p style=\"text-align: justify;\">Al percatarse de la situaci\u00f3n, los elementos policiales se acercaron para brindarle resguardo. Al notar que la mujer parec\u00eda estar en una crisis emocional, solicitaron la intervenci\u00f3n del Grupo de Atenci\u00f3n a V\u00edctimas. Este grupo especializado proporcion\u00f3 la contenci\u00f3n psicol\u00f3gica necesaria y verific\u00f3 que la mujer ten\u00eda un Protocolo Alba activo, un mecanismo de b\u00fasqueda inmediata para mujeres desaparecidas, que hab\u00eda sido iniciado en el municipio de Quer\u00e9taro.<\/p>\n<p>&nbsp;<\/p>\n<p><img loading=\"lazy\" decoding=\"async\" class=\"alignnone size-full wp-image-1317\" src=\"https:\/\/www.nexoinformativo.mx\/wp-content\/uploads\/2024\/08\/PHOTO-2024-08-30-10-19-08-4-e1725036436940.jpg\" alt=\"\" width=\"800\" height=\"800\" \/><\/p>\n<p>&nbsp;<\/p>\n<p style=\"text-align: justify;\">Tras realizar las gestiones pertinentes y recabar la informaci\u00f3n necesaria, la mujer fue trasladada de manera segura a la colonia Lomas de Casa Blanca, donde se reuni\u00f3 con sus familiares. Durante el proceso, se brindaron recomendaciones de autocuidado a la familia para prevenir futuras situaciones de riesgo.<\/p>\n<p>&nbsp;<\/p>\n<p><img loading=\"lazy\" decoding=\"async\" class=\"alignnone size-full wp-image-1318\" src=\"https:\/\/www.nexoinformativo.mx\/wp-content\/uploads\/2024\/08\/PHOTO-2024-08-30-10-19-08-3-e1725036469847.jpg\" alt=\"\" width=\"800\" height=\"800\" \/><\/p>\n<p>&nbsp;<\/p>\n<p style=\"text-align: justify;\">El Protocolo Alba es una herramienta crucial para la localizaci\u00f3n r\u00e1pida de mujeres desaparecidas, y la colaboraci\u00f3n efectiva de las autoridades estatales de Quer\u00e9taro ha permitido resolver este caso con \u00e9xito, garantizando la seguridad y bienestar de la persona afectada.<\/p>\n","protected":false},"excerpt":{"rendered":"<p>Elementos de la Polic\u00eda Estatal de Quer\u00e9taro (POES) localizaron a una mujer con un Protocolo Alba activo mientras deambulaba desorientada por el Anillo Vial Fray Jun\u00edpero Serra, a la altura de Paseos del Pedregal. La mujer se encontraba en una situaci\u00f3n vulnerable que pon\u00eda en riesgo tanto su integridad f\u00edsica como la de los automovilistas [&hellip;]<\/p>\n","protected":false},"author":3,"featured_media":1314,"comment_status":"open","ping_status":"open","sticky":false,"template":"","format":"standard","meta":{"footnotes":""},"categories":[137],"tags":[361,363,362,360,266],"class_list":["post-1311","post","type-post","status-publish","format-standard","has-post-thumbnail","hentry","category-sucesos","tag-atencionavictimas","tag-cuidadofamiliar","tag-policiaestatalqro","tag-protocoloalba","tag-seguridadqueretaro"],"yoast_head":"<!-- This site is optimized with the Yoast SEO plugin v25.0 - https:\/\/yoast.com\/wordpress\/plugins\/seo\/ -->\n<title>Polic\u00eda Estatal de Quer\u00e9taro localiza a mujer con Protocolo Alba activo y la entrega a su familia | Nexo Informativo Santiago de Quer\u00e9taro<\/title>\n<meta name=\"robots\" content=\"index, follow, max-snippet:-1, max-image-preview:large, max-video-preview:-1\" \/>\n<link rel=\"canonical\" href=\"https:\/\/www.nexoinformativo.mx\/index.php\/2024\/08\/30\/policia-estatal-de-queretaro-localiza-a-mujer-con-protocolo-alba-activo-y-la-entrega-a-su-familia\/\" \/>\n<meta property=\"og:locale\" content=\"es_MX\" \/>\n<meta property=\"og:type\" content=\"article\" \/>\n<meta property=\"og:title\" content=\"Polic\u00eda Estatal de Quer\u00e9taro localiza a mujer con Protocolo Alba activo y la entrega a su familia | Nexo Informativo Santiago de Quer\u00e9taro\" \/>\n<meta property=\"og:description\" content=\"Elementos de la Polic\u00eda Estatal de Quer\u00e9taro (POES) localizaron a una mujer con un Protocolo Alba activo mientras deambulaba desorientada por el Anillo Vial Fray Jun\u00edpero Serra, a la altura de Paseos del Pedregal. La mujer se encontraba en una situaci\u00f3n vulnerable que pon\u00eda en riesgo tanto su integridad f\u00edsica como la de los automovilistas [&hellip;]\" \/>\n<meta property=\"og:url\" content=\"https:\/\/www.nexoinformativo.mx\/index.php\/2024\/08\/30\/policia-estatal-de-queretaro-localiza-a-mujer-con-protocolo-alba-activo-y-la-entrega-a-su-familia\/\" \/>\n<meta property=\"og:site_name\" content=\"Nexo Informativo Santiago de Quer\u00e9taro\" \/>\n<meta property=\"article:publisher\" content=\"https:\/\/www.facebook.com\/people\/Nexo-Informativo\/61564066885511\/\" \/>\n<meta property=\"article:published_time\" content=\"2024-08-30T14:00:07+00:00\" \/>\n<meta property=\"article:modified_time\" content=\"2024-08-30T16:50:01+00:00\" \/>\n<meta property=\"og:image\" content=\"https:\/\/www.nexoinformativo.mx\/wp-content\/uploads\/2024\/08\/PHOTO-2024-08-30-10-19-08-e1725036319436.jpg\" \/>\n\t<meta property=\"og:image:width\" content=\"800\" \/>\n\t<meta property=\"og:image:height\" content=\"1067\" \/>\n\t<meta property=\"og:image:type\" content=\"image\/jpeg\" \/>\n<meta name=\"author\" content=\"Nexo Informativo\" \/>\n<meta name=\"twitter:card\" content=\"summary_large_image\" \/>\n<meta name=\"twitter:label1\" content=\"Escrito por\" \/>\n\t<meta name=\"twitter:data1\" content=\"Nexo Informativo\" \/>\n\t<meta name=\"twitter:label2\" content=\"Tiempo de lectura\" \/>\n\t<meta name=\"twitter:data2\" content=\"2 minutos\" \/>\n<script type=\"application\/ld+json\" class=\"yoast-schema-graph\">{\"@context\":\"https:\/\/schema.org\",\"@graph\":[{\"@type\":\"Article\",\"@id\":\"https:\/\/www.nexoinformativo.mx\/index.php\/2024\/08\/30\/policia-estatal-de-queretaro-localiza-a-mujer-con-protocolo-alba-activo-y-la-entrega-a-su-familia\/#article\",\"isPartOf\":{\"@id\":\"https:\/\/www.nexoinformativo.mx\/index.php\/2024\/08\/30\/policia-estatal-de-queretaro-localiza-a-mujer-con-protocolo-alba-activo-y-la-entrega-a-su-familia\/\"},\"author\":{\"name\":\"Nexo Informativo\",\"@id\":\"https:\/\/www.nexoinformativo.mx\/#\/schema\/person\/7749d380ba08c8ca00d7bc76fd907b7d\"},\"headline\":\"Polic\u00eda Estatal de Quer\u00e9taro localiza a mujer con Protocolo Alba activo y la entrega a su familia\",\"datePublished\":\"2024-08-30T14:00:07+00:00\",\"dateModified\":\"2024-08-30T16:50:01+00:00\",\"mainEntityOfPage\":{\"@id\":\"https:\/\/www.nexoinformativo.mx\/index.php\/2024\/08\/30\/policia-estatal-de-queretaro-localiza-a-mujer-con-protocolo-alba-activo-y-la-entrega-a-su-familia\/\"},\"wordCount\":262,\"commentCount\":0,\"publisher\":{\"@id\":\"https:\/\/www.nexoinformativo.mx\/#organization\"},\"image\":{\"@id\":\"https:\/\/www.nexoinformativo.mx\/index.php\/2024\/08\/30\/policia-estatal-de-queretaro-localiza-a-mujer-con-protocolo-alba-activo-y-la-entrega-a-su-familia\/#primaryimage\"},\"thumbnailUrl\":\"https:\/\/www.nexoinformativo.mx\/wp-content\/uploads\/2024\/08\/PHOTO-2024-08-30-10-19-08-e1725036319436.jpg\",\"keywords\":[\"Atenci\u00f3nAV\u00edctimas\",\"CuidadoFamiliar\",\"Polic\u00edaEstatalQro\",\"ProtocoloAlba\",\"SeguridadQueretaro\"],\"articleSection\":[\"Sucesos\"],\"inLanguage\":\"es\",\"potentialAction\":[{\"@type\":\"CommentAction\",\"name\":\"Comment\",\"target\":[\"https:\/\/www.nexoinformativo.mx\/index.php\/2024\/08\/30\/policia-estatal-de-queretaro-localiza-a-mujer-con-protocolo-alba-activo-y-la-entrega-a-su-familia\/#respond\"]}]},{\"@type\":\"WebPage\",\"@id\":\"https:\/\/www.nexoinformativo.mx\/index.php\/2024\/08\/30\/policia-estatal-de-queretaro-localiza-a-mujer-con-protocolo-alba-activo-y-la-entrega-a-su-familia\/\",\"url\":\"https:\/\/www.nexoinformativo.mx\/index.php\/2024\/08\/30\/policia-estatal-de-queretaro-localiza-a-mujer-con-protocolo-alba-activo-y-la-entrega-a-su-familia\/\",\"name\":\"Polic\u00eda Estatal de Quer\u00e9taro localiza a mujer con Protocolo Alba activo y la entrega a su familia | Nexo Informativo Santiago de Quer\u00e9taro\",\"isPartOf\":{\"@id\":\"https:\/\/www.nexoinformativo.mx\/#website\"},\"primaryImageOfPage\":{\"@id\":\"https:\/\/www.nexoinformativo.mx\/index.php\/2024\/08\/30\/policia-estatal-de-queretaro-localiza-a-mujer-con-protocolo-alba-activo-y-la-entrega-a-su-familia\/#primaryimage\"},\"image\":{\"@id\":\"https:\/\/www.nexoinformativo.mx\/index.php\/2024\/08\/30\/policia-estatal-de-queretaro-localiza-a-mujer-con-protocolo-alba-activo-y-la-entrega-a-su-familia\/#primaryimage\"},\"thumbnailUrl\":\"https:\/\/www.nexoinformativo.mx\/wp-content\/uploads\/2024\/08\/PHOTO-2024-08-30-10-19-08-e1725036319436.jpg\",\"datePublished\":\"2024-08-30T14:00:07+00:00\",\"dateModified\":\"2024-08-30T16:50:01+00:00\",\"breadcrumb\":{\"@id\":\"https:\/\/www.nexoinformativo.mx\/index.php\/2024\/08\/30\/policia-estatal-de-queretaro-localiza-a-mujer-con-protocolo-alba-activo-y-la-entrega-a-su-familia\/#breadcrumb\"},\"inLanguage\":\"es\",\"potentialAction\":[{\"@type\":\"ReadAction\",\"target\":[\"https:\/\/www.nexoinformativo.mx\/index.php\/2024\/08\/30\/policia-estatal-de-queretaro-localiza-a-mujer-con-protocolo-alba-activo-y-la-entrega-a-su-familia\/\"]}]},{\"@type\":\"ImageObject\",\"inLanguage\":\"es\",\"@id\":\"https:\/\/www.nexoinformativo.mx\/index.php\/2024\/08\/30\/policia-estatal-de-queretaro-localiza-a-mujer-con-protocolo-alba-activo-y-la-entrega-a-su-familia\/#primaryimage\",\"url\":\"https:\/\/www.nexoinformativo.mx\/wp-content\/uploads\/2024\/08\/PHOTO-2024-08-30-10-19-08-e1725036319436.jpg\",\"contentUrl\":\"https:\/\/www.nexoinformativo.mx\/wp-content\/uploads\/2024\/08\/PHOTO-2024-08-30-10-19-08-e1725036319436.jpg\",\"width\":800,\"height\":1067},{\"@type\":\"BreadcrumbList\",\"@id\":\"https:\/\/www.nexoinformativo.mx\/index.php\/2024\/08\/30\/policia-estatal-de-queretaro-localiza-a-mujer-con-protocolo-alba-activo-y-la-entrega-a-su-familia\/#breadcrumb\",\"itemListElement\":[{\"@type\":\"ListItem\",\"position\":1,\"name\":\"Inicio\",\"item\":\"https:\/\/www.nexoinformativo.mx\/\"},{\"@type\":\"ListItem\",\"position\":2,\"name\":\"Polic\u00eda Estatal de Quer\u00e9taro localiza a mujer con Protocolo Alba activo y la entrega a su familia\"}]},{\"@type\":\"WebSite\",\"@id\":\"https:\/\/www.nexoinformativo.mx\/#website\",\"url\":\"https:\/\/www.nexoinformativo.mx\/\",\"name\":\"Nexo Informativo Santiago de Quer\u00e9taro\",\"description\":\"Explora NexoInformativo y convi\u00e9rtete en parte de una comunidad que valora el conocimiento y la verdad. Tu nexoinformativo es tu puente hacia una comprensi\u00f3n m\u00e1s profunda del mundo que te rodea.\",\"publisher\":{\"@id\":\"https:\/\/www.nexoinformativo.mx\/#organization\"},\"potentialAction\":[{\"@type\":\"SearchAction\",\"target\":{\"@type\":\"EntryPoint\",\"urlTemplate\":\"https:\/\/www.nexoinformativo.mx\/?s={search_term_string}\"},\"query-input\":{\"@type\":\"PropertyValueSpecification\",\"valueRequired\":true,\"valueName\":\"search_term_string\"}}],\"inLanguage\":\"es\"},{\"@type\":\"Organization\",\"@id\":\"https:\/\/www.nexoinformativo.mx\/#organization\",\"name\":\"Nexo Informativo Santiago de Quer\u00e9taro\",\"url\":\"https:\/\/www.nexoinformativo.mx\/\",\"logo\":{\"@type\":\"ImageObject\",\"inLanguage\":\"es\",\"@id\":\"https:\/\/www.nexoinformativo.mx\/#\/schema\/logo\/image\/\",\"url\":\"https:\/\/www.nexoinformativo.mx\/wp-content\/uploads\/2024\/07\/nexoi-trasparente-2.png\",\"contentUrl\":\"https:\/\/www.nexoinformativo.mx\/wp-content\/uploads\/2024\/07\/nexoi-trasparente-2.png\",\"width\":816,\"height\":339,\"caption\":\"Nexo Informativo Santiago de Quer\u00e9taro\"},\"image\":{\"@id\":\"https:\/\/www.nexoinformativo.mx\/#\/schema\/logo\/image\/\"},\"sameAs\":[\"https:\/\/www.facebook.com\/people\/Nexo-Informativo\/61564066885511\/\"]},{\"@type\":\"Person\",\"@id\":\"https:\/\/www.nexoinformativo.mx\/#\/schema\/person\/7749d380ba08c8ca00d7bc76fd907b7d\",\"name\":\"Nexo Informativo\",\"image\":{\"@type\":\"ImageObject\",\"inLanguage\":\"es\",\"@id\":\"https:\/\/www.nexoinformativo.mx\/#\/schema\/person\/image\/\",\"url\":\"https:\/\/secure.gravatar.com\/avatar\/dde2928154642a13d95f87ddf1ea9718fe2b46760a005c53e41ff5ad610704e6?s=96&d=mm&r=g\",\"contentUrl\":\"https:\/\/secure.gravatar.com\/avatar\/dde2928154642a13d95f87ddf1ea9718fe2b46760a005c53e41ff5ad610704e6?s=96&d=mm&r=g\",\"caption\":\"Nexo Informativo\"},\"url\":\"https:\/\/www.nexoinformativo.mx\/index.php\/author\/edicion\/\"}]}<\/script>\n<!-- \/ Yoast SEO plugin. -->","yoast_head_json":{"title":"Polic\u00eda Estatal de Quer\u00e9taro localiza a mujer con Protocolo Alba activo y la entrega a su familia | Nexo Informativo Santiago de Quer\u00e9taro","robots":{"index":"index","follow":"follow","max-snippet":"max-snippet:-1","max-image-preview":"max-image-preview:large","max-video-preview":"max-video-preview:-1"},"canonical":"https:\/\/www.nexoinformativo.mx\/index.php\/2024\/08\/30\/policia-estatal-de-queretaro-localiza-a-mujer-con-protocolo-alba-activo-y-la-entrega-a-su-familia\/","og_locale":"es_MX","og_type":"article","og_title":"Polic\u00eda Estatal de Quer\u00e9taro localiza a mujer con Protocolo Alba activo y la entrega a su familia | Nexo Informativo Santiago de Quer\u00e9taro","og_description":"Elementos de la Polic\u00eda Estatal de Quer\u00e9taro (POES) localizaron a una mujer con un Protocolo Alba activo mientras deambulaba desorientada por el Anillo Vial Fray Jun\u00edpero Serra, a la altura de Paseos del Pedregal. La mujer se encontraba en una situaci\u00f3n vulnerable que pon\u00eda en riesgo tanto su integridad f\u00edsica como la de los automovilistas [&hellip;]","og_url":"https:\/\/www.nexoinformativo.mx\/index.php\/2024\/08\/30\/policia-estatal-de-queretaro-localiza-a-mujer-con-protocolo-alba-activo-y-la-entrega-a-su-familia\/","og_site_name":"Nexo Informativo Santiago de Quer\u00e9taro","article_publisher":"https:\/\/www.facebook.com\/people\/Nexo-Informativo\/61564066885511\/","article_published_time":"2024-08-30T14:00:07+00:00","article_modified_time":"2024-08-30T16:50:01+00:00","og_image":[{"width":800,"height":1067,"url":"https:\/\/www.nexoinformativo.mx\/wp-content\/uploads\/2024\/08\/PHOTO-2024-08-30-10-19-08-e1725036319436.jpg","type":"image\/jpeg"}],"author":"Nexo Informativo","twitter_card":"summary_large_image","twitter_misc":{"Escrito por":"Nexo Informativo","Tiempo de lectura":"2 minutos"},"schema":{"@context":"https:\/\/schema.org","@graph":[{"@type":"Article","@id":"https:\/\/www.nexoinformativo.mx\/index.php\/2024\/08\/30\/policia-estatal-de-queretaro-localiza-a-mujer-con-protocolo-alba-activo-y-la-entrega-a-su-familia\/#article","isPartOf":{"@id":"https:\/\/www.nexoinformativo.mx\/index.php\/2024\/08\/30\/policia-estatal-de-queretaro-localiza-a-mujer-con-protocolo-alba-activo-y-la-entrega-a-su-familia\/"},"author":{"name":"Nexo Informativo","@id":"https:\/\/www.nexoinformativo.mx\/#\/schema\/person\/7749d380ba08c8ca00d7bc76fd907b7d"},"headline":"Polic\u00eda Estatal de Quer\u00e9taro localiza a mujer con Protocolo Alba activo y la entrega a su familia","datePublished":"2024-08-30T14:00:07+00:00","dateModified":"2024-08-30T16:50:01+00:00","mainEntityOfPage":{"@id":"https:\/\/www.nexoinformativo.mx\/index.php\/2024\/08\/30\/policia-estatal-de-queretaro-localiza-a-mujer-con-protocolo-alba-activo-y-la-entrega-a-su-familia\/"},"wordCount":262,"commentCount":0,"publisher":{"@id":"https:\/\/www.nexoinformativo.mx\/#organization"},"image":{"@id":"https:\/\/www.nexoinformativo.mx\/index.php\/2024\/08\/30\/policia-estatal-de-queretaro-localiza-a-mujer-con-protocolo-alba-activo-y-la-entrega-a-su-familia\/#primaryimage"},"thumbnailUrl":"https:\/\/www.nexoinformativo.mx\/wp-content\/uploads\/2024\/08\/PHOTO-2024-08-30-10-19-08-e1725036319436.jpg","keywords":["Atenci\u00f3nAV\u00edctimas","CuidadoFamiliar","Polic\u00edaEstatalQro","ProtocoloAlba","SeguridadQueretaro"],"articleSection":["Sucesos"],"inLanguage":"es","potentialAction":[{"@type":"CommentAction","name":"Comment","target":["https:\/\/www.nexoinformativo.mx\/index.php\/2024\/08\/30\/policia-estatal-de-queretaro-localiza-a-mujer-con-protocolo-alba-activo-y-la-entrega-a-su-familia\/#respond"]}]},{"@type":"WebPage","@id":"https:\/\/www.nexoinformativo.mx\/index.php\/2024\/08\/30\/policia-estatal-de-queretaro-localiza-a-mujer-con-protocolo-alba-activo-y-la-entrega-a-su-familia\/","url":"https:\/\/www.nexoinformativo.mx\/index.php\/2024\/08\/30\/policia-estatal-de-queretaro-localiza-a-mujer-con-protocolo-alba-activo-y-la-entrega-a-su-familia\/","name":"Polic\u00eda Estatal de Quer\u00e9taro localiza a mujer con Protocolo Alba activo y la entrega a su familia | Nexo Informativo Santiago de Quer\u00e9taro","isPartOf":{"@id":"https:\/\/www.nexoinformativo.mx\/#website"},"primaryImageOfPage":{"@id":"https:\/\/www.nexoinformativo.mx\/index.php\/2024\/08\/30\/policia-estatal-de-queretaro-localiza-a-mujer-con-protocolo-alba-activo-y-la-entrega-a-su-familia\/#primaryimage"},"image":{"@id":"https:\/\/www.nexoinformativo.mx\/index.php\/2024\/08\/30\/policia-estatal-de-queretaro-localiza-a-mujer-con-protocolo-alba-activo-y-la-entrega-a-su-familia\/#primaryimage"},"thumbnailUrl":"https:\/\/www.nexoinformativo.mx\/wp-content\/uploads\/2024\/08\/PHOTO-2024-08-30-10-19-08-e1725036319436.jpg","datePublished":"2024-08-30T14:00:07+00:00","dateModified":"2024-08-30T16:50:01+00:00","breadcrumb":{"@id":"https:\/\/www.nexoinformativo.mx\/index.php\/2024\/08\/30\/policia-estatal-de-queretaro-localiza-a-mujer-con-protocolo-alba-activo-y-la-entrega-a-su-familia\/#breadcrumb"},"inLanguage":"es","potentialAction":[{"@type":"ReadAction","target":["https:\/\/www.nexoinformativo.mx\/index.php\/2024\/08\/30\/policia-estatal-de-queretaro-localiza-a-mujer-con-protocolo-alba-activo-y-la-entrega-a-su-familia\/"]}]},{"@type":"ImageObject","inLanguage":"es","@id":"https:\/\/www.nexoinformativo.mx\/index.php\/2024\/08\/30\/policia-estatal-de-queretaro-localiza-a-mujer-con-protocolo-alba-activo-y-la-entrega-a-su-familia\/#primaryimage","url":"https:\/\/www.nexoinformativo.mx\/wp-content\/uploads\/2024\/08\/PHOTO-2024-08-30-10-19-08-e1725036319436.jpg","contentUrl":"https:\/\/www.nexoinformativo.mx\/wp-content\/uploads\/2024\/08\/PHOTO-2024-08-30-10-19-08-e1725036319436.jpg","width":800,"height":1067},{"@type":"BreadcrumbList","@id":"https:\/\/www.nexoinformativo.mx\/index.php\/2024\/08\/30\/policia-estatal-de-queretaro-localiza-a-mujer-con-protocolo-alba-activo-y-la-entrega-a-su-familia\/#breadcrumb","itemListElement":[{"@type":"ListItem","position":1,"name":"Inicio","item":"https:\/\/www.nexoinformativo.mx\/"},{"@type":"ListItem","position":2,"name":"Polic\u00eda Estatal de Quer\u00e9taro localiza a mujer con Protocolo Alba activo y la entrega a su familia"}]},{"@type":"WebSite","@id":"https:\/\/www.nexoinformativo.mx\/#website","url":"https:\/\/www.nexoinformativo.mx\/","name":"Nexo Informativo Santiago de Quer\u00e9taro","description":"Explora NexoInformativo y convi\u00e9rtete en parte de una comunidad que valora el conocimiento y la verdad. Tu nexoinformativo es tu puente hacia una comprensi\u00f3n m\u00e1s profunda del mundo que te rodea.","publisher":{"@id":"https:\/\/www.nexoinformativo.mx\/#organization"},"potentialAction":[{"@type":"SearchAction","target":{"@type":"EntryPoint","urlTemplate":"https:\/\/www.nexoinformativo.mx\/?s={search_term_string}"},"query-input":{"@type":"PropertyValueSpecification","valueRequired":true,"valueName":"search_term_string"}}],"inLanguage":"es"},{"@type":"Organization","@id":"https:\/\/www.nexoinformativo.mx\/#organization","name":"Nexo Informativo Santiago de Quer\u00e9taro","url":"https:\/\/www.nexoinformativo.mx\/","logo":{"@type":"ImageObject","inLanguage":"es","@id":"https:\/\/www.nexoinformativo.mx\/#\/schema\/logo\/image\/","url":"https:\/\/www.nexoinformativo.mx\/wp-content\/uploads\/2024\/07\/nexoi-trasparente-2.png","contentUrl":"https:\/\/www.nexoinformativo.mx\/wp-content\/uploads\/2024\/07\/nexoi-trasparente-2.png","width":816,"height":339,"caption":"Nexo Informativo Santiago de Quer\u00e9taro"},"image":{"@id":"https:\/\/www.nexoinformativo.mx\/#\/schema\/logo\/image\/"},"sameAs":["https:\/\/www.facebook.com\/people\/Nexo-Informativo\/61564066885511\/"]},{"@type":"Person","@id":"https:\/\/www.nexoinformativo.mx\/#\/schema\/person\/7749d380ba08c8ca00d7bc76fd907b7d","name":"Nexo Informativo","image":{"@type":"ImageObject","inLanguage":"es","@id":"https:\/\/www.nexoinformativo.mx\/#\/schema\/person\/image\/","url":"https:\/\/secure.gravatar.com\/avatar\/dde2928154642a13d95f87ddf1ea9718fe2b46760a005c53e41ff5ad610704e6?s=96&d=mm&r=g","contentUrl":"https:\/\/secure.gravatar.com\/avatar\/dde2928154642a13d95f87ddf1ea9718fe2b46760a005c53e41ff5ad610704e6?s=96&d=mm&r=g","caption":"Nexo Informativo"},"url":"https:\/\/www.nexoinformativo.mx\/index.php\/author\/edicion\/"}]}},"_links":{"self":[{"href":"https:\/\/www.nexoinformativo.mx\/index.php\/wp-json\/wp\/v2\/posts\/1311","targetHints":{"allow":["GET"]}}],"collection":[{"href":"https:\/\/www.nexoinformativo.mx\/index.php\/wp-json\/wp\/v2\/posts"}],"about":[{"href":"https:\/\/www.nexoinformativo.mx\/index.php\/wp-json\/wp\/v2\/types\/post"}],"author":[{"embeddable":true,"href":"https:\/\/www.nexoinformativo.mx\/index.php\/wp-json\/wp\/v2\/users\/3"}],"replies":[{"embeddable":true,"href":"https:\/\/www.nexoinformativo.mx\/index.php\/wp-json\/wp\/v2\/comments?post=1311"}],"version-history":[{"count":5,"href":"https:\/\/www.nexoinformativo.mx\/index.php\/wp-json\/wp\/v2\/posts\/1311\/revisions"}],"predecessor-version":[{"id":1315,"href":"https:\/\/www.nexoinformativo.mx\/index.php\/wp-json\/wp\/v2\/posts\/1311\/revisions\/1315"}],"wp:featuredmedia":[{"embeddable":true,"href":"https:\/\/www.nexoinformativo.mx\/index.php\/wp-json\/wp\/v2\/media\/1314"}],"wp:attachment":[{"href":"https:\/\/www.nexoinformativo.mx\/index.php\/wp-json\/wp\/v2\/media?parent=1311"}],"wp:term":[{"taxonomy":"category","embeddable":true,"href":"https:\/\/www.nexoinformativo.mx\/index.php\/wp-json\/wp\/v2\/categories?post=1311"},{"taxonomy":"post_tag","embeddable":true,"href":"https:\/\/www.nexoinformativo.mx\/index.php\/wp-json\/wp\/v2\/tags?post=1311"}],"curies":[{"name":"wp","href":"https:\/\/api.w.org\/{rel}","templated":true}]}}