{"id":13114,"date":"2025-03-20T13:00:05","date_gmt":"2025-03-20T19:00:05","guid":{"rendered":"https:\/\/www.nexoinformativo.mx\/?p=13114"},"modified":"2025-03-20T17:45:04","modified_gmt":"2025-03-20T23:45:04","slug":"los-detenidos-en-operativo-masivo-en-queretaro-seran-procesados-por-autoridades-federales","status":"publish","type":"post","link":"https:\/\/www.nexoinformativo.mx\/index.php\/2025\/03\/20\/los-detenidos-en-operativo-masivo-en-queretaro-seran-procesados-por-autoridades-federales\/","title":{"rendered":"Los detenidos en operativo masivo en Quer\u00e9taro ser\u00e1n procesados por autoridades Federales"},"content":{"rendered":"<p style=\"text-align: justify;\" data-sourcepos=\"13:1-13:354\">El presidente del Tribunal Superior de Justicia de Quer\u00e9taro, Braulio Guerra, inform\u00f3 que la justicia federal ser\u00e1 la encargada de continuar con el proceso de investigaci\u00f3n y juicio de las personas detenidas en los recientes operativos, incluyendo a los presuntos responsables del ataque al bar <strong>&#8220;Los Cantaritos&#8221;<\/strong>.<\/p>\n<p>&nbsp;<\/p>\n<p style=\"text-align: justify;\" data-sourcepos=\"15:1-15:285\">Guerra Urbiola explic\u00f3 que, debido a la naturaleza de los delitos y la participaci\u00f3n de autoridades federales en las detenciones, el caso se mantendr\u00e1 en el \u00e1mbito federal. Sin embargo, la Fiscal\u00eda General del Estado de Quer\u00e9taro colaborar\u00e1 estrechamente con las autoridades federales.<\/p>\n<p>&nbsp;<\/p>\n<p style=\"text-align: justify;\" data-sourcepos=\"17:1-17:394\">El presidente del Tribunal Superior de Justicia destac\u00f3 que los cateos realizados fueron otorgados en el marco de la ley y con el objetivo de facilitar las investigaciones.<\/p>\n<\/p>\n<p>&nbsp;<\/p>\n<p style=\"text-align: justify;\" data-sourcepos=\"17:1-17:394\">Adem\u00e1s, se\u00f1al\u00f3 que existen mecanismos para trasladar a centros penitenciarios de m\u00e1xima seguridad a aquellos reos que representen un peligro para la gobernabilidad o la seguridad de los internos en el CERESO de Quer\u00e9taro.<\/p>\n<p>&nbsp;<\/p>\n<p style=\"text-align: justify;\" data-sourcepos=\"19:1-19:135\">En Quer\u00e9taro, autoridades federales realizaron cuatro cateos, resultando en la detenci\u00f3n de dos presuntos l\u00edderes de grupos delictivos.<\/p>\n<p>&nbsp;<\/p>\n<p style=\"text-align: center;\" data-sourcepos=\"19:1-19:135\"><em><strong>\u00a1Informaci\u00f3n que transforma!<\/strong><\/em><\/p>\n","protected":false},"excerpt":{"rendered":"<p>El presidente del Tribunal Superior de Justicia de Quer\u00e9taro, Braulio Guerra, inform\u00f3 que la justicia federal ser\u00e1 la encargada de continuar con el proceso de investigaci\u00f3n y juicio de las personas detenidas en los recientes operativos, incluyendo a los presuntos responsables del ataque al bar &#8220;Los Cantaritos&#8221;. &nbsp; Guerra Urbiola explic\u00f3 que, debido a la [&hellip;]<\/p>\n","protected":false},"author":3,"featured_media":13115,"comment_status":"open","ping_status":"open","sticky":false,"template":"","format":"standard","meta":{"footnotes":""},"categories":[42,137,58],"tags":[3840,2154,242,1175],"class_list":["post-13114","post","type-post","status-publish","format-standard","has-post-thumbnail","hentry","category-estado","category-sucesos","category-ultima-hora","tag-justiciafederal","tag-loscantaritos","tag-queretaroseguro","tag-seguridadmexico"],"yoast_head":"<!-- This site is optimized with the Yoast SEO plugin v25.0 - https:\/\/yoast.com\/wordpress\/plugins\/seo\/ -->\n<title>Los detenidos en operativo masivo en Quer\u00e9taro ser\u00e1n procesados por autoridades Federales | Nexo Informativo Santiago de Quer\u00e9taro<\/title>\n<meta name=\"description\" content=\"Los detenidos en operativo masivo en Quer\u00e9taro ser\u00e1n procesados por autoridades Federales\" \/>\n<meta name=\"robots\" content=\"index, follow, max-snippet:-1, max-image-preview:large, max-video-preview:-1\" \/>\n<link rel=\"canonical\" href=\"https:\/\/www.nexoinformativo.mx\/index.php\/2025\/03\/20\/los-detenidos-en-operativo-masivo-en-queretaro-seran-procesados-por-autoridades-federales\/\" \/>\n<meta property=\"og:locale\" content=\"es_MX\" \/>\n<meta property=\"og:type\" content=\"article\" \/>\n<meta property=\"og:title\" content=\"Los detenidos en operativo masivo en Quer\u00e9taro ser\u00e1n procesados por autoridades Federales | Nexo Informativo Santiago de Quer\u00e9taro\" \/>\n<meta property=\"og:description\" content=\"Los detenidos en operativo masivo en Quer\u00e9taro ser\u00e1n procesados por autoridades Federales\" \/>\n<meta property=\"og:url\" content=\"https:\/\/www.nexoinformativo.mx\/index.php\/2025\/03\/20\/los-detenidos-en-operativo-masivo-en-queretaro-seran-procesados-por-autoridades-federales\/\" \/>\n<meta property=\"og:site_name\" content=\"Nexo Informativo Santiago de Quer\u00e9taro\" \/>\n<meta property=\"article:publisher\" content=\"https:\/\/www.facebook.com\/people\/Nexo-Informativo\/61564066885511\/\" \/>\n<meta property=\"article:published_time\" content=\"2025-03-20T19:00:05+00:00\" \/>\n<meta property=\"article:modified_time\" content=\"2025-03-20T23:45:04+00:00\" \/>\n<meta property=\"og:image\" content=\"https:\/\/www.nexoinformativo.mx\/wp-content\/uploads\/2025\/03\/4f193281-0a43-4a9b-b5ed-d4f11e45336a-e1742514266419.jpg\" \/>\n\t<meta property=\"og:image:width\" content=\"800\" \/>\n\t<meta property=\"og:image:height\" content=\"600\" \/>\n\t<meta property=\"og:image:type\" content=\"image\/jpeg\" \/>\n<meta name=\"author\" content=\"Nexo Informativo\" \/>\n<meta name=\"twitter:card\" content=\"summary_large_image\" \/>\n<meta name=\"twitter:label1\" content=\"Escrito por\" \/>\n\t<meta name=\"twitter:data1\" content=\"Nexo Informativo\" \/>\n\t<meta name=\"twitter:label2\" content=\"Tiempo de lectura\" \/>\n\t<meta name=\"twitter:data2\" content=\"1 minuto\" \/>\n<script type=\"application\/ld+json\" class=\"yoast-schema-graph\">{\"@context\":\"https:\/\/schema.org\",\"@graph\":[{\"@type\":\"Article\",\"@id\":\"https:\/\/www.nexoinformativo.mx\/index.php\/2025\/03\/20\/los-detenidos-en-operativo-masivo-en-queretaro-seran-procesados-por-autoridades-federales\/#article\",\"isPartOf\":{\"@id\":\"https:\/\/www.nexoinformativo.mx\/index.php\/2025\/03\/20\/los-detenidos-en-operativo-masivo-en-queretaro-seran-procesados-por-autoridades-federales\/\"},\"author\":{\"name\":\"Nexo Informativo\",\"@id\":\"https:\/\/www.nexoinformativo.mx\/#\/schema\/person\/7749d380ba08c8ca00d7bc76fd907b7d\"},\"headline\":\"Los detenidos en operativo masivo en Quer\u00e9taro ser\u00e1n procesados por autoridades Federales\",\"datePublished\":\"2025-03-20T19:00:05+00:00\",\"dateModified\":\"2025-03-20T23:45:04+00:00\",\"mainEntityOfPage\":{\"@id\":\"https:\/\/www.nexoinformativo.mx\/index.php\/2025\/03\/20\/los-detenidos-en-operativo-masivo-en-queretaro-seran-procesados-por-autoridades-federales\/\"},\"wordCount\":205,\"commentCount\":0,\"publisher\":{\"@id\":\"https:\/\/www.nexoinformativo.mx\/#organization\"},\"image\":{\"@id\":\"https:\/\/www.nexoinformativo.mx\/index.php\/2025\/03\/20\/los-detenidos-en-operativo-masivo-en-queretaro-seran-procesados-por-autoridades-federales\/#primaryimage\"},\"thumbnailUrl\":\"https:\/\/www.nexoinformativo.mx\/wp-content\/uploads\/2025\/03\/4f193281-0a43-4a9b-b5ed-d4f11e45336a-e1742514266419.jpg\",\"keywords\":[\"JusticiaFederal\",\"LosCantaritos\",\"QueretaroSeguro\",\"SeguridadM\u00e9xico\"],\"articleSection\":[\"Estado\",\"Sucesos\",\"\u00daltima Hora\"],\"inLanguage\":\"es\",\"potentialAction\":[{\"@type\":\"CommentAction\",\"name\":\"Comment\",\"target\":[\"https:\/\/www.nexoinformativo.mx\/index.php\/2025\/03\/20\/los-detenidos-en-operativo-masivo-en-queretaro-seran-procesados-por-autoridades-federales\/#respond\"]}]},{\"@type\":\"WebPage\",\"@id\":\"https:\/\/www.nexoinformativo.mx\/index.php\/2025\/03\/20\/los-detenidos-en-operativo-masivo-en-queretaro-seran-procesados-por-autoridades-federales\/\",\"url\":\"https:\/\/www.nexoinformativo.mx\/index.php\/2025\/03\/20\/los-detenidos-en-operativo-masivo-en-queretaro-seran-procesados-por-autoridades-federales\/\",\"name\":\"Los detenidos en operativo masivo en Quer\u00e9taro ser\u00e1n procesados por autoridades Federales | Nexo Informativo Santiago de Quer\u00e9taro\",\"isPartOf\":{\"@id\":\"https:\/\/www.nexoinformativo.mx\/#website\"},\"primaryImageOfPage\":{\"@id\":\"https:\/\/www.nexoinformativo.mx\/index.php\/2025\/03\/20\/los-detenidos-en-operativo-masivo-en-queretaro-seran-procesados-por-autoridades-federales\/#primaryimage\"},\"image\":{\"@id\":\"https:\/\/www.nexoinformativo.mx\/index.php\/2025\/03\/20\/los-detenidos-en-operativo-masivo-en-queretaro-seran-procesados-por-autoridades-federales\/#primaryimage\"},\"thumbnailUrl\":\"https:\/\/www.nexoinformativo.mx\/wp-content\/uploads\/2025\/03\/4f193281-0a43-4a9b-b5ed-d4f11e45336a-e1742514266419.jpg\",\"datePublished\":\"2025-03-20T19:00:05+00:00\",\"dateModified\":\"2025-03-20T23:45:04+00:00\",\"description\":\"Los detenidos en operativo masivo en Quer\u00e9taro ser\u00e1n procesados por autoridades Federales\",\"breadcrumb\":{\"@id\":\"https:\/\/www.nexoinformativo.mx\/index.php\/2025\/03\/20\/los-detenidos-en-operativo-masivo-en-queretaro-seran-procesados-por-autoridades-federales\/#breadcrumb\"},\"inLanguage\":\"es\",\"potentialAction\":[{\"@type\":\"ReadAction\",\"target\":[\"https:\/\/www.nexoinformativo.mx\/index.php\/2025\/03\/20\/los-detenidos-en-operativo-masivo-en-queretaro-seran-procesados-por-autoridades-federales\/\"]}]},{\"@type\":\"ImageObject\",\"inLanguage\":\"es\",\"@id\":\"https:\/\/www.nexoinformativo.mx\/index.php\/2025\/03\/20\/los-detenidos-en-operativo-masivo-en-queretaro-seran-procesados-por-autoridades-federales\/#primaryimage\",\"url\":\"https:\/\/www.nexoinformativo.mx\/wp-content\/uploads\/2025\/03\/4f193281-0a43-4a9b-b5ed-d4f11e45336a-e1742514266419.jpg\",\"contentUrl\":\"https:\/\/www.nexoinformativo.mx\/wp-content\/uploads\/2025\/03\/4f193281-0a43-4a9b-b5ed-d4f11e45336a-e1742514266419.jpg\",\"width\":800,\"height\":600},{\"@type\":\"BreadcrumbList\",\"@id\":\"https:\/\/www.nexoinformativo.mx\/index.php\/2025\/03\/20\/los-detenidos-en-operativo-masivo-en-queretaro-seran-procesados-por-autoridades-federales\/#breadcrumb\",\"itemListElement\":[{\"@type\":\"ListItem\",\"position\":1,\"name\":\"Inicio\",\"item\":\"https:\/\/www.nexoinformativo.mx\/\"},{\"@type\":\"ListItem\",\"position\":2,\"name\":\"Los detenidos en operativo masivo en Quer\u00e9taro ser\u00e1n procesados por autoridades Federales\"}]},{\"@type\":\"WebSite\",\"@id\":\"https:\/\/www.nexoinformativo.mx\/#website\",\"url\":\"https:\/\/www.nexoinformativo.mx\/\",\"name\":\"Nexo Informativo Santiago de Quer\u00e9taro\",\"description\":\"Explora NexoInformativo y convi\u00e9rtete en parte de una comunidad que valora el conocimiento y la verdad. Tu nexoinformativo es tu puente hacia una comprensi\u00f3n m\u00e1s profunda del mundo que te rodea.\",\"publisher\":{\"@id\":\"https:\/\/www.nexoinformativo.mx\/#organization\"},\"potentialAction\":[{\"@type\":\"SearchAction\",\"target\":{\"@type\":\"EntryPoint\",\"urlTemplate\":\"https:\/\/www.nexoinformativo.mx\/?s={search_term_string}\"},\"query-input\":{\"@type\":\"PropertyValueSpecification\",\"valueRequired\":true,\"valueName\":\"search_term_string\"}}],\"inLanguage\":\"es\"},{\"@type\":\"Organization\",\"@id\":\"https:\/\/www.nexoinformativo.mx\/#organization\",\"name\":\"Nexo Informativo Santiago de Quer\u00e9taro\",\"url\":\"https:\/\/www.nexoinformativo.mx\/\",\"logo\":{\"@type\":\"ImageObject\",\"inLanguage\":\"es\",\"@id\":\"https:\/\/www.nexoinformativo.mx\/#\/schema\/logo\/image\/\",\"url\":\"https:\/\/www.nexoinformativo.mx\/wp-content\/uploads\/2024\/07\/nexoi-trasparente-2.png\",\"contentUrl\":\"https:\/\/www.nexoinformativo.mx\/wp-content\/uploads\/2024\/07\/nexoi-trasparente-2.png\",\"width\":816,\"height\":339,\"caption\":\"Nexo Informativo Santiago de Quer\u00e9taro\"},\"image\":{\"@id\":\"https:\/\/www.nexoinformativo.mx\/#\/schema\/logo\/image\/\"},\"sameAs\":[\"https:\/\/www.facebook.com\/people\/Nexo-Informativo\/61564066885511\/\"]},{\"@type\":\"Person\",\"@id\":\"https:\/\/www.nexoinformativo.mx\/#\/schema\/person\/7749d380ba08c8ca00d7bc76fd907b7d\",\"name\":\"Nexo Informativo\",\"image\":{\"@type\":\"ImageObject\",\"inLanguage\":\"es\",\"@id\":\"https:\/\/www.nexoinformativo.mx\/#\/schema\/person\/image\/\",\"url\":\"https:\/\/secure.gravatar.com\/avatar\/dde2928154642a13d95f87ddf1ea9718fe2b46760a005c53e41ff5ad610704e6?s=96&d=mm&r=g\",\"contentUrl\":\"https:\/\/secure.gravatar.com\/avatar\/dde2928154642a13d95f87ddf1ea9718fe2b46760a005c53e41ff5ad610704e6?s=96&d=mm&r=g\",\"caption\":\"Nexo Informativo\"},\"url\":\"https:\/\/www.nexoinformativo.mx\/index.php\/author\/edicion\/\"}]}<\/script>\n<!-- \/ Yoast SEO plugin. -->","yoast_head_json":{"title":"Los detenidos en operativo masivo en Quer\u00e9taro ser\u00e1n procesados por autoridades Federales | Nexo Informativo Santiago de Quer\u00e9taro","description":"Los detenidos en operativo masivo en Quer\u00e9taro ser\u00e1n procesados por autoridades Federales","robots":{"index":"index","follow":"follow","max-snippet":"max-snippet:-1","max-image-preview":"max-image-preview:large","max-video-preview":"max-video-preview:-1"},"canonical":"https:\/\/www.nexoinformativo.mx\/index.php\/2025\/03\/20\/los-detenidos-en-operativo-masivo-en-queretaro-seran-procesados-por-autoridades-federales\/","og_locale":"es_MX","og_type":"article","og_title":"Los detenidos en operativo masivo en Quer\u00e9taro ser\u00e1n procesados por autoridades Federales | Nexo Informativo Santiago de Quer\u00e9taro","og_description":"Los detenidos en operativo masivo en Quer\u00e9taro ser\u00e1n procesados por autoridades Federales","og_url":"https:\/\/www.nexoinformativo.mx\/index.php\/2025\/03\/20\/los-detenidos-en-operativo-masivo-en-queretaro-seran-procesados-por-autoridades-federales\/","og_site_name":"Nexo Informativo Santiago de Quer\u00e9taro","article_publisher":"https:\/\/www.facebook.com\/people\/Nexo-Informativo\/61564066885511\/","article_published_time":"2025-03-20T19:00:05+00:00","article_modified_time":"2025-03-20T23:45:04+00:00","og_image":[{"width":800,"height":600,"url":"https:\/\/www.nexoinformativo.mx\/wp-content\/uploads\/2025\/03\/4f193281-0a43-4a9b-b5ed-d4f11e45336a-e1742514266419.jpg","type":"image\/jpeg"}],"author":"Nexo Informativo","twitter_card":"summary_large_image","twitter_misc":{"Escrito por":"Nexo Informativo","Tiempo de lectura":"1 minuto"},"schema":{"@context":"https:\/\/schema.org","@graph":[{"@type":"Article","@id":"https:\/\/www.nexoinformativo.mx\/index.php\/2025\/03\/20\/los-detenidos-en-operativo-masivo-en-queretaro-seran-procesados-por-autoridades-federales\/#article","isPartOf":{"@id":"https:\/\/www.nexoinformativo.mx\/index.php\/2025\/03\/20\/los-detenidos-en-operativo-masivo-en-queretaro-seran-procesados-por-autoridades-federales\/"},"author":{"name":"Nexo Informativo","@id":"https:\/\/www.nexoinformativo.mx\/#\/schema\/person\/7749d380ba08c8ca00d7bc76fd907b7d"},"headline":"Los detenidos en operativo masivo en Quer\u00e9taro ser\u00e1n procesados por autoridades Federales","datePublished":"2025-03-20T19:00:05+00:00","dateModified":"2025-03-20T23:45:04+00:00","mainEntityOfPage":{"@id":"https:\/\/www.nexoinformativo.mx\/index.php\/2025\/03\/20\/los-detenidos-en-operativo-masivo-en-queretaro-seran-procesados-por-autoridades-federales\/"},"wordCount":205,"commentCount":0,"publisher":{"@id":"https:\/\/www.nexoinformativo.mx\/#organization"},"image":{"@id":"https:\/\/www.nexoinformativo.mx\/index.php\/2025\/03\/20\/los-detenidos-en-operativo-masivo-en-queretaro-seran-procesados-por-autoridades-federales\/#primaryimage"},"thumbnailUrl":"https:\/\/www.nexoinformativo.mx\/wp-content\/uploads\/2025\/03\/4f193281-0a43-4a9b-b5ed-d4f11e45336a-e1742514266419.jpg","keywords":["JusticiaFederal","LosCantaritos","QueretaroSeguro","SeguridadM\u00e9xico"],"articleSection":["Estado","Sucesos","\u00daltima Hora"],"inLanguage":"es","potentialAction":[{"@type":"CommentAction","name":"Comment","target":["https:\/\/www.nexoinformativo.mx\/index.php\/2025\/03\/20\/los-detenidos-en-operativo-masivo-en-queretaro-seran-procesados-por-autoridades-federales\/#respond"]}]},{"@type":"WebPage","@id":"https:\/\/www.nexoinformativo.mx\/index.php\/2025\/03\/20\/los-detenidos-en-operativo-masivo-en-queretaro-seran-procesados-por-autoridades-federales\/","url":"https:\/\/www.nexoinformativo.mx\/index.php\/2025\/03\/20\/los-detenidos-en-operativo-masivo-en-queretaro-seran-procesados-por-autoridades-federales\/","name":"Los detenidos en operativo masivo en Quer\u00e9taro ser\u00e1n procesados por autoridades Federales | Nexo Informativo Santiago de Quer\u00e9taro","isPartOf":{"@id":"https:\/\/www.nexoinformativo.mx\/#website"},"primaryImageOfPage":{"@id":"https:\/\/www.nexoinformativo.mx\/index.php\/2025\/03\/20\/los-detenidos-en-operativo-masivo-en-queretaro-seran-procesados-por-autoridades-federales\/#primaryimage"},"image":{"@id":"https:\/\/www.nexoinformativo.mx\/index.php\/2025\/03\/20\/los-detenidos-en-operativo-masivo-en-queretaro-seran-procesados-por-autoridades-federales\/#primaryimage"},"thumbnailUrl":"https:\/\/www.nexoinformativo.mx\/wp-content\/uploads\/2025\/03\/4f193281-0a43-4a9b-b5ed-d4f11e45336a-e1742514266419.jpg","datePublished":"2025-03-20T19:00:05+00:00","dateModified":"2025-03-20T23:45:04+00:00","description":"Los detenidos en operativo masivo en Quer\u00e9taro ser\u00e1n procesados por autoridades Federales","breadcrumb":{"@id":"https:\/\/www.nexoinformativo.mx\/index.php\/2025\/03\/20\/los-detenidos-en-operativo-masivo-en-queretaro-seran-procesados-por-autoridades-federales\/#breadcrumb"},"inLanguage":"es","potentialAction":[{"@type":"ReadAction","target":["https:\/\/www.nexoinformativo.mx\/index.php\/2025\/03\/20\/los-detenidos-en-operativo-masivo-en-queretaro-seran-procesados-por-autoridades-federales\/"]}]},{"@type":"ImageObject","inLanguage":"es","@id":"https:\/\/www.nexoinformativo.mx\/index.php\/2025\/03\/20\/los-detenidos-en-operativo-masivo-en-queretaro-seran-procesados-por-autoridades-federales\/#primaryimage","url":"https:\/\/www.nexoinformativo.mx\/wp-content\/uploads\/2025\/03\/4f193281-0a43-4a9b-b5ed-d4f11e45336a-e1742514266419.jpg","contentUrl":"https:\/\/www.nexoinformativo.mx\/wp-content\/uploads\/2025\/03\/4f193281-0a43-4a9b-b5ed-d4f11e45336a-e1742514266419.jpg","width":800,"height":600},{"@type":"BreadcrumbList","@id":"https:\/\/www.nexoinformativo.mx\/index.php\/2025\/03\/20\/los-detenidos-en-operativo-masivo-en-queretaro-seran-procesados-por-autoridades-federales\/#breadcrumb","itemListElement":[{"@type":"ListItem","position":1,"name":"Inicio","item":"https:\/\/www.nexoinformativo.mx\/"},{"@type":"ListItem","position":2,"name":"Los detenidos en operativo masivo en Quer\u00e9taro ser\u00e1n procesados por autoridades Federales"}]},{"@type":"WebSite","@id":"https:\/\/www.nexoinformativo.mx\/#website","url":"https:\/\/www.nexoinformativo.mx\/","name":"Nexo Informativo Santiago de Quer\u00e9taro","description":"Explora NexoInformativo y convi\u00e9rtete en parte de una comunidad que valora el conocimiento y la verdad. Tu nexoinformativo es tu puente hacia una comprensi\u00f3n m\u00e1s profunda del mundo que te rodea.","publisher":{"@id":"https:\/\/www.nexoinformativo.mx\/#organization"},"potentialAction":[{"@type":"SearchAction","target":{"@type":"EntryPoint","urlTemplate":"https:\/\/www.nexoinformativo.mx\/?s={search_term_string}"},"query-input":{"@type":"PropertyValueSpecification","valueRequired":true,"valueName":"search_term_string"}}],"inLanguage":"es"},{"@type":"Organization","@id":"https:\/\/www.nexoinformativo.mx\/#organization","name":"Nexo Informativo Santiago de Quer\u00e9taro","url":"https:\/\/www.nexoinformativo.mx\/","logo":{"@type":"ImageObject","inLanguage":"es","@id":"https:\/\/www.nexoinformativo.mx\/#\/schema\/logo\/image\/","url":"https:\/\/www.nexoinformativo.mx\/wp-content\/uploads\/2024\/07\/nexoi-trasparente-2.png","contentUrl":"https:\/\/www.nexoinformativo.mx\/wp-content\/uploads\/2024\/07\/nexoi-trasparente-2.png","width":816,"height":339,"caption":"Nexo Informativo Santiago de Quer\u00e9taro"},"image":{"@id":"https:\/\/www.nexoinformativo.mx\/#\/schema\/logo\/image\/"},"sameAs":["https:\/\/www.facebook.com\/people\/Nexo-Informativo\/61564066885511\/"]},{"@type":"Person","@id":"https:\/\/www.nexoinformativo.mx\/#\/schema\/person\/7749d380ba08c8ca00d7bc76fd907b7d","name":"Nexo Informativo","image":{"@type":"ImageObject","inLanguage":"es","@id":"https:\/\/www.nexoinformativo.mx\/#\/schema\/person\/image\/","url":"https:\/\/secure.gravatar.com\/avatar\/dde2928154642a13d95f87ddf1ea9718fe2b46760a005c53e41ff5ad610704e6?s=96&d=mm&r=g","contentUrl":"https:\/\/secure.gravatar.com\/avatar\/dde2928154642a13d95f87ddf1ea9718fe2b46760a005c53e41ff5ad610704e6?s=96&d=mm&r=g","caption":"Nexo Informativo"},"url":"https:\/\/www.nexoinformativo.mx\/index.php\/author\/edicion\/"}]}},"_links":{"self":[{"href":"https:\/\/www.nexoinformativo.mx\/index.php\/wp-json\/wp\/v2\/posts\/13114","targetHints":{"allow":["GET"]}}],"collection":[{"href":"https:\/\/www.nexoinformativo.mx\/index.php\/wp-json\/wp\/v2\/posts"}],"about":[{"href":"https:\/\/www.nexoinformativo.mx\/index.php\/wp-json\/wp\/v2\/types\/post"}],"author":[{"embeddable":true,"href":"https:\/\/www.nexoinformativo.mx\/index.php\/wp-json\/wp\/v2\/users\/3"}],"replies":[{"embeddable":true,"href":"https:\/\/www.nexoinformativo.mx\/index.php\/wp-json\/wp\/v2\/comments?post=13114"}],"version-history":[{"count":4,"href":"https:\/\/www.nexoinformativo.mx\/index.php\/wp-json\/wp\/v2\/posts\/13114\/revisions"}],"predecessor-version":[{"id":13119,"href":"https:\/\/www.nexoinformativo.mx\/index.php\/wp-json\/wp\/v2\/posts\/13114\/revisions\/13119"}],"wp:featuredmedia":[{"embeddable":true,"href":"https:\/\/www.nexoinformativo.mx\/index.php\/wp-json\/wp\/v2\/media\/13115"}],"wp:attachment":[{"href":"https:\/\/www.nexoinformativo.mx\/index.php\/wp-json\/wp\/v2\/media?parent=13114"}],"wp:term":[{"taxonomy":"category","embeddable":true,"href":"https:\/\/www.nexoinformativo.mx\/index.php\/wp-json\/wp\/v2\/categories?post=13114"},{"taxonomy":"post_tag","embeddable":true,"href":"https:\/\/www.nexoinformativo.mx\/index.php\/wp-json\/wp\/v2\/tags?post=13114"}],"curies":[{"name":"wp","href":"https:\/\/api.w.org\/{rel}","templated":true}]}}