{"id":13120,"date":"2025-03-20T14:00:10","date_gmt":"2025-03-20T20:00:10","guid":{"rendered":"https:\/\/www.nexoinformativo.mx\/?p=13120"},"modified":"2025-03-20T17:51:24","modified_gmt":"2025-03-20T23:51:24","slug":"programa-bacheton-con-exito-la-sict-reporta-avance-del-95-en-programa-de-rehabilitacion-de-carreteras","status":"publish","type":"post","link":"https:\/\/www.nexoinformativo.mx\/index.php\/2025\/03\/20\/programa-bacheton-con-exito-la-sict-reporta-avance-del-95-en-programa-de-rehabilitacion-de-carreteras\/","title":{"rendered":"Programa Bachet\u00f3n con \u00e9xito la SICT reporta avance del 95% en programa de rehabilitaci\u00f3n de carreteras"},"content":{"rendered":"<p style=\"text-align: justify;\" data-sourcepos=\"13:1-13:288\"><strong>El Programa Bachet\u00f3n<\/strong>, impulsado por la Secretar\u00eda de Infraestructura, Comunicaciones y Transportes (SICT), ha alcanzado un avance del 95% en la rehabilitaci\u00f3n de carreteras federales, acerc\u00e1ndose a la meta de 44 mil 120 kil\u00f3metros previstos a nivel nacional.<\/p>\n<\/p>\n<p>&nbsp;<\/p>\n<p style=\"text-align: justify;\" data-sourcepos=\"15:1-15:173\">Seg\u00fan inform\u00f3 la SICT, que encabeza Jes\u00fas Antonio Esteva Medina, hasta el momento se han rehabilitado 41 mil 900 kil\u00f3metros y se han reparado 276 mil baches en todo el pa\u00eds.<\/p>\n<\/p>\n<p>&nbsp;<\/p>\n<p style=\"text-align: justify;\" data-sourcepos=\"17:1-17:147\">Para estas labores, se han utilizado 198 mil 600 toneladas de mezcla asf\u00e1ltica, cubriendo una superficie de un mill\u00f3n 233 mil 400 metros cuadrados.<\/p>\n<\/p>\n<p>&nbsp;<\/p>\n<p style=\"text-align: justify;\" data-sourcepos=\"19:1-19:164\">Diez estados de la Rep\u00fablica han completado al 100% su meta: Colima, Coahuila, Baja California Sur, Chiapas, Guerrero, Morelos, Nayarit, Tlaxcala, Sonora y Yucat\u00e1n.<\/p>\n<\/p>\n<p>&nbsp;<\/p>\n<p style=\"text-align: justify;\" data-sourcepos=\"21:1-21:130\">El resto de los estados presentan avances significativos, aunque algunos como Sinaloa y Guanajuato a\u00fan tienen trabajo por delante.<\/p>\n<\/p>\n<p>&nbsp;<\/p>\n<p style=\"text-align: justify;\" data-sourcepos=\"23:1-23:114\">Adem\u00e1s, el Programa de Conservaci\u00f3n Peri\u00f3dica, que busca rehabilitar 688 kil\u00f3metros, presenta un avance del 54.8%.<\/p>\n<\/p>\n<p>&nbsp;<\/p>\n<p style=\"text-align: justify;\" data-sourcepos=\"25:1-25:115\">En estas acciones participan 330 cuadrillas y m\u00e1s de 2 mil 300 trabajadores, apoyados por maquinaria especializada.<\/p>\n<\/p>\n<p>&nbsp;<\/p>\n<p style=\"text-align: center;\" data-sourcepos=\"25:1-25:115\"><em><strong>\u00a1Informaci\u00f3n que transforma!<\/strong><\/em><\/p>\n","protected":false},"excerpt":{"rendered":"<p>El Programa Bachet\u00f3n, impulsado por la Secretar\u00eda de Infraestructura, Comunicaciones y Transportes (SICT), ha alcanzado un avance del 95% en la rehabilitaci\u00f3n de carreteras federales, acerc\u00e1ndose a la meta de 44 mil 120 kil\u00f3metros previstos a nivel nacional.<\/p>\n","protected":false},"author":3,"featured_media":13121,"comment_status":"open","ping_status":"open","sticky":false,"template":"","format":"standard","meta":{"footnotes":""},"categories":[88,58],"tags":[1297,3841,734,1608],"class_list":["post-13120","post","type-post","status-publish","format-standard","has-post-thumbnail","hentry","category-nacional","category-ultima-hora","tag-bacheton","tag-carreterasmexico","tag-infraestructura","tag-sict"],"yoast_head":"<!-- This site is optimized with the Yoast SEO plugin v25.0 - https:\/\/yoast.com\/wordpress\/plugins\/seo\/ -->\n<title>Programa Bachet\u00f3n con \u00e9xito la SICT reporta avance del 95% en programa de rehabilitaci\u00f3n de carreteras | Nexo Informativo Santiago de Quer\u00e9taro<\/title>\n<meta name=\"description\" content=\"Programa Bachet\u00f3n con \u00e9xito la SICT reporta avance del 95% en programa de rehabilitaci\u00f3n de carreteras\" \/>\n<meta name=\"robots\" content=\"index, follow, max-snippet:-1, max-image-preview:large, max-video-preview:-1\" \/>\n<link rel=\"canonical\" href=\"https:\/\/www.nexoinformativo.mx\/index.php\/2025\/03\/20\/programa-bacheton-con-exito-la-sict-reporta-avance-del-95-en-programa-de-rehabilitacion-de-carreteras\/\" \/>\n<meta property=\"og:locale\" content=\"es_MX\" \/>\n<meta property=\"og:type\" content=\"article\" \/>\n<meta property=\"og:title\" content=\"Programa Bachet\u00f3n con \u00e9xito la SICT reporta avance del 95% en programa de rehabilitaci\u00f3n de carreteras | Nexo Informativo Santiago de Quer\u00e9taro\" \/>\n<meta property=\"og:description\" content=\"Programa Bachet\u00f3n con \u00e9xito la SICT reporta avance del 95% en programa de rehabilitaci\u00f3n de carreteras\" \/>\n<meta property=\"og:url\" content=\"https:\/\/www.nexoinformativo.mx\/index.php\/2025\/03\/20\/programa-bacheton-con-exito-la-sict-reporta-avance-del-95-en-programa-de-rehabilitacion-de-carreteras\/\" \/>\n<meta property=\"og:site_name\" content=\"Nexo Informativo Santiago de Quer\u00e9taro\" \/>\n<meta property=\"article:publisher\" content=\"https:\/\/www.facebook.com\/people\/Nexo-Informativo\/61564066885511\/\" \/>\n<meta property=\"article:published_time\" content=\"2025-03-20T20:00:10+00:00\" \/>\n<meta property=\"article:modified_time\" content=\"2025-03-20T23:51:24+00:00\" \/>\n<meta property=\"og:image\" content=\"https:\/\/www.nexoinformativo.mx\/wp-content\/uploads\/2025\/03\/IMG_1802-e1742514583664.jpg\" \/>\n\t<meta property=\"og:image:width\" content=\"800\" \/>\n\t<meta property=\"og:image:height\" content=\"600\" \/>\n\t<meta property=\"og:image:type\" content=\"image\/jpeg\" \/>\n<meta name=\"author\" content=\"Nexo Informativo\" \/>\n<meta name=\"twitter:card\" content=\"summary_large_image\" \/>\n<meta name=\"twitter:label1\" content=\"Escrito por\" \/>\n\t<meta name=\"twitter:data1\" content=\"Nexo Informativo\" \/>\n\t<meta name=\"twitter:label2\" content=\"Tiempo de lectura\" \/>\n\t<meta name=\"twitter:data2\" content=\"1 minuto\" \/>\n<script type=\"application\/ld+json\" class=\"yoast-schema-graph\">{\"@context\":\"https:\/\/schema.org\",\"@graph\":[{\"@type\":\"Article\",\"@id\":\"https:\/\/www.nexoinformativo.mx\/index.php\/2025\/03\/20\/programa-bacheton-con-exito-la-sict-reporta-avance-del-95-en-programa-de-rehabilitacion-de-carreteras\/#article\",\"isPartOf\":{\"@id\":\"https:\/\/www.nexoinformativo.mx\/index.php\/2025\/03\/20\/programa-bacheton-con-exito-la-sict-reporta-avance-del-95-en-programa-de-rehabilitacion-de-carreteras\/\"},\"author\":{\"name\":\"Nexo Informativo\",\"@id\":\"https:\/\/www.nexoinformativo.mx\/#\/schema\/person\/7749d380ba08c8ca00d7bc76fd907b7d\"},\"headline\":\"Programa Bachet\u00f3n con \u00e9xito la SICT reporta avance del 95% en programa de rehabilitaci\u00f3n de carreteras\",\"datePublished\":\"2025-03-20T20:00:10+00:00\",\"dateModified\":\"2025-03-20T23:51:24+00:00\",\"mainEntityOfPage\":{\"@id\":\"https:\/\/www.nexoinformativo.mx\/index.php\/2025\/03\/20\/programa-bacheton-con-exito-la-sict-reporta-avance-del-95-en-programa-de-rehabilitacion-de-carreteras\/\"},\"wordCount\":200,\"commentCount\":0,\"publisher\":{\"@id\":\"https:\/\/www.nexoinformativo.mx\/#organization\"},\"image\":{\"@id\":\"https:\/\/www.nexoinformativo.mx\/index.php\/2025\/03\/20\/programa-bacheton-con-exito-la-sict-reporta-avance-del-95-en-programa-de-rehabilitacion-de-carreteras\/#primaryimage\"},\"thumbnailUrl\":\"https:\/\/www.nexoinformativo.mx\/wp-content\/uploads\/2025\/03\/IMG_1802-e1742514583664.jpg\",\"keywords\":[\"Bachet\u00f3n\",\"CarreterasM\u00e9xico\",\"Infraestructura\",\"SICT\"],\"articleSection\":[\"Nacional\",\"\u00daltima Hora\"],\"inLanguage\":\"es\",\"potentialAction\":[{\"@type\":\"CommentAction\",\"name\":\"Comment\",\"target\":[\"https:\/\/www.nexoinformativo.mx\/index.php\/2025\/03\/20\/programa-bacheton-con-exito-la-sict-reporta-avance-del-95-en-programa-de-rehabilitacion-de-carreteras\/#respond\"]}]},{\"@type\":\"WebPage\",\"@id\":\"https:\/\/www.nexoinformativo.mx\/index.php\/2025\/03\/20\/programa-bacheton-con-exito-la-sict-reporta-avance-del-95-en-programa-de-rehabilitacion-de-carreteras\/\",\"url\":\"https:\/\/www.nexoinformativo.mx\/index.php\/2025\/03\/20\/programa-bacheton-con-exito-la-sict-reporta-avance-del-95-en-programa-de-rehabilitacion-de-carreteras\/\",\"name\":\"Programa Bachet\u00f3n con \u00e9xito la SICT reporta avance del 95% en programa de rehabilitaci\u00f3n de carreteras | Nexo Informativo Santiago de Quer\u00e9taro\",\"isPartOf\":{\"@id\":\"https:\/\/www.nexoinformativo.mx\/#website\"},\"primaryImageOfPage\":{\"@id\":\"https:\/\/www.nexoinformativo.mx\/index.php\/2025\/03\/20\/programa-bacheton-con-exito-la-sict-reporta-avance-del-95-en-programa-de-rehabilitacion-de-carreteras\/#primaryimage\"},\"image\":{\"@id\":\"https:\/\/www.nexoinformativo.mx\/index.php\/2025\/03\/20\/programa-bacheton-con-exito-la-sict-reporta-avance-del-95-en-programa-de-rehabilitacion-de-carreteras\/#primaryimage\"},\"thumbnailUrl\":\"https:\/\/www.nexoinformativo.mx\/wp-content\/uploads\/2025\/03\/IMG_1802-e1742514583664.jpg\",\"datePublished\":\"2025-03-20T20:00:10+00:00\",\"dateModified\":\"2025-03-20T23:51:24+00:00\",\"description\":\"Programa Bachet\u00f3n con \u00e9xito la SICT reporta avance del 95% en programa de rehabilitaci\u00f3n de carreteras\",\"breadcrumb\":{\"@id\":\"https:\/\/www.nexoinformativo.mx\/index.php\/2025\/03\/20\/programa-bacheton-con-exito-la-sict-reporta-avance-del-95-en-programa-de-rehabilitacion-de-carreteras\/#breadcrumb\"},\"inLanguage\":\"es\",\"potentialAction\":[{\"@type\":\"ReadAction\",\"target\":[\"https:\/\/www.nexoinformativo.mx\/index.php\/2025\/03\/20\/programa-bacheton-con-exito-la-sict-reporta-avance-del-95-en-programa-de-rehabilitacion-de-carreteras\/\"]}]},{\"@type\":\"ImageObject\",\"inLanguage\":\"es\",\"@id\":\"https:\/\/www.nexoinformativo.mx\/index.php\/2025\/03\/20\/programa-bacheton-con-exito-la-sict-reporta-avance-del-95-en-programa-de-rehabilitacion-de-carreteras\/#primaryimage\",\"url\":\"https:\/\/www.nexoinformativo.mx\/wp-content\/uploads\/2025\/03\/IMG_1802-e1742514583664.jpg\",\"contentUrl\":\"https:\/\/www.nexoinformativo.mx\/wp-content\/uploads\/2025\/03\/IMG_1802-e1742514583664.jpg\",\"width\":800,\"height\":600},{\"@type\":\"BreadcrumbList\",\"@id\":\"https:\/\/www.nexoinformativo.mx\/index.php\/2025\/03\/20\/programa-bacheton-con-exito-la-sict-reporta-avance-del-95-en-programa-de-rehabilitacion-de-carreteras\/#breadcrumb\",\"itemListElement\":[{\"@type\":\"ListItem\",\"position\":1,\"name\":\"Inicio\",\"item\":\"https:\/\/www.nexoinformativo.mx\/\"},{\"@type\":\"ListItem\",\"position\":2,\"name\":\"Programa Bachet\u00f3n con \u00e9xito la SICT reporta avance del 95% en programa de rehabilitaci\u00f3n de carreteras\"}]},{\"@type\":\"WebSite\",\"@id\":\"https:\/\/www.nexoinformativo.mx\/#website\",\"url\":\"https:\/\/www.nexoinformativo.mx\/\",\"name\":\"Nexo Informativo Santiago de Quer\u00e9taro\",\"description\":\"Explora NexoInformativo y convi\u00e9rtete en parte de una comunidad que valora el conocimiento y la verdad. Tu nexoinformativo es tu puente hacia una comprensi\u00f3n m\u00e1s profunda del mundo que te rodea.\",\"publisher\":{\"@id\":\"https:\/\/www.nexoinformativo.mx\/#organization\"},\"potentialAction\":[{\"@type\":\"SearchAction\",\"target\":{\"@type\":\"EntryPoint\",\"urlTemplate\":\"https:\/\/www.nexoinformativo.mx\/?s={search_term_string}\"},\"query-input\":{\"@type\":\"PropertyValueSpecification\",\"valueRequired\":true,\"valueName\":\"search_term_string\"}}],\"inLanguage\":\"es\"},{\"@type\":\"Organization\",\"@id\":\"https:\/\/www.nexoinformativo.mx\/#organization\",\"name\":\"Nexo Informativo Santiago de Quer\u00e9taro\",\"url\":\"https:\/\/www.nexoinformativo.mx\/\",\"logo\":{\"@type\":\"ImageObject\",\"inLanguage\":\"es\",\"@id\":\"https:\/\/www.nexoinformativo.mx\/#\/schema\/logo\/image\/\",\"url\":\"https:\/\/www.nexoinformativo.mx\/wp-content\/uploads\/2024\/07\/nexoi-trasparente-2.png\",\"contentUrl\":\"https:\/\/www.nexoinformativo.mx\/wp-content\/uploads\/2024\/07\/nexoi-trasparente-2.png\",\"width\":816,\"height\":339,\"caption\":\"Nexo Informativo Santiago de Quer\u00e9taro\"},\"image\":{\"@id\":\"https:\/\/www.nexoinformativo.mx\/#\/schema\/logo\/image\/\"},\"sameAs\":[\"https:\/\/www.facebook.com\/people\/Nexo-Informativo\/61564066885511\/\"]},{\"@type\":\"Person\",\"@id\":\"https:\/\/www.nexoinformativo.mx\/#\/schema\/person\/7749d380ba08c8ca00d7bc76fd907b7d\",\"name\":\"Nexo Informativo\",\"image\":{\"@type\":\"ImageObject\",\"inLanguage\":\"es\",\"@id\":\"https:\/\/www.nexoinformativo.mx\/#\/schema\/person\/image\/\",\"url\":\"https:\/\/secure.gravatar.com\/avatar\/dde2928154642a13d95f87ddf1ea9718fe2b46760a005c53e41ff5ad610704e6?s=96&d=mm&r=g\",\"contentUrl\":\"https:\/\/secure.gravatar.com\/avatar\/dde2928154642a13d95f87ddf1ea9718fe2b46760a005c53e41ff5ad610704e6?s=96&d=mm&r=g\",\"caption\":\"Nexo Informativo\"},\"url\":\"https:\/\/www.nexoinformativo.mx\/index.php\/author\/edicion\/\"}]}<\/script>\n<!-- \/ Yoast SEO plugin. -->","yoast_head_json":{"title":"Programa Bachet\u00f3n con \u00e9xito la SICT reporta avance del 95% en programa de rehabilitaci\u00f3n de carreteras | Nexo Informativo Santiago de Quer\u00e9taro","description":"Programa Bachet\u00f3n con \u00e9xito la SICT reporta avance del 95% en programa de rehabilitaci\u00f3n de carreteras","robots":{"index":"index","follow":"follow","max-snippet":"max-snippet:-1","max-image-preview":"max-image-preview:large","max-video-preview":"max-video-preview:-1"},"canonical":"https:\/\/www.nexoinformativo.mx\/index.php\/2025\/03\/20\/programa-bacheton-con-exito-la-sict-reporta-avance-del-95-en-programa-de-rehabilitacion-de-carreteras\/","og_locale":"es_MX","og_type":"article","og_title":"Programa Bachet\u00f3n con \u00e9xito la SICT reporta avance del 95% en programa de rehabilitaci\u00f3n de carreteras | Nexo Informativo Santiago de Quer\u00e9taro","og_description":"Programa Bachet\u00f3n con \u00e9xito la SICT reporta avance del 95% en programa de rehabilitaci\u00f3n de carreteras","og_url":"https:\/\/www.nexoinformativo.mx\/index.php\/2025\/03\/20\/programa-bacheton-con-exito-la-sict-reporta-avance-del-95-en-programa-de-rehabilitacion-de-carreteras\/","og_site_name":"Nexo Informativo Santiago de Quer\u00e9taro","article_publisher":"https:\/\/www.facebook.com\/people\/Nexo-Informativo\/61564066885511\/","article_published_time":"2025-03-20T20:00:10+00:00","article_modified_time":"2025-03-20T23:51:24+00:00","og_image":[{"width":800,"height":600,"url":"https:\/\/www.nexoinformativo.mx\/wp-content\/uploads\/2025\/03\/IMG_1802-e1742514583664.jpg","type":"image\/jpeg"}],"author":"Nexo Informativo","twitter_card":"summary_large_image","twitter_misc":{"Escrito por":"Nexo Informativo","Tiempo de lectura":"1 minuto"},"schema":{"@context":"https:\/\/schema.org","@graph":[{"@type":"Article","@id":"https:\/\/www.nexoinformativo.mx\/index.php\/2025\/03\/20\/programa-bacheton-con-exito-la-sict-reporta-avance-del-95-en-programa-de-rehabilitacion-de-carreteras\/#article","isPartOf":{"@id":"https:\/\/www.nexoinformativo.mx\/index.php\/2025\/03\/20\/programa-bacheton-con-exito-la-sict-reporta-avance-del-95-en-programa-de-rehabilitacion-de-carreteras\/"},"author":{"name":"Nexo Informativo","@id":"https:\/\/www.nexoinformativo.mx\/#\/schema\/person\/7749d380ba08c8ca00d7bc76fd907b7d"},"headline":"Programa Bachet\u00f3n con \u00e9xito la SICT reporta avance del 95% en programa de rehabilitaci\u00f3n de carreteras","datePublished":"2025-03-20T20:00:10+00:00","dateModified":"2025-03-20T23:51:24+00:00","mainEntityOfPage":{"@id":"https:\/\/www.nexoinformativo.mx\/index.php\/2025\/03\/20\/programa-bacheton-con-exito-la-sict-reporta-avance-del-95-en-programa-de-rehabilitacion-de-carreteras\/"},"wordCount":200,"commentCount":0,"publisher":{"@id":"https:\/\/www.nexoinformativo.mx\/#organization"},"image":{"@id":"https:\/\/www.nexoinformativo.mx\/index.php\/2025\/03\/20\/programa-bacheton-con-exito-la-sict-reporta-avance-del-95-en-programa-de-rehabilitacion-de-carreteras\/#primaryimage"},"thumbnailUrl":"https:\/\/www.nexoinformativo.mx\/wp-content\/uploads\/2025\/03\/IMG_1802-e1742514583664.jpg","keywords":["Bachet\u00f3n","CarreterasM\u00e9xico","Infraestructura","SICT"],"articleSection":["Nacional","\u00daltima Hora"],"inLanguage":"es","potentialAction":[{"@type":"CommentAction","name":"Comment","target":["https:\/\/www.nexoinformativo.mx\/index.php\/2025\/03\/20\/programa-bacheton-con-exito-la-sict-reporta-avance-del-95-en-programa-de-rehabilitacion-de-carreteras\/#respond"]}]},{"@type":"WebPage","@id":"https:\/\/www.nexoinformativo.mx\/index.php\/2025\/03\/20\/programa-bacheton-con-exito-la-sict-reporta-avance-del-95-en-programa-de-rehabilitacion-de-carreteras\/","url":"https:\/\/www.nexoinformativo.mx\/index.php\/2025\/03\/20\/programa-bacheton-con-exito-la-sict-reporta-avance-del-95-en-programa-de-rehabilitacion-de-carreteras\/","name":"Programa Bachet\u00f3n con \u00e9xito la SICT reporta avance del 95% en programa de rehabilitaci\u00f3n de carreteras | Nexo Informativo Santiago de Quer\u00e9taro","isPartOf":{"@id":"https:\/\/www.nexoinformativo.mx\/#website"},"primaryImageOfPage":{"@id":"https:\/\/www.nexoinformativo.mx\/index.php\/2025\/03\/20\/programa-bacheton-con-exito-la-sict-reporta-avance-del-95-en-programa-de-rehabilitacion-de-carreteras\/#primaryimage"},"image":{"@id":"https:\/\/www.nexoinformativo.mx\/index.php\/2025\/03\/20\/programa-bacheton-con-exito-la-sict-reporta-avance-del-95-en-programa-de-rehabilitacion-de-carreteras\/#primaryimage"},"thumbnailUrl":"https:\/\/www.nexoinformativo.mx\/wp-content\/uploads\/2025\/03\/IMG_1802-e1742514583664.jpg","datePublished":"2025-03-20T20:00:10+00:00","dateModified":"2025-03-20T23:51:24+00:00","description":"Programa Bachet\u00f3n con \u00e9xito la SICT reporta avance del 95% en programa de rehabilitaci\u00f3n de carreteras","breadcrumb":{"@id":"https:\/\/www.nexoinformativo.mx\/index.php\/2025\/03\/20\/programa-bacheton-con-exito-la-sict-reporta-avance-del-95-en-programa-de-rehabilitacion-de-carreteras\/#breadcrumb"},"inLanguage":"es","potentialAction":[{"@type":"ReadAction","target":["https:\/\/www.nexoinformativo.mx\/index.php\/2025\/03\/20\/programa-bacheton-con-exito-la-sict-reporta-avance-del-95-en-programa-de-rehabilitacion-de-carreteras\/"]}]},{"@type":"ImageObject","inLanguage":"es","@id":"https:\/\/www.nexoinformativo.mx\/index.php\/2025\/03\/20\/programa-bacheton-con-exito-la-sict-reporta-avance-del-95-en-programa-de-rehabilitacion-de-carreteras\/#primaryimage","url":"https:\/\/www.nexoinformativo.mx\/wp-content\/uploads\/2025\/03\/IMG_1802-e1742514583664.jpg","contentUrl":"https:\/\/www.nexoinformativo.mx\/wp-content\/uploads\/2025\/03\/IMG_1802-e1742514583664.jpg","width":800,"height":600},{"@type":"BreadcrumbList","@id":"https:\/\/www.nexoinformativo.mx\/index.php\/2025\/03\/20\/programa-bacheton-con-exito-la-sict-reporta-avance-del-95-en-programa-de-rehabilitacion-de-carreteras\/#breadcrumb","itemListElement":[{"@type":"ListItem","position":1,"name":"Inicio","item":"https:\/\/www.nexoinformativo.mx\/"},{"@type":"ListItem","position":2,"name":"Programa Bachet\u00f3n con \u00e9xito la SICT reporta avance del 95% en programa de rehabilitaci\u00f3n de carreteras"}]},{"@type":"WebSite","@id":"https:\/\/www.nexoinformativo.mx\/#website","url":"https:\/\/www.nexoinformativo.mx\/","name":"Nexo Informativo Santiago de Quer\u00e9taro","description":"Explora NexoInformativo y convi\u00e9rtete en parte de una comunidad que valora el conocimiento y la verdad. Tu nexoinformativo es tu puente hacia una comprensi\u00f3n m\u00e1s profunda del mundo que te rodea.","publisher":{"@id":"https:\/\/www.nexoinformativo.mx\/#organization"},"potentialAction":[{"@type":"SearchAction","target":{"@type":"EntryPoint","urlTemplate":"https:\/\/www.nexoinformativo.mx\/?s={search_term_string}"},"query-input":{"@type":"PropertyValueSpecification","valueRequired":true,"valueName":"search_term_string"}}],"inLanguage":"es"},{"@type":"Organization","@id":"https:\/\/www.nexoinformativo.mx\/#organization","name":"Nexo Informativo Santiago de Quer\u00e9taro","url":"https:\/\/www.nexoinformativo.mx\/","logo":{"@type":"ImageObject","inLanguage":"es","@id":"https:\/\/www.nexoinformativo.mx\/#\/schema\/logo\/image\/","url":"https:\/\/www.nexoinformativo.mx\/wp-content\/uploads\/2024\/07\/nexoi-trasparente-2.png","contentUrl":"https:\/\/www.nexoinformativo.mx\/wp-content\/uploads\/2024\/07\/nexoi-trasparente-2.png","width":816,"height":339,"caption":"Nexo Informativo Santiago de Quer\u00e9taro"},"image":{"@id":"https:\/\/www.nexoinformativo.mx\/#\/schema\/logo\/image\/"},"sameAs":["https:\/\/www.facebook.com\/people\/Nexo-Informativo\/61564066885511\/"]},{"@type":"Person","@id":"https:\/\/www.nexoinformativo.mx\/#\/schema\/person\/7749d380ba08c8ca00d7bc76fd907b7d","name":"Nexo Informativo","image":{"@type":"ImageObject","inLanguage":"es","@id":"https:\/\/www.nexoinformativo.mx\/#\/schema\/person\/image\/","url":"https:\/\/secure.gravatar.com\/avatar\/dde2928154642a13d95f87ddf1ea9718fe2b46760a005c53e41ff5ad610704e6?s=96&d=mm&r=g","contentUrl":"https:\/\/secure.gravatar.com\/avatar\/dde2928154642a13d95f87ddf1ea9718fe2b46760a005c53e41ff5ad610704e6?s=96&d=mm&r=g","caption":"Nexo Informativo"},"url":"https:\/\/www.nexoinformativo.mx\/index.php\/author\/edicion\/"}]}},"_links":{"self":[{"href":"https:\/\/www.nexoinformativo.mx\/index.php\/wp-json\/wp\/v2\/posts\/13120","targetHints":{"allow":["GET"]}}],"collection":[{"href":"https:\/\/www.nexoinformativo.mx\/index.php\/wp-json\/wp\/v2\/posts"}],"about":[{"href":"https:\/\/www.nexoinformativo.mx\/index.php\/wp-json\/wp\/v2\/types\/post"}],"author":[{"embeddable":true,"href":"https:\/\/www.nexoinformativo.mx\/index.php\/wp-json\/wp\/v2\/users\/3"}],"replies":[{"embeddable":true,"href":"https:\/\/www.nexoinformativo.mx\/index.php\/wp-json\/wp\/v2\/comments?post=13120"}],"version-history":[{"count":3,"href":"https:\/\/www.nexoinformativo.mx\/index.php\/wp-json\/wp\/v2\/posts\/13120\/revisions"}],"predecessor-version":[{"id":13124,"href":"https:\/\/www.nexoinformativo.mx\/index.php\/wp-json\/wp\/v2\/posts\/13120\/revisions\/13124"}],"wp:featuredmedia":[{"embeddable":true,"href":"https:\/\/www.nexoinformativo.mx\/index.php\/wp-json\/wp\/v2\/media\/13121"}],"wp:attachment":[{"href":"https:\/\/www.nexoinformativo.mx\/index.php\/wp-json\/wp\/v2\/media?parent=13120"}],"wp:term":[{"taxonomy":"category","embeddable":true,"href":"https:\/\/www.nexoinformativo.mx\/index.php\/wp-json\/wp\/v2\/categories?post=13120"},{"taxonomy":"post_tag","embeddable":true,"href":"https:\/\/www.nexoinformativo.mx\/index.php\/wp-json\/wp\/v2\/tags?post=13120"}],"curies":[{"name":"wp","href":"https:\/\/api.w.org\/{rel}","templated":true}]}}