{"id":13125,"date":"2025-03-20T15:00:57","date_gmt":"2025-03-20T21:00:57","guid":{"rendered":"https:\/\/www.nexoinformativo.mx\/?p=13125"},"modified":"2025-03-20T17:58:31","modified_gmt":"2025-03-20T23:58:31","slug":"queretaro-honra-a-heroes-de-la-salud-con-emotivo-homenaje-a-fallecidos-por-covid-19","status":"publish","type":"post","link":"https:\/\/www.nexoinformativo.mx\/index.php\/2025\/03\/20\/queretaro-honra-a-heroes-de-la-salud-con-emotivo-homenaje-a-fallecidos-por-covid-19\/","title":{"rendered":"Quer\u00e9taro honra a h\u00e9roes de la salud con emotivo homenaje a fallecidos por COVID-19"},"content":{"rendered":"<p style=\"text-align: justify;\" data-sourcepos=\"13:1-13:364\">Con profunda solemnidad, Quer\u00e9taro rindi\u00f3 homenaje a las y los profesionales de la salud que perdieron la vida en la lucha contra el COVID-19. La titular de la <strong>Secretar\u00eda de Salud<\/strong> (SESA) del estado, Mar\u00eda Martina P\u00e9rez Rend\u00f3n, encabez\u00f3 la ceremonia, destacando el sacrificio y la entrega inquebrantable de estos h\u00e9roes y hero\u00ednas.<\/p>\n<\/p>\n<p>&nbsp;<\/p>\n<p style=\"text-align: justify;\" data-sourcepos=\"15:1-15:235\">En un emotivo mensaje, P\u00e9rez Rend\u00f3n resalt\u00f3 que su labor fue mucho m\u00e1s que un deber, fue una vocaci\u00f3n de pasi\u00f3n y compromiso. &#8220;Perdieron sus vidas, salvando las de otros, y su dedicaci\u00f3n merece ser honrada y recordada siempre&#8221;, afirm\u00f3.<\/p>\n<\/p>\n<p>&nbsp;<\/p>\n<p style=\"text-align: justify;\" data-sourcepos=\"17:1-17:299\">El homenaje, que se conmemora cada 19 de marzo en Quer\u00e9taro, cont\u00f3 con la presencia de diversas autoridades del sector salud, quienes se unieron en un momento de reflexi\u00f3n y recuerdo. Al un\u00edsono, expresaron: &#8220;\u00a1Hoy los recordamos, hoy los honramos y, sobre todo, hoy decimos: Nunca los olvidaremos!&#8221;.<\/p>\n<\/p>\n<p>&nbsp;<\/p>\n<p style=\"text-align: justify;\" data-sourcepos=\"19:1-19:338\">Durante la ceremonia, se present\u00f3 la conferencia <strong>&#8220;El Legado de nuestros h\u00e9roes de la salud que debemos honrar: reflexiones, aspectos bio\u00e9ticos, de calidad y seguridad en el paciente, que la pandemia nos dej\u00f3&#8221;<\/strong>, impartida por la doctora Leticia De Anda Aguilar, quien enfatiz\u00f3 la importancia de la calidad y seguridad en la atenci\u00f3n m\u00e9dica.<\/p>\n<\/p>\n<p>&nbsp;<\/p>\n<p style=\"text-align: center;\" data-sourcepos=\"19:1-19:338\"><em><strong>\u00a1Informaci\u00f3n que transforma!<\/strong><\/em><\/p>\n","protected":false},"excerpt":{"rendered":"<p>Con profunda solemnidad, Quer\u00e9taro rindi\u00f3 homenaje a las y los profesionales de la salud que perdieron la vida en la lucha contra el COVID-19. La titular de la Secretar\u00eda de Salud (SESA) del estado, Mar\u00eda Martina P\u00e9rez Rend\u00f3n, encabez\u00f3 la ceremonia, destacando el sacrificio y la entrega inquebrantable de estos h\u00e9roes y hero\u00ednas.<\/p>\n","protected":false},"author":3,"featured_media":13126,"comment_status":"open","ping_status":"open","sticky":false,"template":"","format":"standard","meta":{"footnotes":""},"categories":[42,58],"tags":[1852,3842,133,884],"class_list":["post-13125","post","type-post","status-publish","format-standard","has-post-thumbnail","hentry","category-estado","category-ultima-hora","tag-covid19","tag-heroesdelasalud","tag-queretaro","tag-saludmexico"],"yoast_head":"<!-- This site is optimized with the Yoast SEO plugin v25.0 - https:\/\/yoast.com\/wordpress\/plugins\/seo\/ -->\n<title>Quer\u00e9taro honra a h\u00e9roes de la salud con emotivo homenaje a fallecidos por COVID-19 | Nexo Informativo Santiago de Quer\u00e9taro<\/title>\n<meta name=\"description\" content=\"Quer\u00e9taro honra a h\u00e9roes de la salud con emotivo homenaje a fallecidos por COVID-19\" \/>\n<meta name=\"robots\" content=\"index, follow, max-snippet:-1, max-image-preview:large, max-video-preview:-1\" \/>\n<link rel=\"canonical\" href=\"https:\/\/www.nexoinformativo.mx\/index.php\/2025\/03\/20\/queretaro-honra-a-heroes-de-la-salud-con-emotivo-homenaje-a-fallecidos-por-covid-19\/\" \/>\n<meta property=\"og:locale\" content=\"es_MX\" \/>\n<meta property=\"og:type\" content=\"article\" \/>\n<meta property=\"og:title\" content=\"Quer\u00e9taro honra a h\u00e9roes de la salud con emotivo homenaje a fallecidos por COVID-19 | Nexo Informativo Santiago de Quer\u00e9taro\" \/>\n<meta property=\"og:description\" content=\"Quer\u00e9taro honra a h\u00e9roes de la salud con emotivo homenaje a fallecidos por COVID-19\" \/>\n<meta property=\"og:url\" content=\"https:\/\/www.nexoinformativo.mx\/index.php\/2025\/03\/20\/queretaro-honra-a-heroes-de-la-salud-con-emotivo-homenaje-a-fallecidos-por-covid-19\/\" \/>\n<meta property=\"og:site_name\" content=\"Nexo Informativo Santiago de Quer\u00e9taro\" \/>\n<meta property=\"article:publisher\" content=\"https:\/\/www.facebook.com\/people\/Nexo-Informativo\/61564066885511\/\" \/>\n<meta property=\"article:published_time\" content=\"2025-03-20T21:00:57+00:00\" \/>\n<meta property=\"article:modified_time\" content=\"2025-03-20T23:58:31+00:00\" \/>\n<meta property=\"og:image\" content=\"https:\/\/www.nexoinformativo.mx\/wp-content\/uploads\/2025\/03\/PHOTO-2025-03-20-17-35-31-e1742515057247.jpg\" \/>\n\t<meta property=\"og:image:width\" content=\"800\" \/>\n\t<meta property=\"og:image:height\" content=\"652\" \/>\n\t<meta property=\"og:image:type\" content=\"image\/jpeg\" \/>\n<meta name=\"author\" content=\"Nexo Informativo\" \/>\n<meta name=\"twitter:card\" content=\"summary_large_image\" \/>\n<meta name=\"twitter:label1\" content=\"Escrito por\" \/>\n\t<meta name=\"twitter:data1\" content=\"Nexo Informativo\" \/>\n\t<meta name=\"twitter:label2\" content=\"Tiempo de lectura\" \/>\n\t<meta name=\"twitter:data2\" content=\"2 minutos\" \/>\n<script type=\"application\/ld+json\" class=\"yoast-schema-graph\">{\"@context\":\"https:\/\/schema.org\",\"@graph\":[{\"@type\":\"Article\",\"@id\":\"https:\/\/www.nexoinformativo.mx\/index.php\/2025\/03\/20\/queretaro-honra-a-heroes-de-la-salud-con-emotivo-homenaje-a-fallecidos-por-covid-19\/#article\",\"isPartOf\":{\"@id\":\"https:\/\/www.nexoinformativo.mx\/index.php\/2025\/03\/20\/queretaro-honra-a-heroes-de-la-salud-con-emotivo-homenaje-a-fallecidos-por-covid-19\/\"},\"author\":{\"name\":\"Nexo Informativo\",\"@id\":\"https:\/\/www.nexoinformativo.mx\/#\/schema\/person\/7749d380ba08c8ca00d7bc76fd907b7d\"},\"headline\":\"Quer\u00e9taro honra a h\u00e9roes de la salud con emotivo homenaje a fallecidos por COVID-19\",\"datePublished\":\"2025-03-20T21:00:57+00:00\",\"dateModified\":\"2025-03-20T23:58:31+00:00\",\"mainEntityOfPage\":{\"@id\":\"https:\/\/www.nexoinformativo.mx\/index.php\/2025\/03\/20\/queretaro-honra-a-heroes-de-la-salud-con-emotivo-homenaje-a-fallecidos-por-covid-19\/\"},\"wordCount\":238,\"commentCount\":0,\"publisher\":{\"@id\":\"https:\/\/www.nexoinformativo.mx\/#organization\"},\"image\":{\"@id\":\"https:\/\/www.nexoinformativo.mx\/index.php\/2025\/03\/20\/queretaro-honra-a-heroes-de-la-salud-con-emotivo-homenaje-a-fallecidos-por-covid-19\/#primaryimage\"},\"thumbnailUrl\":\"https:\/\/www.nexoinformativo.mx\/wp-content\/uploads\/2025\/03\/PHOTO-2025-03-20-17-35-31-e1742515057247.jpg\",\"keywords\":[\"COVID19\",\"H\u00e9roesDeLaSalud\",\"Quer\u00e9taro\",\"SaludM\u00e9xico\"],\"articleSection\":[\"Estado\",\"\u00daltima Hora\"],\"inLanguage\":\"es\",\"potentialAction\":[{\"@type\":\"CommentAction\",\"name\":\"Comment\",\"target\":[\"https:\/\/www.nexoinformativo.mx\/index.php\/2025\/03\/20\/queretaro-honra-a-heroes-de-la-salud-con-emotivo-homenaje-a-fallecidos-por-covid-19\/#respond\"]}]},{\"@type\":\"WebPage\",\"@id\":\"https:\/\/www.nexoinformativo.mx\/index.php\/2025\/03\/20\/queretaro-honra-a-heroes-de-la-salud-con-emotivo-homenaje-a-fallecidos-por-covid-19\/\",\"url\":\"https:\/\/www.nexoinformativo.mx\/index.php\/2025\/03\/20\/queretaro-honra-a-heroes-de-la-salud-con-emotivo-homenaje-a-fallecidos-por-covid-19\/\",\"name\":\"Quer\u00e9taro honra a h\u00e9roes de la salud con emotivo homenaje a fallecidos por COVID-19 | Nexo Informativo Santiago de Quer\u00e9taro\",\"isPartOf\":{\"@id\":\"https:\/\/www.nexoinformativo.mx\/#website\"},\"primaryImageOfPage\":{\"@id\":\"https:\/\/www.nexoinformativo.mx\/index.php\/2025\/03\/20\/queretaro-honra-a-heroes-de-la-salud-con-emotivo-homenaje-a-fallecidos-por-covid-19\/#primaryimage\"},\"image\":{\"@id\":\"https:\/\/www.nexoinformativo.mx\/index.php\/2025\/03\/20\/queretaro-honra-a-heroes-de-la-salud-con-emotivo-homenaje-a-fallecidos-por-covid-19\/#primaryimage\"},\"thumbnailUrl\":\"https:\/\/www.nexoinformativo.mx\/wp-content\/uploads\/2025\/03\/PHOTO-2025-03-20-17-35-31-e1742515057247.jpg\",\"datePublished\":\"2025-03-20T21:00:57+00:00\",\"dateModified\":\"2025-03-20T23:58:31+00:00\",\"description\":\"Quer\u00e9taro honra a h\u00e9roes de la salud con emotivo homenaje a fallecidos por COVID-19\",\"breadcrumb\":{\"@id\":\"https:\/\/www.nexoinformativo.mx\/index.php\/2025\/03\/20\/queretaro-honra-a-heroes-de-la-salud-con-emotivo-homenaje-a-fallecidos-por-covid-19\/#breadcrumb\"},\"inLanguage\":\"es\",\"potentialAction\":[{\"@type\":\"ReadAction\",\"target\":[\"https:\/\/www.nexoinformativo.mx\/index.php\/2025\/03\/20\/queretaro-honra-a-heroes-de-la-salud-con-emotivo-homenaje-a-fallecidos-por-covid-19\/\"]}]},{\"@type\":\"ImageObject\",\"inLanguage\":\"es\",\"@id\":\"https:\/\/www.nexoinformativo.mx\/index.php\/2025\/03\/20\/queretaro-honra-a-heroes-de-la-salud-con-emotivo-homenaje-a-fallecidos-por-covid-19\/#primaryimage\",\"url\":\"https:\/\/www.nexoinformativo.mx\/wp-content\/uploads\/2025\/03\/PHOTO-2025-03-20-17-35-31-e1742515057247.jpg\",\"contentUrl\":\"https:\/\/www.nexoinformativo.mx\/wp-content\/uploads\/2025\/03\/PHOTO-2025-03-20-17-35-31-e1742515057247.jpg\",\"width\":800,\"height\":652},{\"@type\":\"BreadcrumbList\",\"@id\":\"https:\/\/www.nexoinformativo.mx\/index.php\/2025\/03\/20\/queretaro-honra-a-heroes-de-la-salud-con-emotivo-homenaje-a-fallecidos-por-covid-19\/#breadcrumb\",\"itemListElement\":[{\"@type\":\"ListItem\",\"position\":1,\"name\":\"Inicio\",\"item\":\"https:\/\/www.nexoinformativo.mx\/\"},{\"@type\":\"ListItem\",\"position\":2,\"name\":\"Quer\u00e9taro honra a h\u00e9roes de la salud con emotivo homenaje a fallecidos por COVID-19\"}]},{\"@type\":\"WebSite\",\"@id\":\"https:\/\/www.nexoinformativo.mx\/#website\",\"url\":\"https:\/\/www.nexoinformativo.mx\/\",\"name\":\"Nexo Informativo Santiago de Quer\u00e9taro\",\"description\":\"Explora NexoInformativo y convi\u00e9rtete en parte de una comunidad que valora el conocimiento y la verdad. Tu nexoinformativo es tu puente hacia una comprensi\u00f3n m\u00e1s profunda del mundo que te rodea.\",\"publisher\":{\"@id\":\"https:\/\/www.nexoinformativo.mx\/#organization\"},\"potentialAction\":[{\"@type\":\"SearchAction\",\"target\":{\"@type\":\"EntryPoint\",\"urlTemplate\":\"https:\/\/www.nexoinformativo.mx\/?s={search_term_string}\"},\"query-input\":{\"@type\":\"PropertyValueSpecification\",\"valueRequired\":true,\"valueName\":\"search_term_string\"}}],\"inLanguage\":\"es\"},{\"@type\":\"Organization\",\"@id\":\"https:\/\/www.nexoinformativo.mx\/#organization\",\"name\":\"Nexo Informativo Santiago de Quer\u00e9taro\",\"url\":\"https:\/\/www.nexoinformativo.mx\/\",\"logo\":{\"@type\":\"ImageObject\",\"inLanguage\":\"es\",\"@id\":\"https:\/\/www.nexoinformativo.mx\/#\/schema\/logo\/image\/\",\"url\":\"https:\/\/www.nexoinformativo.mx\/wp-content\/uploads\/2024\/07\/nexoi-trasparente-2.png\",\"contentUrl\":\"https:\/\/www.nexoinformativo.mx\/wp-content\/uploads\/2024\/07\/nexoi-trasparente-2.png\",\"width\":816,\"height\":339,\"caption\":\"Nexo Informativo Santiago de Quer\u00e9taro\"},\"image\":{\"@id\":\"https:\/\/www.nexoinformativo.mx\/#\/schema\/logo\/image\/\"},\"sameAs\":[\"https:\/\/www.facebook.com\/people\/Nexo-Informativo\/61564066885511\/\"]},{\"@type\":\"Person\",\"@id\":\"https:\/\/www.nexoinformativo.mx\/#\/schema\/person\/7749d380ba08c8ca00d7bc76fd907b7d\",\"name\":\"Nexo Informativo\",\"image\":{\"@type\":\"ImageObject\",\"inLanguage\":\"es\",\"@id\":\"https:\/\/www.nexoinformativo.mx\/#\/schema\/person\/image\/\",\"url\":\"https:\/\/secure.gravatar.com\/avatar\/dde2928154642a13d95f87ddf1ea9718fe2b46760a005c53e41ff5ad610704e6?s=96&d=mm&r=g\",\"contentUrl\":\"https:\/\/secure.gravatar.com\/avatar\/dde2928154642a13d95f87ddf1ea9718fe2b46760a005c53e41ff5ad610704e6?s=96&d=mm&r=g\",\"caption\":\"Nexo Informativo\"},\"url\":\"https:\/\/www.nexoinformativo.mx\/index.php\/author\/edicion\/\"}]}<\/script>\n<!-- \/ Yoast SEO plugin. -->","yoast_head_json":{"title":"Quer\u00e9taro honra a h\u00e9roes de la salud con emotivo homenaje a fallecidos por COVID-19 | Nexo Informativo Santiago de Quer\u00e9taro","description":"Quer\u00e9taro honra a h\u00e9roes de la salud con emotivo homenaje a fallecidos por COVID-19","robots":{"index":"index","follow":"follow","max-snippet":"max-snippet:-1","max-image-preview":"max-image-preview:large","max-video-preview":"max-video-preview:-1"},"canonical":"https:\/\/www.nexoinformativo.mx\/index.php\/2025\/03\/20\/queretaro-honra-a-heroes-de-la-salud-con-emotivo-homenaje-a-fallecidos-por-covid-19\/","og_locale":"es_MX","og_type":"article","og_title":"Quer\u00e9taro honra a h\u00e9roes de la salud con emotivo homenaje a fallecidos por COVID-19 | Nexo Informativo Santiago de Quer\u00e9taro","og_description":"Quer\u00e9taro honra a h\u00e9roes de la salud con emotivo homenaje a fallecidos por COVID-19","og_url":"https:\/\/www.nexoinformativo.mx\/index.php\/2025\/03\/20\/queretaro-honra-a-heroes-de-la-salud-con-emotivo-homenaje-a-fallecidos-por-covid-19\/","og_site_name":"Nexo Informativo Santiago de Quer\u00e9taro","article_publisher":"https:\/\/www.facebook.com\/people\/Nexo-Informativo\/61564066885511\/","article_published_time":"2025-03-20T21:00:57+00:00","article_modified_time":"2025-03-20T23:58:31+00:00","og_image":[{"width":800,"height":652,"url":"https:\/\/www.nexoinformativo.mx\/wp-content\/uploads\/2025\/03\/PHOTO-2025-03-20-17-35-31-e1742515057247.jpg","type":"image\/jpeg"}],"author":"Nexo Informativo","twitter_card":"summary_large_image","twitter_misc":{"Escrito por":"Nexo Informativo","Tiempo de lectura":"2 minutos"},"schema":{"@context":"https:\/\/schema.org","@graph":[{"@type":"Article","@id":"https:\/\/www.nexoinformativo.mx\/index.php\/2025\/03\/20\/queretaro-honra-a-heroes-de-la-salud-con-emotivo-homenaje-a-fallecidos-por-covid-19\/#article","isPartOf":{"@id":"https:\/\/www.nexoinformativo.mx\/index.php\/2025\/03\/20\/queretaro-honra-a-heroes-de-la-salud-con-emotivo-homenaje-a-fallecidos-por-covid-19\/"},"author":{"name":"Nexo Informativo","@id":"https:\/\/www.nexoinformativo.mx\/#\/schema\/person\/7749d380ba08c8ca00d7bc76fd907b7d"},"headline":"Quer\u00e9taro honra a h\u00e9roes de la salud con emotivo homenaje a fallecidos por COVID-19","datePublished":"2025-03-20T21:00:57+00:00","dateModified":"2025-03-20T23:58:31+00:00","mainEntityOfPage":{"@id":"https:\/\/www.nexoinformativo.mx\/index.php\/2025\/03\/20\/queretaro-honra-a-heroes-de-la-salud-con-emotivo-homenaje-a-fallecidos-por-covid-19\/"},"wordCount":238,"commentCount":0,"publisher":{"@id":"https:\/\/www.nexoinformativo.mx\/#organization"},"image":{"@id":"https:\/\/www.nexoinformativo.mx\/index.php\/2025\/03\/20\/queretaro-honra-a-heroes-de-la-salud-con-emotivo-homenaje-a-fallecidos-por-covid-19\/#primaryimage"},"thumbnailUrl":"https:\/\/www.nexoinformativo.mx\/wp-content\/uploads\/2025\/03\/PHOTO-2025-03-20-17-35-31-e1742515057247.jpg","keywords":["COVID19","H\u00e9roesDeLaSalud","Quer\u00e9taro","SaludM\u00e9xico"],"articleSection":["Estado","\u00daltima Hora"],"inLanguage":"es","potentialAction":[{"@type":"CommentAction","name":"Comment","target":["https:\/\/www.nexoinformativo.mx\/index.php\/2025\/03\/20\/queretaro-honra-a-heroes-de-la-salud-con-emotivo-homenaje-a-fallecidos-por-covid-19\/#respond"]}]},{"@type":"WebPage","@id":"https:\/\/www.nexoinformativo.mx\/index.php\/2025\/03\/20\/queretaro-honra-a-heroes-de-la-salud-con-emotivo-homenaje-a-fallecidos-por-covid-19\/","url":"https:\/\/www.nexoinformativo.mx\/index.php\/2025\/03\/20\/queretaro-honra-a-heroes-de-la-salud-con-emotivo-homenaje-a-fallecidos-por-covid-19\/","name":"Quer\u00e9taro honra a h\u00e9roes de la salud con emotivo homenaje a fallecidos por COVID-19 | Nexo Informativo Santiago de Quer\u00e9taro","isPartOf":{"@id":"https:\/\/www.nexoinformativo.mx\/#website"},"primaryImageOfPage":{"@id":"https:\/\/www.nexoinformativo.mx\/index.php\/2025\/03\/20\/queretaro-honra-a-heroes-de-la-salud-con-emotivo-homenaje-a-fallecidos-por-covid-19\/#primaryimage"},"image":{"@id":"https:\/\/www.nexoinformativo.mx\/index.php\/2025\/03\/20\/queretaro-honra-a-heroes-de-la-salud-con-emotivo-homenaje-a-fallecidos-por-covid-19\/#primaryimage"},"thumbnailUrl":"https:\/\/www.nexoinformativo.mx\/wp-content\/uploads\/2025\/03\/PHOTO-2025-03-20-17-35-31-e1742515057247.jpg","datePublished":"2025-03-20T21:00:57+00:00","dateModified":"2025-03-20T23:58:31+00:00","description":"Quer\u00e9taro honra a h\u00e9roes de la salud con emotivo homenaje a fallecidos por COVID-19","breadcrumb":{"@id":"https:\/\/www.nexoinformativo.mx\/index.php\/2025\/03\/20\/queretaro-honra-a-heroes-de-la-salud-con-emotivo-homenaje-a-fallecidos-por-covid-19\/#breadcrumb"},"inLanguage":"es","potentialAction":[{"@type":"ReadAction","target":["https:\/\/www.nexoinformativo.mx\/index.php\/2025\/03\/20\/queretaro-honra-a-heroes-de-la-salud-con-emotivo-homenaje-a-fallecidos-por-covid-19\/"]}]},{"@type":"ImageObject","inLanguage":"es","@id":"https:\/\/www.nexoinformativo.mx\/index.php\/2025\/03\/20\/queretaro-honra-a-heroes-de-la-salud-con-emotivo-homenaje-a-fallecidos-por-covid-19\/#primaryimage","url":"https:\/\/www.nexoinformativo.mx\/wp-content\/uploads\/2025\/03\/PHOTO-2025-03-20-17-35-31-e1742515057247.jpg","contentUrl":"https:\/\/www.nexoinformativo.mx\/wp-content\/uploads\/2025\/03\/PHOTO-2025-03-20-17-35-31-e1742515057247.jpg","width":800,"height":652},{"@type":"BreadcrumbList","@id":"https:\/\/www.nexoinformativo.mx\/index.php\/2025\/03\/20\/queretaro-honra-a-heroes-de-la-salud-con-emotivo-homenaje-a-fallecidos-por-covid-19\/#breadcrumb","itemListElement":[{"@type":"ListItem","position":1,"name":"Inicio","item":"https:\/\/www.nexoinformativo.mx\/"},{"@type":"ListItem","position":2,"name":"Quer\u00e9taro honra a h\u00e9roes de la salud con emotivo homenaje a fallecidos por COVID-19"}]},{"@type":"WebSite","@id":"https:\/\/www.nexoinformativo.mx\/#website","url":"https:\/\/www.nexoinformativo.mx\/","name":"Nexo Informativo Santiago de Quer\u00e9taro","description":"Explora NexoInformativo y convi\u00e9rtete en parte de una comunidad que valora el conocimiento y la verdad. Tu nexoinformativo es tu puente hacia una comprensi\u00f3n m\u00e1s profunda del mundo que te rodea.","publisher":{"@id":"https:\/\/www.nexoinformativo.mx\/#organization"},"potentialAction":[{"@type":"SearchAction","target":{"@type":"EntryPoint","urlTemplate":"https:\/\/www.nexoinformativo.mx\/?s={search_term_string}"},"query-input":{"@type":"PropertyValueSpecification","valueRequired":true,"valueName":"search_term_string"}}],"inLanguage":"es"},{"@type":"Organization","@id":"https:\/\/www.nexoinformativo.mx\/#organization","name":"Nexo Informativo Santiago de Quer\u00e9taro","url":"https:\/\/www.nexoinformativo.mx\/","logo":{"@type":"ImageObject","inLanguage":"es","@id":"https:\/\/www.nexoinformativo.mx\/#\/schema\/logo\/image\/","url":"https:\/\/www.nexoinformativo.mx\/wp-content\/uploads\/2024\/07\/nexoi-trasparente-2.png","contentUrl":"https:\/\/www.nexoinformativo.mx\/wp-content\/uploads\/2024\/07\/nexoi-trasparente-2.png","width":816,"height":339,"caption":"Nexo Informativo Santiago de Quer\u00e9taro"},"image":{"@id":"https:\/\/www.nexoinformativo.mx\/#\/schema\/logo\/image\/"},"sameAs":["https:\/\/www.facebook.com\/people\/Nexo-Informativo\/61564066885511\/"]},{"@type":"Person","@id":"https:\/\/www.nexoinformativo.mx\/#\/schema\/person\/7749d380ba08c8ca00d7bc76fd907b7d","name":"Nexo Informativo","image":{"@type":"ImageObject","inLanguage":"es","@id":"https:\/\/www.nexoinformativo.mx\/#\/schema\/person\/image\/","url":"https:\/\/secure.gravatar.com\/avatar\/dde2928154642a13d95f87ddf1ea9718fe2b46760a005c53e41ff5ad610704e6?s=96&d=mm&r=g","contentUrl":"https:\/\/secure.gravatar.com\/avatar\/dde2928154642a13d95f87ddf1ea9718fe2b46760a005c53e41ff5ad610704e6?s=96&d=mm&r=g","caption":"Nexo Informativo"},"url":"https:\/\/www.nexoinformativo.mx\/index.php\/author\/edicion\/"}]}},"_links":{"self":[{"href":"https:\/\/www.nexoinformativo.mx\/index.php\/wp-json\/wp\/v2\/posts\/13125","targetHints":{"allow":["GET"]}}],"collection":[{"href":"https:\/\/www.nexoinformativo.mx\/index.php\/wp-json\/wp\/v2\/posts"}],"about":[{"href":"https:\/\/www.nexoinformativo.mx\/index.php\/wp-json\/wp\/v2\/types\/post"}],"author":[{"embeddable":true,"href":"https:\/\/www.nexoinformativo.mx\/index.php\/wp-json\/wp\/v2\/users\/3"}],"replies":[{"embeddable":true,"href":"https:\/\/www.nexoinformativo.mx\/index.php\/wp-json\/wp\/v2\/comments?post=13125"}],"version-history":[{"count":3,"href":"https:\/\/www.nexoinformativo.mx\/index.php\/wp-json\/wp\/v2\/posts\/13125\/revisions"}],"predecessor-version":[{"id":13129,"href":"https:\/\/www.nexoinformativo.mx\/index.php\/wp-json\/wp\/v2\/posts\/13125\/revisions\/13129"}],"wp:featuredmedia":[{"embeddable":true,"href":"https:\/\/www.nexoinformativo.mx\/index.php\/wp-json\/wp\/v2\/media\/13126"}],"wp:attachment":[{"href":"https:\/\/www.nexoinformativo.mx\/index.php\/wp-json\/wp\/v2\/media?parent=13125"}],"wp:term":[{"taxonomy":"category","embeddable":true,"href":"https:\/\/www.nexoinformativo.mx\/index.php\/wp-json\/wp\/v2\/categories?post=13125"},{"taxonomy":"post_tag","embeddable":true,"href":"https:\/\/www.nexoinformativo.mx\/index.php\/wp-json\/wp\/v2\/tags?post=13125"}],"curies":[{"name":"wp","href":"https:\/\/api.w.org\/{rel}","templated":true}]}}