{"id":13130,"date":"2025-03-20T16:00:46","date_gmt":"2025-03-20T22:00:46","guid":{"rendered":"https:\/\/www.nexoinformativo.mx\/?p=13130"},"modified":"2025-03-20T18:10:53","modified_gmt":"2025-03-21T00:10:53","slug":"primer-informe-anual-de-la-fiscalia-de-queretaro-con-avances-en-investigacion-y-detenciones","status":"publish","type":"post","link":"https:\/\/www.nexoinformativo.mx\/index.php\/2025\/03\/20\/primer-informe-anual-de-la-fiscalia-de-queretaro-con-avances-en-investigacion-y-detenciones\/","title":{"rendered":"Primer Informe anual de la Fiscal\u00eda de Quer\u00e9taro con avances en investigaci\u00f3n y detenciones"},"content":{"rendered":"<p style=\"text-align: justify;\" data-sourcepos=\"13:1-13:278\">El fiscal general del Estado de Quer\u00e9taro, V\u00edctor Antonio de Jes\u00fas Hern\u00e1ndez, rindi\u00f3 su Primer Informe Anual de Actividades ante la LXI Legislatura, destacando avances significativos en la investigaci\u00f3n y combate al delito en la entidad.<\/p>\n<p>&nbsp;<\/p>\n<p style=\"text-align: justify;\" data-sourcepos=\"15:1-15:216\">En una sesi\u00f3n solemne, el fiscal entreg\u00f3 el informe a la presidenta de la Mesa Directiva, diputada Laura Andrea Tovar Saavedra, y present\u00f3 los resultados del periodo comprendido entre marzo de 2024 y febrero de 2025.<\/p>\n<p>&nbsp;<\/p>\n<p style=\"text-align: justify;\" data-sourcepos=\"17:1-17:281\">Entre los logros destacados, se inform\u00f3 sobre el inicio de 58 mil 329 carpetas de investigaci\u00f3n y la resoluci\u00f3n de 66 mil 713, lo que representa un aumento del 14% en la eficacia de resoluci\u00f3n. Adem\u00e1s, se logr\u00f3 la localizaci\u00f3n del 99% de las personas reportadas como desaparecidas.<\/p>\n<p>&nbsp;<\/p>\n<p style=\"text-align: justify;\" data-sourcepos=\"19:1-19:216\">En materia de feminicidios, se esclarecieron y judicializaron 7 de 8 casos registrados. Quer\u00e9taro tambi\u00e9n sobresale a nivel nacional con una alta tasa de resoluci\u00f3n de homicidios dolosos, superando la media nacional.<\/p>\n<p>&nbsp;<\/p>\n<p style=\"text-align: justify;\" data-sourcepos=\"21:1-21:221\">El fiscal resalt\u00f3 la creaci\u00f3n de la Unidad de An\u00e1lisis de Contexto y el Centro de Resguardo Forense e Identificaci\u00f3n Humana, as\u00ed como el fortalecimiento de la Unidad Especializada en Delitos Sexuales y Violencia Familiar.<\/p>\n<p>&nbsp;<\/p>\n<p style=\"text-align: justify;\" data-sourcepos=\"23:1-23:214\">Se inform\u00f3 sobre los resultados en la lucha contra el narcomenudeo y la implementaci\u00f3n del programa &#8220;Sinergia por Quer\u00e9taro&#8221;, que ha permitido la detenci\u00f3n de m\u00e1s de 2 mil personas involucradas en diversos delitos.<\/p>\n<p>&nbsp;<\/p>\n<p style=\"text-align: justify;\" data-sourcepos=\"25:1-25:175\">Adem\u00e1s, se destac\u00f3 el incremento salarial para la Polic\u00eda de Investigaci\u00f3n del Delito y la capacitaci\u00f3n a medios de comunicaci\u00f3n sobre el sistema de justicia penal acusatorio.<\/p>\n<p>&nbsp;<\/p>\n<p style=\"text-align: center;\" data-sourcepos=\"25:1-25:175\"><strong><em>\u00a1Informaci\u00f3n que transforma!<\/em><\/strong><\/p>\n","protected":false},"excerpt":{"rendered":"<p>El fiscal general del Estado de Quer\u00e9taro, V\u00edctor Antonio de Jes\u00fas Hern\u00e1ndez, rindi\u00f3 su Primer Informe Anual de Actividades ante la LXI Legislatura, destacando avances significativos en la investigaci\u00f3n y combate al delito en la entidad<\/p>\n","protected":false},"author":3,"featured_media":13131,"comment_status":"open","ping_status":"open","sticky":false,"template":"","format":"standard","meta":{"footnotes":""},"categories":[42,21,58],"tags":[500,3843,243,266],"class_list":["post-13130","post","type-post","status-publish","format-standard","has-post-thumbnail","hentry","category-estado","category-politica","category-ultima-hora","tag-fiscaliaqueretaro","tag-informeanual","tag-justiciaqueretaro","tag-seguridadqueretaro"],"yoast_head":"<!-- This site is optimized with the Yoast SEO plugin v25.0 - https:\/\/yoast.com\/wordpress\/plugins\/seo\/ -->\n<title>Primer Informe anual de la Fiscal\u00eda de Quer\u00e9taro con avances en investigaci\u00f3n y detenciones | Nexo Informativo Santiago de Quer\u00e9taro<\/title>\n<meta name=\"description\" content=\"Primer Informe anual de la Fiscal\u00eda de Quer\u00e9taro con avances en investigaci\u00f3n y detenciones\" \/>\n<meta name=\"robots\" content=\"index, follow, max-snippet:-1, max-image-preview:large, max-video-preview:-1\" \/>\n<link rel=\"canonical\" href=\"https:\/\/www.nexoinformativo.mx\/index.php\/2025\/03\/20\/primer-informe-anual-de-la-fiscalia-de-queretaro-con-avances-en-investigacion-y-detenciones\/\" \/>\n<meta property=\"og:locale\" content=\"es_MX\" \/>\n<meta property=\"og:type\" content=\"article\" \/>\n<meta property=\"og:title\" content=\"Primer Informe anual de la Fiscal\u00eda de Quer\u00e9taro con avances en investigaci\u00f3n y detenciones | Nexo Informativo Santiago de Quer\u00e9taro\" \/>\n<meta property=\"og:description\" content=\"Primer Informe anual de la Fiscal\u00eda de Quer\u00e9taro con avances en investigaci\u00f3n y detenciones\" \/>\n<meta property=\"og:url\" content=\"https:\/\/www.nexoinformativo.mx\/index.php\/2025\/03\/20\/primer-informe-anual-de-la-fiscalia-de-queretaro-con-avances-en-investigacion-y-detenciones\/\" \/>\n<meta property=\"og:site_name\" content=\"Nexo Informativo Santiago de Quer\u00e9taro\" \/>\n<meta property=\"article:publisher\" content=\"https:\/\/www.facebook.com\/people\/Nexo-Informativo\/61564066885511\/\" \/>\n<meta property=\"article:published_time\" content=\"2025-03-20T22:00:46+00:00\" \/>\n<meta property=\"article:modified_time\" content=\"2025-03-21T00:10:53+00:00\" \/>\n<meta property=\"og:image\" content=\"https:\/\/www.nexoinformativo.mx\/wp-content\/uploads\/2025\/03\/IMG_1805-e1742515670649.jpg\" \/>\n\t<meta property=\"og:image:width\" content=\"800\" \/>\n\t<meta property=\"og:image:height\" content=\"533\" \/>\n\t<meta property=\"og:image:type\" content=\"image\/jpeg\" \/>\n<meta name=\"author\" content=\"Nexo Informativo\" \/>\n<meta name=\"twitter:card\" content=\"summary_large_image\" \/>\n<meta name=\"twitter:label1\" content=\"Escrito por\" \/>\n\t<meta name=\"twitter:data1\" content=\"Nexo Informativo\" \/>\n\t<meta name=\"twitter:label2\" content=\"Tiempo de lectura\" \/>\n\t<meta name=\"twitter:data2\" content=\"2 minutos\" \/>\n<script type=\"application\/ld+json\" class=\"yoast-schema-graph\">{\"@context\":\"https:\/\/schema.org\",\"@graph\":[{\"@type\":\"Article\",\"@id\":\"https:\/\/www.nexoinformativo.mx\/index.php\/2025\/03\/20\/primer-informe-anual-de-la-fiscalia-de-queretaro-con-avances-en-investigacion-y-detenciones\/#article\",\"isPartOf\":{\"@id\":\"https:\/\/www.nexoinformativo.mx\/index.php\/2025\/03\/20\/primer-informe-anual-de-la-fiscalia-de-queretaro-con-avances-en-investigacion-y-detenciones\/\"},\"author\":{\"name\":\"Nexo Informativo\",\"@id\":\"https:\/\/www.nexoinformativo.mx\/#\/schema\/person\/7749d380ba08c8ca00d7bc76fd907b7d\"},\"headline\":\"Primer Informe anual de la Fiscal\u00eda de Quer\u00e9taro con avances en investigaci\u00f3n y detenciones\",\"datePublished\":\"2025-03-20T22:00:46+00:00\",\"dateModified\":\"2025-03-21T00:10:53+00:00\",\"mainEntityOfPage\":{\"@id\":\"https:\/\/www.nexoinformativo.mx\/index.php\/2025\/03\/20\/primer-informe-anual-de-la-fiscalia-de-queretaro-con-avances-en-investigacion-y-detenciones\/\"},\"wordCount\":291,\"commentCount\":0,\"publisher\":{\"@id\":\"https:\/\/www.nexoinformativo.mx\/#organization\"},\"image\":{\"@id\":\"https:\/\/www.nexoinformativo.mx\/index.php\/2025\/03\/20\/primer-informe-anual-de-la-fiscalia-de-queretaro-con-avances-en-investigacion-y-detenciones\/#primaryimage\"},\"thumbnailUrl\":\"https:\/\/www.nexoinformativo.mx\/wp-content\/uploads\/2025\/03\/IMG_1805-e1742515670649.jpg\",\"keywords\":[\"Fiscal\u00edaQuer\u00e9taro\",\"InformeAnual\",\"JusticiaQueretaro\",\"SeguridadQueretaro\"],\"articleSection\":[\"Estado\",\"Pol\u00edtica\",\"\u00daltima Hora\"],\"inLanguage\":\"es\",\"potentialAction\":[{\"@type\":\"CommentAction\",\"name\":\"Comment\",\"target\":[\"https:\/\/www.nexoinformativo.mx\/index.php\/2025\/03\/20\/primer-informe-anual-de-la-fiscalia-de-queretaro-con-avances-en-investigacion-y-detenciones\/#respond\"]}]},{\"@type\":\"WebPage\",\"@id\":\"https:\/\/www.nexoinformativo.mx\/index.php\/2025\/03\/20\/primer-informe-anual-de-la-fiscalia-de-queretaro-con-avances-en-investigacion-y-detenciones\/\",\"url\":\"https:\/\/www.nexoinformativo.mx\/index.php\/2025\/03\/20\/primer-informe-anual-de-la-fiscalia-de-queretaro-con-avances-en-investigacion-y-detenciones\/\",\"name\":\"Primer Informe anual de la Fiscal\u00eda de Quer\u00e9taro con avances en investigaci\u00f3n y detenciones | Nexo Informativo Santiago de Quer\u00e9taro\",\"isPartOf\":{\"@id\":\"https:\/\/www.nexoinformativo.mx\/#website\"},\"primaryImageOfPage\":{\"@id\":\"https:\/\/www.nexoinformativo.mx\/index.php\/2025\/03\/20\/primer-informe-anual-de-la-fiscalia-de-queretaro-con-avances-en-investigacion-y-detenciones\/#primaryimage\"},\"image\":{\"@id\":\"https:\/\/www.nexoinformativo.mx\/index.php\/2025\/03\/20\/primer-informe-anual-de-la-fiscalia-de-queretaro-con-avances-en-investigacion-y-detenciones\/#primaryimage\"},\"thumbnailUrl\":\"https:\/\/www.nexoinformativo.mx\/wp-content\/uploads\/2025\/03\/IMG_1805-e1742515670649.jpg\",\"datePublished\":\"2025-03-20T22:00:46+00:00\",\"dateModified\":\"2025-03-21T00:10:53+00:00\",\"description\":\"Primer Informe anual de la Fiscal\u00eda de Quer\u00e9taro con avances en investigaci\u00f3n y detenciones\",\"breadcrumb\":{\"@id\":\"https:\/\/www.nexoinformativo.mx\/index.php\/2025\/03\/20\/primer-informe-anual-de-la-fiscalia-de-queretaro-con-avances-en-investigacion-y-detenciones\/#breadcrumb\"},\"inLanguage\":\"es\",\"potentialAction\":[{\"@type\":\"ReadAction\",\"target\":[\"https:\/\/www.nexoinformativo.mx\/index.php\/2025\/03\/20\/primer-informe-anual-de-la-fiscalia-de-queretaro-con-avances-en-investigacion-y-detenciones\/\"]}]},{\"@type\":\"ImageObject\",\"inLanguage\":\"es\",\"@id\":\"https:\/\/www.nexoinformativo.mx\/index.php\/2025\/03\/20\/primer-informe-anual-de-la-fiscalia-de-queretaro-con-avances-en-investigacion-y-detenciones\/#primaryimage\",\"url\":\"https:\/\/www.nexoinformativo.mx\/wp-content\/uploads\/2025\/03\/IMG_1805-e1742515670649.jpg\",\"contentUrl\":\"https:\/\/www.nexoinformativo.mx\/wp-content\/uploads\/2025\/03\/IMG_1805-e1742515670649.jpg\",\"width\":800,\"height\":533},{\"@type\":\"BreadcrumbList\",\"@id\":\"https:\/\/www.nexoinformativo.mx\/index.php\/2025\/03\/20\/primer-informe-anual-de-la-fiscalia-de-queretaro-con-avances-en-investigacion-y-detenciones\/#breadcrumb\",\"itemListElement\":[{\"@type\":\"ListItem\",\"position\":1,\"name\":\"Inicio\",\"item\":\"https:\/\/www.nexoinformativo.mx\/\"},{\"@type\":\"ListItem\",\"position\":2,\"name\":\"Primer Informe anual de la Fiscal\u00eda de Quer\u00e9taro con avances en investigaci\u00f3n y detenciones\"}]},{\"@type\":\"WebSite\",\"@id\":\"https:\/\/www.nexoinformativo.mx\/#website\",\"url\":\"https:\/\/www.nexoinformativo.mx\/\",\"name\":\"Nexo Informativo Santiago de Quer\u00e9taro\",\"description\":\"Explora NexoInformativo y convi\u00e9rtete en parte de una comunidad que valora el conocimiento y la verdad. Tu nexoinformativo es tu puente hacia una comprensi\u00f3n m\u00e1s profunda del mundo que te rodea.\",\"publisher\":{\"@id\":\"https:\/\/www.nexoinformativo.mx\/#organization\"},\"potentialAction\":[{\"@type\":\"SearchAction\",\"target\":{\"@type\":\"EntryPoint\",\"urlTemplate\":\"https:\/\/www.nexoinformativo.mx\/?s={search_term_string}\"},\"query-input\":{\"@type\":\"PropertyValueSpecification\",\"valueRequired\":true,\"valueName\":\"search_term_string\"}}],\"inLanguage\":\"es\"},{\"@type\":\"Organization\",\"@id\":\"https:\/\/www.nexoinformativo.mx\/#organization\",\"name\":\"Nexo Informativo Santiago de Quer\u00e9taro\",\"url\":\"https:\/\/www.nexoinformativo.mx\/\",\"logo\":{\"@type\":\"ImageObject\",\"inLanguage\":\"es\",\"@id\":\"https:\/\/www.nexoinformativo.mx\/#\/schema\/logo\/image\/\",\"url\":\"https:\/\/www.nexoinformativo.mx\/wp-content\/uploads\/2024\/07\/nexoi-trasparente-2.png\",\"contentUrl\":\"https:\/\/www.nexoinformativo.mx\/wp-content\/uploads\/2024\/07\/nexoi-trasparente-2.png\",\"width\":816,\"height\":339,\"caption\":\"Nexo Informativo Santiago de Quer\u00e9taro\"},\"image\":{\"@id\":\"https:\/\/www.nexoinformativo.mx\/#\/schema\/logo\/image\/\"},\"sameAs\":[\"https:\/\/www.facebook.com\/people\/Nexo-Informativo\/61564066885511\/\"]},{\"@type\":\"Person\",\"@id\":\"https:\/\/www.nexoinformativo.mx\/#\/schema\/person\/7749d380ba08c8ca00d7bc76fd907b7d\",\"name\":\"Nexo Informativo\",\"image\":{\"@type\":\"ImageObject\",\"inLanguage\":\"es\",\"@id\":\"https:\/\/www.nexoinformativo.mx\/#\/schema\/person\/image\/\",\"url\":\"https:\/\/secure.gravatar.com\/avatar\/dde2928154642a13d95f87ddf1ea9718fe2b46760a005c53e41ff5ad610704e6?s=96&d=mm&r=g\",\"contentUrl\":\"https:\/\/secure.gravatar.com\/avatar\/dde2928154642a13d95f87ddf1ea9718fe2b46760a005c53e41ff5ad610704e6?s=96&d=mm&r=g\",\"caption\":\"Nexo Informativo\"},\"url\":\"https:\/\/www.nexoinformativo.mx\/index.php\/author\/edicion\/\"}]}<\/script>\n<!-- \/ Yoast SEO plugin. -->","yoast_head_json":{"title":"Primer Informe anual de la Fiscal\u00eda de Quer\u00e9taro con avances en investigaci\u00f3n y detenciones | Nexo Informativo Santiago de Quer\u00e9taro","description":"Primer Informe anual de la Fiscal\u00eda de Quer\u00e9taro con avances en investigaci\u00f3n y detenciones","robots":{"index":"index","follow":"follow","max-snippet":"max-snippet:-1","max-image-preview":"max-image-preview:large","max-video-preview":"max-video-preview:-1"},"canonical":"https:\/\/www.nexoinformativo.mx\/index.php\/2025\/03\/20\/primer-informe-anual-de-la-fiscalia-de-queretaro-con-avances-en-investigacion-y-detenciones\/","og_locale":"es_MX","og_type":"article","og_title":"Primer Informe anual de la Fiscal\u00eda de Quer\u00e9taro con avances en investigaci\u00f3n y detenciones | Nexo Informativo Santiago de Quer\u00e9taro","og_description":"Primer Informe anual de la Fiscal\u00eda de Quer\u00e9taro con avances en investigaci\u00f3n y detenciones","og_url":"https:\/\/www.nexoinformativo.mx\/index.php\/2025\/03\/20\/primer-informe-anual-de-la-fiscalia-de-queretaro-con-avances-en-investigacion-y-detenciones\/","og_site_name":"Nexo Informativo Santiago de Quer\u00e9taro","article_publisher":"https:\/\/www.facebook.com\/people\/Nexo-Informativo\/61564066885511\/","article_published_time":"2025-03-20T22:00:46+00:00","article_modified_time":"2025-03-21T00:10:53+00:00","og_image":[{"width":800,"height":533,"url":"https:\/\/www.nexoinformativo.mx\/wp-content\/uploads\/2025\/03\/IMG_1805-e1742515670649.jpg","type":"image\/jpeg"}],"author":"Nexo Informativo","twitter_card":"summary_large_image","twitter_misc":{"Escrito por":"Nexo Informativo","Tiempo de lectura":"2 minutos"},"schema":{"@context":"https:\/\/schema.org","@graph":[{"@type":"Article","@id":"https:\/\/www.nexoinformativo.mx\/index.php\/2025\/03\/20\/primer-informe-anual-de-la-fiscalia-de-queretaro-con-avances-en-investigacion-y-detenciones\/#article","isPartOf":{"@id":"https:\/\/www.nexoinformativo.mx\/index.php\/2025\/03\/20\/primer-informe-anual-de-la-fiscalia-de-queretaro-con-avances-en-investigacion-y-detenciones\/"},"author":{"name":"Nexo Informativo","@id":"https:\/\/www.nexoinformativo.mx\/#\/schema\/person\/7749d380ba08c8ca00d7bc76fd907b7d"},"headline":"Primer Informe anual de la Fiscal\u00eda de Quer\u00e9taro con avances en investigaci\u00f3n y detenciones","datePublished":"2025-03-20T22:00:46+00:00","dateModified":"2025-03-21T00:10:53+00:00","mainEntityOfPage":{"@id":"https:\/\/www.nexoinformativo.mx\/index.php\/2025\/03\/20\/primer-informe-anual-de-la-fiscalia-de-queretaro-con-avances-en-investigacion-y-detenciones\/"},"wordCount":291,"commentCount":0,"publisher":{"@id":"https:\/\/www.nexoinformativo.mx\/#organization"},"image":{"@id":"https:\/\/www.nexoinformativo.mx\/index.php\/2025\/03\/20\/primer-informe-anual-de-la-fiscalia-de-queretaro-con-avances-en-investigacion-y-detenciones\/#primaryimage"},"thumbnailUrl":"https:\/\/www.nexoinformativo.mx\/wp-content\/uploads\/2025\/03\/IMG_1805-e1742515670649.jpg","keywords":["Fiscal\u00edaQuer\u00e9taro","InformeAnual","JusticiaQueretaro","SeguridadQueretaro"],"articleSection":["Estado","Pol\u00edtica","\u00daltima Hora"],"inLanguage":"es","potentialAction":[{"@type":"CommentAction","name":"Comment","target":["https:\/\/www.nexoinformativo.mx\/index.php\/2025\/03\/20\/primer-informe-anual-de-la-fiscalia-de-queretaro-con-avances-en-investigacion-y-detenciones\/#respond"]}]},{"@type":"WebPage","@id":"https:\/\/www.nexoinformativo.mx\/index.php\/2025\/03\/20\/primer-informe-anual-de-la-fiscalia-de-queretaro-con-avances-en-investigacion-y-detenciones\/","url":"https:\/\/www.nexoinformativo.mx\/index.php\/2025\/03\/20\/primer-informe-anual-de-la-fiscalia-de-queretaro-con-avances-en-investigacion-y-detenciones\/","name":"Primer Informe anual de la Fiscal\u00eda de Quer\u00e9taro con avances en investigaci\u00f3n y detenciones | Nexo Informativo Santiago de Quer\u00e9taro","isPartOf":{"@id":"https:\/\/www.nexoinformativo.mx\/#website"},"primaryImageOfPage":{"@id":"https:\/\/www.nexoinformativo.mx\/index.php\/2025\/03\/20\/primer-informe-anual-de-la-fiscalia-de-queretaro-con-avances-en-investigacion-y-detenciones\/#primaryimage"},"image":{"@id":"https:\/\/www.nexoinformativo.mx\/index.php\/2025\/03\/20\/primer-informe-anual-de-la-fiscalia-de-queretaro-con-avances-en-investigacion-y-detenciones\/#primaryimage"},"thumbnailUrl":"https:\/\/www.nexoinformativo.mx\/wp-content\/uploads\/2025\/03\/IMG_1805-e1742515670649.jpg","datePublished":"2025-03-20T22:00:46+00:00","dateModified":"2025-03-21T00:10:53+00:00","description":"Primer Informe anual de la Fiscal\u00eda de Quer\u00e9taro con avances en investigaci\u00f3n y detenciones","breadcrumb":{"@id":"https:\/\/www.nexoinformativo.mx\/index.php\/2025\/03\/20\/primer-informe-anual-de-la-fiscalia-de-queretaro-con-avances-en-investigacion-y-detenciones\/#breadcrumb"},"inLanguage":"es","potentialAction":[{"@type":"ReadAction","target":["https:\/\/www.nexoinformativo.mx\/index.php\/2025\/03\/20\/primer-informe-anual-de-la-fiscalia-de-queretaro-con-avances-en-investigacion-y-detenciones\/"]}]},{"@type":"ImageObject","inLanguage":"es","@id":"https:\/\/www.nexoinformativo.mx\/index.php\/2025\/03\/20\/primer-informe-anual-de-la-fiscalia-de-queretaro-con-avances-en-investigacion-y-detenciones\/#primaryimage","url":"https:\/\/www.nexoinformativo.mx\/wp-content\/uploads\/2025\/03\/IMG_1805-e1742515670649.jpg","contentUrl":"https:\/\/www.nexoinformativo.mx\/wp-content\/uploads\/2025\/03\/IMG_1805-e1742515670649.jpg","width":800,"height":533},{"@type":"BreadcrumbList","@id":"https:\/\/www.nexoinformativo.mx\/index.php\/2025\/03\/20\/primer-informe-anual-de-la-fiscalia-de-queretaro-con-avances-en-investigacion-y-detenciones\/#breadcrumb","itemListElement":[{"@type":"ListItem","position":1,"name":"Inicio","item":"https:\/\/www.nexoinformativo.mx\/"},{"@type":"ListItem","position":2,"name":"Primer Informe anual de la Fiscal\u00eda de Quer\u00e9taro con avances en investigaci\u00f3n y detenciones"}]},{"@type":"WebSite","@id":"https:\/\/www.nexoinformativo.mx\/#website","url":"https:\/\/www.nexoinformativo.mx\/","name":"Nexo Informativo Santiago de Quer\u00e9taro","description":"Explora NexoInformativo y convi\u00e9rtete en parte de una comunidad que valora el conocimiento y la verdad. Tu nexoinformativo es tu puente hacia una comprensi\u00f3n m\u00e1s profunda del mundo que te rodea.","publisher":{"@id":"https:\/\/www.nexoinformativo.mx\/#organization"},"potentialAction":[{"@type":"SearchAction","target":{"@type":"EntryPoint","urlTemplate":"https:\/\/www.nexoinformativo.mx\/?s={search_term_string}"},"query-input":{"@type":"PropertyValueSpecification","valueRequired":true,"valueName":"search_term_string"}}],"inLanguage":"es"},{"@type":"Organization","@id":"https:\/\/www.nexoinformativo.mx\/#organization","name":"Nexo Informativo Santiago de Quer\u00e9taro","url":"https:\/\/www.nexoinformativo.mx\/","logo":{"@type":"ImageObject","inLanguage":"es","@id":"https:\/\/www.nexoinformativo.mx\/#\/schema\/logo\/image\/","url":"https:\/\/www.nexoinformativo.mx\/wp-content\/uploads\/2024\/07\/nexoi-trasparente-2.png","contentUrl":"https:\/\/www.nexoinformativo.mx\/wp-content\/uploads\/2024\/07\/nexoi-trasparente-2.png","width":816,"height":339,"caption":"Nexo Informativo Santiago de Quer\u00e9taro"},"image":{"@id":"https:\/\/www.nexoinformativo.mx\/#\/schema\/logo\/image\/"},"sameAs":["https:\/\/www.facebook.com\/people\/Nexo-Informativo\/61564066885511\/"]},{"@type":"Person","@id":"https:\/\/www.nexoinformativo.mx\/#\/schema\/person\/7749d380ba08c8ca00d7bc76fd907b7d","name":"Nexo Informativo","image":{"@type":"ImageObject","inLanguage":"es","@id":"https:\/\/www.nexoinformativo.mx\/#\/schema\/person\/image\/","url":"https:\/\/secure.gravatar.com\/avatar\/dde2928154642a13d95f87ddf1ea9718fe2b46760a005c53e41ff5ad610704e6?s=96&d=mm&r=g","contentUrl":"https:\/\/secure.gravatar.com\/avatar\/dde2928154642a13d95f87ddf1ea9718fe2b46760a005c53e41ff5ad610704e6?s=96&d=mm&r=g","caption":"Nexo Informativo"},"url":"https:\/\/www.nexoinformativo.mx\/index.php\/author\/edicion\/"}]}},"_links":{"self":[{"href":"https:\/\/www.nexoinformativo.mx\/index.php\/wp-json\/wp\/v2\/posts\/13130","targetHints":{"allow":["GET"]}}],"collection":[{"href":"https:\/\/www.nexoinformativo.mx\/index.php\/wp-json\/wp\/v2\/posts"}],"about":[{"href":"https:\/\/www.nexoinformativo.mx\/index.php\/wp-json\/wp\/v2\/types\/post"}],"author":[{"embeddable":true,"href":"https:\/\/www.nexoinformativo.mx\/index.php\/wp-json\/wp\/v2\/users\/3"}],"replies":[{"embeddable":true,"href":"https:\/\/www.nexoinformativo.mx\/index.php\/wp-json\/wp\/v2\/comments?post=13130"}],"version-history":[{"count":4,"href":"https:\/\/www.nexoinformativo.mx\/index.php\/wp-json\/wp\/v2\/posts\/13130\/revisions"}],"predecessor-version":[{"id":13136,"href":"https:\/\/www.nexoinformativo.mx\/index.php\/wp-json\/wp\/v2\/posts\/13130\/revisions\/13136"}],"wp:featuredmedia":[{"embeddable":true,"href":"https:\/\/www.nexoinformativo.mx\/index.php\/wp-json\/wp\/v2\/media\/13131"}],"wp:attachment":[{"href":"https:\/\/www.nexoinformativo.mx\/index.php\/wp-json\/wp\/v2\/media?parent=13130"}],"wp:term":[{"taxonomy":"category","embeddable":true,"href":"https:\/\/www.nexoinformativo.mx\/index.php\/wp-json\/wp\/v2\/categories?post=13130"},{"taxonomy":"post_tag","embeddable":true,"href":"https:\/\/www.nexoinformativo.mx\/index.php\/wp-json\/wp\/v2\/tags?post=13130"}],"curies":[{"name":"wp","href":"https:\/\/api.w.org\/{rel}","templated":true}]}}