{"id":13142,"date":"2025-03-21T06:00:30","date_gmt":"2025-03-21T12:00:30","guid":{"rendered":"https:\/\/www.nexoinformativo.mx\/?p=13142"},"modified":"2025-03-21T08:39:20","modified_gmt":"2025-03-21T14:39:20","slug":"operativo-masivo-fiscalia-de-queretaro-desmantela-red-criminal-con-16-detenidos","status":"publish","type":"post","link":"https:\/\/www.nexoinformativo.mx\/index.php\/2025\/03\/21\/operativo-masivo-fiscalia-de-queretaro-desmantela-red-criminal-con-16-detenidos\/","title":{"rendered":"Operativo masivo Fiscal\u00eda de Quer\u00e9taro desmantela red criminal con 16 detenidos"},"content":{"rendered":"<p style=\"text-align: justify;\" data-sourcepos=\"13:1-13:282\">En un operativo coordinado denominado <strong>&#8220;Sinergia por Quer\u00e9taro&#8221;<\/strong>, la Fiscal\u00eda General del Estado (FGEQ) logr\u00f3 la detenci\u00f3n de 16 personas implicadas en diversos delitos, tras realizar 26 cateos simult\u00e1neos en los municipios de Quer\u00e9taro y El Marqu\u00e9s.<\/p>\n<\/p>\n<p>&nbsp;<\/p>\n<p style=\"text-align: justify;\" data-sourcepos=\"15:1-15:332\">La acci\u00f3n conjunta, en la que participaron la Polic\u00eda Municipal de Quer\u00e9taro, Polic\u00eda Estatal, Guardia Nacional y el Ej\u00e9rcito, permiti\u00f3 la captura de nueve individuos con \u00f3rdenes de aprehensi\u00f3n vigentes por robos, delitos contra la salud, delitos sexuales y violencia familiar. Adem\u00e1s, siete personas fueron detenidas en flagrancia.<\/p>\n<\/p>\n<p>&nbsp;<\/p>\n<p style=\"text-align: justify;\" data-sourcepos=\"17:1-17:258\">Los cateos se llevaron a cabo en colonias como Los H\u00e9roes, San Jos\u00e9 El Alto, Presidentes, Lomas de Casa Blanca, y otras, donde se aseguraron dosis de sustancias sint\u00e9ticas, armas de fuego, cartuchos \u00fatiles, dinero en efectivo y veh\u00edculos con reporte de robo.<\/p>\n<\/p>\n<p>&nbsp;<\/p>\n<p style=\"text-align: justify;\" data-sourcepos=\"19:1-19:145\">La FGEQ reafirma su compromiso de trabajar en coordinaci\u00f3n con los tres \u00f3rdenes de gobierno para garantizar la seguridad y justicia en Quer\u00e9taro.<\/p>\n<\/p>\n<p>&nbsp;<\/p>\n<p style=\"text-align: center;\" data-sourcepos=\"19:1-19:145\"><em><strong>\u00a1Informaci\u00f3n que transforma!<\/strong><\/em><\/p>\n","protected":false},"excerpt":{"rendered":"<p>En un operativo coordinado denominado &#8220;Sinergia por Quer\u00e9taro&#8221;, la Fiscal\u00eda General del Estado (FGEQ) logr\u00f3 la detenci\u00f3n de 16 personas implicadas en diversos delitos, tras realizar 26 cateos simult\u00e1neos en los municipios de Quer\u00e9taro y El Marqu\u00e9s.<\/p>\n","protected":false},"author":3,"featured_media":13144,"comment_status":"open","ping_status":"open","sticky":false,"template":"","format":"standard","meta":{"footnotes":""},"categories":[137,58],"tags":[723,500,3723,242],"class_list":["post-13142","post","type-post","status-publish","format-standard","has-post-thumbnail","hentry","category-sucesos","category-ultima-hora","tag-detenciones","tag-fiscaliaqueretaro","tag-operativosinergia","tag-queretaroseguro"],"yoast_head":"<!-- This site is optimized with the Yoast SEO plugin v25.0 - https:\/\/yoast.com\/wordpress\/plugins\/seo\/ -->\n<title>Operativo masivo Fiscal\u00eda de Quer\u00e9taro desmantela red criminal con 16 detenidos | Nexo Informativo Santiago de Quer\u00e9taro<\/title>\n<meta name=\"description\" content=\"Operativo masivo Fiscal\u00eda de Quer\u00e9taro desmantela red criminal con 16 detenidos\" \/>\n<meta name=\"robots\" content=\"index, follow, max-snippet:-1, max-image-preview:large, max-video-preview:-1\" \/>\n<link rel=\"canonical\" href=\"https:\/\/www.nexoinformativo.mx\/index.php\/2025\/03\/21\/operativo-masivo-fiscalia-de-queretaro-desmantela-red-criminal-con-16-detenidos\/\" \/>\n<meta property=\"og:locale\" content=\"es_MX\" \/>\n<meta property=\"og:type\" content=\"article\" \/>\n<meta property=\"og:title\" content=\"Operativo masivo Fiscal\u00eda de Quer\u00e9taro desmantela red criminal con 16 detenidos | Nexo Informativo Santiago de Quer\u00e9taro\" \/>\n<meta property=\"og:description\" content=\"Operativo masivo Fiscal\u00eda de Quer\u00e9taro desmantela red criminal con 16 detenidos\" \/>\n<meta property=\"og:url\" content=\"https:\/\/www.nexoinformativo.mx\/index.php\/2025\/03\/21\/operativo-masivo-fiscalia-de-queretaro-desmantela-red-criminal-con-16-detenidos\/\" \/>\n<meta property=\"og:site_name\" content=\"Nexo Informativo Santiago de Quer\u00e9taro\" \/>\n<meta property=\"article:publisher\" content=\"https:\/\/www.facebook.com\/people\/Nexo-Informativo\/61564066885511\/\" \/>\n<meta property=\"article:published_time\" content=\"2025-03-21T12:00:30+00:00\" \/>\n<meta property=\"article:modified_time\" content=\"2025-03-21T14:39:20+00:00\" \/>\n<meta property=\"og:image\" content=\"https:\/\/www.nexoinformativo.mx\/wp-content\/uploads\/2025\/03\/PHOTO-2025-03-21-08-07-55-e1742567934899.jpg\" \/>\n\t<meta property=\"og:image:width\" content=\"800\" \/>\n\t<meta property=\"og:image:height\" content=\"504\" \/>\n\t<meta property=\"og:image:type\" content=\"image\/jpeg\" \/>\n<meta name=\"author\" content=\"Nexo Informativo\" \/>\n<meta name=\"twitter:card\" content=\"summary_large_image\" \/>\n<meta name=\"twitter:label1\" content=\"Escrito por\" \/>\n\t<meta name=\"twitter:data1\" content=\"Nexo Informativo\" \/>\n\t<meta name=\"twitter:label2\" content=\"Tiempo de lectura\" \/>\n\t<meta name=\"twitter:data2\" content=\"1 minuto\" \/>\n<script type=\"application\/ld+json\" class=\"yoast-schema-graph\">{\"@context\":\"https:\/\/schema.org\",\"@graph\":[{\"@type\":\"Article\",\"@id\":\"https:\/\/www.nexoinformativo.mx\/index.php\/2025\/03\/21\/operativo-masivo-fiscalia-de-queretaro-desmantela-red-criminal-con-16-detenidos\/#article\",\"isPartOf\":{\"@id\":\"https:\/\/www.nexoinformativo.mx\/index.php\/2025\/03\/21\/operativo-masivo-fiscalia-de-queretaro-desmantela-red-criminal-con-16-detenidos\/\"},\"author\":{\"name\":\"Nexo Informativo\",\"@id\":\"https:\/\/www.nexoinformativo.mx\/#\/schema\/person\/7749d380ba08c8ca00d7bc76fd907b7d\"},\"headline\":\"Operativo masivo Fiscal\u00eda de Quer\u00e9taro desmantela red criminal con 16 detenidos\",\"datePublished\":\"2025-03-21T12:00:30+00:00\",\"dateModified\":\"2025-03-21T14:39:20+00:00\",\"mainEntityOfPage\":{\"@id\":\"https:\/\/www.nexoinformativo.mx\/index.php\/2025\/03\/21\/operativo-masivo-fiscalia-de-queretaro-desmantela-red-criminal-con-16-detenidos\/\"},\"wordCount\":187,\"commentCount\":0,\"publisher\":{\"@id\":\"https:\/\/www.nexoinformativo.mx\/#organization\"},\"image\":{\"@id\":\"https:\/\/www.nexoinformativo.mx\/index.php\/2025\/03\/21\/operativo-masivo-fiscalia-de-queretaro-desmantela-red-criminal-con-16-detenidos\/#primaryimage\"},\"thumbnailUrl\":\"https:\/\/www.nexoinformativo.mx\/wp-content\/uploads\/2025\/03\/PHOTO-2025-03-21-08-07-55-e1742567934899.jpg\",\"keywords\":[\"Detenciones\",\"Fiscal\u00edaQuer\u00e9taro\",\"OperativoSinergia\",\"QueretaroSeguro\"],\"articleSection\":[\"Sucesos\",\"\u00daltima Hora\"],\"inLanguage\":\"es\",\"potentialAction\":[{\"@type\":\"CommentAction\",\"name\":\"Comment\",\"target\":[\"https:\/\/www.nexoinformativo.mx\/index.php\/2025\/03\/21\/operativo-masivo-fiscalia-de-queretaro-desmantela-red-criminal-con-16-detenidos\/#respond\"]}]},{\"@type\":\"WebPage\",\"@id\":\"https:\/\/www.nexoinformativo.mx\/index.php\/2025\/03\/21\/operativo-masivo-fiscalia-de-queretaro-desmantela-red-criminal-con-16-detenidos\/\",\"url\":\"https:\/\/www.nexoinformativo.mx\/index.php\/2025\/03\/21\/operativo-masivo-fiscalia-de-queretaro-desmantela-red-criminal-con-16-detenidos\/\",\"name\":\"Operativo masivo Fiscal\u00eda de Quer\u00e9taro desmantela red criminal con 16 detenidos | Nexo Informativo Santiago de Quer\u00e9taro\",\"isPartOf\":{\"@id\":\"https:\/\/www.nexoinformativo.mx\/#website\"},\"primaryImageOfPage\":{\"@id\":\"https:\/\/www.nexoinformativo.mx\/index.php\/2025\/03\/21\/operativo-masivo-fiscalia-de-queretaro-desmantela-red-criminal-con-16-detenidos\/#primaryimage\"},\"image\":{\"@id\":\"https:\/\/www.nexoinformativo.mx\/index.php\/2025\/03\/21\/operativo-masivo-fiscalia-de-queretaro-desmantela-red-criminal-con-16-detenidos\/#primaryimage\"},\"thumbnailUrl\":\"https:\/\/www.nexoinformativo.mx\/wp-content\/uploads\/2025\/03\/PHOTO-2025-03-21-08-07-55-e1742567934899.jpg\",\"datePublished\":\"2025-03-21T12:00:30+00:00\",\"dateModified\":\"2025-03-21T14:39:20+00:00\",\"description\":\"Operativo masivo Fiscal\u00eda de Quer\u00e9taro desmantela red criminal con 16 detenidos\",\"breadcrumb\":{\"@id\":\"https:\/\/www.nexoinformativo.mx\/index.php\/2025\/03\/21\/operativo-masivo-fiscalia-de-queretaro-desmantela-red-criminal-con-16-detenidos\/#breadcrumb\"},\"inLanguage\":\"es\",\"potentialAction\":[{\"@type\":\"ReadAction\",\"target\":[\"https:\/\/www.nexoinformativo.mx\/index.php\/2025\/03\/21\/operativo-masivo-fiscalia-de-queretaro-desmantela-red-criminal-con-16-detenidos\/\"]}]},{\"@type\":\"ImageObject\",\"inLanguage\":\"es\",\"@id\":\"https:\/\/www.nexoinformativo.mx\/index.php\/2025\/03\/21\/operativo-masivo-fiscalia-de-queretaro-desmantela-red-criminal-con-16-detenidos\/#primaryimage\",\"url\":\"https:\/\/www.nexoinformativo.mx\/wp-content\/uploads\/2025\/03\/PHOTO-2025-03-21-08-07-55-e1742567934899.jpg\",\"contentUrl\":\"https:\/\/www.nexoinformativo.mx\/wp-content\/uploads\/2025\/03\/PHOTO-2025-03-21-08-07-55-e1742567934899.jpg\",\"width\":800,\"height\":504},{\"@type\":\"BreadcrumbList\",\"@id\":\"https:\/\/www.nexoinformativo.mx\/index.php\/2025\/03\/21\/operativo-masivo-fiscalia-de-queretaro-desmantela-red-criminal-con-16-detenidos\/#breadcrumb\",\"itemListElement\":[{\"@type\":\"ListItem\",\"position\":1,\"name\":\"Inicio\",\"item\":\"https:\/\/www.nexoinformativo.mx\/\"},{\"@type\":\"ListItem\",\"position\":2,\"name\":\"Operativo masivo Fiscal\u00eda de Quer\u00e9taro desmantela red criminal con 16 detenidos\"}]},{\"@type\":\"WebSite\",\"@id\":\"https:\/\/www.nexoinformativo.mx\/#website\",\"url\":\"https:\/\/www.nexoinformativo.mx\/\",\"name\":\"Nexo Informativo Santiago de Quer\u00e9taro\",\"description\":\"Explora NexoInformativo y convi\u00e9rtete en parte de una comunidad que valora el conocimiento y la verdad. Tu nexoinformativo es tu puente hacia una comprensi\u00f3n m\u00e1s profunda del mundo que te rodea.\",\"publisher\":{\"@id\":\"https:\/\/www.nexoinformativo.mx\/#organization\"},\"potentialAction\":[{\"@type\":\"SearchAction\",\"target\":{\"@type\":\"EntryPoint\",\"urlTemplate\":\"https:\/\/www.nexoinformativo.mx\/?s={search_term_string}\"},\"query-input\":{\"@type\":\"PropertyValueSpecification\",\"valueRequired\":true,\"valueName\":\"search_term_string\"}}],\"inLanguage\":\"es\"},{\"@type\":\"Organization\",\"@id\":\"https:\/\/www.nexoinformativo.mx\/#organization\",\"name\":\"Nexo Informativo Santiago de Quer\u00e9taro\",\"url\":\"https:\/\/www.nexoinformativo.mx\/\",\"logo\":{\"@type\":\"ImageObject\",\"inLanguage\":\"es\",\"@id\":\"https:\/\/www.nexoinformativo.mx\/#\/schema\/logo\/image\/\",\"url\":\"https:\/\/www.nexoinformativo.mx\/wp-content\/uploads\/2024\/07\/nexoi-trasparente-2.png\",\"contentUrl\":\"https:\/\/www.nexoinformativo.mx\/wp-content\/uploads\/2024\/07\/nexoi-trasparente-2.png\",\"width\":816,\"height\":339,\"caption\":\"Nexo Informativo Santiago de Quer\u00e9taro\"},\"image\":{\"@id\":\"https:\/\/www.nexoinformativo.mx\/#\/schema\/logo\/image\/\"},\"sameAs\":[\"https:\/\/www.facebook.com\/people\/Nexo-Informativo\/61564066885511\/\"]},{\"@type\":\"Person\",\"@id\":\"https:\/\/www.nexoinformativo.mx\/#\/schema\/person\/7749d380ba08c8ca00d7bc76fd907b7d\",\"name\":\"Nexo Informativo\",\"image\":{\"@type\":\"ImageObject\",\"inLanguage\":\"es\",\"@id\":\"https:\/\/www.nexoinformativo.mx\/#\/schema\/person\/image\/\",\"url\":\"https:\/\/secure.gravatar.com\/avatar\/dde2928154642a13d95f87ddf1ea9718fe2b46760a005c53e41ff5ad610704e6?s=96&d=mm&r=g\",\"contentUrl\":\"https:\/\/secure.gravatar.com\/avatar\/dde2928154642a13d95f87ddf1ea9718fe2b46760a005c53e41ff5ad610704e6?s=96&d=mm&r=g\",\"caption\":\"Nexo Informativo\"},\"url\":\"https:\/\/www.nexoinformativo.mx\/index.php\/author\/edicion\/\"}]}<\/script>\n<!-- \/ Yoast SEO plugin. -->","yoast_head_json":{"title":"Operativo masivo Fiscal\u00eda de Quer\u00e9taro desmantela red criminal con 16 detenidos | Nexo Informativo Santiago de Quer\u00e9taro","description":"Operativo masivo Fiscal\u00eda de Quer\u00e9taro desmantela red criminal con 16 detenidos","robots":{"index":"index","follow":"follow","max-snippet":"max-snippet:-1","max-image-preview":"max-image-preview:large","max-video-preview":"max-video-preview:-1"},"canonical":"https:\/\/www.nexoinformativo.mx\/index.php\/2025\/03\/21\/operativo-masivo-fiscalia-de-queretaro-desmantela-red-criminal-con-16-detenidos\/","og_locale":"es_MX","og_type":"article","og_title":"Operativo masivo Fiscal\u00eda de Quer\u00e9taro desmantela red criminal con 16 detenidos | Nexo Informativo Santiago de Quer\u00e9taro","og_description":"Operativo masivo Fiscal\u00eda de Quer\u00e9taro desmantela red criminal con 16 detenidos","og_url":"https:\/\/www.nexoinformativo.mx\/index.php\/2025\/03\/21\/operativo-masivo-fiscalia-de-queretaro-desmantela-red-criminal-con-16-detenidos\/","og_site_name":"Nexo Informativo Santiago de Quer\u00e9taro","article_publisher":"https:\/\/www.facebook.com\/people\/Nexo-Informativo\/61564066885511\/","article_published_time":"2025-03-21T12:00:30+00:00","article_modified_time":"2025-03-21T14:39:20+00:00","og_image":[{"width":800,"height":504,"url":"https:\/\/www.nexoinformativo.mx\/wp-content\/uploads\/2025\/03\/PHOTO-2025-03-21-08-07-55-e1742567934899.jpg","type":"image\/jpeg"}],"author":"Nexo Informativo","twitter_card":"summary_large_image","twitter_misc":{"Escrito por":"Nexo Informativo","Tiempo de lectura":"1 minuto"},"schema":{"@context":"https:\/\/schema.org","@graph":[{"@type":"Article","@id":"https:\/\/www.nexoinformativo.mx\/index.php\/2025\/03\/21\/operativo-masivo-fiscalia-de-queretaro-desmantela-red-criminal-con-16-detenidos\/#article","isPartOf":{"@id":"https:\/\/www.nexoinformativo.mx\/index.php\/2025\/03\/21\/operativo-masivo-fiscalia-de-queretaro-desmantela-red-criminal-con-16-detenidos\/"},"author":{"name":"Nexo Informativo","@id":"https:\/\/www.nexoinformativo.mx\/#\/schema\/person\/7749d380ba08c8ca00d7bc76fd907b7d"},"headline":"Operativo masivo Fiscal\u00eda de Quer\u00e9taro desmantela red criminal con 16 detenidos","datePublished":"2025-03-21T12:00:30+00:00","dateModified":"2025-03-21T14:39:20+00:00","mainEntityOfPage":{"@id":"https:\/\/www.nexoinformativo.mx\/index.php\/2025\/03\/21\/operativo-masivo-fiscalia-de-queretaro-desmantela-red-criminal-con-16-detenidos\/"},"wordCount":187,"commentCount":0,"publisher":{"@id":"https:\/\/www.nexoinformativo.mx\/#organization"},"image":{"@id":"https:\/\/www.nexoinformativo.mx\/index.php\/2025\/03\/21\/operativo-masivo-fiscalia-de-queretaro-desmantela-red-criminal-con-16-detenidos\/#primaryimage"},"thumbnailUrl":"https:\/\/www.nexoinformativo.mx\/wp-content\/uploads\/2025\/03\/PHOTO-2025-03-21-08-07-55-e1742567934899.jpg","keywords":["Detenciones","Fiscal\u00edaQuer\u00e9taro","OperativoSinergia","QueretaroSeguro"],"articleSection":["Sucesos","\u00daltima Hora"],"inLanguage":"es","potentialAction":[{"@type":"CommentAction","name":"Comment","target":["https:\/\/www.nexoinformativo.mx\/index.php\/2025\/03\/21\/operativo-masivo-fiscalia-de-queretaro-desmantela-red-criminal-con-16-detenidos\/#respond"]}]},{"@type":"WebPage","@id":"https:\/\/www.nexoinformativo.mx\/index.php\/2025\/03\/21\/operativo-masivo-fiscalia-de-queretaro-desmantela-red-criminal-con-16-detenidos\/","url":"https:\/\/www.nexoinformativo.mx\/index.php\/2025\/03\/21\/operativo-masivo-fiscalia-de-queretaro-desmantela-red-criminal-con-16-detenidos\/","name":"Operativo masivo Fiscal\u00eda de Quer\u00e9taro desmantela red criminal con 16 detenidos | Nexo Informativo Santiago de Quer\u00e9taro","isPartOf":{"@id":"https:\/\/www.nexoinformativo.mx\/#website"},"primaryImageOfPage":{"@id":"https:\/\/www.nexoinformativo.mx\/index.php\/2025\/03\/21\/operativo-masivo-fiscalia-de-queretaro-desmantela-red-criminal-con-16-detenidos\/#primaryimage"},"image":{"@id":"https:\/\/www.nexoinformativo.mx\/index.php\/2025\/03\/21\/operativo-masivo-fiscalia-de-queretaro-desmantela-red-criminal-con-16-detenidos\/#primaryimage"},"thumbnailUrl":"https:\/\/www.nexoinformativo.mx\/wp-content\/uploads\/2025\/03\/PHOTO-2025-03-21-08-07-55-e1742567934899.jpg","datePublished":"2025-03-21T12:00:30+00:00","dateModified":"2025-03-21T14:39:20+00:00","description":"Operativo masivo Fiscal\u00eda de Quer\u00e9taro desmantela red criminal con 16 detenidos","breadcrumb":{"@id":"https:\/\/www.nexoinformativo.mx\/index.php\/2025\/03\/21\/operativo-masivo-fiscalia-de-queretaro-desmantela-red-criminal-con-16-detenidos\/#breadcrumb"},"inLanguage":"es","potentialAction":[{"@type":"ReadAction","target":["https:\/\/www.nexoinformativo.mx\/index.php\/2025\/03\/21\/operativo-masivo-fiscalia-de-queretaro-desmantela-red-criminal-con-16-detenidos\/"]}]},{"@type":"ImageObject","inLanguage":"es","@id":"https:\/\/www.nexoinformativo.mx\/index.php\/2025\/03\/21\/operativo-masivo-fiscalia-de-queretaro-desmantela-red-criminal-con-16-detenidos\/#primaryimage","url":"https:\/\/www.nexoinformativo.mx\/wp-content\/uploads\/2025\/03\/PHOTO-2025-03-21-08-07-55-e1742567934899.jpg","contentUrl":"https:\/\/www.nexoinformativo.mx\/wp-content\/uploads\/2025\/03\/PHOTO-2025-03-21-08-07-55-e1742567934899.jpg","width":800,"height":504},{"@type":"BreadcrumbList","@id":"https:\/\/www.nexoinformativo.mx\/index.php\/2025\/03\/21\/operativo-masivo-fiscalia-de-queretaro-desmantela-red-criminal-con-16-detenidos\/#breadcrumb","itemListElement":[{"@type":"ListItem","position":1,"name":"Inicio","item":"https:\/\/www.nexoinformativo.mx\/"},{"@type":"ListItem","position":2,"name":"Operativo masivo Fiscal\u00eda de Quer\u00e9taro desmantela red criminal con 16 detenidos"}]},{"@type":"WebSite","@id":"https:\/\/www.nexoinformativo.mx\/#website","url":"https:\/\/www.nexoinformativo.mx\/","name":"Nexo Informativo Santiago de Quer\u00e9taro","description":"Explora NexoInformativo y convi\u00e9rtete en parte de una comunidad que valora el conocimiento y la verdad. Tu nexoinformativo es tu puente hacia una comprensi\u00f3n m\u00e1s profunda del mundo que te rodea.","publisher":{"@id":"https:\/\/www.nexoinformativo.mx\/#organization"},"potentialAction":[{"@type":"SearchAction","target":{"@type":"EntryPoint","urlTemplate":"https:\/\/www.nexoinformativo.mx\/?s={search_term_string}"},"query-input":{"@type":"PropertyValueSpecification","valueRequired":true,"valueName":"search_term_string"}}],"inLanguage":"es"},{"@type":"Organization","@id":"https:\/\/www.nexoinformativo.mx\/#organization","name":"Nexo Informativo Santiago de Quer\u00e9taro","url":"https:\/\/www.nexoinformativo.mx\/","logo":{"@type":"ImageObject","inLanguage":"es","@id":"https:\/\/www.nexoinformativo.mx\/#\/schema\/logo\/image\/","url":"https:\/\/www.nexoinformativo.mx\/wp-content\/uploads\/2024\/07\/nexoi-trasparente-2.png","contentUrl":"https:\/\/www.nexoinformativo.mx\/wp-content\/uploads\/2024\/07\/nexoi-trasparente-2.png","width":816,"height":339,"caption":"Nexo Informativo Santiago de Quer\u00e9taro"},"image":{"@id":"https:\/\/www.nexoinformativo.mx\/#\/schema\/logo\/image\/"},"sameAs":["https:\/\/www.facebook.com\/people\/Nexo-Informativo\/61564066885511\/"]},{"@type":"Person","@id":"https:\/\/www.nexoinformativo.mx\/#\/schema\/person\/7749d380ba08c8ca00d7bc76fd907b7d","name":"Nexo Informativo","image":{"@type":"ImageObject","inLanguage":"es","@id":"https:\/\/www.nexoinformativo.mx\/#\/schema\/person\/image\/","url":"https:\/\/secure.gravatar.com\/avatar\/dde2928154642a13d95f87ddf1ea9718fe2b46760a005c53e41ff5ad610704e6?s=96&d=mm&r=g","contentUrl":"https:\/\/secure.gravatar.com\/avatar\/dde2928154642a13d95f87ddf1ea9718fe2b46760a005c53e41ff5ad610704e6?s=96&d=mm&r=g","caption":"Nexo Informativo"},"url":"https:\/\/www.nexoinformativo.mx\/index.php\/author\/edicion\/"}]}},"_links":{"self":[{"href":"https:\/\/www.nexoinformativo.mx\/index.php\/wp-json\/wp\/v2\/posts\/13142","targetHints":{"allow":["GET"]}}],"collection":[{"href":"https:\/\/www.nexoinformativo.mx\/index.php\/wp-json\/wp\/v2\/posts"}],"about":[{"href":"https:\/\/www.nexoinformativo.mx\/index.php\/wp-json\/wp\/v2\/types\/post"}],"author":[{"embeddable":true,"href":"https:\/\/www.nexoinformativo.mx\/index.php\/wp-json\/wp\/v2\/users\/3"}],"replies":[{"embeddable":true,"href":"https:\/\/www.nexoinformativo.mx\/index.php\/wp-json\/wp\/v2\/comments?post=13142"}],"version-history":[{"count":3,"href":"https:\/\/www.nexoinformativo.mx\/index.php\/wp-json\/wp\/v2\/posts\/13142\/revisions"}],"predecessor-version":[{"id":13146,"href":"https:\/\/www.nexoinformativo.mx\/index.php\/wp-json\/wp\/v2\/posts\/13142\/revisions\/13146"}],"wp:featuredmedia":[{"embeddable":true,"href":"https:\/\/www.nexoinformativo.mx\/index.php\/wp-json\/wp\/v2\/media\/13144"}],"wp:attachment":[{"href":"https:\/\/www.nexoinformativo.mx\/index.php\/wp-json\/wp\/v2\/media?parent=13142"}],"wp:term":[{"taxonomy":"category","embeddable":true,"href":"https:\/\/www.nexoinformativo.mx\/index.php\/wp-json\/wp\/v2\/categories?post=13142"},{"taxonomy":"post_tag","embeddable":true,"href":"https:\/\/www.nexoinformativo.mx\/index.php\/wp-json\/wp\/v2\/tags?post=13142"}],"curies":[{"name":"wp","href":"https:\/\/api.w.org\/{rel}","templated":true}]}}