{"id":13153,"date":"2025-03-21T07:00:26","date_gmt":"2025-03-21T13:00:26","guid":{"rendered":"https:\/\/www.nexoinformativo.mx\/?p=13153"},"modified":"2025-03-21T08:47:58","modified_gmt":"2025-03-21T14:47:58","slug":"ante-incertidumbre-de-aranceles-mexico-busca-proteger-exportacion-automotriz-hacia-ee-uu","status":"publish","type":"post","link":"https:\/\/www.nexoinformativo.mx\/index.php\/2025\/03\/21\/ante-incertidumbre-de-aranceles-mexico-busca-proteger-exportacion-automotriz-hacia-ee-uu\/","title":{"rendered":"Ante incertidumbre de aranceles M\u00e9xico busca proteger exportaci\u00f3n automotriz hacia EE.UU."},"content":{"rendered":"<p style=\"text-align: justify;\" data-sourcepos=\"13:1-13:246\">El gobierno mexicano buscar\u00e1 activar las<strong> &#8220;cartas paralelas&#8221;<\/strong> de<strong>l T-MEC<\/strong> en Washington, con el objetivo de proteger la exportaci\u00f3n de autopartes y veh\u00edculos hacia Estados Unidos, ante la posible imposici\u00f3n de aranceles.<\/p>\n<p>&nbsp;<\/p>\n<p style=\"text-align: justify;\" data-sourcepos=\"15:1-15:266\">Francisco Gonz\u00e1lez, presidente de la <strong>Industria Nacional de Autopartes<\/strong> (INA), inform\u00f3 que M\u00e9xico buscar\u00e1 que se reconsideren estas cartas, que permitir\u00edan seguir exportando hasta 110,000 millones de d\u00f3lares en autopartes y 4 millones de veh\u00edculos anuales sin tarifas.<\/p>\n<p>&nbsp;<\/p>\n<p style=\"text-align: justify;\" data-sourcepos=\"17:1-17:207\">Las &#8220;cartas paralelas&#8221; del T-MEC, basadas en el mecanismo de la Secci\u00f3n 232, establecen l\u00edmites de exportaci\u00f3n para M\u00e9xico y Canad\u00e1, incluso en caso de restricciones por seguridad nacional de Estados Unidos.<\/p>\n<p>&nbsp;<\/p>\n<p style=\"text-align: justify;\" data-sourcepos=\"19:1-19:161\">Gonz\u00e1lez destac\u00f3 que la industria de autopartes de Norteam\u00e9rica produce de manera conjunta, y que M\u00e9xico cuenta con herramientas para defender su competitividad.<\/p>\n<p>&nbsp;<\/p>\n<p style=\"text-align: justify;\" data-sourcepos=\"21:1-21:247\">Adem\u00e1s, inform\u00f3 sobre el inter\u00e9s de empresas en invertir en M\u00e9xico para atender el mercado norteamericano, y la realizaci\u00f3n de la Tercera International Automotive Industry Supply Summit en Quer\u00e9taro, que generar\u00eda una importante derrama econ\u00f3mica.<\/p>\n<p>&nbsp;<\/p>\n<p style=\"text-align: center;\" data-sourcepos=\"21:1-21:247\"><em><strong>\u00a1Informaci\u00f3n que transforma!<\/strong><\/em><\/p>\n","protected":false},"excerpt":{"rendered":"<p>El gobierno mexicano buscar\u00e1 activar las &#8220;cartas paralelas&#8221; del T-MEC en Washington, con el objetivo de proteger la exportaci\u00f3n de autopartes y veh\u00edculos hacia Estados Unidos, ante la posible imposici\u00f3n de aranceles.<\/p>\n","protected":false},"author":3,"featured_media":13154,"comment_status":"open","ping_status":"open","sticky":false,"template":"","format":"standard","meta":{"footnotes":""},"categories":[5,88,58],"tags":[3847,3685,2517,1437],"class_list":["post-13153","post","type-post","status-publish","format-standard","has-post-thumbnail","hentry","category-economia","category-nacional","category-ultima-hora","tag-autopartesmexico","tag-comerciomexicoeeuu","tag-industriaautomotriz","tag-tmec"],"yoast_head":"<!-- This site is optimized with the Yoast SEO plugin v25.0 - https:\/\/yoast.com\/wordpress\/plugins\/seo\/ -->\n<title>Ante incertidumbre de aranceles M\u00e9xico busca proteger exportaci\u00f3n automotriz hacia EE.UU. | Nexo Informativo Santiago de Quer\u00e9taro<\/title>\n<meta name=\"description\" content=\"Ante incertidumbre de aranceles M\u00e9xico busca proteger exportaci\u00f3n automotriz hacia EE.UU.\" \/>\n<meta name=\"robots\" content=\"index, follow, max-snippet:-1, max-image-preview:large, max-video-preview:-1\" \/>\n<link rel=\"canonical\" href=\"https:\/\/www.nexoinformativo.mx\/index.php\/2025\/03\/21\/ante-incertidumbre-de-aranceles-mexico-busca-proteger-exportacion-automotriz-hacia-ee-uu\/\" \/>\n<meta property=\"og:locale\" content=\"es_MX\" \/>\n<meta property=\"og:type\" content=\"article\" \/>\n<meta property=\"og:title\" content=\"Ante incertidumbre de aranceles M\u00e9xico busca proteger exportaci\u00f3n automotriz hacia EE.UU. | Nexo Informativo Santiago de Quer\u00e9taro\" \/>\n<meta property=\"og:description\" content=\"Ante incertidumbre de aranceles M\u00e9xico busca proteger exportaci\u00f3n automotriz hacia EE.UU.\" \/>\n<meta property=\"og:url\" content=\"https:\/\/www.nexoinformativo.mx\/index.php\/2025\/03\/21\/ante-incertidumbre-de-aranceles-mexico-busca-proteger-exportacion-automotriz-hacia-ee-uu\/\" \/>\n<meta property=\"og:site_name\" content=\"Nexo Informativo Santiago de Quer\u00e9taro\" \/>\n<meta property=\"article:publisher\" content=\"https:\/\/www.facebook.com\/people\/Nexo-Informativo\/61564066885511\/\" \/>\n<meta property=\"article:published_time\" content=\"2025-03-21T13:00:26+00:00\" \/>\n<meta property=\"article:modified_time\" content=\"2025-03-21T14:47:58+00:00\" \/>\n<meta property=\"og:image\" content=\"https:\/\/www.nexoinformativo.mx\/wp-content\/uploads\/2025\/03\/pexels-tomfisk-5992513-e1742568420248.jpg\" \/>\n\t<meta property=\"og:image:width\" content=\"800\" \/>\n\t<meta property=\"og:image:height\" content=\"555\" \/>\n\t<meta property=\"og:image:type\" content=\"image\/jpeg\" \/>\n<meta name=\"author\" content=\"Nexo Informativo\" \/>\n<meta name=\"twitter:card\" content=\"summary_large_image\" \/>\n<meta name=\"twitter:label1\" content=\"Escrito por\" \/>\n\t<meta name=\"twitter:data1\" content=\"Nexo Informativo\" \/>\n\t<meta name=\"twitter:label2\" content=\"Tiempo de lectura\" \/>\n\t<meta name=\"twitter:data2\" content=\"1 minuto\" \/>\n<script type=\"application\/ld+json\" class=\"yoast-schema-graph\">{\"@context\":\"https:\/\/schema.org\",\"@graph\":[{\"@type\":\"Article\",\"@id\":\"https:\/\/www.nexoinformativo.mx\/index.php\/2025\/03\/21\/ante-incertidumbre-de-aranceles-mexico-busca-proteger-exportacion-automotriz-hacia-ee-uu\/#article\",\"isPartOf\":{\"@id\":\"https:\/\/www.nexoinformativo.mx\/index.php\/2025\/03\/21\/ante-incertidumbre-de-aranceles-mexico-busca-proteger-exportacion-automotriz-hacia-ee-uu\/\"},\"author\":{\"name\":\"Nexo Informativo\",\"@id\":\"https:\/\/www.nexoinformativo.mx\/#\/schema\/person\/7749d380ba08c8ca00d7bc76fd907b7d\"},\"headline\":\"Ante incertidumbre de aranceles M\u00e9xico busca proteger exportaci\u00f3n automotriz hacia EE.UU.\",\"datePublished\":\"2025-03-21T13:00:26+00:00\",\"dateModified\":\"2025-03-21T14:47:58+00:00\",\"mainEntityOfPage\":{\"@id\":\"https:\/\/www.nexoinformativo.mx\/index.php\/2025\/03\/21\/ante-incertidumbre-de-aranceles-mexico-busca-proteger-exportacion-automotriz-hacia-ee-uu\/\"},\"wordCount\":202,\"commentCount\":0,\"publisher\":{\"@id\":\"https:\/\/www.nexoinformativo.mx\/#organization\"},\"image\":{\"@id\":\"https:\/\/www.nexoinformativo.mx\/index.php\/2025\/03\/21\/ante-incertidumbre-de-aranceles-mexico-busca-proteger-exportacion-automotriz-hacia-ee-uu\/#primaryimage\"},\"thumbnailUrl\":\"https:\/\/www.nexoinformativo.mx\/wp-content\/uploads\/2025\/03\/pexels-tomfisk-5992513-e1742568420248.jpg\",\"keywords\":[\"AutopartesM\u00e9xico\",\"ComercioM\u00e9xicoEEUU\",\"IndustriaAutomotriz\",\"TMEC\"],\"articleSection\":[\"Econom\u00eda\",\"Nacional\",\"\u00daltima Hora\"],\"inLanguage\":\"es\",\"potentialAction\":[{\"@type\":\"CommentAction\",\"name\":\"Comment\",\"target\":[\"https:\/\/www.nexoinformativo.mx\/index.php\/2025\/03\/21\/ante-incertidumbre-de-aranceles-mexico-busca-proteger-exportacion-automotriz-hacia-ee-uu\/#respond\"]}]},{\"@type\":\"WebPage\",\"@id\":\"https:\/\/www.nexoinformativo.mx\/index.php\/2025\/03\/21\/ante-incertidumbre-de-aranceles-mexico-busca-proteger-exportacion-automotriz-hacia-ee-uu\/\",\"url\":\"https:\/\/www.nexoinformativo.mx\/index.php\/2025\/03\/21\/ante-incertidumbre-de-aranceles-mexico-busca-proteger-exportacion-automotriz-hacia-ee-uu\/\",\"name\":\"Ante incertidumbre de aranceles M\u00e9xico busca proteger exportaci\u00f3n automotriz hacia EE.UU. | Nexo Informativo Santiago de Quer\u00e9taro\",\"isPartOf\":{\"@id\":\"https:\/\/www.nexoinformativo.mx\/#website\"},\"primaryImageOfPage\":{\"@id\":\"https:\/\/www.nexoinformativo.mx\/index.php\/2025\/03\/21\/ante-incertidumbre-de-aranceles-mexico-busca-proteger-exportacion-automotriz-hacia-ee-uu\/#primaryimage\"},\"image\":{\"@id\":\"https:\/\/www.nexoinformativo.mx\/index.php\/2025\/03\/21\/ante-incertidumbre-de-aranceles-mexico-busca-proteger-exportacion-automotriz-hacia-ee-uu\/#primaryimage\"},\"thumbnailUrl\":\"https:\/\/www.nexoinformativo.mx\/wp-content\/uploads\/2025\/03\/pexels-tomfisk-5992513-e1742568420248.jpg\",\"datePublished\":\"2025-03-21T13:00:26+00:00\",\"dateModified\":\"2025-03-21T14:47:58+00:00\",\"description\":\"Ante incertidumbre de aranceles M\u00e9xico busca proteger exportaci\u00f3n automotriz hacia EE.UU.\",\"breadcrumb\":{\"@id\":\"https:\/\/www.nexoinformativo.mx\/index.php\/2025\/03\/21\/ante-incertidumbre-de-aranceles-mexico-busca-proteger-exportacion-automotriz-hacia-ee-uu\/#breadcrumb\"},\"inLanguage\":\"es\",\"potentialAction\":[{\"@type\":\"ReadAction\",\"target\":[\"https:\/\/www.nexoinformativo.mx\/index.php\/2025\/03\/21\/ante-incertidumbre-de-aranceles-mexico-busca-proteger-exportacion-automotriz-hacia-ee-uu\/\"]}]},{\"@type\":\"ImageObject\",\"inLanguage\":\"es\",\"@id\":\"https:\/\/www.nexoinformativo.mx\/index.php\/2025\/03\/21\/ante-incertidumbre-de-aranceles-mexico-busca-proteger-exportacion-automotriz-hacia-ee-uu\/#primaryimage\",\"url\":\"https:\/\/www.nexoinformativo.mx\/wp-content\/uploads\/2025\/03\/pexels-tomfisk-5992513-e1742568420248.jpg\",\"contentUrl\":\"https:\/\/www.nexoinformativo.mx\/wp-content\/uploads\/2025\/03\/pexels-tomfisk-5992513-e1742568420248.jpg\",\"width\":800,\"height\":555},{\"@type\":\"BreadcrumbList\",\"@id\":\"https:\/\/www.nexoinformativo.mx\/index.php\/2025\/03\/21\/ante-incertidumbre-de-aranceles-mexico-busca-proteger-exportacion-automotriz-hacia-ee-uu\/#breadcrumb\",\"itemListElement\":[{\"@type\":\"ListItem\",\"position\":1,\"name\":\"Inicio\",\"item\":\"https:\/\/www.nexoinformativo.mx\/\"},{\"@type\":\"ListItem\",\"position\":2,\"name\":\"Ante incertidumbre de aranceles M\u00e9xico busca proteger exportaci\u00f3n automotriz hacia EE.UU.\"}]},{\"@type\":\"WebSite\",\"@id\":\"https:\/\/www.nexoinformativo.mx\/#website\",\"url\":\"https:\/\/www.nexoinformativo.mx\/\",\"name\":\"Nexo Informativo Santiago de Quer\u00e9taro\",\"description\":\"Explora NexoInformativo y convi\u00e9rtete en parte de una comunidad que valora el conocimiento y la verdad. Tu nexoinformativo es tu puente hacia una comprensi\u00f3n m\u00e1s profunda del mundo que te rodea.\",\"publisher\":{\"@id\":\"https:\/\/www.nexoinformativo.mx\/#organization\"},\"potentialAction\":[{\"@type\":\"SearchAction\",\"target\":{\"@type\":\"EntryPoint\",\"urlTemplate\":\"https:\/\/www.nexoinformativo.mx\/?s={search_term_string}\"},\"query-input\":{\"@type\":\"PropertyValueSpecification\",\"valueRequired\":true,\"valueName\":\"search_term_string\"}}],\"inLanguage\":\"es\"},{\"@type\":\"Organization\",\"@id\":\"https:\/\/www.nexoinformativo.mx\/#organization\",\"name\":\"Nexo Informativo Santiago de Quer\u00e9taro\",\"url\":\"https:\/\/www.nexoinformativo.mx\/\",\"logo\":{\"@type\":\"ImageObject\",\"inLanguage\":\"es\",\"@id\":\"https:\/\/www.nexoinformativo.mx\/#\/schema\/logo\/image\/\",\"url\":\"https:\/\/www.nexoinformativo.mx\/wp-content\/uploads\/2024\/07\/nexoi-trasparente-2.png\",\"contentUrl\":\"https:\/\/www.nexoinformativo.mx\/wp-content\/uploads\/2024\/07\/nexoi-trasparente-2.png\",\"width\":816,\"height\":339,\"caption\":\"Nexo Informativo Santiago de Quer\u00e9taro\"},\"image\":{\"@id\":\"https:\/\/www.nexoinformativo.mx\/#\/schema\/logo\/image\/\"},\"sameAs\":[\"https:\/\/www.facebook.com\/people\/Nexo-Informativo\/61564066885511\/\"]},{\"@type\":\"Person\",\"@id\":\"https:\/\/www.nexoinformativo.mx\/#\/schema\/person\/7749d380ba08c8ca00d7bc76fd907b7d\",\"name\":\"Nexo Informativo\",\"image\":{\"@type\":\"ImageObject\",\"inLanguage\":\"es\",\"@id\":\"https:\/\/www.nexoinformativo.mx\/#\/schema\/person\/image\/\",\"url\":\"https:\/\/secure.gravatar.com\/avatar\/dde2928154642a13d95f87ddf1ea9718fe2b46760a005c53e41ff5ad610704e6?s=96&d=mm&r=g\",\"contentUrl\":\"https:\/\/secure.gravatar.com\/avatar\/dde2928154642a13d95f87ddf1ea9718fe2b46760a005c53e41ff5ad610704e6?s=96&d=mm&r=g\",\"caption\":\"Nexo Informativo\"},\"url\":\"https:\/\/www.nexoinformativo.mx\/index.php\/author\/edicion\/\"}]}<\/script>\n<!-- \/ Yoast SEO plugin. -->","yoast_head_json":{"title":"Ante incertidumbre de aranceles M\u00e9xico busca proteger exportaci\u00f3n automotriz hacia EE.UU. | Nexo Informativo Santiago de Quer\u00e9taro","description":"Ante incertidumbre de aranceles M\u00e9xico busca proteger exportaci\u00f3n automotriz hacia EE.UU.","robots":{"index":"index","follow":"follow","max-snippet":"max-snippet:-1","max-image-preview":"max-image-preview:large","max-video-preview":"max-video-preview:-1"},"canonical":"https:\/\/www.nexoinformativo.mx\/index.php\/2025\/03\/21\/ante-incertidumbre-de-aranceles-mexico-busca-proteger-exportacion-automotriz-hacia-ee-uu\/","og_locale":"es_MX","og_type":"article","og_title":"Ante incertidumbre de aranceles M\u00e9xico busca proteger exportaci\u00f3n automotriz hacia EE.UU. | Nexo Informativo Santiago de Quer\u00e9taro","og_description":"Ante incertidumbre de aranceles M\u00e9xico busca proteger exportaci\u00f3n automotriz hacia EE.UU.","og_url":"https:\/\/www.nexoinformativo.mx\/index.php\/2025\/03\/21\/ante-incertidumbre-de-aranceles-mexico-busca-proteger-exportacion-automotriz-hacia-ee-uu\/","og_site_name":"Nexo Informativo Santiago de Quer\u00e9taro","article_publisher":"https:\/\/www.facebook.com\/people\/Nexo-Informativo\/61564066885511\/","article_published_time":"2025-03-21T13:00:26+00:00","article_modified_time":"2025-03-21T14:47:58+00:00","og_image":[{"width":800,"height":555,"url":"https:\/\/www.nexoinformativo.mx\/wp-content\/uploads\/2025\/03\/pexels-tomfisk-5992513-e1742568420248.jpg","type":"image\/jpeg"}],"author":"Nexo Informativo","twitter_card":"summary_large_image","twitter_misc":{"Escrito por":"Nexo Informativo","Tiempo de lectura":"1 minuto"},"schema":{"@context":"https:\/\/schema.org","@graph":[{"@type":"Article","@id":"https:\/\/www.nexoinformativo.mx\/index.php\/2025\/03\/21\/ante-incertidumbre-de-aranceles-mexico-busca-proteger-exportacion-automotriz-hacia-ee-uu\/#article","isPartOf":{"@id":"https:\/\/www.nexoinformativo.mx\/index.php\/2025\/03\/21\/ante-incertidumbre-de-aranceles-mexico-busca-proteger-exportacion-automotriz-hacia-ee-uu\/"},"author":{"name":"Nexo Informativo","@id":"https:\/\/www.nexoinformativo.mx\/#\/schema\/person\/7749d380ba08c8ca00d7bc76fd907b7d"},"headline":"Ante incertidumbre de aranceles M\u00e9xico busca proteger exportaci\u00f3n automotriz hacia EE.UU.","datePublished":"2025-03-21T13:00:26+00:00","dateModified":"2025-03-21T14:47:58+00:00","mainEntityOfPage":{"@id":"https:\/\/www.nexoinformativo.mx\/index.php\/2025\/03\/21\/ante-incertidumbre-de-aranceles-mexico-busca-proteger-exportacion-automotriz-hacia-ee-uu\/"},"wordCount":202,"commentCount":0,"publisher":{"@id":"https:\/\/www.nexoinformativo.mx\/#organization"},"image":{"@id":"https:\/\/www.nexoinformativo.mx\/index.php\/2025\/03\/21\/ante-incertidumbre-de-aranceles-mexico-busca-proteger-exportacion-automotriz-hacia-ee-uu\/#primaryimage"},"thumbnailUrl":"https:\/\/www.nexoinformativo.mx\/wp-content\/uploads\/2025\/03\/pexels-tomfisk-5992513-e1742568420248.jpg","keywords":["AutopartesM\u00e9xico","ComercioM\u00e9xicoEEUU","IndustriaAutomotriz","TMEC"],"articleSection":["Econom\u00eda","Nacional","\u00daltima Hora"],"inLanguage":"es","potentialAction":[{"@type":"CommentAction","name":"Comment","target":["https:\/\/www.nexoinformativo.mx\/index.php\/2025\/03\/21\/ante-incertidumbre-de-aranceles-mexico-busca-proteger-exportacion-automotriz-hacia-ee-uu\/#respond"]}]},{"@type":"WebPage","@id":"https:\/\/www.nexoinformativo.mx\/index.php\/2025\/03\/21\/ante-incertidumbre-de-aranceles-mexico-busca-proteger-exportacion-automotriz-hacia-ee-uu\/","url":"https:\/\/www.nexoinformativo.mx\/index.php\/2025\/03\/21\/ante-incertidumbre-de-aranceles-mexico-busca-proteger-exportacion-automotriz-hacia-ee-uu\/","name":"Ante incertidumbre de aranceles M\u00e9xico busca proteger exportaci\u00f3n automotriz hacia EE.UU. | Nexo Informativo Santiago de Quer\u00e9taro","isPartOf":{"@id":"https:\/\/www.nexoinformativo.mx\/#website"},"primaryImageOfPage":{"@id":"https:\/\/www.nexoinformativo.mx\/index.php\/2025\/03\/21\/ante-incertidumbre-de-aranceles-mexico-busca-proteger-exportacion-automotriz-hacia-ee-uu\/#primaryimage"},"image":{"@id":"https:\/\/www.nexoinformativo.mx\/index.php\/2025\/03\/21\/ante-incertidumbre-de-aranceles-mexico-busca-proteger-exportacion-automotriz-hacia-ee-uu\/#primaryimage"},"thumbnailUrl":"https:\/\/www.nexoinformativo.mx\/wp-content\/uploads\/2025\/03\/pexels-tomfisk-5992513-e1742568420248.jpg","datePublished":"2025-03-21T13:00:26+00:00","dateModified":"2025-03-21T14:47:58+00:00","description":"Ante incertidumbre de aranceles M\u00e9xico busca proteger exportaci\u00f3n automotriz hacia EE.UU.","breadcrumb":{"@id":"https:\/\/www.nexoinformativo.mx\/index.php\/2025\/03\/21\/ante-incertidumbre-de-aranceles-mexico-busca-proteger-exportacion-automotriz-hacia-ee-uu\/#breadcrumb"},"inLanguage":"es","potentialAction":[{"@type":"ReadAction","target":["https:\/\/www.nexoinformativo.mx\/index.php\/2025\/03\/21\/ante-incertidumbre-de-aranceles-mexico-busca-proteger-exportacion-automotriz-hacia-ee-uu\/"]}]},{"@type":"ImageObject","inLanguage":"es","@id":"https:\/\/www.nexoinformativo.mx\/index.php\/2025\/03\/21\/ante-incertidumbre-de-aranceles-mexico-busca-proteger-exportacion-automotriz-hacia-ee-uu\/#primaryimage","url":"https:\/\/www.nexoinformativo.mx\/wp-content\/uploads\/2025\/03\/pexels-tomfisk-5992513-e1742568420248.jpg","contentUrl":"https:\/\/www.nexoinformativo.mx\/wp-content\/uploads\/2025\/03\/pexels-tomfisk-5992513-e1742568420248.jpg","width":800,"height":555},{"@type":"BreadcrumbList","@id":"https:\/\/www.nexoinformativo.mx\/index.php\/2025\/03\/21\/ante-incertidumbre-de-aranceles-mexico-busca-proteger-exportacion-automotriz-hacia-ee-uu\/#breadcrumb","itemListElement":[{"@type":"ListItem","position":1,"name":"Inicio","item":"https:\/\/www.nexoinformativo.mx\/"},{"@type":"ListItem","position":2,"name":"Ante incertidumbre de aranceles M\u00e9xico busca proteger exportaci\u00f3n automotriz hacia EE.UU."}]},{"@type":"WebSite","@id":"https:\/\/www.nexoinformativo.mx\/#website","url":"https:\/\/www.nexoinformativo.mx\/","name":"Nexo Informativo Santiago de Quer\u00e9taro","description":"Explora NexoInformativo y convi\u00e9rtete en parte de una comunidad que valora el conocimiento y la verdad. Tu nexoinformativo es tu puente hacia una comprensi\u00f3n m\u00e1s profunda del mundo que te rodea.","publisher":{"@id":"https:\/\/www.nexoinformativo.mx\/#organization"},"potentialAction":[{"@type":"SearchAction","target":{"@type":"EntryPoint","urlTemplate":"https:\/\/www.nexoinformativo.mx\/?s={search_term_string}"},"query-input":{"@type":"PropertyValueSpecification","valueRequired":true,"valueName":"search_term_string"}}],"inLanguage":"es"},{"@type":"Organization","@id":"https:\/\/www.nexoinformativo.mx\/#organization","name":"Nexo Informativo Santiago de Quer\u00e9taro","url":"https:\/\/www.nexoinformativo.mx\/","logo":{"@type":"ImageObject","inLanguage":"es","@id":"https:\/\/www.nexoinformativo.mx\/#\/schema\/logo\/image\/","url":"https:\/\/www.nexoinformativo.mx\/wp-content\/uploads\/2024\/07\/nexoi-trasparente-2.png","contentUrl":"https:\/\/www.nexoinformativo.mx\/wp-content\/uploads\/2024\/07\/nexoi-trasparente-2.png","width":816,"height":339,"caption":"Nexo Informativo Santiago de Quer\u00e9taro"},"image":{"@id":"https:\/\/www.nexoinformativo.mx\/#\/schema\/logo\/image\/"},"sameAs":["https:\/\/www.facebook.com\/people\/Nexo-Informativo\/61564066885511\/"]},{"@type":"Person","@id":"https:\/\/www.nexoinformativo.mx\/#\/schema\/person\/7749d380ba08c8ca00d7bc76fd907b7d","name":"Nexo Informativo","image":{"@type":"ImageObject","inLanguage":"es","@id":"https:\/\/www.nexoinformativo.mx\/#\/schema\/person\/image\/","url":"https:\/\/secure.gravatar.com\/avatar\/dde2928154642a13d95f87ddf1ea9718fe2b46760a005c53e41ff5ad610704e6?s=96&d=mm&r=g","contentUrl":"https:\/\/secure.gravatar.com\/avatar\/dde2928154642a13d95f87ddf1ea9718fe2b46760a005c53e41ff5ad610704e6?s=96&d=mm&r=g","caption":"Nexo Informativo"},"url":"https:\/\/www.nexoinformativo.mx\/index.php\/author\/edicion\/"}]}},"_links":{"self":[{"href":"https:\/\/www.nexoinformativo.mx\/index.php\/wp-json\/wp\/v2\/posts\/13153","targetHints":{"allow":["GET"]}}],"collection":[{"href":"https:\/\/www.nexoinformativo.mx\/index.php\/wp-json\/wp\/v2\/posts"}],"about":[{"href":"https:\/\/www.nexoinformativo.mx\/index.php\/wp-json\/wp\/v2\/types\/post"}],"author":[{"embeddable":true,"href":"https:\/\/www.nexoinformativo.mx\/index.php\/wp-json\/wp\/v2\/users\/3"}],"replies":[{"embeddable":true,"href":"https:\/\/www.nexoinformativo.mx\/index.php\/wp-json\/wp\/v2\/comments?post=13153"}],"version-history":[{"count":4,"href":"https:\/\/www.nexoinformativo.mx\/index.php\/wp-json\/wp\/v2\/posts\/13153\/revisions"}],"predecessor-version":[{"id":13158,"href":"https:\/\/www.nexoinformativo.mx\/index.php\/wp-json\/wp\/v2\/posts\/13153\/revisions\/13158"}],"wp:featuredmedia":[{"embeddable":true,"href":"https:\/\/www.nexoinformativo.mx\/index.php\/wp-json\/wp\/v2\/media\/13154"}],"wp:attachment":[{"href":"https:\/\/www.nexoinformativo.mx\/index.php\/wp-json\/wp\/v2\/media?parent=13153"}],"wp:term":[{"taxonomy":"category","embeddable":true,"href":"https:\/\/www.nexoinformativo.mx\/index.php\/wp-json\/wp\/v2\/categories?post=13153"},{"taxonomy":"post_tag","embeddable":true,"href":"https:\/\/www.nexoinformativo.mx\/index.php\/wp-json\/wp\/v2\/tags?post=13153"}],"curies":[{"name":"wp","href":"https:\/\/api.w.org\/{rel}","templated":true}]}}