{"id":13164,"date":"2025-03-21T08:00:04","date_gmt":"2025-03-21T14:00:04","guid":{"rendered":"https:\/\/www.nexoinformativo.mx\/?p=13164"},"modified":"2025-03-21T08:57:40","modified_gmt":"2025-03-21T14:57:40","slug":"queretaro-se-consolida-hoteleros-y-asociaciones-firman-convenio-para-atraer-eventos-y-congresos","status":"publish","type":"post","link":"https:\/\/www.nexoinformativo.mx\/index.php\/2025\/03\/21\/queretaro-se-consolida-hoteleros-y-asociaciones-firman-convenio-para-atraer-eventos-y-congresos\/","title":{"rendered":"Quer\u00e9taro se consolida Hoteleros y Asociaciones firman Convenio para atraer eventos y congresos"},"content":{"rendered":"<p style=\"text-align: justify;\" data-sourcepos=\"13:1-13:355\">Con el objetivo de fortalecer el turismo de reuniones en el estado, la secretaria de Turismo, Adriana Vega V\u00e1zquez, atestigu\u00f3 la firma de convenios de colaboraci\u00f3n entre la Asociaci\u00f3n Queretana de Hoteleros y alrededor de 50 asociaciones, colegios, federaciones, cl\u00fasteres y organismos empresariales de Quer\u00e9taro.<\/p>\n<p>&nbsp;<\/p>\n<p style=\"text-align: justify;\" data-sourcepos=\"15:1-15:526\">Durante la ceremonia, Adriana Vega destac\u00f3 la importancia de la colaboraci\u00f3n entre empresarios, acad\u00e9micos y el gobierno para impulsar el turismo en la entidad.<\/p>\n<p>&nbsp;<\/p>\n<p style=\"text-align: justify;\" data-sourcepos=\"15:1-15:526\">&#8220;En Quer\u00e9taro creemos en el trabajo en equipo como la \u00fanica v\u00eda para alcanzar los grandes objetivos. Y hoy, con la firma de estos convenios, damos un paso firme en esa direcci\u00f3n&#8221;.<\/p>\n<\/p>\n<p>&nbsp;<\/p>\n<p style=\"text-align: justify;\" data-sourcepos=\"15:1-15:526\">&#8220;Estas alianzas ser\u00e1n, sin duda, una plataforma estrat\u00e9gica para fortalecer nuestra competitividad y seguir consolidando a Quer\u00e9taro como un referente en el turismo de reuniones&#8221;, se\u00f1al\u00f3.<\/p>\n<p>&nbsp;<\/p>\n<p style=\"text-align: justify;\" data-sourcepos=\"17:1-17:285\">M\u00f3nica Aguilar Torrentera, presidenta de la Asociaci\u00f3n Queretana de Hoteleros, inform\u00f3 que los convenios permitir\u00e1n a los organismos empresariales obtener descuentos especiales en hoteles afiliados, con el fin de atraer un mayor n\u00famero de eventos, congresos y convenciones a Quer\u00e9taro.<\/p>\n<p>&nbsp;<\/p>\n<p style=\"text-align: center;\" data-sourcepos=\"17:1-17:285\"><em><strong>\u00a1Informaci\u00f3n que transforma!<\/strong><\/em><\/p>\n","protected":false},"excerpt":{"rendered":"<p>Con el objetivo de fortalecer el turismo de reuniones en el estado, la secretaria de Turismo, Adriana Vega V\u00e1zquez, atestigu\u00f3 la firma de convenios de colaboraci\u00f3n entre la Asociaci\u00f3n Queretana de Hoteleros y alrededor de 50 asociaciones, colegios, federaciones, cl\u00fasteres y organismos empresariales de Quer\u00e9taro.<\/p>\n","protected":false},"author":3,"featured_media":13169,"comment_status":"open","ping_status":"open","sticky":false,"template":"","format":"standard","meta":{"footnotes":""},"categories":[5,42,58],"tags":[3851,2098,3487,992],"class_list":["post-13164","post","type-post","status-publish","format-standard","has-post-thumbnail","hentry","category-economia","category-estado","category-ultima-hora","tag-alianzaturistica","tag-eventosqueretaro","tag-hotelesqueretaro","tag-turismoqueretaro"],"yoast_head":"<!-- This site is optimized with the Yoast SEO plugin v25.0 - https:\/\/yoast.com\/wordpress\/plugins\/seo\/ -->\n<title>Quer\u00e9taro se consolida Hoteleros y Asociaciones firman Convenio para atraer eventos y congresos | Nexo Informativo Santiago de Quer\u00e9taro<\/title>\n<meta name=\"description\" content=\"Quer\u00e9taro se consolida Hoteleros y Asociaciones firman Convenio para atraer eventos y congresos\" \/>\n<meta name=\"robots\" content=\"index, follow, max-snippet:-1, max-image-preview:large, max-video-preview:-1\" \/>\n<link rel=\"canonical\" href=\"https:\/\/www.nexoinformativo.mx\/index.php\/2025\/03\/21\/queretaro-se-consolida-hoteleros-y-asociaciones-firman-convenio-para-atraer-eventos-y-congresos\/\" \/>\n<meta property=\"og:locale\" content=\"es_MX\" \/>\n<meta property=\"og:type\" content=\"article\" \/>\n<meta property=\"og:title\" content=\"Quer\u00e9taro se consolida Hoteleros y Asociaciones firman Convenio para atraer eventos y congresos | Nexo Informativo Santiago de Quer\u00e9taro\" \/>\n<meta property=\"og:description\" content=\"Quer\u00e9taro se consolida Hoteleros y Asociaciones firman Convenio para atraer eventos y congresos\" \/>\n<meta property=\"og:url\" content=\"https:\/\/www.nexoinformativo.mx\/index.php\/2025\/03\/21\/queretaro-se-consolida-hoteleros-y-asociaciones-firman-convenio-para-atraer-eventos-y-congresos\/\" \/>\n<meta property=\"og:site_name\" content=\"Nexo Informativo Santiago de Quer\u00e9taro\" \/>\n<meta property=\"article:publisher\" content=\"https:\/\/www.facebook.com\/people\/Nexo-Informativo\/61564066885511\/\" \/>\n<meta property=\"article:published_time\" content=\"2025-03-21T14:00:04+00:00\" \/>\n<meta property=\"article:modified_time\" content=\"2025-03-21T14:57:40+00:00\" \/>\n<meta property=\"og:image\" content=\"https:\/\/www.nexoinformativo.mx\/wp-content\/uploads\/2025\/03\/PHOTO-2025-03-21-08-19-09-e1742569054288.jpg\" \/>\n\t<meta property=\"og:image:width\" content=\"800\" \/>\n\t<meta property=\"og:image:height\" content=\"411\" \/>\n\t<meta property=\"og:image:type\" content=\"image\/jpeg\" \/>\n<meta name=\"author\" content=\"Nexo Informativo\" \/>\n<meta name=\"twitter:card\" content=\"summary_large_image\" \/>\n<meta name=\"twitter:label1\" content=\"Escrito por\" \/>\n\t<meta name=\"twitter:data1\" content=\"Nexo Informativo\" \/>\n\t<meta name=\"twitter:label2\" content=\"Tiempo de lectura\" \/>\n\t<meta name=\"twitter:data2\" content=\"1 minuto\" \/>\n<script type=\"application\/ld+json\" class=\"yoast-schema-graph\">{\"@context\":\"https:\/\/schema.org\",\"@graph\":[{\"@type\":\"Article\",\"@id\":\"https:\/\/www.nexoinformativo.mx\/index.php\/2025\/03\/21\/queretaro-se-consolida-hoteleros-y-asociaciones-firman-convenio-para-atraer-eventos-y-congresos\/#article\",\"isPartOf\":{\"@id\":\"https:\/\/www.nexoinformativo.mx\/index.php\/2025\/03\/21\/queretaro-se-consolida-hoteleros-y-asociaciones-firman-convenio-para-atraer-eventos-y-congresos\/\"},\"author\":{\"name\":\"Nexo Informativo\",\"@id\":\"https:\/\/www.nexoinformativo.mx\/#\/schema\/person\/7749d380ba08c8ca00d7bc76fd907b7d\"},\"headline\":\"Quer\u00e9taro se consolida Hoteleros y Asociaciones firman Convenio para atraer eventos y congresos\",\"datePublished\":\"2025-03-21T14:00:04+00:00\",\"dateModified\":\"2025-03-21T14:57:40+00:00\",\"mainEntityOfPage\":{\"@id\":\"https:\/\/www.nexoinformativo.mx\/index.php\/2025\/03\/21\/queretaro-se-consolida-hoteleros-y-asociaciones-firman-convenio-para-atraer-eventos-y-congresos\/\"},\"wordCount\":208,\"commentCount\":0,\"publisher\":{\"@id\":\"https:\/\/www.nexoinformativo.mx\/#organization\"},\"image\":{\"@id\":\"https:\/\/www.nexoinformativo.mx\/index.php\/2025\/03\/21\/queretaro-se-consolida-hoteleros-y-asociaciones-firman-convenio-para-atraer-eventos-y-congresos\/#primaryimage\"},\"thumbnailUrl\":\"https:\/\/www.nexoinformativo.mx\/wp-content\/uploads\/2025\/03\/PHOTO-2025-03-21-08-19-09-e1742569054288.jpg\",\"keywords\":[\"AlianzaTur\u00edstica\",\"EventosQuer\u00e9taro\",\"HotelesQuer\u00e9taro\",\"TurismoQuer\u00e9taro\"],\"articleSection\":[\"Econom\u00eda\",\"Estado\",\"\u00daltima Hora\"],\"inLanguage\":\"es\",\"potentialAction\":[{\"@type\":\"CommentAction\",\"name\":\"Comment\",\"target\":[\"https:\/\/www.nexoinformativo.mx\/index.php\/2025\/03\/21\/queretaro-se-consolida-hoteleros-y-asociaciones-firman-convenio-para-atraer-eventos-y-congresos\/#respond\"]}]},{\"@type\":\"WebPage\",\"@id\":\"https:\/\/www.nexoinformativo.mx\/index.php\/2025\/03\/21\/queretaro-se-consolida-hoteleros-y-asociaciones-firman-convenio-para-atraer-eventos-y-congresos\/\",\"url\":\"https:\/\/www.nexoinformativo.mx\/index.php\/2025\/03\/21\/queretaro-se-consolida-hoteleros-y-asociaciones-firman-convenio-para-atraer-eventos-y-congresos\/\",\"name\":\"Quer\u00e9taro se consolida Hoteleros y Asociaciones firman Convenio para atraer eventos y congresos | Nexo Informativo Santiago de Quer\u00e9taro\",\"isPartOf\":{\"@id\":\"https:\/\/www.nexoinformativo.mx\/#website\"},\"primaryImageOfPage\":{\"@id\":\"https:\/\/www.nexoinformativo.mx\/index.php\/2025\/03\/21\/queretaro-se-consolida-hoteleros-y-asociaciones-firman-convenio-para-atraer-eventos-y-congresos\/#primaryimage\"},\"image\":{\"@id\":\"https:\/\/www.nexoinformativo.mx\/index.php\/2025\/03\/21\/queretaro-se-consolida-hoteleros-y-asociaciones-firman-convenio-para-atraer-eventos-y-congresos\/#primaryimage\"},\"thumbnailUrl\":\"https:\/\/www.nexoinformativo.mx\/wp-content\/uploads\/2025\/03\/PHOTO-2025-03-21-08-19-09-e1742569054288.jpg\",\"datePublished\":\"2025-03-21T14:00:04+00:00\",\"dateModified\":\"2025-03-21T14:57:40+00:00\",\"description\":\"Quer\u00e9taro se consolida Hoteleros y Asociaciones firman Convenio para atraer eventos y congresos\",\"breadcrumb\":{\"@id\":\"https:\/\/www.nexoinformativo.mx\/index.php\/2025\/03\/21\/queretaro-se-consolida-hoteleros-y-asociaciones-firman-convenio-para-atraer-eventos-y-congresos\/#breadcrumb\"},\"inLanguage\":\"es\",\"potentialAction\":[{\"@type\":\"ReadAction\",\"target\":[\"https:\/\/www.nexoinformativo.mx\/index.php\/2025\/03\/21\/queretaro-se-consolida-hoteleros-y-asociaciones-firman-convenio-para-atraer-eventos-y-congresos\/\"]}]},{\"@type\":\"ImageObject\",\"inLanguage\":\"es\",\"@id\":\"https:\/\/www.nexoinformativo.mx\/index.php\/2025\/03\/21\/queretaro-se-consolida-hoteleros-y-asociaciones-firman-convenio-para-atraer-eventos-y-congresos\/#primaryimage\",\"url\":\"https:\/\/www.nexoinformativo.mx\/wp-content\/uploads\/2025\/03\/PHOTO-2025-03-21-08-19-09-e1742569054288.jpg\",\"contentUrl\":\"https:\/\/www.nexoinformativo.mx\/wp-content\/uploads\/2025\/03\/PHOTO-2025-03-21-08-19-09-e1742569054288.jpg\",\"width\":800,\"height\":411},{\"@type\":\"BreadcrumbList\",\"@id\":\"https:\/\/www.nexoinformativo.mx\/index.php\/2025\/03\/21\/queretaro-se-consolida-hoteleros-y-asociaciones-firman-convenio-para-atraer-eventos-y-congresos\/#breadcrumb\",\"itemListElement\":[{\"@type\":\"ListItem\",\"position\":1,\"name\":\"Inicio\",\"item\":\"https:\/\/www.nexoinformativo.mx\/\"},{\"@type\":\"ListItem\",\"position\":2,\"name\":\"Quer\u00e9taro se consolida Hoteleros y Asociaciones firman Convenio para atraer eventos y congresos\"}]},{\"@type\":\"WebSite\",\"@id\":\"https:\/\/www.nexoinformativo.mx\/#website\",\"url\":\"https:\/\/www.nexoinformativo.mx\/\",\"name\":\"Nexo Informativo Santiago de Quer\u00e9taro\",\"description\":\"Explora NexoInformativo y convi\u00e9rtete en parte de una comunidad que valora el conocimiento y la verdad. Tu nexoinformativo es tu puente hacia una comprensi\u00f3n m\u00e1s profunda del mundo que te rodea.\",\"publisher\":{\"@id\":\"https:\/\/www.nexoinformativo.mx\/#organization\"},\"potentialAction\":[{\"@type\":\"SearchAction\",\"target\":{\"@type\":\"EntryPoint\",\"urlTemplate\":\"https:\/\/www.nexoinformativo.mx\/?s={search_term_string}\"},\"query-input\":{\"@type\":\"PropertyValueSpecification\",\"valueRequired\":true,\"valueName\":\"search_term_string\"}}],\"inLanguage\":\"es\"},{\"@type\":\"Organization\",\"@id\":\"https:\/\/www.nexoinformativo.mx\/#organization\",\"name\":\"Nexo Informativo Santiago de Quer\u00e9taro\",\"url\":\"https:\/\/www.nexoinformativo.mx\/\",\"logo\":{\"@type\":\"ImageObject\",\"inLanguage\":\"es\",\"@id\":\"https:\/\/www.nexoinformativo.mx\/#\/schema\/logo\/image\/\",\"url\":\"https:\/\/www.nexoinformativo.mx\/wp-content\/uploads\/2024\/07\/nexoi-trasparente-2.png\",\"contentUrl\":\"https:\/\/www.nexoinformativo.mx\/wp-content\/uploads\/2024\/07\/nexoi-trasparente-2.png\",\"width\":816,\"height\":339,\"caption\":\"Nexo Informativo Santiago de Quer\u00e9taro\"},\"image\":{\"@id\":\"https:\/\/www.nexoinformativo.mx\/#\/schema\/logo\/image\/\"},\"sameAs\":[\"https:\/\/www.facebook.com\/people\/Nexo-Informativo\/61564066885511\/\"]},{\"@type\":\"Person\",\"@id\":\"https:\/\/www.nexoinformativo.mx\/#\/schema\/person\/7749d380ba08c8ca00d7bc76fd907b7d\",\"name\":\"Nexo Informativo\",\"image\":{\"@type\":\"ImageObject\",\"inLanguage\":\"es\",\"@id\":\"https:\/\/www.nexoinformativo.mx\/#\/schema\/person\/image\/\",\"url\":\"https:\/\/secure.gravatar.com\/avatar\/dde2928154642a13d95f87ddf1ea9718fe2b46760a005c53e41ff5ad610704e6?s=96&d=mm&r=g\",\"contentUrl\":\"https:\/\/secure.gravatar.com\/avatar\/dde2928154642a13d95f87ddf1ea9718fe2b46760a005c53e41ff5ad610704e6?s=96&d=mm&r=g\",\"caption\":\"Nexo Informativo\"},\"url\":\"https:\/\/www.nexoinformativo.mx\/index.php\/author\/edicion\/\"}]}<\/script>\n<!-- \/ Yoast SEO plugin. -->","yoast_head_json":{"title":"Quer\u00e9taro se consolida Hoteleros y Asociaciones firman Convenio para atraer eventos y congresos | Nexo Informativo Santiago de Quer\u00e9taro","description":"Quer\u00e9taro se consolida Hoteleros y Asociaciones firman Convenio para atraer eventos y congresos","robots":{"index":"index","follow":"follow","max-snippet":"max-snippet:-1","max-image-preview":"max-image-preview:large","max-video-preview":"max-video-preview:-1"},"canonical":"https:\/\/www.nexoinformativo.mx\/index.php\/2025\/03\/21\/queretaro-se-consolida-hoteleros-y-asociaciones-firman-convenio-para-atraer-eventos-y-congresos\/","og_locale":"es_MX","og_type":"article","og_title":"Quer\u00e9taro se consolida Hoteleros y Asociaciones firman Convenio para atraer eventos y congresos | Nexo Informativo Santiago de Quer\u00e9taro","og_description":"Quer\u00e9taro se consolida Hoteleros y Asociaciones firman Convenio para atraer eventos y congresos","og_url":"https:\/\/www.nexoinformativo.mx\/index.php\/2025\/03\/21\/queretaro-se-consolida-hoteleros-y-asociaciones-firman-convenio-para-atraer-eventos-y-congresos\/","og_site_name":"Nexo Informativo Santiago de Quer\u00e9taro","article_publisher":"https:\/\/www.facebook.com\/people\/Nexo-Informativo\/61564066885511\/","article_published_time":"2025-03-21T14:00:04+00:00","article_modified_time":"2025-03-21T14:57:40+00:00","og_image":[{"width":800,"height":411,"url":"https:\/\/www.nexoinformativo.mx\/wp-content\/uploads\/2025\/03\/PHOTO-2025-03-21-08-19-09-e1742569054288.jpg","type":"image\/jpeg"}],"author":"Nexo Informativo","twitter_card":"summary_large_image","twitter_misc":{"Escrito por":"Nexo Informativo","Tiempo de lectura":"1 minuto"},"schema":{"@context":"https:\/\/schema.org","@graph":[{"@type":"Article","@id":"https:\/\/www.nexoinformativo.mx\/index.php\/2025\/03\/21\/queretaro-se-consolida-hoteleros-y-asociaciones-firman-convenio-para-atraer-eventos-y-congresos\/#article","isPartOf":{"@id":"https:\/\/www.nexoinformativo.mx\/index.php\/2025\/03\/21\/queretaro-se-consolida-hoteleros-y-asociaciones-firman-convenio-para-atraer-eventos-y-congresos\/"},"author":{"name":"Nexo Informativo","@id":"https:\/\/www.nexoinformativo.mx\/#\/schema\/person\/7749d380ba08c8ca00d7bc76fd907b7d"},"headline":"Quer\u00e9taro se consolida Hoteleros y Asociaciones firman Convenio para atraer eventos y congresos","datePublished":"2025-03-21T14:00:04+00:00","dateModified":"2025-03-21T14:57:40+00:00","mainEntityOfPage":{"@id":"https:\/\/www.nexoinformativo.mx\/index.php\/2025\/03\/21\/queretaro-se-consolida-hoteleros-y-asociaciones-firman-convenio-para-atraer-eventos-y-congresos\/"},"wordCount":208,"commentCount":0,"publisher":{"@id":"https:\/\/www.nexoinformativo.mx\/#organization"},"image":{"@id":"https:\/\/www.nexoinformativo.mx\/index.php\/2025\/03\/21\/queretaro-se-consolida-hoteleros-y-asociaciones-firman-convenio-para-atraer-eventos-y-congresos\/#primaryimage"},"thumbnailUrl":"https:\/\/www.nexoinformativo.mx\/wp-content\/uploads\/2025\/03\/PHOTO-2025-03-21-08-19-09-e1742569054288.jpg","keywords":["AlianzaTur\u00edstica","EventosQuer\u00e9taro","HotelesQuer\u00e9taro","TurismoQuer\u00e9taro"],"articleSection":["Econom\u00eda","Estado","\u00daltima Hora"],"inLanguage":"es","potentialAction":[{"@type":"CommentAction","name":"Comment","target":["https:\/\/www.nexoinformativo.mx\/index.php\/2025\/03\/21\/queretaro-se-consolida-hoteleros-y-asociaciones-firman-convenio-para-atraer-eventos-y-congresos\/#respond"]}]},{"@type":"WebPage","@id":"https:\/\/www.nexoinformativo.mx\/index.php\/2025\/03\/21\/queretaro-se-consolida-hoteleros-y-asociaciones-firman-convenio-para-atraer-eventos-y-congresos\/","url":"https:\/\/www.nexoinformativo.mx\/index.php\/2025\/03\/21\/queretaro-se-consolida-hoteleros-y-asociaciones-firman-convenio-para-atraer-eventos-y-congresos\/","name":"Quer\u00e9taro se consolida Hoteleros y Asociaciones firman Convenio para atraer eventos y congresos | Nexo Informativo Santiago de Quer\u00e9taro","isPartOf":{"@id":"https:\/\/www.nexoinformativo.mx\/#website"},"primaryImageOfPage":{"@id":"https:\/\/www.nexoinformativo.mx\/index.php\/2025\/03\/21\/queretaro-se-consolida-hoteleros-y-asociaciones-firman-convenio-para-atraer-eventos-y-congresos\/#primaryimage"},"image":{"@id":"https:\/\/www.nexoinformativo.mx\/index.php\/2025\/03\/21\/queretaro-se-consolida-hoteleros-y-asociaciones-firman-convenio-para-atraer-eventos-y-congresos\/#primaryimage"},"thumbnailUrl":"https:\/\/www.nexoinformativo.mx\/wp-content\/uploads\/2025\/03\/PHOTO-2025-03-21-08-19-09-e1742569054288.jpg","datePublished":"2025-03-21T14:00:04+00:00","dateModified":"2025-03-21T14:57:40+00:00","description":"Quer\u00e9taro se consolida Hoteleros y Asociaciones firman Convenio para atraer eventos y congresos","breadcrumb":{"@id":"https:\/\/www.nexoinformativo.mx\/index.php\/2025\/03\/21\/queretaro-se-consolida-hoteleros-y-asociaciones-firman-convenio-para-atraer-eventos-y-congresos\/#breadcrumb"},"inLanguage":"es","potentialAction":[{"@type":"ReadAction","target":["https:\/\/www.nexoinformativo.mx\/index.php\/2025\/03\/21\/queretaro-se-consolida-hoteleros-y-asociaciones-firman-convenio-para-atraer-eventos-y-congresos\/"]}]},{"@type":"ImageObject","inLanguage":"es","@id":"https:\/\/www.nexoinformativo.mx\/index.php\/2025\/03\/21\/queretaro-se-consolida-hoteleros-y-asociaciones-firman-convenio-para-atraer-eventos-y-congresos\/#primaryimage","url":"https:\/\/www.nexoinformativo.mx\/wp-content\/uploads\/2025\/03\/PHOTO-2025-03-21-08-19-09-e1742569054288.jpg","contentUrl":"https:\/\/www.nexoinformativo.mx\/wp-content\/uploads\/2025\/03\/PHOTO-2025-03-21-08-19-09-e1742569054288.jpg","width":800,"height":411},{"@type":"BreadcrumbList","@id":"https:\/\/www.nexoinformativo.mx\/index.php\/2025\/03\/21\/queretaro-se-consolida-hoteleros-y-asociaciones-firman-convenio-para-atraer-eventos-y-congresos\/#breadcrumb","itemListElement":[{"@type":"ListItem","position":1,"name":"Inicio","item":"https:\/\/www.nexoinformativo.mx\/"},{"@type":"ListItem","position":2,"name":"Quer\u00e9taro se consolida Hoteleros y Asociaciones firman Convenio para atraer eventos y congresos"}]},{"@type":"WebSite","@id":"https:\/\/www.nexoinformativo.mx\/#website","url":"https:\/\/www.nexoinformativo.mx\/","name":"Nexo Informativo Santiago de Quer\u00e9taro","description":"Explora NexoInformativo y convi\u00e9rtete en parte de una comunidad que valora el conocimiento y la verdad. Tu nexoinformativo es tu puente hacia una comprensi\u00f3n m\u00e1s profunda del mundo que te rodea.","publisher":{"@id":"https:\/\/www.nexoinformativo.mx\/#organization"},"potentialAction":[{"@type":"SearchAction","target":{"@type":"EntryPoint","urlTemplate":"https:\/\/www.nexoinformativo.mx\/?s={search_term_string}"},"query-input":{"@type":"PropertyValueSpecification","valueRequired":true,"valueName":"search_term_string"}}],"inLanguage":"es"},{"@type":"Organization","@id":"https:\/\/www.nexoinformativo.mx\/#organization","name":"Nexo Informativo Santiago de Quer\u00e9taro","url":"https:\/\/www.nexoinformativo.mx\/","logo":{"@type":"ImageObject","inLanguage":"es","@id":"https:\/\/www.nexoinformativo.mx\/#\/schema\/logo\/image\/","url":"https:\/\/www.nexoinformativo.mx\/wp-content\/uploads\/2024\/07\/nexoi-trasparente-2.png","contentUrl":"https:\/\/www.nexoinformativo.mx\/wp-content\/uploads\/2024\/07\/nexoi-trasparente-2.png","width":816,"height":339,"caption":"Nexo Informativo Santiago de Quer\u00e9taro"},"image":{"@id":"https:\/\/www.nexoinformativo.mx\/#\/schema\/logo\/image\/"},"sameAs":["https:\/\/www.facebook.com\/people\/Nexo-Informativo\/61564066885511\/"]},{"@type":"Person","@id":"https:\/\/www.nexoinformativo.mx\/#\/schema\/person\/7749d380ba08c8ca00d7bc76fd907b7d","name":"Nexo Informativo","image":{"@type":"ImageObject","inLanguage":"es","@id":"https:\/\/www.nexoinformativo.mx\/#\/schema\/person\/image\/","url":"https:\/\/secure.gravatar.com\/avatar\/dde2928154642a13d95f87ddf1ea9718fe2b46760a005c53e41ff5ad610704e6?s=96&d=mm&r=g","contentUrl":"https:\/\/secure.gravatar.com\/avatar\/dde2928154642a13d95f87ddf1ea9718fe2b46760a005c53e41ff5ad610704e6?s=96&d=mm&r=g","caption":"Nexo Informativo"},"url":"https:\/\/www.nexoinformativo.mx\/index.php\/author\/edicion\/"}]}},"_links":{"self":[{"href":"https:\/\/www.nexoinformativo.mx\/index.php\/wp-json\/wp\/v2\/posts\/13164","targetHints":{"allow":["GET"]}}],"collection":[{"href":"https:\/\/www.nexoinformativo.mx\/index.php\/wp-json\/wp\/v2\/posts"}],"about":[{"href":"https:\/\/www.nexoinformativo.mx\/index.php\/wp-json\/wp\/v2\/types\/post"}],"author":[{"embeddable":true,"href":"https:\/\/www.nexoinformativo.mx\/index.php\/wp-json\/wp\/v2\/users\/3"}],"replies":[{"embeddable":true,"href":"https:\/\/www.nexoinformativo.mx\/index.php\/wp-json\/wp\/v2\/comments?post=13164"}],"version-history":[{"count":4,"href":"https:\/\/www.nexoinformativo.mx\/index.php\/wp-json\/wp\/v2\/posts\/13164\/revisions"}],"predecessor-version":[{"id":13167,"href":"https:\/\/www.nexoinformativo.mx\/index.php\/wp-json\/wp\/v2\/posts\/13164\/revisions\/13167"}],"wp:featuredmedia":[{"embeddable":true,"href":"https:\/\/www.nexoinformativo.mx\/index.php\/wp-json\/wp\/v2\/media\/13169"}],"wp:attachment":[{"href":"https:\/\/www.nexoinformativo.mx\/index.php\/wp-json\/wp\/v2\/media?parent=13164"}],"wp:term":[{"taxonomy":"category","embeddable":true,"href":"https:\/\/www.nexoinformativo.mx\/index.php\/wp-json\/wp\/v2\/categories?post=13164"},{"taxonomy":"post_tag","embeddable":true,"href":"https:\/\/www.nexoinformativo.mx\/index.php\/wp-json\/wp\/v2\/tags?post=13164"}],"curies":[{"name":"wp","href":"https:\/\/api.w.org\/{rel}","templated":true}]}}