{"id":13181,"date":"2025-03-21T15:00:24","date_gmt":"2025-03-21T21:00:24","guid":{"rendered":"https:\/\/www.nexoinformativo.mx\/?p=13181"},"modified":"2025-03-21T20:39:42","modified_gmt":"2025-03-22T02:39:42","slug":"alerta-de-sequia-comienza-el-estiaje-y-la-cea-llama-a-cuidar-el-agua","status":"publish","type":"post","link":"https:\/\/www.nexoinformativo.mx\/index.php\/2025\/03\/21\/alerta-de-sequia-comienza-el-estiaje-y-la-cea-llama-a-cuidar-el-agua\/","title":{"rendered":"Alerta de sequ\u00eda comienza el estiaje y la CEA llama a cuidar el agua"},"content":{"rendered":"<p style=\"text-align: justify;\" data-sourcepos=\"13:1-13:360\">La temporada de estiaje ha comenzado oficialmente en Quer\u00e9taro, inform\u00f3 Luis Alberto Vega Ricoy, vocal ejecutivo de la <strong>Comisi\u00f3n Estatal de Aguas<\/strong> (CEA). Este periodo, que se extender\u00e1 hasta el 21 de junio, trae consigo un incremento aproximado del 6% en la demanda de agua potable, mientras que la oferta del l\u00edquido disminuye.<\/p>\n<p>&nbsp;<\/p>\n<p style=\"text-align: justify;\" data-sourcepos=\"15:1-15:208\">Vega Ricoy hizo un llamado a la poblaci\u00f3n para que cuide y evite el desperdicio de agua, recordando que las autoridades municipales son las encargadas de aplicar sanciones a quienes incumplan con esta medida.<\/p>\n<p>&nbsp;<\/p>\n<p style=\"text-align: justify;\" data-sourcepos=\"17:1-17:140\">Aunque durante la Semana Santa se observa una disminuci\u00f3n en el consumo de agua, la demanda general aumenta durante la temporada de estiaje.<\/p>\n<p>&nbsp;<\/p>\n<p style=\"text-align: justify;\" data-sourcepos=\"19:1-19:195\">A diferencia del a\u00f1o pasado, cuando la sequ\u00eda fue cr\u00edtica, se prev\u00e9 que este a\u00f1o la situaci\u00f3n sea menos severa. Sin embargo, el nivel de las presas se encuentra alrededor del 44% de su capacidad.<\/p>\n<p>&nbsp;<\/p>\n<p style=\"text-align: justify;\" data-sourcepos=\"21:1-21:219\">La CEA ha implementado medidas para enfrentar esta temporada, como la reducci\u00f3n en el tiempo de reparaci\u00f3n de fugas, la apertura de nuevos pozos y la distribuci\u00f3n de agua a trav\u00e9s de pipas en las zonas que lo requieran.<\/p>\n<p>&nbsp;<\/p>\n<p style=\"text-align: center;\" data-sourcepos=\"21:1-21:219\"><em><strong>\u00a1Informaci\u00f3n que transforma!<\/strong><\/em><\/p>\n","protected":false},"excerpt":{"rendered":"<p>La temporada de estiaje ha comenzado oficialmente en Quer\u00e9taro, inform\u00f3 Luis Alberto Vega Ricoy, vocal ejecutivo de la Comisi\u00f3n Estatal de Aguas (CEA). Este periodo, que se extender\u00e1 hasta el 21 de junio, trae consigo un incremento aproximado del 6% en la demanda de agua potable, mientras que la oferta del l\u00edquido disminuye.<\/p>\n","protected":false},"author":3,"featured_media":13182,"comment_status":"open","ping_status":"open","sticky":false,"template":"","format":"standard","meta":{"footnotes":""},"categories":[42,58],"tags":[264,3855,3854,2597],"class_list":["post-13181","post","type-post","status-publish","format-standard","has-post-thumbnail","hentry","category-estado","category-ultima-hora","tag-ceaqueretaro","tag-cuidemoselagua","tag-estiajequeretaro","tag-sequia"],"yoast_head":"<!-- This site is optimized with the Yoast SEO plugin v25.0 - https:\/\/yoast.com\/wordpress\/plugins\/seo\/ -->\n<title>Alerta de sequ\u00eda comienza el estiaje y la CEA llama a cuidar el agua | Nexo Informativo Santiago de Quer\u00e9taro<\/title>\n<meta name=\"description\" content=\"Alerta de sequ\u00eda comienza el estiaje y la CEA llama a cuidar el agua\" \/>\n<meta name=\"robots\" content=\"index, follow, max-snippet:-1, max-image-preview:large, max-video-preview:-1\" \/>\n<link rel=\"canonical\" href=\"https:\/\/www.nexoinformativo.mx\/index.php\/2025\/03\/21\/alerta-de-sequia-comienza-el-estiaje-y-la-cea-llama-a-cuidar-el-agua\/\" \/>\n<meta property=\"og:locale\" content=\"es_MX\" \/>\n<meta property=\"og:type\" content=\"article\" \/>\n<meta property=\"og:title\" content=\"Alerta de sequ\u00eda comienza el estiaje y la CEA llama a cuidar el agua | Nexo Informativo Santiago de Quer\u00e9taro\" \/>\n<meta property=\"og:description\" content=\"Alerta de sequ\u00eda comienza el estiaje y la CEA llama a cuidar el agua\" \/>\n<meta property=\"og:url\" content=\"https:\/\/www.nexoinformativo.mx\/index.php\/2025\/03\/21\/alerta-de-sequia-comienza-el-estiaje-y-la-cea-llama-a-cuidar-el-agua\/\" \/>\n<meta property=\"og:site_name\" content=\"Nexo Informativo Santiago de Quer\u00e9taro\" \/>\n<meta property=\"article:publisher\" content=\"https:\/\/www.facebook.com\/people\/Nexo-Informativo\/61564066885511\/\" \/>\n<meta property=\"article:published_time\" content=\"2025-03-21T21:00:24+00:00\" \/>\n<meta property=\"article:modified_time\" content=\"2025-03-22T02:39:42+00:00\" \/>\n<meta property=\"og:image\" content=\"https:\/\/www.nexoinformativo.mx\/wp-content\/uploads\/2025\/03\/PHOTO-2025-03-21-12-02-27-e1742611104459.jpg\" \/>\n\t<meta property=\"og:image:width\" content=\"800\" \/>\n\t<meta property=\"og:image:height\" content=\"533\" \/>\n\t<meta property=\"og:image:type\" content=\"image\/jpeg\" \/>\n<meta name=\"author\" content=\"Nexo Informativo\" \/>\n<meta name=\"twitter:card\" content=\"summary_large_image\" \/>\n<meta name=\"twitter:label1\" content=\"Escrito por\" \/>\n\t<meta name=\"twitter:data1\" content=\"Nexo Informativo\" \/>\n\t<meta name=\"twitter:label2\" content=\"Tiempo de lectura\" \/>\n\t<meta name=\"twitter:data2\" content=\"2 minutos\" \/>\n<script type=\"application\/ld+json\" class=\"yoast-schema-graph\">{\"@context\":\"https:\/\/schema.org\",\"@graph\":[{\"@type\":\"Article\",\"@id\":\"https:\/\/www.nexoinformativo.mx\/index.php\/2025\/03\/21\/alerta-de-sequia-comienza-el-estiaje-y-la-cea-llama-a-cuidar-el-agua\/#article\",\"isPartOf\":{\"@id\":\"https:\/\/www.nexoinformativo.mx\/index.php\/2025\/03\/21\/alerta-de-sequia-comienza-el-estiaje-y-la-cea-llama-a-cuidar-el-agua\/\"},\"author\":{\"name\":\"Nexo Informativo\",\"@id\":\"https:\/\/www.nexoinformativo.mx\/#\/schema\/person\/7749d380ba08c8ca00d7bc76fd907b7d\"},\"headline\":\"Alerta de sequ\u00eda comienza el estiaje y la CEA llama a cuidar el agua\",\"datePublished\":\"2025-03-21T21:00:24+00:00\",\"dateModified\":\"2025-03-22T02:39:42+00:00\",\"mainEntityOfPage\":{\"@id\":\"https:\/\/www.nexoinformativo.mx\/index.php\/2025\/03\/21\/alerta-de-sequia-comienza-el-estiaje-y-la-cea-llama-a-cuidar-el-agua\/\"},\"wordCount\":219,\"commentCount\":0,\"publisher\":{\"@id\":\"https:\/\/www.nexoinformativo.mx\/#organization\"},\"image\":{\"@id\":\"https:\/\/www.nexoinformativo.mx\/index.php\/2025\/03\/21\/alerta-de-sequia-comienza-el-estiaje-y-la-cea-llama-a-cuidar-el-agua\/#primaryimage\"},\"thumbnailUrl\":\"https:\/\/www.nexoinformativo.mx\/wp-content\/uploads\/2025\/03\/PHOTO-2025-03-21-12-02-27-e1742611104459.jpg\",\"keywords\":[\"CEAQueretaro\",\"CuidemosElAgua\",\"EstiajeQuer\u00e9taro\",\"Sequ\u00eda\"],\"articleSection\":[\"Estado\",\"\u00daltima Hora\"],\"inLanguage\":\"es\",\"potentialAction\":[{\"@type\":\"CommentAction\",\"name\":\"Comment\",\"target\":[\"https:\/\/www.nexoinformativo.mx\/index.php\/2025\/03\/21\/alerta-de-sequia-comienza-el-estiaje-y-la-cea-llama-a-cuidar-el-agua\/#respond\"]}]},{\"@type\":\"WebPage\",\"@id\":\"https:\/\/www.nexoinformativo.mx\/index.php\/2025\/03\/21\/alerta-de-sequia-comienza-el-estiaje-y-la-cea-llama-a-cuidar-el-agua\/\",\"url\":\"https:\/\/www.nexoinformativo.mx\/index.php\/2025\/03\/21\/alerta-de-sequia-comienza-el-estiaje-y-la-cea-llama-a-cuidar-el-agua\/\",\"name\":\"Alerta de sequ\u00eda comienza el estiaje y la CEA llama a cuidar el agua | Nexo Informativo Santiago de Quer\u00e9taro\",\"isPartOf\":{\"@id\":\"https:\/\/www.nexoinformativo.mx\/#website\"},\"primaryImageOfPage\":{\"@id\":\"https:\/\/www.nexoinformativo.mx\/index.php\/2025\/03\/21\/alerta-de-sequia-comienza-el-estiaje-y-la-cea-llama-a-cuidar-el-agua\/#primaryimage\"},\"image\":{\"@id\":\"https:\/\/www.nexoinformativo.mx\/index.php\/2025\/03\/21\/alerta-de-sequia-comienza-el-estiaje-y-la-cea-llama-a-cuidar-el-agua\/#primaryimage\"},\"thumbnailUrl\":\"https:\/\/www.nexoinformativo.mx\/wp-content\/uploads\/2025\/03\/PHOTO-2025-03-21-12-02-27-e1742611104459.jpg\",\"datePublished\":\"2025-03-21T21:00:24+00:00\",\"dateModified\":\"2025-03-22T02:39:42+00:00\",\"description\":\"Alerta de sequ\u00eda comienza el estiaje y la CEA llama a cuidar el agua\",\"breadcrumb\":{\"@id\":\"https:\/\/www.nexoinformativo.mx\/index.php\/2025\/03\/21\/alerta-de-sequia-comienza-el-estiaje-y-la-cea-llama-a-cuidar-el-agua\/#breadcrumb\"},\"inLanguage\":\"es\",\"potentialAction\":[{\"@type\":\"ReadAction\",\"target\":[\"https:\/\/www.nexoinformativo.mx\/index.php\/2025\/03\/21\/alerta-de-sequia-comienza-el-estiaje-y-la-cea-llama-a-cuidar-el-agua\/\"]}]},{\"@type\":\"ImageObject\",\"inLanguage\":\"es\",\"@id\":\"https:\/\/www.nexoinformativo.mx\/index.php\/2025\/03\/21\/alerta-de-sequia-comienza-el-estiaje-y-la-cea-llama-a-cuidar-el-agua\/#primaryimage\",\"url\":\"https:\/\/www.nexoinformativo.mx\/wp-content\/uploads\/2025\/03\/PHOTO-2025-03-21-12-02-27-e1742611104459.jpg\",\"contentUrl\":\"https:\/\/www.nexoinformativo.mx\/wp-content\/uploads\/2025\/03\/PHOTO-2025-03-21-12-02-27-e1742611104459.jpg\",\"width\":800,\"height\":533},{\"@type\":\"BreadcrumbList\",\"@id\":\"https:\/\/www.nexoinformativo.mx\/index.php\/2025\/03\/21\/alerta-de-sequia-comienza-el-estiaje-y-la-cea-llama-a-cuidar-el-agua\/#breadcrumb\",\"itemListElement\":[{\"@type\":\"ListItem\",\"position\":1,\"name\":\"Inicio\",\"item\":\"https:\/\/www.nexoinformativo.mx\/\"},{\"@type\":\"ListItem\",\"position\":2,\"name\":\"Alerta de sequ\u00eda comienza el estiaje y la CEA llama a cuidar el agua\"}]},{\"@type\":\"WebSite\",\"@id\":\"https:\/\/www.nexoinformativo.mx\/#website\",\"url\":\"https:\/\/www.nexoinformativo.mx\/\",\"name\":\"Nexo Informativo Santiago de Quer\u00e9taro\",\"description\":\"Explora NexoInformativo y convi\u00e9rtete en parte de una comunidad que valora el conocimiento y la verdad. Tu nexoinformativo es tu puente hacia una comprensi\u00f3n m\u00e1s profunda del mundo que te rodea.\",\"publisher\":{\"@id\":\"https:\/\/www.nexoinformativo.mx\/#organization\"},\"potentialAction\":[{\"@type\":\"SearchAction\",\"target\":{\"@type\":\"EntryPoint\",\"urlTemplate\":\"https:\/\/www.nexoinformativo.mx\/?s={search_term_string}\"},\"query-input\":{\"@type\":\"PropertyValueSpecification\",\"valueRequired\":true,\"valueName\":\"search_term_string\"}}],\"inLanguage\":\"es\"},{\"@type\":\"Organization\",\"@id\":\"https:\/\/www.nexoinformativo.mx\/#organization\",\"name\":\"Nexo Informativo Santiago de Quer\u00e9taro\",\"url\":\"https:\/\/www.nexoinformativo.mx\/\",\"logo\":{\"@type\":\"ImageObject\",\"inLanguage\":\"es\",\"@id\":\"https:\/\/www.nexoinformativo.mx\/#\/schema\/logo\/image\/\",\"url\":\"https:\/\/www.nexoinformativo.mx\/wp-content\/uploads\/2024\/07\/nexoi-trasparente-2.png\",\"contentUrl\":\"https:\/\/www.nexoinformativo.mx\/wp-content\/uploads\/2024\/07\/nexoi-trasparente-2.png\",\"width\":816,\"height\":339,\"caption\":\"Nexo Informativo Santiago de Quer\u00e9taro\"},\"image\":{\"@id\":\"https:\/\/www.nexoinformativo.mx\/#\/schema\/logo\/image\/\"},\"sameAs\":[\"https:\/\/www.facebook.com\/people\/Nexo-Informativo\/61564066885511\/\"]},{\"@type\":\"Person\",\"@id\":\"https:\/\/www.nexoinformativo.mx\/#\/schema\/person\/7749d380ba08c8ca00d7bc76fd907b7d\",\"name\":\"Nexo Informativo\",\"image\":{\"@type\":\"ImageObject\",\"inLanguage\":\"es\",\"@id\":\"https:\/\/www.nexoinformativo.mx\/#\/schema\/person\/image\/\",\"url\":\"https:\/\/secure.gravatar.com\/avatar\/dde2928154642a13d95f87ddf1ea9718fe2b46760a005c53e41ff5ad610704e6?s=96&d=mm&r=g\",\"contentUrl\":\"https:\/\/secure.gravatar.com\/avatar\/dde2928154642a13d95f87ddf1ea9718fe2b46760a005c53e41ff5ad610704e6?s=96&d=mm&r=g\",\"caption\":\"Nexo Informativo\"},\"url\":\"https:\/\/www.nexoinformativo.mx\/index.php\/author\/edicion\/\"}]}<\/script>\n<!-- \/ Yoast SEO plugin. -->","yoast_head_json":{"title":"Alerta de sequ\u00eda comienza el estiaje y la CEA llama a cuidar el agua | Nexo Informativo Santiago de Quer\u00e9taro","description":"Alerta de sequ\u00eda comienza el estiaje y la CEA llama a cuidar el agua","robots":{"index":"index","follow":"follow","max-snippet":"max-snippet:-1","max-image-preview":"max-image-preview:large","max-video-preview":"max-video-preview:-1"},"canonical":"https:\/\/www.nexoinformativo.mx\/index.php\/2025\/03\/21\/alerta-de-sequia-comienza-el-estiaje-y-la-cea-llama-a-cuidar-el-agua\/","og_locale":"es_MX","og_type":"article","og_title":"Alerta de sequ\u00eda comienza el estiaje y la CEA llama a cuidar el agua | Nexo Informativo Santiago de Quer\u00e9taro","og_description":"Alerta de sequ\u00eda comienza el estiaje y la CEA llama a cuidar el agua","og_url":"https:\/\/www.nexoinformativo.mx\/index.php\/2025\/03\/21\/alerta-de-sequia-comienza-el-estiaje-y-la-cea-llama-a-cuidar-el-agua\/","og_site_name":"Nexo Informativo Santiago de Quer\u00e9taro","article_publisher":"https:\/\/www.facebook.com\/people\/Nexo-Informativo\/61564066885511\/","article_published_time":"2025-03-21T21:00:24+00:00","article_modified_time":"2025-03-22T02:39:42+00:00","og_image":[{"width":800,"height":533,"url":"https:\/\/www.nexoinformativo.mx\/wp-content\/uploads\/2025\/03\/PHOTO-2025-03-21-12-02-27-e1742611104459.jpg","type":"image\/jpeg"}],"author":"Nexo Informativo","twitter_card":"summary_large_image","twitter_misc":{"Escrito por":"Nexo Informativo","Tiempo de lectura":"2 minutos"},"schema":{"@context":"https:\/\/schema.org","@graph":[{"@type":"Article","@id":"https:\/\/www.nexoinformativo.mx\/index.php\/2025\/03\/21\/alerta-de-sequia-comienza-el-estiaje-y-la-cea-llama-a-cuidar-el-agua\/#article","isPartOf":{"@id":"https:\/\/www.nexoinformativo.mx\/index.php\/2025\/03\/21\/alerta-de-sequia-comienza-el-estiaje-y-la-cea-llama-a-cuidar-el-agua\/"},"author":{"name":"Nexo Informativo","@id":"https:\/\/www.nexoinformativo.mx\/#\/schema\/person\/7749d380ba08c8ca00d7bc76fd907b7d"},"headline":"Alerta de sequ\u00eda comienza el estiaje y la CEA llama a cuidar el agua","datePublished":"2025-03-21T21:00:24+00:00","dateModified":"2025-03-22T02:39:42+00:00","mainEntityOfPage":{"@id":"https:\/\/www.nexoinformativo.mx\/index.php\/2025\/03\/21\/alerta-de-sequia-comienza-el-estiaje-y-la-cea-llama-a-cuidar-el-agua\/"},"wordCount":219,"commentCount":0,"publisher":{"@id":"https:\/\/www.nexoinformativo.mx\/#organization"},"image":{"@id":"https:\/\/www.nexoinformativo.mx\/index.php\/2025\/03\/21\/alerta-de-sequia-comienza-el-estiaje-y-la-cea-llama-a-cuidar-el-agua\/#primaryimage"},"thumbnailUrl":"https:\/\/www.nexoinformativo.mx\/wp-content\/uploads\/2025\/03\/PHOTO-2025-03-21-12-02-27-e1742611104459.jpg","keywords":["CEAQueretaro","CuidemosElAgua","EstiajeQuer\u00e9taro","Sequ\u00eda"],"articleSection":["Estado","\u00daltima Hora"],"inLanguage":"es","potentialAction":[{"@type":"CommentAction","name":"Comment","target":["https:\/\/www.nexoinformativo.mx\/index.php\/2025\/03\/21\/alerta-de-sequia-comienza-el-estiaje-y-la-cea-llama-a-cuidar-el-agua\/#respond"]}]},{"@type":"WebPage","@id":"https:\/\/www.nexoinformativo.mx\/index.php\/2025\/03\/21\/alerta-de-sequia-comienza-el-estiaje-y-la-cea-llama-a-cuidar-el-agua\/","url":"https:\/\/www.nexoinformativo.mx\/index.php\/2025\/03\/21\/alerta-de-sequia-comienza-el-estiaje-y-la-cea-llama-a-cuidar-el-agua\/","name":"Alerta de sequ\u00eda comienza el estiaje y la CEA llama a cuidar el agua | Nexo Informativo Santiago de Quer\u00e9taro","isPartOf":{"@id":"https:\/\/www.nexoinformativo.mx\/#website"},"primaryImageOfPage":{"@id":"https:\/\/www.nexoinformativo.mx\/index.php\/2025\/03\/21\/alerta-de-sequia-comienza-el-estiaje-y-la-cea-llama-a-cuidar-el-agua\/#primaryimage"},"image":{"@id":"https:\/\/www.nexoinformativo.mx\/index.php\/2025\/03\/21\/alerta-de-sequia-comienza-el-estiaje-y-la-cea-llama-a-cuidar-el-agua\/#primaryimage"},"thumbnailUrl":"https:\/\/www.nexoinformativo.mx\/wp-content\/uploads\/2025\/03\/PHOTO-2025-03-21-12-02-27-e1742611104459.jpg","datePublished":"2025-03-21T21:00:24+00:00","dateModified":"2025-03-22T02:39:42+00:00","description":"Alerta de sequ\u00eda comienza el estiaje y la CEA llama a cuidar el agua","breadcrumb":{"@id":"https:\/\/www.nexoinformativo.mx\/index.php\/2025\/03\/21\/alerta-de-sequia-comienza-el-estiaje-y-la-cea-llama-a-cuidar-el-agua\/#breadcrumb"},"inLanguage":"es","potentialAction":[{"@type":"ReadAction","target":["https:\/\/www.nexoinformativo.mx\/index.php\/2025\/03\/21\/alerta-de-sequia-comienza-el-estiaje-y-la-cea-llama-a-cuidar-el-agua\/"]}]},{"@type":"ImageObject","inLanguage":"es","@id":"https:\/\/www.nexoinformativo.mx\/index.php\/2025\/03\/21\/alerta-de-sequia-comienza-el-estiaje-y-la-cea-llama-a-cuidar-el-agua\/#primaryimage","url":"https:\/\/www.nexoinformativo.mx\/wp-content\/uploads\/2025\/03\/PHOTO-2025-03-21-12-02-27-e1742611104459.jpg","contentUrl":"https:\/\/www.nexoinformativo.mx\/wp-content\/uploads\/2025\/03\/PHOTO-2025-03-21-12-02-27-e1742611104459.jpg","width":800,"height":533},{"@type":"BreadcrumbList","@id":"https:\/\/www.nexoinformativo.mx\/index.php\/2025\/03\/21\/alerta-de-sequia-comienza-el-estiaje-y-la-cea-llama-a-cuidar-el-agua\/#breadcrumb","itemListElement":[{"@type":"ListItem","position":1,"name":"Inicio","item":"https:\/\/www.nexoinformativo.mx\/"},{"@type":"ListItem","position":2,"name":"Alerta de sequ\u00eda comienza el estiaje y la CEA llama a cuidar el agua"}]},{"@type":"WebSite","@id":"https:\/\/www.nexoinformativo.mx\/#website","url":"https:\/\/www.nexoinformativo.mx\/","name":"Nexo Informativo Santiago de Quer\u00e9taro","description":"Explora NexoInformativo y convi\u00e9rtete en parte de una comunidad que valora el conocimiento y la verdad. Tu nexoinformativo es tu puente hacia una comprensi\u00f3n m\u00e1s profunda del mundo que te rodea.","publisher":{"@id":"https:\/\/www.nexoinformativo.mx\/#organization"},"potentialAction":[{"@type":"SearchAction","target":{"@type":"EntryPoint","urlTemplate":"https:\/\/www.nexoinformativo.mx\/?s={search_term_string}"},"query-input":{"@type":"PropertyValueSpecification","valueRequired":true,"valueName":"search_term_string"}}],"inLanguage":"es"},{"@type":"Organization","@id":"https:\/\/www.nexoinformativo.mx\/#organization","name":"Nexo Informativo Santiago de Quer\u00e9taro","url":"https:\/\/www.nexoinformativo.mx\/","logo":{"@type":"ImageObject","inLanguage":"es","@id":"https:\/\/www.nexoinformativo.mx\/#\/schema\/logo\/image\/","url":"https:\/\/www.nexoinformativo.mx\/wp-content\/uploads\/2024\/07\/nexoi-trasparente-2.png","contentUrl":"https:\/\/www.nexoinformativo.mx\/wp-content\/uploads\/2024\/07\/nexoi-trasparente-2.png","width":816,"height":339,"caption":"Nexo Informativo Santiago de Quer\u00e9taro"},"image":{"@id":"https:\/\/www.nexoinformativo.mx\/#\/schema\/logo\/image\/"},"sameAs":["https:\/\/www.facebook.com\/people\/Nexo-Informativo\/61564066885511\/"]},{"@type":"Person","@id":"https:\/\/www.nexoinformativo.mx\/#\/schema\/person\/7749d380ba08c8ca00d7bc76fd907b7d","name":"Nexo Informativo","image":{"@type":"ImageObject","inLanguage":"es","@id":"https:\/\/www.nexoinformativo.mx\/#\/schema\/person\/image\/","url":"https:\/\/secure.gravatar.com\/avatar\/dde2928154642a13d95f87ddf1ea9718fe2b46760a005c53e41ff5ad610704e6?s=96&d=mm&r=g","contentUrl":"https:\/\/secure.gravatar.com\/avatar\/dde2928154642a13d95f87ddf1ea9718fe2b46760a005c53e41ff5ad610704e6?s=96&d=mm&r=g","caption":"Nexo Informativo"},"url":"https:\/\/www.nexoinformativo.mx\/index.php\/author\/edicion\/"}]}},"_links":{"self":[{"href":"https:\/\/www.nexoinformativo.mx\/index.php\/wp-json\/wp\/v2\/posts\/13181","targetHints":{"allow":["GET"]}}],"collection":[{"href":"https:\/\/www.nexoinformativo.mx\/index.php\/wp-json\/wp\/v2\/posts"}],"about":[{"href":"https:\/\/www.nexoinformativo.mx\/index.php\/wp-json\/wp\/v2\/types\/post"}],"author":[{"embeddable":true,"href":"https:\/\/www.nexoinformativo.mx\/index.php\/wp-json\/wp\/v2\/users\/3"}],"replies":[{"embeddable":true,"href":"https:\/\/www.nexoinformativo.mx\/index.php\/wp-json\/wp\/v2\/comments?post=13181"}],"version-history":[{"count":5,"href":"https:\/\/www.nexoinformativo.mx\/index.php\/wp-json\/wp\/v2\/posts\/13181\/revisions"}],"predecessor-version":[{"id":13187,"href":"https:\/\/www.nexoinformativo.mx\/index.php\/wp-json\/wp\/v2\/posts\/13181\/revisions\/13187"}],"wp:featuredmedia":[{"embeddable":true,"href":"https:\/\/www.nexoinformativo.mx\/index.php\/wp-json\/wp\/v2\/media\/13182"}],"wp:attachment":[{"href":"https:\/\/www.nexoinformativo.mx\/index.php\/wp-json\/wp\/v2\/media?parent=13181"}],"wp:term":[{"taxonomy":"category","embeddable":true,"href":"https:\/\/www.nexoinformativo.mx\/index.php\/wp-json\/wp\/v2\/categories?post=13181"},{"taxonomy":"post_tag","embeddable":true,"href":"https:\/\/www.nexoinformativo.mx\/index.php\/wp-json\/wp\/v2\/tags?post=13181"}],"curies":[{"name":"wp","href":"https:\/\/api.w.org\/{rel}","templated":true}]}}