{"id":13201,"date":"2025-03-23T11:00:50","date_gmt":"2025-03-23T17:00:50","guid":{"rendered":"https:\/\/www.nexoinformativo.mx\/?p=13201"},"modified":"2025-03-23T16:51:43","modified_gmt":"2025-03-23T22:51:43","slug":"la-onu-alerta-sobre-la-crisis-del-agua-y-su-impacto-para-una-agricultura-sostenible","status":"publish","type":"post","link":"https:\/\/www.nexoinformativo.mx\/index.php\/2025\/03\/23\/la-onu-alerta-sobre-la-crisis-del-agua-y-su-impacto-para-una-agricultura-sostenible\/","title":{"rendered":"La ONU alerta sobre la crisis del agua y su impacto para una agricultura sostenible"},"content":{"rendered":"<p style=\"text-align: justify;\" data-sourcepos=\"13:1-13:296\">En el marco del <strong>D\u00eda Mundial del Agua<\/strong>, celebrado cada 22 de marzo, la <strong>Organizaci\u00f3n de las Naciones Unidas<\/strong> (ONU) ha lanzado un llamado urgente a la acci\u00f3n para concientizar sobre la importancia vital del agua, especialmente en el contexto de la agricultura sostenible.<\/p>\n<\/p>\n<p>&nbsp;<\/p>\n<p style=\"text-align: justify;\" data-sourcepos=\"15:1-15:346\">La ONU advierte sobre el alarmante derretimiento de los glaciares, una consecuencia directa del cambio clim\u00e1tico, que est\u00e1 alterando el ciclo del agua y provocando desastres naturales como inundaciones y sequ\u00edas. &#8220;Salvar nuestros glaciares es una estrategia de supervivencia para el planeta y sus habitantes&#8221;, enfatiza el organismo internacional.<\/p>\n<\/p>\n<p>&nbsp;<\/p>\n<p style=\"text-align: justify;\" data-sourcepos=\"17:1-17:225\">El agua ha sido fundamental para el desarrollo de la humanidad, desde las antiguas civilizaciones hasta la agricultura moderna. Su disponibilidad y calidad son determinantes para el bienestar humano y el desarrollo econ\u00f3mico.<\/p>\n<\/p>\n<p>&nbsp;<\/p>\n<p style=\"text-align: justify;\" data-sourcepos=\"19:1-19:276\">En M\u00e9xico, el gobierno reconoce la importancia del agua y ha establecido el <strong>Plan Nacional H\u00eddrico<\/strong> (PNH) como eje rector de la pol\u00edtica h\u00eddrica nacional, en consonancia con el Plan Nacional de Desarrollo 2025-2030 y el Programa Sectorial de Medio Ambiente y Recursos Naturales.<\/p>\n<\/p>\n<p>&nbsp;<\/p>\n<p style=\"text-align: justify;\" data-sourcepos=\"21:1-21:213\">La ONU insta a las naciones a mitigar el cambio clim\u00e1tico, reducir las emisiones de gases de efecto invernadero y gestionar el agua de deshielo de manera sostenible para garantizar un futuro con seguridad h\u00eddrica.<\/p>\n<\/p>\n<p>&nbsp;<\/p>\n<p style=\"text-align: center;\" data-sourcepos=\"21:1-21:213\"><em><strong>\u00a1Informaci\u00f3n que transforma!<\/strong><\/em><\/p>\n","protected":false},"excerpt":{"rendered":"<p>En el marco del D\u00eda Mundial del Agua, celebrado cada 22 de marzo, la Organizaci\u00f3n de las Naciones Unidas (ONU) ha lanzado un llamado urgente a la acci\u00f3n para concientizar sobre la importancia vital del agua, especialmente en el contexto de la agricultura sostenible.<\/p>\n","protected":false},"author":3,"featured_media":13202,"comment_status":"open","ping_status":"open","sticky":false,"template":"","format":"standard","meta":{"footnotes":""},"categories":[88,58],"tags":[1026,2285,3857,3858],"class_list":["post-13201","post","type-post","status-publish","format-standard","has-post-thumbnail","hentry","category-nacional","category-ultima-hora","tag-agriculturasostenible","tag-cambioclimatico","tag-diamundialdelagua","tag-plannacionalhidrico"],"yoast_head":"<!-- This site is optimized with the Yoast SEO plugin v25.0 - https:\/\/yoast.com\/wordpress\/plugins\/seo\/ -->\n<title>La ONU alerta sobre la crisis del agua y su impacto para una agricultura sostenible | Nexo Informativo Santiago de Quer\u00e9taro<\/title>\n<meta name=\"description\" content=\"La ONU alerta sobre la crisis del agua y su impacto para una agricultura sostenible\" \/>\n<meta name=\"robots\" content=\"index, follow, max-snippet:-1, max-image-preview:large, max-video-preview:-1\" \/>\n<link rel=\"canonical\" href=\"https:\/\/www.nexoinformativo.mx\/index.php\/2025\/03\/23\/la-onu-alerta-sobre-la-crisis-del-agua-y-su-impacto-para-una-agricultura-sostenible\/\" \/>\n<meta property=\"og:locale\" content=\"es_MX\" \/>\n<meta property=\"og:type\" content=\"article\" \/>\n<meta property=\"og:title\" content=\"La ONU alerta sobre la crisis del agua y su impacto para una agricultura sostenible | Nexo Informativo Santiago de Quer\u00e9taro\" \/>\n<meta property=\"og:description\" content=\"La ONU alerta sobre la crisis del agua y su impacto para una agricultura sostenible\" \/>\n<meta property=\"og:url\" content=\"https:\/\/www.nexoinformativo.mx\/index.php\/2025\/03\/23\/la-onu-alerta-sobre-la-crisis-del-agua-y-su-impacto-para-una-agricultura-sostenible\/\" \/>\n<meta property=\"og:site_name\" content=\"Nexo Informativo Santiago de Quer\u00e9taro\" \/>\n<meta property=\"article:publisher\" content=\"https:\/\/www.facebook.com\/people\/Nexo-Informativo\/61564066885511\/\" \/>\n<meta property=\"article:published_time\" content=\"2025-03-23T17:00:50+00:00\" \/>\n<meta property=\"article:modified_time\" content=\"2025-03-23T22:51:43+00:00\" \/>\n<meta property=\"og:image\" content=\"https:\/\/www.nexoinformativo.mx\/wp-content\/uploads\/2025\/03\/IMG_1883-e1742770264317.jpg\" \/>\n\t<meta property=\"og:image:width\" content=\"800\" \/>\n\t<meta property=\"og:image:height\" content=\"533\" \/>\n\t<meta property=\"og:image:type\" content=\"image\/jpeg\" \/>\n<meta name=\"author\" content=\"Nexo Informativo\" \/>\n<meta name=\"twitter:card\" content=\"summary_large_image\" \/>\n<meta name=\"twitter:label1\" content=\"Escrito por\" \/>\n\t<meta name=\"twitter:data1\" content=\"Nexo Informativo\" \/>\n\t<meta name=\"twitter:label2\" content=\"Tiempo de lectura\" \/>\n\t<meta name=\"twitter:data2\" content=\"2 minutos\" \/>\n<script type=\"application\/ld+json\" class=\"yoast-schema-graph\">{\"@context\":\"https:\/\/schema.org\",\"@graph\":[{\"@type\":\"Article\",\"@id\":\"https:\/\/www.nexoinformativo.mx\/index.php\/2025\/03\/23\/la-onu-alerta-sobre-la-crisis-del-agua-y-su-impacto-para-una-agricultura-sostenible\/#article\",\"isPartOf\":{\"@id\":\"https:\/\/www.nexoinformativo.mx\/index.php\/2025\/03\/23\/la-onu-alerta-sobre-la-crisis-del-agua-y-su-impacto-para-una-agricultura-sostenible\/\"},\"author\":{\"name\":\"Nexo Informativo\",\"@id\":\"https:\/\/www.nexoinformativo.mx\/#\/schema\/person\/7749d380ba08c8ca00d7bc76fd907b7d\"},\"headline\":\"La ONU alerta sobre la crisis del agua y su impacto para una agricultura sostenible\",\"datePublished\":\"2025-03-23T17:00:50+00:00\",\"dateModified\":\"2025-03-23T22:51:43+00:00\",\"mainEntityOfPage\":{\"@id\":\"https:\/\/www.nexoinformativo.mx\/index.php\/2025\/03\/23\/la-onu-alerta-sobre-la-crisis-del-agua-y-su-impacto-para-una-agricultura-sostenible\/\"},\"wordCount\":240,\"commentCount\":0,\"publisher\":{\"@id\":\"https:\/\/www.nexoinformativo.mx\/#organization\"},\"image\":{\"@id\":\"https:\/\/www.nexoinformativo.mx\/index.php\/2025\/03\/23\/la-onu-alerta-sobre-la-crisis-del-agua-y-su-impacto-para-una-agricultura-sostenible\/#primaryimage\"},\"thumbnailUrl\":\"https:\/\/www.nexoinformativo.mx\/wp-content\/uploads\/2025\/03\/IMG_1883-e1742770264317.jpg\",\"keywords\":[\"AgriculturaSostenible\",\"CambioClim\u00e1tico\",\"D\u00edaMundialDelAgua\",\"PlanNacionalH\u00eddrico\"],\"articleSection\":[\"Nacional\",\"\u00daltima Hora\"],\"inLanguage\":\"es\",\"potentialAction\":[{\"@type\":\"CommentAction\",\"name\":\"Comment\",\"target\":[\"https:\/\/www.nexoinformativo.mx\/index.php\/2025\/03\/23\/la-onu-alerta-sobre-la-crisis-del-agua-y-su-impacto-para-una-agricultura-sostenible\/#respond\"]}]},{\"@type\":\"WebPage\",\"@id\":\"https:\/\/www.nexoinformativo.mx\/index.php\/2025\/03\/23\/la-onu-alerta-sobre-la-crisis-del-agua-y-su-impacto-para-una-agricultura-sostenible\/\",\"url\":\"https:\/\/www.nexoinformativo.mx\/index.php\/2025\/03\/23\/la-onu-alerta-sobre-la-crisis-del-agua-y-su-impacto-para-una-agricultura-sostenible\/\",\"name\":\"La ONU alerta sobre la crisis del agua y su impacto para una agricultura sostenible | Nexo Informativo Santiago de Quer\u00e9taro\",\"isPartOf\":{\"@id\":\"https:\/\/www.nexoinformativo.mx\/#website\"},\"primaryImageOfPage\":{\"@id\":\"https:\/\/www.nexoinformativo.mx\/index.php\/2025\/03\/23\/la-onu-alerta-sobre-la-crisis-del-agua-y-su-impacto-para-una-agricultura-sostenible\/#primaryimage\"},\"image\":{\"@id\":\"https:\/\/www.nexoinformativo.mx\/index.php\/2025\/03\/23\/la-onu-alerta-sobre-la-crisis-del-agua-y-su-impacto-para-una-agricultura-sostenible\/#primaryimage\"},\"thumbnailUrl\":\"https:\/\/www.nexoinformativo.mx\/wp-content\/uploads\/2025\/03\/IMG_1883-e1742770264317.jpg\",\"datePublished\":\"2025-03-23T17:00:50+00:00\",\"dateModified\":\"2025-03-23T22:51:43+00:00\",\"description\":\"La ONU alerta sobre la crisis del agua y su impacto para una agricultura sostenible\",\"breadcrumb\":{\"@id\":\"https:\/\/www.nexoinformativo.mx\/index.php\/2025\/03\/23\/la-onu-alerta-sobre-la-crisis-del-agua-y-su-impacto-para-una-agricultura-sostenible\/#breadcrumb\"},\"inLanguage\":\"es\",\"potentialAction\":[{\"@type\":\"ReadAction\",\"target\":[\"https:\/\/www.nexoinformativo.mx\/index.php\/2025\/03\/23\/la-onu-alerta-sobre-la-crisis-del-agua-y-su-impacto-para-una-agricultura-sostenible\/\"]}]},{\"@type\":\"ImageObject\",\"inLanguage\":\"es\",\"@id\":\"https:\/\/www.nexoinformativo.mx\/index.php\/2025\/03\/23\/la-onu-alerta-sobre-la-crisis-del-agua-y-su-impacto-para-una-agricultura-sostenible\/#primaryimage\",\"url\":\"https:\/\/www.nexoinformativo.mx\/wp-content\/uploads\/2025\/03\/IMG_1883-e1742770264317.jpg\",\"contentUrl\":\"https:\/\/www.nexoinformativo.mx\/wp-content\/uploads\/2025\/03\/IMG_1883-e1742770264317.jpg\",\"width\":800,\"height\":533},{\"@type\":\"BreadcrumbList\",\"@id\":\"https:\/\/www.nexoinformativo.mx\/index.php\/2025\/03\/23\/la-onu-alerta-sobre-la-crisis-del-agua-y-su-impacto-para-una-agricultura-sostenible\/#breadcrumb\",\"itemListElement\":[{\"@type\":\"ListItem\",\"position\":1,\"name\":\"Inicio\",\"item\":\"https:\/\/www.nexoinformativo.mx\/\"},{\"@type\":\"ListItem\",\"position\":2,\"name\":\"La ONU alerta sobre la crisis del agua y su impacto para una agricultura sostenible\"}]},{\"@type\":\"WebSite\",\"@id\":\"https:\/\/www.nexoinformativo.mx\/#website\",\"url\":\"https:\/\/www.nexoinformativo.mx\/\",\"name\":\"Nexo Informativo Santiago de Quer\u00e9taro\",\"description\":\"Explora NexoInformativo y convi\u00e9rtete en parte de una comunidad que valora el conocimiento y la verdad. Tu nexoinformativo es tu puente hacia una comprensi\u00f3n m\u00e1s profunda del mundo que te rodea.\",\"publisher\":{\"@id\":\"https:\/\/www.nexoinformativo.mx\/#organization\"},\"potentialAction\":[{\"@type\":\"SearchAction\",\"target\":{\"@type\":\"EntryPoint\",\"urlTemplate\":\"https:\/\/www.nexoinformativo.mx\/?s={search_term_string}\"},\"query-input\":{\"@type\":\"PropertyValueSpecification\",\"valueRequired\":true,\"valueName\":\"search_term_string\"}}],\"inLanguage\":\"es\"},{\"@type\":\"Organization\",\"@id\":\"https:\/\/www.nexoinformativo.mx\/#organization\",\"name\":\"Nexo Informativo Santiago de Quer\u00e9taro\",\"url\":\"https:\/\/www.nexoinformativo.mx\/\",\"logo\":{\"@type\":\"ImageObject\",\"inLanguage\":\"es\",\"@id\":\"https:\/\/www.nexoinformativo.mx\/#\/schema\/logo\/image\/\",\"url\":\"https:\/\/www.nexoinformativo.mx\/wp-content\/uploads\/2024\/07\/nexoi-trasparente-2.png\",\"contentUrl\":\"https:\/\/www.nexoinformativo.mx\/wp-content\/uploads\/2024\/07\/nexoi-trasparente-2.png\",\"width\":816,\"height\":339,\"caption\":\"Nexo Informativo Santiago de Quer\u00e9taro\"},\"image\":{\"@id\":\"https:\/\/www.nexoinformativo.mx\/#\/schema\/logo\/image\/\"},\"sameAs\":[\"https:\/\/www.facebook.com\/people\/Nexo-Informativo\/61564066885511\/\"]},{\"@type\":\"Person\",\"@id\":\"https:\/\/www.nexoinformativo.mx\/#\/schema\/person\/7749d380ba08c8ca00d7bc76fd907b7d\",\"name\":\"Nexo Informativo\",\"image\":{\"@type\":\"ImageObject\",\"inLanguage\":\"es\",\"@id\":\"https:\/\/www.nexoinformativo.mx\/#\/schema\/person\/image\/\",\"url\":\"https:\/\/secure.gravatar.com\/avatar\/dde2928154642a13d95f87ddf1ea9718fe2b46760a005c53e41ff5ad610704e6?s=96&d=mm&r=g\",\"contentUrl\":\"https:\/\/secure.gravatar.com\/avatar\/dde2928154642a13d95f87ddf1ea9718fe2b46760a005c53e41ff5ad610704e6?s=96&d=mm&r=g\",\"caption\":\"Nexo Informativo\"},\"url\":\"https:\/\/www.nexoinformativo.mx\/index.php\/author\/edicion\/\"}]}<\/script>\n<!-- \/ Yoast SEO plugin. -->","yoast_head_json":{"title":"La ONU alerta sobre la crisis del agua y su impacto para una agricultura sostenible | Nexo Informativo Santiago de Quer\u00e9taro","description":"La ONU alerta sobre la crisis del agua y su impacto para una agricultura sostenible","robots":{"index":"index","follow":"follow","max-snippet":"max-snippet:-1","max-image-preview":"max-image-preview:large","max-video-preview":"max-video-preview:-1"},"canonical":"https:\/\/www.nexoinformativo.mx\/index.php\/2025\/03\/23\/la-onu-alerta-sobre-la-crisis-del-agua-y-su-impacto-para-una-agricultura-sostenible\/","og_locale":"es_MX","og_type":"article","og_title":"La ONU alerta sobre la crisis del agua y su impacto para una agricultura sostenible | Nexo Informativo Santiago de Quer\u00e9taro","og_description":"La ONU alerta sobre la crisis del agua y su impacto para una agricultura sostenible","og_url":"https:\/\/www.nexoinformativo.mx\/index.php\/2025\/03\/23\/la-onu-alerta-sobre-la-crisis-del-agua-y-su-impacto-para-una-agricultura-sostenible\/","og_site_name":"Nexo Informativo Santiago de Quer\u00e9taro","article_publisher":"https:\/\/www.facebook.com\/people\/Nexo-Informativo\/61564066885511\/","article_published_time":"2025-03-23T17:00:50+00:00","article_modified_time":"2025-03-23T22:51:43+00:00","og_image":[{"width":800,"height":533,"url":"https:\/\/www.nexoinformativo.mx\/wp-content\/uploads\/2025\/03\/IMG_1883-e1742770264317.jpg","type":"image\/jpeg"}],"author":"Nexo Informativo","twitter_card":"summary_large_image","twitter_misc":{"Escrito por":"Nexo Informativo","Tiempo de lectura":"2 minutos"},"schema":{"@context":"https:\/\/schema.org","@graph":[{"@type":"Article","@id":"https:\/\/www.nexoinformativo.mx\/index.php\/2025\/03\/23\/la-onu-alerta-sobre-la-crisis-del-agua-y-su-impacto-para-una-agricultura-sostenible\/#article","isPartOf":{"@id":"https:\/\/www.nexoinformativo.mx\/index.php\/2025\/03\/23\/la-onu-alerta-sobre-la-crisis-del-agua-y-su-impacto-para-una-agricultura-sostenible\/"},"author":{"name":"Nexo Informativo","@id":"https:\/\/www.nexoinformativo.mx\/#\/schema\/person\/7749d380ba08c8ca00d7bc76fd907b7d"},"headline":"La ONU alerta sobre la crisis del agua y su impacto para una agricultura sostenible","datePublished":"2025-03-23T17:00:50+00:00","dateModified":"2025-03-23T22:51:43+00:00","mainEntityOfPage":{"@id":"https:\/\/www.nexoinformativo.mx\/index.php\/2025\/03\/23\/la-onu-alerta-sobre-la-crisis-del-agua-y-su-impacto-para-una-agricultura-sostenible\/"},"wordCount":240,"commentCount":0,"publisher":{"@id":"https:\/\/www.nexoinformativo.mx\/#organization"},"image":{"@id":"https:\/\/www.nexoinformativo.mx\/index.php\/2025\/03\/23\/la-onu-alerta-sobre-la-crisis-del-agua-y-su-impacto-para-una-agricultura-sostenible\/#primaryimage"},"thumbnailUrl":"https:\/\/www.nexoinformativo.mx\/wp-content\/uploads\/2025\/03\/IMG_1883-e1742770264317.jpg","keywords":["AgriculturaSostenible","CambioClim\u00e1tico","D\u00edaMundialDelAgua","PlanNacionalH\u00eddrico"],"articleSection":["Nacional","\u00daltima Hora"],"inLanguage":"es","potentialAction":[{"@type":"CommentAction","name":"Comment","target":["https:\/\/www.nexoinformativo.mx\/index.php\/2025\/03\/23\/la-onu-alerta-sobre-la-crisis-del-agua-y-su-impacto-para-una-agricultura-sostenible\/#respond"]}]},{"@type":"WebPage","@id":"https:\/\/www.nexoinformativo.mx\/index.php\/2025\/03\/23\/la-onu-alerta-sobre-la-crisis-del-agua-y-su-impacto-para-una-agricultura-sostenible\/","url":"https:\/\/www.nexoinformativo.mx\/index.php\/2025\/03\/23\/la-onu-alerta-sobre-la-crisis-del-agua-y-su-impacto-para-una-agricultura-sostenible\/","name":"La ONU alerta sobre la crisis del agua y su impacto para una agricultura sostenible | Nexo Informativo Santiago de Quer\u00e9taro","isPartOf":{"@id":"https:\/\/www.nexoinformativo.mx\/#website"},"primaryImageOfPage":{"@id":"https:\/\/www.nexoinformativo.mx\/index.php\/2025\/03\/23\/la-onu-alerta-sobre-la-crisis-del-agua-y-su-impacto-para-una-agricultura-sostenible\/#primaryimage"},"image":{"@id":"https:\/\/www.nexoinformativo.mx\/index.php\/2025\/03\/23\/la-onu-alerta-sobre-la-crisis-del-agua-y-su-impacto-para-una-agricultura-sostenible\/#primaryimage"},"thumbnailUrl":"https:\/\/www.nexoinformativo.mx\/wp-content\/uploads\/2025\/03\/IMG_1883-e1742770264317.jpg","datePublished":"2025-03-23T17:00:50+00:00","dateModified":"2025-03-23T22:51:43+00:00","description":"La ONU alerta sobre la crisis del agua y su impacto para una agricultura sostenible","breadcrumb":{"@id":"https:\/\/www.nexoinformativo.mx\/index.php\/2025\/03\/23\/la-onu-alerta-sobre-la-crisis-del-agua-y-su-impacto-para-una-agricultura-sostenible\/#breadcrumb"},"inLanguage":"es","potentialAction":[{"@type":"ReadAction","target":["https:\/\/www.nexoinformativo.mx\/index.php\/2025\/03\/23\/la-onu-alerta-sobre-la-crisis-del-agua-y-su-impacto-para-una-agricultura-sostenible\/"]}]},{"@type":"ImageObject","inLanguage":"es","@id":"https:\/\/www.nexoinformativo.mx\/index.php\/2025\/03\/23\/la-onu-alerta-sobre-la-crisis-del-agua-y-su-impacto-para-una-agricultura-sostenible\/#primaryimage","url":"https:\/\/www.nexoinformativo.mx\/wp-content\/uploads\/2025\/03\/IMG_1883-e1742770264317.jpg","contentUrl":"https:\/\/www.nexoinformativo.mx\/wp-content\/uploads\/2025\/03\/IMG_1883-e1742770264317.jpg","width":800,"height":533},{"@type":"BreadcrumbList","@id":"https:\/\/www.nexoinformativo.mx\/index.php\/2025\/03\/23\/la-onu-alerta-sobre-la-crisis-del-agua-y-su-impacto-para-una-agricultura-sostenible\/#breadcrumb","itemListElement":[{"@type":"ListItem","position":1,"name":"Inicio","item":"https:\/\/www.nexoinformativo.mx\/"},{"@type":"ListItem","position":2,"name":"La ONU alerta sobre la crisis del agua y su impacto para una agricultura sostenible"}]},{"@type":"WebSite","@id":"https:\/\/www.nexoinformativo.mx\/#website","url":"https:\/\/www.nexoinformativo.mx\/","name":"Nexo Informativo Santiago de Quer\u00e9taro","description":"Explora NexoInformativo y convi\u00e9rtete en parte de una comunidad que valora el conocimiento y la verdad. Tu nexoinformativo es tu puente hacia una comprensi\u00f3n m\u00e1s profunda del mundo que te rodea.","publisher":{"@id":"https:\/\/www.nexoinformativo.mx\/#organization"},"potentialAction":[{"@type":"SearchAction","target":{"@type":"EntryPoint","urlTemplate":"https:\/\/www.nexoinformativo.mx\/?s={search_term_string}"},"query-input":{"@type":"PropertyValueSpecification","valueRequired":true,"valueName":"search_term_string"}}],"inLanguage":"es"},{"@type":"Organization","@id":"https:\/\/www.nexoinformativo.mx\/#organization","name":"Nexo Informativo Santiago de Quer\u00e9taro","url":"https:\/\/www.nexoinformativo.mx\/","logo":{"@type":"ImageObject","inLanguage":"es","@id":"https:\/\/www.nexoinformativo.mx\/#\/schema\/logo\/image\/","url":"https:\/\/www.nexoinformativo.mx\/wp-content\/uploads\/2024\/07\/nexoi-trasparente-2.png","contentUrl":"https:\/\/www.nexoinformativo.mx\/wp-content\/uploads\/2024\/07\/nexoi-trasparente-2.png","width":816,"height":339,"caption":"Nexo Informativo Santiago de Quer\u00e9taro"},"image":{"@id":"https:\/\/www.nexoinformativo.mx\/#\/schema\/logo\/image\/"},"sameAs":["https:\/\/www.facebook.com\/people\/Nexo-Informativo\/61564066885511\/"]},{"@type":"Person","@id":"https:\/\/www.nexoinformativo.mx\/#\/schema\/person\/7749d380ba08c8ca00d7bc76fd907b7d","name":"Nexo Informativo","image":{"@type":"ImageObject","inLanguage":"es","@id":"https:\/\/www.nexoinformativo.mx\/#\/schema\/person\/image\/","url":"https:\/\/secure.gravatar.com\/avatar\/dde2928154642a13d95f87ddf1ea9718fe2b46760a005c53e41ff5ad610704e6?s=96&d=mm&r=g","contentUrl":"https:\/\/secure.gravatar.com\/avatar\/dde2928154642a13d95f87ddf1ea9718fe2b46760a005c53e41ff5ad610704e6?s=96&d=mm&r=g","caption":"Nexo Informativo"},"url":"https:\/\/www.nexoinformativo.mx\/index.php\/author\/edicion\/"}]}},"_links":{"self":[{"href":"https:\/\/www.nexoinformativo.mx\/index.php\/wp-json\/wp\/v2\/posts\/13201","targetHints":{"allow":["GET"]}}],"collection":[{"href":"https:\/\/www.nexoinformativo.mx\/index.php\/wp-json\/wp\/v2\/posts"}],"about":[{"href":"https:\/\/www.nexoinformativo.mx\/index.php\/wp-json\/wp\/v2\/types\/post"}],"author":[{"embeddable":true,"href":"https:\/\/www.nexoinformativo.mx\/index.php\/wp-json\/wp\/v2\/users\/3"}],"replies":[{"embeddable":true,"href":"https:\/\/www.nexoinformativo.mx\/index.php\/wp-json\/wp\/v2\/comments?post=13201"}],"version-history":[{"count":3,"href":"https:\/\/www.nexoinformativo.mx\/index.php\/wp-json\/wp\/v2\/posts\/13201\/revisions"}],"predecessor-version":[{"id":13205,"href":"https:\/\/www.nexoinformativo.mx\/index.php\/wp-json\/wp\/v2\/posts\/13201\/revisions\/13205"}],"wp:featuredmedia":[{"embeddable":true,"href":"https:\/\/www.nexoinformativo.mx\/index.php\/wp-json\/wp\/v2\/media\/13202"}],"wp:attachment":[{"href":"https:\/\/www.nexoinformativo.mx\/index.php\/wp-json\/wp\/v2\/media?parent=13201"}],"wp:term":[{"taxonomy":"category","embeddable":true,"href":"https:\/\/www.nexoinformativo.mx\/index.php\/wp-json\/wp\/v2\/categories?post=13201"},{"taxonomy":"post_tag","embeddable":true,"href":"https:\/\/www.nexoinformativo.mx\/index.php\/wp-json\/wp\/v2\/tags?post=13201"}],"curies":[{"name":"wp","href":"https:\/\/api.w.org\/{rel}","templated":true}]}}