{"id":13214,"date":"2025-03-23T12:00:11","date_gmt":"2025-03-23T18:00:11","guid":{"rendered":"https:\/\/www.nexoinformativo.mx\/?p=13214"},"modified":"2025-03-23T17:00:40","modified_gmt":"2025-03-23T23:00:40","slug":"mujeres-al-frente-por-la-paz-foro-impulsa-seguridad-y-economia-femenina","status":"publish","type":"post","link":"https:\/\/www.nexoinformativo.mx\/index.php\/2025\/03\/23\/mujeres-al-frente-por-la-paz-foro-impulsa-seguridad-y-economia-femenina\/","title":{"rendered":"Mujeres al Frente por la Paz foro impulsa seguridad y econom\u00eda femenina"},"content":{"rendered":"<p style=\"text-align: justify;\" data-sourcepos=\"13:1-13:316\">En un esfuerzo por fortalecer la seguridad y la econom\u00eda de las mujeres, representantes del gobierno federal, la academia, organizaciones civiles y diputadas federales se reunieron en el foro <strong>&#8220;Mujeres Constructoras de Paz: El Camino del Desarme&#8221;<\/strong>, celebrado en la Secretar\u00eda de Econom\u00eda.<\/p>\n<p>&nbsp;<\/p>\n<p style=\"text-align: justify;\" data-sourcepos=\"15:1-15:380\">Durante el evento, se destac\u00f3 la necesidad de redoblar esfuerzos con enfoque de g\u00e9nero para construir la paz, ya que la violencia afecta de manera desproporcionada a las mujeres. Se resalt\u00f3 la importancia de la Estrategia Redes de Mujeres Constructoras de Paz, impulsada por la Secretar\u00eda de las Mujeres, que busca establecer redes ciudadanas para prevenir la violencia de g\u00e9nero.<\/p>\n<p>&nbsp;<\/p>\n<p style=\"text-align: justify;\" data-sourcepos=\"17:1-17:306\">Expertos en desarme y derecho internacional se\u00f1alaron el impacto negativo de las armas il\u00edcitas en el desarrollo de las mujeres y sus econom\u00edas. Asimismo, se destac\u00f3 la demanda interpuesta por M\u00e9xico contra fabricantes de armas estadounidenses, que actualmente se encuentra en la Corte Suprema de ese pa\u00eds.<\/p>\n<p>&nbsp;<\/p>\n<p style=\"text-align: justify;\" data-sourcepos=\"19:1-19:220\">El foro sirvi\u00f3 como plataforma para el di\u00e1logo entre diversos sectores de la sociedad, con el objetivo de cuestionar los efectos negativos de las armas y promover la construcci\u00f3n de un futuro m\u00e1s seguro para las mujeres.<\/p>\n<p>&nbsp;<\/p>\n<p style=\"text-align: center;\" data-sourcepos=\"19:1-19:220\"><em><strong>\u00a1Informaci\u00f3n que transforma!<\/strong><\/em><\/p>\n","protected":false},"excerpt":{"rendered":"<p>En un esfuerzo por fortalecer la seguridad y la econom\u00eda de las mujeres, representantes del gobierno federal, la academia, organizaciones civiles y diputadas federales se reunieron en el foro &#8220;Mujeres Constructoras de Paz: El Camino del Desarme&#8221;, celebrado en la Secretar\u00eda de Econom\u00eda.<\/p>\n","protected":false},"author":3,"featured_media":13218,"comment_status":"open","ping_status":"open","sticky":false,"template":"","format":"standard","meta":{"footnotes":""},"categories":[88,58],"tags":[1328,3862,1780,3861],"class_list":["post-13214","post","type-post","status-publish","format-standard","has-post-thumbnail","hentry","category-nacional","category-ultima-hora","tag-desarme","tag-economiamujeres","tag-equidaddegenero","tag-mujeresdepaz"],"yoast_head":"<!-- This site is optimized with the Yoast SEO plugin v25.0 - https:\/\/yoast.com\/wordpress\/plugins\/seo\/ -->\n<title>Mujeres al Frente por la Paz foro impulsa seguridad y econom\u00eda femenina | Nexo Informativo Santiago de Quer\u00e9taro<\/title>\n<meta name=\"description\" content=\"Mujeres al Frente por la Paz foro impulsa seguridad y econom\u00eda femenina\" \/>\n<meta name=\"robots\" content=\"index, follow, max-snippet:-1, max-image-preview:large, max-video-preview:-1\" \/>\n<link rel=\"canonical\" href=\"https:\/\/www.nexoinformativo.mx\/index.php\/2025\/03\/23\/mujeres-al-frente-por-la-paz-foro-impulsa-seguridad-y-economia-femenina\/\" \/>\n<meta property=\"og:locale\" content=\"es_MX\" \/>\n<meta property=\"og:type\" content=\"article\" \/>\n<meta property=\"og:title\" content=\"Mujeres al Frente por la Paz foro impulsa seguridad y econom\u00eda femenina | Nexo Informativo Santiago de Quer\u00e9taro\" \/>\n<meta property=\"og:description\" content=\"Mujeres al Frente por la Paz foro impulsa seguridad y econom\u00eda femenina\" \/>\n<meta property=\"og:url\" content=\"https:\/\/www.nexoinformativo.mx\/index.php\/2025\/03\/23\/mujeres-al-frente-por-la-paz-foro-impulsa-seguridad-y-economia-femenina\/\" \/>\n<meta property=\"og:site_name\" content=\"Nexo Informativo Santiago de Quer\u00e9taro\" \/>\n<meta property=\"article:publisher\" content=\"https:\/\/www.facebook.com\/people\/Nexo-Informativo\/61564066885511\/\" \/>\n<meta property=\"article:published_time\" content=\"2025-03-23T18:00:11+00:00\" \/>\n<meta property=\"article:modified_time\" content=\"2025-03-23T23:00:40+00:00\" \/>\n<meta property=\"og:image\" content=\"https:\/\/www.nexoinformativo.mx\/wp-content\/uploads\/2025\/03\/IMG_1886.jpg\" \/>\n\t<meta property=\"og:image:width\" content=\"650\" \/>\n\t<meta property=\"og:image:height\" content=\"380\" \/>\n\t<meta property=\"og:image:type\" content=\"image\/jpeg\" \/>\n<meta name=\"author\" content=\"Nexo Informativo\" \/>\n<meta name=\"twitter:card\" content=\"summary_large_image\" \/>\n<meta name=\"twitter:label1\" content=\"Escrito por\" \/>\n\t<meta name=\"twitter:data1\" content=\"Nexo Informativo\" \/>\n\t<meta name=\"twitter:label2\" content=\"Tiempo de lectura\" \/>\n\t<meta name=\"twitter:data2\" content=\"2 minutos\" \/>\n<script type=\"application\/ld+json\" class=\"yoast-schema-graph\">{\"@context\":\"https:\/\/schema.org\",\"@graph\":[{\"@type\":\"Article\",\"@id\":\"https:\/\/www.nexoinformativo.mx\/index.php\/2025\/03\/23\/mujeres-al-frente-por-la-paz-foro-impulsa-seguridad-y-economia-femenina\/#article\",\"isPartOf\":{\"@id\":\"https:\/\/www.nexoinformativo.mx\/index.php\/2025\/03\/23\/mujeres-al-frente-por-la-paz-foro-impulsa-seguridad-y-economia-femenina\/\"},\"author\":{\"name\":\"Nexo Informativo\",\"@id\":\"https:\/\/www.nexoinformativo.mx\/#\/schema\/person\/7749d380ba08c8ca00d7bc76fd907b7d\"},\"headline\":\"Mujeres al Frente por la Paz foro impulsa seguridad y econom\u00eda femenina\",\"datePublished\":\"2025-03-23T18:00:11+00:00\",\"dateModified\":\"2025-03-23T23:00:40+00:00\",\"mainEntityOfPage\":{\"@id\":\"https:\/\/www.nexoinformativo.mx\/index.php\/2025\/03\/23\/mujeres-al-frente-por-la-paz-foro-impulsa-seguridad-y-economia-femenina\/\"},\"wordCount\":222,\"commentCount\":0,\"publisher\":{\"@id\":\"https:\/\/www.nexoinformativo.mx\/#organization\"},\"image\":{\"@id\":\"https:\/\/www.nexoinformativo.mx\/index.php\/2025\/03\/23\/mujeres-al-frente-por-la-paz-foro-impulsa-seguridad-y-economia-femenina\/#primaryimage\"},\"thumbnailUrl\":\"https:\/\/www.nexoinformativo.mx\/wp-content\/uploads\/2025\/03\/IMG_1886.jpg\",\"keywords\":[\"Desarme\",\"Econom\u00edaMujeres\",\"EquidadDeG\u00e9nero\",\"MujeresDePaz\"],\"articleSection\":[\"Nacional\",\"\u00daltima Hora\"],\"inLanguage\":\"es\",\"potentialAction\":[{\"@type\":\"CommentAction\",\"name\":\"Comment\",\"target\":[\"https:\/\/www.nexoinformativo.mx\/index.php\/2025\/03\/23\/mujeres-al-frente-por-la-paz-foro-impulsa-seguridad-y-economia-femenina\/#respond\"]}]},{\"@type\":\"WebPage\",\"@id\":\"https:\/\/www.nexoinformativo.mx\/index.php\/2025\/03\/23\/mujeres-al-frente-por-la-paz-foro-impulsa-seguridad-y-economia-femenina\/\",\"url\":\"https:\/\/www.nexoinformativo.mx\/index.php\/2025\/03\/23\/mujeres-al-frente-por-la-paz-foro-impulsa-seguridad-y-economia-femenina\/\",\"name\":\"Mujeres al Frente por la Paz foro impulsa seguridad y econom\u00eda femenina | Nexo Informativo Santiago de Quer\u00e9taro\",\"isPartOf\":{\"@id\":\"https:\/\/www.nexoinformativo.mx\/#website\"},\"primaryImageOfPage\":{\"@id\":\"https:\/\/www.nexoinformativo.mx\/index.php\/2025\/03\/23\/mujeres-al-frente-por-la-paz-foro-impulsa-seguridad-y-economia-femenina\/#primaryimage\"},\"image\":{\"@id\":\"https:\/\/www.nexoinformativo.mx\/index.php\/2025\/03\/23\/mujeres-al-frente-por-la-paz-foro-impulsa-seguridad-y-economia-femenina\/#primaryimage\"},\"thumbnailUrl\":\"https:\/\/www.nexoinformativo.mx\/wp-content\/uploads\/2025\/03\/IMG_1886.jpg\",\"datePublished\":\"2025-03-23T18:00:11+00:00\",\"dateModified\":\"2025-03-23T23:00:40+00:00\",\"description\":\"Mujeres al Frente por la Paz foro impulsa seguridad y econom\u00eda femenina\",\"breadcrumb\":{\"@id\":\"https:\/\/www.nexoinformativo.mx\/index.php\/2025\/03\/23\/mujeres-al-frente-por-la-paz-foro-impulsa-seguridad-y-economia-femenina\/#breadcrumb\"},\"inLanguage\":\"es\",\"potentialAction\":[{\"@type\":\"ReadAction\",\"target\":[\"https:\/\/www.nexoinformativo.mx\/index.php\/2025\/03\/23\/mujeres-al-frente-por-la-paz-foro-impulsa-seguridad-y-economia-femenina\/\"]}]},{\"@type\":\"ImageObject\",\"inLanguage\":\"es\",\"@id\":\"https:\/\/www.nexoinformativo.mx\/index.php\/2025\/03\/23\/mujeres-al-frente-por-la-paz-foro-impulsa-seguridad-y-economia-femenina\/#primaryimage\",\"url\":\"https:\/\/www.nexoinformativo.mx\/wp-content\/uploads\/2025\/03\/IMG_1886.jpg\",\"contentUrl\":\"https:\/\/www.nexoinformativo.mx\/wp-content\/uploads\/2025\/03\/IMG_1886.jpg\",\"width\":650,\"height\":380},{\"@type\":\"BreadcrumbList\",\"@id\":\"https:\/\/www.nexoinformativo.mx\/index.php\/2025\/03\/23\/mujeres-al-frente-por-la-paz-foro-impulsa-seguridad-y-economia-femenina\/#breadcrumb\",\"itemListElement\":[{\"@type\":\"ListItem\",\"position\":1,\"name\":\"Inicio\",\"item\":\"https:\/\/www.nexoinformativo.mx\/\"},{\"@type\":\"ListItem\",\"position\":2,\"name\":\"Mujeres al Frente por la Paz foro impulsa seguridad y econom\u00eda femenina\"}]},{\"@type\":\"WebSite\",\"@id\":\"https:\/\/www.nexoinformativo.mx\/#website\",\"url\":\"https:\/\/www.nexoinformativo.mx\/\",\"name\":\"Nexo Informativo Santiago de Quer\u00e9taro\",\"description\":\"Explora NexoInformativo y convi\u00e9rtete en parte de una comunidad que valora el conocimiento y la verdad. Tu nexoinformativo es tu puente hacia una comprensi\u00f3n m\u00e1s profunda del mundo que te rodea.\",\"publisher\":{\"@id\":\"https:\/\/www.nexoinformativo.mx\/#organization\"},\"potentialAction\":[{\"@type\":\"SearchAction\",\"target\":{\"@type\":\"EntryPoint\",\"urlTemplate\":\"https:\/\/www.nexoinformativo.mx\/?s={search_term_string}\"},\"query-input\":{\"@type\":\"PropertyValueSpecification\",\"valueRequired\":true,\"valueName\":\"search_term_string\"}}],\"inLanguage\":\"es\"},{\"@type\":\"Organization\",\"@id\":\"https:\/\/www.nexoinformativo.mx\/#organization\",\"name\":\"Nexo Informativo Santiago de Quer\u00e9taro\",\"url\":\"https:\/\/www.nexoinformativo.mx\/\",\"logo\":{\"@type\":\"ImageObject\",\"inLanguage\":\"es\",\"@id\":\"https:\/\/www.nexoinformativo.mx\/#\/schema\/logo\/image\/\",\"url\":\"https:\/\/www.nexoinformativo.mx\/wp-content\/uploads\/2024\/07\/nexoi-trasparente-2.png\",\"contentUrl\":\"https:\/\/www.nexoinformativo.mx\/wp-content\/uploads\/2024\/07\/nexoi-trasparente-2.png\",\"width\":816,\"height\":339,\"caption\":\"Nexo Informativo Santiago de Quer\u00e9taro\"},\"image\":{\"@id\":\"https:\/\/www.nexoinformativo.mx\/#\/schema\/logo\/image\/\"},\"sameAs\":[\"https:\/\/www.facebook.com\/people\/Nexo-Informativo\/61564066885511\/\"]},{\"@type\":\"Person\",\"@id\":\"https:\/\/www.nexoinformativo.mx\/#\/schema\/person\/7749d380ba08c8ca00d7bc76fd907b7d\",\"name\":\"Nexo Informativo\",\"image\":{\"@type\":\"ImageObject\",\"inLanguage\":\"es\",\"@id\":\"https:\/\/www.nexoinformativo.mx\/#\/schema\/person\/image\/\",\"url\":\"https:\/\/secure.gravatar.com\/avatar\/dde2928154642a13d95f87ddf1ea9718fe2b46760a005c53e41ff5ad610704e6?s=96&d=mm&r=g\",\"contentUrl\":\"https:\/\/secure.gravatar.com\/avatar\/dde2928154642a13d95f87ddf1ea9718fe2b46760a005c53e41ff5ad610704e6?s=96&d=mm&r=g\",\"caption\":\"Nexo Informativo\"},\"url\":\"https:\/\/www.nexoinformativo.mx\/index.php\/author\/edicion\/\"}]}<\/script>\n<!-- \/ Yoast SEO plugin. -->","yoast_head_json":{"title":"Mujeres al Frente por la Paz foro impulsa seguridad y econom\u00eda femenina | Nexo Informativo Santiago de Quer\u00e9taro","description":"Mujeres al Frente por la Paz foro impulsa seguridad y econom\u00eda femenina","robots":{"index":"index","follow":"follow","max-snippet":"max-snippet:-1","max-image-preview":"max-image-preview:large","max-video-preview":"max-video-preview:-1"},"canonical":"https:\/\/www.nexoinformativo.mx\/index.php\/2025\/03\/23\/mujeres-al-frente-por-la-paz-foro-impulsa-seguridad-y-economia-femenina\/","og_locale":"es_MX","og_type":"article","og_title":"Mujeres al Frente por la Paz foro impulsa seguridad y econom\u00eda femenina | Nexo Informativo Santiago de Quer\u00e9taro","og_description":"Mujeres al Frente por la Paz foro impulsa seguridad y econom\u00eda femenina","og_url":"https:\/\/www.nexoinformativo.mx\/index.php\/2025\/03\/23\/mujeres-al-frente-por-la-paz-foro-impulsa-seguridad-y-economia-femenina\/","og_site_name":"Nexo Informativo Santiago de Quer\u00e9taro","article_publisher":"https:\/\/www.facebook.com\/people\/Nexo-Informativo\/61564066885511\/","article_published_time":"2025-03-23T18:00:11+00:00","article_modified_time":"2025-03-23T23:00:40+00:00","og_image":[{"width":650,"height":380,"url":"https:\/\/www.nexoinformativo.mx\/wp-content\/uploads\/2025\/03\/IMG_1886.jpg","type":"image\/jpeg"}],"author":"Nexo Informativo","twitter_card":"summary_large_image","twitter_misc":{"Escrito por":"Nexo Informativo","Tiempo de lectura":"2 minutos"},"schema":{"@context":"https:\/\/schema.org","@graph":[{"@type":"Article","@id":"https:\/\/www.nexoinformativo.mx\/index.php\/2025\/03\/23\/mujeres-al-frente-por-la-paz-foro-impulsa-seguridad-y-economia-femenina\/#article","isPartOf":{"@id":"https:\/\/www.nexoinformativo.mx\/index.php\/2025\/03\/23\/mujeres-al-frente-por-la-paz-foro-impulsa-seguridad-y-economia-femenina\/"},"author":{"name":"Nexo Informativo","@id":"https:\/\/www.nexoinformativo.mx\/#\/schema\/person\/7749d380ba08c8ca00d7bc76fd907b7d"},"headline":"Mujeres al Frente por la Paz foro impulsa seguridad y econom\u00eda femenina","datePublished":"2025-03-23T18:00:11+00:00","dateModified":"2025-03-23T23:00:40+00:00","mainEntityOfPage":{"@id":"https:\/\/www.nexoinformativo.mx\/index.php\/2025\/03\/23\/mujeres-al-frente-por-la-paz-foro-impulsa-seguridad-y-economia-femenina\/"},"wordCount":222,"commentCount":0,"publisher":{"@id":"https:\/\/www.nexoinformativo.mx\/#organization"},"image":{"@id":"https:\/\/www.nexoinformativo.mx\/index.php\/2025\/03\/23\/mujeres-al-frente-por-la-paz-foro-impulsa-seguridad-y-economia-femenina\/#primaryimage"},"thumbnailUrl":"https:\/\/www.nexoinformativo.mx\/wp-content\/uploads\/2025\/03\/IMG_1886.jpg","keywords":["Desarme","Econom\u00edaMujeres","EquidadDeG\u00e9nero","MujeresDePaz"],"articleSection":["Nacional","\u00daltima Hora"],"inLanguage":"es","potentialAction":[{"@type":"CommentAction","name":"Comment","target":["https:\/\/www.nexoinformativo.mx\/index.php\/2025\/03\/23\/mujeres-al-frente-por-la-paz-foro-impulsa-seguridad-y-economia-femenina\/#respond"]}]},{"@type":"WebPage","@id":"https:\/\/www.nexoinformativo.mx\/index.php\/2025\/03\/23\/mujeres-al-frente-por-la-paz-foro-impulsa-seguridad-y-economia-femenina\/","url":"https:\/\/www.nexoinformativo.mx\/index.php\/2025\/03\/23\/mujeres-al-frente-por-la-paz-foro-impulsa-seguridad-y-economia-femenina\/","name":"Mujeres al Frente por la Paz foro impulsa seguridad y econom\u00eda femenina | Nexo Informativo Santiago de Quer\u00e9taro","isPartOf":{"@id":"https:\/\/www.nexoinformativo.mx\/#website"},"primaryImageOfPage":{"@id":"https:\/\/www.nexoinformativo.mx\/index.php\/2025\/03\/23\/mujeres-al-frente-por-la-paz-foro-impulsa-seguridad-y-economia-femenina\/#primaryimage"},"image":{"@id":"https:\/\/www.nexoinformativo.mx\/index.php\/2025\/03\/23\/mujeres-al-frente-por-la-paz-foro-impulsa-seguridad-y-economia-femenina\/#primaryimage"},"thumbnailUrl":"https:\/\/www.nexoinformativo.mx\/wp-content\/uploads\/2025\/03\/IMG_1886.jpg","datePublished":"2025-03-23T18:00:11+00:00","dateModified":"2025-03-23T23:00:40+00:00","description":"Mujeres al Frente por la Paz foro impulsa seguridad y econom\u00eda femenina","breadcrumb":{"@id":"https:\/\/www.nexoinformativo.mx\/index.php\/2025\/03\/23\/mujeres-al-frente-por-la-paz-foro-impulsa-seguridad-y-economia-femenina\/#breadcrumb"},"inLanguage":"es","potentialAction":[{"@type":"ReadAction","target":["https:\/\/www.nexoinformativo.mx\/index.php\/2025\/03\/23\/mujeres-al-frente-por-la-paz-foro-impulsa-seguridad-y-economia-femenina\/"]}]},{"@type":"ImageObject","inLanguage":"es","@id":"https:\/\/www.nexoinformativo.mx\/index.php\/2025\/03\/23\/mujeres-al-frente-por-la-paz-foro-impulsa-seguridad-y-economia-femenina\/#primaryimage","url":"https:\/\/www.nexoinformativo.mx\/wp-content\/uploads\/2025\/03\/IMG_1886.jpg","contentUrl":"https:\/\/www.nexoinformativo.mx\/wp-content\/uploads\/2025\/03\/IMG_1886.jpg","width":650,"height":380},{"@type":"BreadcrumbList","@id":"https:\/\/www.nexoinformativo.mx\/index.php\/2025\/03\/23\/mujeres-al-frente-por-la-paz-foro-impulsa-seguridad-y-economia-femenina\/#breadcrumb","itemListElement":[{"@type":"ListItem","position":1,"name":"Inicio","item":"https:\/\/www.nexoinformativo.mx\/"},{"@type":"ListItem","position":2,"name":"Mujeres al Frente por la Paz foro impulsa seguridad y econom\u00eda femenina"}]},{"@type":"WebSite","@id":"https:\/\/www.nexoinformativo.mx\/#website","url":"https:\/\/www.nexoinformativo.mx\/","name":"Nexo Informativo Santiago de Quer\u00e9taro","description":"Explora NexoInformativo y convi\u00e9rtete en parte de una comunidad que valora el conocimiento y la verdad. Tu nexoinformativo es tu puente hacia una comprensi\u00f3n m\u00e1s profunda del mundo que te rodea.","publisher":{"@id":"https:\/\/www.nexoinformativo.mx\/#organization"},"potentialAction":[{"@type":"SearchAction","target":{"@type":"EntryPoint","urlTemplate":"https:\/\/www.nexoinformativo.mx\/?s={search_term_string}"},"query-input":{"@type":"PropertyValueSpecification","valueRequired":true,"valueName":"search_term_string"}}],"inLanguage":"es"},{"@type":"Organization","@id":"https:\/\/www.nexoinformativo.mx\/#organization","name":"Nexo Informativo Santiago de Quer\u00e9taro","url":"https:\/\/www.nexoinformativo.mx\/","logo":{"@type":"ImageObject","inLanguage":"es","@id":"https:\/\/www.nexoinformativo.mx\/#\/schema\/logo\/image\/","url":"https:\/\/www.nexoinformativo.mx\/wp-content\/uploads\/2024\/07\/nexoi-trasparente-2.png","contentUrl":"https:\/\/www.nexoinformativo.mx\/wp-content\/uploads\/2024\/07\/nexoi-trasparente-2.png","width":816,"height":339,"caption":"Nexo Informativo Santiago de Quer\u00e9taro"},"image":{"@id":"https:\/\/www.nexoinformativo.mx\/#\/schema\/logo\/image\/"},"sameAs":["https:\/\/www.facebook.com\/people\/Nexo-Informativo\/61564066885511\/"]},{"@type":"Person","@id":"https:\/\/www.nexoinformativo.mx\/#\/schema\/person\/7749d380ba08c8ca00d7bc76fd907b7d","name":"Nexo Informativo","image":{"@type":"ImageObject","inLanguage":"es","@id":"https:\/\/www.nexoinformativo.mx\/#\/schema\/person\/image\/","url":"https:\/\/secure.gravatar.com\/avatar\/dde2928154642a13d95f87ddf1ea9718fe2b46760a005c53e41ff5ad610704e6?s=96&d=mm&r=g","contentUrl":"https:\/\/secure.gravatar.com\/avatar\/dde2928154642a13d95f87ddf1ea9718fe2b46760a005c53e41ff5ad610704e6?s=96&d=mm&r=g","caption":"Nexo Informativo"},"url":"https:\/\/www.nexoinformativo.mx\/index.php\/author\/edicion\/"}]}},"_links":{"self":[{"href":"https:\/\/www.nexoinformativo.mx\/index.php\/wp-json\/wp\/v2\/posts\/13214","targetHints":{"allow":["GET"]}}],"collection":[{"href":"https:\/\/www.nexoinformativo.mx\/index.php\/wp-json\/wp\/v2\/posts"}],"about":[{"href":"https:\/\/www.nexoinformativo.mx\/index.php\/wp-json\/wp\/v2\/types\/post"}],"author":[{"embeddable":true,"href":"https:\/\/www.nexoinformativo.mx\/index.php\/wp-json\/wp\/v2\/users\/3"}],"replies":[{"embeddable":true,"href":"https:\/\/www.nexoinformativo.mx\/index.php\/wp-json\/wp\/v2\/comments?post=13214"}],"version-history":[{"count":4,"href":"https:\/\/www.nexoinformativo.mx\/index.php\/wp-json\/wp\/v2\/posts\/13214\/revisions"}],"predecessor-version":[{"id":13219,"href":"https:\/\/www.nexoinformativo.mx\/index.php\/wp-json\/wp\/v2\/posts\/13214\/revisions\/13219"}],"wp:featuredmedia":[{"embeddable":true,"href":"https:\/\/www.nexoinformativo.mx\/index.php\/wp-json\/wp\/v2\/media\/13218"}],"wp:attachment":[{"href":"https:\/\/www.nexoinformativo.mx\/index.php\/wp-json\/wp\/v2\/media?parent=13214"}],"wp:term":[{"taxonomy":"category","embeddable":true,"href":"https:\/\/www.nexoinformativo.mx\/index.php\/wp-json\/wp\/v2\/categories?post=13214"},{"taxonomy":"post_tag","embeddable":true,"href":"https:\/\/www.nexoinformativo.mx\/index.php\/wp-json\/wp\/v2\/tags?post=13214"}],"curies":[{"name":"wp","href":"https:\/\/api.w.org\/{rel}","templated":true}]}}