{"id":1323,"date":"2024-08-30T11:00:14","date_gmt":"2024-08-30T17:00:14","guid":{"rendered":"https:\/\/www.nexoinformativo.mx\/?p=1323"},"modified":"2024-10-07T12:56:09","modified_gmt":"2024-10-07T18:56:09","slug":"amiqro-fortalece-ecmpleo-e-internacionalizacion-con-apoyo-del-gobierno-de-queretaro","status":"publish","type":"post","link":"https:\/\/www.nexoinformativo.mx\/index.php\/2024\/08\/30\/amiqro-fortalece-ecmpleo-e-internacionalizacion-con-apoyo-del-gobierno-de-queretaro\/","title":{"rendered":"AMIQRO Fortalece ecmpleo e internacionalizaci\u00f3n con apoyo del Gobierno de Quer\u00e9taro"},"content":{"rendered":"<p style=\"text-align: justify;\">La Asociaci\u00f3n de Mipymes Industriales de Quer\u00e9taro (AMIQRO) celebr\u00f3 su reuni\u00f3n &#8220;Conexi\u00f3n Industrial&#8221; en colaboraci\u00f3n con la Secretar\u00eda del Trabajo del Gobierno del Estado, con el objetivo de generar nuevos empleos y garantizar el cumplimiento de normativas laborales. Cuauht\u00e9moc Acevedo Toledo, presidente de AMIQRO, destac\u00f3 la cooperaci\u00f3n con universidades locales para desarrollar talento capacitado y la colaboraci\u00f3n con la Secretar\u00eda del Trabajo para facilitar la vinculaci\u00f3n de vacantes con bolsas de trabajo.<\/p>\n<p>&nbsp;<\/p>\n<p style=\"text-align: justify;\">Durante el evento, se resalt\u00f3 la internacionalizaci\u00f3n de AMIQRO, que cuenta con una oficina en Alemania bajo la direcci\u00f3n de Alex Lobo. Esta oficina impulsa proyectos de negocios entre empresas queretanas y alemanas, fortaleciendo la presencia internacional de la asociaci\u00f3n.<\/p>\n<p>&nbsp;<\/p>\n<p style=\"text-align: justify;\">Por su parte, Liliana San Mart\u00edn Castillo, Secretaria del Trabajo del Estado, inform\u00f3 sobre la creaci\u00f3n del Centro Estatal de Empleabilidad, dise\u00f1ado para fomentar la generaci\u00f3n de empleos a trav\u00e9s de diversos programas. Adem\u00e1s, subray\u00f3 el apoyo continuo de la Secretar\u00eda para que las empresas cumplan con las normativas laborales, ofreciendo asesor\u00eda y acompa\u00f1amiento.<\/p>\n<p>&nbsp;<\/p>\n<p style=\"text-align: justify;\">En la reuni\u00f3n, se presentaron los programas de la Secretar\u00eda del Trabajo a cargo de Erick Iv\u00e1n Lugo Contreras, Mar\u00eda del Pilar Mart\u00ednez Gonz\u00e1lez y Luc\u00eda Meza Arana, destacando las oportunidades disponibles para las organizaciones en Quer\u00e9taro.<\/p>\n<p>&nbsp;<\/p>\n<p><img loading=\"lazy\" decoding=\"async\" class=\"alignnone size-full wp-image-1335\" src=\"https:\/\/www.nexoinformativo.mx\/wp-content\/uploads\/2024\/08\/unnamed-6-e1725135017963.jpg\" alt=\"\" width=\"800\" height=\"533\" \/><\/p>\n","protected":false},"excerpt":{"rendered":"<p>La Asociaci\u00f3n de Mipymes Industriales de Quer\u00e9taro (AMIQRO) celebr\u00f3 su reuni\u00f3n &#8220;Conexi\u00f3n Industrial&#8221; en colaboraci\u00f3n con la Secretar\u00eda del Trabajo del Gobierno del Estado, con el objetivo de generar nuevos empleos y garantizar el cumplimiento de normativas laborales. Cuauht\u00e9moc Acevedo Toledo, presidente de AMIQRO, destac\u00f3 la cooperaci\u00f3n con universidades locales para desarrollar talento capacitado y [&hellip;]<\/p>\n","protected":false},"author":3,"featured_media":1334,"comment_status":"open","ping_status":"open","sticky":false,"template":"","format":"standard","meta":{"footnotes":""},"categories":[5,42],"tags":[375,374,376,378,377],"class_list":["post-1323","post","type-post","status-publish","format-standard","has-post-thumbnail","hentry","category-economia","category-estado","tag-amiqro","tag-empleoqueretaro","tag-internacionalizacion","tag-queretaroindustria","tag-trabajodigno"],"yoast_head":"<!-- This site is optimized with the Yoast SEO plugin v25.0 - https:\/\/yoast.com\/wordpress\/plugins\/seo\/ -->\n<title>AMIQRO Fortalece ecmpleo e internacionalizaci\u00f3n con apoyo del Gobierno de Quer\u00e9taro | Nexo Informativo Santiago de Quer\u00e9taro<\/title>\n<meta name=\"robots\" content=\"index, follow, max-snippet:-1, max-image-preview:large, max-video-preview:-1\" \/>\n<link rel=\"canonical\" href=\"https:\/\/www.nexoinformativo.mx\/index.php\/2024\/08\/30\/amiqro-fortalece-ecmpleo-e-internacionalizacion-con-apoyo-del-gobierno-de-queretaro\/\" \/>\n<meta property=\"og:locale\" content=\"es_MX\" \/>\n<meta property=\"og:type\" content=\"article\" \/>\n<meta property=\"og:title\" content=\"AMIQRO Fortalece ecmpleo e internacionalizaci\u00f3n con apoyo del Gobierno de Quer\u00e9taro | Nexo Informativo Santiago de Quer\u00e9taro\" \/>\n<meta property=\"og:description\" content=\"La Asociaci\u00f3n de Mipymes Industriales de Quer\u00e9taro (AMIQRO) celebr\u00f3 su reuni\u00f3n &#8220;Conexi\u00f3n Industrial&#8221; en colaboraci\u00f3n con la Secretar\u00eda del Trabajo del Gobierno del Estado, con el objetivo de generar nuevos empleos y garantizar el cumplimiento de normativas laborales. Cuauht\u00e9moc Acevedo Toledo, presidente de AMIQRO, destac\u00f3 la cooperaci\u00f3n con universidades locales para desarrollar talento capacitado y [&hellip;]\" \/>\n<meta property=\"og:url\" content=\"https:\/\/www.nexoinformativo.mx\/index.php\/2024\/08\/30\/amiqro-fortalece-ecmpleo-e-internacionalizacion-con-apoyo-del-gobierno-de-queretaro\/\" \/>\n<meta property=\"og:site_name\" content=\"Nexo Informativo Santiago de Quer\u00e9taro\" \/>\n<meta property=\"article:publisher\" content=\"https:\/\/www.facebook.com\/people\/Nexo-Informativo\/61564066885511\/\" \/>\n<meta property=\"article:published_time\" content=\"2024-08-30T17:00:14+00:00\" \/>\n<meta property=\"article:modified_time\" content=\"2024-10-07T18:56:09+00:00\" \/>\n<meta property=\"og:image\" content=\"https:\/\/www.nexoinformativo.mx\/wp-content\/uploads\/2024\/08\/unnamed-7-e1725135032597.jpg\" \/>\n\t<meta property=\"og:image:width\" content=\"800\" \/>\n\t<meta property=\"og:image:height\" content=\"563\" \/>\n\t<meta property=\"og:image:type\" content=\"image\/jpeg\" \/>\n<meta name=\"author\" content=\"Nexo Informativo\" \/>\n<meta name=\"twitter:card\" content=\"summary_large_image\" \/>\n<meta name=\"twitter:label1\" content=\"Escrito por\" \/>\n\t<meta name=\"twitter:data1\" content=\"Nexo Informativo\" \/>\n\t<meta name=\"twitter:label2\" content=\"Tiempo de lectura\" \/>\n\t<meta name=\"twitter:data2\" content=\"2 minutos\" \/>\n<script type=\"application\/ld+json\" class=\"yoast-schema-graph\">{\"@context\":\"https:\/\/schema.org\",\"@graph\":[{\"@type\":\"Article\",\"@id\":\"https:\/\/www.nexoinformativo.mx\/index.php\/2024\/08\/30\/amiqro-fortalece-ecmpleo-e-internacionalizacion-con-apoyo-del-gobierno-de-queretaro\/#article\",\"isPartOf\":{\"@id\":\"https:\/\/www.nexoinformativo.mx\/index.php\/2024\/08\/30\/amiqro-fortalece-ecmpleo-e-internacionalizacion-con-apoyo-del-gobierno-de-queretaro\/\"},\"author\":{\"name\":\"Nexo Informativo\",\"@id\":\"https:\/\/www.nexoinformativo.mx\/#\/schema\/person\/7749d380ba08c8ca00d7bc76fd907b7d\"},\"headline\":\"AMIQRO Fortalece ecmpleo e internacionalizaci\u00f3n con apoyo del Gobierno de Quer\u00e9taro\",\"datePublished\":\"2024-08-30T17:00:14+00:00\",\"dateModified\":\"2024-10-07T18:56:09+00:00\",\"mainEntityOfPage\":{\"@id\":\"https:\/\/www.nexoinformativo.mx\/index.php\/2024\/08\/30\/amiqro-fortalece-ecmpleo-e-internacionalizacion-con-apoyo-del-gobierno-de-queretaro\/\"},\"wordCount\":251,\"commentCount\":0,\"publisher\":{\"@id\":\"https:\/\/www.nexoinformativo.mx\/#organization\"},\"image\":{\"@id\":\"https:\/\/www.nexoinformativo.mx\/index.php\/2024\/08\/30\/amiqro-fortalece-ecmpleo-e-internacionalizacion-con-apoyo-del-gobierno-de-queretaro\/#primaryimage\"},\"thumbnailUrl\":\"https:\/\/www.nexoinformativo.mx\/wp-content\/uploads\/2024\/08\/unnamed-7-e1725135032597.jpg\",\"keywords\":[\"AMIQRO\",\"EmpleoQuer\u00e9taro\",\"Internacionalizaci\u00f3n\",\"Quer\u00e9taroIndustria\",\"TrabajoDigno\"],\"articleSection\":[\"Econom\u00eda\",\"Estado\"],\"inLanguage\":\"es\",\"potentialAction\":[{\"@type\":\"CommentAction\",\"name\":\"Comment\",\"target\":[\"https:\/\/www.nexoinformativo.mx\/index.php\/2024\/08\/30\/amiqro-fortalece-ecmpleo-e-internacionalizacion-con-apoyo-del-gobierno-de-queretaro\/#respond\"]}]},{\"@type\":\"WebPage\",\"@id\":\"https:\/\/www.nexoinformativo.mx\/index.php\/2024\/08\/30\/amiqro-fortalece-ecmpleo-e-internacionalizacion-con-apoyo-del-gobierno-de-queretaro\/\",\"url\":\"https:\/\/www.nexoinformativo.mx\/index.php\/2024\/08\/30\/amiqro-fortalece-ecmpleo-e-internacionalizacion-con-apoyo-del-gobierno-de-queretaro\/\",\"name\":\"AMIQRO Fortalece ecmpleo e internacionalizaci\u00f3n con apoyo del Gobierno de Quer\u00e9taro | Nexo Informativo Santiago de Quer\u00e9taro\",\"isPartOf\":{\"@id\":\"https:\/\/www.nexoinformativo.mx\/#website\"},\"primaryImageOfPage\":{\"@id\":\"https:\/\/www.nexoinformativo.mx\/index.php\/2024\/08\/30\/amiqro-fortalece-ecmpleo-e-internacionalizacion-con-apoyo-del-gobierno-de-queretaro\/#primaryimage\"},\"image\":{\"@id\":\"https:\/\/www.nexoinformativo.mx\/index.php\/2024\/08\/30\/amiqro-fortalece-ecmpleo-e-internacionalizacion-con-apoyo-del-gobierno-de-queretaro\/#primaryimage\"},\"thumbnailUrl\":\"https:\/\/www.nexoinformativo.mx\/wp-content\/uploads\/2024\/08\/unnamed-7-e1725135032597.jpg\",\"datePublished\":\"2024-08-30T17:00:14+00:00\",\"dateModified\":\"2024-10-07T18:56:09+00:00\",\"breadcrumb\":{\"@id\":\"https:\/\/www.nexoinformativo.mx\/index.php\/2024\/08\/30\/amiqro-fortalece-ecmpleo-e-internacionalizacion-con-apoyo-del-gobierno-de-queretaro\/#breadcrumb\"},\"inLanguage\":\"es\",\"potentialAction\":[{\"@type\":\"ReadAction\",\"target\":[\"https:\/\/www.nexoinformativo.mx\/index.php\/2024\/08\/30\/amiqro-fortalece-ecmpleo-e-internacionalizacion-con-apoyo-del-gobierno-de-queretaro\/\"]}]},{\"@type\":\"ImageObject\",\"inLanguage\":\"es\",\"@id\":\"https:\/\/www.nexoinformativo.mx\/index.php\/2024\/08\/30\/amiqro-fortalece-ecmpleo-e-internacionalizacion-con-apoyo-del-gobierno-de-queretaro\/#primaryimage\",\"url\":\"https:\/\/www.nexoinformativo.mx\/wp-content\/uploads\/2024\/08\/unnamed-7-e1725135032597.jpg\",\"contentUrl\":\"https:\/\/www.nexoinformativo.mx\/wp-content\/uploads\/2024\/08\/unnamed-7-e1725135032597.jpg\",\"width\":800,\"height\":563},{\"@type\":\"BreadcrumbList\",\"@id\":\"https:\/\/www.nexoinformativo.mx\/index.php\/2024\/08\/30\/amiqro-fortalece-ecmpleo-e-internacionalizacion-con-apoyo-del-gobierno-de-queretaro\/#breadcrumb\",\"itemListElement\":[{\"@type\":\"ListItem\",\"position\":1,\"name\":\"Inicio\",\"item\":\"https:\/\/www.nexoinformativo.mx\/\"},{\"@type\":\"ListItem\",\"position\":2,\"name\":\"AMIQRO Fortalece ecmpleo e internacionalizaci\u00f3n con apoyo del Gobierno de Quer\u00e9taro\"}]},{\"@type\":\"WebSite\",\"@id\":\"https:\/\/www.nexoinformativo.mx\/#website\",\"url\":\"https:\/\/www.nexoinformativo.mx\/\",\"name\":\"Nexo Informativo Santiago de Quer\u00e9taro\",\"description\":\"Explora NexoInformativo y convi\u00e9rtete en parte de una comunidad que valora el conocimiento y la verdad. Tu nexoinformativo es tu puente hacia una comprensi\u00f3n m\u00e1s profunda del mundo que te rodea.\",\"publisher\":{\"@id\":\"https:\/\/www.nexoinformativo.mx\/#organization\"},\"potentialAction\":[{\"@type\":\"SearchAction\",\"target\":{\"@type\":\"EntryPoint\",\"urlTemplate\":\"https:\/\/www.nexoinformativo.mx\/?s={search_term_string}\"},\"query-input\":{\"@type\":\"PropertyValueSpecification\",\"valueRequired\":true,\"valueName\":\"search_term_string\"}}],\"inLanguage\":\"es\"},{\"@type\":\"Organization\",\"@id\":\"https:\/\/www.nexoinformativo.mx\/#organization\",\"name\":\"Nexo Informativo Santiago de Quer\u00e9taro\",\"url\":\"https:\/\/www.nexoinformativo.mx\/\",\"logo\":{\"@type\":\"ImageObject\",\"inLanguage\":\"es\",\"@id\":\"https:\/\/www.nexoinformativo.mx\/#\/schema\/logo\/image\/\",\"url\":\"https:\/\/www.nexoinformativo.mx\/wp-content\/uploads\/2024\/07\/nexoi-trasparente-2.png\",\"contentUrl\":\"https:\/\/www.nexoinformativo.mx\/wp-content\/uploads\/2024\/07\/nexoi-trasparente-2.png\",\"width\":816,\"height\":339,\"caption\":\"Nexo Informativo Santiago de Quer\u00e9taro\"},\"image\":{\"@id\":\"https:\/\/www.nexoinformativo.mx\/#\/schema\/logo\/image\/\"},\"sameAs\":[\"https:\/\/www.facebook.com\/people\/Nexo-Informativo\/61564066885511\/\"]},{\"@type\":\"Person\",\"@id\":\"https:\/\/www.nexoinformativo.mx\/#\/schema\/person\/7749d380ba08c8ca00d7bc76fd907b7d\",\"name\":\"Nexo Informativo\",\"image\":{\"@type\":\"ImageObject\",\"inLanguage\":\"es\",\"@id\":\"https:\/\/www.nexoinformativo.mx\/#\/schema\/person\/image\/\",\"url\":\"https:\/\/secure.gravatar.com\/avatar\/dde2928154642a13d95f87ddf1ea9718fe2b46760a005c53e41ff5ad610704e6?s=96&d=mm&r=g\",\"contentUrl\":\"https:\/\/secure.gravatar.com\/avatar\/dde2928154642a13d95f87ddf1ea9718fe2b46760a005c53e41ff5ad610704e6?s=96&d=mm&r=g\",\"caption\":\"Nexo Informativo\"},\"url\":\"https:\/\/www.nexoinformativo.mx\/index.php\/author\/edicion\/\"}]}<\/script>\n<!-- \/ Yoast SEO plugin. -->","yoast_head_json":{"title":"AMIQRO Fortalece ecmpleo e internacionalizaci\u00f3n con apoyo del Gobierno de Quer\u00e9taro | Nexo Informativo Santiago de Quer\u00e9taro","robots":{"index":"index","follow":"follow","max-snippet":"max-snippet:-1","max-image-preview":"max-image-preview:large","max-video-preview":"max-video-preview:-1"},"canonical":"https:\/\/www.nexoinformativo.mx\/index.php\/2024\/08\/30\/amiqro-fortalece-ecmpleo-e-internacionalizacion-con-apoyo-del-gobierno-de-queretaro\/","og_locale":"es_MX","og_type":"article","og_title":"AMIQRO Fortalece ecmpleo e internacionalizaci\u00f3n con apoyo del Gobierno de Quer\u00e9taro | Nexo Informativo Santiago de Quer\u00e9taro","og_description":"La Asociaci\u00f3n de Mipymes Industriales de Quer\u00e9taro (AMIQRO) celebr\u00f3 su reuni\u00f3n &#8220;Conexi\u00f3n Industrial&#8221; en colaboraci\u00f3n con la Secretar\u00eda del Trabajo del Gobierno del Estado, con el objetivo de generar nuevos empleos y garantizar el cumplimiento de normativas laborales. Cuauht\u00e9moc Acevedo Toledo, presidente de AMIQRO, destac\u00f3 la cooperaci\u00f3n con universidades locales para desarrollar talento capacitado y [&hellip;]","og_url":"https:\/\/www.nexoinformativo.mx\/index.php\/2024\/08\/30\/amiqro-fortalece-ecmpleo-e-internacionalizacion-con-apoyo-del-gobierno-de-queretaro\/","og_site_name":"Nexo Informativo Santiago de Quer\u00e9taro","article_publisher":"https:\/\/www.facebook.com\/people\/Nexo-Informativo\/61564066885511\/","article_published_time":"2024-08-30T17:00:14+00:00","article_modified_time":"2024-10-07T18:56:09+00:00","og_image":[{"width":800,"height":563,"url":"https:\/\/www.nexoinformativo.mx\/wp-content\/uploads\/2024\/08\/unnamed-7-e1725135032597.jpg","type":"image\/jpeg"}],"author":"Nexo Informativo","twitter_card":"summary_large_image","twitter_misc":{"Escrito por":"Nexo Informativo","Tiempo de lectura":"2 minutos"},"schema":{"@context":"https:\/\/schema.org","@graph":[{"@type":"Article","@id":"https:\/\/www.nexoinformativo.mx\/index.php\/2024\/08\/30\/amiqro-fortalece-ecmpleo-e-internacionalizacion-con-apoyo-del-gobierno-de-queretaro\/#article","isPartOf":{"@id":"https:\/\/www.nexoinformativo.mx\/index.php\/2024\/08\/30\/amiqro-fortalece-ecmpleo-e-internacionalizacion-con-apoyo-del-gobierno-de-queretaro\/"},"author":{"name":"Nexo Informativo","@id":"https:\/\/www.nexoinformativo.mx\/#\/schema\/person\/7749d380ba08c8ca00d7bc76fd907b7d"},"headline":"AMIQRO Fortalece ecmpleo e internacionalizaci\u00f3n con apoyo del Gobierno de Quer\u00e9taro","datePublished":"2024-08-30T17:00:14+00:00","dateModified":"2024-10-07T18:56:09+00:00","mainEntityOfPage":{"@id":"https:\/\/www.nexoinformativo.mx\/index.php\/2024\/08\/30\/amiqro-fortalece-ecmpleo-e-internacionalizacion-con-apoyo-del-gobierno-de-queretaro\/"},"wordCount":251,"commentCount":0,"publisher":{"@id":"https:\/\/www.nexoinformativo.mx\/#organization"},"image":{"@id":"https:\/\/www.nexoinformativo.mx\/index.php\/2024\/08\/30\/amiqro-fortalece-ecmpleo-e-internacionalizacion-con-apoyo-del-gobierno-de-queretaro\/#primaryimage"},"thumbnailUrl":"https:\/\/www.nexoinformativo.mx\/wp-content\/uploads\/2024\/08\/unnamed-7-e1725135032597.jpg","keywords":["AMIQRO","EmpleoQuer\u00e9taro","Internacionalizaci\u00f3n","Quer\u00e9taroIndustria","TrabajoDigno"],"articleSection":["Econom\u00eda","Estado"],"inLanguage":"es","potentialAction":[{"@type":"CommentAction","name":"Comment","target":["https:\/\/www.nexoinformativo.mx\/index.php\/2024\/08\/30\/amiqro-fortalece-ecmpleo-e-internacionalizacion-con-apoyo-del-gobierno-de-queretaro\/#respond"]}]},{"@type":"WebPage","@id":"https:\/\/www.nexoinformativo.mx\/index.php\/2024\/08\/30\/amiqro-fortalece-ecmpleo-e-internacionalizacion-con-apoyo-del-gobierno-de-queretaro\/","url":"https:\/\/www.nexoinformativo.mx\/index.php\/2024\/08\/30\/amiqro-fortalece-ecmpleo-e-internacionalizacion-con-apoyo-del-gobierno-de-queretaro\/","name":"AMIQRO Fortalece ecmpleo e internacionalizaci\u00f3n con apoyo del Gobierno de Quer\u00e9taro | Nexo Informativo Santiago de Quer\u00e9taro","isPartOf":{"@id":"https:\/\/www.nexoinformativo.mx\/#website"},"primaryImageOfPage":{"@id":"https:\/\/www.nexoinformativo.mx\/index.php\/2024\/08\/30\/amiqro-fortalece-ecmpleo-e-internacionalizacion-con-apoyo-del-gobierno-de-queretaro\/#primaryimage"},"image":{"@id":"https:\/\/www.nexoinformativo.mx\/index.php\/2024\/08\/30\/amiqro-fortalece-ecmpleo-e-internacionalizacion-con-apoyo-del-gobierno-de-queretaro\/#primaryimage"},"thumbnailUrl":"https:\/\/www.nexoinformativo.mx\/wp-content\/uploads\/2024\/08\/unnamed-7-e1725135032597.jpg","datePublished":"2024-08-30T17:00:14+00:00","dateModified":"2024-10-07T18:56:09+00:00","breadcrumb":{"@id":"https:\/\/www.nexoinformativo.mx\/index.php\/2024\/08\/30\/amiqro-fortalece-ecmpleo-e-internacionalizacion-con-apoyo-del-gobierno-de-queretaro\/#breadcrumb"},"inLanguage":"es","potentialAction":[{"@type":"ReadAction","target":["https:\/\/www.nexoinformativo.mx\/index.php\/2024\/08\/30\/amiqro-fortalece-ecmpleo-e-internacionalizacion-con-apoyo-del-gobierno-de-queretaro\/"]}]},{"@type":"ImageObject","inLanguage":"es","@id":"https:\/\/www.nexoinformativo.mx\/index.php\/2024\/08\/30\/amiqro-fortalece-ecmpleo-e-internacionalizacion-con-apoyo-del-gobierno-de-queretaro\/#primaryimage","url":"https:\/\/www.nexoinformativo.mx\/wp-content\/uploads\/2024\/08\/unnamed-7-e1725135032597.jpg","contentUrl":"https:\/\/www.nexoinformativo.mx\/wp-content\/uploads\/2024\/08\/unnamed-7-e1725135032597.jpg","width":800,"height":563},{"@type":"BreadcrumbList","@id":"https:\/\/www.nexoinformativo.mx\/index.php\/2024\/08\/30\/amiqro-fortalece-ecmpleo-e-internacionalizacion-con-apoyo-del-gobierno-de-queretaro\/#breadcrumb","itemListElement":[{"@type":"ListItem","position":1,"name":"Inicio","item":"https:\/\/www.nexoinformativo.mx\/"},{"@type":"ListItem","position":2,"name":"AMIQRO Fortalece ecmpleo e internacionalizaci\u00f3n con apoyo del Gobierno de Quer\u00e9taro"}]},{"@type":"WebSite","@id":"https:\/\/www.nexoinformativo.mx\/#website","url":"https:\/\/www.nexoinformativo.mx\/","name":"Nexo Informativo Santiago de Quer\u00e9taro","description":"Explora NexoInformativo y convi\u00e9rtete en parte de una comunidad que valora el conocimiento y la verdad. Tu nexoinformativo es tu puente hacia una comprensi\u00f3n m\u00e1s profunda del mundo que te rodea.","publisher":{"@id":"https:\/\/www.nexoinformativo.mx\/#organization"},"potentialAction":[{"@type":"SearchAction","target":{"@type":"EntryPoint","urlTemplate":"https:\/\/www.nexoinformativo.mx\/?s={search_term_string}"},"query-input":{"@type":"PropertyValueSpecification","valueRequired":true,"valueName":"search_term_string"}}],"inLanguage":"es"},{"@type":"Organization","@id":"https:\/\/www.nexoinformativo.mx\/#organization","name":"Nexo Informativo Santiago de Quer\u00e9taro","url":"https:\/\/www.nexoinformativo.mx\/","logo":{"@type":"ImageObject","inLanguage":"es","@id":"https:\/\/www.nexoinformativo.mx\/#\/schema\/logo\/image\/","url":"https:\/\/www.nexoinformativo.mx\/wp-content\/uploads\/2024\/07\/nexoi-trasparente-2.png","contentUrl":"https:\/\/www.nexoinformativo.mx\/wp-content\/uploads\/2024\/07\/nexoi-trasparente-2.png","width":816,"height":339,"caption":"Nexo Informativo Santiago de Quer\u00e9taro"},"image":{"@id":"https:\/\/www.nexoinformativo.mx\/#\/schema\/logo\/image\/"},"sameAs":["https:\/\/www.facebook.com\/people\/Nexo-Informativo\/61564066885511\/"]},{"@type":"Person","@id":"https:\/\/www.nexoinformativo.mx\/#\/schema\/person\/7749d380ba08c8ca00d7bc76fd907b7d","name":"Nexo Informativo","image":{"@type":"ImageObject","inLanguage":"es","@id":"https:\/\/www.nexoinformativo.mx\/#\/schema\/person\/image\/","url":"https:\/\/secure.gravatar.com\/avatar\/dde2928154642a13d95f87ddf1ea9718fe2b46760a005c53e41ff5ad610704e6?s=96&d=mm&r=g","contentUrl":"https:\/\/secure.gravatar.com\/avatar\/dde2928154642a13d95f87ddf1ea9718fe2b46760a005c53e41ff5ad610704e6?s=96&d=mm&r=g","caption":"Nexo Informativo"},"url":"https:\/\/www.nexoinformativo.mx\/index.php\/author\/edicion\/"}]}},"_links":{"self":[{"href":"https:\/\/www.nexoinformativo.mx\/index.php\/wp-json\/wp\/v2\/posts\/1323","targetHints":{"allow":["GET"]}}],"collection":[{"href":"https:\/\/www.nexoinformativo.mx\/index.php\/wp-json\/wp\/v2\/posts"}],"about":[{"href":"https:\/\/www.nexoinformativo.mx\/index.php\/wp-json\/wp\/v2\/types\/post"}],"author":[{"embeddable":true,"href":"https:\/\/www.nexoinformativo.mx\/index.php\/wp-json\/wp\/v2\/users\/3"}],"replies":[{"embeddable":true,"href":"https:\/\/www.nexoinformativo.mx\/index.php\/wp-json\/wp\/v2\/comments?post=1323"}],"version-history":[{"count":1,"href":"https:\/\/www.nexoinformativo.mx\/index.php\/wp-json\/wp\/v2\/posts\/1323\/revisions"}],"predecessor-version":[{"id":1338,"href":"https:\/\/www.nexoinformativo.mx\/index.php\/wp-json\/wp\/v2\/posts\/1323\/revisions\/1338"}],"wp:featuredmedia":[{"embeddable":true,"href":"https:\/\/www.nexoinformativo.mx\/index.php\/wp-json\/wp\/v2\/media\/1334"}],"wp:attachment":[{"href":"https:\/\/www.nexoinformativo.mx\/index.php\/wp-json\/wp\/v2\/media?parent=1323"}],"wp:term":[{"taxonomy":"category","embeddable":true,"href":"https:\/\/www.nexoinformativo.mx\/index.php\/wp-json\/wp\/v2\/categories?post=1323"},{"taxonomy":"post_tag","embeddable":true,"href":"https:\/\/www.nexoinformativo.mx\/index.php\/wp-json\/wp\/v2\/tags?post=1323"}],"curies":[{"name":"wp","href":"https:\/\/api.w.org\/{rel}","templated":true}]}}