{"id":13230,"date":"2025-03-24T08:00:40","date_gmt":"2025-03-24T14:00:40","guid":{"rendered":"https:\/\/www.nexoinformativo.mx\/?p=13230"},"modified":"2025-03-24T14:21:06","modified_gmt":"2025-03-24T20:21:06","slug":"cancilleria-refuerza-apoyo-a-mexicanos-en-ee-uu-digitalizacion-y-asistencia-legal-prioritarias","status":"publish","type":"post","link":"https:\/\/www.nexoinformativo.mx\/index.php\/2025\/03\/24\/cancilleria-refuerza-apoyo-a-mexicanos-en-ee-uu-digitalizacion-y-asistencia-legal-prioritarias\/","title":{"rendered":"Canciller\u00eda refuerza apoyo a mexicanos en EE.UU digitalizaci\u00f3n y asistencia legal prioritarias"},"content":{"rendered":"<p style=\"text-align: justify;\" data-sourcepos=\"13:1-13:279\">El secretario de Relaciones Exteriores, Juan Ram\u00f3n de la Fuente, sostuvo un encuentro virtual con c\u00f3nsules de M\u00e9xico en Estados Unidos, donde enfatiz\u00f3 la necesidad de redoblar esfuerzos para brindar protecci\u00f3n legal y asistencia a los connacionales.<\/p>\n<p>&nbsp;<\/p>\n<p style=\"text-align: justify;\" data-sourcepos=\"15:1-15:190\">De la Fuente resalt\u00f3 que, por instrucciones de la Presidenta Claudia Sheinbaum, la prioridad de la Canciller\u00eda es y seguir\u00e1 siendo la protecci\u00f3n legal y la asistencia de las y los mexicanos.<\/p>\n<p>&nbsp;<\/p>\n<p style=\"text-align: justify;\" data-sourcepos=\"17:1-17:177\">Durante el di\u00e1logo, se abordaron avances en materia de protecci\u00f3n consular y digitalizaci\u00f3n de tr\u00e1mites, con el objetivo de ofrecer servicios consulares de calidad y eficiencia.<\/p>\n<p>&nbsp;<\/p>\n<p style=\"text-align: justify;\" data-sourcepos=\"19:1-19:185\">Se destac\u00f3 el <strong>Programa de Asistencia Jur\u00eddica a trav\u00e9s de Asesor\u00edas Legales Externas<\/strong> (PALE), que ha brindado casi 5 mil asesor\u00edas legales a connacionales en EE.UU. en lo que va del a\u00f1o.<\/p>\n<p>&nbsp;<\/p>\n<p style=\"text-align: justify;\" data-sourcepos=\"21:1-21:177\">Asimismo, se instruy\u00f3 a los c\u00f3nsules a fortalecer la simplificaci\u00f3n y digitalizaci\u00f3n de tr\u00e1mites, como pasaportes y actos de registro civil, para reducir los tiempos de entrega.<\/p>\n<p>&nbsp;<\/p>\n<p style=\"text-align: justify;\" data-sourcepos=\"23:1-23:203\">Se implementar\u00e1 un m\u00f3dulo de atenci\u00f3n permanente para informar sobre servicios consulares y requisitos, y se promover\u00e1n audiencias p\u00fablicas semanales para un mayor acercamiento con la comunidad migrante.<\/p>\n<p>&nbsp;<\/p>\n<p style=\"text-align: justify;\" data-sourcepos=\"25:1-25:164\">El canciller De la Fuente subray\u00f3 la importancia de brindar un trato cercano y emp\u00e1tico a los connacionales, y de homologar las buenas pr\u00e1cticas en la red consular.<\/p>\n<p>&nbsp;<\/p>\n<p style=\"text-align: center;\" data-sourcepos=\"25:1-25:164\"><em><strong>\u00a1Informaci\u00f3n que transforma!<\/strong><\/em><\/p>\n","protected":false},"excerpt":{"rendered":"<p>El secretario de Relaciones Exteriores, Juan Ram\u00f3n de la Fuente, sostuvo un encuentro virtual con c\u00f3nsules de M\u00e9xico en Estados Unidos, donde enfatiz\u00f3 la necesidad de redoblar esfuerzos para brindar protecci\u00f3n legal y asistencia a los connacionales.<\/p>\n","protected":false},"author":3,"featured_media":13258,"comment_status":"open","ping_status":"open","sticky":false,"template":"","format":"standard","meta":{"footnotes":""},"categories":[88,58],"tags":[3866,3800,2866,3867],"class_list":["post-13230","post","type-post","status-publish","format-standard","has-post-thumbnail","hentry","category-nacional","category-ultima-hora","tag-cancilleriamexico","tag-consuladosmexicanos","tag-mexicanoseneeuu","tag-tramitesconsulares"],"yoast_head":"<!-- This site is optimized with the Yoast SEO plugin v25.0 - https:\/\/yoast.com\/wordpress\/plugins\/seo\/ -->\n<title>Canciller\u00eda refuerza apoyo a mexicanos en EE.UU digitalizaci\u00f3n y asistencia legal prioritarias | Nexo Informativo Santiago de Quer\u00e9taro<\/title>\n<meta name=\"description\" content=\"Canciller\u00eda refuerza apoyo a mexicanos en EE.UU digitalizaci\u00f3n y asistencia legal prioritarias\" \/>\n<meta name=\"robots\" content=\"index, follow, max-snippet:-1, max-image-preview:large, max-video-preview:-1\" \/>\n<link rel=\"canonical\" href=\"https:\/\/www.nexoinformativo.mx\/index.php\/2025\/03\/24\/cancilleria-refuerza-apoyo-a-mexicanos-en-ee-uu-digitalizacion-y-asistencia-legal-prioritarias\/\" \/>\n<meta property=\"og:locale\" content=\"es_MX\" \/>\n<meta property=\"og:type\" content=\"article\" \/>\n<meta property=\"og:title\" content=\"Canciller\u00eda refuerza apoyo a mexicanos en EE.UU digitalizaci\u00f3n y asistencia legal prioritarias | Nexo Informativo Santiago de Quer\u00e9taro\" \/>\n<meta property=\"og:description\" content=\"Canciller\u00eda refuerza apoyo a mexicanos en EE.UU digitalizaci\u00f3n y asistencia legal prioritarias\" \/>\n<meta property=\"og:url\" content=\"https:\/\/www.nexoinformativo.mx\/index.php\/2025\/03\/24\/cancilleria-refuerza-apoyo-a-mexicanos-en-ee-uu-digitalizacion-y-asistencia-legal-prioritarias\/\" \/>\n<meta property=\"og:site_name\" content=\"Nexo Informativo Santiago de Quer\u00e9taro\" \/>\n<meta property=\"article:publisher\" content=\"https:\/\/www.facebook.com\/people\/Nexo-Informativo\/61564066885511\/\" \/>\n<meta property=\"article:published_time\" content=\"2025-03-24T14:00:40+00:00\" \/>\n<meta property=\"article:modified_time\" content=\"2025-03-24T20:21:06+00:00\" \/>\n<meta property=\"og:image\" content=\"https:\/\/www.nexoinformativo.mx\/wp-content\/uploads\/2025\/03\/IMG_1910.jpeg\" \/>\n\t<meta property=\"og:image:width\" content=\"612\" \/>\n\t<meta property=\"og:image:height\" content=\"408\" \/>\n\t<meta property=\"og:image:type\" content=\"image\/jpeg\" \/>\n<meta name=\"author\" content=\"Nexo Informativo\" \/>\n<meta name=\"twitter:card\" content=\"summary_large_image\" \/>\n<meta name=\"twitter:label1\" content=\"Escrito por\" \/>\n\t<meta name=\"twitter:data1\" content=\"Nexo Informativo\" \/>\n\t<meta name=\"twitter:label2\" content=\"Tiempo de lectura\" \/>\n\t<meta name=\"twitter:data2\" content=\"2 minutos\" \/>\n<script type=\"application\/ld+json\" class=\"yoast-schema-graph\">{\"@context\":\"https:\/\/schema.org\",\"@graph\":[{\"@type\":\"Article\",\"@id\":\"https:\/\/www.nexoinformativo.mx\/index.php\/2025\/03\/24\/cancilleria-refuerza-apoyo-a-mexicanos-en-ee-uu-digitalizacion-y-asistencia-legal-prioritarias\/#article\",\"isPartOf\":{\"@id\":\"https:\/\/www.nexoinformativo.mx\/index.php\/2025\/03\/24\/cancilleria-refuerza-apoyo-a-mexicanos-en-ee-uu-digitalizacion-y-asistencia-legal-prioritarias\/\"},\"author\":{\"name\":\"Nexo Informativo\",\"@id\":\"https:\/\/www.nexoinformativo.mx\/#\/schema\/person\/7749d380ba08c8ca00d7bc76fd907b7d\"},\"headline\":\"Canciller\u00eda refuerza apoyo a mexicanos en EE.UU digitalizaci\u00f3n y asistencia legal prioritarias\",\"datePublished\":\"2025-03-24T14:00:40+00:00\",\"dateModified\":\"2025-03-24T20:21:06+00:00\",\"mainEntityOfPage\":{\"@id\":\"https:\/\/www.nexoinformativo.mx\/index.php\/2025\/03\/24\/cancilleria-refuerza-apoyo-a-mexicanos-en-ee-uu-digitalizacion-y-asistencia-legal-prioritarias\/\"},\"wordCount\":261,\"commentCount\":0,\"publisher\":{\"@id\":\"https:\/\/www.nexoinformativo.mx\/#organization\"},\"image\":{\"@id\":\"https:\/\/www.nexoinformativo.mx\/index.php\/2025\/03\/24\/cancilleria-refuerza-apoyo-a-mexicanos-en-ee-uu-digitalizacion-y-asistencia-legal-prioritarias\/#primaryimage\"},\"thumbnailUrl\":\"https:\/\/www.nexoinformativo.mx\/wp-content\/uploads\/2025\/03\/IMG_1910.jpeg\",\"keywords\":[\"Canciller\u00edaM\u00e9xico\",\"ConsuladosMexicanos\",\"MexicanosEnEEUU\",\"Tr\u00e1mitesConsulares\"],\"articleSection\":[\"Nacional\",\"\u00daltima Hora\"],\"inLanguage\":\"es\",\"potentialAction\":[{\"@type\":\"CommentAction\",\"name\":\"Comment\",\"target\":[\"https:\/\/www.nexoinformativo.mx\/index.php\/2025\/03\/24\/cancilleria-refuerza-apoyo-a-mexicanos-en-ee-uu-digitalizacion-y-asistencia-legal-prioritarias\/#respond\"]}]},{\"@type\":\"WebPage\",\"@id\":\"https:\/\/www.nexoinformativo.mx\/index.php\/2025\/03\/24\/cancilleria-refuerza-apoyo-a-mexicanos-en-ee-uu-digitalizacion-y-asistencia-legal-prioritarias\/\",\"url\":\"https:\/\/www.nexoinformativo.mx\/index.php\/2025\/03\/24\/cancilleria-refuerza-apoyo-a-mexicanos-en-ee-uu-digitalizacion-y-asistencia-legal-prioritarias\/\",\"name\":\"Canciller\u00eda refuerza apoyo a mexicanos en EE.UU digitalizaci\u00f3n y asistencia legal prioritarias | Nexo Informativo Santiago de Quer\u00e9taro\",\"isPartOf\":{\"@id\":\"https:\/\/www.nexoinformativo.mx\/#website\"},\"primaryImageOfPage\":{\"@id\":\"https:\/\/www.nexoinformativo.mx\/index.php\/2025\/03\/24\/cancilleria-refuerza-apoyo-a-mexicanos-en-ee-uu-digitalizacion-y-asistencia-legal-prioritarias\/#primaryimage\"},\"image\":{\"@id\":\"https:\/\/www.nexoinformativo.mx\/index.php\/2025\/03\/24\/cancilleria-refuerza-apoyo-a-mexicanos-en-ee-uu-digitalizacion-y-asistencia-legal-prioritarias\/#primaryimage\"},\"thumbnailUrl\":\"https:\/\/www.nexoinformativo.mx\/wp-content\/uploads\/2025\/03\/IMG_1910.jpeg\",\"datePublished\":\"2025-03-24T14:00:40+00:00\",\"dateModified\":\"2025-03-24T20:21:06+00:00\",\"description\":\"Canciller\u00eda refuerza apoyo a mexicanos en EE.UU digitalizaci\u00f3n y asistencia legal prioritarias\",\"breadcrumb\":{\"@id\":\"https:\/\/www.nexoinformativo.mx\/index.php\/2025\/03\/24\/cancilleria-refuerza-apoyo-a-mexicanos-en-ee-uu-digitalizacion-y-asistencia-legal-prioritarias\/#breadcrumb\"},\"inLanguage\":\"es\",\"potentialAction\":[{\"@type\":\"ReadAction\",\"target\":[\"https:\/\/www.nexoinformativo.mx\/index.php\/2025\/03\/24\/cancilleria-refuerza-apoyo-a-mexicanos-en-ee-uu-digitalizacion-y-asistencia-legal-prioritarias\/\"]}]},{\"@type\":\"ImageObject\",\"inLanguage\":\"es\",\"@id\":\"https:\/\/www.nexoinformativo.mx\/index.php\/2025\/03\/24\/cancilleria-refuerza-apoyo-a-mexicanos-en-ee-uu-digitalizacion-y-asistencia-legal-prioritarias\/#primaryimage\",\"url\":\"https:\/\/www.nexoinformativo.mx\/wp-content\/uploads\/2025\/03\/IMG_1910.jpeg\",\"contentUrl\":\"https:\/\/www.nexoinformativo.mx\/wp-content\/uploads\/2025\/03\/IMG_1910.jpeg\",\"width\":612,\"height\":408},{\"@type\":\"BreadcrumbList\",\"@id\":\"https:\/\/www.nexoinformativo.mx\/index.php\/2025\/03\/24\/cancilleria-refuerza-apoyo-a-mexicanos-en-ee-uu-digitalizacion-y-asistencia-legal-prioritarias\/#breadcrumb\",\"itemListElement\":[{\"@type\":\"ListItem\",\"position\":1,\"name\":\"Inicio\",\"item\":\"https:\/\/www.nexoinformativo.mx\/\"},{\"@type\":\"ListItem\",\"position\":2,\"name\":\"Canciller\u00eda refuerza apoyo a mexicanos en EE.UU digitalizaci\u00f3n y asistencia legal prioritarias\"}]},{\"@type\":\"WebSite\",\"@id\":\"https:\/\/www.nexoinformativo.mx\/#website\",\"url\":\"https:\/\/www.nexoinformativo.mx\/\",\"name\":\"Nexo Informativo Santiago de Quer\u00e9taro\",\"description\":\"Explora NexoInformativo y convi\u00e9rtete en parte de una comunidad que valora el conocimiento y la verdad. Tu nexoinformativo es tu puente hacia una comprensi\u00f3n m\u00e1s profunda del mundo que te rodea.\",\"publisher\":{\"@id\":\"https:\/\/www.nexoinformativo.mx\/#organization\"},\"potentialAction\":[{\"@type\":\"SearchAction\",\"target\":{\"@type\":\"EntryPoint\",\"urlTemplate\":\"https:\/\/www.nexoinformativo.mx\/?s={search_term_string}\"},\"query-input\":{\"@type\":\"PropertyValueSpecification\",\"valueRequired\":true,\"valueName\":\"search_term_string\"}}],\"inLanguage\":\"es\"},{\"@type\":\"Organization\",\"@id\":\"https:\/\/www.nexoinformativo.mx\/#organization\",\"name\":\"Nexo Informativo Santiago de Quer\u00e9taro\",\"url\":\"https:\/\/www.nexoinformativo.mx\/\",\"logo\":{\"@type\":\"ImageObject\",\"inLanguage\":\"es\",\"@id\":\"https:\/\/www.nexoinformativo.mx\/#\/schema\/logo\/image\/\",\"url\":\"https:\/\/www.nexoinformativo.mx\/wp-content\/uploads\/2024\/07\/nexoi-trasparente-2.png\",\"contentUrl\":\"https:\/\/www.nexoinformativo.mx\/wp-content\/uploads\/2024\/07\/nexoi-trasparente-2.png\",\"width\":816,\"height\":339,\"caption\":\"Nexo Informativo Santiago de Quer\u00e9taro\"},\"image\":{\"@id\":\"https:\/\/www.nexoinformativo.mx\/#\/schema\/logo\/image\/\"},\"sameAs\":[\"https:\/\/www.facebook.com\/people\/Nexo-Informativo\/61564066885511\/\"]},{\"@type\":\"Person\",\"@id\":\"https:\/\/www.nexoinformativo.mx\/#\/schema\/person\/7749d380ba08c8ca00d7bc76fd907b7d\",\"name\":\"Nexo Informativo\",\"image\":{\"@type\":\"ImageObject\",\"inLanguage\":\"es\",\"@id\":\"https:\/\/www.nexoinformativo.mx\/#\/schema\/person\/image\/\",\"url\":\"https:\/\/secure.gravatar.com\/avatar\/dde2928154642a13d95f87ddf1ea9718fe2b46760a005c53e41ff5ad610704e6?s=96&d=mm&r=g\",\"contentUrl\":\"https:\/\/secure.gravatar.com\/avatar\/dde2928154642a13d95f87ddf1ea9718fe2b46760a005c53e41ff5ad610704e6?s=96&d=mm&r=g\",\"caption\":\"Nexo Informativo\"},\"url\":\"https:\/\/www.nexoinformativo.mx\/index.php\/author\/edicion\/\"}]}<\/script>\n<!-- \/ Yoast SEO plugin. -->","yoast_head_json":{"title":"Canciller\u00eda refuerza apoyo a mexicanos en EE.UU digitalizaci\u00f3n y asistencia legal prioritarias | Nexo Informativo Santiago de Quer\u00e9taro","description":"Canciller\u00eda refuerza apoyo a mexicanos en EE.UU digitalizaci\u00f3n y asistencia legal prioritarias","robots":{"index":"index","follow":"follow","max-snippet":"max-snippet:-1","max-image-preview":"max-image-preview:large","max-video-preview":"max-video-preview:-1"},"canonical":"https:\/\/www.nexoinformativo.mx\/index.php\/2025\/03\/24\/cancilleria-refuerza-apoyo-a-mexicanos-en-ee-uu-digitalizacion-y-asistencia-legal-prioritarias\/","og_locale":"es_MX","og_type":"article","og_title":"Canciller\u00eda refuerza apoyo a mexicanos en EE.UU digitalizaci\u00f3n y asistencia legal prioritarias | Nexo Informativo Santiago de Quer\u00e9taro","og_description":"Canciller\u00eda refuerza apoyo a mexicanos en EE.UU digitalizaci\u00f3n y asistencia legal prioritarias","og_url":"https:\/\/www.nexoinformativo.mx\/index.php\/2025\/03\/24\/cancilleria-refuerza-apoyo-a-mexicanos-en-ee-uu-digitalizacion-y-asistencia-legal-prioritarias\/","og_site_name":"Nexo Informativo Santiago de Quer\u00e9taro","article_publisher":"https:\/\/www.facebook.com\/people\/Nexo-Informativo\/61564066885511\/","article_published_time":"2025-03-24T14:00:40+00:00","article_modified_time":"2025-03-24T20:21:06+00:00","og_image":[{"width":612,"height":408,"url":"https:\/\/www.nexoinformativo.mx\/wp-content\/uploads\/2025\/03\/IMG_1910.jpeg","type":"image\/jpeg"}],"author":"Nexo Informativo","twitter_card":"summary_large_image","twitter_misc":{"Escrito por":"Nexo Informativo","Tiempo de lectura":"2 minutos"},"schema":{"@context":"https:\/\/schema.org","@graph":[{"@type":"Article","@id":"https:\/\/www.nexoinformativo.mx\/index.php\/2025\/03\/24\/cancilleria-refuerza-apoyo-a-mexicanos-en-ee-uu-digitalizacion-y-asistencia-legal-prioritarias\/#article","isPartOf":{"@id":"https:\/\/www.nexoinformativo.mx\/index.php\/2025\/03\/24\/cancilleria-refuerza-apoyo-a-mexicanos-en-ee-uu-digitalizacion-y-asistencia-legal-prioritarias\/"},"author":{"name":"Nexo Informativo","@id":"https:\/\/www.nexoinformativo.mx\/#\/schema\/person\/7749d380ba08c8ca00d7bc76fd907b7d"},"headline":"Canciller\u00eda refuerza apoyo a mexicanos en EE.UU digitalizaci\u00f3n y asistencia legal prioritarias","datePublished":"2025-03-24T14:00:40+00:00","dateModified":"2025-03-24T20:21:06+00:00","mainEntityOfPage":{"@id":"https:\/\/www.nexoinformativo.mx\/index.php\/2025\/03\/24\/cancilleria-refuerza-apoyo-a-mexicanos-en-ee-uu-digitalizacion-y-asistencia-legal-prioritarias\/"},"wordCount":261,"commentCount":0,"publisher":{"@id":"https:\/\/www.nexoinformativo.mx\/#organization"},"image":{"@id":"https:\/\/www.nexoinformativo.mx\/index.php\/2025\/03\/24\/cancilleria-refuerza-apoyo-a-mexicanos-en-ee-uu-digitalizacion-y-asistencia-legal-prioritarias\/#primaryimage"},"thumbnailUrl":"https:\/\/www.nexoinformativo.mx\/wp-content\/uploads\/2025\/03\/IMG_1910.jpeg","keywords":["Canciller\u00edaM\u00e9xico","ConsuladosMexicanos","MexicanosEnEEUU","Tr\u00e1mitesConsulares"],"articleSection":["Nacional","\u00daltima Hora"],"inLanguage":"es","potentialAction":[{"@type":"CommentAction","name":"Comment","target":["https:\/\/www.nexoinformativo.mx\/index.php\/2025\/03\/24\/cancilleria-refuerza-apoyo-a-mexicanos-en-ee-uu-digitalizacion-y-asistencia-legal-prioritarias\/#respond"]}]},{"@type":"WebPage","@id":"https:\/\/www.nexoinformativo.mx\/index.php\/2025\/03\/24\/cancilleria-refuerza-apoyo-a-mexicanos-en-ee-uu-digitalizacion-y-asistencia-legal-prioritarias\/","url":"https:\/\/www.nexoinformativo.mx\/index.php\/2025\/03\/24\/cancilleria-refuerza-apoyo-a-mexicanos-en-ee-uu-digitalizacion-y-asistencia-legal-prioritarias\/","name":"Canciller\u00eda refuerza apoyo a mexicanos en EE.UU digitalizaci\u00f3n y asistencia legal prioritarias | Nexo Informativo Santiago de Quer\u00e9taro","isPartOf":{"@id":"https:\/\/www.nexoinformativo.mx\/#website"},"primaryImageOfPage":{"@id":"https:\/\/www.nexoinformativo.mx\/index.php\/2025\/03\/24\/cancilleria-refuerza-apoyo-a-mexicanos-en-ee-uu-digitalizacion-y-asistencia-legal-prioritarias\/#primaryimage"},"image":{"@id":"https:\/\/www.nexoinformativo.mx\/index.php\/2025\/03\/24\/cancilleria-refuerza-apoyo-a-mexicanos-en-ee-uu-digitalizacion-y-asistencia-legal-prioritarias\/#primaryimage"},"thumbnailUrl":"https:\/\/www.nexoinformativo.mx\/wp-content\/uploads\/2025\/03\/IMG_1910.jpeg","datePublished":"2025-03-24T14:00:40+00:00","dateModified":"2025-03-24T20:21:06+00:00","description":"Canciller\u00eda refuerza apoyo a mexicanos en EE.UU digitalizaci\u00f3n y asistencia legal prioritarias","breadcrumb":{"@id":"https:\/\/www.nexoinformativo.mx\/index.php\/2025\/03\/24\/cancilleria-refuerza-apoyo-a-mexicanos-en-ee-uu-digitalizacion-y-asistencia-legal-prioritarias\/#breadcrumb"},"inLanguage":"es","potentialAction":[{"@type":"ReadAction","target":["https:\/\/www.nexoinformativo.mx\/index.php\/2025\/03\/24\/cancilleria-refuerza-apoyo-a-mexicanos-en-ee-uu-digitalizacion-y-asistencia-legal-prioritarias\/"]}]},{"@type":"ImageObject","inLanguage":"es","@id":"https:\/\/www.nexoinformativo.mx\/index.php\/2025\/03\/24\/cancilleria-refuerza-apoyo-a-mexicanos-en-ee-uu-digitalizacion-y-asistencia-legal-prioritarias\/#primaryimage","url":"https:\/\/www.nexoinformativo.mx\/wp-content\/uploads\/2025\/03\/IMG_1910.jpeg","contentUrl":"https:\/\/www.nexoinformativo.mx\/wp-content\/uploads\/2025\/03\/IMG_1910.jpeg","width":612,"height":408},{"@type":"BreadcrumbList","@id":"https:\/\/www.nexoinformativo.mx\/index.php\/2025\/03\/24\/cancilleria-refuerza-apoyo-a-mexicanos-en-ee-uu-digitalizacion-y-asistencia-legal-prioritarias\/#breadcrumb","itemListElement":[{"@type":"ListItem","position":1,"name":"Inicio","item":"https:\/\/www.nexoinformativo.mx\/"},{"@type":"ListItem","position":2,"name":"Canciller\u00eda refuerza apoyo a mexicanos en EE.UU digitalizaci\u00f3n y asistencia legal prioritarias"}]},{"@type":"WebSite","@id":"https:\/\/www.nexoinformativo.mx\/#website","url":"https:\/\/www.nexoinformativo.mx\/","name":"Nexo Informativo Santiago de Quer\u00e9taro","description":"Explora NexoInformativo y convi\u00e9rtete en parte de una comunidad que valora el conocimiento y la verdad. Tu nexoinformativo es tu puente hacia una comprensi\u00f3n m\u00e1s profunda del mundo que te rodea.","publisher":{"@id":"https:\/\/www.nexoinformativo.mx\/#organization"},"potentialAction":[{"@type":"SearchAction","target":{"@type":"EntryPoint","urlTemplate":"https:\/\/www.nexoinformativo.mx\/?s={search_term_string}"},"query-input":{"@type":"PropertyValueSpecification","valueRequired":true,"valueName":"search_term_string"}}],"inLanguage":"es"},{"@type":"Organization","@id":"https:\/\/www.nexoinformativo.mx\/#organization","name":"Nexo Informativo Santiago de Quer\u00e9taro","url":"https:\/\/www.nexoinformativo.mx\/","logo":{"@type":"ImageObject","inLanguage":"es","@id":"https:\/\/www.nexoinformativo.mx\/#\/schema\/logo\/image\/","url":"https:\/\/www.nexoinformativo.mx\/wp-content\/uploads\/2024\/07\/nexoi-trasparente-2.png","contentUrl":"https:\/\/www.nexoinformativo.mx\/wp-content\/uploads\/2024\/07\/nexoi-trasparente-2.png","width":816,"height":339,"caption":"Nexo Informativo Santiago de Quer\u00e9taro"},"image":{"@id":"https:\/\/www.nexoinformativo.mx\/#\/schema\/logo\/image\/"},"sameAs":["https:\/\/www.facebook.com\/people\/Nexo-Informativo\/61564066885511\/"]},{"@type":"Person","@id":"https:\/\/www.nexoinformativo.mx\/#\/schema\/person\/7749d380ba08c8ca00d7bc76fd907b7d","name":"Nexo Informativo","image":{"@type":"ImageObject","inLanguage":"es","@id":"https:\/\/www.nexoinformativo.mx\/#\/schema\/person\/image\/","url":"https:\/\/secure.gravatar.com\/avatar\/dde2928154642a13d95f87ddf1ea9718fe2b46760a005c53e41ff5ad610704e6?s=96&d=mm&r=g","contentUrl":"https:\/\/secure.gravatar.com\/avatar\/dde2928154642a13d95f87ddf1ea9718fe2b46760a005c53e41ff5ad610704e6?s=96&d=mm&r=g","caption":"Nexo Informativo"},"url":"https:\/\/www.nexoinformativo.mx\/index.php\/author\/edicion\/"}]}},"_links":{"self":[{"href":"https:\/\/www.nexoinformativo.mx\/index.php\/wp-json\/wp\/v2\/posts\/13230","targetHints":{"allow":["GET"]}}],"collection":[{"href":"https:\/\/www.nexoinformativo.mx\/index.php\/wp-json\/wp\/v2\/posts"}],"about":[{"href":"https:\/\/www.nexoinformativo.mx\/index.php\/wp-json\/wp\/v2\/types\/post"}],"author":[{"embeddable":true,"href":"https:\/\/www.nexoinformativo.mx\/index.php\/wp-json\/wp\/v2\/users\/3"}],"replies":[{"embeddable":true,"href":"https:\/\/www.nexoinformativo.mx\/index.php\/wp-json\/wp\/v2\/comments?post=13230"}],"version-history":[{"count":3,"href":"https:\/\/www.nexoinformativo.mx\/index.php\/wp-json\/wp\/v2\/posts\/13230\/revisions"}],"predecessor-version":[{"id":13259,"href":"https:\/\/www.nexoinformativo.mx\/index.php\/wp-json\/wp\/v2\/posts\/13230\/revisions\/13259"}],"wp:featuredmedia":[{"embeddable":true,"href":"https:\/\/www.nexoinformativo.mx\/index.php\/wp-json\/wp\/v2\/media\/13258"}],"wp:attachment":[{"href":"https:\/\/www.nexoinformativo.mx\/index.php\/wp-json\/wp\/v2\/media?parent=13230"}],"wp:term":[{"taxonomy":"category","embeddable":true,"href":"https:\/\/www.nexoinformativo.mx\/index.php\/wp-json\/wp\/v2\/categories?post=13230"},{"taxonomy":"post_tag","embeddable":true,"href":"https:\/\/www.nexoinformativo.mx\/index.php\/wp-json\/wp\/v2\/tags?post=13230"}],"curies":[{"name":"wp","href":"https:\/\/api.w.org\/{rel}","templated":true}]}}