{"id":13235,"date":"2025-03-24T09:00:33","date_gmt":"2025-03-24T15:00:33","guid":{"rendered":"https:\/\/www.nexoinformativo.mx\/?p=13235"},"modified":"2025-03-24T13:02:54","modified_gmt":"2025-03-24T19:02:54","slug":"mexico-a-la-vanguardia-cofepris-simplifica-autorizacion-de-protocolos-clinicos-con-estandares-globales","status":"publish","type":"post","link":"https:\/\/www.nexoinformativo.mx\/index.php\/2025\/03\/24\/mexico-a-la-vanguardia-cofepris-simplifica-autorizacion-de-protocolos-clinicos-con-estandares-globales\/","title":{"rendered":"M\u00e9xico a la vanguardia COFEPRIS simplifica autorizaci\u00f3n de protocolos cl\u00ednicos con est\u00e1ndares globales"},"content":{"rendered":"<p style=\"text-align: justify;\" data-sourcepos=\"13:1-13:289\"><strong>La Comisi\u00f3n Federal para la Protecci\u00f3n contra Riesgos Sanitario<\/strong>s (COFEPRIS) ha dado un paso significativo hacia la modernizaci\u00f3n de la investigaci\u00f3n cl\u00ednica en M\u00e9xico, mediante la simplificaci\u00f3n y agilizaci\u00f3n de la autorizaci\u00f3n de protocolos de investigaci\u00f3n.<\/p>\n<\/p>\n<p>&nbsp;<\/p>\n<p style=\"text-align: justify;\" data-sourcepos=\"15:1-15:411\">Un nuevo acuerdo emitido por la Secretar\u00eda de Salud, a trav\u00e9s de COFEPRIS, permitir\u00e1 el reconocimiento de evaluaciones realizadas por agencias regulatorias internacionales de prestigio, como la EMA, FDA, MHRA y Health Canada.<\/p>\n<\/p>\n<p>&nbsp;<\/p>\n<p style=\"text-align: justify;\" data-sourcepos=\"15:1-15:411\">Esta medida busca facilitar el acceso de los pacientes mexicanos a terapias innovadoras y posicionar a M\u00e9xico como un l\u00edder en investigaci\u00f3n y desarrollo de medicamentos y tratamientos.<\/p>\n<\/p>\n<p>&nbsp;<\/p>\n<p style=\"text-align: justify;\" data-sourcepos=\"17:1-17:46\"><strong>Los objetivos principales de este acuerdo son:<\/strong><\/p>\n<\/p>\n<p>&nbsp;<\/p>\n<ul style=\"text-align: justify;\" data-sourcepos=\"19:1-22:0\">\n<li data-sourcepos=\"19:1-19:56\">Agilizar la evaluaci\u00f3n de protocolos de investigaci\u00f3n.<\/li>\n<li data-sourcepos=\"20:1-20:48\">Promover un entorno regulatorio m\u00e1s eficiente.<\/li>\n<li data-sourcepos=\"21:1-22:0\">Fomentar la colaboraci\u00f3n con agencias reguladoras internacionales.<\/li>\n<\/ul>\n<p>&nbsp;<\/p>\n<p style=\"text-align: justify;\" data-sourcepos=\"23:1-23:263\">Con esta acci\u00f3n, COFEPRIS se alinea con las directrices de la Organizaci\u00f3n Mundial de la Salud (OMS) y la Organizaci\u00f3n Panamericana de la Salud (OPS), garantizando que las terapias innovadoras cumplan con los m\u00e1s altos est\u00e1ndares de calidad, seguridad y eficacia.<\/p>\n<\/p>\n<p>&nbsp;<\/p>\n<p style=\"text-align: justify;\" data-sourcepos=\"25:1-25:158\">La Secretar\u00eda de Salud y COFEPRIS reafirman su compromiso con la salud de la poblaci\u00f3n mexicana y con el desarrollo de la investigaci\u00f3n cl\u00ednica de vanguardia.<\/p>\n<\/p>\n<p>&nbsp;<\/p>\n<p style=\"text-align: center;\" data-sourcepos=\"25:1-25:158\"><em><strong>\u00a1Informaci\u00f3n que transforma!<\/strong><\/em><\/p>\n","protected":false},"excerpt":{"rendered":"<p>La Comisi\u00f3n Federal para la Protecci\u00f3n contra Riesgos Sanitarios (COFEPRIS) ha dado un paso significativo hacia la modernizaci\u00f3n de la investigaci\u00f3n cl\u00ednica en M\u00e9xico, mediante la simplificaci\u00f3n y agilizaci\u00f3n de la autorizaci\u00f3n de protocolos de investigaci\u00f3n.<\/p>\n","protected":false},"author":3,"featured_media":13236,"comment_status":"open","ping_status":"open","sticky":false,"template":"","format":"standard","meta":{"footnotes":""},"categories":[88,58],"tags":[1414,3869,3868,884],"class_list":["post-13235","post","type-post","status-publish","format-standard","has-post-thumbnail","hentry","category-nacional","category-ultima-hora","tag-cofepris","tag-innovacionmedica","tag-investigacionclinica","tag-saludmexico"],"yoast_head":"<!-- This site is optimized with the Yoast SEO plugin v25.0 - https:\/\/yoast.com\/wordpress\/plugins\/seo\/ -->\n<title>M\u00e9xico a la vanguardia COFEPRIS simplifica autorizaci\u00f3n de protocolos cl\u00ednicos con est\u00e1ndares globales | Nexo Informativo Santiago de Quer\u00e9taro<\/title>\n<meta name=\"description\" content=\"M\u00e9xico a la vanguardia COFEPRIS simplifica autorizaci\u00f3n de protocolos cl\u00ednicos con est\u00e1ndares globales\" \/>\n<meta name=\"robots\" content=\"index, follow, max-snippet:-1, max-image-preview:large, max-video-preview:-1\" \/>\n<link rel=\"canonical\" href=\"https:\/\/www.nexoinformativo.mx\/index.php\/2025\/03\/24\/mexico-a-la-vanguardia-cofepris-simplifica-autorizacion-de-protocolos-clinicos-con-estandares-globales\/\" \/>\n<meta property=\"og:locale\" content=\"es_MX\" \/>\n<meta property=\"og:type\" content=\"article\" \/>\n<meta property=\"og:title\" content=\"M\u00e9xico a la vanguardia COFEPRIS simplifica autorizaci\u00f3n de protocolos cl\u00ednicos con est\u00e1ndares globales | Nexo Informativo Santiago de Quer\u00e9taro\" \/>\n<meta property=\"og:description\" content=\"M\u00e9xico a la vanguardia COFEPRIS simplifica autorizaci\u00f3n de protocolos cl\u00ednicos con est\u00e1ndares globales\" \/>\n<meta property=\"og:url\" content=\"https:\/\/www.nexoinformativo.mx\/index.php\/2025\/03\/24\/mexico-a-la-vanguardia-cofepris-simplifica-autorizacion-de-protocolos-clinicos-con-estandares-globales\/\" \/>\n<meta property=\"og:site_name\" content=\"Nexo Informativo Santiago de Quer\u00e9taro\" \/>\n<meta property=\"article:publisher\" content=\"https:\/\/www.facebook.com\/people\/Nexo-Informativo\/61564066885511\/\" \/>\n<meta property=\"article:published_time\" content=\"2025-03-24T15:00:33+00:00\" \/>\n<meta property=\"article:modified_time\" content=\"2025-03-24T19:02:54+00:00\" \/>\n<meta property=\"og:image\" content=\"https:\/\/www.nexoinformativo.mx\/wp-content\/uploads\/2025\/03\/pexels-rdne-6129115-e1742842935215.jpeg\" \/>\n\t<meta property=\"og:image:width\" content=\"800\" \/>\n\t<meta property=\"og:image:height\" content=\"533\" \/>\n\t<meta property=\"og:image:type\" content=\"image\/jpeg\" \/>\n<meta name=\"author\" content=\"Nexo Informativo\" \/>\n<meta name=\"twitter:card\" content=\"summary_large_image\" \/>\n<meta name=\"twitter:label1\" content=\"Escrito por\" \/>\n\t<meta name=\"twitter:data1\" content=\"Nexo Informativo\" \/>\n\t<meta name=\"twitter:label2\" content=\"Tiempo de lectura\" \/>\n\t<meta name=\"twitter:data2\" content=\"2 minutos\" \/>\n<script type=\"application\/ld+json\" class=\"yoast-schema-graph\">{\"@context\":\"https:\/\/schema.org\",\"@graph\":[{\"@type\":\"Article\",\"@id\":\"https:\/\/www.nexoinformativo.mx\/index.php\/2025\/03\/24\/mexico-a-la-vanguardia-cofepris-simplifica-autorizacion-de-protocolos-clinicos-con-estandares-globales\/#article\",\"isPartOf\":{\"@id\":\"https:\/\/www.nexoinformativo.mx\/index.php\/2025\/03\/24\/mexico-a-la-vanguardia-cofepris-simplifica-autorizacion-de-protocolos-clinicos-con-estandares-globales\/\"},\"author\":{\"name\":\"Nexo Informativo\",\"@id\":\"https:\/\/www.nexoinformativo.mx\/#\/schema\/person\/7749d380ba08c8ca00d7bc76fd907b7d\"},\"headline\":\"M\u00e9xico a la vanguardia COFEPRIS simplifica autorizaci\u00f3n de protocolos cl\u00ednicos con est\u00e1ndares globales\",\"datePublished\":\"2025-03-24T15:00:33+00:00\",\"dateModified\":\"2025-03-24T19:02:54+00:00\",\"mainEntityOfPage\":{\"@id\":\"https:\/\/www.nexoinformativo.mx\/index.php\/2025\/03\/24\/mexico-a-la-vanguardia-cofepris-simplifica-autorizacion-de-protocolos-clinicos-con-estandares-globales\/\"},\"wordCount\":247,\"commentCount\":0,\"publisher\":{\"@id\":\"https:\/\/www.nexoinformativo.mx\/#organization\"},\"image\":{\"@id\":\"https:\/\/www.nexoinformativo.mx\/index.php\/2025\/03\/24\/mexico-a-la-vanguardia-cofepris-simplifica-autorizacion-de-protocolos-clinicos-con-estandares-globales\/#primaryimage\"},\"thumbnailUrl\":\"https:\/\/www.nexoinformativo.mx\/wp-content\/uploads\/2025\/03\/pexels-rdne-6129115-e1742842935215.jpeg\",\"keywords\":[\"Cofepris\",\"Innovaci\u00f3nM\u00e9dica\",\"Investigaci\u00f3nCl\u00ednica\",\"SaludM\u00e9xico\"],\"articleSection\":[\"Nacional\",\"\u00daltima Hora\"],\"inLanguage\":\"es\",\"potentialAction\":[{\"@type\":\"CommentAction\",\"name\":\"Comment\",\"target\":[\"https:\/\/www.nexoinformativo.mx\/index.php\/2025\/03\/24\/mexico-a-la-vanguardia-cofepris-simplifica-autorizacion-de-protocolos-clinicos-con-estandares-globales\/#respond\"]}]},{\"@type\":\"WebPage\",\"@id\":\"https:\/\/www.nexoinformativo.mx\/index.php\/2025\/03\/24\/mexico-a-la-vanguardia-cofepris-simplifica-autorizacion-de-protocolos-clinicos-con-estandares-globales\/\",\"url\":\"https:\/\/www.nexoinformativo.mx\/index.php\/2025\/03\/24\/mexico-a-la-vanguardia-cofepris-simplifica-autorizacion-de-protocolos-clinicos-con-estandares-globales\/\",\"name\":\"M\u00e9xico a la vanguardia COFEPRIS simplifica autorizaci\u00f3n de protocolos cl\u00ednicos con est\u00e1ndares globales | Nexo Informativo Santiago de Quer\u00e9taro\",\"isPartOf\":{\"@id\":\"https:\/\/www.nexoinformativo.mx\/#website\"},\"primaryImageOfPage\":{\"@id\":\"https:\/\/www.nexoinformativo.mx\/index.php\/2025\/03\/24\/mexico-a-la-vanguardia-cofepris-simplifica-autorizacion-de-protocolos-clinicos-con-estandares-globales\/#primaryimage\"},\"image\":{\"@id\":\"https:\/\/www.nexoinformativo.mx\/index.php\/2025\/03\/24\/mexico-a-la-vanguardia-cofepris-simplifica-autorizacion-de-protocolos-clinicos-con-estandares-globales\/#primaryimage\"},\"thumbnailUrl\":\"https:\/\/www.nexoinformativo.mx\/wp-content\/uploads\/2025\/03\/pexels-rdne-6129115-e1742842935215.jpeg\",\"datePublished\":\"2025-03-24T15:00:33+00:00\",\"dateModified\":\"2025-03-24T19:02:54+00:00\",\"description\":\"M\u00e9xico a la vanguardia COFEPRIS simplifica autorizaci\u00f3n de protocolos cl\u00ednicos con est\u00e1ndares globales\",\"breadcrumb\":{\"@id\":\"https:\/\/www.nexoinformativo.mx\/index.php\/2025\/03\/24\/mexico-a-la-vanguardia-cofepris-simplifica-autorizacion-de-protocolos-clinicos-con-estandares-globales\/#breadcrumb\"},\"inLanguage\":\"es\",\"potentialAction\":[{\"@type\":\"ReadAction\",\"target\":[\"https:\/\/www.nexoinformativo.mx\/index.php\/2025\/03\/24\/mexico-a-la-vanguardia-cofepris-simplifica-autorizacion-de-protocolos-clinicos-con-estandares-globales\/\"]}]},{\"@type\":\"ImageObject\",\"inLanguage\":\"es\",\"@id\":\"https:\/\/www.nexoinformativo.mx\/index.php\/2025\/03\/24\/mexico-a-la-vanguardia-cofepris-simplifica-autorizacion-de-protocolos-clinicos-con-estandares-globales\/#primaryimage\",\"url\":\"https:\/\/www.nexoinformativo.mx\/wp-content\/uploads\/2025\/03\/pexels-rdne-6129115-e1742842935215.jpeg\",\"contentUrl\":\"https:\/\/www.nexoinformativo.mx\/wp-content\/uploads\/2025\/03\/pexels-rdne-6129115-e1742842935215.jpeg\",\"width\":800,\"height\":533},{\"@type\":\"BreadcrumbList\",\"@id\":\"https:\/\/www.nexoinformativo.mx\/index.php\/2025\/03\/24\/mexico-a-la-vanguardia-cofepris-simplifica-autorizacion-de-protocolos-clinicos-con-estandares-globales\/#breadcrumb\",\"itemListElement\":[{\"@type\":\"ListItem\",\"position\":1,\"name\":\"Inicio\",\"item\":\"https:\/\/www.nexoinformativo.mx\/\"},{\"@type\":\"ListItem\",\"position\":2,\"name\":\"M\u00e9xico a la vanguardia COFEPRIS simplifica autorizaci\u00f3n de protocolos cl\u00ednicos con est\u00e1ndares globales\"}]},{\"@type\":\"WebSite\",\"@id\":\"https:\/\/www.nexoinformativo.mx\/#website\",\"url\":\"https:\/\/www.nexoinformativo.mx\/\",\"name\":\"Nexo Informativo Santiago de Quer\u00e9taro\",\"description\":\"Explora NexoInformativo y convi\u00e9rtete en parte de una comunidad que valora el conocimiento y la verdad. Tu nexoinformativo es tu puente hacia una comprensi\u00f3n m\u00e1s profunda del mundo que te rodea.\",\"publisher\":{\"@id\":\"https:\/\/www.nexoinformativo.mx\/#organization\"},\"potentialAction\":[{\"@type\":\"SearchAction\",\"target\":{\"@type\":\"EntryPoint\",\"urlTemplate\":\"https:\/\/www.nexoinformativo.mx\/?s={search_term_string}\"},\"query-input\":{\"@type\":\"PropertyValueSpecification\",\"valueRequired\":true,\"valueName\":\"search_term_string\"}}],\"inLanguage\":\"es\"},{\"@type\":\"Organization\",\"@id\":\"https:\/\/www.nexoinformativo.mx\/#organization\",\"name\":\"Nexo Informativo Santiago de Quer\u00e9taro\",\"url\":\"https:\/\/www.nexoinformativo.mx\/\",\"logo\":{\"@type\":\"ImageObject\",\"inLanguage\":\"es\",\"@id\":\"https:\/\/www.nexoinformativo.mx\/#\/schema\/logo\/image\/\",\"url\":\"https:\/\/www.nexoinformativo.mx\/wp-content\/uploads\/2024\/07\/nexoi-trasparente-2.png\",\"contentUrl\":\"https:\/\/www.nexoinformativo.mx\/wp-content\/uploads\/2024\/07\/nexoi-trasparente-2.png\",\"width\":816,\"height\":339,\"caption\":\"Nexo Informativo Santiago de Quer\u00e9taro\"},\"image\":{\"@id\":\"https:\/\/www.nexoinformativo.mx\/#\/schema\/logo\/image\/\"},\"sameAs\":[\"https:\/\/www.facebook.com\/people\/Nexo-Informativo\/61564066885511\/\"]},{\"@type\":\"Person\",\"@id\":\"https:\/\/www.nexoinformativo.mx\/#\/schema\/person\/7749d380ba08c8ca00d7bc76fd907b7d\",\"name\":\"Nexo Informativo\",\"image\":{\"@type\":\"ImageObject\",\"inLanguage\":\"es\",\"@id\":\"https:\/\/www.nexoinformativo.mx\/#\/schema\/person\/image\/\",\"url\":\"https:\/\/secure.gravatar.com\/avatar\/dde2928154642a13d95f87ddf1ea9718fe2b46760a005c53e41ff5ad610704e6?s=96&d=mm&r=g\",\"contentUrl\":\"https:\/\/secure.gravatar.com\/avatar\/dde2928154642a13d95f87ddf1ea9718fe2b46760a005c53e41ff5ad610704e6?s=96&d=mm&r=g\",\"caption\":\"Nexo Informativo\"},\"url\":\"https:\/\/www.nexoinformativo.mx\/index.php\/author\/edicion\/\"}]}<\/script>\n<!-- \/ Yoast SEO plugin. -->","yoast_head_json":{"title":"M\u00e9xico a la vanguardia COFEPRIS simplifica autorizaci\u00f3n de protocolos cl\u00ednicos con est\u00e1ndares globales | Nexo Informativo Santiago de Quer\u00e9taro","description":"M\u00e9xico a la vanguardia COFEPRIS simplifica autorizaci\u00f3n de protocolos cl\u00ednicos con est\u00e1ndares globales","robots":{"index":"index","follow":"follow","max-snippet":"max-snippet:-1","max-image-preview":"max-image-preview:large","max-video-preview":"max-video-preview:-1"},"canonical":"https:\/\/www.nexoinformativo.mx\/index.php\/2025\/03\/24\/mexico-a-la-vanguardia-cofepris-simplifica-autorizacion-de-protocolos-clinicos-con-estandares-globales\/","og_locale":"es_MX","og_type":"article","og_title":"M\u00e9xico a la vanguardia COFEPRIS simplifica autorizaci\u00f3n de protocolos cl\u00ednicos con est\u00e1ndares globales | Nexo Informativo Santiago de Quer\u00e9taro","og_description":"M\u00e9xico a la vanguardia COFEPRIS simplifica autorizaci\u00f3n de protocolos cl\u00ednicos con est\u00e1ndares globales","og_url":"https:\/\/www.nexoinformativo.mx\/index.php\/2025\/03\/24\/mexico-a-la-vanguardia-cofepris-simplifica-autorizacion-de-protocolos-clinicos-con-estandares-globales\/","og_site_name":"Nexo Informativo Santiago de Quer\u00e9taro","article_publisher":"https:\/\/www.facebook.com\/people\/Nexo-Informativo\/61564066885511\/","article_published_time":"2025-03-24T15:00:33+00:00","article_modified_time":"2025-03-24T19:02:54+00:00","og_image":[{"width":800,"height":533,"url":"https:\/\/www.nexoinformativo.mx\/wp-content\/uploads\/2025\/03\/pexels-rdne-6129115-e1742842935215.jpeg","type":"image\/jpeg"}],"author":"Nexo Informativo","twitter_card":"summary_large_image","twitter_misc":{"Escrito por":"Nexo Informativo","Tiempo de lectura":"2 minutos"},"schema":{"@context":"https:\/\/schema.org","@graph":[{"@type":"Article","@id":"https:\/\/www.nexoinformativo.mx\/index.php\/2025\/03\/24\/mexico-a-la-vanguardia-cofepris-simplifica-autorizacion-de-protocolos-clinicos-con-estandares-globales\/#article","isPartOf":{"@id":"https:\/\/www.nexoinformativo.mx\/index.php\/2025\/03\/24\/mexico-a-la-vanguardia-cofepris-simplifica-autorizacion-de-protocolos-clinicos-con-estandares-globales\/"},"author":{"name":"Nexo Informativo","@id":"https:\/\/www.nexoinformativo.mx\/#\/schema\/person\/7749d380ba08c8ca00d7bc76fd907b7d"},"headline":"M\u00e9xico a la vanguardia COFEPRIS simplifica autorizaci\u00f3n de protocolos cl\u00ednicos con est\u00e1ndares globales","datePublished":"2025-03-24T15:00:33+00:00","dateModified":"2025-03-24T19:02:54+00:00","mainEntityOfPage":{"@id":"https:\/\/www.nexoinformativo.mx\/index.php\/2025\/03\/24\/mexico-a-la-vanguardia-cofepris-simplifica-autorizacion-de-protocolos-clinicos-con-estandares-globales\/"},"wordCount":247,"commentCount":0,"publisher":{"@id":"https:\/\/www.nexoinformativo.mx\/#organization"},"image":{"@id":"https:\/\/www.nexoinformativo.mx\/index.php\/2025\/03\/24\/mexico-a-la-vanguardia-cofepris-simplifica-autorizacion-de-protocolos-clinicos-con-estandares-globales\/#primaryimage"},"thumbnailUrl":"https:\/\/www.nexoinformativo.mx\/wp-content\/uploads\/2025\/03\/pexels-rdne-6129115-e1742842935215.jpeg","keywords":["Cofepris","Innovaci\u00f3nM\u00e9dica","Investigaci\u00f3nCl\u00ednica","SaludM\u00e9xico"],"articleSection":["Nacional","\u00daltima Hora"],"inLanguage":"es","potentialAction":[{"@type":"CommentAction","name":"Comment","target":["https:\/\/www.nexoinformativo.mx\/index.php\/2025\/03\/24\/mexico-a-la-vanguardia-cofepris-simplifica-autorizacion-de-protocolos-clinicos-con-estandares-globales\/#respond"]}]},{"@type":"WebPage","@id":"https:\/\/www.nexoinformativo.mx\/index.php\/2025\/03\/24\/mexico-a-la-vanguardia-cofepris-simplifica-autorizacion-de-protocolos-clinicos-con-estandares-globales\/","url":"https:\/\/www.nexoinformativo.mx\/index.php\/2025\/03\/24\/mexico-a-la-vanguardia-cofepris-simplifica-autorizacion-de-protocolos-clinicos-con-estandares-globales\/","name":"M\u00e9xico a la vanguardia COFEPRIS simplifica autorizaci\u00f3n de protocolos cl\u00ednicos con est\u00e1ndares globales | Nexo Informativo Santiago de Quer\u00e9taro","isPartOf":{"@id":"https:\/\/www.nexoinformativo.mx\/#website"},"primaryImageOfPage":{"@id":"https:\/\/www.nexoinformativo.mx\/index.php\/2025\/03\/24\/mexico-a-la-vanguardia-cofepris-simplifica-autorizacion-de-protocolos-clinicos-con-estandares-globales\/#primaryimage"},"image":{"@id":"https:\/\/www.nexoinformativo.mx\/index.php\/2025\/03\/24\/mexico-a-la-vanguardia-cofepris-simplifica-autorizacion-de-protocolos-clinicos-con-estandares-globales\/#primaryimage"},"thumbnailUrl":"https:\/\/www.nexoinformativo.mx\/wp-content\/uploads\/2025\/03\/pexels-rdne-6129115-e1742842935215.jpeg","datePublished":"2025-03-24T15:00:33+00:00","dateModified":"2025-03-24T19:02:54+00:00","description":"M\u00e9xico a la vanguardia COFEPRIS simplifica autorizaci\u00f3n de protocolos cl\u00ednicos con est\u00e1ndares globales","breadcrumb":{"@id":"https:\/\/www.nexoinformativo.mx\/index.php\/2025\/03\/24\/mexico-a-la-vanguardia-cofepris-simplifica-autorizacion-de-protocolos-clinicos-con-estandares-globales\/#breadcrumb"},"inLanguage":"es","potentialAction":[{"@type":"ReadAction","target":["https:\/\/www.nexoinformativo.mx\/index.php\/2025\/03\/24\/mexico-a-la-vanguardia-cofepris-simplifica-autorizacion-de-protocolos-clinicos-con-estandares-globales\/"]}]},{"@type":"ImageObject","inLanguage":"es","@id":"https:\/\/www.nexoinformativo.mx\/index.php\/2025\/03\/24\/mexico-a-la-vanguardia-cofepris-simplifica-autorizacion-de-protocolos-clinicos-con-estandares-globales\/#primaryimage","url":"https:\/\/www.nexoinformativo.mx\/wp-content\/uploads\/2025\/03\/pexels-rdne-6129115-e1742842935215.jpeg","contentUrl":"https:\/\/www.nexoinformativo.mx\/wp-content\/uploads\/2025\/03\/pexels-rdne-6129115-e1742842935215.jpeg","width":800,"height":533},{"@type":"BreadcrumbList","@id":"https:\/\/www.nexoinformativo.mx\/index.php\/2025\/03\/24\/mexico-a-la-vanguardia-cofepris-simplifica-autorizacion-de-protocolos-clinicos-con-estandares-globales\/#breadcrumb","itemListElement":[{"@type":"ListItem","position":1,"name":"Inicio","item":"https:\/\/www.nexoinformativo.mx\/"},{"@type":"ListItem","position":2,"name":"M\u00e9xico a la vanguardia COFEPRIS simplifica autorizaci\u00f3n de protocolos cl\u00ednicos con est\u00e1ndares globales"}]},{"@type":"WebSite","@id":"https:\/\/www.nexoinformativo.mx\/#website","url":"https:\/\/www.nexoinformativo.mx\/","name":"Nexo Informativo Santiago de Quer\u00e9taro","description":"Explora NexoInformativo y convi\u00e9rtete en parte de una comunidad que valora el conocimiento y la verdad. Tu nexoinformativo es tu puente hacia una comprensi\u00f3n m\u00e1s profunda del mundo que te rodea.","publisher":{"@id":"https:\/\/www.nexoinformativo.mx\/#organization"},"potentialAction":[{"@type":"SearchAction","target":{"@type":"EntryPoint","urlTemplate":"https:\/\/www.nexoinformativo.mx\/?s={search_term_string}"},"query-input":{"@type":"PropertyValueSpecification","valueRequired":true,"valueName":"search_term_string"}}],"inLanguage":"es"},{"@type":"Organization","@id":"https:\/\/www.nexoinformativo.mx\/#organization","name":"Nexo Informativo Santiago de Quer\u00e9taro","url":"https:\/\/www.nexoinformativo.mx\/","logo":{"@type":"ImageObject","inLanguage":"es","@id":"https:\/\/www.nexoinformativo.mx\/#\/schema\/logo\/image\/","url":"https:\/\/www.nexoinformativo.mx\/wp-content\/uploads\/2024\/07\/nexoi-trasparente-2.png","contentUrl":"https:\/\/www.nexoinformativo.mx\/wp-content\/uploads\/2024\/07\/nexoi-trasparente-2.png","width":816,"height":339,"caption":"Nexo Informativo Santiago de Quer\u00e9taro"},"image":{"@id":"https:\/\/www.nexoinformativo.mx\/#\/schema\/logo\/image\/"},"sameAs":["https:\/\/www.facebook.com\/people\/Nexo-Informativo\/61564066885511\/"]},{"@type":"Person","@id":"https:\/\/www.nexoinformativo.mx\/#\/schema\/person\/7749d380ba08c8ca00d7bc76fd907b7d","name":"Nexo Informativo","image":{"@type":"ImageObject","inLanguage":"es","@id":"https:\/\/www.nexoinformativo.mx\/#\/schema\/person\/image\/","url":"https:\/\/secure.gravatar.com\/avatar\/dde2928154642a13d95f87ddf1ea9718fe2b46760a005c53e41ff5ad610704e6?s=96&d=mm&r=g","contentUrl":"https:\/\/secure.gravatar.com\/avatar\/dde2928154642a13d95f87ddf1ea9718fe2b46760a005c53e41ff5ad610704e6?s=96&d=mm&r=g","caption":"Nexo Informativo"},"url":"https:\/\/www.nexoinformativo.mx\/index.php\/author\/edicion\/"}]}},"_links":{"self":[{"href":"https:\/\/www.nexoinformativo.mx\/index.php\/wp-json\/wp\/v2\/posts\/13235","targetHints":{"allow":["GET"]}}],"collection":[{"href":"https:\/\/www.nexoinformativo.mx\/index.php\/wp-json\/wp\/v2\/posts"}],"about":[{"href":"https:\/\/www.nexoinformativo.mx\/index.php\/wp-json\/wp\/v2\/types\/post"}],"author":[{"embeddable":true,"href":"https:\/\/www.nexoinformativo.mx\/index.php\/wp-json\/wp\/v2\/users\/3"}],"replies":[{"embeddable":true,"href":"https:\/\/www.nexoinformativo.mx\/index.php\/wp-json\/wp\/v2\/comments?post=13235"}],"version-history":[{"count":3,"href":"https:\/\/www.nexoinformativo.mx\/index.php\/wp-json\/wp\/v2\/posts\/13235\/revisions"}],"predecessor-version":[{"id":13239,"href":"https:\/\/www.nexoinformativo.mx\/index.php\/wp-json\/wp\/v2\/posts\/13235\/revisions\/13239"}],"wp:featuredmedia":[{"embeddable":true,"href":"https:\/\/www.nexoinformativo.mx\/index.php\/wp-json\/wp\/v2\/media\/13236"}],"wp:attachment":[{"href":"https:\/\/www.nexoinformativo.mx\/index.php\/wp-json\/wp\/v2\/media?parent=13235"}],"wp:term":[{"taxonomy":"category","embeddable":true,"href":"https:\/\/www.nexoinformativo.mx\/index.php\/wp-json\/wp\/v2\/categories?post=13235"},{"taxonomy":"post_tag","embeddable":true,"href":"https:\/\/www.nexoinformativo.mx\/index.php\/wp-json\/wp\/v2\/tags?post=13235"}],"curies":[{"name":"wp","href":"https:\/\/api.w.org\/{rel}","templated":true}]}}