{"id":13240,"date":"2025-03-24T10:00:25","date_gmt":"2025-03-24T16:00:25","guid":{"rendered":"https:\/\/www.nexoinformativo.mx\/?p=13240"},"modified":"2025-03-24T13:08:29","modified_gmt":"2025-03-24T19:08:29","slug":"armas-fuera-de-casa-queretaro-y-sedena-lanzan-programa-cambia-tu-arma-y-recibe-apoyo-economico","status":"publish","type":"post","link":"https:\/\/www.nexoinformativo.mx\/index.php\/2025\/03\/24\/armas-fuera-de-casa-queretaro-y-sedena-lanzan-programa-cambia-tu-arma-y-recibe-apoyo-economico\/","title":{"rendered":"Armas fuera de casa Quer\u00e9taro y SEDENA lanzan programa cambia tu arma y recibe apoyo econ\u00f3mico"},"content":{"rendered":"<p style=\"text-align: justify;\" data-sourcepos=\"13:1-13:343\">Con el objetivo de construir entornos seguros y libres de violencia, el Gobierno del Estado de Quer\u00e9taro y la XVII Zona Militar de la Secretar\u00eda de la Defensa Nacional (SEDENA) han firmado un convenio de colaboraci\u00f3n para implementar el programa &#8220;Cambia tu arma por la paz&#8221; en los 18 municipios de la entidad.<\/p>\n<p>&nbsp;<\/p>\n<p style=\"text-align: justify;\" data-sourcepos=\"15:1-15:283\">El secretario de Gobierno, Carlos Alberto Alcaraz, destac\u00f3 la prioridad del gobernador Mauricio Kuri de mantener la seguridad en el estado, subrayando la importancia de erradicar la presencia de armas de fuego en los hogares para disminuir la incidencia delictiva.<\/p>\n<p>&nbsp;<\/p>\n<p style=\"text-align: justify;\" data-sourcepos=\"17:1-17:344\">El programa, que inicia este lunes y ser\u00e1 permanente, invita a la poblaci\u00f3n a entregar de manera voluntaria y an\u00f3nima armas de fuego y municiones a la SEDENA, a cambio de un est\u00edmulo econ\u00f3mico.<\/p>\n<\/p>\n<p>&nbsp;<\/p>\n<p style=\"text-align: justify;\" data-sourcepos=\"17:1-17:344\">El monto del apoyo ser\u00e1 determinado por la SEDENA, y los fondos son proporcionados por el Poder Ejecutivo del Estado para apoyar la econom\u00eda familiar.<\/p>\n<p>&nbsp;<\/p>\n<p style=\"text-align: justify;\" data-sourcepos=\"19:1-19:246\">El comandante de la XVII Zona Militar, Vinicio Perea Alcaraz, y el secretario de Gobierno, Carlos Alberto Alcaraz Guti\u00e9rrez, exhortaron a la poblaci\u00f3n a participar en este programa, que busca disminuir la cantidad de armas en posesi\u00f3n de civiles.<\/p>\n<p>&nbsp;<\/p>\n<p style=\"text-align: center;\" data-sourcepos=\"19:1-19:246\"><em><strong>\u00a1Informaci\u00f3n que transforma!<\/strong><\/em><\/p>\n","protected":false},"excerpt":{"rendered":"<p>Con el objetivo de construir entornos seguros y libres de violencia, el Gobierno del Estado de Quer\u00e9taro y la XVII Zona Militar de la Secretar\u00eda de la Defensa Nacional (SEDENA) han firmado un convenio de colaboraci\u00f3n para implementar el programa &#8220;Cambia tu arma por la paz&#8221; en los 18 municipios de la entidad.<\/p>\n","protected":false},"author":3,"featured_media":13242,"comment_status":"open","ping_status":"open","sticky":false,"template":"","format":"standard","meta":{"footnotes":""},"categories":[42,58],"tags":[3870,1326,1028,266],"class_list":["post-13240","post","type-post","status-publish","format-standard","has-post-thumbnail","hentry","category-estado","category-ultima-hora","tag-cambiatuarma","tag-pazqueretaro","tag-sedena","tag-seguridadqueretaro"],"yoast_head":"<!-- This site is optimized with the Yoast SEO plugin v25.0 - https:\/\/yoast.com\/wordpress\/plugins\/seo\/ -->\n<title>Armas fuera de casa Quer\u00e9taro y SEDENA lanzan programa cambia tu arma y recibe apoyo econ\u00f3mico | Nexo Informativo Santiago de Quer\u00e9taro<\/title>\n<meta name=\"description\" content=\"Armas fuera de casa Quer\u00e9taro y SEDENA lanzan programa cambia tu arma y recibe apoyo econ\u00f3mico\" \/>\n<meta name=\"robots\" content=\"index, follow, max-snippet:-1, max-image-preview:large, max-video-preview:-1\" \/>\n<link rel=\"canonical\" href=\"https:\/\/www.nexoinformativo.mx\/index.php\/2025\/03\/24\/armas-fuera-de-casa-queretaro-y-sedena-lanzan-programa-cambia-tu-arma-y-recibe-apoyo-economico\/\" \/>\n<meta property=\"og:locale\" content=\"es_MX\" \/>\n<meta property=\"og:type\" content=\"article\" \/>\n<meta property=\"og:title\" content=\"Armas fuera de casa Quer\u00e9taro y SEDENA lanzan programa cambia tu arma y recibe apoyo econ\u00f3mico | Nexo Informativo Santiago de Quer\u00e9taro\" \/>\n<meta property=\"og:description\" content=\"Armas fuera de casa Quer\u00e9taro y SEDENA lanzan programa cambia tu arma y recibe apoyo econ\u00f3mico\" \/>\n<meta property=\"og:url\" content=\"https:\/\/www.nexoinformativo.mx\/index.php\/2025\/03\/24\/armas-fuera-de-casa-queretaro-y-sedena-lanzan-programa-cambia-tu-arma-y-recibe-apoyo-economico\/\" \/>\n<meta property=\"og:site_name\" content=\"Nexo Informativo Santiago de Quer\u00e9taro\" \/>\n<meta property=\"article:publisher\" content=\"https:\/\/www.facebook.com\/people\/Nexo-Informativo\/61564066885511\/\" \/>\n<meta property=\"article:published_time\" content=\"2025-03-24T16:00:25+00:00\" \/>\n<meta property=\"article:modified_time\" content=\"2025-03-24T19:08:29+00:00\" \/>\n<meta property=\"og:image\" content=\"https:\/\/www.nexoinformativo.mx\/wp-content\/uploads\/2025\/03\/PHOTO-2025-03-24-12-43-21-e1742843243684.jpg\" \/>\n\t<meta property=\"og:image:width\" content=\"800\" \/>\n\t<meta property=\"og:image:height\" content=\"533\" \/>\n\t<meta property=\"og:image:type\" content=\"image\/jpeg\" \/>\n<meta name=\"author\" content=\"Nexo Informativo\" \/>\n<meta name=\"twitter:card\" content=\"summary_large_image\" \/>\n<meta name=\"twitter:label1\" content=\"Escrito por\" \/>\n\t<meta name=\"twitter:data1\" content=\"Nexo Informativo\" \/>\n\t<meta name=\"twitter:label2\" content=\"Tiempo de lectura\" \/>\n\t<meta name=\"twitter:data2\" content=\"2 minutos\" \/>\n<script type=\"application\/ld+json\" class=\"yoast-schema-graph\">{\"@context\":\"https:\/\/schema.org\",\"@graph\":[{\"@type\":\"Article\",\"@id\":\"https:\/\/www.nexoinformativo.mx\/index.php\/2025\/03\/24\/armas-fuera-de-casa-queretaro-y-sedena-lanzan-programa-cambia-tu-arma-y-recibe-apoyo-economico\/#article\",\"isPartOf\":{\"@id\":\"https:\/\/www.nexoinformativo.mx\/index.php\/2025\/03\/24\/armas-fuera-de-casa-queretaro-y-sedena-lanzan-programa-cambia-tu-arma-y-recibe-apoyo-economico\/\"},\"author\":{\"name\":\"Nexo Informativo\",\"@id\":\"https:\/\/www.nexoinformativo.mx\/#\/schema\/person\/7749d380ba08c8ca00d7bc76fd907b7d\"},\"headline\":\"Armas fuera de casa Quer\u00e9taro y SEDENA lanzan programa cambia tu arma y recibe apoyo econ\u00f3mico\",\"datePublished\":\"2025-03-24T16:00:25+00:00\",\"dateModified\":\"2025-03-24T19:08:29+00:00\",\"mainEntityOfPage\":{\"@id\":\"https:\/\/www.nexoinformativo.mx\/index.php\/2025\/03\/24\/armas-fuera-de-casa-queretaro-y-sedena-lanzan-programa-cambia-tu-arma-y-recibe-apoyo-economico\/\"},\"wordCount\":228,\"commentCount\":0,\"publisher\":{\"@id\":\"https:\/\/www.nexoinformativo.mx\/#organization\"},\"image\":{\"@id\":\"https:\/\/www.nexoinformativo.mx\/index.php\/2025\/03\/24\/armas-fuera-de-casa-queretaro-y-sedena-lanzan-programa-cambia-tu-arma-y-recibe-apoyo-economico\/#primaryimage\"},\"thumbnailUrl\":\"https:\/\/www.nexoinformativo.mx\/wp-content\/uploads\/2025\/03\/PHOTO-2025-03-24-12-43-21-e1742843243684.jpg\",\"keywords\":[\"CambiaTuArma\",\"PazQuer\u00e9taro\",\"SEDENA\",\"SeguridadQueretaro\"],\"articleSection\":[\"Estado\",\"\u00daltima Hora\"],\"inLanguage\":\"es\",\"potentialAction\":[{\"@type\":\"CommentAction\",\"name\":\"Comment\",\"target\":[\"https:\/\/www.nexoinformativo.mx\/index.php\/2025\/03\/24\/armas-fuera-de-casa-queretaro-y-sedena-lanzan-programa-cambia-tu-arma-y-recibe-apoyo-economico\/#respond\"]}]},{\"@type\":\"WebPage\",\"@id\":\"https:\/\/www.nexoinformativo.mx\/index.php\/2025\/03\/24\/armas-fuera-de-casa-queretaro-y-sedena-lanzan-programa-cambia-tu-arma-y-recibe-apoyo-economico\/\",\"url\":\"https:\/\/www.nexoinformativo.mx\/index.php\/2025\/03\/24\/armas-fuera-de-casa-queretaro-y-sedena-lanzan-programa-cambia-tu-arma-y-recibe-apoyo-economico\/\",\"name\":\"Armas fuera de casa Quer\u00e9taro y SEDENA lanzan programa cambia tu arma y recibe apoyo econ\u00f3mico | Nexo Informativo Santiago de Quer\u00e9taro\",\"isPartOf\":{\"@id\":\"https:\/\/www.nexoinformativo.mx\/#website\"},\"primaryImageOfPage\":{\"@id\":\"https:\/\/www.nexoinformativo.mx\/index.php\/2025\/03\/24\/armas-fuera-de-casa-queretaro-y-sedena-lanzan-programa-cambia-tu-arma-y-recibe-apoyo-economico\/#primaryimage\"},\"image\":{\"@id\":\"https:\/\/www.nexoinformativo.mx\/index.php\/2025\/03\/24\/armas-fuera-de-casa-queretaro-y-sedena-lanzan-programa-cambia-tu-arma-y-recibe-apoyo-economico\/#primaryimage\"},\"thumbnailUrl\":\"https:\/\/www.nexoinformativo.mx\/wp-content\/uploads\/2025\/03\/PHOTO-2025-03-24-12-43-21-e1742843243684.jpg\",\"datePublished\":\"2025-03-24T16:00:25+00:00\",\"dateModified\":\"2025-03-24T19:08:29+00:00\",\"description\":\"Armas fuera de casa Quer\u00e9taro y SEDENA lanzan programa cambia tu arma y recibe apoyo econ\u00f3mico\",\"breadcrumb\":{\"@id\":\"https:\/\/www.nexoinformativo.mx\/index.php\/2025\/03\/24\/armas-fuera-de-casa-queretaro-y-sedena-lanzan-programa-cambia-tu-arma-y-recibe-apoyo-economico\/#breadcrumb\"},\"inLanguage\":\"es\",\"potentialAction\":[{\"@type\":\"ReadAction\",\"target\":[\"https:\/\/www.nexoinformativo.mx\/index.php\/2025\/03\/24\/armas-fuera-de-casa-queretaro-y-sedena-lanzan-programa-cambia-tu-arma-y-recibe-apoyo-economico\/\"]}]},{\"@type\":\"ImageObject\",\"inLanguage\":\"es\",\"@id\":\"https:\/\/www.nexoinformativo.mx\/index.php\/2025\/03\/24\/armas-fuera-de-casa-queretaro-y-sedena-lanzan-programa-cambia-tu-arma-y-recibe-apoyo-economico\/#primaryimage\",\"url\":\"https:\/\/www.nexoinformativo.mx\/wp-content\/uploads\/2025\/03\/PHOTO-2025-03-24-12-43-21-e1742843243684.jpg\",\"contentUrl\":\"https:\/\/www.nexoinformativo.mx\/wp-content\/uploads\/2025\/03\/PHOTO-2025-03-24-12-43-21-e1742843243684.jpg\",\"width\":800,\"height\":533},{\"@type\":\"BreadcrumbList\",\"@id\":\"https:\/\/www.nexoinformativo.mx\/index.php\/2025\/03\/24\/armas-fuera-de-casa-queretaro-y-sedena-lanzan-programa-cambia-tu-arma-y-recibe-apoyo-economico\/#breadcrumb\",\"itemListElement\":[{\"@type\":\"ListItem\",\"position\":1,\"name\":\"Inicio\",\"item\":\"https:\/\/www.nexoinformativo.mx\/\"},{\"@type\":\"ListItem\",\"position\":2,\"name\":\"Armas fuera de casa Quer\u00e9taro y SEDENA lanzan programa cambia tu arma y recibe apoyo econ\u00f3mico\"}]},{\"@type\":\"WebSite\",\"@id\":\"https:\/\/www.nexoinformativo.mx\/#website\",\"url\":\"https:\/\/www.nexoinformativo.mx\/\",\"name\":\"Nexo Informativo Santiago de Quer\u00e9taro\",\"description\":\"Explora NexoInformativo y convi\u00e9rtete en parte de una comunidad que valora el conocimiento y la verdad. Tu nexoinformativo es tu puente hacia una comprensi\u00f3n m\u00e1s profunda del mundo que te rodea.\",\"publisher\":{\"@id\":\"https:\/\/www.nexoinformativo.mx\/#organization\"},\"potentialAction\":[{\"@type\":\"SearchAction\",\"target\":{\"@type\":\"EntryPoint\",\"urlTemplate\":\"https:\/\/www.nexoinformativo.mx\/?s={search_term_string}\"},\"query-input\":{\"@type\":\"PropertyValueSpecification\",\"valueRequired\":true,\"valueName\":\"search_term_string\"}}],\"inLanguage\":\"es\"},{\"@type\":\"Organization\",\"@id\":\"https:\/\/www.nexoinformativo.mx\/#organization\",\"name\":\"Nexo Informativo Santiago de Quer\u00e9taro\",\"url\":\"https:\/\/www.nexoinformativo.mx\/\",\"logo\":{\"@type\":\"ImageObject\",\"inLanguage\":\"es\",\"@id\":\"https:\/\/www.nexoinformativo.mx\/#\/schema\/logo\/image\/\",\"url\":\"https:\/\/www.nexoinformativo.mx\/wp-content\/uploads\/2024\/07\/nexoi-trasparente-2.png\",\"contentUrl\":\"https:\/\/www.nexoinformativo.mx\/wp-content\/uploads\/2024\/07\/nexoi-trasparente-2.png\",\"width\":816,\"height\":339,\"caption\":\"Nexo Informativo Santiago de Quer\u00e9taro\"},\"image\":{\"@id\":\"https:\/\/www.nexoinformativo.mx\/#\/schema\/logo\/image\/\"},\"sameAs\":[\"https:\/\/www.facebook.com\/people\/Nexo-Informativo\/61564066885511\/\"]},{\"@type\":\"Person\",\"@id\":\"https:\/\/www.nexoinformativo.mx\/#\/schema\/person\/7749d380ba08c8ca00d7bc76fd907b7d\",\"name\":\"Nexo Informativo\",\"image\":{\"@type\":\"ImageObject\",\"inLanguage\":\"es\",\"@id\":\"https:\/\/www.nexoinformativo.mx\/#\/schema\/person\/image\/\",\"url\":\"https:\/\/secure.gravatar.com\/avatar\/dde2928154642a13d95f87ddf1ea9718fe2b46760a005c53e41ff5ad610704e6?s=96&d=mm&r=g\",\"contentUrl\":\"https:\/\/secure.gravatar.com\/avatar\/dde2928154642a13d95f87ddf1ea9718fe2b46760a005c53e41ff5ad610704e6?s=96&d=mm&r=g\",\"caption\":\"Nexo Informativo\"},\"url\":\"https:\/\/www.nexoinformativo.mx\/index.php\/author\/edicion\/\"}]}<\/script>\n<!-- \/ Yoast SEO plugin. -->","yoast_head_json":{"title":"Armas fuera de casa Quer\u00e9taro y SEDENA lanzan programa cambia tu arma y recibe apoyo econ\u00f3mico | Nexo Informativo Santiago de Quer\u00e9taro","description":"Armas fuera de casa Quer\u00e9taro y SEDENA lanzan programa cambia tu arma y recibe apoyo econ\u00f3mico","robots":{"index":"index","follow":"follow","max-snippet":"max-snippet:-1","max-image-preview":"max-image-preview:large","max-video-preview":"max-video-preview:-1"},"canonical":"https:\/\/www.nexoinformativo.mx\/index.php\/2025\/03\/24\/armas-fuera-de-casa-queretaro-y-sedena-lanzan-programa-cambia-tu-arma-y-recibe-apoyo-economico\/","og_locale":"es_MX","og_type":"article","og_title":"Armas fuera de casa Quer\u00e9taro y SEDENA lanzan programa cambia tu arma y recibe apoyo econ\u00f3mico | Nexo Informativo Santiago de Quer\u00e9taro","og_description":"Armas fuera de casa Quer\u00e9taro y SEDENA lanzan programa cambia tu arma y recibe apoyo econ\u00f3mico","og_url":"https:\/\/www.nexoinformativo.mx\/index.php\/2025\/03\/24\/armas-fuera-de-casa-queretaro-y-sedena-lanzan-programa-cambia-tu-arma-y-recibe-apoyo-economico\/","og_site_name":"Nexo Informativo Santiago de Quer\u00e9taro","article_publisher":"https:\/\/www.facebook.com\/people\/Nexo-Informativo\/61564066885511\/","article_published_time":"2025-03-24T16:00:25+00:00","article_modified_time":"2025-03-24T19:08:29+00:00","og_image":[{"width":800,"height":533,"url":"https:\/\/www.nexoinformativo.mx\/wp-content\/uploads\/2025\/03\/PHOTO-2025-03-24-12-43-21-e1742843243684.jpg","type":"image\/jpeg"}],"author":"Nexo Informativo","twitter_card":"summary_large_image","twitter_misc":{"Escrito por":"Nexo Informativo","Tiempo de lectura":"2 minutos"},"schema":{"@context":"https:\/\/schema.org","@graph":[{"@type":"Article","@id":"https:\/\/www.nexoinformativo.mx\/index.php\/2025\/03\/24\/armas-fuera-de-casa-queretaro-y-sedena-lanzan-programa-cambia-tu-arma-y-recibe-apoyo-economico\/#article","isPartOf":{"@id":"https:\/\/www.nexoinformativo.mx\/index.php\/2025\/03\/24\/armas-fuera-de-casa-queretaro-y-sedena-lanzan-programa-cambia-tu-arma-y-recibe-apoyo-economico\/"},"author":{"name":"Nexo Informativo","@id":"https:\/\/www.nexoinformativo.mx\/#\/schema\/person\/7749d380ba08c8ca00d7bc76fd907b7d"},"headline":"Armas fuera de casa Quer\u00e9taro y SEDENA lanzan programa cambia tu arma y recibe apoyo econ\u00f3mico","datePublished":"2025-03-24T16:00:25+00:00","dateModified":"2025-03-24T19:08:29+00:00","mainEntityOfPage":{"@id":"https:\/\/www.nexoinformativo.mx\/index.php\/2025\/03\/24\/armas-fuera-de-casa-queretaro-y-sedena-lanzan-programa-cambia-tu-arma-y-recibe-apoyo-economico\/"},"wordCount":228,"commentCount":0,"publisher":{"@id":"https:\/\/www.nexoinformativo.mx\/#organization"},"image":{"@id":"https:\/\/www.nexoinformativo.mx\/index.php\/2025\/03\/24\/armas-fuera-de-casa-queretaro-y-sedena-lanzan-programa-cambia-tu-arma-y-recibe-apoyo-economico\/#primaryimage"},"thumbnailUrl":"https:\/\/www.nexoinformativo.mx\/wp-content\/uploads\/2025\/03\/PHOTO-2025-03-24-12-43-21-e1742843243684.jpg","keywords":["CambiaTuArma","PazQuer\u00e9taro","SEDENA","SeguridadQueretaro"],"articleSection":["Estado","\u00daltima Hora"],"inLanguage":"es","potentialAction":[{"@type":"CommentAction","name":"Comment","target":["https:\/\/www.nexoinformativo.mx\/index.php\/2025\/03\/24\/armas-fuera-de-casa-queretaro-y-sedena-lanzan-programa-cambia-tu-arma-y-recibe-apoyo-economico\/#respond"]}]},{"@type":"WebPage","@id":"https:\/\/www.nexoinformativo.mx\/index.php\/2025\/03\/24\/armas-fuera-de-casa-queretaro-y-sedena-lanzan-programa-cambia-tu-arma-y-recibe-apoyo-economico\/","url":"https:\/\/www.nexoinformativo.mx\/index.php\/2025\/03\/24\/armas-fuera-de-casa-queretaro-y-sedena-lanzan-programa-cambia-tu-arma-y-recibe-apoyo-economico\/","name":"Armas fuera de casa Quer\u00e9taro y SEDENA lanzan programa cambia tu arma y recibe apoyo econ\u00f3mico | Nexo Informativo Santiago de Quer\u00e9taro","isPartOf":{"@id":"https:\/\/www.nexoinformativo.mx\/#website"},"primaryImageOfPage":{"@id":"https:\/\/www.nexoinformativo.mx\/index.php\/2025\/03\/24\/armas-fuera-de-casa-queretaro-y-sedena-lanzan-programa-cambia-tu-arma-y-recibe-apoyo-economico\/#primaryimage"},"image":{"@id":"https:\/\/www.nexoinformativo.mx\/index.php\/2025\/03\/24\/armas-fuera-de-casa-queretaro-y-sedena-lanzan-programa-cambia-tu-arma-y-recibe-apoyo-economico\/#primaryimage"},"thumbnailUrl":"https:\/\/www.nexoinformativo.mx\/wp-content\/uploads\/2025\/03\/PHOTO-2025-03-24-12-43-21-e1742843243684.jpg","datePublished":"2025-03-24T16:00:25+00:00","dateModified":"2025-03-24T19:08:29+00:00","description":"Armas fuera de casa Quer\u00e9taro y SEDENA lanzan programa cambia tu arma y recibe apoyo econ\u00f3mico","breadcrumb":{"@id":"https:\/\/www.nexoinformativo.mx\/index.php\/2025\/03\/24\/armas-fuera-de-casa-queretaro-y-sedena-lanzan-programa-cambia-tu-arma-y-recibe-apoyo-economico\/#breadcrumb"},"inLanguage":"es","potentialAction":[{"@type":"ReadAction","target":["https:\/\/www.nexoinformativo.mx\/index.php\/2025\/03\/24\/armas-fuera-de-casa-queretaro-y-sedena-lanzan-programa-cambia-tu-arma-y-recibe-apoyo-economico\/"]}]},{"@type":"ImageObject","inLanguage":"es","@id":"https:\/\/www.nexoinformativo.mx\/index.php\/2025\/03\/24\/armas-fuera-de-casa-queretaro-y-sedena-lanzan-programa-cambia-tu-arma-y-recibe-apoyo-economico\/#primaryimage","url":"https:\/\/www.nexoinformativo.mx\/wp-content\/uploads\/2025\/03\/PHOTO-2025-03-24-12-43-21-e1742843243684.jpg","contentUrl":"https:\/\/www.nexoinformativo.mx\/wp-content\/uploads\/2025\/03\/PHOTO-2025-03-24-12-43-21-e1742843243684.jpg","width":800,"height":533},{"@type":"BreadcrumbList","@id":"https:\/\/www.nexoinformativo.mx\/index.php\/2025\/03\/24\/armas-fuera-de-casa-queretaro-y-sedena-lanzan-programa-cambia-tu-arma-y-recibe-apoyo-economico\/#breadcrumb","itemListElement":[{"@type":"ListItem","position":1,"name":"Inicio","item":"https:\/\/www.nexoinformativo.mx\/"},{"@type":"ListItem","position":2,"name":"Armas fuera de casa Quer\u00e9taro y SEDENA lanzan programa cambia tu arma y recibe apoyo econ\u00f3mico"}]},{"@type":"WebSite","@id":"https:\/\/www.nexoinformativo.mx\/#website","url":"https:\/\/www.nexoinformativo.mx\/","name":"Nexo Informativo Santiago de Quer\u00e9taro","description":"Explora NexoInformativo y convi\u00e9rtete en parte de una comunidad que valora el conocimiento y la verdad. Tu nexoinformativo es tu puente hacia una comprensi\u00f3n m\u00e1s profunda del mundo que te rodea.","publisher":{"@id":"https:\/\/www.nexoinformativo.mx\/#organization"},"potentialAction":[{"@type":"SearchAction","target":{"@type":"EntryPoint","urlTemplate":"https:\/\/www.nexoinformativo.mx\/?s={search_term_string}"},"query-input":{"@type":"PropertyValueSpecification","valueRequired":true,"valueName":"search_term_string"}}],"inLanguage":"es"},{"@type":"Organization","@id":"https:\/\/www.nexoinformativo.mx\/#organization","name":"Nexo Informativo Santiago de Quer\u00e9taro","url":"https:\/\/www.nexoinformativo.mx\/","logo":{"@type":"ImageObject","inLanguage":"es","@id":"https:\/\/www.nexoinformativo.mx\/#\/schema\/logo\/image\/","url":"https:\/\/www.nexoinformativo.mx\/wp-content\/uploads\/2024\/07\/nexoi-trasparente-2.png","contentUrl":"https:\/\/www.nexoinformativo.mx\/wp-content\/uploads\/2024\/07\/nexoi-trasparente-2.png","width":816,"height":339,"caption":"Nexo Informativo Santiago de Quer\u00e9taro"},"image":{"@id":"https:\/\/www.nexoinformativo.mx\/#\/schema\/logo\/image\/"},"sameAs":["https:\/\/www.facebook.com\/people\/Nexo-Informativo\/61564066885511\/"]},{"@type":"Person","@id":"https:\/\/www.nexoinformativo.mx\/#\/schema\/person\/7749d380ba08c8ca00d7bc76fd907b7d","name":"Nexo Informativo","image":{"@type":"ImageObject","inLanguage":"es","@id":"https:\/\/www.nexoinformativo.mx\/#\/schema\/person\/image\/","url":"https:\/\/secure.gravatar.com\/avatar\/dde2928154642a13d95f87ddf1ea9718fe2b46760a005c53e41ff5ad610704e6?s=96&d=mm&r=g","contentUrl":"https:\/\/secure.gravatar.com\/avatar\/dde2928154642a13d95f87ddf1ea9718fe2b46760a005c53e41ff5ad610704e6?s=96&d=mm&r=g","caption":"Nexo Informativo"},"url":"https:\/\/www.nexoinformativo.mx\/index.php\/author\/edicion\/"}]}},"_links":{"self":[{"href":"https:\/\/www.nexoinformativo.mx\/index.php\/wp-json\/wp\/v2\/posts\/13240","targetHints":{"allow":["GET"]}}],"collection":[{"href":"https:\/\/www.nexoinformativo.mx\/index.php\/wp-json\/wp\/v2\/posts"}],"about":[{"href":"https:\/\/www.nexoinformativo.mx\/index.php\/wp-json\/wp\/v2\/types\/post"}],"author":[{"embeddable":true,"href":"https:\/\/www.nexoinformativo.mx\/index.php\/wp-json\/wp\/v2\/users\/3"}],"replies":[{"embeddable":true,"href":"https:\/\/www.nexoinformativo.mx\/index.php\/wp-json\/wp\/v2\/comments?post=13240"}],"version-history":[{"count":5,"href":"https:\/\/www.nexoinformativo.mx\/index.php\/wp-json\/wp\/v2\/posts\/13240\/revisions"}],"predecessor-version":[{"id":13243,"href":"https:\/\/www.nexoinformativo.mx\/index.php\/wp-json\/wp\/v2\/posts\/13240\/revisions\/13243"}],"wp:featuredmedia":[{"embeddable":true,"href":"https:\/\/www.nexoinformativo.mx\/index.php\/wp-json\/wp\/v2\/media\/13242"}],"wp:attachment":[{"href":"https:\/\/www.nexoinformativo.mx\/index.php\/wp-json\/wp\/v2\/media?parent=13240"}],"wp:term":[{"taxonomy":"category","embeddable":true,"href":"https:\/\/www.nexoinformativo.mx\/index.php\/wp-json\/wp\/v2\/categories?post=13240"},{"taxonomy":"post_tag","embeddable":true,"href":"https:\/\/www.nexoinformativo.mx\/index.php\/wp-json\/wp\/v2\/tags?post=13240"}],"curies":[{"name":"wp","href":"https:\/\/api.w.org\/{rel}","templated":true}]}}