{"id":13265,"date":"2025-03-24T14:00:00","date_gmt":"2025-03-24T20:00:00","guid":{"rendered":"https:\/\/www.nexoinformativo.mx\/?p=13265"},"modified":"2025-03-24T14:38:49","modified_gmt":"2025-03-24T20:38:49","slug":"kuri-respalda-decision-de-clausura-de-toros-en-queretaro-cumplimiento-de-la-ley-ante-todo","status":"publish","type":"post","link":"https:\/\/www.nexoinformativo.mx\/index.php\/2025\/03\/24\/kuri-respalda-decision-de-clausura-de-toros-en-queretaro-cumplimiento-de-la-ley-ante-todo\/","title":{"rendered":"Kuri respalda decisi\u00f3n de clausura de toros en Quer\u00e9taro cumplimiento de la Ley ante todo"},"content":{"rendered":"<p style=\"text-align: justify;\" data-sourcepos=\"13:1-13:277\">El gobernador Mauricio Kuri ha respaldado la decisi\u00f3n del gobierno municipal de Quer\u00e9taro de clausurar una corrida de toros el pasado fin de semana. Esta acci\u00f3n se llev\u00f3 a cabo en cumplimiento de un amparo interpuesto por una asociaci\u00f3n civil.<\/p>\n<\/p>\n<p>&nbsp;<\/p>\n<p style=\"text-align: justify;\" data-sourcepos=\"15:1-15:266\">Kuri enfatiz\u00f3 que la administraci\u00f3n municipal actu\u00f3 en estricto apego a la ley, ya que en Quer\u00e9taro se cumple la ley sin excepciones.<\/p>\n<\/p>\n<p>&nbsp;<\/p>\n<p style=\"text-align: justify;\" data-sourcepos=\"15:1-15:266\">Reconoci\u00f3 las posturas encontradas sobre las corridas de toros, pero reiter\u00f3 que la clausura fue una respuesta a una orden judicial.<\/p>\n<\/p>\n<p>&nbsp;<\/p>\n<p style=\"text-align: justify;\" data-sourcepos=\"17:1-17:195\">A pesar de que las corridas de toros son reconocidas como Patrimonio Cultural Inmaterial en el estado, Kuri afirm\u00f3 que la ley debe prevalecer. <strong>&#8220;La ley es la ley y se tiene que aplicar&#8221;<\/strong>, mencion\u00f3.<\/p>\n<\/p>\n<p>&nbsp;<\/p>\n<p style=\"text-align: center;\" data-sourcepos=\"17:1-17:195\"><em><strong>\u00a1Informaci\u00f3n que transforma!<\/strong><\/em><\/p>\n","protected":false},"excerpt":{"rendered":"<p>El gobernador Mauricio Kuri ha respaldado la decisi\u00f3n del gobierno municipal de Quer\u00e9taro de clausurar una corrida de toros el pasado fin de semana. Esta acci\u00f3n se llev\u00f3 a cabo en cumplimiento de un amparo interpuesto por una asociaci\u00f3n civil.<\/p>\n","protected":false},"author":3,"featured_media":13266,"comment_status":"open","ping_status":"open","sticky":false,"template":"","format":"standard","meta":{"footnotes":""},"categories":[65,58],"tags":[3877,480,661,133],"class_list":["post-13265","post","type-post","status-publish","format-standard","has-post-thumbnail","hentry","category-municipios","category-ultima-hora","tag-corridasdetoros","tag-justicia","tag-mauriciokuri","tag-queretaro"],"yoast_head":"<!-- This site is optimized with the Yoast SEO plugin v25.0 - https:\/\/yoast.com\/wordpress\/plugins\/seo\/ -->\n<title>Kuri respalda decisi\u00f3n de clausura de toros en Quer\u00e9taro cumplimiento de la Ley ante todo | Nexo Informativo Santiago de Quer\u00e9taro<\/title>\n<meta name=\"description\" content=\"Kuri respalda decisi\u00f3n de clausura de toros en Quer\u00e9taro cumplimiento de la Ley ante todo\" \/>\n<meta name=\"robots\" content=\"index, follow, max-snippet:-1, max-image-preview:large, max-video-preview:-1\" \/>\n<link rel=\"canonical\" href=\"https:\/\/www.nexoinformativo.mx\/index.php\/2025\/03\/24\/kuri-respalda-decision-de-clausura-de-toros-en-queretaro-cumplimiento-de-la-ley-ante-todo\/\" \/>\n<meta property=\"og:locale\" content=\"es_MX\" \/>\n<meta property=\"og:type\" content=\"article\" \/>\n<meta property=\"og:title\" content=\"Kuri respalda decisi\u00f3n de clausura de toros en Quer\u00e9taro cumplimiento de la Ley ante todo | Nexo Informativo Santiago de Quer\u00e9taro\" \/>\n<meta property=\"og:description\" content=\"Kuri respalda decisi\u00f3n de clausura de toros en Quer\u00e9taro cumplimiento de la Ley ante todo\" \/>\n<meta property=\"og:url\" content=\"https:\/\/www.nexoinformativo.mx\/index.php\/2025\/03\/24\/kuri-respalda-decision-de-clausura-de-toros-en-queretaro-cumplimiento-de-la-ley-ante-todo\/\" \/>\n<meta property=\"og:site_name\" content=\"Nexo Informativo Santiago de Quer\u00e9taro\" \/>\n<meta property=\"article:publisher\" content=\"https:\/\/www.facebook.com\/people\/Nexo-Informativo\/61564066885511\/\" \/>\n<meta property=\"article:published_time\" content=\"2025-03-24T20:00:00+00:00\" \/>\n<meta property=\"article:modified_time\" content=\"2025-03-24T20:38:49+00:00\" \/>\n<meta property=\"og:image\" content=\"https:\/\/www.nexoinformativo.mx\/wp-content\/uploads\/2025\/03\/PHOTO-2025-03-24-14-13-04-e1742848684300.jpg\" \/>\n\t<meta property=\"og:image:width\" content=\"800\" \/>\n\t<meta property=\"og:image:height\" content=\"600\" \/>\n\t<meta property=\"og:image:type\" content=\"image\/jpeg\" \/>\n<meta name=\"author\" content=\"Nexo Informativo\" \/>\n<meta name=\"twitter:card\" content=\"summary_large_image\" \/>\n<meta name=\"twitter:label1\" content=\"Escrito por\" \/>\n\t<meta name=\"twitter:data1\" content=\"Nexo Informativo\" \/>\n\t<meta name=\"twitter:label2\" content=\"Tiempo de lectura\" \/>\n\t<meta name=\"twitter:data2\" content=\"1 minuto\" \/>\n<script type=\"application\/ld+json\" class=\"yoast-schema-graph\">{\"@context\":\"https:\/\/schema.org\",\"@graph\":[{\"@type\":\"Article\",\"@id\":\"https:\/\/www.nexoinformativo.mx\/index.php\/2025\/03\/24\/kuri-respalda-decision-de-clausura-de-toros-en-queretaro-cumplimiento-de-la-ley-ante-todo\/#article\",\"isPartOf\":{\"@id\":\"https:\/\/www.nexoinformativo.mx\/index.php\/2025\/03\/24\/kuri-respalda-decision-de-clausura-de-toros-en-queretaro-cumplimiento-de-la-ley-ante-todo\/\"},\"author\":{\"name\":\"Nexo Informativo\",\"@id\":\"https:\/\/www.nexoinformativo.mx\/#\/schema\/person\/7749d380ba08c8ca00d7bc76fd907b7d\"},\"headline\":\"Kuri respalda decisi\u00f3n de clausura de toros en Quer\u00e9taro cumplimiento de la Ley ante todo\",\"datePublished\":\"2025-03-24T20:00:00+00:00\",\"dateModified\":\"2025-03-24T20:38:49+00:00\",\"mainEntityOfPage\":{\"@id\":\"https:\/\/www.nexoinformativo.mx\/index.php\/2025\/03\/24\/kuri-respalda-decision-de-clausura-de-toros-en-queretaro-cumplimiento-de-la-ley-ante-todo\/\"},\"wordCount\":150,\"commentCount\":0,\"publisher\":{\"@id\":\"https:\/\/www.nexoinformativo.mx\/#organization\"},\"image\":{\"@id\":\"https:\/\/www.nexoinformativo.mx\/index.php\/2025\/03\/24\/kuri-respalda-decision-de-clausura-de-toros-en-queretaro-cumplimiento-de-la-ley-ante-todo\/#primaryimage\"},\"thumbnailUrl\":\"https:\/\/www.nexoinformativo.mx\/wp-content\/uploads\/2025\/03\/PHOTO-2025-03-24-14-13-04-e1742848684300.jpg\",\"keywords\":[\"CorridasDeToros\",\"Justicia\",\"MauricioKuri\",\"Quer\u00e9taro\"],\"articleSection\":[\"Municipios\",\"\u00daltima Hora\"],\"inLanguage\":\"es\",\"potentialAction\":[{\"@type\":\"CommentAction\",\"name\":\"Comment\",\"target\":[\"https:\/\/www.nexoinformativo.mx\/index.php\/2025\/03\/24\/kuri-respalda-decision-de-clausura-de-toros-en-queretaro-cumplimiento-de-la-ley-ante-todo\/#respond\"]}]},{\"@type\":\"WebPage\",\"@id\":\"https:\/\/www.nexoinformativo.mx\/index.php\/2025\/03\/24\/kuri-respalda-decision-de-clausura-de-toros-en-queretaro-cumplimiento-de-la-ley-ante-todo\/\",\"url\":\"https:\/\/www.nexoinformativo.mx\/index.php\/2025\/03\/24\/kuri-respalda-decision-de-clausura-de-toros-en-queretaro-cumplimiento-de-la-ley-ante-todo\/\",\"name\":\"Kuri respalda decisi\u00f3n de clausura de toros en Quer\u00e9taro cumplimiento de la Ley ante todo | Nexo Informativo Santiago de Quer\u00e9taro\",\"isPartOf\":{\"@id\":\"https:\/\/www.nexoinformativo.mx\/#website\"},\"primaryImageOfPage\":{\"@id\":\"https:\/\/www.nexoinformativo.mx\/index.php\/2025\/03\/24\/kuri-respalda-decision-de-clausura-de-toros-en-queretaro-cumplimiento-de-la-ley-ante-todo\/#primaryimage\"},\"image\":{\"@id\":\"https:\/\/www.nexoinformativo.mx\/index.php\/2025\/03\/24\/kuri-respalda-decision-de-clausura-de-toros-en-queretaro-cumplimiento-de-la-ley-ante-todo\/#primaryimage\"},\"thumbnailUrl\":\"https:\/\/www.nexoinformativo.mx\/wp-content\/uploads\/2025\/03\/PHOTO-2025-03-24-14-13-04-e1742848684300.jpg\",\"datePublished\":\"2025-03-24T20:00:00+00:00\",\"dateModified\":\"2025-03-24T20:38:49+00:00\",\"description\":\"Kuri respalda decisi\u00f3n de clausura de toros en Quer\u00e9taro cumplimiento de la Ley ante todo\",\"breadcrumb\":{\"@id\":\"https:\/\/www.nexoinformativo.mx\/index.php\/2025\/03\/24\/kuri-respalda-decision-de-clausura-de-toros-en-queretaro-cumplimiento-de-la-ley-ante-todo\/#breadcrumb\"},\"inLanguage\":\"es\",\"potentialAction\":[{\"@type\":\"ReadAction\",\"target\":[\"https:\/\/www.nexoinformativo.mx\/index.php\/2025\/03\/24\/kuri-respalda-decision-de-clausura-de-toros-en-queretaro-cumplimiento-de-la-ley-ante-todo\/\"]}]},{\"@type\":\"ImageObject\",\"inLanguage\":\"es\",\"@id\":\"https:\/\/www.nexoinformativo.mx\/index.php\/2025\/03\/24\/kuri-respalda-decision-de-clausura-de-toros-en-queretaro-cumplimiento-de-la-ley-ante-todo\/#primaryimage\",\"url\":\"https:\/\/www.nexoinformativo.mx\/wp-content\/uploads\/2025\/03\/PHOTO-2025-03-24-14-13-04-e1742848684300.jpg\",\"contentUrl\":\"https:\/\/www.nexoinformativo.mx\/wp-content\/uploads\/2025\/03\/PHOTO-2025-03-24-14-13-04-e1742848684300.jpg\",\"width\":800,\"height\":600},{\"@type\":\"BreadcrumbList\",\"@id\":\"https:\/\/www.nexoinformativo.mx\/index.php\/2025\/03\/24\/kuri-respalda-decision-de-clausura-de-toros-en-queretaro-cumplimiento-de-la-ley-ante-todo\/#breadcrumb\",\"itemListElement\":[{\"@type\":\"ListItem\",\"position\":1,\"name\":\"Inicio\",\"item\":\"https:\/\/www.nexoinformativo.mx\/\"},{\"@type\":\"ListItem\",\"position\":2,\"name\":\"Kuri respalda decisi\u00f3n de clausura de toros en Quer\u00e9taro cumplimiento de la Ley ante todo\"}]},{\"@type\":\"WebSite\",\"@id\":\"https:\/\/www.nexoinformativo.mx\/#website\",\"url\":\"https:\/\/www.nexoinformativo.mx\/\",\"name\":\"Nexo Informativo Santiago de Quer\u00e9taro\",\"description\":\"Explora NexoInformativo y convi\u00e9rtete en parte de una comunidad que valora el conocimiento y la verdad. Tu nexoinformativo es tu puente hacia una comprensi\u00f3n m\u00e1s profunda del mundo que te rodea.\",\"publisher\":{\"@id\":\"https:\/\/www.nexoinformativo.mx\/#organization\"},\"potentialAction\":[{\"@type\":\"SearchAction\",\"target\":{\"@type\":\"EntryPoint\",\"urlTemplate\":\"https:\/\/www.nexoinformativo.mx\/?s={search_term_string}\"},\"query-input\":{\"@type\":\"PropertyValueSpecification\",\"valueRequired\":true,\"valueName\":\"search_term_string\"}}],\"inLanguage\":\"es\"},{\"@type\":\"Organization\",\"@id\":\"https:\/\/www.nexoinformativo.mx\/#organization\",\"name\":\"Nexo Informativo Santiago de Quer\u00e9taro\",\"url\":\"https:\/\/www.nexoinformativo.mx\/\",\"logo\":{\"@type\":\"ImageObject\",\"inLanguage\":\"es\",\"@id\":\"https:\/\/www.nexoinformativo.mx\/#\/schema\/logo\/image\/\",\"url\":\"https:\/\/www.nexoinformativo.mx\/wp-content\/uploads\/2024\/07\/nexoi-trasparente-2.png\",\"contentUrl\":\"https:\/\/www.nexoinformativo.mx\/wp-content\/uploads\/2024\/07\/nexoi-trasparente-2.png\",\"width\":816,\"height\":339,\"caption\":\"Nexo Informativo Santiago de Quer\u00e9taro\"},\"image\":{\"@id\":\"https:\/\/www.nexoinformativo.mx\/#\/schema\/logo\/image\/\"},\"sameAs\":[\"https:\/\/www.facebook.com\/people\/Nexo-Informativo\/61564066885511\/\"]},{\"@type\":\"Person\",\"@id\":\"https:\/\/www.nexoinformativo.mx\/#\/schema\/person\/7749d380ba08c8ca00d7bc76fd907b7d\",\"name\":\"Nexo Informativo\",\"image\":{\"@type\":\"ImageObject\",\"inLanguage\":\"es\",\"@id\":\"https:\/\/www.nexoinformativo.mx\/#\/schema\/person\/image\/\",\"url\":\"https:\/\/secure.gravatar.com\/avatar\/dde2928154642a13d95f87ddf1ea9718fe2b46760a005c53e41ff5ad610704e6?s=96&d=mm&r=g\",\"contentUrl\":\"https:\/\/secure.gravatar.com\/avatar\/dde2928154642a13d95f87ddf1ea9718fe2b46760a005c53e41ff5ad610704e6?s=96&d=mm&r=g\",\"caption\":\"Nexo Informativo\"},\"url\":\"https:\/\/www.nexoinformativo.mx\/index.php\/author\/edicion\/\"}]}<\/script>\n<!-- \/ Yoast SEO plugin. -->","yoast_head_json":{"title":"Kuri respalda decisi\u00f3n de clausura de toros en Quer\u00e9taro cumplimiento de la Ley ante todo | Nexo Informativo Santiago de Quer\u00e9taro","description":"Kuri respalda decisi\u00f3n de clausura de toros en Quer\u00e9taro cumplimiento de la Ley ante todo","robots":{"index":"index","follow":"follow","max-snippet":"max-snippet:-1","max-image-preview":"max-image-preview:large","max-video-preview":"max-video-preview:-1"},"canonical":"https:\/\/www.nexoinformativo.mx\/index.php\/2025\/03\/24\/kuri-respalda-decision-de-clausura-de-toros-en-queretaro-cumplimiento-de-la-ley-ante-todo\/","og_locale":"es_MX","og_type":"article","og_title":"Kuri respalda decisi\u00f3n de clausura de toros en Quer\u00e9taro cumplimiento de la Ley ante todo | Nexo Informativo Santiago de Quer\u00e9taro","og_description":"Kuri respalda decisi\u00f3n de clausura de toros en Quer\u00e9taro cumplimiento de la Ley ante todo","og_url":"https:\/\/www.nexoinformativo.mx\/index.php\/2025\/03\/24\/kuri-respalda-decision-de-clausura-de-toros-en-queretaro-cumplimiento-de-la-ley-ante-todo\/","og_site_name":"Nexo Informativo Santiago de Quer\u00e9taro","article_publisher":"https:\/\/www.facebook.com\/people\/Nexo-Informativo\/61564066885511\/","article_published_time":"2025-03-24T20:00:00+00:00","article_modified_time":"2025-03-24T20:38:49+00:00","og_image":[{"width":800,"height":600,"url":"https:\/\/www.nexoinformativo.mx\/wp-content\/uploads\/2025\/03\/PHOTO-2025-03-24-14-13-04-e1742848684300.jpg","type":"image\/jpeg"}],"author":"Nexo Informativo","twitter_card":"summary_large_image","twitter_misc":{"Escrito por":"Nexo Informativo","Tiempo de lectura":"1 minuto"},"schema":{"@context":"https:\/\/schema.org","@graph":[{"@type":"Article","@id":"https:\/\/www.nexoinformativo.mx\/index.php\/2025\/03\/24\/kuri-respalda-decision-de-clausura-de-toros-en-queretaro-cumplimiento-de-la-ley-ante-todo\/#article","isPartOf":{"@id":"https:\/\/www.nexoinformativo.mx\/index.php\/2025\/03\/24\/kuri-respalda-decision-de-clausura-de-toros-en-queretaro-cumplimiento-de-la-ley-ante-todo\/"},"author":{"name":"Nexo Informativo","@id":"https:\/\/www.nexoinformativo.mx\/#\/schema\/person\/7749d380ba08c8ca00d7bc76fd907b7d"},"headline":"Kuri respalda decisi\u00f3n de clausura de toros en Quer\u00e9taro cumplimiento de la Ley ante todo","datePublished":"2025-03-24T20:00:00+00:00","dateModified":"2025-03-24T20:38:49+00:00","mainEntityOfPage":{"@id":"https:\/\/www.nexoinformativo.mx\/index.php\/2025\/03\/24\/kuri-respalda-decision-de-clausura-de-toros-en-queretaro-cumplimiento-de-la-ley-ante-todo\/"},"wordCount":150,"commentCount":0,"publisher":{"@id":"https:\/\/www.nexoinformativo.mx\/#organization"},"image":{"@id":"https:\/\/www.nexoinformativo.mx\/index.php\/2025\/03\/24\/kuri-respalda-decision-de-clausura-de-toros-en-queretaro-cumplimiento-de-la-ley-ante-todo\/#primaryimage"},"thumbnailUrl":"https:\/\/www.nexoinformativo.mx\/wp-content\/uploads\/2025\/03\/PHOTO-2025-03-24-14-13-04-e1742848684300.jpg","keywords":["CorridasDeToros","Justicia","MauricioKuri","Quer\u00e9taro"],"articleSection":["Municipios","\u00daltima Hora"],"inLanguage":"es","potentialAction":[{"@type":"CommentAction","name":"Comment","target":["https:\/\/www.nexoinformativo.mx\/index.php\/2025\/03\/24\/kuri-respalda-decision-de-clausura-de-toros-en-queretaro-cumplimiento-de-la-ley-ante-todo\/#respond"]}]},{"@type":"WebPage","@id":"https:\/\/www.nexoinformativo.mx\/index.php\/2025\/03\/24\/kuri-respalda-decision-de-clausura-de-toros-en-queretaro-cumplimiento-de-la-ley-ante-todo\/","url":"https:\/\/www.nexoinformativo.mx\/index.php\/2025\/03\/24\/kuri-respalda-decision-de-clausura-de-toros-en-queretaro-cumplimiento-de-la-ley-ante-todo\/","name":"Kuri respalda decisi\u00f3n de clausura de toros en Quer\u00e9taro cumplimiento de la Ley ante todo | Nexo Informativo Santiago de Quer\u00e9taro","isPartOf":{"@id":"https:\/\/www.nexoinformativo.mx\/#website"},"primaryImageOfPage":{"@id":"https:\/\/www.nexoinformativo.mx\/index.php\/2025\/03\/24\/kuri-respalda-decision-de-clausura-de-toros-en-queretaro-cumplimiento-de-la-ley-ante-todo\/#primaryimage"},"image":{"@id":"https:\/\/www.nexoinformativo.mx\/index.php\/2025\/03\/24\/kuri-respalda-decision-de-clausura-de-toros-en-queretaro-cumplimiento-de-la-ley-ante-todo\/#primaryimage"},"thumbnailUrl":"https:\/\/www.nexoinformativo.mx\/wp-content\/uploads\/2025\/03\/PHOTO-2025-03-24-14-13-04-e1742848684300.jpg","datePublished":"2025-03-24T20:00:00+00:00","dateModified":"2025-03-24T20:38:49+00:00","description":"Kuri respalda decisi\u00f3n de clausura de toros en Quer\u00e9taro cumplimiento de la Ley ante todo","breadcrumb":{"@id":"https:\/\/www.nexoinformativo.mx\/index.php\/2025\/03\/24\/kuri-respalda-decision-de-clausura-de-toros-en-queretaro-cumplimiento-de-la-ley-ante-todo\/#breadcrumb"},"inLanguage":"es","potentialAction":[{"@type":"ReadAction","target":["https:\/\/www.nexoinformativo.mx\/index.php\/2025\/03\/24\/kuri-respalda-decision-de-clausura-de-toros-en-queretaro-cumplimiento-de-la-ley-ante-todo\/"]}]},{"@type":"ImageObject","inLanguage":"es","@id":"https:\/\/www.nexoinformativo.mx\/index.php\/2025\/03\/24\/kuri-respalda-decision-de-clausura-de-toros-en-queretaro-cumplimiento-de-la-ley-ante-todo\/#primaryimage","url":"https:\/\/www.nexoinformativo.mx\/wp-content\/uploads\/2025\/03\/PHOTO-2025-03-24-14-13-04-e1742848684300.jpg","contentUrl":"https:\/\/www.nexoinformativo.mx\/wp-content\/uploads\/2025\/03\/PHOTO-2025-03-24-14-13-04-e1742848684300.jpg","width":800,"height":600},{"@type":"BreadcrumbList","@id":"https:\/\/www.nexoinformativo.mx\/index.php\/2025\/03\/24\/kuri-respalda-decision-de-clausura-de-toros-en-queretaro-cumplimiento-de-la-ley-ante-todo\/#breadcrumb","itemListElement":[{"@type":"ListItem","position":1,"name":"Inicio","item":"https:\/\/www.nexoinformativo.mx\/"},{"@type":"ListItem","position":2,"name":"Kuri respalda decisi\u00f3n de clausura de toros en Quer\u00e9taro cumplimiento de la Ley ante todo"}]},{"@type":"WebSite","@id":"https:\/\/www.nexoinformativo.mx\/#website","url":"https:\/\/www.nexoinformativo.mx\/","name":"Nexo Informativo Santiago de Quer\u00e9taro","description":"Explora NexoInformativo y convi\u00e9rtete en parte de una comunidad que valora el conocimiento y la verdad. Tu nexoinformativo es tu puente hacia una comprensi\u00f3n m\u00e1s profunda del mundo que te rodea.","publisher":{"@id":"https:\/\/www.nexoinformativo.mx\/#organization"},"potentialAction":[{"@type":"SearchAction","target":{"@type":"EntryPoint","urlTemplate":"https:\/\/www.nexoinformativo.mx\/?s={search_term_string}"},"query-input":{"@type":"PropertyValueSpecification","valueRequired":true,"valueName":"search_term_string"}}],"inLanguage":"es"},{"@type":"Organization","@id":"https:\/\/www.nexoinformativo.mx\/#organization","name":"Nexo Informativo Santiago de Quer\u00e9taro","url":"https:\/\/www.nexoinformativo.mx\/","logo":{"@type":"ImageObject","inLanguage":"es","@id":"https:\/\/www.nexoinformativo.mx\/#\/schema\/logo\/image\/","url":"https:\/\/www.nexoinformativo.mx\/wp-content\/uploads\/2024\/07\/nexoi-trasparente-2.png","contentUrl":"https:\/\/www.nexoinformativo.mx\/wp-content\/uploads\/2024\/07\/nexoi-trasparente-2.png","width":816,"height":339,"caption":"Nexo Informativo Santiago de Quer\u00e9taro"},"image":{"@id":"https:\/\/www.nexoinformativo.mx\/#\/schema\/logo\/image\/"},"sameAs":["https:\/\/www.facebook.com\/people\/Nexo-Informativo\/61564066885511\/"]},{"@type":"Person","@id":"https:\/\/www.nexoinformativo.mx\/#\/schema\/person\/7749d380ba08c8ca00d7bc76fd907b7d","name":"Nexo Informativo","image":{"@type":"ImageObject","inLanguage":"es","@id":"https:\/\/www.nexoinformativo.mx\/#\/schema\/person\/image\/","url":"https:\/\/secure.gravatar.com\/avatar\/dde2928154642a13d95f87ddf1ea9718fe2b46760a005c53e41ff5ad610704e6?s=96&d=mm&r=g","contentUrl":"https:\/\/secure.gravatar.com\/avatar\/dde2928154642a13d95f87ddf1ea9718fe2b46760a005c53e41ff5ad610704e6?s=96&d=mm&r=g","caption":"Nexo Informativo"},"url":"https:\/\/www.nexoinformativo.mx\/index.php\/author\/edicion\/"}]}},"_links":{"self":[{"href":"https:\/\/www.nexoinformativo.mx\/index.php\/wp-json\/wp\/v2\/posts\/13265","targetHints":{"allow":["GET"]}}],"collection":[{"href":"https:\/\/www.nexoinformativo.mx\/index.php\/wp-json\/wp\/v2\/posts"}],"about":[{"href":"https:\/\/www.nexoinformativo.mx\/index.php\/wp-json\/wp\/v2\/types\/post"}],"author":[{"embeddable":true,"href":"https:\/\/www.nexoinformativo.mx\/index.php\/wp-json\/wp\/v2\/users\/3"}],"replies":[{"embeddable":true,"href":"https:\/\/www.nexoinformativo.mx\/index.php\/wp-json\/wp\/v2\/comments?post=13265"}],"version-history":[{"count":3,"href":"https:\/\/www.nexoinformativo.mx\/index.php\/wp-json\/wp\/v2\/posts\/13265\/revisions"}],"predecessor-version":[{"id":13269,"href":"https:\/\/www.nexoinformativo.mx\/index.php\/wp-json\/wp\/v2\/posts\/13265\/revisions\/13269"}],"wp:featuredmedia":[{"embeddable":true,"href":"https:\/\/www.nexoinformativo.mx\/index.php\/wp-json\/wp\/v2\/media\/13266"}],"wp:attachment":[{"href":"https:\/\/www.nexoinformativo.mx\/index.php\/wp-json\/wp\/v2\/media?parent=13265"}],"wp:term":[{"taxonomy":"category","embeddable":true,"href":"https:\/\/www.nexoinformativo.mx\/index.php\/wp-json\/wp\/v2\/categories?post=13265"},{"taxonomy":"post_tag","embeddable":true,"href":"https:\/\/www.nexoinformativo.mx\/index.php\/wp-json\/wp\/v2\/tags?post=13265"}],"curies":[{"name":"wp","href":"https:\/\/api.w.org\/{rel}","templated":true}]}}