{"id":13270,"date":"2025-03-24T15:00:40","date_gmt":"2025-03-24T21:00:40","guid":{"rendered":"https:\/\/www.nexoinformativo.mx\/?p=13270"},"modified":"2025-03-24T18:57:01","modified_gmt":"2025-03-25T00:57:01","slug":"vinos-de-queretaro-primera-region-vitivinicola-de-mexico-con-igp","status":"publish","type":"post","link":"https:\/\/www.nexoinformativo.mx\/index.php\/2025\/03\/24\/vinos-de-queretaro-primera-region-vitivinicola-de-mexico-con-igp\/","title":{"rendered":"Vinos de Quer\u00e9taro primera regi\u00f3n Vitivin\u00edcola de M\u00e9xico con IGP"},"content":{"rendered":"<p style=\"text-align: justify;\" data-sourcepos=\"13:1-13:275\"><strong>La Regi\u00f3n de Vinos de Quer\u00e9taro<\/strong> ha sido reconocida con la Indicaci\u00f3n Geogr\u00e1fica Protegida (IGP) por el <strong>Instituto Mexicano de la Propiedad Industrial<\/strong> (IMPI), convirti\u00e9ndose en la primera zona vitivin\u00edcola de M\u00e9xico en obtener esta distinci\u00f3n.<\/p>\n<p>&nbsp;<\/p>\n<p style=\"text-align: justify;\" data-sourcepos=\"15:1-15:342\">Este reconocimiento, entregado en una ceremonia encabezada por la secretaria de Turismo estatal, Adriana Vega V\u00e1zquez, el director del IMPI, Santiago Nieto, y el presidente del Cl\u00faster Vitivin\u00edcola de Quer\u00e9taro (CVQ), Eugenio Parrodi Wiechers, garantiza el origen, autenticidad y calidad de los vinos producidos en el estado.<\/p>\n<p>&nbsp;<\/p>\n<p style=\"text-align: justify;\" data-sourcepos=\"17:1-17:376\">Adriana Vega V\u00e1zquez Mellado, destac\u00f3 la importancia de este logro para consolidar el sector vitivin\u00edcola y fortalecer la presencia de Quer\u00e9taro en los mercados nacionales e internacionales.<\/p>\n<\/p>\n<p>&nbsp;<\/p>\n<p style=\"text-align: justify;\" data-sourcepos=\"17:1-17:376\">Adem\u00e1s, resalt\u00f3 el impacto positivo del enoturismo en la regi\u00f3n, que genera una derrama econ\u00f3mica de m\u00e1s de cuatro mil millones de pesos y atrae a m\u00e1s de un mill\u00f3n de visitantes al a\u00f1o.<\/p>\n<p>&nbsp;<\/p>\n<p style=\"text-align: justify;\" data-sourcepos=\"19:1-19:237\">La IGP <strong>&#8220;Vinos de la Regi\u00f3n Vitivin\u00edcola de Quer\u00e9taro&#8221;<\/strong> certifica que los vinos etiquetados bajo esta denominaci\u00f3n son producidos, embotellados y comercializados dentro del estado, asegurando su trazabilidad y diferenciaci\u00f3n en el mercado.<\/p>\n<p>&nbsp;<\/p>\n<p style=\"text-align: center;\" data-sourcepos=\"19:1-19:237\"><em><strong>\u00a1Informaci\u00f3n que transforma!<\/strong><\/em><\/p>\n","protected":false},"excerpt":{"rendered":"<p>La Regi\u00f3n de Vinos de Quer\u00e9taro ha sido reconocida con la Indicaci\u00f3n Geogr\u00e1fica Protegida (IGP) por el Instituto Mexicano de la Propiedad Industrial (IMPI), convirti\u00e9ndose en la primera zona vitivin\u00edcola de M\u00e9xico en obtener esta distinci\u00f3n.<\/p>\n","protected":false},"author":3,"featured_media":13271,"comment_status":"open","ping_status":"open","sticky":false,"template":"","format":"standard","meta":{"footnotes":""},"categories":[50,42,58],"tags":[2452,3879,992,3878],"class_list":["post-13270","post","type-post","status-publish","format-standard","has-post-thumbnail","hentry","category-espectaculos","category-estado","category-ultima-hora","tag-enoturismo","tag-igpqueretaro","tag-turismoqueretaro","tag-vinosdequeretaro"],"yoast_head":"<!-- This site is optimized with the Yoast SEO plugin v25.0 - https:\/\/yoast.com\/wordpress\/plugins\/seo\/ -->\n<title>Vinos de Quer\u00e9taro primera regi\u00f3n Vitivin\u00edcola de M\u00e9xico con IGP | Nexo Informativo Santiago de Quer\u00e9taro<\/title>\n<meta name=\"description\" content=\"Vinos de Quer\u00e9taro primera regi\u00f3n Vitivin\u00edcola de M\u00e9xico con IGP\" \/>\n<meta name=\"robots\" content=\"index, follow, max-snippet:-1, max-image-preview:large, max-video-preview:-1\" \/>\n<link rel=\"canonical\" href=\"https:\/\/www.nexoinformativo.mx\/index.php\/2025\/03\/24\/vinos-de-queretaro-primera-region-vitivinicola-de-mexico-con-igp\/\" \/>\n<meta property=\"og:locale\" content=\"es_MX\" \/>\n<meta property=\"og:type\" content=\"article\" \/>\n<meta property=\"og:title\" content=\"Vinos de Quer\u00e9taro primera regi\u00f3n Vitivin\u00edcola de M\u00e9xico con IGP | Nexo Informativo Santiago de Quer\u00e9taro\" \/>\n<meta property=\"og:description\" content=\"Vinos de Quer\u00e9taro primera regi\u00f3n Vitivin\u00edcola de M\u00e9xico con IGP\" \/>\n<meta property=\"og:url\" content=\"https:\/\/www.nexoinformativo.mx\/index.php\/2025\/03\/24\/vinos-de-queretaro-primera-region-vitivinicola-de-mexico-con-igp\/\" \/>\n<meta property=\"og:site_name\" content=\"Nexo Informativo Santiago de Quer\u00e9taro\" \/>\n<meta property=\"article:publisher\" content=\"https:\/\/www.facebook.com\/people\/Nexo-Informativo\/61564066885511\/\" \/>\n<meta property=\"article:published_time\" content=\"2025-03-24T21:00:40+00:00\" \/>\n<meta property=\"article:modified_time\" content=\"2025-03-25T00:57:01+00:00\" \/>\n<meta property=\"og:image\" content=\"https:\/\/www.nexoinformativo.mx\/wp-content\/uploads\/2025\/03\/dc02fdd9-8f12-4a7c-bf5b-9862908e41e5-e1742864091815.jpg\" \/>\n\t<meta property=\"og:image:width\" content=\"800\" \/>\n\t<meta property=\"og:image:height\" content=\"449\" \/>\n\t<meta property=\"og:image:type\" content=\"image\/jpeg\" \/>\n<meta name=\"author\" content=\"Nexo Informativo\" \/>\n<meta name=\"twitter:card\" content=\"summary_large_image\" \/>\n<meta name=\"twitter:label1\" content=\"Escrito por\" \/>\n\t<meta name=\"twitter:data1\" content=\"Nexo Informativo\" \/>\n\t<meta name=\"twitter:label2\" content=\"Tiempo de lectura\" \/>\n\t<meta name=\"twitter:data2\" content=\"2 minutos\" \/>\n<script type=\"application\/ld+json\" class=\"yoast-schema-graph\">{\"@context\":\"https:\/\/schema.org\",\"@graph\":[{\"@type\":\"Article\",\"@id\":\"https:\/\/www.nexoinformativo.mx\/index.php\/2025\/03\/24\/vinos-de-queretaro-primera-region-vitivinicola-de-mexico-con-igp\/#article\",\"isPartOf\":{\"@id\":\"https:\/\/www.nexoinformativo.mx\/index.php\/2025\/03\/24\/vinos-de-queretaro-primera-region-vitivinicola-de-mexico-con-igp\/\"},\"author\":{\"name\":\"Nexo Informativo\",\"@id\":\"https:\/\/www.nexoinformativo.mx\/#\/schema\/person\/7749d380ba08c8ca00d7bc76fd907b7d\"},\"headline\":\"Vinos de Quer\u00e9taro primera regi\u00f3n Vitivin\u00edcola de M\u00e9xico con IGP\",\"datePublished\":\"2025-03-24T21:00:40+00:00\",\"dateModified\":\"2025-03-25T00:57:01+00:00\",\"mainEntityOfPage\":{\"@id\":\"https:\/\/www.nexoinformativo.mx\/index.php\/2025\/03\/24\/vinos-de-queretaro-primera-region-vitivinicola-de-mexico-con-igp\/\"},\"wordCount\":227,\"commentCount\":0,\"publisher\":{\"@id\":\"https:\/\/www.nexoinformativo.mx\/#organization\"},\"image\":{\"@id\":\"https:\/\/www.nexoinformativo.mx\/index.php\/2025\/03\/24\/vinos-de-queretaro-primera-region-vitivinicola-de-mexico-con-igp\/#primaryimage\"},\"thumbnailUrl\":\"https:\/\/www.nexoinformativo.mx\/wp-content\/uploads\/2025\/03\/dc02fdd9-8f12-4a7c-bf5b-9862908e41e5-e1742864091815.jpg\",\"keywords\":[\"Enoturismo\",\"IGPQuer\u00e9taro\",\"TurismoQuer\u00e9taro\",\"VinosDeQuer\u00e9taro\"],\"articleSection\":[\"Espect\u00e1culos\",\"Estado\",\"\u00daltima Hora\"],\"inLanguage\":\"es\",\"potentialAction\":[{\"@type\":\"CommentAction\",\"name\":\"Comment\",\"target\":[\"https:\/\/www.nexoinformativo.mx\/index.php\/2025\/03\/24\/vinos-de-queretaro-primera-region-vitivinicola-de-mexico-con-igp\/#respond\"]}]},{\"@type\":\"WebPage\",\"@id\":\"https:\/\/www.nexoinformativo.mx\/index.php\/2025\/03\/24\/vinos-de-queretaro-primera-region-vitivinicola-de-mexico-con-igp\/\",\"url\":\"https:\/\/www.nexoinformativo.mx\/index.php\/2025\/03\/24\/vinos-de-queretaro-primera-region-vitivinicola-de-mexico-con-igp\/\",\"name\":\"Vinos de Quer\u00e9taro primera regi\u00f3n Vitivin\u00edcola de M\u00e9xico con IGP | Nexo Informativo Santiago de Quer\u00e9taro\",\"isPartOf\":{\"@id\":\"https:\/\/www.nexoinformativo.mx\/#website\"},\"primaryImageOfPage\":{\"@id\":\"https:\/\/www.nexoinformativo.mx\/index.php\/2025\/03\/24\/vinos-de-queretaro-primera-region-vitivinicola-de-mexico-con-igp\/#primaryimage\"},\"image\":{\"@id\":\"https:\/\/www.nexoinformativo.mx\/index.php\/2025\/03\/24\/vinos-de-queretaro-primera-region-vitivinicola-de-mexico-con-igp\/#primaryimage\"},\"thumbnailUrl\":\"https:\/\/www.nexoinformativo.mx\/wp-content\/uploads\/2025\/03\/dc02fdd9-8f12-4a7c-bf5b-9862908e41e5-e1742864091815.jpg\",\"datePublished\":\"2025-03-24T21:00:40+00:00\",\"dateModified\":\"2025-03-25T00:57:01+00:00\",\"description\":\"Vinos de Quer\u00e9taro primera regi\u00f3n Vitivin\u00edcola de M\u00e9xico con IGP\",\"breadcrumb\":{\"@id\":\"https:\/\/www.nexoinformativo.mx\/index.php\/2025\/03\/24\/vinos-de-queretaro-primera-region-vitivinicola-de-mexico-con-igp\/#breadcrumb\"},\"inLanguage\":\"es\",\"potentialAction\":[{\"@type\":\"ReadAction\",\"target\":[\"https:\/\/www.nexoinformativo.mx\/index.php\/2025\/03\/24\/vinos-de-queretaro-primera-region-vitivinicola-de-mexico-con-igp\/\"]}]},{\"@type\":\"ImageObject\",\"inLanguage\":\"es\",\"@id\":\"https:\/\/www.nexoinformativo.mx\/index.php\/2025\/03\/24\/vinos-de-queretaro-primera-region-vitivinicola-de-mexico-con-igp\/#primaryimage\",\"url\":\"https:\/\/www.nexoinformativo.mx\/wp-content\/uploads\/2025\/03\/dc02fdd9-8f12-4a7c-bf5b-9862908e41e5-e1742864091815.jpg\",\"contentUrl\":\"https:\/\/www.nexoinformativo.mx\/wp-content\/uploads\/2025\/03\/dc02fdd9-8f12-4a7c-bf5b-9862908e41e5-e1742864091815.jpg\",\"width\":800,\"height\":449},{\"@type\":\"BreadcrumbList\",\"@id\":\"https:\/\/www.nexoinformativo.mx\/index.php\/2025\/03\/24\/vinos-de-queretaro-primera-region-vitivinicola-de-mexico-con-igp\/#breadcrumb\",\"itemListElement\":[{\"@type\":\"ListItem\",\"position\":1,\"name\":\"Inicio\",\"item\":\"https:\/\/www.nexoinformativo.mx\/\"},{\"@type\":\"ListItem\",\"position\":2,\"name\":\"Vinos de Quer\u00e9taro primera regi\u00f3n Vitivin\u00edcola de M\u00e9xico con IGP\"}]},{\"@type\":\"WebSite\",\"@id\":\"https:\/\/www.nexoinformativo.mx\/#website\",\"url\":\"https:\/\/www.nexoinformativo.mx\/\",\"name\":\"Nexo Informativo Santiago de Quer\u00e9taro\",\"description\":\"Explora NexoInformativo y convi\u00e9rtete en parte de una comunidad que valora el conocimiento y la verdad. Tu nexoinformativo es tu puente hacia una comprensi\u00f3n m\u00e1s profunda del mundo que te rodea.\",\"publisher\":{\"@id\":\"https:\/\/www.nexoinformativo.mx\/#organization\"},\"potentialAction\":[{\"@type\":\"SearchAction\",\"target\":{\"@type\":\"EntryPoint\",\"urlTemplate\":\"https:\/\/www.nexoinformativo.mx\/?s={search_term_string}\"},\"query-input\":{\"@type\":\"PropertyValueSpecification\",\"valueRequired\":true,\"valueName\":\"search_term_string\"}}],\"inLanguage\":\"es\"},{\"@type\":\"Organization\",\"@id\":\"https:\/\/www.nexoinformativo.mx\/#organization\",\"name\":\"Nexo Informativo Santiago de Quer\u00e9taro\",\"url\":\"https:\/\/www.nexoinformativo.mx\/\",\"logo\":{\"@type\":\"ImageObject\",\"inLanguage\":\"es\",\"@id\":\"https:\/\/www.nexoinformativo.mx\/#\/schema\/logo\/image\/\",\"url\":\"https:\/\/www.nexoinformativo.mx\/wp-content\/uploads\/2024\/07\/nexoi-trasparente-2.png\",\"contentUrl\":\"https:\/\/www.nexoinformativo.mx\/wp-content\/uploads\/2024\/07\/nexoi-trasparente-2.png\",\"width\":816,\"height\":339,\"caption\":\"Nexo Informativo Santiago de Quer\u00e9taro\"},\"image\":{\"@id\":\"https:\/\/www.nexoinformativo.mx\/#\/schema\/logo\/image\/\"},\"sameAs\":[\"https:\/\/www.facebook.com\/people\/Nexo-Informativo\/61564066885511\/\"]},{\"@type\":\"Person\",\"@id\":\"https:\/\/www.nexoinformativo.mx\/#\/schema\/person\/7749d380ba08c8ca00d7bc76fd907b7d\",\"name\":\"Nexo Informativo\",\"image\":{\"@type\":\"ImageObject\",\"inLanguage\":\"es\",\"@id\":\"https:\/\/www.nexoinformativo.mx\/#\/schema\/person\/image\/\",\"url\":\"https:\/\/secure.gravatar.com\/avatar\/dde2928154642a13d95f87ddf1ea9718fe2b46760a005c53e41ff5ad610704e6?s=96&d=mm&r=g\",\"contentUrl\":\"https:\/\/secure.gravatar.com\/avatar\/dde2928154642a13d95f87ddf1ea9718fe2b46760a005c53e41ff5ad610704e6?s=96&d=mm&r=g\",\"caption\":\"Nexo Informativo\"},\"url\":\"https:\/\/www.nexoinformativo.mx\/index.php\/author\/edicion\/\"}]}<\/script>\n<!-- \/ Yoast SEO plugin. -->","yoast_head_json":{"title":"Vinos de Quer\u00e9taro primera regi\u00f3n Vitivin\u00edcola de M\u00e9xico con IGP | Nexo Informativo Santiago de Quer\u00e9taro","description":"Vinos de Quer\u00e9taro primera regi\u00f3n Vitivin\u00edcola de M\u00e9xico con IGP","robots":{"index":"index","follow":"follow","max-snippet":"max-snippet:-1","max-image-preview":"max-image-preview:large","max-video-preview":"max-video-preview:-1"},"canonical":"https:\/\/www.nexoinformativo.mx\/index.php\/2025\/03\/24\/vinos-de-queretaro-primera-region-vitivinicola-de-mexico-con-igp\/","og_locale":"es_MX","og_type":"article","og_title":"Vinos de Quer\u00e9taro primera regi\u00f3n Vitivin\u00edcola de M\u00e9xico con IGP | Nexo Informativo Santiago de Quer\u00e9taro","og_description":"Vinos de Quer\u00e9taro primera regi\u00f3n Vitivin\u00edcola de M\u00e9xico con IGP","og_url":"https:\/\/www.nexoinformativo.mx\/index.php\/2025\/03\/24\/vinos-de-queretaro-primera-region-vitivinicola-de-mexico-con-igp\/","og_site_name":"Nexo Informativo Santiago de Quer\u00e9taro","article_publisher":"https:\/\/www.facebook.com\/people\/Nexo-Informativo\/61564066885511\/","article_published_time":"2025-03-24T21:00:40+00:00","article_modified_time":"2025-03-25T00:57:01+00:00","og_image":[{"width":800,"height":449,"url":"https:\/\/www.nexoinformativo.mx\/wp-content\/uploads\/2025\/03\/dc02fdd9-8f12-4a7c-bf5b-9862908e41e5-e1742864091815.jpg","type":"image\/jpeg"}],"author":"Nexo Informativo","twitter_card":"summary_large_image","twitter_misc":{"Escrito por":"Nexo Informativo","Tiempo de lectura":"2 minutos"},"schema":{"@context":"https:\/\/schema.org","@graph":[{"@type":"Article","@id":"https:\/\/www.nexoinformativo.mx\/index.php\/2025\/03\/24\/vinos-de-queretaro-primera-region-vitivinicola-de-mexico-con-igp\/#article","isPartOf":{"@id":"https:\/\/www.nexoinformativo.mx\/index.php\/2025\/03\/24\/vinos-de-queretaro-primera-region-vitivinicola-de-mexico-con-igp\/"},"author":{"name":"Nexo Informativo","@id":"https:\/\/www.nexoinformativo.mx\/#\/schema\/person\/7749d380ba08c8ca00d7bc76fd907b7d"},"headline":"Vinos de Quer\u00e9taro primera regi\u00f3n Vitivin\u00edcola de M\u00e9xico con IGP","datePublished":"2025-03-24T21:00:40+00:00","dateModified":"2025-03-25T00:57:01+00:00","mainEntityOfPage":{"@id":"https:\/\/www.nexoinformativo.mx\/index.php\/2025\/03\/24\/vinos-de-queretaro-primera-region-vitivinicola-de-mexico-con-igp\/"},"wordCount":227,"commentCount":0,"publisher":{"@id":"https:\/\/www.nexoinformativo.mx\/#organization"},"image":{"@id":"https:\/\/www.nexoinformativo.mx\/index.php\/2025\/03\/24\/vinos-de-queretaro-primera-region-vitivinicola-de-mexico-con-igp\/#primaryimage"},"thumbnailUrl":"https:\/\/www.nexoinformativo.mx\/wp-content\/uploads\/2025\/03\/dc02fdd9-8f12-4a7c-bf5b-9862908e41e5-e1742864091815.jpg","keywords":["Enoturismo","IGPQuer\u00e9taro","TurismoQuer\u00e9taro","VinosDeQuer\u00e9taro"],"articleSection":["Espect\u00e1culos","Estado","\u00daltima Hora"],"inLanguage":"es","potentialAction":[{"@type":"CommentAction","name":"Comment","target":["https:\/\/www.nexoinformativo.mx\/index.php\/2025\/03\/24\/vinos-de-queretaro-primera-region-vitivinicola-de-mexico-con-igp\/#respond"]}]},{"@type":"WebPage","@id":"https:\/\/www.nexoinformativo.mx\/index.php\/2025\/03\/24\/vinos-de-queretaro-primera-region-vitivinicola-de-mexico-con-igp\/","url":"https:\/\/www.nexoinformativo.mx\/index.php\/2025\/03\/24\/vinos-de-queretaro-primera-region-vitivinicola-de-mexico-con-igp\/","name":"Vinos de Quer\u00e9taro primera regi\u00f3n Vitivin\u00edcola de M\u00e9xico con IGP | Nexo Informativo Santiago de Quer\u00e9taro","isPartOf":{"@id":"https:\/\/www.nexoinformativo.mx\/#website"},"primaryImageOfPage":{"@id":"https:\/\/www.nexoinformativo.mx\/index.php\/2025\/03\/24\/vinos-de-queretaro-primera-region-vitivinicola-de-mexico-con-igp\/#primaryimage"},"image":{"@id":"https:\/\/www.nexoinformativo.mx\/index.php\/2025\/03\/24\/vinos-de-queretaro-primera-region-vitivinicola-de-mexico-con-igp\/#primaryimage"},"thumbnailUrl":"https:\/\/www.nexoinformativo.mx\/wp-content\/uploads\/2025\/03\/dc02fdd9-8f12-4a7c-bf5b-9862908e41e5-e1742864091815.jpg","datePublished":"2025-03-24T21:00:40+00:00","dateModified":"2025-03-25T00:57:01+00:00","description":"Vinos de Quer\u00e9taro primera regi\u00f3n Vitivin\u00edcola de M\u00e9xico con IGP","breadcrumb":{"@id":"https:\/\/www.nexoinformativo.mx\/index.php\/2025\/03\/24\/vinos-de-queretaro-primera-region-vitivinicola-de-mexico-con-igp\/#breadcrumb"},"inLanguage":"es","potentialAction":[{"@type":"ReadAction","target":["https:\/\/www.nexoinformativo.mx\/index.php\/2025\/03\/24\/vinos-de-queretaro-primera-region-vitivinicola-de-mexico-con-igp\/"]}]},{"@type":"ImageObject","inLanguage":"es","@id":"https:\/\/www.nexoinformativo.mx\/index.php\/2025\/03\/24\/vinos-de-queretaro-primera-region-vitivinicola-de-mexico-con-igp\/#primaryimage","url":"https:\/\/www.nexoinformativo.mx\/wp-content\/uploads\/2025\/03\/dc02fdd9-8f12-4a7c-bf5b-9862908e41e5-e1742864091815.jpg","contentUrl":"https:\/\/www.nexoinformativo.mx\/wp-content\/uploads\/2025\/03\/dc02fdd9-8f12-4a7c-bf5b-9862908e41e5-e1742864091815.jpg","width":800,"height":449},{"@type":"BreadcrumbList","@id":"https:\/\/www.nexoinformativo.mx\/index.php\/2025\/03\/24\/vinos-de-queretaro-primera-region-vitivinicola-de-mexico-con-igp\/#breadcrumb","itemListElement":[{"@type":"ListItem","position":1,"name":"Inicio","item":"https:\/\/www.nexoinformativo.mx\/"},{"@type":"ListItem","position":2,"name":"Vinos de Quer\u00e9taro primera regi\u00f3n Vitivin\u00edcola de M\u00e9xico con IGP"}]},{"@type":"WebSite","@id":"https:\/\/www.nexoinformativo.mx\/#website","url":"https:\/\/www.nexoinformativo.mx\/","name":"Nexo Informativo Santiago de Quer\u00e9taro","description":"Explora NexoInformativo y convi\u00e9rtete en parte de una comunidad que valora el conocimiento y la verdad. Tu nexoinformativo es tu puente hacia una comprensi\u00f3n m\u00e1s profunda del mundo que te rodea.","publisher":{"@id":"https:\/\/www.nexoinformativo.mx\/#organization"},"potentialAction":[{"@type":"SearchAction","target":{"@type":"EntryPoint","urlTemplate":"https:\/\/www.nexoinformativo.mx\/?s={search_term_string}"},"query-input":{"@type":"PropertyValueSpecification","valueRequired":true,"valueName":"search_term_string"}}],"inLanguage":"es"},{"@type":"Organization","@id":"https:\/\/www.nexoinformativo.mx\/#organization","name":"Nexo Informativo Santiago de Quer\u00e9taro","url":"https:\/\/www.nexoinformativo.mx\/","logo":{"@type":"ImageObject","inLanguage":"es","@id":"https:\/\/www.nexoinformativo.mx\/#\/schema\/logo\/image\/","url":"https:\/\/www.nexoinformativo.mx\/wp-content\/uploads\/2024\/07\/nexoi-trasparente-2.png","contentUrl":"https:\/\/www.nexoinformativo.mx\/wp-content\/uploads\/2024\/07\/nexoi-trasparente-2.png","width":816,"height":339,"caption":"Nexo Informativo Santiago de Quer\u00e9taro"},"image":{"@id":"https:\/\/www.nexoinformativo.mx\/#\/schema\/logo\/image\/"},"sameAs":["https:\/\/www.facebook.com\/people\/Nexo-Informativo\/61564066885511\/"]},{"@type":"Person","@id":"https:\/\/www.nexoinformativo.mx\/#\/schema\/person\/7749d380ba08c8ca00d7bc76fd907b7d","name":"Nexo Informativo","image":{"@type":"ImageObject","inLanguage":"es","@id":"https:\/\/www.nexoinformativo.mx\/#\/schema\/person\/image\/","url":"https:\/\/secure.gravatar.com\/avatar\/dde2928154642a13d95f87ddf1ea9718fe2b46760a005c53e41ff5ad610704e6?s=96&d=mm&r=g","contentUrl":"https:\/\/secure.gravatar.com\/avatar\/dde2928154642a13d95f87ddf1ea9718fe2b46760a005c53e41ff5ad610704e6?s=96&d=mm&r=g","caption":"Nexo Informativo"},"url":"https:\/\/www.nexoinformativo.mx\/index.php\/author\/edicion\/"}]}},"_links":{"self":[{"href":"https:\/\/www.nexoinformativo.mx\/index.php\/wp-json\/wp\/v2\/posts\/13270","targetHints":{"allow":["GET"]}}],"collection":[{"href":"https:\/\/www.nexoinformativo.mx\/index.php\/wp-json\/wp\/v2\/posts"}],"about":[{"href":"https:\/\/www.nexoinformativo.mx\/index.php\/wp-json\/wp\/v2\/types\/post"}],"author":[{"embeddable":true,"href":"https:\/\/www.nexoinformativo.mx\/index.php\/wp-json\/wp\/v2\/users\/3"}],"replies":[{"embeddable":true,"href":"https:\/\/www.nexoinformativo.mx\/index.php\/wp-json\/wp\/v2\/comments?post=13270"}],"version-history":[{"count":5,"href":"https:\/\/www.nexoinformativo.mx\/index.php\/wp-json\/wp\/v2\/posts\/13270\/revisions"}],"predecessor-version":[{"id":13274,"href":"https:\/\/www.nexoinformativo.mx\/index.php\/wp-json\/wp\/v2\/posts\/13270\/revisions\/13274"}],"wp:featuredmedia":[{"embeddable":true,"href":"https:\/\/www.nexoinformativo.mx\/index.php\/wp-json\/wp\/v2\/media\/13271"}],"wp:attachment":[{"href":"https:\/\/www.nexoinformativo.mx\/index.php\/wp-json\/wp\/v2\/media?parent=13270"}],"wp:term":[{"taxonomy":"category","embeddable":true,"href":"https:\/\/www.nexoinformativo.mx\/index.php\/wp-json\/wp\/v2\/categories?post=13270"},{"taxonomy":"post_tag","embeddable":true,"href":"https:\/\/www.nexoinformativo.mx\/index.php\/wp-json\/wp\/v2\/tags?post=13270"}],"curies":[{"name":"wp","href":"https:\/\/api.w.org\/{rel}","templated":true}]}}