{"id":13283,"date":"2025-03-25T07:00:38","date_gmt":"2025-03-25T13:00:38","guid":{"rendered":"https:\/\/www.nexoinformativo.mx\/?p=13283"},"modified":"2025-03-25T11:19:30","modified_gmt":"2025-03-25T17:19:30","slug":"mexico-contra-la-desaparicion-sheinbaum-impulsa-plataforma-unica-de-identidad-y-alerta-nacional","status":"publish","type":"post","link":"https:\/\/www.nexoinformativo.mx\/index.php\/2025\/03\/25\/mexico-contra-la-desaparicion-sheinbaum-impulsa-plataforma-unica-de-identidad-y-alerta-nacional\/","title":{"rendered":"M\u00e9xico contra la desaparici\u00f3n Sheinbaum impulsa plataforma \u00fanica de identidad y alerta Nacional"},"content":{"rendered":"<p style=\"text-align: justify;\" data-sourcepos=\"13:1-13:363\">La presidenta Claudia Sheinbaum present\u00f3 reformas a la <strong>Ley General de Poblaci\u00f3n<\/strong> y a la<strong> Ley General en Materia de Desaparici\u00f3n Forzada de Personas, Desaparici\u00f3n Cometida por Particulares<\/strong> y del Sistema Nacional de B\u00fasqueda de Personas, con el objetivo de fortalecer la b\u00fasqueda y localizaci\u00f3n de personas desaparecidas en M\u00e9xico.<\/p>\n<p>&nbsp;<\/p>\n<p style=\"text-align: justify;\" data-sourcepos=\"15:1-15:218\">Las reformas incluyen la creaci\u00f3n de la Plataforma \u00danica de Identidad, la emisi\u00f3n de una alerta inmediata en todo el pa\u00eds en caso de desaparici\u00f3n, y el fortalecimiento de la Clave \u00danica de Registro de Poblaci\u00f3n (CURP).<\/p>\n<p>&nbsp;<\/p>\n<p style=\"text-align: justify;\" data-sourcepos=\"17:1-17:168\">Sheinbaum destac\u00f3 la responsabilidad del gobierno en atender el problema de la desaparici\u00f3n y la necesidad de conocer la verdad en casos como el de Teuchitl\u00e1n, Jalisco.<\/p>\n<p>&nbsp;<\/p>\n<p style=\"text-align: justify;\" data-sourcepos=\"19:1-19:100\">La consejera jur\u00eddica del Ejecutivo Federal, Ernestina Godoy, detall\u00f3 que <strong>las reformas buscan:<\/strong><\/p>\n<p>&nbsp;<\/p>\n<p>*Crear un sistema de intercambio de informaci\u00f3n en tiempo real.<\/p>\n<p>*Involucrar a la sociedad en el proceso de b\u00fasqueda.<\/p>\n<p>*Agilizar las investigaciones a trav\u00e9s de las fiscal\u00edas estatales.<\/p>\n<p>*Crear la Base Nacional de Carpetas de Investigaci\u00f3n de personas desaparecidas.<\/p>\n<p>*Fortalecer el Banco Nacional de Datos Forenses.<\/p>\n<p>*Crear el Sistema Nacional de alerta, b\u00fasqueda y localizaci\u00f3n de personas.<\/p>\n<p>&nbsp;<\/p>\n<p style=\"text-align: justify;\" data-sourcepos=\"28:1-28:175\">Las reformas tambi\u00e9n contemplan el fortalecimiento de las Comisiones Nacional y estatales de B\u00fasqueda, y el incremento de penas para quienes cometan el delito de desaparici\u00f3n.<\/p>\n<p>&nbsp;<\/p>\n<p style=\"text-align: center;\" data-sourcepos=\"28:1-28:175\"><em><strong>\u00a1Informaci\u00f3n que transforma!<\/strong><\/em><\/p>\n","protected":false},"excerpt":{"rendered":"<p>La presidenta Claudia Sheinbaum present\u00f3 reformas a la Ley General de Poblaci\u00f3n y a la Ley General en Materia de Desaparici\u00f3n Forzada de Personas, Desaparici\u00f3n Cometida por Particulares y del Sistema Nacional de B\u00fasqueda de Personas, con el objetivo de fortalecer la b\u00fasqueda y localizaci\u00f3n de personas desaparecidas en M\u00e9xico.<\/p>\n","protected":false},"author":3,"featured_media":13284,"comment_status":"open","ping_status":"open","sticky":false,"template":"","format":"standard","meta":{"footnotes":""},"categories":[88,58],"tags":[967,3882,156,3883],"class_list":["post-13283","post","type-post","status-publish","format-standard","has-post-thumbnail","hentry","category-nacional","category-ultima-hora","tag-claudiasheinbaum","tag-desaparicionmexico","tag-justiciamexico","tag-plataformaunicaidentidad"],"yoast_head":"<!-- This site is optimized with the Yoast SEO plugin v25.0 - https:\/\/yoast.com\/wordpress\/plugins\/seo\/ -->\n<title>M\u00e9xico contra la desaparici\u00f3n Sheinbaum impulsa plataforma \u00fanica de identidad y alerta Nacional | Nexo Informativo Santiago de Quer\u00e9taro<\/title>\n<meta name=\"description\" content=\"M\u00e9xico contra la desaparici\u00f3n Sheinbaum impulsa plataforma \u00fanica de identidad y alerta Nacional\" \/>\n<meta name=\"robots\" content=\"index, follow, max-snippet:-1, max-image-preview:large, max-video-preview:-1\" \/>\n<link rel=\"canonical\" href=\"https:\/\/www.nexoinformativo.mx\/index.php\/2025\/03\/25\/mexico-contra-la-desaparicion-sheinbaum-impulsa-plataforma-unica-de-identidad-y-alerta-nacional\/\" \/>\n<meta property=\"og:locale\" content=\"es_MX\" \/>\n<meta property=\"og:type\" content=\"article\" \/>\n<meta property=\"og:title\" content=\"M\u00e9xico contra la desaparici\u00f3n Sheinbaum impulsa plataforma \u00fanica de identidad y alerta Nacional | Nexo Informativo Santiago de Quer\u00e9taro\" \/>\n<meta property=\"og:description\" content=\"M\u00e9xico contra la desaparici\u00f3n Sheinbaum impulsa plataforma \u00fanica de identidad y alerta Nacional\" \/>\n<meta property=\"og:url\" content=\"https:\/\/www.nexoinformativo.mx\/index.php\/2025\/03\/25\/mexico-contra-la-desaparicion-sheinbaum-impulsa-plataforma-unica-de-identidad-y-alerta-nacional\/\" \/>\n<meta property=\"og:site_name\" content=\"Nexo Informativo Santiago de Quer\u00e9taro\" \/>\n<meta property=\"article:publisher\" content=\"https:\/\/www.facebook.com\/people\/Nexo-Informativo\/61564066885511\/\" \/>\n<meta property=\"article:published_time\" content=\"2025-03-25T13:00:38+00:00\" \/>\n<meta property=\"article:modified_time\" content=\"2025-03-25T17:19:30+00:00\" \/>\n<meta property=\"og:image\" content=\"https:\/\/www.nexoinformativo.mx\/wp-content\/uploads\/2025\/03\/IMG_1915.jpg\" \/>\n\t<meta property=\"og:image:width\" content=\"650\" \/>\n\t<meta property=\"og:image:height\" content=\"380\" \/>\n\t<meta property=\"og:image:type\" content=\"image\/jpeg\" \/>\n<meta name=\"author\" content=\"Nexo Informativo\" \/>\n<meta name=\"twitter:card\" content=\"summary_large_image\" \/>\n<meta name=\"twitter:label1\" content=\"Escrito por\" \/>\n\t<meta name=\"twitter:data1\" content=\"Nexo Informativo\" \/>\n\t<meta name=\"twitter:label2\" content=\"Tiempo de lectura\" \/>\n\t<meta name=\"twitter:data2\" content=\"2 minutos\" \/>\n<script type=\"application\/ld+json\" class=\"yoast-schema-graph\">{\"@context\":\"https:\/\/schema.org\",\"@graph\":[{\"@type\":\"Article\",\"@id\":\"https:\/\/www.nexoinformativo.mx\/index.php\/2025\/03\/25\/mexico-contra-la-desaparicion-sheinbaum-impulsa-plataforma-unica-de-identidad-y-alerta-nacional\/#article\",\"isPartOf\":{\"@id\":\"https:\/\/www.nexoinformativo.mx\/index.php\/2025\/03\/25\/mexico-contra-la-desaparicion-sheinbaum-impulsa-plataforma-unica-de-identidad-y-alerta-nacional\/\"},\"author\":{\"name\":\"Nexo Informativo\",\"@id\":\"https:\/\/www.nexoinformativo.mx\/#\/schema\/person\/7749d380ba08c8ca00d7bc76fd907b7d\"},\"headline\":\"M\u00e9xico contra la desaparici\u00f3n Sheinbaum impulsa plataforma \u00fanica de identidad y alerta Nacional\",\"datePublished\":\"2025-03-25T13:00:38+00:00\",\"dateModified\":\"2025-03-25T17:19:30+00:00\",\"mainEntityOfPage\":{\"@id\":\"https:\/\/www.nexoinformativo.mx\/index.php\/2025\/03\/25\/mexico-contra-la-desaparicion-sheinbaum-impulsa-plataforma-unica-de-identidad-y-alerta-nacional\/\"},\"wordCount\":260,\"commentCount\":0,\"publisher\":{\"@id\":\"https:\/\/www.nexoinformativo.mx\/#organization\"},\"image\":{\"@id\":\"https:\/\/www.nexoinformativo.mx\/index.php\/2025\/03\/25\/mexico-contra-la-desaparicion-sheinbaum-impulsa-plataforma-unica-de-identidad-y-alerta-nacional\/#primaryimage\"},\"thumbnailUrl\":\"https:\/\/www.nexoinformativo.mx\/wp-content\/uploads\/2025\/03\/IMG_1915.jpg\",\"keywords\":[\"ClaudiaSheinbaum\",\"Desaparici\u00f3nM\u00e9xico\",\"JusticiaM\u00e9xico\",\"Plataforma\u00danicaIdentidad\"],\"articleSection\":[\"Nacional\",\"\u00daltima Hora\"],\"inLanguage\":\"es\",\"potentialAction\":[{\"@type\":\"CommentAction\",\"name\":\"Comment\",\"target\":[\"https:\/\/www.nexoinformativo.mx\/index.php\/2025\/03\/25\/mexico-contra-la-desaparicion-sheinbaum-impulsa-plataforma-unica-de-identidad-y-alerta-nacional\/#respond\"]}]},{\"@type\":\"WebPage\",\"@id\":\"https:\/\/www.nexoinformativo.mx\/index.php\/2025\/03\/25\/mexico-contra-la-desaparicion-sheinbaum-impulsa-plataforma-unica-de-identidad-y-alerta-nacional\/\",\"url\":\"https:\/\/www.nexoinformativo.mx\/index.php\/2025\/03\/25\/mexico-contra-la-desaparicion-sheinbaum-impulsa-plataforma-unica-de-identidad-y-alerta-nacional\/\",\"name\":\"M\u00e9xico contra la desaparici\u00f3n Sheinbaum impulsa plataforma \u00fanica de identidad y alerta Nacional | Nexo Informativo Santiago de Quer\u00e9taro\",\"isPartOf\":{\"@id\":\"https:\/\/www.nexoinformativo.mx\/#website\"},\"primaryImageOfPage\":{\"@id\":\"https:\/\/www.nexoinformativo.mx\/index.php\/2025\/03\/25\/mexico-contra-la-desaparicion-sheinbaum-impulsa-plataforma-unica-de-identidad-y-alerta-nacional\/#primaryimage\"},\"image\":{\"@id\":\"https:\/\/www.nexoinformativo.mx\/index.php\/2025\/03\/25\/mexico-contra-la-desaparicion-sheinbaum-impulsa-plataforma-unica-de-identidad-y-alerta-nacional\/#primaryimage\"},\"thumbnailUrl\":\"https:\/\/www.nexoinformativo.mx\/wp-content\/uploads\/2025\/03\/IMG_1915.jpg\",\"datePublished\":\"2025-03-25T13:00:38+00:00\",\"dateModified\":\"2025-03-25T17:19:30+00:00\",\"description\":\"M\u00e9xico contra la desaparici\u00f3n Sheinbaum impulsa plataforma \u00fanica de identidad y alerta Nacional\",\"breadcrumb\":{\"@id\":\"https:\/\/www.nexoinformativo.mx\/index.php\/2025\/03\/25\/mexico-contra-la-desaparicion-sheinbaum-impulsa-plataforma-unica-de-identidad-y-alerta-nacional\/#breadcrumb\"},\"inLanguage\":\"es\",\"potentialAction\":[{\"@type\":\"ReadAction\",\"target\":[\"https:\/\/www.nexoinformativo.mx\/index.php\/2025\/03\/25\/mexico-contra-la-desaparicion-sheinbaum-impulsa-plataforma-unica-de-identidad-y-alerta-nacional\/\"]}]},{\"@type\":\"ImageObject\",\"inLanguage\":\"es\",\"@id\":\"https:\/\/www.nexoinformativo.mx\/index.php\/2025\/03\/25\/mexico-contra-la-desaparicion-sheinbaum-impulsa-plataforma-unica-de-identidad-y-alerta-nacional\/#primaryimage\",\"url\":\"https:\/\/www.nexoinformativo.mx\/wp-content\/uploads\/2025\/03\/IMG_1915.jpg\",\"contentUrl\":\"https:\/\/www.nexoinformativo.mx\/wp-content\/uploads\/2025\/03\/IMG_1915.jpg\",\"width\":650,\"height\":380,\"caption\":\"Cuauht\u00e9moc, Ciudad de M\u00e9xico. 24 de marzo 2025. La presidenta constitucional de los Estados Unidos Mexicanos, la Doctora Claudia Sheinbaum Pardo en conferencia de prensa matutina en el sal\u00f3n de la Tesorer\u00eda de Palacio Nacional. Acompa\u00f1an a la presidenta: Omar Garc\u00eda Harfuch, secretario de Seguridad y Protecci\u00f3n Ciudadana; Ernestina Godoy Ramos, consejera jur\u00eddica del Ejecutivo Federal; Iv\u00e1n Escalante, Procurador Federal del Consumidor (Profeco) y Diana Aurora Correa, Memoria Hist\u00f3rica. Foto: Sa\u00fal L\u00f3pez Escorcia \/Presidencia\"},{\"@type\":\"BreadcrumbList\",\"@id\":\"https:\/\/www.nexoinformativo.mx\/index.php\/2025\/03\/25\/mexico-contra-la-desaparicion-sheinbaum-impulsa-plataforma-unica-de-identidad-y-alerta-nacional\/#breadcrumb\",\"itemListElement\":[{\"@type\":\"ListItem\",\"position\":1,\"name\":\"Inicio\",\"item\":\"https:\/\/www.nexoinformativo.mx\/\"},{\"@type\":\"ListItem\",\"position\":2,\"name\":\"M\u00e9xico contra la desaparici\u00f3n Sheinbaum impulsa plataforma \u00fanica de identidad y alerta Nacional\"}]},{\"@type\":\"WebSite\",\"@id\":\"https:\/\/www.nexoinformativo.mx\/#website\",\"url\":\"https:\/\/www.nexoinformativo.mx\/\",\"name\":\"Nexo Informativo Santiago de Quer\u00e9taro\",\"description\":\"Explora NexoInformativo y convi\u00e9rtete en parte de una comunidad que valora el conocimiento y la verdad. Tu nexoinformativo es tu puente hacia una comprensi\u00f3n m\u00e1s profunda del mundo que te rodea.\",\"publisher\":{\"@id\":\"https:\/\/www.nexoinformativo.mx\/#organization\"},\"potentialAction\":[{\"@type\":\"SearchAction\",\"target\":{\"@type\":\"EntryPoint\",\"urlTemplate\":\"https:\/\/www.nexoinformativo.mx\/?s={search_term_string}\"},\"query-input\":{\"@type\":\"PropertyValueSpecification\",\"valueRequired\":true,\"valueName\":\"search_term_string\"}}],\"inLanguage\":\"es\"},{\"@type\":\"Organization\",\"@id\":\"https:\/\/www.nexoinformativo.mx\/#organization\",\"name\":\"Nexo Informativo Santiago de Quer\u00e9taro\",\"url\":\"https:\/\/www.nexoinformativo.mx\/\",\"logo\":{\"@type\":\"ImageObject\",\"inLanguage\":\"es\",\"@id\":\"https:\/\/www.nexoinformativo.mx\/#\/schema\/logo\/image\/\",\"url\":\"https:\/\/www.nexoinformativo.mx\/wp-content\/uploads\/2024\/07\/nexoi-trasparente-2.png\",\"contentUrl\":\"https:\/\/www.nexoinformativo.mx\/wp-content\/uploads\/2024\/07\/nexoi-trasparente-2.png\",\"width\":816,\"height\":339,\"caption\":\"Nexo Informativo Santiago de Quer\u00e9taro\"},\"image\":{\"@id\":\"https:\/\/www.nexoinformativo.mx\/#\/schema\/logo\/image\/\"},\"sameAs\":[\"https:\/\/www.facebook.com\/people\/Nexo-Informativo\/61564066885511\/\"]},{\"@type\":\"Person\",\"@id\":\"https:\/\/www.nexoinformativo.mx\/#\/schema\/person\/7749d380ba08c8ca00d7bc76fd907b7d\",\"name\":\"Nexo Informativo\",\"image\":{\"@type\":\"ImageObject\",\"inLanguage\":\"es\",\"@id\":\"https:\/\/www.nexoinformativo.mx\/#\/schema\/person\/image\/\",\"url\":\"https:\/\/secure.gravatar.com\/avatar\/dde2928154642a13d95f87ddf1ea9718fe2b46760a005c53e41ff5ad610704e6?s=96&d=mm&r=g\",\"contentUrl\":\"https:\/\/secure.gravatar.com\/avatar\/dde2928154642a13d95f87ddf1ea9718fe2b46760a005c53e41ff5ad610704e6?s=96&d=mm&r=g\",\"caption\":\"Nexo Informativo\"},\"url\":\"https:\/\/www.nexoinformativo.mx\/index.php\/author\/edicion\/\"}]}<\/script>\n<!-- \/ Yoast SEO plugin. -->","yoast_head_json":{"title":"M\u00e9xico contra la desaparici\u00f3n Sheinbaum impulsa plataforma \u00fanica de identidad y alerta Nacional | Nexo Informativo Santiago de Quer\u00e9taro","description":"M\u00e9xico contra la desaparici\u00f3n Sheinbaum impulsa plataforma \u00fanica de identidad y alerta Nacional","robots":{"index":"index","follow":"follow","max-snippet":"max-snippet:-1","max-image-preview":"max-image-preview:large","max-video-preview":"max-video-preview:-1"},"canonical":"https:\/\/www.nexoinformativo.mx\/index.php\/2025\/03\/25\/mexico-contra-la-desaparicion-sheinbaum-impulsa-plataforma-unica-de-identidad-y-alerta-nacional\/","og_locale":"es_MX","og_type":"article","og_title":"M\u00e9xico contra la desaparici\u00f3n Sheinbaum impulsa plataforma \u00fanica de identidad y alerta Nacional | Nexo Informativo Santiago de Quer\u00e9taro","og_description":"M\u00e9xico contra la desaparici\u00f3n Sheinbaum impulsa plataforma \u00fanica de identidad y alerta Nacional","og_url":"https:\/\/www.nexoinformativo.mx\/index.php\/2025\/03\/25\/mexico-contra-la-desaparicion-sheinbaum-impulsa-plataforma-unica-de-identidad-y-alerta-nacional\/","og_site_name":"Nexo Informativo Santiago de Quer\u00e9taro","article_publisher":"https:\/\/www.facebook.com\/people\/Nexo-Informativo\/61564066885511\/","article_published_time":"2025-03-25T13:00:38+00:00","article_modified_time":"2025-03-25T17:19:30+00:00","og_image":[{"width":650,"height":380,"url":"https:\/\/www.nexoinformativo.mx\/wp-content\/uploads\/2025\/03\/IMG_1915.jpg","type":"image\/jpeg"}],"author":"Nexo Informativo","twitter_card":"summary_large_image","twitter_misc":{"Escrito por":"Nexo Informativo","Tiempo de lectura":"2 minutos"},"schema":{"@context":"https:\/\/schema.org","@graph":[{"@type":"Article","@id":"https:\/\/www.nexoinformativo.mx\/index.php\/2025\/03\/25\/mexico-contra-la-desaparicion-sheinbaum-impulsa-plataforma-unica-de-identidad-y-alerta-nacional\/#article","isPartOf":{"@id":"https:\/\/www.nexoinformativo.mx\/index.php\/2025\/03\/25\/mexico-contra-la-desaparicion-sheinbaum-impulsa-plataforma-unica-de-identidad-y-alerta-nacional\/"},"author":{"name":"Nexo Informativo","@id":"https:\/\/www.nexoinformativo.mx\/#\/schema\/person\/7749d380ba08c8ca00d7bc76fd907b7d"},"headline":"M\u00e9xico contra la desaparici\u00f3n Sheinbaum impulsa plataforma \u00fanica de identidad y alerta Nacional","datePublished":"2025-03-25T13:00:38+00:00","dateModified":"2025-03-25T17:19:30+00:00","mainEntityOfPage":{"@id":"https:\/\/www.nexoinformativo.mx\/index.php\/2025\/03\/25\/mexico-contra-la-desaparicion-sheinbaum-impulsa-plataforma-unica-de-identidad-y-alerta-nacional\/"},"wordCount":260,"commentCount":0,"publisher":{"@id":"https:\/\/www.nexoinformativo.mx\/#organization"},"image":{"@id":"https:\/\/www.nexoinformativo.mx\/index.php\/2025\/03\/25\/mexico-contra-la-desaparicion-sheinbaum-impulsa-plataforma-unica-de-identidad-y-alerta-nacional\/#primaryimage"},"thumbnailUrl":"https:\/\/www.nexoinformativo.mx\/wp-content\/uploads\/2025\/03\/IMG_1915.jpg","keywords":["ClaudiaSheinbaum","Desaparici\u00f3nM\u00e9xico","JusticiaM\u00e9xico","Plataforma\u00danicaIdentidad"],"articleSection":["Nacional","\u00daltima Hora"],"inLanguage":"es","potentialAction":[{"@type":"CommentAction","name":"Comment","target":["https:\/\/www.nexoinformativo.mx\/index.php\/2025\/03\/25\/mexico-contra-la-desaparicion-sheinbaum-impulsa-plataforma-unica-de-identidad-y-alerta-nacional\/#respond"]}]},{"@type":"WebPage","@id":"https:\/\/www.nexoinformativo.mx\/index.php\/2025\/03\/25\/mexico-contra-la-desaparicion-sheinbaum-impulsa-plataforma-unica-de-identidad-y-alerta-nacional\/","url":"https:\/\/www.nexoinformativo.mx\/index.php\/2025\/03\/25\/mexico-contra-la-desaparicion-sheinbaum-impulsa-plataforma-unica-de-identidad-y-alerta-nacional\/","name":"M\u00e9xico contra la desaparici\u00f3n Sheinbaum impulsa plataforma \u00fanica de identidad y alerta Nacional | Nexo Informativo Santiago de Quer\u00e9taro","isPartOf":{"@id":"https:\/\/www.nexoinformativo.mx\/#website"},"primaryImageOfPage":{"@id":"https:\/\/www.nexoinformativo.mx\/index.php\/2025\/03\/25\/mexico-contra-la-desaparicion-sheinbaum-impulsa-plataforma-unica-de-identidad-y-alerta-nacional\/#primaryimage"},"image":{"@id":"https:\/\/www.nexoinformativo.mx\/index.php\/2025\/03\/25\/mexico-contra-la-desaparicion-sheinbaum-impulsa-plataforma-unica-de-identidad-y-alerta-nacional\/#primaryimage"},"thumbnailUrl":"https:\/\/www.nexoinformativo.mx\/wp-content\/uploads\/2025\/03\/IMG_1915.jpg","datePublished":"2025-03-25T13:00:38+00:00","dateModified":"2025-03-25T17:19:30+00:00","description":"M\u00e9xico contra la desaparici\u00f3n Sheinbaum impulsa plataforma \u00fanica de identidad y alerta Nacional","breadcrumb":{"@id":"https:\/\/www.nexoinformativo.mx\/index.php\/2025\/03\/25\/mexico-contra-la-desaparicion-sheinbaum-impulsa-plataforma-unica-de-identidad-y-alerta-nacional\/#breadcrumb"},"inLanguage":"es","potentialAction":[{"@type":"ReadAction","target":["https:\/\/www.nexoinformativo.mx\/index.php\/2025\/03\/25\/mexico-contra-la-desaparicion-sheinbaum-impulsa-plataforma-unica-de-identidad-y-alerta-nacional\/"]}]},{"@type":"ImageObject","inLanguage":"es","@id":"https:\/\/www.nexoinformativo.mx\/index.php\/2025\/03\/25\/mexico-contra-la-desaparicion-sheinbaum-impulsa-plataforma-unica-de-identidad-y-alerta-nacional\/#primaryimage","url":"https:\/\/www.nexoinformativo.mx\/wp-content\/uploads\/2025\/03\/IMG_1915.jpg","contentUrl":"https:\/\/www.nexoinformativo.mx\/wp-content\/uploads\/2025\/03\/IMG_1915.jpg","width":650,"height":380,"caption":"Cuauht\u00e9moc, Ciudad de M\u00e9xico. 24 de marzo 2025. La presidenta constitucional de los Estados Unidos Mexicanos, la Doctora Claudia Sheinbaum Pardo en conferencia de prensa matutina en el sal\u00f3n de la Tesorer\u00eda de Palacio Nacional. Acompa\u00f1an a la presidenta: Omar Garc\u00eda Harfuch, secretario de Seguridad y Protecci\u00f3n Ciudadana; Ernestina Godoy Ramos, consejera jur\u00eddica del Ejecutivo Federal; Iv\u00e1n Escalante, Procurador Federal del Consumidor (Profeco) y Diana Aurora Correa, Memoria Hist\u00f3rica. Foto: Sa\u00fal L\u00f3pez Escorcia \/Presidencia"},{"@type":"BreadcrumbList","@id":"https:\/\/www.nexoinformativo.mx\/index.php\/2025\/03\/25\/mexico-contra-la-desaparicion-sheinbaum-impulsa-plataforma-unica-de-identidad-y-alerta-nacional\/#breadcrumb","itemListElement":[{"@type":"ListItem","position":1,"name":"Inicio","item":"https:\/\/www.nexoinformativo.mx\/"},{"@type":"ListItem","position":2,"name":"M\u00e9xico contra la desaparici\u00f3n Sheinbaum impulsa plataforma \u00fanica de identidad y alerta Nacional"}]},{"@type":"WebSite","@id":"https:\/\/www.nexoinformativo.mx\/#website","url":"https:\/\/www.nexoinformativo.mx\/","name":"Nexo Informativo Santiago de Quer\u00e9taro","description":"Explora NexoInformativo y convi\u00e9rtete en parte de una comunidad que valora el conocimiento y la verdad. Tu nexoinformativo es tu puente hacia una comprensi\u00f3n m\u00e1s profunda del mundo que te rodea.","publisher":{"@id":"https:\/\/www.nexoinformativo.mx\/#organization"},"potentialAction":[{"@type":"SearchAction","target":{"@type":"EntryPoint","urlTemplate":"https:\/\/www.nexoinformativo.mx\/?s={search_term_string}"},"query-input":{"@type":"PropertyValueSpecification","valueRequired":true,"valueName":"search_term_string"}}],"inLanguage":"es"},{"@type":"Organization","@id":"https:\/\/www.nexoinformativo.mx\/#organization","name":"Nexo Informativo Santiago de Quer\u00e9taro","url":"https:\/\/www.nexoinformativo.mx\/","logo":{"@type":"ImageObject","inLanguage":"es","@id":"https:\/\/www.nexoinformativo.mx\/#\/schema\/logo\/image\/","url":"https:\/\/www.nexoinformativo.mx\/wp-content\/uploads\/2024\/07\/nexoi-trasparente-2.png","contentUrl":"https:\/\/www.nexoinformativo.mx\/wp-content\/uploads\/2024\/07\/nexoi-trasparente-2.png","width":816,"height":339,"caption":"Nexo Informativo Santiago de Quer\u00e9taro"},"image":{"@id":"https:\/\/www.nexoinformativo.mx\/#\/schema\/logo\/image\/"},"sameAs":["https:\/\/www.facebook.com\/people\/Nexo-Informativo\/61564066885511\/"]},{"@type":"Person","@id":"https:\/\/www.nexoinformativo.mx\/#\/schema\/person\/7749d380ba08c8ca00d7bc76fd907b7d","name":"Nexo Informativo","image":{"@type":"ImageObject","inLanguage":"es","@id":"https:\/\/www.nexoinformativo.mx\/#\/schema\/person\/image\/","url":"https:\/\/secure.gravatar.com\/avatar\/dde2928154642a13d95f87ddf1ea9718fe2b46760a005c53e41ff5ad610704e6?s=96&d=mm&r=g","contentUrl":"https:\/\/secure.gravatar.com\/avatar\/dde2928154642a13d95f87ddf1ea9718fe2b46760a005c53e41ff5ad610704e6?s=96&d=mm&r=g","caption":"Nexo Informativo"},"url":"https:\/\/www.nexoinformativo.mx\/index.php\/author\/edicion\/"}]}},"_links":{"self":[{"href":"https:\/\/www.nexoinformativo.mx\/index.php\/wp-json\/wp\/v2\/posts\/13283","targetHints":{"allow":["GET"]}}],"collection":[{"href":"https:\/\/www.nexoinformativo.mx\/index.php\/wp-json\/wp\/v2\/posts"}],"about":[{"href":"https:\/\/www.nexoinformativo.mx\/index.php\/wp-json\/wp\/v2\/types\/post"}],"author":[{"embeddable":true,"href":"https:\/\/www.nexoinformativo.mx\/index.php\/wp-json\/wp\/v2\/users\/3"}],"replies":[{"embeddable":true,"href":"https:\/\/www.nexoinformativo.mx\/index.php\/wp-json\/wp\/v2\/comments?post=13283"}],"version-history":[{"count":5,"href":"https:\/\/www.nexoinformativo.mx\/index.php\/wp-json\/wp\/v2\/posts\/13283\/revisions"}],"predecessor-version":[{"id":13289,"href":"https:\/\/www.nexoinformativo.mx\/index.php\/wp-json\/wp\/v2\/posts\/13283\/revisions\/13289"}],"wp:featuredmedia":[{"embeddable":true,"href":"https:\/\/www.nexoinformativo.mx\/index.php\/wp-json\/wp\/v2\/media\/13284"}],"wp:attachment":[{"href":"https:\/\/www.nexoinformativo.mx\/index.php\/wp-json\/wp\/v2\/media?parent=13283"}],"wp:term":[{"taxonomy":"category","embeddable":true,"href":"https:\/\/www.nexoinformativo.mx\/index.php\/wp-json\/wp\/v2\/categories?post=13283"},{"taxonomy":"post_tag","embeddable":true,"href":"https:\/\/www.nexoinformativo.mx\/index.php\/wp-json\/wp\/v2\/tags?post=13283"}],"curies":[{"name":"wp","href":"https:\/\/api.w.org\/{rel}","templated":true}]}}