{"id":1329,"date":"2024-08-30T15:00:00","date_gmt":"2024-08-30T21:00:00","guid":{"rendered":"https:\/\/www.nexoinformativo.mx\/?p=1329"},"modified":"2024-08-31T14:10:03","modified_gmt":"2024-08-31T20:10:03","slug":"volcadura-de-camioneta-de-redilas-en-el-libramiento-junipero-serra-autoridades-atienden-la-situacion","status":"publish","type":"post","link":"https:\/\/www.nexoinformativo.mx\/index.php\/2024\/08\/30\/volcadura-de-camioneta-de-redilas-en-el-libramiento-junipero-serra-autoridades-atienden-la-situacion\/","title":{"rendered":"Volcadura de camioneta de redilas en el Libramiento Jun\u00edpero Serra: Autoridades atienden la situaci\u00f3n"},"content":{"rendered":"<p style=\"text-align: justify;\">Esta tarde, una camioneta de redilas volc\u00f3 en el Libramiento Jun\u00edpero Serra, justo despu\u00e9s del puente de San Jos\u00e9 El Alto en direcci\u00f3n al fraccionamiento El Refugio. El incidente ha causado preocupaci\u00f3n entre los conductores que circulaban por la zona, ya que el veh\u00edculo qued\u00f3 obstruyendo parte de la v\u00eda.<\/p>\n<p>&nbsp;<\/p>\n<p style=\"text-align: justify;\">Las autoridades ya se encuentran en el lugar del accidente para atender la situaci\u00f3n y llevar a cabo las labores de rescate y despeje de la v\u00eda. Por el momento, se desconoce si hay personas lesionadas o la causa exacta de la volcadura. Sin embargo, se recomienda a los automovilistas que tomen precauciones al transitar por el \u00e1rea y, en lo posible, busquen rutas alternas para evitar congestionamientos.<\/p>\n<p>&nbsp;<\/p>\n<p><strong>Recomendaciones para los conductores:<\/strong><\/p>\n<ul>\n<li>Mant\u00e9n la calma y sigue las indicaciones de las autoridades.<\/li>\n<li>Evita detenerte cerca de la zona del accidente para evitar m\u00e1s incidentes.<\/li>\n<li>Si es posible, utiliza v\u00edas alternas para evitar el tr\u00e1fico.<\/li>\n<li><\/li>\n<\/ul>\n<p style=\"text-align: justify;\">Las autoridades continuar\u00e1n trabajando para restablecer la normalidad en el Libramiento Jun\u00edpero Serra lo antes posible. Es importante que los ciudadanos se mantengan informados a trav\u00e9s de medios oficiales para conocer actualizaciones sobre la situaci\u00f3n.<\/p>\n","protected":false},"excerpt":{"rendered":"<p>Esta tarde, una camioneta de redilas volc\u00f3 en el Libramiento Jun\u00edpero Serra, justo despu\u00e9s del puente de San Jos\u00e9 El Alto en direcci\u00f3n al fraccionamiento El Refugio. El incidente ha causado preocupaci\u00f3n entre los conductores que circulaban por la zona, ya que el veh\u00edculo qued\u00f3 obstruyendo parte de la v\u00eda. &nbsp; Las autoridades ya se [&hellip;]<\/p>\n","protected":false},"author":3,"featured_media":1330,"comment_status":"open","ping_status":"open","sticky":false,"template":"","format":"standard","meta":{"footnotes":""},"categories":[65],"tags":[369,373,371,372,370],"class_list":["post-1329","post","type-post","status-publish","format-standard","has-post-thumbnail","hentry","category-municipios","tag-accidentequeretaro","tag-actualizacionvial","tag-libramientojuniperoserra","tag-precaucionvial","tag-traficoqueretaro"],"yoast_head":"<!-- This site is optimized with the Yoast SEO plugin v25.0 - https:\/\/yoast.com\/wordpress\/plugins\/seo\/ -->\n<title>Volcadura de camioneta de redilas en el Libramiento Jun\u00edpero Serra: Autoridades atienden la situaci\u00f3n | Nexo Informativo Santiago de Quer\u00e9taro<\/title>\n<meta name=\"robots\" content=\"index, follow, max-snippet:-1, max-image-preview:large, max-video-preview:-1\" \/>\n<link rel=\"canonical\" href=\"https:\/\/www.nexoinformativo.mx\/index.php\/2024\/08\/30\/volcadura-de-camioneta-de-redilas-en-el-libramiento-junipero-serra-autoridades-atienden-la-situacion\/\" \/>\n<meta property=\"og:locale\" content=\"es_MX\" \/>\n<meta property=\"og:type\" content=\"article\" \/>\n<meta property=\"og:title\" content=\"Volcadura de camioneta de redilas en el Libramiento Jun\u00edpero Serra: Autoridades atienden la situaci\u00f3n | Nexo Informativo Santiago de Quer\u00e9taro\" \/>\n<meta property=\"og:description\" content=\"Esta tarde, una camioneta de redilas volc\u00f3 en el Libramiento Jun\u00edpero Serra, justo despu\u00e9s del puente de San Jos\u00e9 El Alto en direcci\u00f3n al fraccionamiento El Refugio. El incidente ha causado preocupaci\u00f3n entre los conductores que circulaban por la zona, ya que el veh\u00edculo qued\u00f3 obstruyendo parte de la v\u00eda. &nbsp; Las autoridades ya se [&hellip;]\" \/>\n<meta property=\"og:url\" content=\"https:\/\/www.nexoinformativo.mx\/index.php\/2024\/08\/30\/volcadura-de-camioneta-de-redilas-en-el-libramiento-junipero-serra-autoridades-atienden-la-situacion\/\" \/>\n<meta property=\"og:site_name\" content=\"Nexo Informativo Santiago de Quer\u00e9taro\" \/>\n<meta property=\"article:publisher\" content=\"https:\/\/www.facebook.com\/people\/Nexo-Informativo\/61564066885511\/\" \/>\n<meta property=\"article:published_time\" content=\"2024-08-30T21:00:00+00:00\" \/>\n<meta property=\"article:modified_time\" content=\"2024-08-31T20:10:03+00:00\" \/>\n<meta property=\"og:image\" content=\"https:\/\/www.nexoinformativo.mx\/wp-content\/uploads\/2024\/08\/IMG_6308-e1725134790243.jpg\" \/>\n\t<meta property=\"og:image:width\" content=\"800\" \/>\n\t<meta property=\"og:image:height\" content=\"1411\" \/>\n\t<meta property=\"og:image:type\" content=\"image\/jpeg\" \/>\n<meta name=\"author\" content=\"Nexo Informativo\" \/>\n<meta name=\"twitter:card\" content=\"summary_large_image\" \/>\n<meta name=\"twitter:label1\" content=\"Escrito por\" \/>\n\t<meta name=\"twitter:data1\" content=\"Nexo Informativo\" \/>\n\t<meta name=\"twitter:label2\" content=\"Tiempo de lectura\" \/>\n\t<meta name=\"twitter:data2\" content=\"2 minutos\" \/>\n<script type=\"application\/ld+json\" class=\"yoast-schema-graph\">{\"@context\":\"https:\/\/schema.org\",\"@graph\":[{\"@type\":\"Article\",\"@id\":\"https:\/\/www.nexoinformativo.mx\/index.php\/2024\/08\/30\/volcadura-de-camioneta-de-redilas-en-el-libramiento-junipero-serra-autoridades-atienden-la-situacion\/#article\",\"isPartOf\":{\"@id\":\"https:\/\/www.nexoinformativo.mx\/index.php\/2024\/08\/30\/volcadura-de-camioneta-de-redilas-en-el-libramiento-junipero-serra-autoridades-atienden-la-situacion\/\"},\"author\":{\"name\":\"Nexo Informativo\",\"@id\":\"https:\/\/www.nexoinformativo.mx\/#\/schema\/person\/7749d380ba08c8ca00d7bc76fd907b7d\"},\"headline\":\"Volcadura de camioneta de redilas en el Libramiento Jun\u00edpero Serra: Autoridades atienden la situaci\u00f3n\",\"datePublished\":\"2024-08-30T21:00:00+00:00\",\"dateModified\":\"2024-08-31T20:10:03+00:00\",\"mainEntityOfPage\":{\"@id\":\"https:\/\/www.nexoinformativo.mx\/index.php\/2024\/08\/30\/volcadura-de-camioneta-de-redilas-en-el-libramiento-junipero-serra-autoridades-atienden-la-situacion\/\"},\"wordCount\":223,\"commentCount\":0,\"publisher\":{\"@id\":\"https:\/\/www.nexoinformativo.mx\/#organization\"},\"image\":{\"@id\":\"https:\/\/www.nexoinformativo.mx\/index.php\/2024\/08\/30\/volcadura-de-camioneta-de-redilas-en-el-libramiento-junipero-serra-autoridades-atienden-la-situacion\/#primaryimage\"},\"thumbnailUrl\":\"https:\/\/www.nexoinformativo.mx\/wp-content\/uploads\/2024\/08\/IMG_6308-e1725134790243.jpg\",\"keywords\":[\"AccidenteQuer\u00e9taro\",\"Actualizaci\u00f3nVial\",\"LibramientoJun\u00edperoSerra\",\"Precauci\u00f3nVial\",\"Tr\u00e1ficoQuer\u00e9taro\"],\"articleSection\":[\"Municipios\"],\"inLanguage\":\"es\",\"potentialAction\":[{\"@type\":\"CommentAction\",\"name\":\"Comment\",\"target\":[\"https:\/\/www.nexoinformativo.mx\/index.php\/2024\/08\/30\/volcadura-de-camioneta-de-redilas-en-el-libramiento-junipero-serra-autoridades-atienden-la-situacion\/#respond\"]}]},{\"@type\":\"WebPage\",\"@id\":\"https:\/\/www.nexoinformativo.mx\/index.php\/2024\/08\/30\/volcadura-de-camioneta-de-redilas-en-el-libramiento-junipero-serra-autoridades-atienden-la-situacion\/\",\"url\":\"https:\/\/www.nexoinformativo.mx\/index.php\/2024\/08\/30\/volcadura-de-camioneta-de-redilas-en-el-libramiento-junipero-serra-autoridades-atienden-la-situacion\/\",\"name\":\"Volcadura de camioneta de redilas en el Libramiento Jun\u00edpero Serra: Autoridades atienden la situaci\u00f3n | Nexo Informativo Santiago de Quer\u00e9taro\",\"isPartOf\":{\"@id\":\"https:\/\/www.nexoinformativo.mx\/#website\"},\"primaryImageOfPage\":{\"@id\":\"https:\/\/www.nexoinformativo.mx\/index.php\/2024\/08\/30\/volcadura-de-camioneta-de-redilas-en-el-libramiento-junipero-serra-autoridades-atienden-la-situacion\/#primaryimage\"},\"image\":{\"@id\":\"https:\/\/www.nexoinformativo.mx\/index.php\/2024\/08\/30\/volcadura-de-camioneta-de-redilas-en-el-libramiento-junipero-serra-autoridades-atienden-la-situacion\/#primaryimage\"},\"thumbnailUrl\":\"https:\/\/www.nexoinformativo.mx\/wp-content\/uploads\/2024\/08\/IMG_6308-e1725134790243.jpg\",\"datePublished\":\"2024-08-30T21:00:00+00:00\",\"dateModified\":\"2024-08-31T20:10:03+00:00\",\"breadcrumb\":{\"@id\":\"https:\/\/www.nexoinformativo.mx\/index.php\/2024\/08\/30\/volcadura-de-camioneta-de-redilas-en-el-libramiento-junipero-serra-autoridades-atienden-la-situacion\/#breadcrumb\"},\"inLanguage\":\"es\",\"potentialAction\":[{\"@type\":\"ReadAction\",\"target\":[\"https:\/\/www.nexoinformativo.mx\/index.php\/2024\/08\/30\/volcadura-de-camioneta-de-redilas-en-el-libramiento-junipero-serra-autoridades-atienden-la-situacion\/\"]}]},{\"@type\":\"ImageObject\",\"inLanguage\":\"es\",\"@id\":\"https:\/\/www.nexoinformativo.mx\/index.php\/2024\/08\/30\/volcadura-de-camioneta-de-redilas-en-el-libramiento-junipero-serra-autoridades-atienden-la-situacion\/#primaryimage\",\"url\":\"https:\/\/www.nexoinformativo.mx\/wp-content\/uploads\/2024\/08\/IMG_6308-e1725134790243.jpg\",\"contentUrl\":\"https:\/\/www.nexoinformativo.mx\/wp-content\/uploads\/2024\/08\/IMG_6308-e1725134790243.jpg\",\"width\":800,\"height\":1411,\"caption\":\"Screenshot\"},{\"@type\":\"BreadcrumbList\",\"@id\":\"https:\/\/www.nexoinformativo.mx\/index.php\/2024\/08\/30\/volcadura-de-camioneta-de-redilas-en-el-libramiento-junipero-serra-autoridades-atienden-la-situacion\/#breadcrumb\",\"itemListElement\":[{\"@type\":\"ListItem\",\"position\":1,\"name\":\"Inicio\",\"item\":\"https:\/\/www.nexoinformativo.mx\/\"},{\"@type\":\"ListItem\",\"position\":2,\"name\":\"Volcadura de camioneta de redilas en el Libramiento Jun\u00edpero Serra: Autoridades atienden la situaci\u00f3n\"}]},{\"@type\":\"WebSite\",\"@id\":\"https:\/\/www.nexoinformativo.mx\/#website\",\"url\":\"https:\/\/www.nexoinformativo.mx\/\",\"name\":\"Nexo Informativo Santiago de Quer\u00e9taro\",\"description\":\"Explora NexoInformativo y convi\u00e9rtete en parte de una comunidad que valora el conocimiento y la verdad. Tu nexoinformativo es tu puente hacia una comprensi\u00f3n m\u00e1s profunda del mundo que te rodea.\",\"publisher\":{\"@id\":\"https:\/\/www.nexoinformativo.mx\/#organization\"},\"potentialAction\":[{\"@type\":\"SearchAction\",\"target\":{\"@type\":\"EntryPoint\",\"urlTemplate\":\"https:\/\/www.nexoinformativo.mx\/?s={search_term_string}\"},\"query-input\":{\"@type\":\"PropertyValueSpecification\",\"valueRequired\":true,\"valueName\":\"search_term_string\"}}],\"inLanguage\":\"es\"},{\"@type\":\"Organization\",\"@id\":\"https:\/\/www.nexoinformativo.mx\/#organization\",\"name\":\"Nexo Informativo Santiago de Quer\u00e9taro\",\"url\":\"https:\/\/www.nexoinformativo.mx\/\",\"logo\":{\"@type\":\"ImageObject\",\"inLanguage\":\"es\",\"@id\":\"https:\/\/www.nexoinformativo.mx\/#\/schema\/logo\/image\/\",\"url\":\"https:\/\/www.nexoinformativo.mx\/wp-content\/uploads\/2024\/07\/nexoi-trasparente-2.png\",\"contentUrl\":\"https:\/\/www.nexoinformativo.mx\/wp-content\/uploads\/2024\/07\/nexoi-trasparente-2.png\",\"width\":816,\"height\":339,\"caption\":\"Nexo Informativo Santiago de Quer\u00e9taro\"},\"image\":{\"@id\":\"https:\/\/www.nexoinformativo.mx\/#\/schema\/logo\/image\/\"},\"sameAs\":[\"https:\/\/www.facebook.com\/people\/Nexo-Informativo\/61564066885511\/\"]},{\"@type\":\"Person\",\"@id\":\"https:\/\/www.nexoinformativo.mx\/#\/schema\/person\/7749d380ba08c8ca00d7bc76fd907b7d\",\"name\":\"Nexo Informativo\",\"image\":{\"@type\":\"ImageObject\",\"inLanguage\":\"es\",\"@id\":\"https:\/\/www.nexoinformativo.mx\/#\/schema\/person\/image\/\",\"url\":\"https:\/\/secure.gravatar.com\/avatar\/dde2928154642a13d95f87ddf1ea9718fe2b46760a005c53e41ff5ad610704e6?s=96&d=mm&r=g\",\"contentUrl\":\"https:\/\/secure.gravatar.com\/avatar\/dde2928154642a13d95f87ddf1ea9718fe2b46760a005c53e41ff5ad610704e6?s=96&d=mm&r=g\",\"caption\":\"Nexo Informativo\"},\"url\":\"https:\/\/www.nexoinformativo.mx\/index.php\/author\/edicion\/\"}]}<\/script>\n<!-- \/ Yoast SEO plugin. -->","yoast_head_json":{"title":"Volcadura de camioneta de redilas en el Libramiento Jun\u00edpero Serra: Autoridades atienden la situaci\u00f3n | Nexo Informativo Santiago de Quer\u00e9taro","robots":{"index":"index","follow":"follow","max-snippet":"max-snippet:-1","max-image-preview":"max-image-preview:large","max-video-preview":"max-video-preview:-1"},"canonical":"https:\/\/www.nexoinformativo.mx\/index.php\/2024\/08\/30\/volcadura-de-camioneta-de-redilas-en-el-libramiento-junipero-serra-autoridades-atienden-la-situacion\/","og_locale":"es_MX","og_type":"article","og_title":"Volcadura de camioneta de redilas en el Libramiento Jun\u00edpero Serra: Autoridades atienden la situaci\u00f3n | Nexo Informativo Santiago de Quer\u00e9taro","og_description":"Esta tarde, una camioneta de redilas volc\u00f3 en el Libramiento Jun\u00edpero Serra, justo despu\u00e9s del puente de San Jos\u00e9 El Alto en direcci\u00f3n al fraccionamiento El Refugio. El incidente ha causado preocupaci\u00f3n entre los conductores que circulaban por la zona, ya que el veh\u00edculo qued\u00f3 obstruyendo parte de la v\u00eda. &nbsp; Las autoridades ya se [&hellip;]","og_url":"https:\/\/www.nexoinformativo.mx\/index.php\/2024\/08\/30\/volcadura-de-camioneta-de-redilas-en-el-libramiento-junipero-serra-autoridades-atienden-la-situacion\/","og_site_name":"Nexo Informativo Santiago de Quer\u00e9taro","article_publisher":"https:\/\/www.facebook.com\/people\/Nexo-Informativo\/61564066885511\/","article_published_time":"2024-08-30T21:00:00+00:00","article_modified_time":"2024-08-31T20:10:03+00:00","og_image":[{"width":800,"height":1411,"url":"https:\/\/www.nexoinformativo.mx\/wp-content\/uploads\/2024\/08\/IMG_6308-e1725134790243.jpg","type":"image\/jpeg"}],"author":"Nexo Informativo","twitter_card":"summary_large_image","twitter_misc":{"Escrito por":"Nexo Informativo","Tiempo de lectura":"2 minutos"},"schema":{"@context":"https:\/\/schema.org","@graph":[{"@type":"Article","@id":"https:\/\/www.nexoinformativo.mx\/index.php\/2024\/08\/30\/volcadura-de-camioneta-de-redilas-en-el-libramiento-junipero-serra-autoridades-atienden-la-situacion\/#article","isPartOf":{"@id":"https:\/\/www.nexoinformativo.mx\/index.php\/2024\/08\/30\/volcadura-de-camioneta-de-redilas-en-el-libramiento-junipero-serra-autoridades-atienden-la-situacion\/"},"author":{"name":"Nexo Informativo","@id":"https:\/\/www.nexoinformativo.mx\/#\/schema\/person\/7749d380ba08c8ca00d7bc76fd907b7d"},"headline":"Volcadura de camioneta de redilas en el Libramiento Jun\u00edpero Serra: Autoridades atienden la situaci\u00f3n","datePublished":"2024-08-30T21:00:00+00:00","dateModified":"2024-08-31T20:10:03+00:00","mainEntityOfPage":{"@id":"https:\/\/www.nexoinformativo.mx\/index.php\/2024\/08\/30\/volcadura-de-camioneta-de-redilas-en-el-libramiento-junipero-serra-autoridades-atienden-la-situacion\/"},"wordCount":223,"commentCount":0,"publisher":{"@id":"https:\/\/www.nexoinformativo.mx\/#organization"},"image":{"@id":"https:\/\/www.nexoinformativo.mx\/index.php\/2024\/08\/30\/volcadura-de-camioneta-de-redilas-en-el-libramiento-junipero-serra-autoridades-atienden-la-situacion\/#primaryimage"},"thumbnailUrl":"https:\/\/www.nexoinformativo.mx\/wp-content\/uploads\/2024\/08\/IMG_6308-e1725134790243.jpg","keywords":["AccidenteQuer\u00e9taro","Actualizaci\u00f3nVial","LibramientoJun\u00edperoSerra","Precauci\u00f3nVial","Tr\u00e1ficoQuer\u00e9taro"],"articleSection":["Municipios"],"inLanguage":"es","potentialAction":[{"@type":"CommentAction","name":"Comment","target":["https:\/\/www.nexoinformativo.mx\/index.php\/2024\/08\/30\/volcadura-de-camioneta-de-redilas-en-el-libramiento-junipero-serra-autoridades-atienden-la-situacion\/#respond"]}]},{"@type":"WebPage","@id":"https:\/\/www.nexoinformativo.mx\/index.php\/2024\/08\/30\/volcadura-de-camioneta-de-redilas-en-el-libramiento-junipero-serra-autoridades-atienden-la-situacion\/","url":"https:\/\/www.nexoinformativo.mx\/index.php\/2024\/08\/30\/volcadura-de-camioneta-de-redilas-en-el-libramiento-junipero-serra-autoridades-atienden-la-situacion\/","name":"Volcadura de camioneta de redilas en el Libramiento Jun\u00edpero Serra: Autoridades atienden la situaci\u00f3n | Nexo Informativo Santiago de Quer\u00e9taro","isPartOf":{"@id":"https:\/\/www.nexoinformativo.mx\/#website"},"primaryImageOfPage":{"@id":"https:\/\/www.nexoinformativo.mx\/index.php\/2024\/08\/30\/volcadura-de-camioneta-de-redilas-en-el-libramiento-junipero-serra-autoridades-atienden-la-situacion\/#primaryimage"},"image":{"@id":"https:\/\/www.nexoinformativo.mx\/index.php\/2024\/08\/30\/volcadura-de-camioneta-de-redilas-en-el-libramiento-junipero-serra-autoridades-atienden-la-situacion\/#primaryimage"},"thumbnailUrl":"https:\/\/www.nexoinformativo.mx\/wp-content\/uploads\/2024\/08\/IMG_6308-e1725134790243.jpg","datePublished":"2024-08-30T21:00:00+00:00","dateModified":"2024-08-31T20:10:03+00:00","breadcrumb":{"@id":"https:\/\/www.nexoinformativo.mx\/index.php\/2024\/08\/30\/volcadura-de-camioneta-de-redilas-en-el-libramiento-junipero-serra-autoridades-atienden-la-situacion\/#breadcrumb"},"inLanguage":"es","potentialAction":[{"@type":"ReadAction","target":["https:\/\/www.nexoinformativo.mx\/index.php\/2024\/08\/30\/volcadura-de-camioneta-de-redilas-en-el-libramiento-junipero-serra-autoridades-atienden-la-situacion\/"]}]},{"@type":"ImageObject","inLanguage":"es","@id":"https:\/\/www.nexoinformativo.mx\/index.php\/2024\/08\/30\/volcadura-de-camioneta-de-redilas-en-el-libramiento-junipero-serra-autoridades-atienden-la-situacion\/#primaryimage","url":"https:\/\/www.nexoinformativo.mx\/wp-content\/uploads\/2024\/08\/IMG_6308-e1725134790243.jpg","contentUrl":"https:\/\/www.nexoinformativo.mx\/wp-content\/uploads\/2024\/08\/IMG_6308-e1725134790243.jpg","width":800,"height":1411,"caption":"Screenshot"},{"@type":"BreadcrumbList","@id":"https:\/\/www.nexoinformativo.mx\/index.php\/2024\/08\/30\/volcadura-de-camioneta-de-redilas-en-el-libramiento-junipero-serra-autoridades-atienden-la-situacion\/#breadcrumb","itemListElement":[{"@type":"ListItem","position":1,"name":"Inicio","item":"https:\/\/www.nexoinformativo.mx\/"},{"@type":"ListItem","position":2,"name":"Volcadura de camioneta de redilas en el Libramiento Jun\u00edpero Serra: Autoridades atienden la situaci\u00f3n"}]},{"@type":"WebSite","@id":"https:\/\/www.nexoinformativo.mx\/#website","url":"https:\/\/www.nexoinformativo.mx\/","name":"Nexo Informativo Santiago de Quer\u00e9taro","description":"Explora NexoInformativo y convi\u00e9rtete en parte de una comunidad que valora el conocimiento y la verdad. Tu nexoinformativo es tu puente hacia una comprensi\u00f3n m\u00e1s profunda del mundo que te rodea.","publisher":{"@id":"https:\/\/www.nexoinformativo.mx\/#organization"},"potentialAction":[{"@type":"SearchAction","target":{"@type":"EntryPoint","urlTemplate":"https:\/\/www.nexoinformativo.mx\/?s={search_term_string}"},"query-input":{"@type":"PropertyValueSpecification","valueRequired":true,"valueName":"search_term_string"}}],"inLanguage":"es"},{"@type":"Organization","@id":"https:\/\/www.nexoinformativo.mx\/#organization","name":"Nexo Informativo Santiago de Quer\u00e9taro","url":"https:\/\/www.nexoinformativo.mx\/","logo":{"@type":"ImageObject","inLanguage":"es","@id":"https:\/\/www.nexoinformativo.mx\/#\/schema\/logo\/image\/","url":"https:\/\/www.nexoinformativo.mx\/wp-content\/uploads\/2024\/07\/nexoi-trasparente-2.png","contentUrl":"https:\/\/www.nexoinformativo.mx\/wp-content\/uploads\/2024\/07\/nexoi-trasparente-2.png","width":816,"height":339,"caption":"Nexo Informativo Santiago de Quer\u00e9taro"},"image":{"@id":"https:\/\/www.nexoinformativo.mx\/#\/schema\/logo\/image\/"},"sameAs":["https:\/\/www.facebook.com\/people\/Nexo-Informativo\/61564066885511\/"]},{"@type":"Person","@id":"https:\/\/www.nexoinformativo.mx\/#\/schema\/person\/7749d380ba08c8ca00d7bc76fd907b7d","name":"Nexo Informativo","image":{"@type":"ImageObject","inLanguage":"es","@id":"https:\/\/www.nexoinformativo.mx\/#\/schema\/person\/image\/","url":"https:\/\/secure.gravatar.com\/avatar\/dde2928154642a13d95f87ddf1ea9718fe2b46760a005c53e41ff5ad610704e6?s=96&d=mm&r=g","contentUrl":"https:\/\/secure.gravatar.com\/avatar\/dde2928154642a13d95f87ddf1ea9718fe2b46760a005c53e41ff5ad610704e6?s=96&d=mm&r=g","caption":"Nexo Informativo"},"url":"https:\/\/www.nexoinformativo.mx\/index.php\/author\/edicion\/"}]}},"_links":{"self":[{"href":"https:\/\/www.nexoinformativo.mx\/index.php\/wp-json\/wp\/v2\/posts\/1329","targetHints":{"allow":["GET"]}}],"collection":[{"href":"https:\/\/www.nexoinformativo.mx\/index.php\/wp-json\/wp\/v2\/posts"}],"about":[{"href":"https:\/\/www.nexoinformativo.mx\/index.php\/wp-json\/wp\/v2\/types\/post"}],"author":[{"embeddable":true,"href":"https:\/\/www.nexoinformativo.mx\/index.php\/wp-json\/wp\/v2\/users\/3"}],"replies":[{"embeddable":true,"href":"https:\/\/www.nexoinformativo.mx\/index.php\/wp-json\/wp\/v2\/comments?post=1329"}],"version-history":[{"count":4,"href":"https:\/\/www.nexoinformativo.mx\/index.php\/wp-json\/wp\/v2\/posts\/1329\/revisions"}],"predecessor-version":[{"id":1332,"href":"https:\/\/www.nexoinformativo.mx\/index.php\/wp-json\/wp\/v2\/posts\/1329\/revisions\/1332"}],"wp:featuredmedia":[{"embeddable":true,"href":"https:\/\/www.nexoinformativo.mx\/index.php\/wp-json\/wp\/v2\/media\/1330"}],"wp:attachment":[{"href":"https:\/\/www.nexoinformativo.mx\/index.php\/wp-json\/wp\/v2\/media?parent=1329"}],"wp:term":[{"taxonomy":"category","embeddable":true,"href":"https:\/\/www.nexoinformativo.mx\/index.php\/wp-json\/wp\/v2\/categories?post=1329"},{"taxonomy":"post_tag","embeddable":true,"href":"https:\/\/www.nexoinformativo.mx\/index.php\/wp-json\/wp\/v2\/tags?post=1329"}],"curies":[{"name":"wp","href":"https:\/\/api.w.org\/{rel}","templated":true}]}}