{"id":13290,"date":"2025-03-25T07:30:34","date_gmt":"2025-03-25T13:30:34","guid":{"rendered":"https:\/\/www.nexoinformativo.mx\/?p=13290"},"modified":"2025-03-25T11:31:29","modified_gmt":"2025-03-25T17:31:29","slug":"declaran-a-mexico-territorio-libre-de-enfermedades-en-trucha-de-cultivo-abriendo-puertas-al-mercado-global","status":"publish","type":"post","link":"https:\/\/www.nexoinformativo.mx\/index.php\/2025\/03\/25\/declaran-a-mexico-territorio-libre-de-enfermedades-en-trucha-de-cultivo-abriendo-puertas-al-mercado-global\/","title":{"rendered":"Declaran a M\u00e9xico territorio libre de enfermedades en trucha de cultivo abriendo puertas al mercado global"},"content":{"rendered":"<p style=\"text-align: justify;\"><strong>La Secretar\u00eda de Agricultura y Desarrollo Rura<\/strong>l (AGRICULTURA), a trav\u00e9s del <strong>Servicio Nacional de Sanidad, Inocuidad y Calidad Agroalimentaria<\/strong> (Senasica), ha declarado al territorio nacional como zona libre de necrosis hematopoy\u00e9tica infecciosa (VNHI) y septicemia hemorr\u00e1gica viral en la trucha de cultivo.<\/p>\n<p>&nbsp;<\/p>\n<p style=\"text-align: justify;\" data-sourcepos=\"15:1-15:234\">Esta declaratoria, publicada en el Diario Oficial de la Federaci\u00f3n (DOF), beneficia a los productores mexicanos al facilitar la comercializaci\u00f3n de sus productos en mercados m\u00e1s competitivos, tanto a nivel nacional como internacional.<\/p>\n<p>&nbsp;<\/p>\n<p style=\"text-align: justify;\" data-sourcepos=\"17:1-17:227\">La medida se logr\u00f3 tras dos a\u00f1os de vigilancia espec\u00edfica, durante los cuales el Senasica confirm\u00f3 la ausencia de los agentes pat\u00f3genos causantes de estas enfermedades, a trav\u00e9s de muestras analizadas en laboratorios oficiales.<\/p>\n<p>&nbsp;<\/p>\n<p style=\"text-align: justify;\" data-sourcepos=\"19:1-19:153\">Con esta declaratoria, M\u00e9xico mejora su estatus sanitario y protege la producci\u00f3n nacional de trucha, cuyo valor asciende a m\u00e1s de 532 millones de pesos.<\/p>\n<p>&nbsp;<\/p>\n<p style=\"text-align: justify;\" data-sourcepos=\"21:1-21:257\">AGRICULTURA ha establecido que se mantendr\u00e1n las medidas sanitarias de vigilancia, prevenci\u00f3n, diagn\u00f3stico y control sobre la movilizaci\u00f3n y comercializaci\u00f3n de la trucha de cultivo y sus productos, para garantizar que el pa\u00eds contin\u00fae libre de estos virus.<\/p>\n<p>&nbsp;<\/p>\n<p style=\"text-align: center;\" data-sourcepos=\"21:1-21:257\"><em><strong>\u00a1Informaci\u00f3n que transforma!<\/strong><\/em><\/p>\n","protected":false},"excerpt":{"rendered":"<p>La Secretar\u00eda de Agricultura y Desarrollo Rural (AGRICULTURA), a trav\u00e9s del Servicio Nacional de Sanidad, Inocuidad y Calidad Agroalimentaria (Senasica), ha declarado al territorio nacional como zona libre de necrosis hematopoy\u00e9tica infecciosa (VNHI) y septicemia hemorr\u00e1gica viral en la trucha de cultivo.<\/p>\n","protected":false},"author":3,"featured_media":13291,"comment_status":"open","ping_status":"open","sticky":false,"template":"","format":"standard","meta":{"footnotes":""},"categories":[88,58],"tags":[3884,3546,2044,3885],"class_list":["post-13290","post","type-post","status-publish","format-standard","has-post-thumbnail","hentry","category-nacional","category-ultima-hora","tag-acuaculturamexico","tag-agriculturamexico","tag-senasica","tag-truchamexicana"],"yoast_head":"<!-- This site is optimized with the Yoast SEO plugin v25.0 - https:\/\/yoast.com\/wordpress\/plugins\/seo\/ -->\n<title>Declaran a M\u00e9xico territorio libre de enfermedades en trucha de cultivo abriendo puertas al mercado global | Nexo Informativo Santiago de Quer\u00e9taro<\/title>\n<meta name=\"description\" content=\"Declaran a M\u00e9xico territorio libre de enfermedades en trucha de cultivo abriendo puertas al mercado global\" \/>\n<meta name=\"robots\" content=\"index, follow, max-snippet:-1, max-image-preview:large, max-video-preview:-1\" \/>\n<link rel=\"canonical\" href=\"https:\/\/www.nexoinformativo.mx\/index.php\/2025\/03\/25\/declaran-a-mexico-territorio-libre-de-enfermedades-en-trucha-de-cultivo-abriendo-puertas-al-mercado-global\/\" \/>\n<meta property=\"og:locale\" content=\"es_MX\" \/>\n<meta property=\"og:type\" content=\"article\" \/>\n<meta property=\"og:title\" content=\"Declaran a M\u00e9xico territorio libre de enfermedades en trucha de cultivo abriendo puertas al mercado global | Nexo Informativo Santiago de Quer\u00e9taro\" \/>\n<meta property=\"og:description\" content=\"Declaran a M\u00e9xico territorio libre de enfermedades en trucha de cultivo abriendo puertas al mercado global\" \/>\n<meta property=\"og:url\" content=\"https:\/\/www.nexoinformativo.mx\/index.php\/2025\/03\/25\/declaran-a-mexico-territorio-libre-de-enfermedades-en-trucha-de-cultivo-abriendo-puertas-al-mercado-global\/\" \/>\n<meta property=\"og:site_name\" content=\"Nexo Informativo Santiago de Quer\u00e9taro\" \/>\n<meta property=\"article:publisher\" content=\"https:\/\/www.facebook.com\/people\/Nexo-Informativo\/61564066885511\/\" \/>\n<meta property=\"article:published_time\" content=\"2025-03-25T13:30:34+00:00\" \/>\n<meta property=\"article:modified_time\" content=\"2025-03-25T17:31:29+00:00\" \/>\n<meta property=\"og:image\" content=\"https:\/\/www.nexoinformativo.mx\/wp-content\/uploads\/2025\/03\/IMG_1916.jpg\" \/>\n\t<meta property=\"og:image:width\" content=\"650\" \/>\n\t<meta property=\"og:image:height\" content=\"380\" \/>\n\t<meta property=\"og:image:type\" content=\"image\/jpeg\" \/>\n<meta name=\"author\" content=\"Nexo Informativo\" \/>\n<meta name=\"twitter:card\" content=\"summary_large_image\" \/>\n<meta name=\"twitter:label1\" content=\"Escrito por\" \/>\n\t<meta name=\"twitter:data1\" content=\"Nexo Informativo\" \/>\n\t<meta name=\"twitter:label2\" content=\"Tiempo de lectura\" \/>\n\t<meta name=\"twitter:data2\" content=\"2 minutos\" \/>\n<script type=\"application\/ld+json\" class=\"yoast-schema-graph\">{\"@context\":\"https:\/\/schema.org\",\"@graph\":[{\"@type\":\"Article\",\"@id\":\"https:\/\/www.nexoinformativo.mx\/index.php\/2025\/03\/25\/declaran-a-mexico-territorio-libre-de-enfermedades-en-trucha-de-cultivo-abriendo-puertas-al-mercado-global\/#article\",\"isPartOf\":{\"@id\":\"https:\/\/www.nexoinformativo.mx\/index.php\/2025\/03\/25\/declaran-a-mexico-territorio-libre-de-enfermedades-en-trucha-de-cultivo-abriendo-puertas-al-mercado-global\/\"},\"author\":{\"name\":\"Nexo Informativo\",\"@id\":\"https:\/\/www.nexoinformativo.mx\/#\/schema\/person\/7749d380ba08c8ca00d7bc76fd907b7d\"},\"headline\":\"Declaran a M\u00e9xico territorio libre de enfermedades en trucha de cultivo abriendo puertas al mercado global\",\"datePublished\":\"2025-03-25T13:30:34+00:00\",\"dateModified\":\"2025-03-25T17:31:29+00:00\",\"mainEntityOfPage\":{\"@id\":\"https:\/\/www.nexoinformativo.mx\/index.php\/2025\/03\/25\/declaran-a-mexico-territorio-libre-de-enfermedades-en-trucha-de-cultivo-abriendo-puertas-al-mercado-global\/\"},\"wordCount\":218,\"commentCount\":0,\"publisher\":{\"@id\":\"https:\/\/www.nexoinformativo.mx\/#organization\"},\"image\":{\"@id\":\"https:\/\/www.nexoinformativo.mx\/index.php\/2025\/03\/25\/declaran-a-mexico-territorio-libre-de-enfermedades-en-trucha-de-cultivo-abriendo-puertas-al-mercado-global\/#primaryimage\"},\"thumbnailUrl\":\"https:\/\/www.nexoinformativo.mx\/wp-content\/uploads\/2025\/03\/IMG_1916.jpg\",\"keywords\":[\"AcuaculturaM\u00e9xico\",\"AgriculturaM\u00e9xico\",\"Senasica\",\"TruchaMexicana\"],\"articleSection\":[\"Nacional\",\"\u00daltima Hora\"],\"inLanguage\":\"es\",\"potentialAction\":[{\"@type\":\"CommentAction\",\"name\":\"Comment\",\"target\":[\"https:\/\/www.nexoinformativo.mx\/index.php\/2025\/03\/25\/declaran-a-mexico-territorio-libre-de-enfermedades-en-trucha-de-cultivo-abriendo-puertas-al-mercado-global\/#respond\"]}]},{\"@type\":\"WebPage\",\"@id\":\"https:\/\/www.nexoinformativo.mx\/index.php\/2025\/03\/25\/declaran-a-mexico-territorio-libre-de-enfermedades-en-trucha-de-cultivo-abriendo-puertas-al-mercado-global\/\",\"url\":\"https:\/\/www.nexoinformativo.mx\/index.php\/2025\/03\/25\/declaran-a-mexico-territorio-libre-de-enfermedades-en-trucha-de-cultivo-abriendo-puertas-al-mercado-global\/\",\"name\":\"Declaran a M\u00e9xico territorio libre de enfermedades en trucha de cultivo abriendo puertas al mercado global | Nexo Informativo Santiago de Quer\u00e9taro\",\"isPartOf\":{\"@id\":\"https:\/\/www.nexoinformativo.mx\/#website\"},\"primaryImageOfPage\":{\"@id\":\"https:\/\/www.nexoinformativo.mx\/index.php\/2025\/03\/25\/declaran-a-mexico-territorio-libre-de-enfermedades-en-trucha-de-cultivo-abriendo-puertas-al-mercado-global\/#primaryimage\"},\"image\":{\"@id\":\"https:\/\/www.nexoinformativo.mx\/index.php\/2025\/03\/25\/declaran-a-mexico-territorio-libre-de-enfermedades-en-trucha-de-cultivo-abriendo-puertas-al-mercado-global\/#primaryimage\"},\"thumbnailUrl\":\"https:\/\/www.nexoinformativo.mx\/wp-content\/uploads\/2025\/03\/IMG_1916.jpg\",\"datePublished\":\"2025-03-25T13:30:34+00:00\",\"dateModified\":\"2025-03-25T17:31:29+00:00\",\"description\":\"Declaran a M\u00e9xico territorio libre de enfermedades en trucha de cultivo abriendo puertas al mercado global\",\"breadcrumb\":{\"@id\":\"https:\/\/www.nexoinformativo.mx\/index.php\/2025\/03\/25\/declaran-a-mexico-territorio-libre-de-enfermedades-en-trucha-de-cultivo-abriendo-puertas-al-mercado-global\/#breadcrumb\"},\"inLanguage\":\"es\",\"potentialAction\":[{\"@type\":\"ReadAction\",\"target\":[\"https:\/\/www.nexoinformativo.mx\/index.php\/2025\/03\/25\/declaran-a-mexico-territorio-libre-de-enfermedades-en-trucha-de-cultivo-abriendo-puertas-al-mercado-global\/\"]}]},{\"@type\":\"ImageObject\",\"inLanguage\":\"es\",\"@id\":\"https:\/\/www.nexoinformativo.mx\/index.php\/2025\/03\/25\/declaran-a-mexico-territorio-libre-de-enfermedades-en-trucha-de-cultivo-abriendo-puertas-al-mercado-global\/#primaryimage\",\"url\":\"https:\/\/www.nexoinformativo.mx\/wp-content\/uploads\/2025\/03\/IMG_1916.jpg\",\"contentUrl\":\"https:\/\/www.nexoinformativo.mx\/wp-content\/uploads\/2025\/03\/IMG_1916.jpg\",\"width\":650,\"height\":380},{\"@type\":\"BreadcrumbList\",\"@id\":\"https:\/\/www.nexoinformativo.mx\/index.php\/2025\/03\/25\/declaran-a-mexico-territorio-libre-de-enfermedades-en-trucha-de-cultivo-abriendo-puertas-al-mercado-global\/#breadcrumb\",\"itemListElement\":[{\"@type\":\"ListItem\",\"position\":1,\"name\":\"Inicio\",\"item\":\"https:\/\/www.nexoinformativo.mx\/\"},{\"@type\":\"ListItem\",\"position\":2,\"name\":\"Declaran a M\u00e9xico territorio libre de enfermedades en trucha de cultivo abriendo puertas al mercado global\"}]},{\"@type\":\"WebSite\",\"@id\":\"https:\/\/www.nexoinformativo.mx\/#website\",\"url\":\"https:\/\/www.nexoinformativo.mx\/\",\"name\":\"Nexo Informativo Santiago de Quer\u00e9taro\",\"description\":\"Explora NexoInformativo y convi\u00e9rtete en parte de una comunidad que valora el conocimiento y la verdad. Tu nexoinformativo es tu puente hacia una comprensi\u00f3n m\u00e1s profunda del mundo que te rodea.\",\"publisher\":{\"@id\":\"https:\/\/www.nexoinformativo.mx\/#organization\"},\"potentialAction\":[{\"@type\":\"SearchAction\",\"target\":{\"@type\":\"EntryPoint\",\"urlTemplate\":\"https:\/\/www.nexoinformativo.mx\/?s={search_term_string}\"},\"query-input\":{\"@type\":\"PropertyValueSpecification\",\"valueRequired\":true,\"valueName\":\"search_term_string\"}}],\"inLanguage\":\"es\"},{\"@type\":\"Organization\",\"@id\":\"https:\/\/www.nexoinformativo.mx\/#organization\",\"name\":\"Nexo Informativo Santiago de Quer\u00e9taro\",\"url\":\"https:\/\/www.nexoinformativo.mx\/\",\"logo\":{\"@type\":\"ImageObject\",\"inLanguage\":\"es\",\"@id\":\"https:\/\/www.nexoinformativo.mx\/#\/schema\/logo\/image\/\",\"url\":\"https:\/\/www.nexoinformativo.mx\/wp-content\/uploads\/2024\/07\/nexoi-trasparente-2.png\",\"contentUrl\":\"https:\/\/www.nexoinformativo.mx\/wp-content\/uploads\/2024\/07\/nexoi-trasparente-2.png\",\"width\":816,\"height\":339,\"caption\":\"Nexo Informativo Santiago de Quer\u00e9taro\"},\"image\":{\"@id\":\"https:\/\/www.nexoinformativo.mx\/#\/schema\/logo\/image\/\"},\"sameAs\":[\"https:\/\/www.facebook.com\/people\/Nexo-Informativo\/61564066885511\/\"]},{\"@type\":\"Person\",\"@id\":\"https:\/\/www.nexoinformativo.mx\/#\/schema\/person\/7749d380ba08c8ca00d7bc76fd907b7d\",\"name\":\"Nexo Informativo\",\"image\":{\"@type\":\"ImageObject\",\"inLanguage\":\"es\",\"@id\":\"https:\/\/www.nexoinformativo.mx\/#\/schema\/person\/image\/\",\"url\":\"https:\/\/secure.gravatar.com\/avatar\/dde2928154642a13d95f87ddf1ea9718fe2b46760a005c53e41ff5ad610704e6?s=96&d=mm&r=g\",\"contentUrl\":\"https:\/\/secure.gravatar.com\/avatar\/dde2928154642a13d95f87ddf1ea9718fe2b46760a005c53e41ff5ad610704e6?s=96&d=mm&r=g\",\"caption\":\"Nexo Informativo\"},\"url\":\"https:\/\/www.nexoinformativo.mx\/index.php\/author\/edicion\/\"}]}<\/script>\n<!-- \/ Yoast SEO plugin. -->","yoast_head_json":{"title":"Declaran a M\u00e9xico territorio libre de enfermedades en trucha de cultivo abriendo puertas al mercado global | Nexo Informativo Santiago de Quer\u00e9taro","description":"Declaran a M\u00e9xico territorio libre de enfermedades en trucha de cultivo abriendo puertas al mercado global","robots":{"index":"index","follow":"follow","max-snippet":"max-snippet:-1","max-image-preview":"max-image-preview:large","max-video-preview":"max-video-preview:-1"},"canonical":"https:\/\/www.nexoinformativo.mx\/index.php\/2025\/03\/25\/declaran-a-mexico-territorio-libre-de-enfermedades-en-trucha-de-cultivo-abriendo-puertas-al-mercado-global\/","og_locale":"es_MX","og_type":"article","og_title":"Declaran a M\u00e9xico territorio libre de enfermedades en trucha de cultivo abriendo puertas al mercado global | Nexo Informativo Santiago de Quer\u00e9taro","og_description":"Declaran a M\u00e9xico territorio libre de enfermedades en trucha de cultivo abriendo puertas al mercado global","og_url":"https:\/\/www.nexoinformativo.mx\/index.php\/2025\/03\/25\/declaran-a-mexico-territorio-libre-de-enfermedades-en-trucha-de-cultivo-abriendo-puertas-al-mercado-global\/","og_site_name":"Nexo Informativo Santiago de Quer\u00e9taro","article_publisher":"https:\/\/www.facebook.com\/people\/Nexo-Informativo\/61564066885511\/","article_published_time":"2025-03-25T13:30:34+00:00","article_modified_time":"2025-03-25T17:31:29+00:00","og_image":[{"width":650,"height":380,"url":"https:\/\/www.nexoinformativo.mx\/wp-content\/uploads\/2025\/03\/IMG_1916.jpg","type":"image\/jpeg"}],"author":"Nexo Informativo","twitter_card":"summary_large_image","twitter_misc":{"Escrito por":"Nexo Informativo","Tiempo de lectura":"2 minutos"},"schema":{"@context":"https:\/\/schema.org","@graph":[{"@type":"Article","@id":"https:\/\/www.nexoinformativo.mx\/index.php\/2025\/03\/25\/declaran-a-mexico-territorio-libre-de-enfermedades-en-trucha-de-cultivo-abriendo-puertas-al-mercado-global\/#article","isPartOf":{"@id":"https:\/\/www.nexoinformativo.mx\/index.php\/2025\/03\/25\/declaran-a-mexico-territorio-libre-de-enfermedades-en-trucha-de-cultivo-abriendo-puertas-al-mercado-global\/"},"author":{"name":"Nexo Informativo","@id":"https:\/\/www.nexoinformativo.mx\/#\/schema\/person\/7749d380ba08c8ca00d7bc76fd907b7d"},"headline":"Declaran a M\u00e9xico territorio libre de enfermedades en trucha de cultivo abriendo puertas al mercado global","datePublished":"2025-03-25T13:30:34+00:00","dateModified":"2025-03-25T17:31:29+00:00","mainEntityOfPage":{"@id":"https:\/\/www.nexoinformativo.mx\/index.php\/2025\/03\/25\/declaran-a-mexico-territorio-libre-de-enfermedades-en-trucha-de-cultivo-abriendo-puertas-al-mercado-global\/"},"wordCount":218,"commentCount":0,"publisher":{"@id":"https:\/\/www.nexoinformativo.mx\/#organization"},"image":{"@id":"https:\/\/www.nexoinformativo.mx\/index.php\/2025\/03\/25\/declaran-a-mexico-territorio-libre-de-enfermedades-en-trucha-de-cultivo-abriendo-puertas-al-mercado-global\/#primaryimage"},"thumbnailUrl":"https:\/\/www.nexoinformativo.mx\/wp-content\/uploads\/2025\/03\/IMG_1916.jpg","keywords":["AcuaculturaM\u00e9xico","AgriculturaM\u00e9xico","Senasica","TruchaMexicana"],"articleSection":["Nacional","\u00daltima Hora"],"inLanguage":"es","potentialAction":[{"@type":"CommentAction","name":"Comment","target":["https:\/\/www.nexoinformativo.mx\/index.php\/2025\/03\/25\/declaran-a-mexico-territorio-libre-de-enfermedades-en-trucha-de-cultivo-abriendo-puertas-al-mercado-global\/#respond"]}]},{"@type":"WebPage","@id":"https:\/\/www.nexoinformativo.mx\/index.php\/2025\/03\/25\/declaran-a-mexico-territorio-libre-de-enfermedades-en-trucha-de-cultivo-abriendo-puertas-al-mercado-global\/","url":"https:\/\/www.nexoinformativo.mx\/index.php\/2025\/03\/25\/declaran-a-mexico-territorio-libre-de-enfermedades-en-trucha-de-cultivo-abriendo-puertas-al-mercado-global\/","name":"Declaran a M\u00e9xico territorio libre de enfermedades en trucha de cultivo abriendo puertas al mercado global | Nexo Informativo Santiago de Quer\u00e9taro","isPartOf":{"@id":"https:\/\/www.nexoinformativo.mx\/#website"},"primaryImageOfPage":{"@id":"https:\/\/www.nexoinformativo.mx\/index.php\/2025\/03\/25\/declaran-a-mexico-territorio-libre-de-enfermedades-en-trucha-de-cultivo-abriendo-puertas-al-mercado-global\/#primaryimage"},"image":{"@id":"https:\/\/www.nexoinformativo.mx\/index.php\/2025\/03\/25\/declaran-a-mexico-territorio-libre-de-enfermedades-en-trucha-de-cultivo-abriendo-puertas-al-mercado-global\/#primaryimage"},"thumbnailUrl":"https:\/\/www.nexoinformativo.mx\/wp-content\/uploads\/2025\/03\/IMG_1916.jpg","datePublished":"2025-03-25T13:30:34+00:00","dateModified":"2025-03-25T17:31:29+00:00","description":"Declaran a M\u00e9xico territorio libre de enfermedades en trucha de cultivo abriendo puertas al mercado global","breadcrumb":{"@id":"https:\/\/www.nexoinformativo.mx\/index.php\/2025\/03\/25\/declaran-a-mexico-territorio-libre-de-enfermedades-en-trucha-de-cultivo-abriendo-puertas-al-mercado-global\/#breadcrumb"},"inLanguage":"es","potentialAction":[{"@type":"ReadAction","target":["https:\/\/www.nexoinformativo.mx\/index.php\/2025\/03\/25\/declaran-a-mexico-territorio-libre-de-enfermedades-en-trucha-de-cultivo-abriendo-puertas-al-mercado-global\/"]}]},{"@type":"ImageObject","inLanguage":"es","@id":"https:\/\/www.nexoinformativo.mx\/index.php\/2025\/03\/25\/declaran-a-mexico-territorio-libre-de-enfermedades-en-trucha-de-cultivo-abriendo-puertas-al-mercado-global\/#primaryimage","url":"https:\/\/www.nexoinformativo.mx\/wp-content\/uploads\/2025\/03\/IMG_1916.jpg","contentUrl":"https:\/\/www.nexoinformativo.mx\/wp-content\/uploads\/2025\/03\/IMG_1916.jpg","width":650,"height":380},{"@type":"BreadcrumbList","@id":"https:\/\/www.nexoinformativo.mx\/index.php\/2025\/03\/25\/declaran-a-mexico-territorio-libre-de-enfermedades-en-trucha-de-cultivo-abriendo-puertas-al-mercado-global\/#breadcrumb","itemListElement":[{"@type":"ListItem","position":1,"name":"Inicio","item":"https:\/\/www.nexoinformativo.mx\/"},{"@type":"ListItem","position":2,"name":"Declaran a M\u00e9xico territorio libre de enfermedades en trucha de cultivo abriendo puertas al mercado global"}]},{"@type":"WebSite","@id":"https:\/\/www.nexoinformativo.mx\/#website","url":"https:\/\/www.nexoinformativo.mx\/","name":"Nexo Informativo Santiago de Quer\u00e9taro","description":"Explora NexoInformativo y convi\u00e9rtete en parte de una comunidad que valora el conocimiento y la verdad. Tu nexoinformativo es tu puente hacia una comprensi\u00f3n m\u00e1s profunda del mundo que te rodea.","publisher":{"@id":"https:\/\/www.nexoinformativo.mx\/#organization"},"potentialAction":[{"@type":"SearchAction","target":{"@type":"EntryPoint","urlTemplate":"https:\/\/www.nexoinformativo.mx\/?s={search_term_string}"},"query-input":{"@type":"PropertyValueSpecification","valueRequired":true,"valueName":"search_term_string"}}],"inLanguage":"es"},{"@type":"Organization","@id":"https:\/\/www.nexoinformativo.mx\/#organization","name":"Nexo Informativo Santiago de Quer\u00e9taro","url":"https:\/\/www.nexoinformativo.mx\/","logo":{"@type":"ImageObject","inLanguage":"es","@id":"https:\/\/www.nexoinformativo.mx\/#\/schema\/logo\/image\/","url":"https:\/\/www.nexoinformativo.mx\/wp-content\/uploads\/2024\/07\/nexoi-trasparente-2.png","contentUrl":"https:\/\/www.nexoinformativo.mx\/wp-content\/uploads\/2024\/07\/nexoi-trasparente-2.png","width":816,"height":339,"caption":"Nexo Informativo Santiago de Quer\u00e9taro"},"image":{"@id":"https:\/\/www.nexoinformativo.mx\/#\/schema\/logo\/image\/"},"sameAs":["https:\/\/www.facebook.com\/people\/Nexo-Informativo\/61564066885511\/"]},{"@type":"Person","@id":"https:\/\/www.nexoinformativo.mx\/#\/schema\/person\/7749d380ba08c8ca00d7bc76fd907b7d","name":"Nexo Informativo","image":{"@type":"ImageObject","inLanguage":"es","@id":"https:\/\/www.nexoinformativo.mx\/#\/schema\/person\/image\/","url":"https:\/\/secure.gravatar.com\/avatar\/dde2928154642a13d95f87ddf1ea9718fe2b46760a005c53e41ff5ad610704e6?s=96&d=mm&r=g","contentUrl":"https:\/\/secure.gravatar.com\/avatar\/dde2928154642a13d95f87ddf1ea9718fe2b46760a005c53e41ff5ad610704e6?s=96&d=mm&r=g","caption":"Nexo Informativo"},"url":"https:\/\/www.nexoinformativo.mx\/index.php\/author\/edicion\/"}]}},"_links":{"self":[{"href":"https:\/\/www.nexoinformativo.mx\/index.php\/wp-json\/wp\/v2\/posts\/13290","targetHints":{"allow":["GET"]}}],"collection":[{"href":"https:\/\/www.nexoinformativo.mx\/index.php\/wp-json\/wp\/v2\/posts"}],"about":[{"href":"https:\/\/www.nexoinformativo.mx\/index.php\/wp-json\/wp\/v2\/types\/post"}],"author":[{"embeddable":true,"href":"https:\/\/www.nexoinformativo.mx\/index.php\/wp-json\/wp\/v2\/users\/3"}],"replies":[{"embeddable":true,"href":"https:\/\/www.nexoinformativo.mx\/index.php\/wp-json\/wp\/v2\/comments?post=13290"}],"version-history":[{"count":4,"href":"https:\/\/www.nexoinformativo.mx\/index.php\/wp-json\/wp\/v2\/posts\/13290\/revisions"}],"predecessor-version":[{"id":13303,"href":"https:\/\/www.nexoinformativo.mx\/index.php\/wp-json\/wp\/v2\/posts\/13290\/revisions\/13303"}],"wp:featuredmedia":[{"embeddable":true,"href":"https:\/\/www.nexoinformativo.mx\/index.php\/wp-json\/wp\/v2\/media\/13291"}],"wp:attachment":[{"href":"https:\/\/www.nexoinformativo.mx\/index.php\/wp-json\/wp\/v2\/media?parent=13290"}],"wp:term":[{"taxonomy":"category","embeddable":true,"href":"https:\/\/www.nexoinformativo.mx\/index.php\/wp-json\/wp\/v2\/categories?post=13290"},{"taxonomy":"post_tag","embeddable":true,"href":"https:\/\/www.nexoinformativo.mx\/index.php\/wp-json\/wp\/v2\/tags?post=13290"}],"curies":[{"name":"wp","href":"https:\/\/api.w.org\/{rel}","templated":true}]}}