{"id":13304,"date":"2025-03-25T08:30:53","date_gmt":"2025-03-25T14:30:53","guid":{"rendered":"https:\/\/www.nexoinformativo.mx\/?p=13304"},"modified":"2025-03-25T11:35:56","modified_gmt":"2025-03-25T17:35:56","slug":"movistar-instala-linea-directa-con-profeco-en-todo-mexico-para-defender-tus-derechos-como-consumidor","status":"publish","type":"post","link":"https:\/\/www.nexoinformativo.mx\/index.php\/2025\/03\/25\/movistar-instala-linea-directa-con-profeco-en-todo-mexico-para-defender-tus-derechos-como-consumidor\/","title":{"rendered":"Movistar instala l\u00ednea directa con Profeco en todo M\u00e9xico para defender tus derechos como consumidor"},"content":{"rendered":"<p style=\"text-align: justify;\" data-sourcepos=\"13:1-13:345\">Con el objetivo de fortalecer la protecci\u00f3n de los derechos de los consumidores en materia de telecomunicaciones, <strong>Movistar<\/strong> ha instalado una l\u00ednea directa con la <strong>Procuradur\u00eda Federal del Consumidor<\/strong> (Profeco), mediante la entrega de 38 equipos m\u00f3viles a las Oficinas de Defensa del Consumidor (ODECO) en todo el pa\u00eds.<\/p>\n<p>&nbsp;<\/p>\n<p style=\"text-align: justify;\" data-sourcepos=\"15:1-15:195\">Esta iniciativa, resultado de una alianza estrat\u00e9gica entre Movistar y Profeco, busca agilizar la conciliaci\u00f3n y atenci\u00f3n de quejas y denuncias de los usuarios de servicios de telecomunicaciones.<\/p>\n<p>&nbsp;<\/p>\n<p style=\"text-align: justify;\" data-sourcepos=\"17:1-17:238\">Natalia Guerra, Directora de Asuntos P\u00fablicos, Regulaci\u00f3n y Negocio Mayorista de Telef\u00f3nica Movistar M\u00e9xico, entreg\u00f3 los dispositivos m\u00f3viles, cumpliendo as\u00ed con los acuerdos establecidos en las mesas de trabajo entre ambas instituciones.<\/p>\n<p>&nbsp;<\/p>\n<p style=\"text-align: justify;\" data-sourcepos=\"19:1-19:158\">La Profeco destac\u00f3 la importancia de esta acci\u00f3n para promover una cultura de consumo responsable y garantizar buenas pr\u00e1cticas comerciales con transparencia.<\/p>\n<\/p>\n<p>&nbsp;<\/p>\n<p style=\"text-align: justify;\" data-sourcepos=\"21:1-21:179\">Roc\u00edo Rubio, directora General de Oficinas de Defensa del Consumidor, agradeci\u00f3 a Movistar su compromiso y resalt\u00f3 el ejemplo de colaboraci\u00f3n entre el sector privado y el p\u00fablico.<\/p>\n<p>&nbsp;<\/p>\n<p style=\"text-align: center;\" data-sourcepos=\"21:1-21:179\"><em><strong>\u00a1Informaci\u00f3n que transforma!<\/strong><\/em><\/p>\n","protected":false},"excerpt":{"rendered":"<p>Con el objetivo de fortalecer la protecci\u00f3n de los derechos de los consumidores en materia de telecomunicaciones, Movistar ha instalado una l\u00ednea directa con la Procuradur\u00eda Federal del Consumidor (Profeco), mediante la entrega de 38 equipos m\u00f3viles a las Oficinas de Defensa del Consumidor (ODECO) en todo el pa\u00eds.<\/p>\n","protected":false},"author":3,"featured_media":13305,"comment_status":"open","ping_status":"open","sticky":false,"template":"","format":"standard","meta":{"footnotes":""},"categories":[5,88,58],"tags":[3889,3888,1834,3890],"class_list":["post-13304","post","type-post","status-publish","format-standard","has-post-thumbnail","hentry","category-economia","category-nacional","category-ultima-hora","tag-derechosdelconsumidor","tag-movistar","tag-profeco","tag-telecomunicaciones"],"yoast_head":"<!-- This site is optimized with the Yoast SEO plugin v25.0 - https:\/\/yoast.com\/wordpress\/plugins\/seo\/ -->\n<title>Movistar instala l\u00ednea directa con Profeco en todo M\u00e9xico para defender tus derechos como consumidor | Nexo Informativo Santiago de Quer\u00e9taro<\/title>\n<meta name=\"description\" content=\"Movistar instala l\u00ednea directa con Profeco en todo M\u00e9xico para defender tus derechos como consumidor\" \/>\n<meta name=\"robots\" content=\"index, follow, max-snippet:-1, max-image-preview:large, max-video-preview:-1\" \/>\n<link rel=\"canonical\" href=\"https:\/\/www.nexoinformativo.mx\/index.php\/2025\/03\/25\/movistar-instala-linea-directa-con-profeco-en-todo-mexico-para-defender-tus-derechos-como-consumidor\/\" \/>\n<meta property=\"og:locale\" content=\"es_MX\" \/>\n<meta property=\"og:type\" content=\"article\" \/>\n<meta property=\"og:title\" content=\"Movistar instala l\u00ednea directa con Profeco en todo M\u00e9xico para defender tus derechos como consumidor | Nexo Informativo Santiago de Quer\u00e9taro\" \/>\n<meta property=\"og:description\" content=\"Movistar instala l\u00ednea directa con Profeco en todo M\u00e9xico para defender tus derechos como consumidor\" \/>\n<meta property=\"og:url\" content=\"https:\/\/www.nexoinformativo.mx\/index.php\/2025\/03\/25\/movistar-instala-linea-directa-con-profeco-en-todo-mexico-para-defender-tus-derechos-como-consumidor\/\" \/>\n<meta property=\"og:site_name\" content=\"Nexo Informativo Santiago de Quer\u00e9taro\" \/>\n<meta property=\"article:publisher\" content=\"https:\/\/www.facebook.com\/people\/Nexo-Informativo\/61564066885511\/\" \/>\n<meta property=\"article:published_time\" content=\"2025-03-25T14:30:53+00:00\" \/>\n<meta property=\"article:modified_time\" content=\"2025-03-25T17:35:56+00:00\" \/>\n<meta property=\"og:image\" content=\"https:\/\/www.nexoinformativo.mx\/wp-content\/uploads\/2025\/03\/IMG_1918.jpg\" \/>\n\t<meta property=\"og:image:width\" content=\"650\" \/>\n\t<meta property=\"og:image:height\" content=\"380\" \/>\n\t<meta property=\"og:image:type\" content=\"image\/jpeg\" \/>\n<meta name=\"author\" content=\"Nexo Informativo\" \/>\n<meta name=\"twitter:card\" content=\"summary_large_image\" \/>\n<meta name=\"twitter:label1\" content=\"Escrito por\" \/>\n\t<meta name=\"twitter:data1\" content=\"Nexo Informativo\" \/>\n\t<meta name=\"twitter:label2\" content=\"Tiempo de lectura\" \/>\n\t<meta name=\"twitter:data2\" content=\"1 minuto\" \/>\n<script type=\"application\/ld+json\" class=\"yoast-schema-graph\">{\"@context\":\"https:\/\/schema.org\",\"@graph\":[{\"@type\":\"Article\",\"@id\":\"https:\/\/www.nexoinformativo.mx\/index.php\/2025\/03\/25\/movistar-instala-linea-directa-con-profeco-en-todo-mexico-para-defender-tus-derechos-como-consumidor\/#article\",\"isPartOf\":{\"@id\":\"https:\/\/www.nexoinformativo.mx\/index.php\/2025\/03\/25\/movistar-instala-linea-directa-con-profeco-en-todo-mexico-para-defender-tus-derechos-como-consumidor\/\"},\"author\":{\"name\":\"Nexo Informativo\",\"@id\":\"https:\/\/www.nexoinformativo.mx\/#\/schema\/person\/7749d380ba08c8ca00d7bc76fd907b7d\"},\"headline\":\"Movistar instala l\u00ednea directa con Profeco en todo M\u00e9xico para defender tus derechos como consumidor\",\"datePublished\":\"2025-03-25T14:30:53+00:00\",\"dateModified\":\"2025-03-25T17:35:56+00:00\",\"mainEntityOfPage\":{\"@id\":\"https:\/\/www.nexoinformativo.mx\/index.php\/2025\/03\/25\/movistar-instala-linea-directa-con-profeco-en-todo-mexico-para-defender-tus-derechos-como-consumidor\/\"},\"wordCount\":202,\"commentCount\":0,\"publisher\":{\"@id\":\"https:\/\/www.nexoinformativo.mx\/#organization\"},\"image\":{\"@id\":\"https:\/\/www.nexoinformativo.mx\/index.php\/2025\/03\/25\/movistar-instala-linea-directa-con-profeco-en-todo-mexico-para-defender-tus-derechos-como-consumidor\/#primaryimage\"},\"thumbnailUrl\":\"https:\/\/www.nexoinformativo.mx\/wp-content\/uploads\/2025\/03\/IMG_1918.jpg\",\"keywords\":[\"DerechosDelConsumidor\",\"Movistar\",\"Profeco\",\"Telecomunicaciones\"],\"articleSection\":[\"Econom\u00eda\",\"Nacional\",\"\u00daltima Hora\"],\"inLanguage\":\"es\",\"potentialAction\":[{\"@type\":\"CommentAction\",\"name\":\"Comment\",\"target\":[\"https:\/\/www.nexoinformativo.mx\/index.php\/2025\/03\/25\/movistar-instala-linea-directa-con-profeco-en-todo-mexico-para-defender-tus-derechos-como-consumidor\/#respond\"]}]},{\"@type\":\"WebPage\",\"@id\":\"https:\/\/www.nexoinformativo.mx\/index.php\/2025\/03\/25\/movistar-instala-linea-directa-con-profeco-en-todo-mexico-para-defender-tus-derechos-como-consumidor\/\",\"url\":\"https:\/\/www.nexoinformativo.mx\/index.php\/2025\/03\/25\/movistar-instala-linea-directa-con-profeco-en-todo-mexico-para-defender-tus-derechos-como-consumidor\/\",\"name\":\"Movistar instala l\u00ednea directa con Profeco en todo M\u00e9xico para defender tus derechos como consumidor | Nexo Informativo Santiago de Quer\u00e9taro\",\"isPartOf\":{\"@id\":\"https:\/\/www.nexoinformativo.mx\/#website\"},\"primaryImageOfPage\":{\"@id\":\"https:\/\/www.nexoinformativo.mx\/index.php\/2025\/03\/25\/movistar-instala-linea-directa-con-profeco-en-todo-mexico-para-defender-tus-derechos-como-consumidor\/#primaryimage\"},\"image\":{\"@id\":\"https:\/\/www.nexoinformativo.mx\/index.php\/2025\/03\/25\/movistar-instala-linea-directa-con-profeco-en-todo-mexico-para-defender-tus-derechos-como-consumidor\/#primaryimage\"},\"thumbnailUrl\":\"https:\/\/www.nexoinformativo.mx\/wp-content\/uploads\/2025\/03\/IMG_1918.jpg\",\"datePublished\":\"2025-03-25T14:30:53+00:00\",\"dateModified\":\"2025-03-25T17:35:56+00:00\",\"description\":\"Movistar instala l\u00ednea directa con Profeco en todo M\u00e9xico para defender tus derechos como consumidor\",\"breadcrumb\":{\"@id\":\"https:\/\/www.nexoinformativo.mx\/index.php\/2025\/03\/25\/movistar-instala-linea-directa-con-profeco-en-todo-mexico-para-defender-tus-derechos-como-consumidor\/#breadcrumb\"},\"inLanguage\":\"es\",\"potentialAction\":[{\"@type\":\"ReadAction\",\"target\":[\"https:\/\/www.nexoinformativo.mx\/index.php\/2025\/03\/25\/movistar-instala-linea-directa-con-profeco-en-todo-mexico-para-defender-tus-derechos-como-consumidor\/\"]}]},{\"@type\":\"ImageObject\",\"inLanguage\":\"es\",\"@id\":\"https:\/\/www.nexoinformativo.mx\/index.php\/2025\/03\/25\/movistar-instala-linea-directa-con-profeco-en-todo-mexico-para-defender-tus-derechos-como-consumidor\/#primaryimage\",\"url\":\"https:\/\/www.nexoinformativo.mx\/wp-content\/uploads\/2025\/03\/IMG_1918.jpg\",\"contentUrl\":\"https:\/\/www.nexoinformativo.mx\/wp-content\/uploads\/2025\/03\/IMG_1918.jpg\",\"width\":650,\"height\":380},{\"@type\":\"BreadcrumbList\",\"@id\":\"https:\/\/www.nexoinformativo.mx\/index.php\/2025\/03\/25\/movistar-instala-linea-directa-con-profeco-en-todo-mexico-para-defender-tus-derechos-como-consumidor\/#breadcrumb\",\"itemListElement\":[{\"@type\":\"ListItem\",\"position\":1,\"name\":\"Inicio\",\"item\":\"https:\/\/www.nexoinformativo.mx\/\"},{\"@type\":\"ListItem\",\"position\":2,\"name\":\"Movistar instala l\u00ednea directa con Profeco en todo M\u00e9xico para defender tus derechos como consumidor\"}]},{\"@type\":\"WebSite\",\"@id\":\"https:\/\/www.nexoinformativo.mx\/#website\",\"url\":\"https:\/\/www.nexoinformativo.mx\/\",\"name\":\"Nexo Informativo Santiago de Quer\u00e9taro\",\"description\":\"Explora NexoInformativo y convi\u00e9rtete en parte de una comunidad que valora el conocimiento y la verdad. Tu nexoinformativo es tu puente hacia una comprensi\u00f3n m\u00e1s profunda del mundo que te rodea.\",\"publisher\":{\"@id\":\"https:\/\/www.nexoinformativo.mx\/#organization\"},\"potentialAction\":[{\"@type\":\"SearchAction\",\"target\":{\"@type\":\"EntryPoint\",\"urlTemplate\":\"https:\/\/www.nexoinformativo.mx\/?s={search_term_string}\"},\"query-input\":{\"@type\":\"PropertyValueSpecification\",\"valueRequired\":true,\"valueName\":\"search_term_string\"}}],\"inLanguage\":\"es\"},{\"@type\":\"Organization\",\"@id\":\"https:\/\/www.nexoinformativo.mx\/#organization\",\"name\":\"Nexo Informativo Santiago de Quer\u00e9taro\",\"url\":\"https:\/\/www.nexoinformativo.mx\/\",\"logo\":{\"@type\":\"ImageObject\",\"inLanguage\":\"es\",\"@id\":\"https:\/\/www.nexoinformativo.mx\/#\/schema\/logo\/image\/\",\"url\":\"https:\/\/www.nexoinformativo.mx\/wp-content\/uploads\/2024\/07\/nexoi-trasparente-2.png\",\"contentUrl\":\"https:\/\/www.nexoinformativo.mx\/wp-content\/uploads\/2024\/07\/nexoi-trasparente-2.png\",\"width\":816,\"height\":339,\"caption\":\"Nexo Informativo Santiago de Quer\u00e9taro\"},\"image\":{\"@id\":\"https:\/\/www.nexoinformativo.mx\/#\/schema\/logo\/image\/\"},\"sameAs\":[\"https:\/\/www.facebook.com\/people\/Nexo-Informativo\/61564066885511\/\"]},{\"@type\":\"Person\",\"@id\":\"https:\/\/www.nexoinformativo.mx\/#\/schema\/person\/7749d380ba08c8ca00d7bc76fd907b7d\",\"name\":\"Nexo Informativo\",\"image\":{\"@type\":\"ImageObject\",\"inLanguage\":\"es\",\"@id\":\"https:\/\/www.nexoinformativo.mx\/#\/schema\/person\/image\/\",\"url\":\"https:\/\/secure.gravatar.com\/avatar\/dde2928154642a13d95f87ddf1ea9718fe2b46760a005c53e41ff5ad610704e6?s=96&d=mm&r=g\",\"contentUrl\":\"https:\/\/secure.gravatar.com\/avatar\/dde2928154642a13d95f87ddf1ea9718fe2b46760a005c53e41ff5ad610704e6?s=96&d=mm&r=g\",\"caption\":\"Nexo Informativo\"},\"url\":\"https:\/\/www.nexoinformativo.mx\/index.php\/author\/edicion\/\"}]}<\/script>\n<!-- \/ Yoast SEO plugin. -->","yoast_head_json":{"title":"Movistar instala l\u00ednea directa con Profeco en todo M\u00e9xico para defender tus derechos como consumidor | Nexo Informativo Santiago de Quer\u00e9taro","description":"Movistar instala l\u00ednea directa con Profeco en todo M\u00e9xico para defender tus derechos como consumidor","robots":{"index":"index","follow":"follow","max-snippet":"max-snippet:-1","max-image-preview":"max-image-preview:large","max-video-preview":"max-video-preview:-1"},"canonical":"https:\/\/www.nexoinformativo.mx\/index.php\/2025\/03\/25\/movistar-instala-linea-directa-con-profeco-en-todo-mexico-para-defender-tus-derechos-como-consumidor\/","og_locale":"es_MX","og_type":"article","og_title":"Movistar instala l\u00ednea directa con Profeco en todo M\u00e9xico para defender tus derechos como consumidor | Nexo Informativo Santiago de Quer\u00e9taro","og_description":"Movistar instala l\u00ednea directa con Profeco en todo M\u00e9xico para defender tus derechos como consumidor","og_url":"https:\/\/www.nexoinformativo.mx\/index.php\/2025\/03\/25\/movistar-instala-linea-directa-con-profeco-en-todo-mexico-para-defender-tus-derechos-como-consumidor\/","og_site_name":"Nexo Informativo Santiago de Quer\u00e9taro","article_publisher":"https:\/\/www.facebook.com\/people\/Nexo-Informativo\/61564066885511\/","article_published_time":"2025-03-25T14:30:53+00:00","article_modified_time":"2025-03-25T17:35:56+00:00","og_image":[{"width":650,"height":380,"url":"https:\/\/www.nexoinformativo.mx\/wp-content\/uploads\/2025\/03\/IMG_1918.jpg","type":"image\/jpeg"}],"author":"Nexo Informativo","twitter_card":"summary_large_image","twitter_misc":{"Escrito por":"Nexo Informativo","Tiempo de lectura":"1 minuto"},"schema":{"@context":"https:\/\/schema.org","@graph":[{"@type":"Article","@id":"https:\/\/www.nexoinformativo.mx\/index.php\/2025\/03\/25\/movistar-instala-linea-directa-con-profeco-en-todo-mexico-para-defender-tus-derechos-como-consumidor\/#article","isPartOf":{"@id":"https:\/\/www.nexoinformativo.mx\/index.php\/2025\/03\/25\/movistar-instala-linea-directa-con-profeco-en-todo-mexico-para-defender-tus-derechos-como-consumidor\/"},"author":{"name":"Nexo Informativo","@id":"https:\/\/www.nexoinformativo.mx\/#\/schema\/person\/7749d380ba08c8ca00d7bc76fd907b7d"},"headline":"Movistar instala l\u00ednea directa con Profeco en todo M\u00e9xico para defender tus derechos como consumidor","datePublished":"2025-03-25T14:30:53+00:00","dateModified":"2025-03-25T17:35:56+00:00","mainEntityOfPage":{"@id":"https:\/\/www.nexoinformativo.mx\/index.php\/2025\/03\/25\/movistar-instala-linea-directa-con-profeco-en-todo-mexico-para-defender-tus-derechos-como-consumidor\/"},"wordCount":202,"commentCount":0,"publisher":{"@id":"https:\/\/www.nexoinformativo.mx\/#organization"},"image":{"@id":"https:\/\/www.nexoinformativo.mx\/index.php\/2025\/03\/25\/movistar-instala-linea-directa-con-profeco-en-todo-mexico-para-defender-tus-derechos-como-consumidor\/#primaryimage"},"thumbnailUrl":"https:\/\/www.nexoinformativo.mx\/wp-content\/uploads\/2025\/03\/IMG_1918.jpg","keywords":["DerechosDelConsumidor","Movistar","Profeco","Telecomunicaciones"],"articleSection":["Econom\u00eda","Nacional","\u00daltima Hora"],"inLanguage":"es","potentialAction":[{"@type":"CommentAction","name":"Comment","target":["https:\/\/www.nexoinformativo.mx\/index.php\/2025\/03\/25\/movistar-instala-linea-directa-con-profeco-en-todo-mexico-para-defender-tus-derechos-como-consumidor\/#respond"]}]},{"@type":"WebPage","@id":"https:\/\/www.nexoinformativo.mx\/index.php\/2025\/03\/25\/movistar-instala-linea-directa-con-profeco-en-todo-mexico-para-defender-tus-derechos-como-consumidor\/","url":"https:\/\/www.nexoinformativo.mx\/index.php\/2025\/03\/25\/movistar-instala-linea-directa-con-profeco-en-todo-mexico-para-defender-tus-derechos-como-consumidor\/","name":"Movistar instala l\u00ednea directa con Profeco en todo M\u00e9xico para defender tus derechos como consumidor | Nexo Informativo Santiago de Quer\u00e9taro","isPartOf":{"@id":"https:\/\/www.nexoinformativo.mx\/#website"},"primaryImageOfPage":{"@id":"https:\/\/www.nexoinformativo.mx\/index.php\/2025\/03\/25\/movistar-instala-linea-directa-con-profeco-en-todo-mexico-para-defender-tus-derechos-como-consumidor\/#primaryimage"},"image":{"@id":"https:\/\/www.nexoinformativo.mx\/index.php\/2025\/03\/25\/movistar-instala-linea-directa-con-profeco-en-todo-mexico-para-defender-tus-derechos-como-consumidor\/#primaryimage"},"thumbnailUrl":"https:\/\/www.nexoinformativo.mx\/wp-content\/uploads\/2025\/03\/IMG_1918.jpg","datePublished":"2025-03-25T14:30:53+00:00","dateModified":"2025-03-25T17:35:56+00:00","description":"Movistar instala l\u00ednea directa con Profeco en todo M\u00e9xico para defender tus derechos como consumidor","breadcrumb":{"@id":"https:\/\/www.nexoinformativo.mx\/index.php\/2025\/03\/25\/movistar-instala-linea-directa-con-profeco-en-todo-mexico-para-defender-tus-derechos-como-consumidor\/#breadcrumb"},"inLanguage":"es","potentialAction":[{"@type":"ReadAction","target":["https:\/\/www.nexoinformativo.mx\/index.php\/2025\/03\/25\/movistar-instala-linea-directa-con-profeco-en-todo-mexico-para-defender-tus-derechos-como-consumidor\/"]}]},{"@type":"ImageObject","inLanguage":"es","@id":"https:\/\/www.nexoinformativo.mx\/index.php\/2025\/03\/25\/movistar-instala-linea-directa-con-profeco-en-todo-mexico-para-defender-tus-derechos-como-consumidor\/#primaryimage","url":"https:\/\/www.nexoinformativo.mx\/wp-content\/uploads\/2025\/03\/IMG_1918.jpg","contentUrl":"https:\/\/www.nexoinformativo.mx\/wp-content\/uploads\/2025\/03\/IMG_1918.jpg","width":650,"height":380},{"@type":"BreadcrumbList","@id":"https:\/\/www.nexoinformativo.mx\/index.php\/2025\/03\/25\/movistar-instala-linea-directa-con-profeco-en-todo-mexico-para-defender-tus-derechos-como-consumidor\/#breadcrumb","itemListElement":[{"@type":"ListItem","position":1,"name":"Inicio","item":"https:\/\/www.nexoinformativo.mx\/"},{"@type":"ListItem","position":2,"name":"Movistar instala l\u00ednea directa con Profeco en todo M\u00e9xico para defender tus derechos como consumidor"}]},{"@type":"WebSite","@id":"https:\/\/www.nexoinformativo.mx\/#website","url":"https:\/\/www.nexoinformativo.mx\/","name":"Nexo Informativo Santiago de Quer\u00e9taro","description":"Explora NexoInformativo y convi\u00e9rtete en parte de una comunidad que valora el conocimiento y la verdad. Tu nexoinformativo es tu puente hacia una comprensi\u00f3n m\u00e1s profunda del mundo que te rodea.","publisher":{"@id":"https:\/\/www.nexoinformativo.mx\/#organization"},"potentialAction":[{"@type":"SearchAction","target":{"@type":"EntryPoint","urlTemplate":"https:\/\/www.nexoinformativo.mx\/?s={search_term_string}"},"query-input":{"@type":"PropertyValueSpecification","valueRequired":true,"valueName":"search_term_string"}}],"inLanguage":"es"},{"@type":"Organization","@id":"https:\/\/www.nexoinformativo.mx\/#organization","name":"Nexo Informativo Santiago de Quer\u00e9taro","url":"https:\/\/www.nexoinformativo.mx\/","logo":{"@type":"ImageObject","inLanguage":"es","@id":"https:\/\/www.nexoinformativo.mx\/#\/schema\/logo\/image\/","url":"https:\/\/www.nexoinformativo.mx\/wp-content\/uploads\/2024\/07\/nexoi-trasparente-2.png","contentUrl":"https:\/\/www.nexoinformativo.mx\/wp-content\/uploads\/2024\/07\/nexoi-trasparente-2.png","width":816,"height":339,"caption":"Nexo Informativo Santiago de Quer\u00e9taro"},"image":{"@id":"https:\/\/www.nexoinformativo.mx\/#\/schema\/logo\/image\/"},"sameAs":["https:\/\/www.facebook.com\/people\/Nexo-Informativo\/61564066885511\/"]},{"@type":"Person","@id":"https:\/\/www.nexoinformativo.mx\/#\/schema\/person\/7749d380ba08c8ca00d7bc76fd907b7d","name":"Nexo Informativo","image":{"@type":"ImageObject","inLanguage":"es","@id":"https:\/\/www.nexoinformativo.mx\/#\/schema\/person\/image\/","url":"https:\/\/secure.gravatar.com\/avatar\/dde2928154642a13d95f87ddf1ea9718fe2b46760a005c53e41ff5ad610704e6?s=96&d=mm&r=g","contentUrl":"https:\/\/secure.gravatar.com\/avatar\/dde2928154642a13d95f87ddf1ea9718fe2b46760a005c53e41ff5ad610704e6?s=96&d=mm&r=g","caption":"Nexo Informativo"},"url":"https:\/\/www.nexoinformativo.mx\/index.php\/author\/edicion\/"}]}},"_links":{"self":[{"href":"https:\/\/www.nexoinformativo.mx\/index.php\/wp-json\/wp\/v2\/posts\/13304","targetHints":{"allow":["GET"]}}],"collection":[{"href":"https:\/\/www.nexoinformativo.mx\/index.php\/wp-json\/wp\/v2\/posts"}],"about":[{"href":"https:\/\/www.nexoinformativo.mx\/index.php\/wp-json\/wp\/v2\/types\/post"}],"author":[{"embeddable":true,"href":"https:\/\/www.nexoinformativo.mx\/index.php\/wp-json\/wp\/v2\/users\/3"}],"replies":[{"embeddable":true,"href":"https:\/\/www.nexoinformativo.mx\/index.php\/wp-json\/wp\/v2\/comments?post=13304"}],"version-history":[{"count":4,"href":"https:\/\/www.nexoinformativo.mx\/index.php\/wp-json\/wp\/v2\/posts\/13304\/revisions"}],"predecessor-version":[{"id":13308,"href":"https:\/\/www.nexoinformativo.mx\/index.php\/wp-json\/wp\/v2\/posts\/13304\/revisions\/13308"}],"wp:featuredmedia":[{"embeddable":true,"href":"https:\/\/www.nexoinformativo.mx\/index.php\/wp-json\/wp\/v2\/media\/13305"}],"wp:attachment":[{"href":"https:\/\/www.nexoinformativo.mx\/index.php\/wp-json\/wp\/v2\/media?parent=13304"}],"wp:term":[{"taxonomy":"category","embeddable":true,"href":"https:\/\/www.nexoinformativo.mx\/index.php\/wp-json\/wp\/v2\/categories?post=13304"},{"taxonomy":"post_tag","embeddable":true,"href":"https:\/\/www.nexoinformativo.mx\/index.php\/wp-json\/wp\/v2\/tags?post=13304"}],"curies":[{"name":"wp","href":"https:\/\/api.w.org\/{rel}","templated":true}]}}