{"id":13310,"date":"2025-03-25T09:00:08","date_gmt":"2025-03-25T15:00:08","guid":{"rendered":"https:\/\/www.nexoinformativo.mx\/?p=13310"},"modified":"2025-03-25T11:40:19","modified_gmt":"2025-03-25T17:40:19","slug":"kuri-impulsa-educacion-en-la-sierra-gorda-con-una-inversion-millonaria-para-el-futuro-de-queretaro","status":"publish","type":"post","link":"https:\/\/www.nexoinformativo.mx\/index.php\/2025\/03\/25\/kuri-impulsa-educacion-en-la-sierra-gorda-con-una-inversion-millonaria-para-el-futuro-de-queretaro\/","title":{"rendered":"Kuri impulsa educaci\u00f3n en la Sierra Gorda con una inversi\u00f3n millonaria para el futuro de Quer\u00e9taro"},"content":{"rendered":"<p style=\"text-align: justify;\" data-sourcepos=\"13:1-13:371\">El gobernador Mauricio Kuri reafirm\u00f3 su compromiso con la educaci\u00f3n en Quer\u00e9taro al encabezar la entrega de obras y apoyos para el fortalecimiento educativo en la Sierra Gorda. Con una inversi\u00f3n total que supera los 100 millones de pesos, se busca garantizar que ning\u00fan queretano se quede atr\u00e1s en su desarrollo acad\u00e9mico.<\/p>\n<p>&nbsp;<\/p>\n<p style=\"text-align: justify;\" data-sourcepos=\"15:1-15:301\">Durante su gira de trabajo por la regi\u00f3n serrana, el mandatario estatal anunci\u00f3 la realizaci\u00f3n de 16 obras de infraestructura educativa, con una inversi\u00f3n de 18 millones 656 mil pesos, beneficiando a m\u00e1s de dos mil 400 estudiantes en Arroyo Seco, Jalpan de Serra, Landa de Matamoros y Pinal de Amoles.<\/p>\n<p>&nbsp;<\/p>\n<p style=\"text-align: justify;\" data-sourcepos=\"17:1-17:317\">La secretaria de Educaci\u00f3n estatal, Martha Elena Soto, inform\u00f3 sobre la entrega de cuatro centros de c\u00f3mputo para el Colegio de Bachilleres de Quer\u00e9taro (COBAQ) y apoyos econ\u00f3micos para educadoras del Consejo Nacional de Fomento Educativo (CONAFE), con una inversi\u00f3n adicional de nueve millones 443 mil pesos.<\/p>\n<p>&nbsp;<\/p>\n<p style=\"text-align: justify;\" data-sourcepos=\"19:1-19:198\">Adem\u00e1s, se formaliz\u00f3 un Convenio de Colaboraci\u00f3n Acad\u00e9mica, Cient\u00edfica y Tecnol\u00f3gica con el Instituto Tecnol\u00f3gico de Quer\u00e9taro (TEC-NM), para ampliar la cobertura de educaci\u00f3n superior en la regi\u00f3n.<\/p>\n<p>&nbsp;<\/p>\n<p style=\"text-align: justify;\" data-sourcepos=\"21:1-21:194\">El gobernador Kuri y las autoridades presentes destacaron el impacto positivo de estas acciones en el desarrollo de la Sierra Gorda y el reconocimiento al trabajo de las educadoras comunitarias.<\/p>\n<p>&nbsp;<\/p>\n<p style=\"text-align: center;\" data-sourcepos=\"21:1-21:194\"><em><strong>\u00a1Informaci\u00f3n que transforma!<\/strong><\/em><\/p>\n","protected":false},"excerpt":{"rendered":"<p>El gobernador Mauricio Kuri reafirm\u00f3 su compromiso con la educaci\u00f3n en Quer\u00e9taro al encabezar la entrega de obras y apoyos para el fortalecimiento educativo en la Sierra Gorda. Con una inversi\u00f3n total que supera los 100 millones de pesos, se busca garantizar que ning\u00fan queretano se quede atr\u00e1s en su desarrollo acad\u00e9mico.<\/p>\n","protected":false},"author":3,"featured_media":13311,"comment_status":"open","ping_status":"open","sticky":false,"template":"","format":"standard","meta":{"footnotes":""},"categories":[65,58],"tags":[3891,495,661,1545],"class_list":["post-13310","post","type-post","status-publish","format-standard","has-post-thumbnail","hentry","category-municipios","category-ultima-hora","tag-desarrolloeducativo","tag-educacionqueretaro","tag-mauriciokuri","tag-sierragorda"],"yoast_head":"<!-- This site is optimized with the Yoast SEO plugin v25.0 - https:\/\/yoast.com\/wordpress\/plugins\/seo\/ -->\n<title>Kuri impulsa educaci\u00f3n en la Sierra Gorda con una inversi\u00f3n millonaria para el futuro de Quer\u00e9taro | Nexo Informativo Santiago de Quer\u00e9taro<\/title>\n<meta name=\"description\" content=\"Kuri impulsa educaci\u00f3n en la Sierra Gorda con una inversi\u00f3n millonaria para el futuro de Quer\u00e9taro\" \/>\n<meta name=\"robots\" content=\"index, follow, max-snippet:-1, max-image-preview:large, max-video-preview:-1\" \/>\n<link rel=\"canonical\" href=\"https:\/\/www.nexoinformativo.mx\/index.php\/2025\/03\/25\/kuri-impulsa-educacion-en-la-sierra-gorda-con-una-inversion-millonaria-para-el-futuro-de-queretaro\/\" \/>\n<meta property=\"og:locale\" content=\"es_MX\" \/>\n<meta property=\"og:type\" content=\"article\" \/>\n<meta property=\"og:title\" content=\"Kuri impulsa educaci\u00f3n en la Sierra Gorda con una inversi\u00f3n millonaria para el futuro de Quer\u00e9taro | Nexo Informativo Santiago de Quer\u00e9taro\" \/>\n<meta property=\"og:description\" content=\"Kuri impulsa educaci\u00f3n en la Sierra Gorda con una inversi\u00f3n millonaria para el futuro de Quer\u00e9taro\" \/>\n<meta property=\"og:url\" content=\"https:\/\/www.nexoinformativo.mx\/index.php\/2025\/03\/25\/kuri-impulsa-educacion-en-la-sierra-gorda-con-una-inversion-millonaria-para-el-futuro-de-queretaro\/\" \/>\n<meta property=\"og:site_name\" content=\"Nexo Informativo Santiago de Quer\u00e9taro\" \/>\n<meta property=\"article:publisher\" content=\"https:\/\/www.facebook.com\/people\/Nexo-Informativo\/61564066885511\/\" \/>\n<meta property=\"article:published_time\" content=\"2025-03-25T15:00:08+00:00\" \/>\n<meta property=\"article:modified_time\" content=\"2025-03-25T17:40:19+00:00\" \/>\n<meta property=\"og:image\" content=\"https:\/\/www.nexoinformativo.mx\/wp-content\/uploads\/2025\/03\/PHOTO-2025-03-25-11-06-07-e1742924348734.jpg\" \/>\n\t<meta property=\"og:image:width\" content=\"800\" \/>\n\t<meta property=\"og:image:height\" content=\"533\" \/>\n\t<meta property=\"og:image:type\" content=\"image\/jpeg\" \/>\n<meta name=\"author\" content=\"Nexo Informativo\" \/>\n<meta name=\"twitter:card\" content=\"summary_large_image\" \/>\n<meta name=\"twitter:label1\" content=\"Escrito por\" \/>\n\t<meta name=\"twitter:data1\" content=\"Nexo Informativo\" \/>\n\t<meta name=\"twitter:label2\" content=\"Tiempo de lectura\" \/>\n\t<meta name=\"twitter:data2\" content=\"2 minutos\" \/>\n<script type=\"application\/ld+json\" class=\"yoast-schema-graph\">{\"@context\":\"https:\/\/schema.org\",\"@graph\":[{\"@type\":\"Article\",\"@id\":\"https:\/\/www.nexoinformativo.mx\/index.php\/2025\/03\/25\/kuri-impulsa-educacion-en-la-sierra-gorda-con-una-inversion-millonaria-para-el-futuro-de-queretaro\/#article\",\"isPartOf\":{\"@id\":\"https:\/\/www.nexoinformativo.mx\/index.php\/2025\/03\/25\/kuri-impulsa-educacion-en-la-sierra-gorda-con-una-inversion-millonaria-para-el-futuro-de-queretaro\/\"},\"author\":{\"name\":\"Nexo Informativo\",\"@id\":\"https:\/\/www.nexoinformativo.mx\/#\/schema\/person\/7749d380ba08c8ca00d7bc76fd907b7d\"},\"headline\":\"Kuri impulsa educaci\u00f3n en la Sierra Gorda con una inversi\u00f3n millonaria para el futuro de Quer\u00e9taro\",\"datePublished\":\"2025-03-25T15:00:08+00:00\",\"dateModified\":\"2025-03-25T17:40:19+00:00\",\"mainEntityOfPage\":{\"@id\":\"https:\/\/www.nexoinformativo.mx\/index.php\/2025\/03\/25\/kuri-impulsa-educacion-en-la-sierra-gorda-con-una-inversion-millonaria-para-el-futuro-de-queretaro\/\"},\"wordCount\":254,\"commentCount\":0,\"publisher\":{\"@id\":\"https:\/\/www.nexoinformativo.mx\/#organization\"},\"image\":{\"@id\":\"https:\/\/www.nexoinformativo.mx\/index.php\/2025\/03\/25\/kuri-impulsa-educacion-en-la-sierra-gorda-con-una-inversion-millonaria-para-el-futuro-de-queretaro\/#primaryimage\"},\"thumbnailUrl\":\"https:\/\/www.nexoinformativo.mx\/wp-content\/uploads\/2025\/03\/PHOTO-2025-03-25-11-06-07-e1742924348734.jpg\",\"keywords\":[\"DesarrolloEducativo\",\"Educaci\u00f3nQuer\u00e9taro\",\"MauricioKuri\",\"SierraGorda\"],\"articleSection\":[\"Municipios\",\"\u00daltima Hora\"],\"inLanguage\":\"es\",\"potentialAction\":[{\"@type\":\"CommentAction\",\"name\":\"Comment\",\"target\":[\"https:\/\/www.nexoinformativo.mx\/index.php\/2025\/03\/25\/kuri-impulsa-educacion-en-la-sierra-gorda-con-una-inversion-millonaria-para-el-futuro-de-queretaro\/#respond\"]}]},{\"@type\":\"WebPage\",\"@id\":\"https:\/\/www.nexoinformativo.mx\/index.php\/2025\/03\/25\/kuri-impulsa-educacion-en-la-sierra-gorda-con-una-inversion-millonaria-para-el-futuro-de-queretaro\/\",\"url\":\"https:\/\/www.nexoinformativo.mx\/index.php\/2025\/03\/25\/kuri-impulsa-educacion-en-la-sierra-gorda-con-una-inversion-millonaria-para-el-futuro-de-queretaro\/\",\"name\":\"Kuri impulsa educaci\u00f3n en la Sierra Gorda con una inversi\u00f3n millonaria para el futuro de Quer\u00e9taro | Nexo Informativo Santiago de Quer\u00e9taro\",\"isPartOf\":{\"@id\":\"https:\/\/www.nexoinformativo.mx\/#website\"},\"primaryImageOfPage\":{\"@id\":\"https:\/\/www.nexoinformativo.mx\/index.php\/2025\/03\/25\/kuri-impulsa-educacion-en-la-sierra-gorda-con-una-inversion-millonaria-para-el-futuro-de-queretaro\/#primaryimage\"},\"image\":{\"@id\":\"https:\/\/www.nexoinformativo.mx\/index.php\/2025\/03\/25\/kuri-impulsa-educacion-en-la-sierra-gorda-con-una-inversion-millonaria-para-el-futuro-de-queretaro\/#primaryimage\"},\"thumbnailUrl\":\"https:\/\/www.nexoinformativo.mx\/wp-content\/uploads\/2025\/03\/PHOTO-2025-03-25-11-06-07-e1742924348734.jpg\",\"datePublished\":\"2025-03-25T15:00:08+00:00\",\"dateModified\":\"2025-03-25T17:40:19+00:00\",\"description\":\"Kuri impulsa educaci\u00f3n en la Sierra Gorda con una inversi\u00f3n millonaria para el futuro de Quer\u00e9taro\",\"breadcrumb\":{\"@id\":\"https:\/\/www.nexoinformativo.mx\/index.php\/2025\/03\/25\/kuri-impulsa-educacion-en-la-sierra-gorda-con-una-inversion-millonaria-para-el-futuro-de-queretaro\/#breadcrumb\"},\"inLanguage\":\"es\",\"potentialAction\":[{\"@type\":\"ReadAction\",\"target\":[\"https:\/\/www.nexoinformativo.mx\/index.php\/2025\/03\/25\/kuri-impulsa-educacion-en-la-sierra-gorda-con-una-inversion-millonaria-para-el-futuro-de-queretaro\/\"]}]},{\"@type\":\"ImageObject\",\"inLanguage\":\"es\",\"@id\":\"https:\/\/www.nexoinformativo.mx\/index.php\/2025\/03\/25\/kuri-impulsa-educacion-en-la-sierra-gorda-con-una-inversion-millonaria-para-el-futuro-de-queretaro\/#primaryimage\",\"url\":\"https:\/\/www.nexoinformativo.mx\/wp-content\/uploads\/2025\/03\/PHOTO-2025-03-25-11-06-07-e1742924348734.jpg\",\"contentUrl\":\"https:\/\/www.nexoinformativo.mx\/wp-content\/uploads\/2025\/03\/PHOTO-2025-03-25-11-06-07-e1742924348734.jpg\",\"width\":800,\"height\":533},{\"@type\":\"BreadcrumbList\",\"@id\":\"https:\/\/www.nexoinformativo.mx\/index.php\/2025\/03\/25\/kuri-impulsa-educacion-en-la-sierra-gorda-con-una-inversion-millonaria-para-el-futuro-de-queretaro\/#breadcrumb\",\"itemListElement\":[{\"@type\":\"ListItem\",\"position\":1,\"name\":\"Inicio\",\"item\":\"https:\/\/www.nexoinformativo.mx\/\"},{\"@type\":\"ListItem\",\"position\":2,\"name\":\"Kuri impulsa educaci\u00f3n en la Sierra Gorda con una inversi\u00f3n millonaria para el futuro de Quer\u00e9taro\"}]},{\"@type\":\"WebSite\",\"@id\":\"https:\/\/www.nexoinformativo.mx\/#website\",\"url\":\"https:\/\/www.nexoinformativo.mx\/\",\"name\":\"Nexo Informativo Santiago de Quer\u00e9taro\",\"description\":\"Explora NexoInformativo y convi\u00e9rtete en parte de una comunidad que valora el conocimiento y la verdad. Tu nexoinformativo es tu puente hacia una comprensi\u00f3n m\u00e1s profunda del mundo que te rodea.\",\"publisher\":{\"@id\":\"https:\/\/www.nexoinformativo.mx\/#organization\"},\"potentialAction\":[{\"@type\":\"SearchAction\",\"target\":{\"@type\":\"EntryPoint\",\"urlTemplate\":\"https:\/\/www.nexoinformativo.mx\/?s={search_term_string}\"},\"query-input\":{\"@type\":\"PropertyValueSpecification\",\"valueRequired\":true,\"valueName\":\"search_term_string\"}}],\"inLanguage\":\"es\"},{\"@type\":\"Organization\",\"@id\":\"https:\/\/www.nexoinformativo.mx\/#organization\",\"name\":\"Nexo Informativo Santiago de Quer\u00e9taro\",\"url\":\"https:\/\/www.nexoinformativo.mx\/\",\"logo\":{\"@type\":\"ImageObject\",\"inLanguage\":\"es\",\"@id\":\"https:\/\/www.nexoinformativo.mx\/#\/schema\/logo\/image\/\",\"url\":\"https:\/\/www.nexoinformativo.mx\/wp-content\/uploads\/2024\/07\/nexoi-trasparente-2.png\",\"contentUrl\":\"https:\/\/www.nexoinformativo.mx\/wp-content\/uploads\/2024\/07\/nexoi-trasparente-2.png\",\"width\":816,\"height\":339,\"caption\":\"Nexo Informativo Santiago de Quer\u00e9taro\"},\"image\":{\"@id\":\"https:\/\/www.nexoinformativo.mx\/#\/schema\/logo\/image\/\"},\"sameAs\":[\"https:\/\/www.facebook.com\/people\/Nexo-Informativo\/61564066885511\/\"]},{\"@type\":\"Person\",\"@id\":\"https:\/\/www.nexoinformativo.mx\/#\/schema\/person\/7749d380ba08c8ca00d7bc76fd907b7d\",\"name\":\"Nexo Informativo\",\"image\":{\"@type\":\"ImageObject\",\"inLanguage\":\"es\",\"@id\":\"https:\/\/www.nexoinformativo.mx\/#\/schema\/person\/image\/\",\"url\":\"https:\/\/secure.gravatar.com\/avatar\/dde2928154642a13d95f87ddf1ea9718fe2b46760a005c53e41ff5ad610704e6?s=96&d=mm&r=g\",\"contentUrl\":\"https:\/\/secure.gravatar.com\/avatar\/dde2928154642a13d95f87ddf1ea9718fe2b46760a005c53e41ff5ad610704e6?s=96&d=mm&r=g\",\"caption\":\"Nexo Informativo\"},\"url\":\"https:\/\/www.nexoinformativo.mx\/index.php\/author\/edicion\/\"}]}<\/script>\n<!-- \/ Yoast SEO plugin. -->","yoast_head_json":{"title":"Kuri impulsa educaci\u00f3n en la Sierra Gorda con una inversi\u00f3n millonaria para el futuro de Quer\u00e9taro | Nexo Informativo Santiago de Quer\u00e9taro","description":"Kuri impulsa educaci\u00f3n en la Sierra Gorda con una inversi\u00f3n millonaria para el futuro de Quer\u00e9taro","robots":{"index":"index","follow":"follow","max-snippet":"max-snippet:-1","max-image-preview":"max-image-preview:large","max-video-preview":"max-video-preview:-1"},"canonical":"https:\/\/www.nexoinformativo.mx\/index.php\/2025\/03\/25\/kuri-impulsa-educacion-en-la-sierra-gorda-con-una-inversion-millonaria-para-el-futuro-de-queretaro\/","og_locale":"es_MX","og_type":"article","og_title":"Kuri impulsa educaci\u00f3n en la Sierra Gorda con una inversi\u00f3n millonaria para el futuro de Quer\u00e9taro | Nexo Informativo Santiago de Quer\u00e9taro","og_description":"Kuri impulsa educaci\u00f3n en la Sierra Gorda con una inversi\u00f3n millonaria para el futuro de Quer\u00e9taro","og_url":"https:\/\/www.nexoinformativo.mx\/index.php\/2025\/03\/25\/kuri-impulsa-educacion-en-la-sierra-gorda-con-una-inversion-millonaria-para-el-futuro-de-queretaro\/","og_site_name":"Nexo Informativo Santiago de Quer\u00e9taro","article_publisher":"https:\/\/www.facebook.com\/people\/Nexo-Informativo\/61564066885511\/","article_published_time":"2025-03-25T15:00:08+00:00","article_modified_time":"2025-03-25T17:40:19+00:00","og_image":[{"width":800,"height":533,"url":"https:\/\/www.nexoinformativo.mx\/wp-content\/uploads\/2025\/03\/PHOTO-2025-03-25-11-06-07-e1742924348734.jpg","type":"image\/jpeg"}],"author":"Nexo Informativo","twitter_card":"summary_large_image","twitter_misc":{"Escrito por":"Nexo Informativo","Tiempo de lectura":"2 minutos"},"schema":{"@context":"https:\/\/schema.org","@graph":[{"@type":"Article","@id":"https:\/\/www.nexoinformativo.mx\/index.php\/2025\/03\/25\/kuri-impulsa-educacion-en-la-sierra-gorda-con-una-inversion-millonaria-para-el-futuro-de-queretaro\/#article","isPartOf":{"@id":"https:\/\/www.nexoinformativo.mx\/index.php\/2025\/03\/25\/kuri-impulsa-educacion-en-la-sierra-gorda-con-una-inversion-millonaria-para-el-futuro-de-queretaro\/"},"author":{"name":"Nexo Informativo","@id":"https:\/\/www.nexoinformativo.mx\/#\/schema\/person\/7749d380ba08c8ca00d7bc76fd907b7d"},"headline":"Kuri impulsa educaci\u00f3n en la Sierra Gorda con una inversi\u00f3n millonaria para el futuro de Quer\u00e9taro","datePublished":"2025-03-25T15:00:08+00:00","dateModified":"2025-03-25T17:40:19+00:00","mainEntityOfPage":{"@id":"https:\/\/www.nexoinformativo.mx\/index.php\/2025\/03\/25\/kuri-impulsa-educacion-en-la-sierra-gorda-con-una-inversion-millonaria-para-el-futuro-de-queretaro\/"},"wordCount":254,"commentCount":0,"publisher":{"@id":"https:\/\/www.nexoinformativo.mx\/#organization"},"image":{"@id":"https:\/\/www.nexoinformativo.mx\/index.php\/2025\/03\/25\/kuri-impulsa-educacion-en-la-sierra-gorda-con-una-inversion-millonaria-para-el-futuro-de-queretaro\/#primaryimage"},"thumbnailUrl":"https:\/\/www.nexoinformativo.mx\/wp-content\/uploads\/2025\/03\/PHOTO-2025-03-25-11-06-07-e1742924348734.jpg","keywords":["DesarrolloEducativo","Educaci\u00f3nQuer\u00e9taro","MauricioKuri","SierraGorda"],"articleSection":["Municipios","\u00daltima Hora"],"inLanguage":"es","potentialAction":[{"@type":"CommentAction","name":"Comment","target":["https:\/\/www.nexoinformativo.mx\/index.php\/2025\/03\/25\/kuri-impulsa-educacion-en-la-sierra-gorda-con-una-inversion-millonaria-para-el-futuro-de-queretaro\/#respond"]}]},{"@type":"WebPage","@id":"https:\/\/www.nexoinformativo.mx\/index.php\/2025\/03\/25\/kuri-impulsa-educacion-en-la-sierra-gorda-con-una-inversion-millonaria-para-el-futuro-de-queretaro\/","url":"https:\/\/www.nexoinformativo.mx\/index.php\/2025\/03\/25\/kuri-impulsa-educacion-en-la-sierra-gorda-con-una-inversion-millonaria-para-el-futuro-de-queretaro\/","name":"Kuri impulsa educaci\u00f3n en la Sierra Gorda con una inversi\u00f3n millonaria para el futuro de Quer\u00e9taro | Nexo Informativo Santiago de Quer\u00e9taro","isPartOf":{"@id":"https:\/\/www.nexoinformativo.mx\/#website"},"primaryImageOfPage":{"@id":"https:\/\/www.nexoinformativo.mx\/index.php\/2025\/03\/25\/kuri-impulsa-educacion-en-la-sierra-gorda-con-una-inversion-millonaria-para-el-futuro-de-queretaro\/#primaryimage"},"image":{"@id":"https:\/\/www.nexoinformativo.mx\/index.php\/2025\/03\/25\/kuri-impulsa-educacion-en-la-sierra-gorda-con-una-inversion-millonaria-para-el-futuro-de-queretaro\/#primaryimage"},"thumbnailUrl":"https:\/\/www.nexoinformativo.mx\/wp-content\/uploads\/2025\/03\/PHOTO-2025-03-25-11-06-07-e1742924348734.jpg","datePublished":"2025-03-25T15:00:08+00:00","dateModified":"2025-03-25T17:40:19+00:00","description":"Kuri impulsa educaci\u00f3n en la Sierra Gorda con una inversi\u00f3n millonaria para el futuro de Quer\u00e9taro","breadcrumb":{"@id":"https:\/\/www.nexoinformativo.mx\/index.php\/2025\/03\/25\/kuri-impulsa-educacion-en-la-sierra-gorda-con-una-inversion-millonaria-para-el-futuro-de-queretaro\/#breadcrumb"},"inLanguage":"es","potentialAction":[{"@type":"ReadAction","target":["https:\/\/www.nexoinformativo.mx\/index.php\/2025\/03\/25\/kuri-impulsa-educacion-en-la-sierra-gorda-con-una-inversion-millonaria-para-el-futuro-de-queretaro\/"]}]},{"@type":"ImageObject","inLanguage":"es","@id":"https:\/\/www.nexoinformativo.mx\/index.php\/2025\/03\/25\/kuri-impulsa-educacion-en-la-sierra-gorda-con-una-inversion-millonaria-para-el-futuro-de-queretaro\/#primaryimage","url":"https:\/\/www.nexoinformativo.mx\/wp-content\/uploads\/2025\/03\/PHOTO-2025-03-25-11-06-07-e1742924348734.jpg","contentUrl":"https:\/\/www.nexoinformativo.mx\/wp-content\/uploads\/2025\/03\/PHOTO-2025-03-25-11-06-07-e1742924348734.jpg","width":800,"height":533},{"@type":"BreadcrumbList","@id":"https:\/\/www.nexoinformativo.mx\/index.php\/2025\/03\/25\/kuri-impulsa-educacion-en-la-sierra-gorda-con-una-inversion-millonaria-para-el-futuro-de-queretaro\/#breadcrumb","itemListElement":[{"@type":"ListItem","position":1,"name":"Inicio","item":"https:\/\/www.nexoinformativo.mx\/"},{"@type":"ListItem","position":2,"name":"Kuri impulsa educaci\u00f3n en la Sierra Gorda con una inversi\u00f3n millonaria para el futuro de Quer\u00e9taro"}]},{"@type":"WebSite","@id":"https:\/\/www.nexoinformativo.mx\/#website","url":"https:\/\/www.nexoinformativo.mx\/","name":"Nexo Informativo Santiago de Quer\u00e9taro","description":"Explora NexoInformativo y convi\u00e9rtete en parte de una comunidad que valora el conocimiento y la verdad. Tu nexoinformativo es tu puente hacia una comprensi\u00f3n m\u00e1s profunda del mundo que te rodea.","publisher":{"@id":"https:\/\/www.nexoinformativo.mx\/#organization"},"potentialAction":[{"@type":"SearchAction","target":{"@type":"EntryPoint","urlTemplate":"https:\/\/www.nexoinformativo.mx\/?s={search_term_string}"},"query-input":{"@type":"PropertyValueSpecification","valueRequired":true,"valueName":"search_term_string"}}],"inLanguage":"es"},{"@type":"Organization","@id":"https:\/\/www.nexoinformativo.mx\/#organization","name":"Nexo Informativo Santiago de Quer\u00e9taro","url":"https:\/\/www.nexoinformativo.mx\/","logo":{"@type":"ImageObject","inLanguage":"es","@id":"https:\/\/www.nexoinformativo.mx\/#\/schema\/logo\/image\/","url":"https:\/\/www.nexoinformativo.mx\/wp-content\/uploads\/2024\/07\/nexoi-trasparente-2.png","contentUrl":"https:\/\/www.nexoinformativo.mx\/wp-content\/uploads\/2024\/07\/nexoi-trasparente-2.png","width":816,"height":339,"caption":"Nexo Informativo Santiago de Quer\u00e9taro"},"image":{"@id":"https:\/\/www.nexoinformativo.mx\/#\/schema\/logo\/image\/"},"sameAs":["https:\/\/www.facebook.com\/people\/Nexo-Informativo\/61564066885511\/"]},{"@type":"Person","@id":"https:\/\/www.nexoinformativo.mx\/#\/schema\/person\/7749d380ba08c8ca00d7bc76fd907b7d","name":"Nexo Informativo","image":{"@type":"ImageObject","inLanguage":"es","@id":"https:\/\/www.nexoinformativo.mx\/#\/schema\/person\/image\/","url":"https:\/\/secure.gravatar.com\/avatar\/dde2928154642a13d95f87ddf1ea9718fe2b46760a005c53e41ff5ad610704e6?s=96&d=mm&r=g","contentUrl":"https:\/\/secure.gravatar.com\/avatar\/dde2928154642a13d95f87ddf1ea9718fe2b46760a005c53e41ff5ad610704e6?s=96&d=mm&r=g","caption":"Nexo Informativo"},"url":"https:\/\/www.nexoinformativo.mx\/index.php\/author\/edicion\/"}]}},"_links":{"self":[{"href":"https:\/\/www.nexoinformativo.mx\/index.php\/wp-json\/wp\/v2\/posts\/13310","targetHints":{"allow":["GET"]}}],"collection":[{"href":"https:\/\/www.nexoinformativo.mx\/index.php\/wp-json\/wp\/v2\/posts"}],"about":[{"href":"https:\/\/www.nexoinformativo.mx\/index.php\/wp-json\/wp\/v2\/types\/post"}],"author":[{"embeddable":true,"href":"https:\/\/www.nexoinformativo.mx\/index.php\/wp-json\/wp\/v2\/users\/3"}],"replies":[{"embeddable":true,"href":"https:\/\/www.nexoinformativo.mx\/index.php\/wp-json\/wp\/v2\/comments?post=13310"}],"version-history":[{"count":4,"href":"https:\/\/www.nexoinformativo.mx\/index.php\/wp-json\/wp\/v2\/posts\/13310\/revisions"}],"predecessor-version":[{"id":13315,"href":"https:\/\/www.nexoinformativo.mx\/index.php\/wp-json\/wp\/v2\/posts\/13310\/revisions\/13315"}],"wp:featuredmedia":[{"embeddable":true,"href":"https:\/\/www.nexoinformativo.mx\/index.php\/wp-json\/wp\/v2\/media\/13311"}],"wp:attachment":[{"href":"https:\/\/www.nexoinformativo.mx\/index.php\/wp-json\/wp\/v2\/media?parent=13310"}],"wp:term":[{"taxonomy":"category","embeddable":true,"href":"https:\/\/www.nexoinformativo.mx\/index.php\/wp-json\/wp\/v2\/categories?post=13310"},{"taxonomy":"post_tag","embeddable":true,"href":"https:\/\/www.nexoinformativo.mx\/index.php\/wp-json\/wp\/v2\/tags?post=13310"}],"curies":[{"name":"wp","href":"https:\/\/api.w.org\/{rel}","templated":true}]}}