{"id":13316,"date":"2025-03-25T09:30:25","date_gmt":"2025-03-25T15:30:25","guid":{"rendered":"https:\/\/www.nexoinformativo.mx\/?p=13316"},"modified":"2025-03-25T11:47:22","modified_gmt":"2025-03-25T17:47:22","slug":"avance-en-investigacion-vinculan-a-proceso-a-presunto-homicida-en-juriquilla","status":"publish","type":"post","link":"https:\/\/www.nexoinformativo.mx\/index.php\/2025\/03\/25\/avance-en-investigacion-vinculan-a-proceso-a-presunto-homicida-en-juriquilla\/","title":{"rendered":"Avance en investigaci\u00f3n vinculan a proceso a presunto homicida en Juriquilla"},"content":{"rendered":"<p style=\"text-align: justify;\" data-sourcepos=\"13:1-13:270\"><strong>La Fiscal\u00eda General del Estado<\/strong> (FGE) obtuvo la vinculaci\u00f3n a proceso de un hombre por el delito de homicidio calificado, tras las investigaciones realizadas sobre los hechos ocurridos en Rancho Largo, Juriquilla, municipio de Quer\u00e9taro.<\/p>\n<\/p>\n<p>&nbsp;<\/p>\n<p style=\"text-align: justify;\" data-sourcepos=\"15:1-15:213\">El crimen tuvo lugar el pasado 8 de febrero, cuando la FGE respondi\u00f3 al reporte de un hombre fallecido en un hospital privado, quien hab\u00eda sido trasladado por sus familiares tras recibir impactos de arma de fuego.<\/p>\n<\/p>\n<p>&nbsp;<\/p>\n<p style=\"text-align: justify;\" data-sourcepos=\"17:1-17:165\">Las investigaciones de la Fiscal\u00eda permitieron identificar al presunto autor del homicidio, por lo que se obtuvo y cumpliment\u00f3 una orden de aprehensi\u00f3n en su contra.<\/p>\n<\/p>\n<p>&nbsp;<\/p>\n<p style=\"text-align: justify;\" data-sourcepos=\"19:1-19:217\">Durante la audiencia inicial, la autoridad judicial determin\u00f3 vincular a proceso al imputado, imponiendo la medida cautelar de prisi\u00f3n preventiva justificada y un plazo de 4 meses para la investigaci\u00f3n complementaria.<\/p>\n<\/p>\n<p>&nbsp;<\/p>\n<p style=\"text-align: center;\" data-sourcepos=\"19:1-19:217\"><em><strong>\u00a1Informaci\u00f3n que transforma!<\/strong><\/em><\/p>\n","protected":false},"excerpt":{"rendered":"<p>La Fiscal\u00eda General del Estado (FGE) obtuvo la vinculaci\u00f3n a proceso de un hombre por el delito de homicidio calificado, tras las investigaciones realizadas sobre los hechos ocurridos en Rancho Largo, Juriquilla, municipio de Quer\u00e9taro.<\/p>\n","protected":false},"author":3,"featured_media":13317,"comment_status":"open","ping_status":"open","sticky":false,"template":"","format":"standard","meta":{"footnotes":""},"categories":[137,58],"tags":[500,3892,480,266],"class_list":["post-13316","post","type-post","status-publish","format-standard","has-post-thumbnail","hentry","category-sucesos","category-ultima-hora","tag-fiscaliaqueretaro","tag-homicidiojuriquilla","tag-justicia","tag-seguridadqueretaro"],"yoast_head":"<!-- This site is optimized with the Yoast SEO plugin v25.0 - https:\/\/yoast.com\/wordpress\/plugins\/seo\/ -->\n<title>Avance en investigaci\u00f3n vinculan a proceso a presunto homicida en Juriquilla | Nexo Informativo Santiago de Quer\u00e9taro<\/title>\n<meta name=\"description\" content=\"Avance en investigaci\u00f3n vinculan a proceso a presunto homicida en Juriquilla\" \/>\n<meta name=\"robots\" content=\"index, follow, max-snippet:-1, max-image-preview:large, max-video-preview:-1\" \/>\n<link rel=\"canonical\" href=\"https:\/\/www.nexoinformativo.mx\/index.php\/2025\/03\/25\/avance-en-investigacion-vinculan-a-proceso-a-presunto-homicida-en-juriquilla\/\" \/>\n<meta property=\"og:locale\" content=\"es_MX\" \/>\n<meta property=\"og:type\" content=\"article\" \/>\n<meta property=\"og:title\" content=\"Avance en investigaci\u00f3n vinculan a proceso a presunto homicida en Juriquilla | Nexo Informativo Santiago de Quer\u00e9taro\" \/>\n<meta property=\"og:description\" content=\"Avance en investigaci\u00f3n vinculan a proceso a presunto homicida en Juriquilla\" \/>\n<meta property=\"og:url\" content=\"https:\/\/www.nexoinformativo.mx\/index.php\/2025\/03\/25\/avance-en-investigacion-vinculan-a-proceso-a-presunto-homicida-en-juriquilla\/\" \/>\n<meta property=\"og:site_name\" content=\"Nexo Informativo Santiago de Quer\u00e9taro\" \/>\n<meta property=\"article:publisher\" content=\"https:\/\/www.facebook.com\/people\/Nexo-Informativo\/61564066885511\/\" \/>\n<meta property=\"article:published_time\" content=\"2025-03-25T15:30:25+00:00\" \/>\n<meta property=\"article:modified_time\" content=\"2025-03-25T17:47:22+00:00\" \/>\n<meta property=\"og:image\" content=\"https:\/\/www.nexoinformativo.mx\/wp-content\/uploads\/2025\/03\/PHOTO-2025-03-25-11-21-44-e1742924811119.jpg\" \/>\n\t<meta property=\"og:image:width\" content=\"800\" \/>\n\t<meta property=\"og:image:height\" content=\"504\" \/>\n\t<meta property=\"og:image:type\" content=\"image\/jpeg\" \/>\n<meta name=\"author\" content=\"Nexo Informativo\" \/>\n<meta name=\"twitter:card\" content=\"summary_large_image\" \/>\n<meta name=\"twitter:label1\" content=\"Escrito por\" \/>\n\t<meta name=\"twitter:data1\" content=\"Nexo Informativo\" \/>\n\t<meta name=\"twitter:label2\" content=\"Tiempo de lectura\" \/>\n\t<meta name=\"twitter:data2\" content=\"1 minuto\" \/>\n<script type=\"application\/ld+json\" class=\"yoast-schema-graph\">{\"@context\":\"https:\/\/schema.org\",\"@graph\":[{\"@type\":\"Article\",\"@id\":\"https:\/\/www.nexoinformativo.mx\/index.php\/2025\/03\/25\/avance-en-investigacion-vinculan-a-proceso-a-presunto-homicida-en-juriquilla\/#article\",\"isPartOf\":{\"@id\":\"https:\/\/www.nexoinformativo.mx\/index.php\/2025\/03\/25\/avance-en-investigacion-vinculan-a-proceso-a-presunto-homicida-en-juriquilla\/\"},\"author\":{\"name\":\"Nexo Informativo\",\"@id\":\"https:\/\/www.nexoinformativo.mx\/#\/schema\/person\/7749d380ba08c8ca00d7bc76fd907b7d\"},\"headline\":\"Avance en investigaci\u00f3n vinculan a proceso a presunto homicida en Juriquilla\",\"datePublished\":\"2025-03-25T15:30:25+00:00\",\"dateModified\":\"2025-03-25T17:47:22+00:00\",\"mainEntityOfPage\":{\"@id\":\"https:\/\/www.nexoinformativo.mx\/index.php\/2025\/03\/25\/avance-en-investigacion-vinculan-a-proceso-a-presunto-homicida-en-juriquilla\/\"},\"wordCount\":155,\"commentCount\":0,\"publisher\":{\"@id\":\"https:\/\/www.nexoinformativo.mx\/#organization\"},\"image\":{\"@id\":\"https:\/\/www.nexoinformativo.mx\/index.php\/2025\/03\/25\/avance-en-investigacion-vinculan-a-proceso-a-presunto-homicida-en-juriquilla\/#primaryimage\"},\"thumbnailUrl\":\"https:\/\/www.nexoinformativo.mx\/wp-content\/uploads\/2025\/03\/PHOTO-2025-03-25-11-21-44-e1742924811119.jpg\",\"keywords\":[\"Fiscal\u00edaQuer\u00e9taro\",\"HomicidioJuriquilla\",\"Justicia\",\"SeguridadQueretaro\"],\"articleSection\":[\"Sucesos\",\"\u00daltima Hora\"],\"inLanguage\":\"es\",\"potentialAction\":[{\"@type\":\"CommentAction\",\"name\":\"Comment\",\"target\":[\"https:\/\/www.nexoinformativo.mx\/index.php\/2025\/03\/25\/avance-en-investigacion-vinculan-a-proceso-a-presunto-homicida-en-juriquilla\/#respond\"]}]},{\"@type\":\"WebPage\",\"@id\":\"https:\/\/www.nexoinformativo.mx\/index.php\/2025\/03\/25\/avance-en-investigacion-vinculan-a-proceso-a-presunto-homicida-en-juriquilla\/\",\"url\":\"https:\/\/www.nexoinformativo.mx\/index.php\/2025\/03\/25\/avance-en-investigacion-vinculan-a-proceso-a-presunto-homicida-en-juriquilla\/\",\"name\":\"Avance en investigaci\u00f3n vinculan a proceso a presunto homicida en Juriquilla | Nexo Informativo Santiago de Quer\u00e9taro\",\"isPartOf\":{\"@id\":\"https:\/\/www.nexoinformativo.mx\/#website\"},\"primaryImageOfPage\":{\"@id\":\"https:\/\/www.nexoinformativo.mx\/index.php\/2025\/03\/25\/avance-en-investigacion-vinculan-a-proceso-a-presunto-homicida-en-juriquilla\/#primaryimage\"},\"image\":{\"@id\":\"https:\/\/www.nexoinformativo.mx\/index.php\/2025\/03\/25\/avance-en-investigacion-vinculan-a-proceso-a-presunto-homicida-en-juriquilla\/#primaryimage\"},\"thumbnailUrl\":\"https:\/\/www.nexoinformativo.mx\/wp-content\/uploads\/2025\/03\/PHOTO-2025-03-25-11-21-44-e1742924811119.jpg\",\"datePublished\":\"2025-03-25T15:30:25+00:00\",\"dateModified\":\"2025-03-25T17:47:22+00:00\",\"description\":\"Avance en investigaci\u00f3n vinculan a proceso a presunto homicida en Juriquilla\",\"breadcrumb\":{\"@id\":\"https:\/\/www.nexoinformativo.mx\/index.php\/2025\/03\/25\/avance-en-investigacion-vinculan-a-proceso-a-presunto-homicida-en-juriquilla\/#breadcrumb\"},\"inLanguage\":\"es\",\"potentialAction\":[{\"@type\":\"ReadAction\",\"target\":[\"https:\/\/www.nexoinformativo.mx\/index.php\/2025\/03\/25\/avance-en-investigacion-vinculan-a-proceso-a-presunto-homicida-en-juriquilla\/\"]}]},{\"@type\":\"ImageObject\",\"inLanguage\":\"es\",\"@id\":\"https:\/\/www.nexoinformativo.mx\/index.php\/2025\/03\/25\/avance-en-investigacion-vinculan-a-proceso-a-presunto-homicida-en-juriquilla\/#primaryimage\",\"url\":\"https:\/\/www.nexoinformativo.mx\/wp-content\/uploads\/2025\/03\/PHOTO-2025-03-25-11-21-44-e1742924811119.jpg\",\"contentUrl\":\"https:\/\/www.nexoinformativo.mx\/wp-content\/uploads\/2025\/03\/PHOTO-2025-03-25-11-21-44-e1742924811119.jpg\",\"width\":800,\"height\":504},{\"@type\":\"BreadcrumbList\",\"@id\":\"https:\/\/www.nexoinformativo.mx\/index.php\/2025\/03\/25\/avance-en-investigacion-vinculan-a-proceso-a-presunto-homicida-en-juriquilla\/#breadcrumb\",\"itemListElement\":[{\"@type\":\"ListItem\",\"position\":1,\"name\":\"Inicio\",\"item\":\"https:\/\/www.nexoinformativo.mx\/\"},{\"@type\":\"ListItem\",\"position\":2,\"name\":\"Avance en investigaci\u00f3n vinculan a proceso a presunto homicida en Juriquilla\"}]},{\"@type\":\"WebSite\",\"@id\":\"https:\/\/www.nexoinformativo.mx\/#website\",\"url\":\"https:\/\/www.nexoinformativo.mx\/\",\"name\":\"Nexo Informativo Santiago de Quer\u00e9taro\",\"description\":\"Explora NexoInformativo y convi\u00e9rtete en parte de una comunidad que valora el conocimiento y la verdad. Tu nexoinformativo es tu puente hacia una comprensi\u00f3n m\u00e1s profunda del mundo que te rodea.\",\"publisher\":{\"@id\":\"https:\/\/www.nexoinformativo.mx\/#organization\"},\"potentialAction\":[{\"@type\":\"SearchAction\",\"target\":{\"@type\":\"EntryPoint\",\"urlTemplate\":\"https:\/\/www.nexoinformativo.mx\/?s={search_term_string}\"},\"query-input\":{\"@type\":\"PropertyValueSpecification\",\"valueRequired\":true,\"valueName\":\"search_term_string\"}}],\"inLanguage\":\"es\"},{\"@type\":\"Organization\",\"@id\":\"https:\/\/www.nexoinformativo.mx\/#organization\",\"name\":\"Nexo Informativo Santiago de Quer\u00e9taro\",\"url\":\"https:\/\/www.nexoinformativo.mx\/\",\"logo\":{\"@type\":\"ImageObject\",\"inLanguage\":\"es\",\"@id\":\"https:\/\/www.nexoinformativo.mx\/#\/schema\/logo\/image\/\",\"url\":\"https:\/\/www.nexoinformativo.mx\/wp-content\/uploads\/2024\/07\/nexoi-trasparente-2.png\",\"contentUrl\":\"https:\/\/www.nexoinformativo.mx\/wp-content\/uploads\/2024\/07\/nexoi-trasparente-2.png\",\"width\":816,\"height\":339,\"caption\":\"Nexo Informativo Santiago de Quer\u00e9taro\"},\"image\":{\"@id\":\"https:\/\/www.nexoinformativo.mx\/#\/schema\/logo\/image\/\"},\"sameAs\":[\"https:\/\/www.facebook.com\/people\/Nexo-Informativo\/61564066885511\/\"]},{\"@type\":\"Person\",\"@id\":\"https:\/\/www.nexoinformativo.mx\/#\/schema\/person\/7749d380ba08c8ca00d7bc76fd907b7d\",\"name\":\"Nexo Informativo\",\"image\":{\"@type\":\"ImageObject\",\"inLanguage\":\"es\",\"@id\":\"https:\/\/www.nexoinformativo.mx\/#\/schema\/person\/image\/\",\"url\":\"https:\/\/secure.gravatar.com\/avatar\/dde2928154642a13d95f87ddf1ea9718fe2b46760a005c53e41ff5ad610704e6?s=96&d=mm&r=g\",\"contentUrl\":\"https:\/\/secure.gravatar.com\/avatar\/dde2928154642a13d95f87ddf1ea9718fe2b46760a005c53e41ff5ad610704e6?s=96&d=mm&r=g\",\"caption\":\"Nexo Informativo\"},\"url\":\"https:\/\/www.nexoinformativo.mx\/index.php\/author\/edicion\/\"}]}<\/script>\n<!-- \/ Yoast SEO plugin. -->","yoast_head_json":{"title":"Avance en investigaci\u00f3n vinculan a proceso a presunto homicida en Juriquilla | Nexo Informativo Santiago de Quer\u00e9taro","description":"Avance en investigaci\u00f3n vinculan a proceso a presunto homicida en Juriquilla","robots":{"index":"index","follow":"follow","max-snippet":"max-snippet:-1","max-image-preview":"max-image-preview:large","max-video-preview":"max-video-preview:-1"},"canonical":"https:\/\/www.nexoinformativo.mx\/index.php\/2025\/03\/25\/avance-en-investigacion-vinculan-a-proceso-a-presunto-homicida-en-juriquilla\/","og_locale":"es_MX","og_type":"article","og_title":"Avance en investigaci\u00f3n vinculan a proceso a presunto homicida en Juriquilla | Nexo Informativo Santiago de Quer\u00e9taro","og_description":"Avance en investigaci\u00f3n vinculan a proceso a presunto homicida en Juriquilla","og_url":"https:\/\/www.nexoinformativo.mx\/index.php\/2025\/03\/25\/avance-en-investigacion-vinculan-a-proceso-a-presunto-homicida-en-juriquilla\/","og_site_name":"Nexo Informativo Santiago de Quer\u00e9taro","article_publisher":"https:\/\/www.facebook.com\/people\/Nexo-Informativo\/61564066885511\/","article_published_time":"2025-03-25T15:30:25+00:00","article_modified_time":"2025-03-25T17:47:22+00:00","og_image":[{"width":800,"height":504,"url":"https:\/\/www.nexoinformativo.mx\/wp-content\/uploads\/2025\/03\/PHOTO-2025-03-25-11-21-44-e1742924811119.jpg","type":"image\/jpeg"}],"author":"Nexo Informativo","twitter_card":"summary_large_image","twitter_misc":{"Escrito por":"Nexo Informativo","Tiempo de lectura":"1 minuto"},"schema":{"@context":"https:\/\/schema.org","@graph":[{"@type":"Article","@id":"https:\/\/www.nexoinformativo.mx\/index.php\/2025\/03\/25\/avance-en-investigacion-vinculan-a-proceso-a-presunto-homicida-en-juriquilla\/#article","isPartOf":{"@id":"https:\/\/www.nexoinformativo.mx\/index.php\/2025\/03\/25\/avance-en-investigacion-vinculan-a-proceso-a-presunto-homicida-en-juriquilla\/"},"author":{"name":"Nexo Informativo","@id":"https:\/\/www.nexoinformativo.mx\/#\/schema\/person\/7749d380ba08c8ca00d7bc76fd907b7d"},"headline":"Avance en investigaci\u00f3n vinculan a proceso a presunto homicida en Juriquilla","datePublished":"2025-03-25T15:30:25+00:00","dateModified":"2025-03-25T17:47:22+00:00","mainEntityOfPage":{"@id":"https:\/\/www.nexoinformativo.mx\/index.php\/2025\/03\/25\/avance-en-investigacion-vinculan-a-proceso-a-presunto-homicida-en-juriquilla\/"},"wordCount":155,"commentCount":0,"publisher":{"@id":"https:\/\/www.nexoinformativo.mx\/#organization"},"image":{"@id":"https:\/\/www.nexoinformativo.mx\/index.php\/2025\/03\/25\/avance-en-investigacion-vinculan-a-proceso-a-presunto-homicida-en-juriquilla\/#primaryimage"},"thumbnailUrl":"https:\/\/www.nexoinformativo.mx\/wp-content\/uploads\/2025\/03\/PHOTO-2025-03-25-11-21-44-e1742924811119.jpg","keywords":["Fiscal\u00edaQuer\u00e9taro","HomicidioJuriquilla","Justicia","SeguridadQueretaro"],"articleSection":["Sucesos","\u00daltima Hora"],"inLanguage":"es","potentialAction":[{"@type":"CommentAction","name":"Comment","target":["https:\/\/www.nexoinformativo.mx\/index.php\/2025\/03\/25\/avance-en-investigacion-vinculan-a-proceso-a-presunto-homicida-en-juriquilla\/#respond"]}]},{"@type":"WebPage","@id":"https:\/\/www.nexoinformativo.mx\/index.php\/2025\/03\/25\/avance-en-investigacion-vinculan-a-proceso-a-presunto-homicida-en-juriquilla\/","url":"https:\/\/www.nexoinformativo.mx\/index.php\/2025\/03\/25\/avance-en-investigacion-vinculan-a-proceso-a-presunto-homicida-en-juriquilla\/","name":"Avance en investigaci\u00f3n vinculan a proceso a presunto homicida en Juriquilla | Nexo Informativo Santiago de Quer\u00e9taro","isPartOf":{"@id":"https:\/\/www.nexoinformativo.mx\/#website"},"primaryImageOfPage":{"@id":"https:\/\/www.nexoinformativo.mx\/index.php\/2025\/03\/25\/avance-en-investigacion-vinculan-a-proceso-a-presunto-homicida-en-juriquilla\/#primaryimage"},"image":{"@id":"https:\/\/www.nexoinformativo.mx\/index.php\/2025\/03\/25\/avance-en-investigacion-vinculan-a-proceso-a-presunto-homicida-en-juriquilla\/#primaryimage"},"thumbnailUrl":"https:\/\/www.nexoinformativo.mx\/wp-content\/uploads\/2025\/03\/PHOTO-2025-03-25-11-21-44-e1742924811119.jpg","datePublished":"2025-03-25T15:30:25+00:00","dateModified":"2025-03-25T17:47:22+00:00","description":"Avance en investigaci\u00f3n vinculan a proceso a presunto homicida en Juriquilla","breadcrumb":{"@id":"https:\/\/www.nexoinformativo.mx\/index.php\/2025\/03\/25\/avance-en-investigacion-vinculan-a-proceso-a-presunto-homicida-en-juriquilla\/#breadcrumb"},"inLanguage":"es","potentialAction":[{"@type":"ReadAction","target":["https:\/\/www.nexoinformativo.mx\/index.php\/2025\/03\/25\/avance-en-investigacion-vinculan-a-proceso-a-presunto-homicida-en-juriquilla\/"]}]},{"@type":"ImageObject","inLanguage":"es","@id":"https:\/\/www.nexoinformativo.mx\/index.php\/2025\/03\/25\/avance-en-investigacion-vinculan-a-proceso-a-presunto-homicida-en-juriquilla\/#primaryimage","url":"https:\/\/www.nexoinformativo.mx\/wp-content\/uploads\/2025\/03\/PHOTO-2025-03-25-11-21-44-e1742924811119.jpg","contentUrl":"https:\/\/www.nexoinformativo.mx\/wp-content\/uploads\/2025\/03\/PHOTO-2025-03-25-11-21-44-e1742924811119.jpg","width":800,"height":504},{"@type":"BreadcrumbList","@id":"https:\/\/www.nexoinformativo.mx\/index.php\/2025\/03\/25\/avance-en-investigacion-vinculan-a-proceso-a-presunto-homicida-en-juriquilla\/#breadcrumb","itemListElement":[{"@type":"ListItem","position":1,"name":"Inicio","item":"https:\/\/www.nexoinformativo.mx\/"},{"@type":"ListItem","position":2,"name":"Avance en investigaci\u00f3n vinculan a proceso a presunto homicida en Juriquilla"}]},{"@type":"WebSite","@id":"https:\/\/www.nexoinformativo.mx\/#website","url":"https:\/\/www.nexoinformativo.mx\/","name":"Nexo Informativo Santiago de Quer\u00e9taro","description":"Explora NexoInformativo y convi\u00e9rtete en parte de una comunidad que valora el conocimiento y la verdad. Tu nexoinformativo es tu puente hacia una comprensi\u00f3n m\u00e1s profunda del mundo que te rodea.","publisher":{"@id":"https:\/\/www.nexoinformativo.mx\/#organization"},"potentialAction":[{"@type":"SearchAction","target":{"@type":"EntryPoint","urlTemplate":"https:\/\/www.nexoinformativo.mx\/?s={search_term_string}"},"query-input":{"@type":"PropertyValueSpecification","valueRequired":true,"valueName":"search_term_string"}}],"inLanguage":"es"},{"@type":"Organization","@id":"https:\/\/www.nexoinformativo.mx\/#organization","name":"Nexo Informativo Santiago de Quer\u00e9taro","url":"https:\/\/www.nexoinformativo.mx\/","logo":{"@type":"ImageObject","inLanguage":"es","@id":"https:\/\/www.nexoinformativo.mx\/#\/schema\/logo\/image\/","url":"https:\/\/www.nexoinformativo.mx\/wp-content\/uploads\/2024\/07\/nexoi-trasparente-2.png","contentUrl":"https:\/\/www.nexoinformativo.mx\/wp-content\/uploads\/2024\/07\/nexoi-trasparente-2.png","width":816,"height":339,"caption":"Nexo Informativo Santiago de Quer\u00e9taro"},"image":{"@id":"https:\/\/www.nexoinformativo.mx\/#\/schema\/logo\/image\/"},"sameAs":["https:\/\/www.facebook.com\/people\/Nexo-Informativo\/61564066885511\/"]},{"@type":"Person","@id":"https:\/\/www.nexoinformativo.mx\/#\/schema\/person\/7749d380ba08c8ca00d7bc76fd907b7d","name":"Nexo Informativo","image":{"@type":"ImageObject","inLanguage":"es","@id":"https:\/\/www.nexoinformativo.mx\/#\/schema\/person\/image\/","url":"https:\/\/secure.gravatar.com\/avatar\/dde2928154642a13d95f87ddf1ea9718fe2b46760a005c53e41ff5ad610704e6?s=96&d=mm&r=g","contentUrl":"https:\/\/secure.gravatar.com\/avatar\/dde2928154642a13d95f87ddf1ea9718fe2b46760a005c53e41ff5ad610704e6?s=96&d=mm&r=g","caption":"Nexo Informativo"},"url":"https:\/\/www.nexoinformativo.mx\/index.php\/author\/edicion\/"}]}},"_links":{"self":[{"href":"https:\/\/www.nexoinformativo.mx\/index.php\/wp-json\/wp\/v2\/posts\/13316","targetHints":{"allow":["GET"]}}],"collection":[{"href":"https:\/\/www.nexoinformativo.mx\/index.php\/wp-json\/wp\/v2\/posts"}],"about":[{"href":"https:\/\/www.nexoinformativo.mx\/index.php\/wp-json\/wp\/v2\/types\/post"}],"author":[{"embeddable":true,"href":"https:\/\/www.nexoinformativo.mx\/index.php\/wp-json\/wp\/v2\/users\/3"}],"replies":[{"embeddable":true,"href":"https:\/\/www.nexoinformativo.mx\/index.php\/wp-json\/wp\/v2\/comments?post=13316"}],"version-history":[{"count":3,"href":"https:\/\/www.nexoinformativo.mx\/index.php\/wp-json\/wp\/v2\/posts\/13316\/revisions"}],"predecessor-version":[{"id":13320,"href":"https:\/\/www.nexoinformativo.mx\/index.php\/wp-json\/wp\/v2\/posts\/13316\/revisions\/13320"}],"wp:featuredmedia":[{"embeddable":true,"href":"https:\/\/www.nexoinformativo.mx\/index.php\/wp-json\/wp\/v2\/media\/13317"}],"wp:attachment":[{"href":"https:\/\/www.nexoinformativo.mx\/index.php\/wp-json\/wp\/v2\/media?parent=13316"}],"wp:term":[{"taxonomy":"category","embeddable":true,"href":"https:\/\/www.nexoinformativo.mx\/index.php\/wp-json\/wp\/v2\/categories?post=13316"},{"taxonomy":"post_tag","embeddable":true,"href":"https:\/\/www.nexoinformativo.mx\/index.php\/wp-json\/wp\/v2\/tags?post=13316"}],"curies":[{"name":"wp","href":"https:\/\/api.w.org\/{rel}","templated":true}]}}